{"id":24760,"date":"2025-07-16T10:17:30","date_gmt":"2025-07-16T13:17:30","guid":{"rendered":"https:\/\/agenciainfra.com\/blog\/?p=24760"},"modified":"2025-07-16T16:03:02","modified_gmt":"2025-07-16T19:03:02","slug":"parcela-da-uniao-na-producao-do-pre-sal-cresceu-132-em-maio-diz-ppsa","status":"publish","type":"post","link":"https:\/\/agenciainfra.com\/blog\/parcela-da-uniao-na-producao-do-pre-sal-cresceu-132-em-maio-diz-ppsa\/","title":{"rendered":"Parcela da Uni\u00e3o na produ\u00e7\u00e3o do pr\u00e9-sal cresceu 13,2% em maio, diz PPSA"},"content":{"rendered":"\n<p class=\"has-text-align-right\"><strong>Gabriel Vasconcelos, Ag\u00eancia iNFRA<\/strong><\/p>\n\n\n\n<p>A parcela da Uni\u00e3o na produ\u00e7\u00e3o de \u00f3leo e g\u00e1s do pr\u00e9-sal subiu 13,2% em maio na compara\u00e7\u00e3o com abril, para uma m\u00e9dia de 128 mil barris por dia (bpd). Os dados foram divulgados nesta ter\u00e7a-feira (15) pela PPSA, estatal que administra contratos de concess\u00e3o e a parte do governo no pr\u00e9-sal.<\/p>\n\n\n\n<p>Pesou o aumento na produ\u00e7\u00e3o do Campo de Itapu, no norte da Bacia de Santos. Ainda assim, o campo de Mero, na Bacia de Santos, foi respons\u00e1vel por 81% da parcela da Uni\u00e3o.<\/p>\n\n\n\n<p>Do total da Uni\u00e3o, a maior parte, 117 mil bpd, vieram dos contratos de partilha da produ\u00e7\u00e3o, e uma parte menor, 11 mil bpd, vieram dos AIPs (Acordos de Individualiza\u00e7\u00e3o da Produ\u00e7\u00e3o), que viabilizam a produ\u00e7\u00e3o de jazidas que se estendem para al\u00e9m da \u00e1rea j\u00e1 concedida. A maior parte do petr\u00f3leo produzido sob AIP vem de Mero, 87%.<\/p>\n\n\n\n<p>J\u00e1 a exporta\u00e7\u00e3o de g\u00e1s natural nos contratos de partilha foi de 4,94 milh\u00f5es de m\u00b3 por dia, com 99,4 mil m\u00b3\/dia destinados \u00e0 Uni\u00e3o. O campo de B\u00fazios foi respons\u00e1vel por 95% do total exportado no m\u00eas.<\/p>\n\n\n\n<p><strong>Produ\u00e7\u00e3o total<\/strong><br>Segundo a PPSA, a produ\u00e7\u00e3o total dos campos em regime de partilha de produ\u00e7\u00e3o chegou a 1,25 milh\u00e3o bpd. Desde o in\u00edcio da s\u00e9rie hist\u00f3rica, em 2017, a produ\u00e7\u00e3o acumulada sob regime de partilha \u00e9 de 1,21 bilh\u00e3o de barris, sendo 80,28 milh\u00f5es de barris relativos \u00e0 fatia da Uni\u00e3o. Tamb\u00e9m nesses oito anos, a produ\u00e7\u00e3o acumulada de petr\u00f3leo da Uni\u00e3o nos AIPs \u00e9 de 7,89 milh\u00f5es de barris.<\/p>\n","protected":false},"excerpt":{"rendered":"<p>Gabriel Vasconcelos, Ag\u00eancia iNFRA A parcela da Uni\u00e3o na produ\u00e7\u00e3o de \u00f3leo e g\u00e1s do pr\u00e9-sal subiu 13,2% em maio na compara\u00e7\u00e3o com abril, para uma m\u00e9dia de 128 mil barris por dia (bpd). Os dados foram divulgados nesta ter\u00e7a-feira (15) pela PPSA, estatal que administra contratos de concess\u00e3o e a parte do governo no [&hellip;]<\/p>\n","protected":false},"author":1,"featured_media":21836,"comment_status":"closed","ping_status":"closed","sticky":false,"template":"","format":"standard","meta":{"_monsterinsights_skip_tracking":false,"_monsterinsights_sitenote_active":false,"_monsterinsights_sitenote_note":"","_monsterinsights_sitenote_category":0,"footnotes":""},"categories":[1,13271],"tags":[3927,14333,14398,13251,3030,344],"class_list":["post-24760","post","type-post","status-publish","format-standard","has-post-thumbnail","hentry","category-geral","category-oleo-gas","tag-bacia-de-santos","tag-campo-de-buzios","tag-campo-de-itapu","tag-gabriel-vasconcelos","tag-ppsa","tag-pre-sal"],"yoast_head":"<!-- This site is optimized with the Yoast SEO Premium plugin v25.4 (Yoast SEO v26.0) - https:\/\/yoast.com\/wordpress\/plugins\/seo\/ -->\n<title>Parcela da Uni\u00e3o na produ\u00e7\u00e3o do pr\u00e9-sal cresceu 13,2% em maio, diz PPSA - Ag\u00eancia iNFRA<\/title>\n<meta name=\"robots\" content=\"index, follow, max-snippet:-1, max-image-preview:large, max-video-preview:-1\" \/>\n<link rel=\"canonical\" href=\"https:\/\/agenciainfra.com\/blog\/parcela-da-uniao-na-producao-do-pre-sal-cresceu-132-em-maio-diz-ppsa\/\" \/>\n<meta property=\"og:locale\" content=\"pt_BR\" \/>\n<meta property=\"og:type\" content=\"article\" \/>\n<meta property=\"og:title\" content=\"Parcela da Uni\u00e3o na produ\u00e7\u00e3o do pr\u00e9-sal cresceu 13,2% em maio, diz PPSA\" \/>\n<meta property=\"og:description\" content=\"Gabriel Vasconcelos, Ag\u00eancia iNFRA A parcela da Uni\u00e3o na produ\u00e7\u00e3o de \u00f3leo e g\u00e1s do pr\u00e9-sal subiu 13,2% em maio na compara\u00e7\u00e3o com abril, para uma m\u00e9dia de 128 mil barris por dia (bpd). Os dados foram divulgados nesta ter\u00e7a-feira (15) pela PPSA, estatal que administra contratos de concess\u00e3o e a parte do governo no [&hellip;]\" \/>\n<meta property=\"og:url\" content=\"https:\/\/agenciainfra.com\/blog\/parcela-da-uniao-na-producao-do-pre-sal-cresceu-132-em-maio-diz-ppsa\/\" \/>\n<meta property=\"og:site_name\" content=\"Ag\u00eancia iNFRA\" \/>\n<meta property=\"article:publisher\" content=\"https:\/\/www.facebook.com\/ageninfra\" \/>\n<meta property=\"article:published_time\" content=\"2025-07-16T13:17:30+00:00\" \/>\n<meta property=\"article:modified_time\" content=\"2025-07-16T19:03:02+00:00\" \/>\n<meta property=\"og:image\" content=\"https:\/\/agenciainfra.com\/blog\/wp-content\/uploads\/2025\/05\/petroleo-foto-geraldo_falcao_agencia-petrobras-e1747417930609.png\" \/>\n\t<meta property=\"og:image:width\" content=\"1270\" \/>\n\t<meta property=\"og:image:height\" content=\"730\" \/>\n\t<meta property=\"og:image:type\" content=\"image\/png\" \/>\n<meta name=\"author\" content=\"Ag\u00eancia iNFRA\" \/>\n<meta name=\"twitter:card\" content=\"summary_large_image\" \/>\n<meta name=\"twitter:creator\" content=\"@agencia_infra\" \/>\n<meta name=\"twitter:site\" content=\"@agencia_infra\" \/>\n<meta name=\"twitter:label1\" content=\"Escrito por\" \/>\n\t<meta name=\"twitter:data1\" content=\"Ag\u00eancia iNFRA\" \/>\n\t<meta name=\"twitter:label2\" content=\"Est. tempo de leitura\" \/>\n\t<meta name=\"twitter:data2\" content=\"1 minuto\" \/>\n<script type=\"application\/ld+json\" class=\"yoast-schema-graph\">{\"@context\":\"https:\/\/schema.org\",\"@graph\":[{\"@type\":\"Article\",\"@id\":\"https:\/\/agenciainfra.com\/blog\/parcela-da-uniao-na-producao-do-pre-sal-cresceu-132-em-maio-diz-ppsa\/#article\",\"isPartOf\":{\"@id\":\"https:\/\/agenciainfra.com\/blog\/parcela-da-uniao-na-producao-do-pre-sal-cresceu-132-em-maio-diz-ppsa\/\"},\"author\":{\"name\":\"Ag\u00eancia iNFRA\",\"@id\":\"https:\/\/agenciainfra.com\/blog\/#\/schema\/person\/34af08dff6adea4cb22b06612ba7acfa\"},\"headline\":\"Parcela da Uni\u00e3o na produ\u00e7\u00e3o do pr\u00e9-sal cresceu 13,2% em maio, diz PPSA\",\"datePublished\":\"2025-07-16T13:17:30+00:00\",\"dateModified\":\"2025-07-16T19:03:02+00:00\",\"mainEntityOfPage\":{\"@id\":\"https:\/\/agenciainfra.com\/blog\/parcela-da-uniao-na-producao-do-pre-sal-cresceu-132-em-maio-diz-ppsa\/\"},\"wordCount\":297,\"publisher\":{\"@id\":\"https:\/\/agenciainfra.com\/blog\/#organization\"},\"image\":{\"@id\":\"https:\/\/agenciainfra.com\/blog\/parcela-da-uniao-na-producao-do-pre-sal-cresceu-132-em-maio-diz-ppsa\/#primaryimage\"},\"thumbnailUrl\":\"https:\/\/agenciainfra.com\/blog\/wp-content\/uploads\/2025\/05\/petroleo-foto-geraldo_falcao_agencia-petrobras-e1747417930609.png\",\"keywords\":[\"Bacia de Santos\",\"Campo de B\u00fazios\",\"Campo de Itapu\",\"Gabriel Vasconcelos\",\"PPSA\",\"pr\u00e9-sal\"],\"articleSection\":[\"Geral\",\"\u00d3leo &amp; G\u00e1s\"],\"inLanguage\":\"pt-BR\",\"copyrightYear\":\"2025\",\"copyrightHolder\":{\"@id\":\"https:\/\/agenciainfra.com\/blog\/#organization\"}},{\"@type\":\"WebPage\",\"@id\":\"https:\/\/agenciainfra.com\/blog\/parcela-da-uniao-na-producao-do-pre-sal-cresceu-132-em-maio-diz-ppsa\/\",\"url\":\"https:\/\/agenciainfra.com\/blog\/parcela-da-uniao-na-producao-do-pre-sal-cresceu-132-em-maio-diz-ppsa\/\",\"name\":\"Parcela da Uni\u00e3o na produ\u00e7\u00e3o do pr\u00e9-sal cresceu 13,2% em maio, diz PPSA - Ag\u00eancia iNFRA\",\"isPartOf\":{\"@id\":\"https:\/\/agenciainfra.com\/blog\/#website\"},\"primaryImageOfPage\":{\"@id\":\"https:\/\/agenciainfra.com\/blog\/parcela-da-uniao-na-producao-do-pre-sal-cresceu-132-em-maio-diz-ppsa\/#primaryimage\"},\"image\":{\"@id\":\"https:\/\/agenciainfra.com\/blog\/parcela-da-uniao-na-producao-do-pre-sal-cresceu-132-em-maio-diz-ppsa\/#primaryimage\"},\"thumbnailUrl\":\"https:\/\/agenciainfra.com\/blog\/wp-content\/uploads\/2025\/05\/petroleo-foto-geraldo_falcao_agencia-petrobras-e1747417930609.png\",\"datePublished\":\"2025-07-16T13:17:30+00:00\",\"dateModified\":\"2025-07-16T19:03:02+00:00\",\"breadcrumb\":{\"@id\":\"https:\/\/agenciainfra.com\/blog\/parcela-da-uniao-na-producao-do-pre-sal-cresceu-132-em-maio-diz-ppsa\/#breadcrumb\"},\"inLanguage\":\"pt-BR\",\"potentialAction\":[{\"@type\":\"ReadAction\",\"target\":[\"https:\/\/agenciainfra.com\/blog\/parcela-da-uniao-na-producao-do-pre-sal-cresceu-132-em-maio-diz-ppsa\/\"]}]},{\"@type\":\"ImageObject\",\"inLanguage\":\"pt-BR\",\"@id\":\"https:\/\/agenciainfra.com\/blog\/parcela-da-uniao-na-producao-do-pre-sal-cresceu-132-em-maio-diz-ppsa\/#primaryimage\",\"url\":\"https:\/\/agenciainfra.com\/blog\/wp-content\/uploads\/2025\/05\/petroleo-foto-geraldo_falcao_agencia-petrobras-e1747417930609.png\",\"contentUrl\":\"https:\/\/agenciainfra.com\/blog\/wp-content\/uploads\/2025\/05\/petroleo-foto-geraldo_falcao_agencia-petrobras-e1747417930609.png\",\"width\":1270,\"height\":730,\"caption\":\"Foto: Geraldo Falc\u00e3o\/Ag\u00eancia Petrobras\"},{\"@type\":\"BreadcrumbList\",\"@id\":\"https:\/\/agenciainfra.com\/blog\/parcela-da-uniao-na-producao-do-pre-sal-cresceu-132-em-maio-diz-ppsa\/#breadcrumb\",\"itemListElement\":[{\"@type\":\"ListItem\",\"position\":1,\"name\":\"In\u00edcio\",\"item\":\"https:\/\/agenciainfra.com\/blog\/\"},{\"@type\":\"ListItem\",\"position\":2,\"name\":\"Parcela da Uni\u00e3o na produ\u00e7\u00e3o do pr\u00e9-sal cresceu 13,2% em maio, diz PPSA\"}]},{\"@type\":\"WebSite\",\"@id\":\"https:\/\/agenciainfra.com\/blog\/#website\",\"url\":\"https:\/\/agenciainfra.com\/blog\/\",\"name\":\"Ag\u00eancia iNFRA\",\"description\":\"Multiplataforma de informa\u00e7\u00e3o jornal\u00edstica refer\u00eancia na \u00e1rea de infraestrutura no Brasil!\",\"publisher\":{\"@id\":\"https:\/\/agenciainfra.com\/blog\/#organization\"},\"potentialAction\":[{\"@type\":\"SearchAction\",\"target\":{\"@type\":\"EntryPoint\",\"urlTemplate\":\"https:\/\/agenciainfra.com\/blog\/?s={search_term_string}\"},\"query-input\":{\"@type\":\"PropertyValueSpecification\",\"valueRequired\":true,\"valueName\":\"search_term_string\"}}],\"inLanguage\":\"pt-BR\"},{\"@type\":\"Organization\",\"@id\":\"https:\/\/agenciainfra.com\/blog\/#organization\",\"name\":\"Ag\u00eancia iNFRA\",\"url\":\"https:\/\/agenciainfra.com\/blog\/\",\"logo\":{\"@type\":\"ImageObject\",\"inLanguage\":\"pt-BR\",\"@id\":\"https:\/\/agenciainfra.com\/blog\/#\/schema\/logo\/image\/\",\"url\":\"https:\/\/agenciainfra.com\/blog\/wp-content\/uploads\/2023\/09\/iNFRA_5-e1761735885940.png\",\"contentUrl\":\"https:\/\/agenciainfra.com\/blog\/wp-content\/uploads\/2023\/09\/iNFRA_5-e1761735885940.png\",\"width\":1672,\"height\":454,\"caption\":\"Ag\u00eancia iNFRA\"},\"image\":{\"@id\":\"https:\/\/agenciainfra.com\/blog\/#\/schema\/logo\/image\/\"},\"sameAs\":[\"https:\/\/www.facebook.com\/ageninfra\",\"https:\/\/x.com\/agencia_infra\",\"https:\/\/www.linkedin.com\/company\/ag\u00eanciainfra\/\",\"https:\/\/www.instagram.com\/agenciainfra\/\"]},{\"@type\":\"Person\",\"@id\":\"https:\/\/agenciainfra.com\/blog\/#\/schema\/person\/34af08dff6adea4cb22b06612ba7acfa\",\"name\":\"Ag\u00eancia iNFRA\",\"image\":{\"@type\":\"ImageObject\",\"inLanguage\":\"pt-BR\",\"@id\":\"https:\/\/agenciainfra.com\/blog\/#\/schema\/person\/image\/\",\"url\":\"https:\/\/secure.gravatar.com\/avatar\/d189e01678f06d8eb84d4e01f08eb848b3fffe3f8443818d3c356c66892f5be8?s=96&d=mm&r=g\",\"contentUrl\":\"https:\/\/secure.gravatar.com\/avatar\/d189e01678f06d8eb84d4e01f08eb848b3fffe3f8443818d3c356c66892f5be8?s=96&d=mm&r=g\",\"caption\":\"Ag\u00eancia iNFRA\"},\"url\":\"https:\/\/agenciainfra.com\/blog\/author\/admin\/\"}]}<\/script>\n<!-- \/ Yoast SEO Premium plugin. -->","yoast_head_json":{"title":"Parcela da Uni\u00e3o na produ\u00e7\u00e3o do pr\u00e9-sal cresceu 13,2% em maio, diz PPSA - Ag\u00eancia iNFRA","robots":{"index":"index","follow":"follow","max-snippet":"max-snippet:-1","max-image-preview":"max-image-preview:large","max-video-preview":"max-video-preview:-1"},"canonical":"https:\/\/agenciainfra.com\/blog\/parcela-da-uniao-na-producao-do-pre-sal-cresceu-132-em-maio-diz-ppsa\/","og_locale":"pt_BR","og_type":"article","og_title":"Parcela da Uni\u00e3o na produ\u00e7\u00e3o do pr\u00e9-sal cresceu 13,2% em maio, diz PPSA","og_description":"Gabriel Vasconcelos, Ag\u00eancia iNFRA A parcela da Uni\u00e3o na produ\u00e7\u00e3o de \u00f3leo e g\u00e1s do pr\u00e9-sal subiu 13,2% em maio na compara\u00e7\u00e3o com abril, para uma m\u00e9dia de 128 mil barris por dia (bpd). Os dados foram divulgados nesta ter\u00e7a-feira (15) pela PPSA, estatal que administra contratos de concess\u00e3o e a parte do governo no [&hellip;]","og_url":"https:\/\/agenciainfra.com\/blog\/parcela-da-uniao-na-producao-do-pre-sal-cresceu-132-em-maio-diz-ppsa\/","og_site_name":"Ag\u00eancia iNFRA","article_publisher":"https:\/\/www.facebook.com\/ageninfra","article_published_time":"2025-07-16T13:17:30+00:00","article_modified_time":"2025-07-16T19:03:02+00:00","og_image":[{"width":1270,"height":730,"url":"https:\/\/agenciainfra.com\/blog\/wp-content\/uploads\/2025\/05\/petroleo-foto-geraldo_falcao_agencia-petrobras-e1747417930609.png","type":"image\/png"}],"author":"Ag\u00eancia iNFRA","twitter_card":"summary_large_image","twitter_creator":"@agencia_infra","twitter_site":"@agencia_infra","twitter_misc":{"Escrito por":"Ag\u00eancia iNFRA","Est. tempo de leitura":"1 minuto"},"schema":{"@context":"https:\/\/schema.org","@graph":[{"@type":"Article","@id":"https:\/\/agenciainfra.com\/blog\/parcela-da-uniao-na-producao-do-pre-sal-cresceu-132-em-maio-diz-ppsa\/#article","isPartOf":{"@id":"https:\/\/agenciainfra.com\/blog\/parcela-da-uniao-na-producao-do-pre-sal-cresceu-132-em-maio-diz-ppsa\/"},"author":{"name":"Ag\u00eancia iNFRA","@id":"https:\/\/agenciainfra.com\/blog\/#\/schema\/person\/34af08dff6adea4cb22b06612ba7acfa"},"headline":"Parcela da Uni\u00e3o na produ\u00e7\u00e3o do pr\u00e9-sal cresceu 13,2% em maio, diz PPSA","datePublished":"2025-07-16T13:17:30+00:00","dateModified":"2025-07-16T19:03:02+00:00","mainEntityOfPage":{"@id":"https:\/\/agenciainfra.com\/blog\/parcela-da-uniao-na-producao-do-pre-sal-cresceu-132-em-maio-diz-ppsa\/"},"wordCount":297,"publisher":{"@id":"https:\/\/agenciainfra.com\/blog\/#organization"},"image":{"@id":"https:\/\/agenciainfra.com\/blog\/parcela-da-uniao-na-producao-do-pre-sal-cresceu-132-em-maio-diz-ppsa\/#primaryimage"},"thumbnailUrl":"https:\/\/agenciainfra.com\/blog\/wp-content\/uploads\/2025\/05\/petroleo-foto-geraldo_falcao_agencia-petrobras-e1747417930609.png","keywords":["Bacia de Santos","Campo de B\u00fazios","Campo de Itapu","Gabriel Vasconcelos","PPSA","pr\u00e9-sal"],"articleSection":["Geral","\u00d3leo &amp; G\u00e1s"],"inLanguage":"pt-BR","copyrightYear":"2025","copyrightHolder":{"@id":"https:\/\/agenciainfra.com\/blog\/#organization"}},{"@type":"WebPage","@id":"https:\/\/agenciainfra.com\/blog\/parcela-da-uniao-na-producao-do-pre-sal-cresceu-132-em-maio-diz-ppsa\/","url":"https:\/\/agenciainfra.com\/blog\/parcela-da-uniao-na-producao-do-pre-sal-cresceu-132-em-maio-diz-ppsa\/","name":"Parcela da Uni\u00e3o na produ\u00e7\u00e3o do pr\u00e9-sal cresceu 13,2% em maio, diz PPSA - Ag\u00eancia iNFRA","isPartOf":{"@id":"https:\/\/agenciainfra.com\/blog\/#website"},"primaryImageOfPage":{"@id":"https:\/\/agenciainfra.com\/blog\/parcela-da-uniao-na-producao-do-pre-sal-cresceu-132-em-maio-diz-ppsa\/#primaryimage"},"image":{"@id":"https:\/\/agenciainfra.com\/blog\/parcela-da-uniao-na-producao-do-pre-sal-cresceu-132-em-maio-diz-ppsa\/#primaryimage"},"thumbnailUrl":"https:\/\/agenciainfra.com\/blog\/wp-content\/uploads\/2025\/05\/petroleo-foto-geraldo_falcao_agencia-petrobras-e1747417930609.png","datePublished":"2025-07-16T13:17:30+00:00","dateModified":"2025-07-16T19:03:02+00:00","breadcrumb":{"@id":"https:\/\/agenciainfra.com\/blog\/parcela-da-uniao-na-producao-do-pre-sal-cresceu-132-em-maio-diz-ppsa\/#breadcrumb"},"inLanguage":"pt-BR","potentialAction":[{"@type":"ReadAction","target":["https:\/\/agenciainfra.com\/blog\/parcela-da-uniao-na-producao-do-pre-sal-cresceu-132-em-maio-diz-ppsa\/"]}]},{"@type":"ImageObject","inLanguage":"pt-BR","@id":"https:\/\/agenciainfra.com\/blog\/parcela-da-uniao-na-producao-do-pre-sal-cresceu-132-em-maio-diz-ppsa\/#primaryimage","url":"https:\/\/agenciainfra.com\/blog\/wp-content\/uploads\/2025\/05\/petroleo-foto-geraldo_falcao_agencia-petrobras-e1747417930609.png","contentUrl":"https:\/\/agenciainfra.com\/blog\/wp-content\/uploads\/2025\/05\/petroleo-foto-geraldo_falcao_agencia-petrobras-e1747417930609.png","width":1270,"height":730,"caption":"Foto: Geraldo Falc\u00e3o\/Ag\u00eancia Petrobras"},{"@type":"BreadcrumbList","@id":"https:\/\/agenciainfra.com\/blog\/parcela-da-uniao-na-producao-do-pre-sal-cresceu-132-em-maio-diz-ppsa\/#breadcrumb","itemListElement":[{"@type":"ListItem","position":1,"name":"In\u00edcio","item":"https:\/\/agenciainfra.com\/blog\/"},{"@type":"ListItem","position":2,"name":"Parcela da Uni\u00e3o na produ\u00e7\u00e3o do pr\u00e9-sal cresceu 13,2% em maio, diz PPSA"}]},{"@type":"WebSite","@id":"https:\/\/agenciainfra.com\/blog\/#website","url":"https:\/\/agenciainfra.com\/blog\/","name":"Ag\u00eancia iNFRA","description":"Multiplataforma de informa\u00e7\u00e3o jornal\u00edstica refer\u00eancia na \u00e1rea de infraestrutura no Brasil!","publisher":{"@id":"https:\/\/agenciainfra.com\/blog\/#organization"},"potentialAction":[{"@type":"SearchAction","target":{"@type":"EntryPoint","urlTemplate":"https:\/\/agenciainfra.com\/blog\/?s={search_term_string}"},"query-input":{"@type":"PropertyValueSpecification","valueRequired":true,"valueName":"search_term_string"}}],"inLanguage":"pt-BR"},{"@type":"Organization","@id":"https:\/\/agenciainfra.com\/blog\/#organization","name":"Ag\u00eancia iNFRA","url":"https:\/\/agenciainfra.com\/blog\/","logo":{"@type":"ImageObject","inLanguage":"pt-BR","@id":"https:\/\/agenciainfra.com\/blog\/#\/schema\/logo\/image\/","url":"https:\/\/agenciainfra.com\/blog\/wp-content\/uploads\/2023\/09\/iNFRA_5-e1761735885940.png","contentUrl":"https:\/\/agenciainfra.com\/blog\/wp-content\/uploads\/2023\/09\/iNFRA_5-e1761735885940.png","width":1672,"height":454,"caption":"Ag\u00eancia iNFRA"},"image":{"@id":"https:\/\/agenciainfra.com\/blog\/#\/schema\/logo\/image\/"},"sameAs":["https:\/\/www.facebook.com\/ageninfra","https:\/\/x.com\/agencia_infra","https:\/\/www.linkedin.com\/company\/ag\u00eanciainfra\/","https:\/\/www.instagram.com\/agenciainfra\/"]},{"@type":"Person","@id":"https:\/\/agenciainfra.com\/blog\/#\/schema\/person\/34af08dff6adea4cb22b06612ba7acfa","name":"Ag\u00eancia iNFRA","image":{"@type":"ImageObject","inLanguage":"pt-BR","@id":"https:\/\/agenciainfra.com\/blog\/#\/schema\/person\/image\/","url":"https:\/\/secure.gravatar.com\/avatar\/d189e01678f06d8eb84d4e01f08eb848b3fffe3f8443818d3c356c66892f5be8?s=96&d=mm&r=g","contentUrl":"https:\/\/secure.gravatar.com\/avatar\/d189e01678f06d8eb84d4e01f08eb848b3fffe3f8443818d3c356c66892f5be8?s=96&d=mm&r=g","caption":"Ag\u00eancia iNFRA"},"url":"https:\/\/agenciainfra.com\/blog\/author\/admin\/"}]}},"_links":{"self":[{"href":"https:\/\/agenciainfra.com\/blog\/wp-json\/wp\/v2\/posts\/24760","targetHints":{"allow":["GET"]}}],"collection":[{"href":"https:\/\/agenciainfra.com\/blog\/wp-json\/wp\/v2\/posts"}],"about":[{"href":"https:\/\/agenciainfra.com\/blog\/wp-json\/wp\/v2\/types\/post"}],"author":[{"embeddable":true,"href":"https:\/\/agenciainfra.com\/blog\/wp-json\/wp\/v2\/users\/1"}],"replies":[{"embeddable":true,"href":"https:\/\/agenciainfra.com\/blog\/wp-json\/wp\/v2\/comments?post=24760"}],"version-history":[{"count":1,"href":"https:\/\/agenciainfra.com\/blog\/wp-json\/wp\/v2\/posts\/24760\/revisions"}],"predecessor-version":[{"id":24761,"href":"https:\/\/agenciainfra.com\/blog\/wp-json\/wp\/v2\/posts\/24760\/revisions\/24761"}],"wp:featuredmedia":[{"embeddable":true,"href":"https:\/\/agenciainfra.com\/blog\/wp-json\/wp\/v2\/media\/21836"}],"wp:attachment":[{"href":"https:\/\/agenciainfra.com\/blog\/wp-json\/wp\/v2\/media?parent=24760"}],"wp:term":[{"taxonomy":"category","embeddable":true,"href":"https:\/\/agenciainfra.com\/blog\/wp-json\/wp\/v2\/categories?post=24760"},{"taxonomy":"post_tag","embeddable":true,"href":"https:\/\/agenciainfra.com\/blog\/wp-json\/wp\/v2\/tags?post=24760"}],"curies":[{"name":"wp","href":"https:\/\/api.w.org\/{rel}","templated":true}]}}