{"id":24770,"date":"2025-07-16T11:52:56","date_gmt":"2025-07-16T14:52:56","guid":{"rendered":"https:\/\/agenciainfra.com\/blog\/?p=24770"},"modified":"2025-07-16T12:20:37","modified_gmt":"2025-07-16T15:20:37","slug":"edp-assina-renovacao-da-concessao-no-es-e-anuncia-aumento-de-40-nos-investimentos","status":"publish","type":"post","link":"https:\/\/agenciainfra.com\/blog\/edp-assina-renovacao-da-concessao-no-es-e-anuncia-aumento-de-40-nos-investimentos\/","title":{"rendered":"EDP assina renova\u00e7\u00e3o da concess\u00e3o no ES e anuncia aumento de 40% nos investimentos"},"content":{"rendered":"\n<p class=\"has-text-align-right\"><strong>da Ag\u00eancia iNFRA<\/strong><\/p>\n\n\n\n<p>A EDP assinou nesta quarta-feira (16) a renova\u00e7\u00e3o por mais 30 anos do contrato da concess\u00e3o de distribui\u00e7\u00e3o de energia el\u00e9trica no Esp\u00edrito Santo. A empresa \u00e9 a primeira do pa\u00eds a ter sua concess\u00e3o renovada de um ciclo de 19 distribuidoras, que seguem um novo modelo de avalia\u00e7\u00e3o e um contrato mais r\u00edgido elaborado pelo Minist\u00e9rio de Minas e Energia e a ANEEL (Ag\u00eancia Nacional de Energia El\u00e9trica).<\/p>\n\n\n\n<p>O antigo contrato da EDP ES (ex-Escelsa) expirava na quinta-feira (17). Com a renova\u00e7\u00e3o assinada pelo ministro de Minas e Energia, Alexandre Silveira, a companhia portuguesa anunciou que vai investir cerca de R$ 5 bilh\u00f5es no estado at\u00e9 2030, um crescimento de 40% na compara\u00e7\u00e3o com os investimentos realizados entre 2019 e 2024. <\/p>\n\n\n\n<p>O aumento do investimento ser\u00e1 destinado para melhorar os processos de atendimento ao cliente, para continuar a investir na digitaliza\u00e7\u00e3o e automa\u00e7\u00e3o da rede, bem como para refor\u00e7ar a resili\u00eancia das redes de distribui\u00e7\u00e3o de energia, fundamental no contexto das altera\u00e7\u00f5es clim\u00e1ticas. Essas s\u00e3o exig\u00eancias do novo contrato de concess\u00e3o.<\/p>\n\n\n\n<p>&#8220;A renova\u00e7\u00e3o da concess\u00e3o de distribui\u00e7\u00e3o de energia consolida e ratifica a confian\u00e7a do Minist\u00e9rio de Minas e Energia, dos \u00f3rg\u00e3os reguladores, do Governo do Esp\u00edrito Santo, e dos clientes capixabas no trabalho realizado pela EDP. E \u00e9 motivo de grande orgulho para toda a equipe da EDP, a quem agrade\u00e7o o esfor\u00e7o e compromisso e dedico este importante marco alcan\u00e7ado&#8221;, afirmou Jo\u00e3o Brito Martins, CEO da EDP na Am\u00e9rica do Sul.<\/p>\n","protected":false},"excerpt":{"rendered":"<p>da Ag\u00eancia iNFRA A EDP assinou nesta quarta-feira (16) a renova\u00e7\u00e3o por mais 30 anos do contrato da concess\u00e3o de distribui\u00e7\u00e3o de energia el\u00e9trica no Esp\u00edrito Santo. A empresa \u00e9 a primeira do pa\u00eds a ter sua concess\u00e3o renovada de um ciclo de 19 distribuidoras, que seguem um novo modelo de avalia\u00e7\u00e3o e um contrato [&hellip;]<\/p>\n","protected":false},"author":1,"featured_media":24781,"comment_status":"closed","ping_status":"closed","sticky":false,"template":"","format":"standard","meta":{"_monsterinsights_skip_tracking":false,"_monsterinsights_sitenote_active":false,"_monsterinsights_sitenote_note":"","_monsterinsights_sitenote_category":0,"footnotes":""},"categories":[1,13576],"tags":[53,1760,12246,11513,71,14190,11108],"class_list":["post-24770","post","type-post","status-publish","format-standard","has-post-thumbnail","hentry","category-geral","category-giro-infra","tag-aneel","tag-edp","tag-edp-espirito-santo","tag-ministerio-de-minas-de-energia","tag-mme","tag-renovacao-da-edp-es","tag-renovacao-das-concessoes"],"yoast_head":"<!-- This site is optimized with the Yoast SEO Premium plugin v25.4 (Yoast SEO v26.0) - https:\/\/yoast.com\/wordpress\/plugins\/seo\/ -->\n<title>EDP assina renova\u00e7\u00e3o da concess\u00e3o no ES e anuncia aumento de 40% nos investimentos - Ag\u00eancia iNFRA<\/title>\n<meta name=\"robots\" content=\"index, follow, max-snippet:-1, max-image-preview:large, max-video-preview:-1\" \/>\n<link rel=\"canonical\" href=\"https:\/\/agenciainfra.com\/blog\/edp-assina-renovacao-da-concessao-no-es-e-anuncia-aumento-de-40-nos-investimentos\/\" \/>\n<meta property=\"og:locale\" content=\"pt_BR\" \/>\n<meta property=\"og:type\" content=\"article\" \/>\n<meta property=\"og:title\" content=\"EDP assina renova\u00e7\u00e3o da concess\u00e3o no ES e anuncia aumento de 40% nos investimentos\" \/>\n<meta property=\"og:description\" content=\"da Ag\u00eancia iNFRA A EDP assinou nesta quarta-feira (16) a renova\u00e7\u00e3o por mais 30 anos do contrato da concess\u00e3o de distribui\u00e7\u00e3o de energia el\u00e9trica no Esp\u00edrito Santo. A empresa \u00e9 a primeira do pa\u00eds a ter sua concess\u00e3o renovada de um ciclo de 19 distribuidoras, que seguem um novo modelo de avalia\u00e7\u00e3o e um contrato [&hellip;]\" \/>\n<meta property=\"og:url\" content=\"https:\/\/agenciainfra.com\/blog\/edp-assina-renovacao-da-concessao-no-es-e-anuncia-aumento-de-40-nos-investimentos\/\" \/>\n<meta property=\"og:site_name\" content=\"Ag\u00eancia iNFRA\" \/>\n<meta property=\"article:publisher\" content=\"https:\/\/www.facebook.com\/ageninfra\" \/>\n<meta property=\"article:published_time\" content=\"2025-07-16T14:52:56+00:00\" \/>\n<meta property=\"article:modified_time\" content=\"2025-07-16T15:20:37+00:00\" \/>\n<meta property=\"og:image\" content=\"https:\/\/agenciainfra.com\/blog\/wp-content\/uploads\/2025\/07\/Assinatura-da-renovacao-de-concessao_EDP-ES.jpg\" \/>\n\t<meta property=\"og:image:width\" content=\"1260\" \/>\n\t<meta property=\"og:image:height\" content=\"649\" \/>\n\t<meta property=\"og:image:type\" content=\"image\/jpeg\" \/>\n<meta name=\"author\" content=\"Ag\u00eancia iNFRA\" \/>\n<meta name=\"twitter:card\" content=\"summary_large_image\" \/>\n<meta name=\"twitter:creator\" content=\"@agencia_infra\" \/>\n<meta name=\"twitter:site\" content=\"@agencia_infra\" \/>\n<meta name=\"twitter:label1\" content=\"Escrito por\" \/>\n\t<meta name=\"twitter:data1\" content=\"Ag\u00eancia iNFRA\" \/>\n\t<meta name=\"twitter:label2\" content=\"Est. tempo de leitura\" \/>\n\t<meta name=\"twitter:data2\" content=\"1 minuto\" \/>\n<script type=\"application\/ld+json\" class=\"yoast-schema-graph\">{\"@context\":\"https:\/\/schema.org\",\"@graph\":[{\"@type\":\"Article\",\"@id\":\"https:\/\/agenciainfra.com\/blog\/edp-assina-renovacao-da-concessao-no-es-e-anuncia-aumento-de-40-nos-investimentos\/#article\",\"isPartOf\":{\"@id\":\"https:\/\/agenciainfra.com\/blog\/edp-assina-renovacao-da-concessao-no-es-e-anuncia-aumento-de-40-nos-investimentos\/\"},\"author\":{\"name\":\"Ag\u00eancia iNFRA\",\"@id\":\"https:\/\/agenciainfra.com\/blog\/#\/schema\/person\/34af08dff6adea4cb22b06612ba7acfa\"},\"headline\":\"EDP assina renova\u00e7\u00e3o da concess\u00e3o no ES e anuncia aumento de 40% nos investimentos\",\"datePublished\":\"2025-07-16T14:52:56+00:00\",\"dateModified\":\"2025-07-16T15:20:37+00:00\",\"mainEntityOfPage\":{\"@id\":\"https:\/\/agenciainfra.com\/blog\/edp-assina-renovacao-da-concessao-no-es-e-anuncia-aumento-de-40-nos-investimentos\/\"},\"wordCount\":289,\"publisher\":{\"@id\":\"https:\/\/agenciainfra.com\/blog\/#organization\"},\"image\":{\"@id\":\"https:\/\/agenciainfra.com\/blog\/edp-assina-renovacao-da-concessao-no-es-e-anuncia-aumento-de-40-nos-investimentos\/#primaryimage\"},\"thumbnailUrl\":\"https:\/\/agenciainfra.com\/blog\/wp-content\/uploads\/2025\/07\/Assinatura-da-renovacao-de-concessao_EDP-ES.jpg\",\"keywords\":[\"ANEEL\",\"EDP\",\"EDP Esp\u00edrito Santo\",\"Minist\u00e9rio de Minas de Energia\",\"MME\",\"renova\u00e7\u00e3o da EDP ES\",\"renova\u00e7\u00e3o das concess\u00f5es\"],\"articleSection\":[\"Geral\",\"Giro iNFRA\"],\"inLanguage\":\"pt-BR\",\"copyrightYear\":\"2025\",\"copyrightHolder\":{\"@id\":\"https:\/\/agenciainfra.com\/blog\/#organization\"}},{\"@type\":\"WebPage\",\"@id\":\"https:\/\/agenciainfra.com\/blog\/edp-assina-renovacao-da-concessao-no-es-e-anuncia-aumento-de-40-nos-investimentos\/\",\"url\":\"https:\/\/agenciainfra.com\/blog\/edp-assina-renovacao-da-concessao-no-es-e-anuncia-aumento-de-40-nos-investimentos\/\",\"name\":\"EDP assina renova\u00e7\u00e3o da concess\u00e3o no ES e anuncia aumento de 40% nos investimentos - Ag\u00eancia iNFRA\",\"isPartOf\":{\"@id\":\"https:\/\/agenciainfra.com\/blog\/#website\"},\"primaryImageOfPage\":{\"@id\":\"https:\/\/agenciainfra.com\/blog\/edp-assina-renovacao-da-concessao-no-es-e-anuncia-aumento-de-40-nos-investimentos\/#primaryimage\"},\"image\":{\"@id\":\"https:\/\/agenciainfra.com\/blog\/edp-assina-renovacao-da-concessao-no-es-e-anuncia-aumento-de-40-nos-investimentos\/#primaryimage\"},\"thumbnailUrl\":\"https:\/\/agenciainfra.com\/blog\/wp-content\/uploads\/2025\/07\/Assinatura-da-renovacao-de-concessao_EDP-ES.jpg\",\"datePublished\":\"2025-07-16T14:52:56+00:00\",\"dateModified\":\"2025-07-16T15:20:37+00:00\",\"breadcrumb\":{\"@id\":\"https:\/\/agenciainfra.com\/blog\/edp-assina-renovacao-da-concessao-no-es-e-anuncia-aumento-de-40-nos-investimentos\/#breadcrumb\"},\"inLanguage\":\"pt-BR\",\"potentialAction\":[{\"@type\":\"ReadAction\",\"target\":[\"https:\/\/agenciainfra.com\/blog\/edp-assina-renovacao-da-concessao-no-es-e-anuncia-aumento-de-40-nos-investimentos\/\"]}]},{\"@type\":\"ImageObject\",\"inLanguage\":\"pt-BR\",\"@id\":\"https:\/\/agenciainfra.com\/blog\/edp-assina-renovacao-da-concessao-no-es-e-anuncia-aumento-de-40-nos-investimentos\/#primaryimage\",\"url\":\"https:\/\/agenciainfra.com\/blog\/wp-content\/uploads\/2025\/07\/Assinatura-da-renovacao-de-concessao_EDP-ES.jpg\",\"contentUrl\":\"https:\/\/agenciainfra.com\/blog\/wp-content\/uploads\/2025\/07\/Assinatura-da-renovacao-de-concessao_EDP-ES.jpg\",\"width\":1260,\"height\":649,\"caption\":\"Foto: EDP\/Divulga\u00e7\u00e3o\"},{\"@type\":\"BreadcrumbList\",\"@id\":\"https:\/\/agenciainfra.com\/blog\/edp-assina-renovacao-da-concessao-no-es-e-anuncia-aumento-de-40-nos-investimentos\/#breadcrumb\",\"itemListElement\":[{\"@type\":\"ListItem\",\"position\":1,\"name\":\"In\u00edcio\",\"item\":\"https:\/\/agenciainfra.com\/blog\/\"},{\"@type\":\"ListItem\",\"position\":2,\"name\":\"EDP assina renova\u00e7\u00e3o da concess\u00e3o no ES e anuncia aumento de 40% nos investimentos\"}]},{\"@type\":\"WebSite\",\"@id\":\"https:\/\/agenciainfra.com\/blog\/#website\",\"url\":\"https:\/\/agenciainfra.com\/blog\/\",\"name\":\"Ag\u00eancia iNFRA\",\"description\":\"Multiplataforma de informa\u00e7\u00e3o jornal\u00edstica refer\u00eancia na \u00e1rea de infraestrutura no Brasil!\",\"publisher\":{\"@id\":\"https:\/\/agenciainfra.com\/blog\/#organization\"},\"potentialAction\":[{\"@type\":\"SearchAction\",\"target\":{\"@type\":\"EntryPoint\",\"urlTemplate\":\"https:\/\/agenciainfra.com\/blog\/?s={search_term_string}\"},\"query-input\":{\"@type\":\"PropertyValueSpecification\",\"valueRequired\":true,\"valueName\":\"search_term_string\"}}],\"inLanguage\":\"pt-BR\"},{\"@type\":\"Organization\",\"@id\":\"https:\/\/agenciainfra.com\/blog\/#organization\",\"name\":\"Ag\u00eancia iNFRA\",\"url\":\"https:\/\/agenciainfra.com\/blog\/\",\"logo\":{\"@type\":\"ImageObject\",\"inLanguage\":\"pt-BR\",\"@id\":\"https:\/\/agenciainfra.com\/blog\/#\/schema\/logo\/image\/\",\"url\":\"https:\/\/agenciainfra.com\/blog\/wp-content\/uploads\/2023\/09\/iNFRA_5-e1761735885940.png\",\"contentUrl\":\"https:\/\/agenciainfra.com\/blog\/wp-content\/uploads\/2023\/09\/iNFRA_5-e1761735885940.png\",\"width\":1672,\"height\":454,\"caption\":\"Ag\u00eancia iNFRA\"},\"image\":{\"@id\":\"https:\/\/agenciainfra.com\/blog\/#\/schema\/logo\/image\/\"},\"sameAs\":[\"https:\/\/www.facebook.com\/ageninfra\",\"https:\/\/x.com\/agencia_infra\",\"https:\/\/www.linkedin.com\/company\/ag\u00eanciainfra\/\",\"https:\/\/www.instagram.com\/agenciainfra\/\"]},{\"@type\":\"Person\",\"@id\":\"https:\/\/agenciainfra.com\/blog\/#\/schema\/person\/34af08dff6adea4cb22b06612ba7acfa\",\"name\":\"Ag\u00eancia iNFRA\",\"image\":{\"@type\":\"ImageObject\",\"inLanguage\":\"pt-BR\",\"@id\":\"https:\/\/agenciainfra.com\/blog\/#\/schema\/person\/image\/\",\"url\":\"https:\/\/secure.gravatar.com\/avatar\/d189e01678f06d8eb84d4e01f08eb848b3fffe3f8443818d3c356c66892f5be8?s=96&d=mm&r=g\",\"contentUrl\":\"https:\/\/secure.gravatar.com\/avatar\/d189e01678f06d8eb84d4e01f08eb848b3fffe3f8443818d3c356c66892f5be8?s=96&d=mm&r=g\",\"caption\":\"Ag\u00eancia iNFRA\"},\"url\":\"https:\/\/agenciainfra.com\/blog\/author\/admin\/\"}]}<\/script>\n<!-- \/ Yoast SEO Premium plugin. -->","yoast_head_json":{"title":"EDP assina renova\u00e7\u00e3o da concess\u00e3o no ES e anuncia aumento de 40% nos investimentos - Ag\u00eancia iNFRA","robots":{"index":"index","follow":"follow","max-snippet":"max-snippet:-1","max-image-preview":"max-image-preview:large","max-video-preview":"max-video-preview:-1"},"canonical":"https:\/\/agenciainfra.com\/blog\/edp-assina-renovacao-da-concessao-no-es-e-anuncia-aumento-de-40-nos-investimentos\/","og_locale":"pt_BR","og_type":"article","og_title":"EDP assina renova\u00e7\u00e3o da concess\u00e3o no ES e anuncia aumento de 40% nos investimentos","og_description":"da Ag\u00eancia iNFRA A EDP assinou nesta quarta-feira (16) a renova\u00e7\u00e3o por mais 30 anos do contrato da concess\u00e3o de distribui\u00e7\u00e3o de energia el\u00e9trica no Esp\u00edrito Santo. A empresa \u00e9 a primeira do pa\u00eds a ter sua concess\u00e3o renovada de um ciclo de 19 distribuidoras, que seguem um novo modelo de avalia\u00e7\u00e3o e um contrato [&hellip;]","og_url":"https:\/\/agenciainfra.com\/blog\/edp-assina-renovacao-da-concessao-no-es-e-anuncia-aumento-de-40-nos-investimentos\/","og_site_name":"Ag\u00eancia iNFRA","article_publisher":"https:\/\/www.facebook.com\/ageninfra","article_published_time":"2025-07-16T14:52:56+00:00","article_modified_time":"2025-07-16T15:20:37+00:00","og_image":[{"width":1260,"height":649,"url":"https:\/\/agenciainfra.com\/blog\/wp-content\/uploads\/2025\/07\/Assinatura-da-renovacao-de-concessao_EDP-ES.jpg","type":"image\/jpeg"}],"author":"Ag\u00eancia iNFRA","twitter_card":"summary_large_image","twitter_creator":"@agencia_infra","twitter_site":"@agencia_infra","twitter_misc":{"Escrito por":"Ag\u00eancia iNFRA","Est. tempo de leitura":"1 minuto"},"schema":{"@context":"https:\/\/schema.org","@graph":[{"@type":"Article","@id":"https:\/\/agenciainfra.com\/blog\/edp-assina-renovacao-da-concessao-no-es-e-anuncia-aumento-de-40-nos-investimentos\/#article","isPartOf":{"@id":"https:\/\/agenciainfra.com\/blog\/edp-assina-renovacao-da-concessao-no-es-e-anuncia-aumento-de-40-nos-investimentos\/"},"author":{"name":"Ag\u00eancia iNFRA","@id":"https:\/\/agenciainfra.com\/blog\/#\/schema\/person\/34af08dff6adea4cb22b06612ba7acfa"},"headline":"EDP assina renova\u00e7\u00e3o da concess\u00e3o no ES e anuncia aumento de 40% nos investimentos","datePublished":"2025-07-16T14:52:56+00:00","dateModified":"2025-07-16T15:20:37+00:00","mainEntityOfPage":{"@id":"https:\/\/agenciainfra.com\/blog\/edp-assina-renovacao-da-concessao-no-es-e-anuncia-aumento-de-40-nos-investimentos\/"},"wordCount":289,"publisher":{"@id":"https:\/\/agenciainfra.com\/blog\/#organization"},"image":{"@id":"https:\/\/agenciainfra.com\/blog\/edp-assina-renovacao-da-concessao-no-es-e-anuncia-aumento-de-40-nos-investimentos\/#primaryimage"},"thumbnailUrl":"https:\/\/agenciainfra.com\/blog\/wp-content\/uploads\/2025\/07\/Assinatura-da-renovacao-de-concessao_EDP-ES.jpg","keywords":["ANEEL","EDP","EDP Esp\u00edrito Santo","Minist\u00e9rio de Minas de Energia","MME","renova\u00e7\u00e3o da EDP ES","renova\u00e7\u00e3o das concess\u00f5es"],"articleSection":["Geral","Giro iNFRA"],"inLanguage":"pt-BR","copyrightYear":"2025","copyrightHolder":{"@id":"https:\/\/agenciainfra.com\/blog\/#organization"}},{"@type":"WebPage","@id":"https:\/\/agenciainfra.com\/blog\/edp-assina-renovacao-da-concessao-no-es-e-anuncia-aumento-de-40-nos-investimentos\/","url":"https:\/\/agenciainfra.com\/blog\/edp-assina-renovacao-da-concessao-no-es-e-anuncia-aumento-de-40-nos-investimentos\/","name":"EDP assina renova\u00e7\u00e3o da concess\u00e3o no ES e anuncia aumento de 40% nos investimentos - Ag\u00eancia iNFRA","isPartOf":{"@id":"https:\/\/agenciainfra.com\/blog\/#website"},"primaryImageOfPage":{"@id":"https:\/\/agenciainfra.com\/blog\/edp-assina-renovacao-da-concessao-no-es-e-anuncia-aumento-de-40-nos-investimentos\/#primaryimage"},"image":{"@id":"https:\/\/agenciainfra.com\/blog\/edp-assina-renovacao-da-concessao-no-es-e-anuncia-aumento-de-40-nos-investimentos\/#primaryimage"},"thumbnailUrl":"https:\/\/agenciainfra.com\/blog\/wp-content\/uploads\/2025\/07\/Assinatura-da-renovacao-de-concessao_EDP-ES.jpg","datePublished":"2025-07-16T14:52:56+00:00","dateModified":"2025-07-16T15:20:37+00:00","breadcrumb":{"@id":"https:\/\/agenciainfra.com\/blog\/edp-assina-renovacao-da-concessao-no-es-e-anuncia-aumento-de-40-nos-investimentos\/#breadcrumb"},"inLanguage":"pt-BR","potentialAction":[{"@type":"ReadAction","target":["https:\/\/agenciainfra.com\/blog\/edp-assina-renovacao-da-concessao-no-es-e-anuncia-aumento-de-40-nos-investimentos\/"]}]},{"@type":"ImageObject","inLanguage":"pt-BR","@id":"https:\/\/agenciainfra.com\/blog\/edp-assina-renovacao-da-concessao-no-es-e-anuncia-aumento-de-40-nos-investimentos\/#primaryimage","url":"https:\/\/agenciainfra.com\/blog\/wp-content\/uploads\/2025\/07\/Assinatura-da-renovacao-de-concessao_EDP-ES.jpg","contentUrl":"https:\/\/agenciainfra.com\/blog\/wp-content\/uploads\/2025\/07\/Assinatura-da-renovacao-de-concessao_EDP-ES.jpg","width":1260,"height":649,"caption":"Foto: EDP\/Divulga\u00e7\u00e3o"},{"@type":"BreadcrumbList","@id":"https:\/\/agenciainfra.com\/blog\/edp-assina-renovacao-da-concessao-no-es-e-anuncia-aumento-de-40-nos-investimentos\/#breadcrumb","itemListElement":[{"@type":"ListItem","position":1,"name":"In\u00edcio","item":"https:\/\/agenciainfra.com\/blog\/"},{"@type":"ListItem","position":2,"name":"EDP assina renova\u00e7\u00e3o da concess\u00e3o no ES e anuncia aumento de 40% nos investimentos"}]},{"@type":"WebSite","@id":"https:\/\/agenciainfra.com\/blog\/#website","url":"https:\/\/agenciainfra.com\/blog\/","name":"Ag\u00eancia iNFRA","description":"Multiplataforma de informa\u00e7\u00e3o jornal\u00edstica refer\u00eancia na \u00e1rea de infraestrutura no Brasil!","publisher":{"@id":"https:\/\/agenciainfra.com\/blog\/#organization"},"potentialAction":[{"@type":"SearchAction","target":{"@type":"EntryPoint","urlTemplate":"https:\/\/agenciainfra.com\/blog\/?s={search_term_string}"},"query-input":{"@type":"PropertyValueSpecification","valueRequired":true,"valueName":"search_term_string"}}],"inLanguage":"pt-BR"},{"@type":"Organization","@id":"https:\/\/agenciainfra.com\/blog\/#organization","name":"Ag\u00eancia iNFRA","url":"https:\/\/agenciainfra.com\/blog\/","logo":{"@type":"ImageObject","inLanguage":"pt-BR","@id":"https:\/\/agenciainfra.com\/blog\/#\/schema\/logo\/image\/","url":"https:\/\/agenciainfra.com\/blog\/wp-content\/uploads\/2023\/09\/iNFRA_5-e1761735885940.png","contentUrl":"https:\/\/agenciainfra.com\/blog\/wp-content\/uploads\/2023\/09\/iNFRA_5-e1761735885940.png","width":1672,"height":454,"caption":"Ag\u00eancia iNFRA"},"image":{"@id":"https:\/\/agenciainfra.com\/blog\/#\/schema\/logo\/image\/"},"sameAs":["https:\/\/www.facebook.com\/ageninfra","https:\/\/x.com\/agencia_infra","https:\/\/www.linkedin.com\/company\/ag\u00eanciainfra\/","https:\/\/www.instagram.com\/agenciainfra\/"]},{"@type":"Person","@id":"https:\/\/agenciainfra.com\/blog\/#\/schema\/person\/34af08dff6adea4cb22b06612ba7acfa","name":"Ag\u00eancia iNFRA","image":{"@type":"ImageObject","inLanguage":"pt-BR","@id":"https:\/\/agenciainfra.com\/blog\/#\/schema\/person\/image\/","url":"https:\/\/secure.gravatar.com\/avatar\/d189e01678f06d8eb84d4e01f08eb848b3fffe3f8443818d3c356c66892f5be8?s=96&d=mm&r=g","contentUrl":"https:\/\/secure.gravatar.com\/avatar\/d189e01678f06d8eb84d4e01f08eb848b3fffe3f8443818d3c356c66892f5be8?s=96&d=mm&r=g","caption":"Ag\u00eancia iNFRA"},"url":"https:\/\/agenciainfra.com\/blog\/author\/admin\/"}]}},"_links":{"self":[{"href":"https:\/\/agenciainfra.com\/blog\/wp-json\/wp\/v2\/posts\/24770","targetHints":{"allow":["GET"]}}],"collection":[{"href":"https:\/\/agenciainfra.com\/blog\/wp-json\/wp\/v2\/posts"}],"about":[{"href":"https:\/\/agenciainfra.com\/blog\/wp-json\/wp\/v2\/types\/post"}],"author":[{"embeddable":true,"href":"https:\/\/agenciainfra.com\/blog\/wp-json\/wp\/v2\/users\/1"}],"replies":[{"embeddable":true,"href":"https:\/\/agenciainfra.com\/blog\/wp-json\/wp\/v2\/comments?post=24770"}],"version-history":[{"count":1,"href":"https:\/\/agenciainfra.com\/blog\/wp-json\/wp\/v2\/posts\/24770\/revisions"}],"predecessor-version":[{"id":24771,"href":"https:\/\/agenciainfra.com\/blog\/wp-json\/wp\/v2\/posts\/24770\/revisions\/24771"}],"wp:featuredmedia":[{"embeddable":true,"href":"https:\/\/agenciainfra.com\/blog\/wp-json\/wp\/v2\/media\/24781"}],"wp:attachment":[{"href":"https:\/\/agenciainfra.com\/blog\/wp-json\/wp\/v2\/media?parent=24770"}],"wp:term":[{"taxonomy":"category","embeddable":true,"href":"https:\/\/agenciainfra.com\/blog\/wp-json\/wp\/v2\/categories?post=24770"},{"taxonomy":"post_tag","embeddable":true,"href":"https:\/\/agenciainfra.com\/blog\/wp-json\/wp\/v2\/tags?post=24770"}],"curies":[{"name":"wp","href":"https:\/\/api.w.org\/{rel}","templated":true}]}}