{"id":24772,"date":"2025-07-16T11:56:17","date_gmt":"2025-07-16T14:56:17","guid":{"rendered":"https:\/\/agenciainfra.com\/blog\/?p=24772"},"modified":"2025-07-17T08:15:01","modified_gmt":"2025-07-17T11:15:01","slug":"cnn-talks-infra-financiamento-de-longo-prazo-e-regulacao-internacional-sao-necessarios-para-projetos-sustentaveis","status":"publish","type":"post","link":"https:\/\/agenciainfra.com\/blog\/cnn-talks-infra-financiamento-de-longo-prazo-e-regulacao-internacional-sao-necessarios-para-projetos-sustentaveis\/","title":{"rendered":"CNN Talks + iNFRA: Financiamento de longo prazo e regula\u00e7\u00e3o internacional s\u00e3o necess\u00e1rios para projetos sustent\u00e1veis"},"content":{"rendered":"\n<p class=\"has-text-align-right\"><strong>da Ag\u00eancia iNFRA<\/strong><\/p>\n\n\n\n<p>Ampliar a capacidade de financiamento de longo prazo para projetos sustent\u00e1veis nos setores de infraestrutura log\u00edstica e energ\u00e9tica \u00e9 um debate priorit\u00e1rio, afirmou a diretora de Sustentabilidade do Bradesco, Silvana Rosa Machado, durante o \u201cCNN Talks + iNFRA: COP30\u201d, realizado no \u00faltimo dia 8 de julho pela CNN Brasil e a\u00a0<strong>Ag\u00eancia iNFRA<\/strong>, com patroc\u00ednio da Enel Brasil.<\/p>\n\n\n\n<p>Nesse contexto, ela destacou quatro pilares fundamentais para destravar os investimentos. \u201cUma regula\u00e7\u00e3o mais est\u00e1vel e transparente, que proporcione seguran\u00e7a jur\u00eddica, como, por exemplo, a taxonomia sustent\u00e1vel, \u00e9 o primeiro ponto. O segundo \u00e9 uma maior integra\u00e7\u00e3o entre governo, empresas e setores. O terceiro \u00e9 a capacita\u00e7\u00e3o, pois precisamos ter projetos vi\u00e1veis. Por \u00faltimo, destaco as m\u00e9tricas e dados, para garantir transpar\u00eancia e credibilidade\u201d, afirmou.<\/p>\n\n\n\n<p>No setor p\u00fablico, a expectativa recai sobre uma regulamenta\u00e7\u00e3o internacional do mercado de cr\u00e9dito de carbono, apontou o deputado federal Arnaldo Jardim (Cidadania-SP) durante o evento.<\/p>\n\n\n\n<p>\u201cO Brasil pode ter um b\u00f4nus clim\u00e1tico importante, mas de nada adianta resolvermos internamente a regulamenta\u00e7\u00e3o do mercado de cr\u00e9dito de carbono se isso n\u00e3o for reconhecido em transa\u00e7\u00f5es internacionais como instrumento de monetiza\u00e7\u00e3o\u201d, disse Jardim em entrevista ao jornalista Daniel Rittner, diretor da sucursal de Bras\u00edlia da CNN Brasil.<\/p>\n","protected":false},"excerpt":{"rendered":"<p>da Ag\u00eancia iNFRA Ampliar a capacidade de financiamento de longo prazo para projetos sustent\u00e1veis nos setores de infraestrutura log\u00edstica e energ\u00e9tica \u00e9 um debate priorit\u00e1rio, afirmou a diretora de Sustentabilidade do Bradesco, Silvana Rosa Machado, durante o \u201cCNN Talks + iNFRA: COP30\u201d, realizado no \u00faltimo dia 8 de julho pela CNN Brasil e a\u00a0Ag\u00eancia iNFRA, [&hellip;]<\/p>\n","protected":false},"author":1,"featured_media":24774,"comment_status":"closed","ping_status":"closed","sticky":false,"template":"","format":"standard","meta":{"_monsterinsights_skip_tracking":false,"_monsterinsights_sitenote_active":false,"_monsterinsights_sitenote_note":"","_monsterinsights_sitenote_category":0,"footnotes":""},"categories":[7250,1,2053],"tags":[888,14405,14193,14402,8554,10316,14403,14404,1573],"class_list":["post-24772","post","type-post","status-publish","format-standard","has-post-thumbnail","hentry","category-destaque-lista","category-geral","category-infraliveventos","tag-arnaldo-jardim","tag-bradesco","tag-cnn-talks-infra","tag-financiamento-de-longo-prazo","tag-infraestrutura-energetica","tag-infraestrutura-logistica","tag-regulacao-internacional","tag-silvana-rosa-machado","tag-sustentabilidade"],"yoast_head":"<!-- This site is optimized with the Yoast SEO Premium plugin v25.4 (Yoast SEO v26.0) - https:\/\/yoast.com\/wordpress\/plugins\/seo\/ -->\n<title>CNN Talks + iNFRA: Financiamento de longo prazo e regula\u00e7\u00e3o internacional s\u00e3o necess\u00e1rios para projetos sustent\u00e1veis - Ag\u00eancia iNFRA<\/title>\n<meta name=\"robots\" content=\"index, follow, max-snippet:-1, max-image-preview:large, max-video-preview:-1\" \/>\n<link rel=\"canonical\" href=\"https:\/\/agenciainfra.com\/blog\/cnn-talks-infra-financiamento-de-longo-prazo-e-regulacao-internacional-sao-necessarios-para-projetos-sustentaveis\/\" \/>\n<meta property=\"og:locale\" content=\"pt_BR\" \/>\n<meta property=\"og:type\" content=\"article\" \/>\n<meta property=\"og:title\" content=\"CNN Talks + iNFRA: Financiamento de longo prazo e regula\u00e7\u00e3o internacional s\u00e3o necess\u00e1rios para projetos sustent\u00e1veis\" \/>\n<meta property=\"og:description\" content=\"da Ag\u00eancia iNFRA Ampliar a capacidade de financiamento de longo prazo para projetos sustent\u00e1veis nos setores de infraestrutura log\u00edstica e energ\u00e9tica \u00e9 um debate priorit\u00e1rio, afirmou a diretora de Sustentabilidade do Bradesco, Silvana Rosa Machado, durante o \u201cCNN Talks + iNFRA: COP30\u201d, realizado no \u00faltimo dia 8 de julho pela CNN Brasil e a\u00a0Ag\u00eancia iNFRA, [&hellip;]\" \/>\n<meta property=\"og:url\" content=\"https:\/\/agenciainfra.com\/blog\/cnn-talks-infra-financiamento-de-longo-prazo-e-regulacao-internacional-sao-necessarios-para-projetos-sustentaveis\/\" \/>\n<meta property=\"og:site_name\" content=\"Ag\u00eancia iNFRA\" \/>\n<meta property=\"article:publisher\" content=\"https:\/\/www.facebook.com\/ageninfra\" \/>\n<meta property=\"article:published_time\" content=\"2025-07-16T14:56:17+00:00\" \/>\n<meta property=\"article:modified_time\" content=\"2025-07-17T11:15:01+00:00\" \/>\n<meta property=\"og:image\" content=\"https:\/\/agenciainfra.com\/blog\/wp-content\/uploads\/2025\/07\/daniel-rittner-e-arnaldo-jardim-foto-sergio-dutti-agencia-infra.jpg\" \/>\n\t<meta property=\"og:image:width\" content=\"1280\" \/>\n\t<meta property=\"og:image:height\" content=\"817\" \/>\n\t<meta property=\"og:image:type\" content=\"image\/jpeg\" \/>\n<meta name=\"author\" content=\"Ag\u00eancia iNFRA\" \/>\n<meta name=\"twitter:card\" content=\"summary_large_image\" \/>\n<meta name=\"twitter:creator\" content=\"@agencia_infra\" \/>\n<meta name=\"twitter:site\" content=\"@agencia_infra\" \/>\n<meta name=\"twitter:label1\" content=\"Escrito por\" \/>\n\t<meta name=\"twitter:data1\" content=\"Ag\u00eancia iNFRA\" \/>\n\t<meta name=\"twitter:label2\" content=\"Est. tempo de leitura\" \/>\n\t<meta name=\"twitter:data2\" content=\"1 minuto\" \/>\n<script type=\"application\/ld+json\" class=\"yoast-schema-graph\">{\"@context\":\"https:\/\/schema.org\",\"@graph\":[{\"@type\":\"Article\",\"@id\":\"https:\/\/agenciainfra.com\/blog\/cnn-talks-infra-financiamento-de-longo-prazo-e-regulacao-internacional-sao-necessarios-para-projetos-sustentaveis\/#article\",\"isPartOf\":{\"@id\":\"https:\/\/agenciainfra.com\/blog\/cnn-talks-infra-financiamento-de-longo-prazo-e-regulacao-internacional-sao-necessarios-para-projetos-sustentaveis\/\"},\"author\":{\"name\":\"Ag\u00eancia iNFRA\",\"@id\":\"https:\/\/agenciainfra.com\/blog\/#\/schema\/person\/34af08dff6adea4cb22b06612ba7acfa\"},\"headline\":\"CNN Talks + iNFRA: Financiamento de longo prazo e regula\u00e7\u00e3o internacional s\u00e3o necess\u00e1rios para projetos sustent\u00e1veis\",\"datePublished\":\"2025-07-16T14:56:17+00:00\",\"dateModified\":\"2025-07-17T11:15:01+00:00\",\"mainEntityOfPage\":{\"@id\":\"https:\/\/agenciainfra.com\/blog\/cnn-talks-infra-financiamento-de-longo-prazo-e-regulacao-internacional-sao-necessarios-para-projetos-sustentaveis\/\"},\"wordCount\":243,\"publisher\":{\"@id\":\"https:\/\/agenciainfra.com\/blog\/#organization\"},\"image\":{\"@id\":\"https:\/\/agenciainfra.com\/blog\/cnn-talks-infra-financiamento-de-longo-prazo-e-regulacao-internacional-sao-necessarios-para-projetos-sustentaveis\/#primaryimage\"},\"thumbnailUrl\":\"https:\/\/agenciainfra.com\/blog\/wp-content\/uploads\/2025\/07\/daniel-rittner-e-arnaldo-jardim-foto-sergio-dutti-agencia-infra.jpg\",\"keywords\":[\"Arnaldo Jardim\",\"Bradesco\",\"cnn talks + infra\",\"financiamento de longo prazo\",\"Infraestrutura Energ\u00e9tica\",\"infraestrutura log\u00edstica\",\"regula\u00e7\u00e3o internacional\",\"Silvana Rosa Machado\",\"sustentabilidade\"],\"articleSection\":[\"Destaque lista\",\"Geral\",\"iNFRALive e Eventos\"],\"inLanguage\":\"pt-BR\",\"copyrightYear\":\"2025\",\"copyrightHolder\":{\"@id\":\"https:\/\/agenciainfra.com\/blog\/#organization\"}},{\"@type\":\"WebPage\",\"@id\":\"https:\/\/agenciainfra.com\/blog\/cnn-talks-infra-financiamento-de-longo-prazo-e-regulacao-internacional-sao-necessarios-para-projetos-sustentaveis\/\",\"url\":\"https:\/\/agenciainfra.com\/blog\/cnn-talks-infra-financiamento-de-longo-prazo-e-regulacao-internacional-sao-necessarios-para-projetos-sustentaveis\/\",\"name\":\"CNN Talks + iNFRA: Financiamento de longo prazo e regula\u00e7\u00e3o internacional s\u00e3o necess\u00e1rios para projetos sustent\u00e1veis - Ag\u00eancia iNFRA\",\"isPartOf\":{\"@id\":\"https:\/\/agenciainfra.com\/blog\/#website\"},\"primaryImageOfPage\":{\"@id\":\"https:\/\/agenciainfra.com\/blog\/cnn-talks-infra-financiamento-de-longo-prazo-e-regulacao-internacional-sao-necessarios-para-projetos-sustentaveis\/#primaryimage\"},\"image\":{\"@id\":\"https:\/\/agenciainfra.com\/blog\/cnn-talks-infra-financiamento-de-longo-prazo-e-regulacao-internacional-sao-necessarios-para-projetos-sustentaveis\/#primaryimage\"},\"thumbnailUrl\":\"https:\/\/agenciainfra.com\/blog\/wp-content\/uploads\/2025\/07\/daniel-rittner-e-arnaldo-jardim-foto-sergio-dutti-agencia-infra.jpg\",\"datePublished\":\"2025-07-16T14:56:17+00:00\",\"dateModified\":\"2025-07-17T11:15:01+00:00\",\"breadcrumb\":{\"@id\":\"https:\/\/agenciainfra.com\/blog\/cnn-talks-infra-financiamento-de-longo-prazo-e-regulacao-internacional-sao-necessarios-para-projetos-sustentaveis\/#breadcrumb\"},\"inLanguage\":\"pt-BR\",\"potentialAction\":[{\"@type\":\"ReadAction\",\"target\":[\"https:\/\/agenciainfra.com\/blog\/cnn-talks-infra-financiamento-de-longo-prazo-e-regulacao-internacional-sao-necessarios-para-projetos-sustentaveis\/\"]}]},{\"@type\":\"ImageObject\",\"inLanguage\":\"pt-BR\",\"@id\":\"https:\/\/agenciainfra.com\/blog\/cnn-talks-infra-financiamento-de-longo-prazo-e-regulacao-internacional-sao-necessarios-para-projetos-sustentaveis\/#primaryimage\",\"url\":\"https:\/\/agenciainfra.com\/blog\/wp-content\/uploads\/2025\/07\/daniel-rittner-e-arnaldo-jardim-foto-sergio-dutti-agencia-infra.jpg\",\"contentUrl\":\"https:\/\/agenciainfra.com\/blog\/wp-content\/uploads\/2025\/07\/daniel-rittner-e-arnaldo-jardim-foto-sergio-dutti-agencia-infra.jpg\",\"width\":1280,\"height\":817,\"caption\":\"Foto: S\u00e9rgio Dutti\/Ag\u00eancia iNFRA\"},{\"@type\":\"BreadcrumbList\",\"@id\":\"https:\/\/agenciainfra.com\/blog\/cnn-talks-infra-financiamento-de-longo-prazo-e-regulacao-internacional-sao-necessarios-para-projetos-sustentaveis\/#breadcrumb\",\"itemListElement\":[{\"@type\":\"ListItem\",\"position\":1,\"name\":\"In\u00edcio\",\"item\":\"https:\/\/agenciainfra.com\/blog\/\"},{\"@type\":\"ListItem\",\"position\":2,\"name\":\"CNN Talks + iNFRA: Financiamento de longo prazo e regula\u00e7\u00e3o internacional s\u00e3o necess\u00e1rios para projetos sustent\u00e1veis\"}]},{\"@type\":\"WebSite\",\"@id\":\"https:\/\/agenciainfra.com\/blog\/#website\",\"url\":\"https:\/\/agenciainfra.com\/blog\/\",\"name\":\"Ag\u00eancia iNFRA\",\"description\":\"Multiplataforma de informa\u00e7\u00e3o jornal\u00edstica refer\u00eancia na \u00e1rea de infraestrutura no Brasil!\",\"publisher\":{\"@id\":\"https:\/\/agenciainfra.com\/blog\/#organization\"},\"potentialAction\":[{\"@type\":\"SearchAction\",\"target\":{\"@type\":\"EntryPoint\",\"urlTemplate\":\"https:\/\/agenciainfra.com\/blog\/?s={search_term_string}\"},\"query-input\":{\"@type\":\"PropertyValueSpecification\",\"valueRequired\":true,\"valueName\":\"search_term_string\"}}],\"inLanguage\":\"pt-BR\"},{\"@type\":\"Organization\",\"@id\":\"https:\/\/agenciainfra.com\/blog\/#organization\",\"name\":\"Ag\u00eancia iNFRA\",\"url\":\"https:\/\/agenciainfra.com\/blog\/\",\"logo\":{\"@type\":\"ImageObject\",\"inLanguage\":\"pt-BR\",\"@id\":\"https:\/\/agenciainfra.com\/blog\/#\/schema\/logo\/image\/\",\"url\":\"https:\/\/agenciainfra.com\/blog\/wp-content\/uploads\/2023\/09\/iNFRA_5-e1761735885940.png\",\"contentUrl\":\"https:\/\/agenciainfra.com\/blog\/wp-content\/uploads\/2023\/09\/iNFRA_5-e1761735885940.png\",\"width\":1672,\"height\":454,\"caption\":\"Ag\u00eancia iNFRA\"},\"image\":{\"@id\":\"https:\/\/agenciainfra.com\/blog\/#\/schema\/logo\/image\/\"},\"sameAs\":[\"https:\/\/www.facebook.com\/ageninfra\",\"https:\/\/x.com\/agencia_infra\",\"https:\/\/www.linkedin.com\/company\/ag\u00eanciainfra\/\",\"https:\/\/www.instagram.com\/agenciainfra\/\"]},{\"@type\":\"Person\",\"@id\":\"https:\/\/agenciainfra.com\/blog\/#\/schema\/person\/34af08dff6adea4cb22b06612ba7acfa\",\"name\":\"Ag\u00eancia iNFRA\",\"image\":{\"@type\":\"ImageObject\",\"inLanguage\":\"pt-BR\",\"@id\":\"https:\/\/agenciainfra.com\/blog\/#\/schema\/person\/image\/\",\"url\":\"https:\/\/secure.gravatar.com\/avatar\/d189e01678f06d8eb84d4e01f08eb848b3fffe3f8443818d3c356c66892f5be8?s=96&d=mm&r=g\",\"contentUrl\":\"https:\/\/secure.gravatar.com\/avatar\/d189e01678f06d8eb84d4e01f08eb848b3fffe3f8443818d3c356c66892f5be8?s=96&d=mm&r=g\",\"caption\":\"Ag\u00eancia iNFRA\"},\"url\":\"https:\/\/agenciainfra.com\/blog\/author\/admin\/\"}]}<\/script>\n<!-- \/ Yoast SEO Premium plugin. -->","yoast_head_json":{"title":"CNN Talks + iNFRA: Financiamento de longo prazo e regula\u00e7\u00e3o internacional s\u00e3o necess\u00e1rios para projetos sustent\u00e1veis - Ag\u00eancia iNFRA","robots":{"index":"index","follow":"follow","max-snippet":"max-snippet:-1","max-image-preview":"max-image-preview:large","max-video-preview":"max-video-preview:-1"},"canonical":"https:\/\/agenciainfra.com\/blog\/cnn-talks-infra-financiamento-de-longo-prazo-e-regulacao-internacional-sao-necessarios-para-projetos-sustentaveis\/","og_locale":"pt_BR","og_type":"article","og_title":"CNN Talks + iNFRA: Financiamento de longo prazo e regula\u00e7\u00e3o internacional s\u00e3o necess\u00e1rios para projetos sustent\u00e1veis","og_description":"da Ag\u00eancia iNFRA Ampliar a capacidade de financiamento de longo prazo para projetos sustent\u00e1veis nos setores de infraestrutura log\u00edstica e energ\u00e9tica \u00e9 um debate priorit\u00e1rio, afirmou a diretora de Sustentabilidade do Bradesco, Silvana Rosa Machado, durante o \u201cCNN Talks + iNFRA: COP30\u201d, realizado no \u00faltimo dia 8 de julho pela CNN Brasil e a\u00a0Ag\u00eancia iNFRA, [&hellip;]","og_url":"https:\/\/agenciainfra.com\/blog\/cnn-talks-infra-financiamento-de-longo-prazo-e-regulacao-internacional-sao-necessarios-para-projetos-sustentaveis\/","og_site_name":"Ag\u00eancia iNFRA","article_publisher":"https:\/\/www.facebook.com\/ageninfra","article_published_time":"2025-07-16T14:56:17+00:00","article_modified_time":"2025-07-17T11:15:01+00:00","og_image":[{"width":1280,"height":817,"url":"https:\/\/agenciainfra.com\/blog\/wp-content\/uploads\/2025\/07\/daniel-rittner-e-arnaldo-jardim-foto-sergio-dutti-agencia-infra.jpg","type":"image\/jpeg"}],"author":"Ag\u00eancia iNFRA","twitter_card":"summary_large_image","twitter_creator":"@agencia_infra","twitter_site":"@agencia_infra","twitter_misc":{"Escrito por":"Ag\u00eancia iNFRA","Est. tempo de leitura":"1 minuto"},"schema":{"@context":"https:\/\/schema.org","@graph":[{"@type":"Article","@id":"https:\/\/agenciainfra.com\/blog\/cnn-talks-infra-financiamento-de-longo-prazo-e-regulacao-internacional-sao-necessarios-para-projetos-sustentaveis\/#article","isPartOf":{"@id":"https:\/\/agenciainfra.com\/blog\/cnn-talks-infra-financiamento-de-longo-prazo-e-regulacao-internacional-sao-necessarios-para-projetos-sustentaveis\/"},"author":{"name":"Ag\u00eancia iNFRA","@id":"https:\/\/agenciainfra.com\/blog\/#\/schema\/person\/34af08dff6adea4cb22b06612ba7acfa"},"headline":"CNN Talks + iNFRA: Financiamento de longo prazo e regula\u00e7\u00e3o internacional s\u00e3o necess\u00e1rios para projetos sustent\u00e1veis","datePublished":"2025-07-16T14:56:17+00:00","dateModified":"2025-07-17T11:15:01+00:00","mainEntityOfPage":{"@id":"https:\/\/agenciainfra.com\/blog\/cnn-talks-infra-financiamento-de-longo-prazo-e-regulacao-internacional-sao-necessarios-para-projetos-sustentaveis\/"},"wordCount":243,"publisher":{"@id":"https:\/\/agenciainfra.com\/blog\/#organization"},"image":{"@id":"https:\/\/agenciainfra.com\/blog\/cnn-talks-infra-financiamento-de-longo-prazo-e-regulacao-internacional-sao-necessarios-para-projetos-sustentaveis\/#primaryimage"},"thumbnailUrl":"https:\/\/agenciainfra.com\/blog\/wp-content\/uploads\/2025\/07\/daniel-rittner-e-arnaldo-jardim-foto-sergio-dutti-agencia-infra.jpg","keywords":["Arnaldo Jardim","Bradesco","cnn talks + infra","financiamento de longo prazo","Infraestrutura Energ\u00e9tica","infraestrutura log\u00edstica","regula\u00e7\u00e3o internacional","Silvana Rosa Machado","sustentabilidade"],"articleSection":["Destaque lista","Geral","iNFRALive e Eventos"],"inLanguage":"pt-BR","copyrightYear":"2025","copyrightHolder":{"@id":"https:\/\/agenciainfra.com\/blog\/#organization"}},{"@type":"WebPage","@id":"https:\/\/agenciainfra.com\/blog\/cnn-talks-infra-financiamento-de-longo-prazo-e-regulacao-internacional-sao-necessarios-para-projetos-sustentaveis\/","url":"https:\/\/agenciainfra.com\/blog\/cnn-talks-infra-financiamento-de-longo-prazo-e-regulacao-internacional-sao-necessarios-para-projetos-sustentaveis\/","name":"CNN Talks + iNFRA: Financiamento de longo prazo e regula\u00e7\u00e3o internacional s\u00e3o necess\u00e1rios para projetos sustent\u00e1veis - Ag\u00eancia iNFRA","isPartOf":{"@id":"https:\/\/agenciainfra.com\/blog\/#website"},"primaryImageOfPage":{"@id":"https:\/\/agenciainfra.com\/blog\/cnn-talks-infra-financiamento-de-longo-prazo-e-regulacao-internacional-sao-necessarios-para-projetos-sustentaveis\/#primaryimage"},"image":{"@id":"https:\/\/agenciainfra.com\/blog\/cnn-talks-infra-financiamento-de-longo-prazo-e-regulacao-internacional-sao-necessarios-para-projetos-sustentaveis\/#primaryimage"},"thumbnailUrl":"https:\/\/agenciainfra.com\/blog\/wp-content\/uploads\/2025\/07\/daniel-rittner-e-arnaldo-jardim-foto-sergio-dutti-agencia-infra.jpg","datePublished":"2025-07-16T14:56:17+00:00","dateModified":"2025-07-17T11:15:01+00:00","breadcrumb":{"@id":"https:\/\/agenciainfra.com\/blog\/cnn-talks-infra-financiamento-de-longo-prazo-e-regulacao-internacional-sao-necessarios-para-projetos-sustentaveis\/#breadcrumb"},"inLanguage":"pt-BR","potentialAction":[{"@type":"ReadAction","target":["https:\/\/agenciainfra.com\/blog\/cnn-talks-infra-financiamento-de-longo-prazo-e-regulacao-internacional-sao-necessarios-para-projetos-sustentaveis\/"]}]},{"@type":"ImageObject","inLanguage":"pt-BR","@id":"https:\/\/agenciainfra.com\/blog\/cnn-talks-infra-financiamento-de-longo-prazo-e-regulacao-internacional-sao-necessarios-para-projetos-sustentaveis\/#primaryimage","url":"https:\/\/agenciainfra.com\/blog\/wp-content\/uploads\/2025\/07\/daniel-rittner-e-arnaldo-jardim-foto-sergio-dutti-agencia-infra.jpg","contentUrl":"https:\/\/agenciainfra.com\/blog\/wp-content\/uploads\/2025\/07\/daniel-rittner-e-arnaldo-jardim-foto-sergio-dutti-agencia-infra.jpg","width":1280,"height":817,"caption":"Foto: S\u00e9rgio Dutti\/Ag\u00eancia iNFRA"},{"@type":"BreadcrumbList","@id":"https:\/\/agenciainfra.com\/blog\/cnn-talks-infra-financiamento-de-longo-prazo-e-regulacao-internacional-sao-necessarios-para-projetos-sustentaveis\/#breadcrumb","itemListElement":[{"@type":"ListItem","position":1,"name":"In\u00edcio","item":"https:\/\/agenciainfra.com\/blog\/"},{"@type":"ListItem","position":2,"name":"CNN Talks + iNFRA: Financiamento de longo prazo e regula\u00e7\u00e3o internacional s\u00e3o necess\u00e1rios para projetos sustent\u00e1veis"}]},{"@type":"WebSite","@id":"https:\/\/agenciainfra.com\/blog\/#website","url":"https:\/\/agenciainfra.com\/blog\/","name":"Ag\u00eancia iNFRA","description":"Multiplataforma de informa\u00e7\u00e3o jornal\u00edstica refer\u00eancia na \u00e1rea de infraestrutura no Brasil!","publisher":{"@id":"https:\/\/agenciainfra.com\/blog\/#organization"},"potentialAction":[{"@type":"SearchAction","target":{"@type":"EntryPoint","urlTemplate":"https:\/\/agenciainfra.com\/blog\/?s={search_term_string}"},"query-input":{"@type":"PropertyValueSpecification","valueRequired":true,"valueName":"search_term_string"}}],"inLanguage":"pt-BR"},{"@type":"Organization","@id":"https:\/\/agenciainfra.com\/blog\/#organization","name":"Ag\u00eancia iNFRA","url":"https:\/\/agenciainfra.com\/blog\/","logo":{"@type":"ImageObject","inLanguage":"pt-BR","@id":"https:\/\/agenciainfra.com\/blog\/#\/schema\/logo\/image\/","url":"https:\/\/agenciainfra.com\/blog\/wp-content\/uploads\/2023\/09\/iNFRA_5-e1761735885940.png","contentUrl":"https:\/\/agenciainfra.com\/blog\/wp-content\/uploads\/2023\/09\/iNFRA_5-e1761735885940.png","width":1672,"height":454,"caption":"Ag\u00eancia iNFRA"},"image":{"@id":"https:\/\/agenciainfra.com\/blog\/#\/schema\/logo\/image\/"},"sameAs":["https:\/\/www.facebook.com\/ageninfra","https:\/\/x.com\/agencia_infra","https:\/\/www.linkedin.com\/company\/ag\u00eanciainfra\/","https:\/\/www.instagram.com\/agenciainfra\/"]},{"@type":"Person","@id":"https:\/\/agenciainfra.com\/blog\/#\/schema\/person\/34af08dff6adea4cb22b06612ba7acfa","name":"Ag\u00eancia iNFRA","image":{"@type":"ImageObject","inLanguage":"pt-BR","@id":"https:\/\/agenciainfra.com\/blog\/#\/schema\/person\/image\/","url":"https:\/\/secure.gravatar.com\/avatar\/d189e01678f06d8eb84d4e01f08eb848b3fffe3f8443818d3c356c66892f5be8?s=96&d=mm&r=g","contentUrl":"https:\/\/secure.gravatar.com\/avatar\/d189e01678f06d8eb84d4e01f08eb848b3fffe3f8443818d3c356c66892f5be8?s=96&d=mm&r=g","caption":"Ag\u00eancia iNFRA"},"url":"https:\/\/agenciainfra.com\/blog\/author\/admin\/"}]}},"_links":{"self":[{"href":"https:\/\/agenciainfra.com\/blog\/wp-json\/wp\/v2\/posts\/24772","targetHints":{"allow":["GET"]}}],"collection":[{"href":"https:\/\/agenciainfra.com\/blog\/wp-json\/wp\/v2\/posts"}],"about":[{"href":"https:\/\/agenciainfra.com\/blog\/wp-json\/wp\/v2\/types\/post"}],"author":[{"embeddable":true,"href":"https:\/\/agenciainfra.com\/blog\/wp-json\/wp\/v2\/users\/1"}],"replies":[{"embeddable":true,"href":"https:\/\/agenciainfra.com\/blog\/wp-json\/wp\/v2\/comments?post=24772"}],"version-history":[{"count":1,"href":"https:\/\/agenciainfra.com\/blog\/wp-json\/wp\/v2\/posts\/24772\/revisions"}],"predecessor-version":[{"id":24775,"href":"https:\/\/agenciainfra.com\/blog\/wp-json\/wp\/v2\/posts\/24772\/revisions\/24775"}],"wp:featuredmedia":[{"embeddable":true,"href":"https:\/\/agenciainfra.com\/blog\/wp-json\/wp\/v2\/media\/24774"}],"wp:attachment":[{"href":"https:\/\/agenciainfra.com\/blog\/wp-json\/wp\/v2\/media?parent=24772"}],"wp:term":[{"taxonomy":"category","embeddable":true,"href":"https:\/\/agenciainfra.com\/blog\/wp-json\/wp\/v2\/categories?post=24772"},{"taxonomy":"post_tag","embeddable":true,"href":"https:\/\/agenciainfra.com\/blog\/wp-json\/wp\/v2\/tags?post=24772"}],"curies":[{"name":"wp","href":"https:\/\/api.w.org\/{rel}","templated":true}]}}