{"id":24776,"date":"2025-07-16T16:00:00","date_gmt":"2025-07-16T19:00:00","guid":{"rendered":"https:\/\/agenciainfra.com\/blog\/?p=24776"},"modified":"2025-07-17T19:19:12","modified_gmt":"2025-07-17T22:19:12","slug":"cnn-talks-infra-para-governador-e-preciso-um-olhar-economico-sobre-a-preservacao-ambiental","status":"publish","type":"post","link":"https:\/\/agenciainfra.com\/blog\/cnn-talks-infra-para-governador-e-preciso-um-olhar-economico-sobre-a-preservacao-ambiental\/","title":{"rendered":"CNN Talks + iNFRA: Para governador, \u00e9 preciso um olhar econ\u00f4mico sobre a preserva\u00e7\u00e3o ambiental"},"content":{"rendered":"\n<p class=\"has-text-align-right\"><strong>da Ag\u00eancia iNFRA<\/strong><\/p>\n\n\n\n<p>Tema central na agenda das mudan\u00e7as clim\u00e1ticas, o financiamento clim\u00e1tico \u00e9 considerado essencial para viabilizar projetos de adapta\u00e7\u00e3o e mitiga\u00e7\u00e3o, com a necessidade de olhar a preserva\u00e7\u00e3o por um aspecto econ\u00f4mico.\u00a0Esses assuntos foram o foco do painel de encerramento do \u201cCNN Talks + iNFRA: COP30 | Resili\u00eancia Clim\u00e1tica \u2013 Regula\u00e7\u00e3o e Financiamento\u201d, promovido no \u00faltimo dia 8 de julho pela CNN Brasil e\u00a0<strong>Ag\u00eancia iNFRA<\/strong>, com patroc\u00ednio da Enel Brasil.<\/p>\n\n\n\n<p>Segundo documento apresentado na reuni\u00e3o dos Brics nesta semana, h\u00e1 uma estimativa de US$ 1,3 trilh\u00e3o em compensa\u00e7\u00f5es que os pa\u00edses desenvolvidos deveriam aportar para apoiar na\u00e7\u00f5es de renda m\u00e9dia e baixa, permitindo a redu\u00e7\u00e3o de emiss\u00f5es sem comprometer o desenvolvimento local. O Fundo Florestas Tropicais para Sempre (TFFF, na sigla em ingl\u00eas), proposto pelo Brasil para a preserva\u00e7\u00e3o das florestas tropicais, tamb\u00e9m foi tema das discuss\u00f5es.<\/p>\n\n\n\n<p>\u201cA quest\u00e3o das fontes de financiamento permeia toda a agenda clim\u00e1tica. Passa pela mobiliza\u00e7\u00e3o de recursos privados, onde as empresas t\u00eam papel fundamental, mas tamb\u00e9m pelos bancos multilaterais, pelo financiamento bilateral entre pa\u00edses e pelo compromisso de cada governo em destinar recursos p\u00fablicos. Nosso desafio \u00e9 criar marcos e compromissos que tornem esses recursos efetivos e dispon\u00edveis\u201d, afirmou o secret\u00e1rio de Mudan\u00e7as Clim\u00e1ticas do Minist\u00e9rio do Meio Ambiente e Mudan\u00e7a do Clima, Aloisio de Melo.<\/p>\n\n\n\n<p>Melo participou do painel \u201cFinanciamento Clim\u00e1tico: Quem paga o futuro?\u201d ao lado do governador do Mato Grosso do Sul, Eduardo Riedel, e da diretora-presidente da ANA (Ag\u00eancia Nacional de \u00c1guas e Saneamento B\u00e1sico), Veronica S\u00e1nchez.<\/p>\n\n\n\n<p>Junto \u00e0 preserva\u00e7\u00e3o das florestas, a infraestrutura h\u00eddrica foi apontada como um dos principais desafios de curto prazo, exigindo moderniza\u00e7\u00e3o e novos investimentos. \u201cO Brasil conta com infraestrutura h\u00eddrica constru\u00edda nas d\u00e9cadas de 1950, 1960 e 1970, basicamente com recursos da Uni\u00e3o\u201d, observou Veronica S\u00e1nchez, destacando que hoje o grande desafio \u00e9 o armazenamento de \u00e1gua.<\/p>\n\n\n\n<p>\u201cQuando se fala em mitiga\u00e7\u00e3o, pensamos em descarboniza\u00e7\u00e3o; quando se fala em adapta\u00e7\u00e3o, falamos em \u00e1gua. E o aumento da temperatura global pode reduzir a disponibilidade h\u00eddrica em at\u00e9 40% em grande parte do Brasil entre 2040 e 2070\u201d, completou, ao defender mais investimentos p\u00fablicos e privados no setor.<\/p>\n\n\n\n<p>A diretora-presidente da ANA ainda destacou parcerias com o setor privado e citou a expectativa de concluir a modelagem da concess\u00e3o da Transposi\u00e7\u00e3o do Rio S\u00e3o Francisco ainda neste ano.<\/p>\n\n\n\n<p><strong>Agricultura tropical<\/strong><br>O governador do Mato Grosso do Sul destacou que o financiamento tem sido viabilizado por um mix de pol\u00edticas p\u00fablicas e a\u00e7\u00f5es privadas. O estado, forte produtor agropecu\u00e1rio, enfrenta o desafio de equilibrar a produtividade, que \u00e9 base das exporta\u00e7\u00f5es brasileiras, com a preserva\u00e7\u00e3o do bioma Pantanal, o que tem sido feito com pol\u00edticas p\u00fablicas em conjunto com o setor privado.<\/p>\n\n\n\n<p>\u201cSe olharmos o uso e a ocupa\u00e7\u00e3o do solo nos \u00faltimos dez anos, veremos a din\u00e2mica de transi\u00e7\u00e3o para atividades que s\u00f3 a agricultura tropical pode oferecer ao mundo, em termos de produtividade e balan\u00e7o de carbono\u201d, disse, ao citar a capacidade da regi\u00e3o de reter carbono no solo e, ao mesmo tempo, garantir ganhos de produtividade e acesso a novas fontes de financiamento.<\/p>\n\n\n\n<p>Para o governador, a combina\u00e7\u00e3o entre produtividade agr\u00edcola e preserva\u00e7\u00e3o ambiental pode ampliar o acesso a financiamentos verdes e consolidar o Brasil como refer\u00eancia em pr\u00e1ticas de baixo carbono, defendendo que as pol\u00edticas ambientais devem ser vistas sob um vi\u00e9s econ\u00f4mico.<\/p>\n","protected":false},"excerpt":{"rendered":"<p>da Ag\u00eancia iNFRA Tema central na agenda das mudan\u00e7as clim\u00e1ticas, o financiamento clim\u00e1tico \u00e9 considerado essencial para viabilizar projetos de adapta\u00e7\u00e3o e mitiga\u00e7\u00e3o, com a necessidade de olhar a preserva\u00e7\u00e3o por um aspecto econ\u00f4mico.\u00a0Esses assuntos foram o foco do painel de encerramento do \u201cCNN Talks + iNFRA: COP30 | Resili\u00eancia Clim\u00e1tica \u2013 Regula\u00e7\u00e3o e Financiamento\u201d, [&hellip;]<\/p>\n","protected":false},"author":1,"featured_media":24778,"comment_status":"closed","ping_status":"closed","sticky":false,"template":"","format":"standard","meta":{"_monsterinsights_skip_tracking":false,"_monsterinsights_sitenote_active":false,"_monsterinsights_sitenote_note":"","_monsterinsights_sitenote_category":0,"footnotes":""},"categories":[7250,1,2053],"tags":[14407,14193,7119,14406,4401,5615,1306],"class_list":["post-24776","post","type-post","status-publish","format-standard","has-post-thumbnail","hentry","category-destaque-lista","category-geral","category-infraliveventos","tag-aloisio-de-melo","tag-cnn-talks-infra","tag-eduardo-riedel","tag-fundo-florestas-tropicais-para-sempre","tag-mudancas-climaticas","tag-preservacao-ambiental","tag-veronica-sanchez"],"yoast_head":"<!-- This site is optimized with the Yoast SEO Premium plugin v25.4 (Yoast SEO v26.0) - https:\/\/yoast.com\/wordpress\/plugins\/seo\/ -->\n<title>CNN Talks + iNFRA: Para governador, \u00e9 preciso um olhar econ\u00f4mico sobre a preserva\u00e7\u00e3o ambiental - Ag\u00eancia iNFRA<\/title>\n<meta name=\"robots\" content=\"index, follow, max-snippet:-1, max-image-preview:large, max-video-preview:-1\" \/>\n<link rel=\"canonical\" href=\"https:\/\/agenciainfra.com\/blog\/cnn-talks-infra-para-governador-e-preciso-um-olhar-economico-sobre-a-preservacao-ambiental\/\" \/>\n<meta property=\"og:locale\" content=\"pt_BR\" \/>\n<meta property=\"og:type\" content=\"article\" \/>\n<meta property=\"og:title\" content=\"CNN Talks + iNFRA: Para governador, \u00e9 preciso um olhar econ\u00f4mico sobre a preserva\u00e7\u00e3o ambiental\" \/>\n<meta property=\"og:description\" content=\"da Ag\u00eancia iNFRA Tema central na agenda das mudan\u00e7as clim\u00e1ticas, o financiamento clim\u00e1tico \u00e9 considerado essencial para viabilizar projetos de adapta\u00e7\u00e3o e mitiga\u00e7\u00e3o, com a necessidade de olhar a preserva\u00e7\u00e3o por um aspecto econ\u00f4mico.\u00a0Esses assuntos foram o foco do painel de encerramento do \u201cCNN Talks + iNFRA: COP30 | Resili\u00eancia Clim\u00e1tica \u2013 Regula\u00e7\u00e3o e Financiamento\u201d, [&hellip;]\" \/>\n<meta property=\"og:url\" content=\"https:\/\/agenciainfra.com\/blog\/cnn-talks-infra-para-governador-e-preciso-um-olhar-economico-sobre-a-preservacao-ambiental\/\" \/>\n<meta property=\"og:site_name\" content=\"Ag\u00eancia iNFRA\" \/>\n<meta property=\"article:publisher\" content=\"https:\/\/www.facebook.com\/ageninfra\" \/>\n<meta property=\"article:published_time\" content=\"2025-07-16T19:00:00+00:00\" \/>\n<meta property=\"article:modified_time\" content=\"2025-07-17T22:19:12+00:00\" \/>\n<meta property=\"og:image\" content=\"https:\/\/agenciainfra.com\/blog\/wp-content\/uploads\/2025\/07\/marcio-gomes-aloisio-de-melo-eduardo-riedel-e-veronica-sanchez-foto-sergio-dutti-agencia-infra.jpg\" \/>\n\t<meta property=\"og:image:width\" content=\"1280\" \/>\n\t<meta property=\"og:image:height\" content=\"804\" \/>\n\t<meta property=\"og:image:type\" content=\"image\/jpeg\" \/>\n<meta name=\"author\" content=\"Ag\u00eancia iNFRA\" \/>\n<meta name=\"twitter:card\" content=\"summary_large_image\" \/>\n<meta name=\"twitter:creator\" content=\"@agencia_infra\" \/>\n<meta name=\"twitter:site\" content=\"@agencia_infra\" \/>\n<meta name=\"twitter:label1\" content=\"Escrito por\" \/>\n\t<meta name=\"twitter:data1\" content=\"Ag\u00eancia iNFRA\" \/>\n\t<meta name=\"twitter:label2\" content=\"Est. tempo de leitura\" \/>\n\t<meta name=\"twitter:data2\" content=\"3 minutos\" \/>\n<script type=\"application\/ld+json\" class=\"yoast-schema-graph\">{\"@context\":\"https:\/\/schema.org\",\"@graph\":[{\"@type\":\"Article\",\"@id\":\"https:\/\/agenciainfra.com\/blog\/cnn-talks-infra-para-governador-e-preciso-um-olhar-economico-sobre-a-preservacao-ambiental\/#article\",\"isPartOf\":{\"@id\":\"https:\/\/agenciainfra.com\/blog\/cnn-talks-infra-para-governador-e-preciso-um-olhar-economico-sobre-a-preservacao-ambiental\/\"},\"author\":{\"name\":\"Ag\u00eancia iNFRA\",\"@id\":\"https:\/\/agenciainfra.com\/blog\/#\/schema\/person\/34af08dff6adea4cb22b06612ba7acfa\"},\"headline\":\"CNN Talks + iNFRA: Para governador, \u00e9 preciso um olhar econ\u00f4mico sobre a preserva\u00e7\u00e3o ambiental\",\"datePublished\":\"2025-07-16T19:00:00+00:00\",\"dateModified\":\"2025-07-17T22:19:12+00:00\",\"mainEntityOfPage\":{\"@id\":\"https:\/\/agenciainfra.com\/blog\/cnn-talks-infra-para-governador-e-preciso-um-olhar-economico-sobre-a-preservacao-ambiental\/\"},\"wordCount\":632,\"publisher\":{\"@id\":\"https:\/\/agenciainfra.com\/blog\/#organization\"},\"image\":{\"@id\":\"https:\/\/agenciainfra.com\/blog\/cnn-talks-infra-para-governador-e-preciso-um-olhar-economico-sobre-a-preservacao-ambiental\/#primaryimage\"},\"thumbnailUrl\":\"https:\/\/agenciainfra.com\/blog\/wp-content\/uploads\/2025\/07\/marcio-gomes-aloisio-de-melo-eduardo-riedel-e-veronica-sanchez-foto-sergio-dutti-agencia-infra.jpg\",\"keywords\":[\"Aloisio de Melo\",\"cnn talks + infra\",\"Eduardo Riedel\",\"Fundo Florestas Tropicais para Sempre\",\"mudan\u00e7as clim\u00e1ticas\",\"preserva\u00e7\u00e3o ambiental\",\"Veronica S\u00e1nchez\"],\"articleSection\":[\"Destaque lista\",\"Geral\",\"iNFRALive e Eventos\"],\"inLanguage\":\"pt-BR\",\"copyrightYear\":\"2025\",\"copyrightHolder\":{\"@id\":\"https:\/\/agenciainfra.com\/blog\/#organization\"}},{\"@type\":\"WebPage\",\"@id\":\"https:\/\/agenciainfra.com\/blog\/cnn-talks-infra-para-governador-e-preciso-um-olhar-economico-sobre-a-preservacao-ambiental\/\",\"url\":\"https:\/\/agenciainfra.com\/blog\/cnn-talks-infra-para-governador-e-preciso-um-olhar-economico-sobre-a-preservacao-ambiental\/\",\"name\":\"CNN Talks + iNFRA: Para governador, \u00e9 preciso um olhar econ\u00f4mico sobre a preserva\u00e7\u00e3o ambiental - Ag\u00eancia iNFRA\",\"isPartOf\":{\"@id\":\"https:\/\/agenciainfra.com\/blog\/#website\"},\"primaryImageOfPage\":{\"@id\":\"https:\/\/agenciainfra.com\/blog\/cnn-talks-infra-para-governador-e-preciso-um-olhar-economico-sobre-a-preservacao-ambiental\/#primaryimage\"},\"image\":{\"@id\":\"https:\/\/agenciainfra.com\/blog\/cnn-talks-infra-para-governador-e-preciso-um-olhar-economico-sobre-a-preservacao-ambiental\/#primaryimage\"},\"thumbnailUrl\":\"https:\/\/agenciainfra.com\/blog\/wp-content\/uploads\/2025\/07\/marcio-gomes-aloisio-de-melo-eduardo-riedel-e-veronica-sanchez-foto-sergio-dutti-agencia-infra.jpg\",\"datePublished\":\"2025-07-16T19:00:00+00:00\",\"dateModified\":\"2025-07-17T22:19:12+00:00\",\"breadcrumb\":{\"@id\":\"https:\/\/agenciainfra.com\/blog\/cnn-talks-infra-para-governador-e-preciso-um-olhar-economico-sobre-a-preservacao-ambiental\/#breadcrumb\"},\"inLanguage\":\"pt-BR\",\"potentialAction\":[{\"@type\":\"ReadAction\",\"target\":[\"https:\/\/agenciainfra.com\/blog\/cnn-talks-infra-para-governador-e-preciso-um-olhar-economico-sobre-a-preservacao-ambiental\/\"]}]},{\"@type\":\"ImageObject\",\"inLanguage\":\"pt-BR\",\"@id\":\"https:\/\/agenciainfra.com\/blog\/cnn-talks-infra-para-governador-e-preciso-um-olhar-economico-sobre-a-preservacao-ambiental\/#primaryimage\",\"url\":\"https:\/\/agenciainfra.com\/blog\/wp-content\/uploads\/2025\/07\/marcio-gomes-aloisio-de-melo-eduardo-riedel-e-veronica-sanchez-foto-sergio-dutti-agencia-infra.jpg\",\"contentUrl\":\"https:\/\/agenciainfra.com\/blog\/wp-content\/uploads\/2025\/07\/marcio-gomes-aloisio-de-melo-eduardo-riedel-e-veronica-sanchez-foto-sergio-dutti-agencia-infra.jpg\",\"width\":1280,\"height\":804,\"caption\":\"Foto: S\u00e9rgio Dutti\/Ag\u00eancia iNFRA\"},{\"@type\":\"BreadcrumbList\",\"@id\":\"https:\/\/agenciainfra.com\/blog\/cnn-talks-infra-para-governador-e-preciso-um-olhar-economico-sobre-a-preservacao-ambiental\/#breadcrumb\",\"itemListElement\":[{\"@type\":\"ListItem\",\"position\":1,\"name\":\"In\u00edcio\",\"item\":\"https:\/\/agenciainfra.com\/blog\/\"},{\"@type\":\"ListItem\",\"position\":2,\"name\":\"CNN Talks + iNFRA: Para governador, \u00e9 preciso um olhar econ\u00f4mico sobre a preserva\u00e7\u00e3o ambiental\"}]},{\"@type\":\"WebSite\",\"@id\":\"https:\/\/agenciainfra.com\/blog\/#website\",\"url\":\"https:\/\/agenciainfra.com\/blog\/\",\"name\":\"Ag\u00eancia iNFRA\",\"description\":\"Multiplataforma de informa\u00e7\u00e3o jornal\u00edstica refer\u00eancia na \u00e1rea de infraestrutura no Brasil!\",\"publisher\":{\"@id\":\"https:\/\/agenciainfra.com\/blog\/#organization\"},\"potentialAction\":[{\"@type\":\"SearchAction\",\"target\":{\"@type\":\"EntryPoint\",\"urlTemplate\":\"https:\/\/agenciainfra.com\/blog\/?s={search_term_string}\"},\"query-input\":{\"@type\":\"PropertyValueSpecification\",\"valueRequired\":true,\"valueName\":\"search_term_string\"}}],\"inLanguage\":\"pt-BR\"},{\"@type\":\"Organization\",\"@id\":\"https:\/\/agenciainfra.com\/blog\/#organization\",\"name\":\"Ag\u00eancia iNFRA\",\"url\":\"https:\/\/agenciainfra.com\/blog\/\",\"logo\":{\"@type\":\"ImageObject\",\"inLanguage\":\"pt-BR\",\"@id\":\"https:\/\/agenciainfra.com\/blog\/#\/schema\/logo\/image\/\",\"url\":\"https:\/\/agenciainfra.com\/blog\/wp-content\/uploads\/2023\/09\/iNFRA_5-e1761735885940.png\",\"contentUrl\":\"https:\/\/agenciainfra.com\/blog\/wp-content\/uploads\/2023\/09\/iNFRA_5-e1761735885940.png\",\"width\":1672,\"height\":454,\"caption\":\"Ag\u00eancia iNFRA\"},\"image\":{\"@id\":\"https:\/\/agenciainfra.com\/blog\/#\/schema\/logo\/image\/\"},\"sameAs\":[\"https:\/\/www.facebook.com\/ageninfra\",\"https:\/\/x.com\/agencia_infra\",\"https:\/\/www.linkedin.com\/company\/ag\u00eanciainfra\/\",\"https:\/\/www.instagram.com\/agenciainfra\/\"]},{\"@type\":\"Person\",\"@id\":\"https:\/\/agenciainfra.com\/blog\/#\/schema\/person\/34af08dff6adea4cb22b06612ba7acfa\",\"name\":\"Ag\u00eancia iNFRA\",\"image\":{\"@type\":\"ImageObject\",\"inLanguage\":\"pt-BR\",\"@id\":\"https:\/\/agenciainfra.com\/blog\/#\/schema\/person\/image\/\",\"url\":\"https:\/\/secure.gravatar.com\/avatar\/d189e01678f06d8eb84d4e01f08eb848b3fffe3f8443818d3c356c66892f5be8?s=96&d=mm&r=g\",\"contentUrl\":\"https:\/\/secure.gravatar.com\/avatar\/d189e01678f06d8eb84d4e01f08eb848b3fffe3f8443818d3c356c66892f5be8?s=96&d=mm&r=g\",\"caption\":\"Ag\u00eancia iNFRA\"},\"url\":\"https:\/\/agenciainfra.com\/blog\/author\/admin\/\"}]}<\/script>\n<!-- \/ Yoast SEO Premium plugin. -->","yoast_head_json":{"title":"CNN Talks + iNFRA: Para governador, \u00e9 preciso um olhar econ\u00f4mico sobre a preserva\u00e7\u00e3o ambiental - Ag\u00eancia iNFRA","robots":{"index":"index","follow":"follow","max-snippet":"max-snippet:-1","max-image-preview":"max-image-preview:large","max-video-preview":"max-video-preview:-1"},"canonical":"https:\/\/agenciainfra.com\/blog\/cnn-talks-infra-para-governador-e-preciso-um-olhar-economico-sobre-a-preservacao-ambiental\/","og_locale":"pt_BR","og_type":"article","og_title":"CNN Talks + iNFRA: Para governador, \u00e9 preciso um olhar econ\u00f4mico sobre a preserva\u00e7\u00e3o ambiental","og_description":"da Ag\u00eancia iNFRA Tema central na agenda das mudan\u00e7as clim\u00e1ticas, o financiamento clim\u00e1tico \u00e9 considerado essencial para viabilizar projetos de adapta\u00e7\u00e3o e mitiga\u00e7\u00e3o, com a necessidade de olhar a preserva\u00e7\u00e3o por um aspecto econ\u00f4mico.\u00a0Esses assuntos foram o foco do painel de encerramento do \u201cCNN Talks + iNFRA: COP30 | Resili\u00eancia Clim\u00e1tica \u2013 Regula\u00e7\u00e3o e Financiamento\u201d, [&hellip;]","og_url":"https:\/\/agenciainfra.com\/blog\/cnn-talks-infra-para-governador-e-preciso-um-olhar-economico-sobre-a-preservacao-ambiental\/","og_site_name":"Ag\u00eancia iNFRA","article_publisher":"https:\/\/www.facebook.com\/ageninfra","article_published_time":"2025-07-16T19:00:00+00:00","article_modified_time":"2025-07-17T22:19:12+00:00","og_image":[{"width":1280,"height":804,"url":"https:\/\/agenciainfra.com\/blog\/wp-content\/uploads\/2025\/07\/marcio-gomes-aloisio-de-melo-eduardo-riedel-e-veronica-sanchez-foto-sergio-dutti-agencia-infra.jpg","type":"image\/jpeg"}],"author":"Ag\u00eancia iNFRA","twitter_card":"summary_large_image","twitter_creator":"@agencia_infra","twitter_site":"@agencia_infra","twitter_misc":{"Escrito por":"Ag\u00eancia iNFRA","Est. tempo de leitura":"3 minutos"},"schema":{"@context":"https:\/\/schema.org","@graph":[{"@type":"Article","@id":"https:\/\/agenciainfra.com\/blog\/cnn-talks-infra-para-governador-e-preciso-um-olhar-economico-sobre-a-preservacao-ambiental\/#article","isPartOf":{"@id":"https:\/\/agenciainfra.com\/blog\/cnn-talks-infra-para-governador-e-preciso-um-olhar-economico-sobre-a-preservacao-ambiental\/"},"author":{"name":"Ag\u00eancia iNFRA","@id":"https:\/\/agenciainfra.com\/blog\/#\/schema\/person\/34af08dff6adea4cb22b06612ba7acfa"},"headline":"CNN Talks + iNFRA: Para governador, \u00e9 preciso um olhar econ\u00f4mico sobre a preserva\u00e7\u00e3o ambiental","datePublished":"2025-07-16T19:00:00+00:00","dateModified":"2025-07-17T22:19:12+00:00","mainEntityOfPage":{"@id":"https:\/\/agenciainfra.com\/blog\/cnn-talks-infra-para-governador-e-preciso-um-olhar-economico-sobre-a-preservacao-ambiental\/"},"wordCount":632,"publisher":{"@id":"https:\/\/agenciainfra.com\/blog\/#organization"},"image":{"@id":"https:\/\/agenciainfra.com\/blog\/cnn-talks-infra-para-governador-e-preciso-um-olhar-economico-sobre-a-preservacao-ambiental\/#primaryimage"},"thumbnailUrl":"https:\/\/agenciainfra.com\/blog\/wp-content\/uploads\/2025\/07\/marcio-gomes-aloisio-de-melo-eduardo-riedel-e-veronica-sanchez-foto-sergio-dutti-agencia-infra.jpg","keywords":["Aloisio de Melo","cnn talks + infra","Eduardo Riedel","Fundo Florestas Tropicais para Sempre","mudan\u00e7as clim\u00e1ticas","preserva\u00e7\u00e3o ambiental","Veronica S\u00e1nchez"],"articleSection":["Destaque lista","Geral","iNFRALive e Eventos"],"inLanguage":"pt-BR","copyrightYear":"2025","copyrightHolder":{"@id":"https:\/\/agenciainfra.com\/blog\/#organization"}},{"@type":"WebPage","@id":"https:\/\/agenciainfra.com\/blog\/cnn-talks-infra-para-governador-e-preciso-um-olhar-economico-sobre-a-preservacao-ambiental\/","url":"https:\/\/agenciainfra.com\/blog\/cnn-talks-infra-para-governador-e-preciso-um-olhar-economico-sobre-a-preservacao-ambiental\/","name":"CNN Talks + iNFRA: Para governador, \u00e9 preciso um olhar econ\u00f4mico sobre a preserva\u00e7\u00e3o ambiental - Ag\u00eancia iNFRA","isPartOf":{"@id":"https:\/\/agenciainfra.com\/blog\/#website"},"primaryImageOfPage":{"@id":"https:\/\/agenciainfra.com\/blog\/cnn-talks-infra-para-governador-e-preciso-um-olhar-economico-sobre-a-preservacao-ambiental\/#primaryimage"},"image":{"@id":"https:\/\/agenciainfra.com\/blog\/cnn-talks-infra-para-governador-e-preciso-um-olhar-economico-sobre-a-preservacao-ambiental\/#primaryimage"},"thumbnailUrl":"https:\/\/agenciainfra.com\/blog\/wp-content\/uploads\/2025\/07\/marcio-gomes-aloisio-de-melo-eduardo-riedel-e-veronica-sanchez-foto-sergio-dutti-agencia-infra.jpg","datePublished":"2025-07-16T19:00:00+00:00","dateModified":"2025-07-17T22:19:12+00:00","breadcrumb":{"@id":"https:\/\/agenciainfra.com\/blog\/cnn-talks-infra-para-governador-e-preciso-um-olhar-economico-sobre-a-preservacao-ambiental\/#breadcrumb"},"inLanguage":"pt-BR","potentialAction":[{"@type":"ReadAction","target":["https:\/\/agenciainfra.com\/blog\/cnn-talks-infra-para-governador-e-preciso-um-olhar-economico-sobre-a-preservacao-ambiental\/"]}]},{"@type":"ImageObject","inLanguage":"pt-BR","@id":"https:\/\/agenciainfra.com\/blog\/cnn-talks-infra-para-governador-e-preciso-um-olhar-economico-sobre-a-preservacao-ambiental\/#primaryimage","url":"https:\/\/agenciainfra.com\/blog\/wp-content\/uploads\/2025\/07\/marcio-gomes-aloisio-de-melo-eduardo-riedel-e-veronica-sanchez-foto-sergio-dutti-agencia-infra.jpg","contentUrl":"https:\/\/agenciainfra.com\/blog\/wp-content\/uploads\/2025\/07\/marcio-gomes-aloisio-de-melo-eduardo-riedel-e-veronica-sanchez-foto-sergio-dutti-agencia-infra.jpg","width":1280,"height":804,"caption":"Foto: S\u00e9rgio Dutti\/Ag\u00eancia iNFRA"},{"@type":"BreadcrumbList","@id":"https:\/\/agenciainfra.com\/blog\/cnn-talks-infra-para-governador-e-preciso-um-olhar-economico-sobre-a-preservacao-ambiental\/#breadcrumb","itemListElement":[{"@type":"ListItem","position":1,"name":"In\u00edcio","item":"https:\/\/agenciainfra.com\/blog\/"},{"@type":"ListItem","position":2,"name":"CNN Talks + iNFRA: Para governador, \u00e9 preciso um olhar econ\u00f4mico sobre a preserva\u00e7\u00e3o ambiental"}]},{"@type":"WebSite","@id":"https:\/\/agenciainfra.com\/blog\/#website","url":"https:\/\/agenciainfra.com\/blog\/","name":"Ag\u00eancia iNFRA","description":"Multiplataforma de informa\u00e7\u00e3o jornal\u00edstica refer\u00eancia na \u00e1rea de infraestrutura no Brasil!","publisher":{"@id":"https:\/\/agenciainfra.com\/blog\/#organization"},"potentialAction":[{"@type":"SearchAction","target":{"@type":"EntryPoint","urlTemplate":"https:\/\/agenciainfra.com\/blog\/?s={search_term_string}"},"query-input":{"@type":"PropertyValueSpecification","valueRequired":true,"valueName":"search_term_string"}}],"inLanguage":"pt-BR"},{"@type":"Organization","@id":"https:\/\/agenciainfra.com\/blog\/#organization","name":"Ag\u00eancia iNFRA","url":"https:\/\/agenciainfra.com\/blog\/","logo":{"@type":"ImageObject","inLanguage":"pt-BR","@id":"https:\/\/agenciainfra.com\/blog\/#\/schema\/logo\/image\/","url":"https:\/\/agenciainfra.com\/blog\/wp-content\/uploads\/2023\/09\/iNFRA_5-e1761735885940.png","contentUrl":"https:\/\/agenciainfra.com\/blog\/wp-content\/uploads\/2023\/09\/iNFRA_5-e1761735885940.png","width":1672,"height":454,"caption":"Ag\u00eancia iNFRA"},"image":{"@id":"https:\/\/agenciainfra.com\/blog\/#\/schema\/logo\/image\/"},"sameAs":["https:\/\/www.facebook.com\/ageninfra","https:\/\/x.com\/agencia_infra","https:\/\/www.linkedin.com\/company\/ag\u00eanciainfra\/","https:\/\/www.instagram.com\/agenciainfra\/"]},{"@type":"Person","@id":"https:\/\/agenciainfra.com\/blog\/#\/schema\/person\/34af08dff6adea4cb22b06612ba7acfa","name":"Ag\u00eancia iNFRA","image":{"@type":"ImageObject","inLanguage":"pt-BR","@id":"https:\/\/agenciainfra.com\/blog\/#\/schema\/person\/image\/","url":"https:\/\/secure.gravatar.com\/avatar\/d189e01678f06d8eb84d4e01f08eb848b3fffe3f8443818d3c356c66892f5be8?s=96&d=mm&r=g","contentUrl":"https:\/\/secure.gravatar.com\/avatar\/d189e01678f06d8eb84d4e01f08eb848b3fffe3f8443818d3c356c66892f5be8?s=96&d=mm&r=g","caption":"Ag\u00eancia iNFRA"},"url":"https:\/\/agenciainfra.com\/blog\/author\/admin\/"}]}},"_links":{"self":[{"href":"https:\/\/agenciainfra.com\/blog\/wp-json\/wp\/v2\/posts\/24776","targetHints":{"allow":["GET"]}}],"collection":[{"href":"https:\/\/agenciainfra.com\/blog\/wp-json\/wp\/v2\/posts"}],"about":[{"href":"https:\/\/agenciainfra.com\/blog\/wp-json\/wp\/v2\/types\/post"}],"author":[{"embeddable":true,"href":"https:\/\/agenciainfra.com\/blog\/wp-json\/wp\/v2\/users\/1"}],"replies":[{"embeddable":true,"href":"https:\/\/agenciainfra.com\/blog\/wp-json\/wp\/v2\/comments?post=24776"}],"version-history":[{"count":1,"href":"https:\/\/agenciainfra.com\/blog\/wp-json\/wp\/v2\/posts\/24776\/revisions"}],"predecessor-version":[{"id":24780,"href":"https:\/\/agenciainfra.com\/blog\/wp-json\/wp\/v2\/posts\/24776\/revisions\/24780"}],"wp:featuredmedia":[{"embeddable":true,"href":"https:\/\/agenciainfra.com\/blog\/wp-json\/wp\/v2\/media\/24778"}],"wp:attachment":[{"href":"https:\/\/agenciainfra.com\/blog\/wp-json\/wp\/v2\/media?parent=24776"}],"wp:term":[{"taxonomy":"category","embeddable":true,"href":"https:\/\/agenciainfra.com\/blog\/wp-json\/wp\/v2\/categories?post=24776"},{"taxonomy":"post_tag","embeddable":true,"href":"https:\/\/agenciainfra.com\/blog\/wp-json\/wp\/v2\/tags?post=24776"}],"curies":[{"name":"wp","href":"https:\/\/api.w.org\/{rel}","templated":true}]}}