{"id":24792,"date":"2025-07-16T15:00:57","date_gmt":"2025-07-16T18:00:57","guid":{"rendered":"https:\/\/agenciainfra.com\/blog\/?p=24792"},"modified":"2025-07-17T14:01:13","modified_gmt":"2025-07-17T17:01:13","slug":"origem-planeja-investir-r-39-bilhoes-em-estocagem-de-gas-e-termeletricas-do-lrcap","status":"publish","type":"post","link":"https:\/\/agenciainfra.com\/blog\/origem-planeja-investir-r-39-bilhoes-em-estocagem-de-gas-e-termeletricas-do-lrcap\/","title":{"rendered":"Origem planeja investir R$ 3,9 bilh\u00f5es em estocagem de g\u00e1s e termel\u00e9tricas do LRCAP"},"content":{"rendered":"\n<p class=\"has-text-align-right\"><strong>Gabriel Vasconcelos, da Ag\u00eancia iNFRA<\/strong><\/p>\n\n\n\n<p>A Origem Energia planeja investir R$ 3,9 bilh\u00f5es, US$ 700 milh\u00f5es no c\u00e2mbio atual, em projetos de termel\u00e9tricas e de estocagem de g\u00e1s no estado de Alagoas, anunciou o CEO Luiz Felipe Coutinho, em evento promovido pela companhia em Macei\u00f3 (AL).<\/p>\n\n\n\n<p>Os projetos de gera\u00e7\u00e3o termel\u00e9trica v\u00e3o disputar o LRCAP (Leil\u00e3o de Reserva de Capacidade na forma de Pot\u00eancia), ainda em prepara\u00e7\u00e3o pelo MME (Minist\u00e9rio de Minas e Energia) ap\u00f3s adiamento em junho. As t\u00e9rmicas, a serem instaladas em cima do po\u00e7o, no modelo &#8220;reservoir-to-wire&#8221;, (do reservat\u00f3rio para o fio) respondem pela maior parte do investimento, R$ 2,8 bilh\u00f5es (US$ 500 milh\u00f5es). \u201cO objetivo \u00e9 tornar Alagoas uma bateria do sistema el\u00e9trico brasileiro\u201d, afirma Coutinho.<\/p>\n\n\n\n<p><strong>Estocagem de g\u00e1s<\/strong><br>Mais encaminhado, o projeto de estocagem subterr\u00e2nea de g\u00e1s natural conta com um joint venture com participa\u00e7\u00e3o da transportadora TAG e est\u00e1 or\u00e7ado em R$ 1,1 bilh\u00e3o (US$ 200 milh\u00f5es). A iniciativa obteve nesta ter\u00e7a-feira (15) a licen\u00e7a ambiental pr\u00e9via do IMA (Instituto do Meio Ambiente de Alagoas), a primeira das tr\u00eas necess\u00e1rias para o licenciamento completo. Falta, ainda, a autoriza\u00e7\u00e3o da ANP (Ag\u00eancia Nacional do Petr\u00f3leo, G\u00e1s Natural e Biocombust\u00edveis).<\/p>\n\n\n\n<p>Nesse caso, a TAG responde por parcela importante do investimento e a Origem entra, principalmente, com os po\u00e7os depletados do Polo Alagoas \u2013 aqueles que j\u00e1 n\u00e3o s\u00e3o mais economicamente vi\u00e1veis. As estruturas foram compradas da Petrobras em 2021 dentro de um pacote que custou US$ 300 milh\u00f5es e inclu\u00eda concess\u00f5es produtivas, al\u00e9m de infraestrutura de tratamento e escoamento de g\u00e1s.<\/p>\n\n\n\n<p>A capacidade de armazenagem dos reservat\u00f3rios depletados do Polo de Alagoas gira em torno de 1,5 bilh\u00e3o de metros c\u00fabicos, mas esse volume potencial para estocagem deve ser usado gradualmente. <\/p>\n\n\n\n<p>O g\u00e1s estocado pode servir a uma s\u00e9rie de neg\u00f3cios, desde as pr\u00f3prias termel\u00e9tricas planejadas pela Origem, quanto para armazenar a produ\u00e7\u00e3o da companhia ou de petroleiras que poduzem g\u00e1s associado a petr\u00f3leo em per\u00edodos de baixa demanda. Sobretudo para essas empresas, com fluxo cont\u00ednuo de produ\u00e7\u00e3o, o neg\u00f3cio \u00e9 disruptivo.<\/p>\n\n\n\n<p>Principal foco da Origem no momento, o Polo Alagoas, na Bacia de Sergipe-Alagoas, produz hoje 1,6 milh\u00e3o de metros c\u00fabicos de g\u00e1s por dia e 3,7 mil barris de petr\u00f3leo. Mas a companhia tamb\u00e9m tem concess\u00f5es nas bacias Tucano Sul (BA), Rec\u00f4ncavo (BA), Potiguar (RN) e Esp\u00edrito Santo (ES).<\/p>\n","protected":false},"excerpt":{"rendered":"<p>Gabriel Vasconcelos, da Ag\u00eancia iNFRA A Origem Energia planeja investir R$ 3,9 bilh\u00f5es, US$ 700 milh\u00f5es no c\u00e2mbio atual, em projetos de termel\u00e9tricas e de estocagem de g\u00e1s no estado de Alagoas, anunciou o CEO Luiz Felipe Coutinho, em evento promovido pela companhia em Macei\u00f3 (AL). Os projetos de gera\u00e7\u00e3o termel\u00e9trica v\u00e3o disputar o LRCAP [&hellip;]<\/p>\n","protected":false},"author":1,"featured_media":24796,"comment_status":"closed","ping_status":"closed","sticky":false,"template":"","format":"standard","meta":{"_monsterinsights_skip_tracking":false,"_monsterinsights_sitenote_active":false,"_monsterinsights_sitenote_note":"","_monsterinsights_sitenote_category":0,"footnotes":""},"categories":[7250,1,10],"tags":[3701,13251,343,882,14383],"class_list":["post-24792","post","type-post","status-publish","format-standard","has-post-thumbnail","hentry","category-destaque-lista","category-geral","category-infraenergia","tag-alagoas","tag-gabriel-vasconcelos","tag-gas","tag-gas-natural","tag-origem-energia"],"yoast_head":"<!-- This site is optimized with the Yoast SEO Premium plugin v25.4 (Yoast SEO v26.0) - https:\/\/yoast.com\/wordpress\/plugins\/seo\/ -->\n<title>Origem planeja investir R$ 3,9 bilh\u00f5es em estocagem de g\u00e1s e termel\u00e9tricas do LRCAP - Ag\u00eancia iNFRA<\/title>\n<meta name=\"robots\" content=\"index, follow, max-snippet:-1, max-image-preview:large, max-video-preview:-1\" \/>\n<link rel=\"canonical\" href=\"https:\/\/agenciainfra.com\/blog\/origem-planeja-investir-r-39-bilhoes-em-estocagem-de-gas-e-termeletricas-do-lrcap\/\" \/>\n<meta property=\"og:locale\" content=\"pt_BR\" \/>\n<meta property=\"og:type\" content=\"article\" \/>\n<meta property=\"og:title\" content=\"Origem planeja investir R$ 3,9 bilh\u00f5es em estocagem de g\u00e1s e termel\u00e9tricas do LRCAP\" \/>\n<meta property=\"og:description\" content=\"Gabriel Vasconcelos, da Ag\u00eancia iNFRA A Origem Energia planeja investir R$ 3,9 bilh\u00f5es, US$ 700 milh\u00f5es no c\u00e2mbio atual, em projetos de termel\u00e9tricas e de estocagem de g\u00e1s no estado de Alagoas, anunciou o CEO Luiz Felipe Coutinho, em evento promovido pela companhia em Macei\u00f3 (AL). Os projetos de gera\u00e7\u00e3o termel\u00e9trica v\u00e3o disputar o LRCAP [&hellip;]\" \/>\n<meta property=\"og:url\" content=\"https:\/\/agenciainfra.com\/blog\/origem-planeja-investir-r-39-bilhoes-em-estocagem-de-gas-e-termeletricas-do-lrcap\/\" \/>\n<meta property=\"og:site_name\" content=\"Ag\u00eancia iNFRA\" \/>\n<meta property=\"article:publisher\" content=\"https:\/\/www.facebook.com\/ageninfra\" \/>\n<meta property=\"article:published_time\" content=\"2025-07-16T18:00:57+00:00\" \/>\n<meta property=\"article:modified_time\" content=\"2025-07-17T17:01:13+00:00\" \/>\n<meta property=\"og:image\" content=\"https:\/\/agenciainfra.com\/blog\/wp-content\/uploads\/2025\/07\/Origem-Energia.jpeg\" \/>\n\t<meta property=\"og:image:width\" content=\"1280\" \/>\n\t<meta property=\"og:image:height\" content=\"853\" \/>\n\t<meta property=\"og:image:type\" content=\"image\/jpeg\" \/>\n<meta name=\"author\" content=\"Ag\u00eancia iNFRA\" \/>\n<meta name=\"twitter:card\" content=\"summary_large_image\" \/>\n<meta name=\"twitter:creator\" content=\"@agencia_infra\" \/>\n<meta name=\"twitter:site\" content=\"@agencia_infra\" \/>\n<meta name=\"twitter:label1\" content=\"Escrito por\" \/>\n\t<meta name=\"twitter:data1\" content=\"Ag\u00eancia iNFRA\" \/>\n\t<meta name=\"twitter:label2\" content=\"Est. tempo de leitura\" \/>\n\t<meta name=\"twitter:data2\" content=\"2 minutos\" \/>\n<script type=\"application\/ld+json\" class=\"yoast-schema-graph\">{\"@context\":\"https:\/\/schema.org\",\"@graph\":[{\"@type\":\"Article\",\"@id\":\"https:\/\/agenciainfra.com\/blog\/origem-planeja-investir-r-39-bilhoes-em-estocagem-de-gas-e-termeletricas-do-lrcap\/#article\",\"isPartOf\":{\"@id\":\"https:\/\/agenciainfra.com\/blog\/origem-planeja-investir-r-39-bilhoes-em-estocagem-de-gas-e-termeletricas-do-lrcap\/\"},\"author\":{\"name\":\"Ag\u00eancia iNFRA\",\"@id\":\"https:\/\/agenciainfra.com\/blog\/#\/schema\/person\/34af08dff6adea4cb22b06612ba7acfa\"},\"headline\":\"Origem planeja investir R$ 3,9 bilh\u00f5es em estocagem de g\u00e1s e termel\u00e9tricas do LRCAP\",\"datePublished\":\"2025-07-16T18:00:57+00:00\",\"dateModified\":\"2025-07-17T17:01:13+00:00\",\"mainEntityOfPage\":{\"@id\":\"https:\/\/agenciainfra.com\/blog\/origem-planeja-investir-r-39-bilhoes-em-estocagem-de-gas-e-termeletricas-do-lrcap\/\"},\"wordCount\":455,\"publisher\":{\"@id\":\"https:\/\/agenciainfra.com\/blog\/#organization\"},\"image\":{\"@id\":\"https:\/\/agenciainfra.com\/blog\/origem-planeja-investir-r-39-bilhoes-em-estocagem-de-gas-e-termeletricas-do-lrcap\/#primaryimage\"},\"thumbnailUrl\":\"https:\/\/agenciainfra.com\/blog\/wp-content\/uploads\/2025\/07\/Origem-Energia.jpeg\",\"keywords\":[\"Alagoas\",\"Gabriel Vasconcelos\",\"g\u00e1s\",\"g\u00e1s natural\",\"Origem Energia\"],\"articleSection\":[\"Destaque lista\",\"Geral\",\"iNFRAEnergia\"],\"inLanguage\":\"pt-BR\",\"copyrightYear\":\"2025\",\"copyrightHolder\":{\"@id\":\"https:\/\/agenciainfra.com\/blog\/#organization\"}},{\"@type\":\"WebPage\",\"@id\":\"https:\/\/agenciainfra.com\/blog\/origem-planeja-investir-r-39-bilhoes-em-estocagem-de-gas-e-termeletricas-do-lrcap\/\",\"url\":\"https:\/\/agenciainfra.com\/blog\/origem-planeja-investir-r-39-bilhoes-em-estocagem-de-gas-e-termeletricas-do-lrcap\/\",\"name\":\"Origem planeja investir R$ 3,9 bilh\u00f5es em estocagem de g\u00e1s e termel\u00e9tricas do LRCAP - Ag\u00eancia iNFRA\",\"isPartOf\":{\"@id\":\"https:\/\/agenciainfra.com\/blog\/#website\"},\"primaryImageOfPage\":{\"@id\":\"https:\/\/agenciainfra.com\/blog\/origem-planeja-investir-r-39-bilhoes-em-estocagem-de-gas-e-termeletricas-do-lrcap\/#primaryimage\"},\"image\":{\"@id\":\"https:\/\/agenciainfra.com\/blog\/origem-planeja-investir-r-39-bilhoes-em-estocagem-de-gas-e-termeletricas-do-lrcap\/#primaryimage\"},\"thumbnailUrl\":\"https:\/\/agenciainfra.com\/blog\/wp-content\/uploads\/2025\/07\/Origem-Energia.jpeg\",\"datePublished\":\"2025-07-16T18:00:57+00:00\",\"dateModified\":\"2025-07-17T17:01:13+00:00\",\"breadcrumb\":{\"@id\":\"https:\/\/agenciainfra.com\/blog\/origem-planeja-investir-r-39-bilhoes-em-estocagem-de-gas-e-termeletricas-do-lrcap\/#breadcrumb\"},\"inLanguage\":\"pt-BR\",\"potentialAction\":[{\"@type\":\"ReadAction\",\"target\":[\"https:\/\/agenciainfra.com\/blog\/origem-planeja-investir-r-39-bilhoes-em-estocagem-de-gas-e-termeletricas-do-lrcap\/\"]}]},{\"@type\":\"ImageObject\",\"inLanguage\":\"pt-BR\",\"@id\":\"https:\/\/agenciainfra.com\/blog\/origem-planeja-investir-r-39-bilhoes-em-estocagem-de-gas-e-termeletricas-do-lrcap\/#primaryimage\",\"url\":\"https:\/\/agenciainfra.com\/blog\/wp-content\/uploads\/2025\/07\/Origem-Energia.jpeg\",\"contentUrl\":\"https:\/\/agenciainfra.com\/blog\/wp-content\/uploads\/2025\/07\/Origem-Energia.jpeg\",\"width\":1280,\"height\":853,\"caption\":\"Foto: Origem Energia\/Divulga\u00e7\u00e3o\"},{\"@type\":\"BreadcrumbList\",\"@id\":\"https:\/\/agenciainfra.com\/blog\/origem-planeja-investir-r-39-bilhoes-em-estocagem-de-gas-e-termeletricas-do-lrcap\/#breadcrumb\",\"itemListElement\":[{\"@type\":\"ListItem\",\"position\":1,\"name\":\"In\u00edcio\",\"item\":\"https:\/\/agenciainfra.com\/blog\/\"},{\"@type\":\"ListItem\",\"position\":2,\"name\":\"Origem planeja investir R$ 3,9 bilh\u00f5es em estocagem de g\u00e1s e termel\u00e9tricas do LRCAP\"}]},{\"@type\":\"WebSite\",\"@id\":\"https:\/\/agenciainfra.com\/blog\/#website\",\"url\":\"https:\/\/agenciainfra.com\/blog\/\",\"name\":\"Ag\u00eancia iNFRA\",\"description\":\"Multiplataforma de informa\u00e7\u00e3o jornal\u00edstica refer\u00eancia na \u00e1rea de infraestrutura no Brasil!\",\"publisher\":{\"@id\":\"https:\/\/agenciainfra.com\/blog\/#organization\"},\"potentialAction\":[{\"@type\":\"SearchAction\",\"target\":{\"@type\":\"EntryPoint\",\"urlTemplate\":\"https:\/\/agenciainfra.com\/blog\/?s={search_term_string}\"},\"query-input\":{\"@type\":\"PropertyValueSpecification\",\"valueRequired\":true,\"valueName\":\"search_term_string\"}}],\"inLanguage\":\"pt-BR\"},{\"@type\":\"Organization\",\"@id\":\"https:\/\/agenciainfra.com\/blog\/#organization\",\"name\":\"Ag\u00eancia iNFRA\",\"url\":\"https:\/\/agenciainfra.com\/blog\/\",\"logo\":{\"@type\":\"ImageObject\",\"inLanguage\":\"pt-BR\",\"@id\":\"https:\/\/agenciainfra.com\/blog\/#\/schema\/logo\/image\/\",\"url\":\"https:\/\/agenciainfra.com\/blog\/wp-content\/uploads\/2023\/09\/iNFRA_5-e1761735885940.png\",\"contentUrl\":\"https:\/\/agenciainfra.com\/blog\/wp-content\/uploads\/2023\/09\/iNFRA_5-e1761735885940.png\",\"width\":1672,\"height\":454,\"caption\":\"Ag\u00eancia iNFRA\"},\"image\":{\"@id\":\"https:\/\/agenciainfra.com\/blog\/#\/schema\/logo\/image\/\"},\"sameAs\":[\"https:\/\/www.facebook.com\/ageninfra\",\"https:\/\/x.com\/agencia_infra\",\"https:\/\/www.linkedin.com\/company\/ag\u00eanciainfra\/\",\"https:\/\/www.instagram.com\/agenciainfra\/\"]},{\"@type\":\"Person\",\"@id\":\"https:\/\/agenciainfra.com\/blog\/#\/schema\/person\/34af08dff6adea4cb22b06612ba7acfa\",\"name\":\"Ag\u00eancia iNFRA\",\"image\":{\"@type\":\"ImageObject\",\"inLanguage\":\"pt-BR\",\"@id\":\"https:\/\/agenciainfra.com\/blog\/#\/schema\/person\/image\/\",\"url\":\"https:\/\/secure.gravatar.com\/avatar\/d189e01678f06d8eb84d4e01f08eb848b3fffe3f8443818d3c356c66892f5be8?s=96&d=mm&r=g\",\"contentUrl\":\"https:\/\/secure.gravatar.com\/avatar\/d189e01678f06d8eb84d4e01f08eb848b3fffe3f8443818d3c356c66892f5be8?s=96&d=mm&r=g\",\"caption\":\"Ag\u00eancia iNFRA\"},\"url\":\"https:\/\/agenciainfra.com\/blog\/author\/admin\/\"}]}<\/script>\n<!-- \/ Yoast SEO Premium plugin. -->","yoast_head_json":{"title":"Origem planeja investir R$ 3,9 bilh\u00f5es em estocagem de g\u00e1s e termel\u00e9tricas do LRCAP - Ag\u00eancia iNFRA","robots":{"index":"index","follow":"follow","max-snippet":"max-snippet:-1","max-image-preview":"max-image-preview:large","max-video-preview":"max-video-preview:-1"},"canonical":"https:\/\/agenciainfra.com\/blog\/origem-planeja-investir-r-39-bilhoes-em-estocagem-de-gas-e-termeletricas-do-lrcap\/","og_locale":"pt_BR","og_type":"article","og_title":"Origem planeja investir R$ 3,9 bilh\u00f5es em estocagem de g\u00e1s e termel\u00e9tricas do LRCAP","og_description":"Gabriel Vasconcelos, da Ag\u00eancia iNFRA A Origem Energia planeja investir R$ 3,9 bilh\u00f5es, US$ 700 milh\u00f5es no c\u00e2mbio atual, em projetos de termel\u00e9tricas e de estocagem de g\u00e1s no estado de Alagoas, anunciou o CEO Luiz Felipe Coutinho, em evento promovido pela companhia em Macei\u00f3 (AL). Os projetos de gera\u00e7\u00e3o termel\u00e9trica v\u00e3o disputar o LRCAP [&hellip;]","og_url":"https:\/\/agenciainfra.com\/blog\/origem-planeja-investir-r-39-bilhoes-em-estocagem-de-gas-e-termeletricas-do-lrcap\/","og_site_name":"Ag\u00eancia iNFRA","article_publisher":"https:\/\/www.facebook.com\/ageninfra","article_published_time":"2025-07-16T18:00:57+00:00","article_modified_time":"2025-07-17T17:01:13+00:00","og_image":[{"width":1280,"height":853,"url":"https:\/\/agenciainfra.com\/blog\/wp-content\/uploads\/2025\/07\/Origem-Energia.jpeg","type":"image\/jpeg"}],"author":"Ag\u00eancia iNFRA","twitter_card":"summary_large_image","twitter_creator":"@agencia_infra","twitter_site":"@agencia_infra","twitter_misc":{"Escrito por":"Ag\u00eancia iNFRA","Est. tempo de leitura":"2 minutos"},"schema":{"@context":"https:\/\/schema.org","@graph":[{"@type":"Article","@id":"https:\/\/agenciainfra.com\/blog\/origem-planeja-investir-r-39-bilhoes-em-estocagem-de-gas-e-termeletricas-do-lrcap\/#article","isPartOf":{"@id":"https:\/\/agenciainfra.com\/blog\/origem-planeja-investir-r-39-bilhoes-em-estocagem-de-gas-e-termeletricas-do-lrcap\/"},"author":{"name":"Ag\u00eancia iNFRA","@id":"https:\/\/agenciainfra.com\/blog\/#\/schema\/person\/34af08dff6adea4cb22b06612ba7acfa"},"headline":"Origem planeja investir R$ 3,9 bilh\u00f5es em estocagem de g\u00e1s e termel\u00e9tricas do LRCAP","datePublished":"2025-07-16T18:00:57+00:00","dateModified":"2025-07-17T17:01:13+00:00","mainEntityOfPage":{"@id":"https:\/\/agenciainfra.com\/blog\/origem-planeja-investir-r-39-bilhoes-em-estocagem-de-gas-e-termeletricas-do-lrcap\/"},"wordCount":455,"publisher":{"@id":"https:\/\/agenciainfra.com\/blog\/#organization"},"image":{"@id":"https:\/\/agenciainfra.com\/blog\/origem-planeja-investir-r-39-bilhoes-em-estocagem-de-gas-e-termeletricas-do-lrcap\/#primaryimage"},"thumbnailUrl":"https:\/\/agenciainfra.com\/blog\/wp-content\/uploads\/2025\/07\/Origem-Energia.jpeg","keywords":["Alagoas","Gabriel Vasconcelos","g\u00e1s","g\u00e1s natural","Origem Energia"],"articleSection":["Destaque lista","Geral","iNFRAEnergia"],"inLanguage":"pt-BR","copyrightYear":"2025","copyrightHolder":{"@id":"https:\/\/agenciainfra.com\/blog\/#organization"}},{"@type":"WebPage","@id":"https:\/\/agenciainfra.com\/blog\/origem-planeja-investir-r-39-bilhoes-em-estocagem-de-gas-e-termeletricas-do-lrcap\/","url":"https:\/\/agenciainfra.com\/blog\/origem-planeja-investir-r-39-bilhoes-em-estocagem-de-gas-e-termeletricas-do-lrcap\/","name":"Origem planeja investir R$ 3,9 bilh\u00f5es em estocagem de g\u00e1s e termel\u00e9tricas do LRCAP - Ag\u00eancia iNFRA","isPartOf":{"@id":"https:\/\/agenciainfra.com\/blog\/#website"},"primaryImageOfPage":{"@id":"https:\/\/agenciainfra.com\/blog\/origem-planeja-investir-r-39-bilhoes-em-estocagem-de-gas-e-termeletricas-do-lrcap\/#primaryimage"},"image":{"@id":"https:\/\/agenciainfra.com\/blog\/origem-planeja-investir-r-39-bilhoes-em-estocagem-de-gas-e-termeletricas-do-lrcap\/#primaryimage"},"thumbnailUrl":"https:\/\/agenciainfra.com\/blog\/wp-content\/uploads\/2025\/07\/Origem-Energia.jpeg","datePublished":"2025-07-16T18:00:57+00:00","dateModified":"2025-07-17T17:01:13+00:00","breadcrumb":{"@id":"https:\/\/agenciainfra.com\/blog\/origem-planeja-investir-r-39-bilhoes-em-estocagem-de-gas-e-termeletricas-do-lrcap\/#breadcrumb"},"inLanguage":"pt-BR","potentialAction":[{"@type":"ReadAction","target":["https:\/\/agenciainfra.com\/blog\/origem-planeja-investir-r-39-bilhoes-em-estocagem-de-gas-e-termeletricas-do-lrcap\/"]}]},{"@type":"ImageObject","inLanguage":"pt-BR","@id":"https:\/\/agenciainfra.com\/blog\/origem-planeja-investir-r-39-bilhoes-em-estocagem-de-gas-e-termeletricas-do-lrcap\/#primaryimage","url":"https:\/\/agenciainfra.com\/blog\/wp-content\/uploads\/2025\/07\/Origem-Energia.jpeg","contentUrl":"https:\/\/agenciainfra.com\/blog\/wp-content\/uploads\/2025\/07\/Origem-Energia.jpeg","width":1280,"height":853,"caption":"Foto: Origem Energia\/Divulga\u00e7\u00e3o"},{"@type":"BreadcrumbList","@id":"https:\/\/agenciainfra.com\/blog\/origem-planeja-investir-r-39-bilhoes-em-estocagem-de-gas-e-termeletricas-do-lrcap\/#breadcrumb","itemListElement":[{"@type":"ListItem","position":1,"name":"In\u00edcio","item":"https:\/\/agenciainfra.com\/blog\/"},{"@type":"ListItem","position":2,"name":"Origem planeja investir R$ 3,9 bilh\u00f5es em estocagem de g\u00e1s e termel\u00e9tricas do LRCAP"}]},{"@type":"WebSite","@id":"https:\/\/agenciainfra.com\/blog\/#website","url":"https:\/\/agenciainfra.com\/blog\/","name":"Ag\u00eancia iNFRA","description":"Multiplataforma de informa\u00e7\u00e3o jornal\u00edstica refer\u00eancia na \u00e1rea de infraestrutura no Brasil!","publisher":{"@id":"https:\/\/agenciainfra.com\/blog\/#organization"},"potentialAction":[{"@type":"SearchAction","target":{"@type":"EntryPoint","urlTemplate":"https:\/\/agenciainfra.com\/blog\/?s={search_term_string}"},"query-input":{"@type":"PropertyValueSpecification","valueRequired":true,"valueName":"search_term_string"}}],"inLanguage":"pt-BR"},{"@type":"Organization","@id":"https:\/\/agenciainfra.com\/blog\/#organization","name":"Ag\u00eancia iNFRA","url":"https:\/\/agenciainfra.com\/blog\/","logo":{"@type":"ImageObject","inLanguage":"pt-BR","@id":"https:\/\/agenciainfra.com\/blog\/#\/schema\/logo\/image\/","url":"https:\/\/agenciainfra.com\/blog\/wp-content\/uploads\/2023\/09\/iNFRA_5-e1761735885940.png","contentUrl":"https:\/\/agenciainfra.com\/blog\/wp-content\/uploads\/2023\/09\/iNFRA_5-e1761735885940.png","width":1672,"height":454,"caption":"Ag\u00eancia iNFRA"},"image":{"@id":"https:\/\/agenciainfra.com\/blog\/#\/schema\/logo\/image\/"},"sameAs":["https:\/\/www.facebook.com\/ageninfra","https:\/\/x.com\/agencia_infra","https:\/\/www.linkedin.com\/company\/ag\u00eanciainfra\/","https:\/\/www.instagram.com\/agenciainfra\/"]},{"@type":"Person","@id":"https:\/\/agenciainfra.com\/blog\/#\/schema\/person\/34af08dff6adea4cb22b06612ba7acfa","name":"Ag\u00eancia iNFRA","image":{"@type":"ImageObject","inLanguage":"pt-BR","@id":"https:\/\/agenciainfra.com\/blog\/#\/schema\/person\/image\/","url":"https:\/\/secure.gravatar.com\/avatar\/d189e01678f06d8eb84d4e01f08eb848b3fffe3f8443818d3c356c66892f5be8?s=96&d=mm&r=g","contentUrl":"https:\/\/secure.gravatar.com\/avatar\/d189e01678f06d8eb84d4e01f08eb848b3fffe3f8443818d3c356c66892f5be8?s=96&d=mm&r=g","caption":"Ag\u00eancia iNFRA"},"url":"https:\/\/agenciainfra.com\/blog\/author\/admin\/"}]}},"_links":{"self":[{"href":"https:\/\/agenciainfra.com\/blog\/wp-json\/wp\/v2\/posts\/24792","targetHints":{"allow":["GET"]}}],"collection":[{"href":"https:\/\/agenciainfra.com\/blog\/wp-json\/wp\/v2\/posts"}],"about":[{"href":"https:\/\/agenciainfra.com\/blog\/wp-json\/wp\/v2\/types\/post"}],"author":[{"embeddable":true,"href":"https:\/\/agenciainfra.com\/blog\/wp-json\/wp\/v2\/users\/1"}],"replies":[{"embeddable":true,"href":"https:\/\/agenciainfra.com\/blog\/wp-json\/wp\/v2\/comments?post=24792"}],"version-history":[{"count":2,"href":"https:\/\/agenciainfra.com\/blog\/wp-json\/wp\/v2\/posts\/24792\/revisions"}],"predecessor-version":[{"id":24801,"href":"https:\/\/agenciainfra.com\/blog\/wp-json\/wp\/v2\/posts\/24792\/revisions\/24801"}],"wp:featuredmedia":[{"embeddable":true,"href":"https:\/\/agenciainfra.com\/blog\/wp-json\/wp\/v2\/media\/24796"}],"wp:attachment":[{"href":"https:\/\/agenciainfra.com\/blog\/wp-json\/wp\/v2\/media?parent=24792"}],"wp:term":[{"taxonomy":"category","embeddable":true,"href":"https:\/\/agenciainfra.com\/blog\/wp-json\/wp\/v2\/categories?post=24792"},{"taxonomy":"post_tag","embeddable":true,"href":"https:\/\/agenciainfra.com\/blog\/wp-json\/wp\/v2\/tags?post=24792"}],"curies":[{"name":"wp","href":"https:\/\/api.w.org\/{rel}","templated":true}]}}