{"id":24822,"date":"2025-07-16T18:06:32","date_gmt":"2025-07-16T21:06:32","guid":{"rendered":"https:\/\/agenciainfra.com\/blog\/?p=24822"},"modified":"2025-07-16T18:06:34","modified_gmt":"2025-07-16T21:06:34","slug":"ana-fez-doze-normas-em-prol-do-saneamento-desde-a-criacao-de-marco","status":"publish","type":"post","link":"https:\/\/agenciainfra.com\/blog\/ana-fez-doze-normas-em-prol-do-saneamento-desde-a-criacao-de-marco\/","title":{"rendered":"ANA fez doze normas em prol do saneamento desde a cria\u00e7\u00e3o de marco"},"content":{"rendered":"\n<p class=\"has-text-align-right\"><strong>da Ag\u00eancia iNFRA<\/strong><\/p>\n\n\n\n<p>A ANA (Ag\u00eancia Nacional de \u00c1guas) informou que j\u00e1 criou doze normas de refer\u00eancia pela universaliza\u00e7\u00e3o dos servi\u00e7os de saneamento. Com a cria\u00e7\u00e3o da lei que criou o Novo Marco do Saneamento B\u00e1sico, a ag\u00eancia recebeu a atribui\u00e7\u00e3o de editar NRs (normas de refer\u00eancia) para a regula\u00e7\u00e3o dos servi\u00e7os p\u00fablicos de saneamento b\u00e1sico no Brasil.<\/p>\n\n\n\n<p>A legisla\u00e7\u00e3o foi criada em 15 de julho de 2020 e completou cinco anos na ter\u00e7a-feira.<\/p>\n\n\n\n<p>Para os servi\u00e7os de limpeza urbana e manejo de res\u00edduos s\u00f3lidos urbanos, a ag\u00eancia editou a NR 01\/2021 e a NR 07\/2024. A primeira trata do regime, da estrutura e dos par\u00e2metros da cobran\u00e7a pela presta\u00e7\u00e3o do servi\u00e7o p\u00fablico de manejo de res\u00edduos s\u00f3lidos urbanos. J\u00e1 a segunda, estabeleceu as condi\u00e7\u00f5es gerais para a presta\u00e7\u00e3o direta ou mediante concess\u00e3o dos servi\u00e7os p\u00fablicos de limpeza urbana e de manejo de res\u00edduos s\u00f3lidos urbanos.<\/p>\n\n\n\n<p>At\u00e9 o momento a ANA editou oito das doze normas com foco na tem\u00e1tica dos servi\u00e7os de abastecimento de \u00e1gua e esgotamento sanit\u00e1rio.&nbsp;<\/p>\n\n\n\n<p>A primeira delas foi a NR 02\/2021, referente \u00e0 padroniza\u00e7\u00e3o dos aditivos aos Contratos de Programa e de Concess\u00e3o, para presta\u00e7\u00e3o de servi\u00e7os de abastecimento de \u00e1gua pot\u00e1vel e esgotamento sanit\u00e1rio. Esse normativo acabou sendo revogado pela NR 08\/2024, a qual aborda metas progressivas de universaliza\u00e7\u00e3o de abastecimento de \u00e1gua e de esgotamento sanit\u00e1rio, indicadores de acesso e sistema de avalia\u00e7\u00e3o.&nbsp;<\/p>\n\n\n\n<p>Ainda sobre \u00e1gua e esgoto, a ANA editou a NR 03\/2023 com metodologia de indeniza\u00e7\u00e3o de investimentos realizados e ainda n\u00e3o amortizados ou depreciados dos contratos de presta\u00e7\u00e3o de servi\u00e7os de abastecimento de \u00e1gua e esgotamento sanit\u00e1rio.&nbsp;<\/p>\n\n\n\n<p>Por sua vez, a NR 05\/2024 foi publicada com foco na matriz de riscos para contratos de presta\u00e7\u00e3o de servi\u00e7os p\u00fablicos de abastecimento de \u00e1gua e esgotamento sanit\u00e1rio.&nbsp;<\/p>\n\n\n\n<p>Na sequ\u00eancia a Ag\u00eancia finalizou a NR 06\/2024, que estabeleceu os modelos de regula\u00e7\u00e3o tarif\u00e1ria dos servi\u00e7os p\u00fablicos de abastecimento de \u00e1gua e esgotamento sanit\u00e1rio.&nbsp;<\/p>\n\n\n\n<p>Em 2024, foram publicadas outras tr\u00eas normas de refer\u00eancia com foco em \u00e1gua e esgoto.&nbsp;<\/p>\n\n\n\n<p>A NR 09\/2024 tratou dos indicadores operacionais da presta\u00e7\u00e3o dos servi\u00e7os p\u00fablicos de abastecimento de \u00e1gua e de esgotamento sanit\u00e1rio.&nbsp;<\/p>\n\n\n\n<p>J\u00e1 a NR 10\/2024 foi publicada abordando a metodologia de c\u00e1lculo e os procedimentos para reajustes tarif\u00e1rios para os servi\u00e7os p\u00fablicos de abastecimento de \u00e1gua e esgotamento sanit\u00e1rio. E a NR 11\/2024 estabeleceu as condi\u00e7\u00f5es gerais para presta\u00e7\u00e3o de ambos os servi\u00e7os.&nbsp;<\/p>\n\n\n\n<p>Em termos de governan\u00e7a das entidades reguladoras infranacionais (ERIs) \u2013 com atua\u00e7\u00e3o municipal, intermunicipal, estadual e distrital \u2013 de saneamento b\u00e1sico, a ANA produziu a NR 04\/2024 sobre pr\u00e1ticas de governan\u00e7a aplicadas \u00e0s ERIs que atuam no setor. A mais recente norma de refer\u00eancia publicada pela ANA teve como foco os servi\u00e7os de drenagem e manejo de \u00e1guas pluviais urbanas. Com a NR 12\/2025, a Ag\u00eancia abordou a estrutura\u00e7\u00e3o dos servi\u00e7os p\u00fablicos de drenagem e manejo de \u00e1guas pluviais urbanas.&nbsp;<\/p>\n\n\n\n<p>Quanto \u00e0s futuras normas de refer\u00eancia, a ANA est\u00e1 elaborando nove delas com prazos de publica\u00e7\u00e3o entre 2025 e 2026 sobre diferentes tem\u00e1ticas, como: estrutura tarif\u00e1ria de \u00e1gua e esgoto, arbitramento, indicadores de res\u00edduos s\u00f3lidos urbanos. A elabora\u00e7\u00e3o de outras duas NRs, previstas para 2027, ainda n\u00e3o foi iniciada.<\/p>\n\n\n\n<p><\/p>\n","protected":false},"excerpt":{"rendered":"<p>da Ag\u00eancia iNFRA A ANA (Ag\u00eancia Nacional de \u00c1guas) informou que j\u00e1 criou doze normas de refer\u00eancia pela universaliza\u00e7\u00e3o dos servi\u00e7os de saneamento. Com a cria\u00e7\u00e3o da lei que criou o Novo Marco do Saneamento B\u00e1sico, a ag\u00eancia recebeu a atribui\u00e7\u00e3o de editar NRs (normas de refer\u00eancia) para a regula\u00e7\u00e3o dos servi\u00e7os p\u00fablicos de saneamento [&hellip;]<\/p>\n","protected":false},"author":1,"featured_media":3733,"comment_status":"closed","ping_status":"closed","sticky":false,"template":"","format":"standard","meta":{"_monsterinsights_skip_tracking":false,"_monsterinsights_sitenote_active":false,"_monsterinsights_sitenote_note":"","_monsterinsights_sitenote_category":0,"footnotes":""},"categories":[1,13576],"tags":[763,77,5133,3628,73],"class_list":["post-24822","post","type-post","status-publish","format-standard","has-post-thumbnail","hentry","category-geral","category-giro-infra","tag-agencia-nacional-de-aguas","tag-ana","tag-normas-de-referencia","tag-novo-marco-do-saneamento","tag-saneamento-basico"],"yoast_head":"<!-- This site is optimized with the Yoast SEO Premium plugin v25.4 (Yoast SEO v26.0) - https:\/\/yoast.com\/wordpress\/plugins\/seo\/ -->\n<title>ANA fez doze normas em prol do saneamento desde a cria\u00e7\u00e3o de marco - Ag\u00eancia iNFRA<\/title>\n<meta name=\"robots\" content=\"index, follow, max-snippet:-1, max-image-preview:large, max-video-preview:-1\" \/>\n<link rel=\"canonical\" href=\"https:\/\/agenciainfra.com\/blog\/ana-fez-doze-normas-em-prol-do-saneamento-desde-a-criacao-de-marco\/\" \/>\n<meta property=\"og:locale\" content=\"pt_BR\" \/>\n<meta property=\"og:type\" content=\"article\" \/>\n<meta property=\"og:title\" content=\"ANA fez doze normas em prol do saneamento desde a cria\u00e7\u00e3o de marco\" \/>\n<meta property=\"og:description\" content=\"da Ag\u00eancia iNFRA A ANA (Ag\u00eancia Nacional de \u00c1guas) informou que j\u00e1 criou doze normas de refer\u00eancia pela universaliza\u00e7\u00e3o dos servi\u00e7os de saneamento. Com a cria\u00e7\u00e3o da lei que criou o Novo Marco do Saneamento B\u00e1sico, a ag\u00eancia recebeu a atribui\u00e7\u00e3o de editar NRs (normas de refer\u00eancia) para a regula\u00e7\u00e3o dos servi\u00e7os p\u00fablicos de saneamento [&hellip;]\" \/>\n<meta property=\"og:url\" content=\"https:\/\/agenciainfra.com\/blog\/ana-fez-doze-normas-em-prol-do-saneamento-desde-a-criacao-de-marco\/\" \/>\n<meta property=\"og:site_name\" content=\"Ag\u00eancia iNFRA\" \/>\n<meta property=\"article:publisher\" content=\"https:\/\/www.facebook.com\/ageninfra\" \/>\n<meta property=\"article:published_time\" content=\"2025-07-16T21:06:32+00:00\" \/>\n<meta property=\"article:modified_time\" content=\"2025-07-16T21:06:34+00:00\" \/>\n<meta property=\"og:image\" content=\"https:\/\/agenciainfra.com\/blog\/wp-content\/uploads\/2019\/09\/saneamento-basico-foto-prefeitura-de-cariacica.jpg\" \/>\n\t<meta property=\"og:image:width\" content=\"1280\" \/>\n\t<meta property=\"og:image:height\" content=\"960\" \/>\n\t<meta property=\"og:image:type\" content=\"image\/jpeg\" \/>\n<meta name=\"author\" content=\"Ag\u00eancia iNFRA\" \/>\n<meta name=\"twitter:card\" content=\"summary_large_image\" \/>\n<meta name=\"twitter:creator\" content=\"@agencia_infra\" \/>\n<meta name=\"twitter:site\" content=\"@agencia_infra\" \/>\n<meta name=\"twitter:label1\" content=\"Escrito por\" \/>\n\t<meta name=\"twitter:data1\" content=\"Ag\u00eancia iNFRA\" \/>\n\t<meta name=\"twitter:label2\" content=\"Est. tempo de leitura\" \/>\n\t<meta name=\"twitter:data2\" content=\"3 minutos\" \/>\n<script type=\"application\/ld+json\" class=\"yoast-schema-graph\">{\"@context\":\"https:\/\/schema.org\",\"@graph\":[{\"@type\":\"Article\",\"@id\":\"https:\/\/agenciainfra.com\/blog\/ana-fez-doze-normas-em-prol-do-saneamento-desde-a-criacao-de-marco\/#article\",\"isPartOf\":{\"@id\":\"https:\/\/agenciainfra.com\/blog\/ana-fez-doze-normas-em-prol-do-saneamento-desde-a-criacao-de-marco\/\"},\"author\":{\"name\":\"Ag\u00eancia iNFRA\",\"@id\":\"https:\/\/agenciainfra.com\/blog\/#\/schema\/person\/34af08dff6adea4cb22b06612ba7acfa\"},\"headline\":\"ANA fez doze normas em prol do saneamento desde a cria\u00e7\u00e3o de marco\",\"datePublished\":\"2025-07-16T21:06:32+00:00\",\"dateModified\":\"2025-07-16T21:06:34+00:00\",\"mainEntityOfPage\":{\"@id\":\"https:\/\/agenciainfra.com\/blog\/ana-fez-doze-normas-em-prol-do-saneamento-desde-a-criacao-de-marco\/\"},\"wordCount\":623,\"publisher\":{\"@id\":\"https:\/\/agenciainfra.com\/blog\/#organization\"},\"image\":{\"@id\":\"https:\/\/agenciainfra.com\/blog\/ana-fez-doze-normas-em-prol-do-saneamento-desde-a-criacao-de-marco\/#primaryimage\"},\"thumbnailUrl\":\"https:\/\/agenciainfra.com\/blog\/wp-content\/uploads\/2019\/09\/saneamento-basico-foto-prefeitura-de-cariacica.jpg\",\"keywords\":[\"Ag\u00eancia Nacional de \u00c1guas\",\"ANA\",\"normas de refer\u00eancia\",\"Novo Marco do Saneamento\",\"Saneamento B\u00e1sico\"],\"articleSection\":[\"Geral\",\"Giro iNFRA\"],\"inLanguage\":\"pt-BR\",\"copyrightYear\":\"2025\",\"copyrightHolder\":{\"@id\":\"https:\/\/agenciainfra.com\/blog\/#organization\"}},{\"@type\":\"WebPage\",\"@id\":\"https:\/\/agenciainfra.com\/blog\/ana-fez-doze-normas-em-prol-do-saneamento-desde-a-criacao-de-marco\/\",\"url\":\"https:\/\/agenciainfra.com\/blog\/ana-fez-doze-normas-em-prol-do-saneamento-desde-a-criacao-de-marco\/\",\"name\":\"ANA fez doze normas em prol do saneamento desde a cria\u00e7\u00e3o de marco - Ag\u00eancia iNFRA\",\"isPartOf\":{\"@id\":\"https:\/\/agenciainfra.com\/blog\/#website\"},\"primaryImageOfPage\":{\"@id\":\"https:\/\/agenciainfra.com\/blog\/ana-fez-doze-normas-em-prol-do-saneamento-desde-a-criacao-de-marco\/#primaryimage\"},\"image\":{\"@id\":\"https:\/\/agenciainfra.com\/blog\/ana-fez-doze-normas-em-prol-do-saneamento-desde-a-criacao-de-marco\/#primaryimage\"},\"thumbnailUrl\":\"https:\/\/agenciainfra.com\/blog\/wp-content\/uploads\/2019\/09\/saneamento-basico-foto-prefeitura-de-cariacica.jpg\",\"datePublished\":\"2025-07-16T21:06:32+00:00\",\"dateModified\":\"2025-07-16T21:06:34+00:00\",\"breadcrumb\":{\"@id\":\"https:\/\/agenciainfra.com\/blog\/ana-fez-doze-normas-em-prol-do-saneamento-desde-a-criacao-de-marco\/#breadcrumb\"},\"inLanguage\":\"pt-BR\",\"potentialAction\":[{\"@type\":\"ReadAction\",\"target\":[\"https:\/\/agenciainfra.com\/blog\/ana-fez-doze-normas-em-prol-do-saneamento-desde-a-criacao-de-marco\/\"]}]},{\"@type\":\"ImageObject\",\"inLanguage\":\"pt-BR\",\"@id\":\"https:\/\/agenciainfra.com\/blog\/ana-fez-doze-normas-em-prol-do-saneamento-desde-a-criacao-de-marco\/#primaryimage\",\"url\":\"https:\/\/agenciainfra.com\/blog\/wp-content\/uploads\/2019\/09\/saneamento-basico-foto-prefeitura-de-cariacica.jpg\",\"contentUrl\":\"https:\/\/agenciainfra.com\/blog\/wp-content\/uploads\/2019\/09\/saneamento-basico-foto-prefeitura-de-cariacica.jpg\",\"width\":1280,\"height\":960,\"caption\":\"Foto: Divulga\u00e7\u00e3o\/Prefeitura de Cariacica\"},{\"@type\":\"BreadcrumbList\",\"@id\":\"https:\/\/agenciainfra.com\/blog\/ana-fez-doze-normas-em-prol-do-saneamento-desde-a-criacao-de-marco\/#breadcrumb\",\"itemListElement\":[{\"@type\":\"ListItem\",\"position\":1,\"name\":\"In\u00edcio\",\"item\":\"https:\/\/agenciainfra.com\/blog\/\"},{\"@type\":\"ListItem\",\"position\":2,\"name\":\"ANA fez doze normas em prol do saneamento desde a cria\u00e7\u00e3o de marco\"}]},{\"@type\":\"WebSite\",\"@id\":\"https:\/\/agenciainfra.com\/blog\/#website\",\"url\":\"https:\/\/agenciainfra.com\/blog\/\",\"name\":\"Ag\u00eancia iNFRA\",\"description\":\"Multiplataforma de informa\u00e7\u00e3o jornal\u00edstica refer\u00eancia na \u00e1rea de infraestrutura no Brasil!\",\"publisher\":{\"@id\":\"https:\/\/agenciainfra.com\/blog\/#organization\"},\"potentialAction\":[{\"@type\":\"SearchAction\",\"target\":{\"@type\":\"EntryPoint\",\"urlTemplate\":\"https:\/\/agenciainfra.com\/blog\/?s={search_term_string}\"},\"query-input\":{\"@type\":\"PropertyValueSpecification\",\"valueRequired\":true,\"valueName\":\"search_term_string\"}}],\"inLanguage\":\"pt-BR\"},{\"@type\":\"Organization\",\"@id\":\"https:\/\/agenciainfra.com\/blog\/#organization\",\"name\":\"Ag\u00eancia iNFRA\",\"url\":\"https:\/\/agenciainfra.com\/blog\/\",\"logo\":{\"@type\":\"ImageObject\",\"inLanguage\":\"pt-BR\",\"@id\":\"https:\/\/agenciainfra.com\/blog\/#\/schema\/logo\/image\/\",\"url\":\"https:\/\/agenciainfra.com\/blog\/wp-content\/uploads\/2023\/09\/iNFRA_5-e1761735885940.png\",\"contentUrl\":\"https:\/\/agenciainfra.com\/blog\/wp-content\/uploads\/2023\/09\/iNFRA_5-e1761735885940.png\",\"width\":1672,\"height\":454,\"caption\":\"Ag\u00eancia iNFRA\"},\"image\":{\"@id\":\"https:\/\/agenciainfra.com\/blog\/#\/schema\/logo\/image\/\"},\"sameAs\":[\"https:\/\/www.facebook.com\/ageninfra\",\"https:\/\/x.com\/agencia_infra\",\"https:\/\/www.linkedin.com\/company\/ag\u00eanciainfra\/\",\"https:\/\/www.instagram.com\/agenciainfra\/\"]},{\"@type\":\"Person\",\"@id\":\"https:\/\/agenciainfra.com\/blog\/#\/schema\/person\/34af08dff6adea4cb22b06612ba7acfa\",\"name\":\"Ag\u00eancia iNFRA\",\"image\":{\"@type\":\"ImageObject\",\"inLanguage\":\"pt-BR\",\"@id\":\"https:\/\/agenciainfra.com\/blog\/#\/schema\/person\/image\/\",\"url\":\"https:\/\/secure.gravatar.com\/avatar\/d189e01678f06d8eb84d4e01f08eb848b3fffe3f8443818d3c356c66892f5be8?s=96&d=mm&r=g\",\"contentUrl\":\"https:\/\/secure.gravatar.com\/avatar\/d189e01678f06d8eb84d4e01f08eb848b3fffe3f8443818d3c356c66892f5be8?s=96&d=mm&r=g\",\"caption\":\"Ag\u00eancia iNFRA\"},\"url\":\"https:\/\/agenciainfra.com\/blog\/author\/admin\/\"}]}<\/script>\n<!-- \/ Yoast SEO Premium plugin. -->","yoast_head_json":{"title":"ANA fez doze normas em prol do saneamento desde a cria\u00e7\u00e3o de marco - Ag\u00eancia iNFRA","robots":{"index":"index","follow":"follow","max-snippet":"max-snippet:-1","max-image-preview":"max-image-preview:large","max-video-preview":"max-video-preview:-1"},"canonical":"https:\/\/agenciainfra.com\/blog\/ana-fez-doze-normas-em-prol-do-saneamento-desde-a-criacao-de-marco\/","og_locale":"pt_BR","og_type":"article","og_title":"ANA fez doze normas em prol do saneamento desde a cria\u00e7\u00e3o de marco","og_description":"da Ag\u00eancia iNFRA A ANA (Ag\u00eancia Nacional de \u00c1guas) informou que j\u00e1 criou doze normas de refer\u00eancia pela universaliza\u00e7\u00e3o dos servi\u00e7os de saneamento. Com a cria\u00e7\u00e3o da lei que criou o Novo Marco do Saneamento B\u00e1sico, a ag\u00eancia recebeu a atribui\u00e7\u00e3o de editar NRs (normas de refer\u00eancia) para a regula\u00e7\u00e3o dos servi\u00e7os p\u00fablicos de saneamento [&hellip;]","og_url":"https:\/\/agenciainfra.com\/blog\/ana-fez-doze-normas-em-prol-do-saneamento-desde-a-criacao-de-marco\/","og_site_name":"Ag\u00eancia iNFRA","article_publisher":"https:\/\/www.facebook.com\/ageninfra","article_published_time":"2025-07-16T21:06:32+00:00","article_modified_time":"2025-07-16T21:06:34+00:00","og_image":[{"width":1280,"height":960,"url":"https:\/\/agenciainfra.com\/blog\/wp-content\/uploads\/2019\/09\/saneamento-basico-foto-prefeitura-de-cariacica.jpg","type":"image\/jpeg"}],"author":"Ag\u00eancia iNFRA","twitter_card":"summary_large_image","twitter_creator":"@agencia_infra","twitter_site":"@agencia_infra","twitter_misc":{"Escrito por":"Ag\u00eancia iNFRA","Est. tempo de leitura":"3 minutos"},"schema":{"@context":"https:\/\/schema.org","@graph":[{"@type":"Article","@id":"https:\/\/agenciainfra.com\/blog\/ana-fez-doze-normas-em-prol-do-saneamento-desde-a-criacao-de-marco\/#article","isPartOf":{"@id":"https:\/\/agenciainfra.com\/blog\/ana-fez-doze-normas-em-prol-do-saneamento-desde-a-criacao-de-marco\/"},"author":{"name":"Ag\u00eancia iNFRA","@id":"https:\/\/agenciainfra.com\/blog\/#\/schema\/person\/34af08dff6adea4cb22b06612ba7acfa"},"headline":"ANA fez doze normas em prol do saneamento desde a cria\u00e7\u00e3o de marco","datePublished":"2025-07-16T21:06:32+00:00","dateModified":"2025-07-16T21:06:34+00:00","mainEntityOfPage":{"@id":"https:\/\/agenciainfra.com\/blog\/ana-fez-doze-normas-em-prol-do-saneamento-desde-a-criacao-de-marco\/"},"wordCount":623,"publisher":{"@id":"https:\/\/agenciainfra.com\/blog\/#organization"},"image":{"@id":"https:\/\/agenciainfra.com\/blog\/ana-fez-doze-normas-em-prol-do-saneamento-desde-a-criacao-de-marco\/#primaryimage"},"thumbnailUrl":"https:\/\/agenciainfra.com\/blog\/wp-content\/uploads\/2019\/09\/saneamento-basico-foto-prefeitura-de-cariacica.jpg","keywords":["Ag\u00eancia Nacional de \u00c1guas","ANA","normas de refer\u00eancia","Novo Marco do Saneamento","Saneamento B\u00e1sico"],"articleSection":["Geral","Giro iNFRA"],"inLanguage":"pt-BR","copyrightYear":"2025","copyrightHolder":{"@id":"https:\/\/agenciainfra.com\/blog\/#organization"}},{"@type":"WebPage","@id":"https:\/\/agenciainfra.com\/blog\/ana-fez-doze-normas-em-prol-do-saneamento-desde-a-criacao-de-marco\/","url":"https:\/\/agenciainfra.com\/blog\/ana-fez-doze-normas-em-prol-do-saneamento-desde-a-criacao-de-marco\/","name":"ANA fez doze normas em prol do saneamento desde a cria\u00e7\u00e3o de marco - Ag\u00eancia iNFRA","isPartOf":{"@id":"https:\/\/agenciainfra.com\/blog\/#website"},"primaryImageOfPage":{"@id":"https:\/\/agenciainfra.com\/blog\/ana-fez-doze-normas-em-prol-do-saneamento-desde-a-criacao-de-marco\/#primaryimage"},"image":{"@id":"https:\/\/agenciainfra.com\/blog\/ana-fez-doze-normas-em-prol-do-saneamento-desde-a-criacao-de-marco\/#primaryimage"},"thumbnailUrl":"https:\/\/agenciainfra.com\/blog\/wp-content\/uploads\/2019\/09\/saneamento-basico-foto-prefeitura-de-cariacica.jpg","datePublished":"2025-07-16T21:06:32+00:00","dateModified":"2025-07-16T21:06:34+00:00","breadcrumb":{"@id":"https:\/\/agenciainfra.com\/blog\/ana-fez-doze-normas-em-prol-do-saneamento-desde-a-criacao-de-marco\/#breadcrumb"},"inLanguage":"pt-BR","potentialAction":[{"@type":"ReadAction","target":["https:\/\/agenciainfra.com\/blog\/ana-fez-doze-normas-em-prol-do-saneamento-desde-a-criacao-de-marco\/"]}]},{"@type":"ImageObject","inLanguage":"pt-BR","@id":"https:\/\/agenciainfra.com\/blog\/ana-fez-doze-normas-em-prol-do-saneamento-desde-a-criacao-de-marco\/#primaryimage","url":"https:\/\/agenciainfra.com\/blog\/wp-content\/uploads\/2019\/09\/saneamento-basico-foto-prefeitura-de-cariacica.jpg","contentUrl":"https:\/\/agenciainfra.com\/blog\/wp-content\/uploads\/2019\/09\/saneamento-basico-foto-prefeitura-de-cariacica.jpg","width":1280,"height":960,"caption":"Foto: Divulga\u00e7\u00e3o\/Prefeitura de Cariacica"},{"@type":"BreadcrumbList","@id":"https:\/\/agenciainfra.com\/blog\/ana-fez-doze-normas-em-prol-do-saneamento-desde-a-criacao-de-marco\/#breadcrumb","itemListElement":[{"@type":"ListItem","position":1,"name":"In\u00edcio","item":"https:\/\/agenciainfra.com\/blog\/"},{"@type":"ListItem","position":2,"name":"ANA fez doze normas em prol do saneamento desde a cria\u00e7\u00e3o de marco"}]},{"@type":"WebSite","@id":"https:\/\/agenciainfra.com\/blog\/#website","url":"https:\/\/agenciainfra.com\/blog\/","name":"Ag\u00eancia iNFRA","description":"Multiplataforma de informa\u00e7\u00e3o jornal\u00edstica refer\u00eancia na \u00e1rea de infraestrutura no Brasil!","publisher":{"@id":"https:\/\/agenciainfra.com\/blog\/#organization"},"potentialAction":[{"@type":"SearchAction","target":{"@type":"EntryPoint","urlTemplate":"https:\/\/agenciainfra.com\/blog\/?s={search_term_string}"},"query-input":{"@type":"PropertyValueSpecification","valueRequired":true,"valueName":"search_term_string"}}],"inLanguage":"pt-BR"},{"@type":"Organization","@id":"https:\/\/agenciainfra.com\/blog\/#organization","name":"Ag\u00eancia iNFRA","url":"https:\/\/agenciainfra.com\/blog\/","logo":{"@type":"ImageObject","inLanguage":"pt-BR","@id":"https:\/\/agenciainfra.com\/blog\/#\/schema\/logo\/image\/","url":"https:\/\/agenciainfra.com\/blog\/wp-content\/uploads\/2023\/09\/iNFRA_5-e1761735885940.png","contentUrl":"https:\/\/agenciainfra.com\/blog\/wp-content\/uploads\/2023\/09\/iNFRA_5-e1761735885940.png","width":1672,"height":454,"caption":"Ag\u00eancia iNFRA"},"image":{"@id":"https:\/\/agenciainfra.com\/blog\/#\/schema\/logo\/image\/"},"sameAs":["https:\/\/www.facebook.com\/ageninfra","https:\/\/x.com\/agencia_infra","https:\/\/www.linkedin.com\/company\/ag\u00eanciainfra\/","https:\/\/www.instagram.com\/agenciainfra\/"]},{"@type":"Person","@id":"https:\/\/agenciainfra.com\/blog\/#\/schema\/person\/34af08dff6adea4cb22b06612ba7acfa","name":"Ag\u00eancia iNFRA","image":{"@type":"ImageObject","inLanguage":"pt-BR","@id":"https:\/\/agenciainfra.com\/blog\/#\/schema\/person\/image\/","url":"https:\/\/secure.gravatar.com\/avatar\/d189e01678f06d8eb84d4e01f08eb848b3fffe3f8443818d3c356c66892f5be8?s=96&d=mm&r=g","contentUrl":"https:\/\/secure.gravatar.com\/avatar\/d189e01678f06d8eb84d4e01f08eb848b3fffe3f8443818d3c356c66892f5be8?s=96&d=mm&r=g","caption":"Ag\u00eancia iNFRA"},"url":"https:\/\/agenciainfra.com\/blog\/author\/admin\/"}]}},"_links":{"self":[{"href":"https:\/\/agenciainfra.com\/blog\/wp-json\/wp\/v2\/posts\/24822","targetHints":{"allow":["GET"]}}],"collection":[{"href":"https:\/\/agenciainfra.com\/blog\/wp-json\/wp\/v2\/posts"}],"about":[{"href":"https:\/\/agenciainfra.com\/blog\/wp-json\/wp\/v2\/types\/post"}],"author":[{"embeddable":true,"href":"https:\/\/agenciainfra.com\/blog\/wp-json\/wp\/v2\/users\/1"}],"replies":[{"embeddable":true,"href":"https:\/\/agenciainfra.com\/blog\/wp-json\/wp\/v2\/comments?post=24822"}],"version-history":[{"count":1,"href":"https:\/\/agenciainfra.com\/blog\/wp-json\/wp\/v2\/posts\/24822\/revisions"}],"predecessor-version":[{"id":24825,"href":"https:\/\/agenciainfra.com\/blog\/wp-json\/wp\/v2\/posts\/24822\/revisions\/24825"}],"wp:featuredmedia":[{"embeddable":true,"href":"https:\/\/agenciainfra.com\/blog\/wp-json\/wp\/v2\/media\/3733"}],"wp:attachment":[{"href":"https:\/\/agenciainfra.com\/blog\/wp-json\/wp\/v2\/media?parent=24822"}],"wp:term":[{"taxonomy":"category","embeddable":true,"href":"https:\/\/agenciainfra.com\/blog\/wp-json\/wp\/v2\/categories?post=24822"},{"taxonomy":"post_tag","embeddable":true,"href":"https:\/\/agenciainfra.com\/blog\/wp-json\/wp\/v2\/tags?post=24822"}],"curies":[{"name":"wp","href":"https:\/\/api.w.org\/{rel}","templated":true}]}}