{"id":24829,"date":"2025-07-16T18:19:58","date_gmt":"2025-07-16T21:19:58","guid":{"rendered":"https:\/\/agenciainfra.com\/blog\/?p=24829"},"modified":"2025-07-16T18:19:59","modified_gmt":"2025-07-16T21:19:59","slug":"com-investimento-de-r-42-mi-governo-conclui-revitalizacao-na-br-364-go","status":"publish","type":"post","link":"https:\/\/agenciainfra.com\/blog\/com-investimento-de-r-42-mi-governo-conclui-revitalizacao-na-br-364-go\/","title":{"rendered":"Com investimento de R$ 42 mi, governo conclui revitaliza\u00e7\u00e3o na BR-364\/GO"},"content":{"rendered":"\n<p class=\"has-text-align-right\"><strong>da Ag\u00eancia iNFRA<\/strong><\/p>\n\n\n\n<p>O Minist\u00e9rio dos Transportes, por meio do DNIT (Departamento Nacional de Infraestrutura de Transportes), concluiu a revitaliza\u00e7\u00e3o de um trecho de 27,6 quil\u00f4metros da BR-364\/GO, do quil\u00f4metro 209 ao 236,6, no munic\u00edpio de Jata\u00ed.<\/p>\n\n\n\n<p>As interven\u00e7\u00f5es fazem parte de um projeto de moderniza\u00e7\u00e3o da rodovia, que contempla ainda a manuten\u00e7\u00e3o do trecho entre os quil\u00f4metros 192,7 e 296,2, incluindo o Anel Vi\u00e1rio de Jata\u00ed. O investimento total nas obras \u00e9 de aproximadamente R$ 42 milh\u00f5es, dos quais R$ 21,6 milh\u00f5es j\u00e1 foram aplicados.<\/p>\n\n\n\n<p>A revitaliza\u00e7\u00e3o incluiu a execu\u00e7\u00e3o de fresagem cont\u00ednua e descont\u00ednua, aplica\u00e7\u00e3o de CBUQ (Concreto Betuminoso Usinado a Quente) e microrrevestimento asf\u00e1ltico. J\u00e1 a manuten\u00e7\u00e3o rotineira contempla servi\u00e7os de ro\u00e7ada, limpeza dos dispositivos de drenagem e outras interven\u00e7\u00f5es essenciais para garantir a conserva\u00e7\u00e3o da rodovia.<\/p>\n\n\n\n<p>Com o objetivo de melhorar a fluidez do tr\u00e1fego, a seguran\u00e7a vi\u00e1ria e o conforto dos motoristas, as melhorias realizadas tamb\u00e9m contribuem para a redu\u00e7\u00e3o do tempo de viagem e para a preserva\u00e7\u00e3o da vida \u00fatil do pavimento. Al\u00e9m disso, as obras beneficiam diretamente o escoamento da produ\u00e7\u00e3o do agroneg\u00f3cio na regi\u00e3o.<\/p>\n\n\n\n<p>Import\u00e2ncia estrat\u00e9gica<br>A BR-364\/GO \u00e9 um dos principais corredores rodovi\u00e1rios do Estado de Goi\u00e1s, conectando a regi\u00e3o Centro-Oeste ao Estado de Mato Grosso. A rodovia facilita a integra\u00e7\u00e3o regional, amplia o acesso a servi\u00e7os essenciais e estimula o turismo e a instala\u00e7\u00e3o de novos empreendimentos na regi\u00e3o.<\/p>\n","protected":false},"excerpt":{"rendered":"<p>da Ag\u00eancia iNFRA O Minist\u00e9rio dos Transportes, por meio do DNIT (Departamento Nacional de Infraestrutura de Transportes), concluiu a revitaliza\u00e7\u00e3o de um trecho de 27,6 quil\u00f4metros da BR-364\/GO, do quil\u00f4metro 209 ao 236,6, no munic\u00edpio de Jata\u00ed. As interven\u00e7\u00f5es fazem parte de um projeto de moderniza\u00e7\u00e3o da rodovia, que contempla ainda a manuten\u00e7\u00e3o do trecho [&hellip;]<\/p>\n","protected":false},"author":1,"featured_media":24832,"comment_status":"closed","ping_status":"closed","sticky":false,"template":"","format":"standard","meta":{"_monsterinsights_skip_tracking":false,"_monsterinsights_sitenote_active":false,"_monsterinsights_sitenote_note":"","_monsterinsights_sitenote_category":0,"footnotes":""},"categories":[1,13576],"tags":[633,328,1466,16],"class_list":["post-24829","post","type-post","status-publish","format-standard","has-post-thumbnail","hentry","category-geral","category-giro-infra","tag-br-364","tag-dnit","tag-goias","tag-ministerio-dos-transportes"],"yoast_head":"<!-- This site is optimized with the Yoast SEO Premium plugin v25.4 (Yoast SEO v26.0) - https:\/\/yoast.com\/wordpress\/plugins\/seo\/ -->\n<title>Com investimento de R$ 42 mi, governo conclui revitaliza\u00e7\u00e3o na BR-364\/GO - Ag\u00eancia iNFRA<\/title>\n<meta name=\"robots\" content=\"index, follow, max-snippet:-1, max-image-preview:large, max-video-preview:-1\" \/>\n<link rel=\"canonical\" href=\"https:\/\/agenciainfra.com\/blog\/com-investimento-de-r-42-mi-governo-conclui-revitalizacao-na-br-364-go\/\" \/>\n<meta property=\"og:locale\" content=\"pt_BR\" \/>\n<meta property=\"og:type\" content=\"article\" \/>\n<meta property=\"og:title\" content=\"Com investimento de R$ 42 mi, governo conclui revitaliza\u00e7\u00e3o na BR-364\/GO\" \/>\n<meta property=\"og:description\" content=\"da Ag\u00eancia iNFRA O Minist\u00e9rio dos Transportes, por meio do DNIT (Departamento Nacional de Infraestrutura de Transportes), concluiu a revitaliza\u00e7\u00e3o de um trecho de 27,6 quil\u00f4metros da BR-364\/GO, do quil\u00f4metro 209 ao 236,6, no munic\u00edpio de Jata\u00ed. As interven\u00e7\u00f5es fazem parte de um projeto de moderniza\u00e7\u00e3o da rodovia, que contempla ainda a manuten\u00e7\u00e3o do trecho [&hellip;]\" \/>\n<meta property=\"og:url\" content=\"https:\/\/agenciainfra.com\/blog\/com-investimento-de-r-42-mi-governo-conclui-revitalizacao-na-br-364-go\/\" \/>\n<meta property=\"og:site_name\" content=\"Ag\u00eancia iNFRA\" \/>\n<meta property=\"article:publisher\" content=\"https:\/\/www.facebook.com\/ageninfra\" \/>\n<meta property=\"article:published_time\" content=\"2025-07-16T21:19:58+00:00\" \/>\n<meta property=\"article:modified_time\" content=\"2025-07-16T21:19:59+00:00\" \/>\n<meta property=\"og:image\" content=\"https:\/\/agenciainfra.com\/blog\/wp-content\/uploads\/2025\/07\/rodovia-br-364-goias-revitalizacao-foto-dnit.png\" \/>\n\t<meta property=\"og:image:width\" content=\"768\" \/>\n\t<meta property=\"og:image:height\" content=\"431\" \/>\n\t<meta property=\"og:image:type\" content=\"image\/png\" \/>\n<meta name=\"author\" content=\"Ag\u00eancia iNFRA\" \/>\n<meta name=\"twitter:card\" content=\"summary_large_image\" \/>\n<meta name=\"twitter:creator\" content=\"@agencia_infra\" \/>\n<meta name=\"twitter:site\" content=\"@agencia_infra\" \/>\n<meta name=\"twitter:label1\" content=\"Escrito por\" \/>\n\t<meta name=\"twitter:data1\" content=\"Ag\u00eancia iNFRA\" \/>\n\t<meta name=\"twitter:label2\" content=\"Est. tempo de leitura\" \/>\n\t<meta name=\"twitter:data2\" content=\"1 minuto\" \/>\n<script type=\"application\/ld+json\" class=\"yoast-schema-graph\">{\"@context\":\"https:\/\/schema.org\",\"@graph\":[{\"@type\":\"Article\",\"@id\":\"https:\/\/agenciainfra.com\/blog\/com-investimento-de-r-42-mi-governo-conclui-revitalizacao-na-br-364-go\/#article\",\"isPartOf\":{\"@id\":\"https:\/\/agenciainfra.com\/blog\/com-investimento-de-r-42-mi-governo-conclui-revitalizacao-na-br-364-go\/\"},\"author\":{\"name\":\"Ag\u00eancia iNFRA\",\"@id\":\"https:\/\/agenciainfra.com\/blog\/#\/schema\/person\/34af08dff6adea4cb22b06612ba7acfa\"},\"headline\":\"Com investimento de R$ 42 mi, governo conclui revitaliza\u00e7\u00e3o na BR-364\/GO\",\"datePublished\":\"2025-07-16T21:19:58+00:00\",\"dateModified\":\"2025-07-16T21:19:59+00:00\",\"mainEntityOfPage\":{\"@id\":\"https:\/\/agenciainfra.com\/blog\/com-investimento-de-r-42-mi-governo-conclui-revitalizacao-na-br-364-go\/\"},\"wordCount\":276,\"publisher\":{\"@id\":\"https:\/\/agenciainfra.com\/blog\/#organization\"},\"image\":{\"@id\":\"https:\/\/agenciainfra.com\/blog\/com-investimento-de-r-42-mi-governo-conclui-revitalizacao-na-br-364-go\/#primaryimage\"},\"thumbnailUrl\":\"https:\/\/agenciainfra.com\/blog\/wp-content\/uploads\/2025\/07\/rodovia-br-364-goias-revitalizacao-foto-dnit.png\",\"keywords\":[\"BR-364\",\"DNIT\",\"Goi\u00e1s\",\"minist\u00e9rio dos transportes\"],\"articleSection\":[\"Geral\",\"Giro iNFRA\"],\"inLanguage\":\"pt-BR\",\"copyrightYear\":\"2025\",\"copyrightHolder\":{\"@id\":\"https:\/\/agenciainfra.com\/blog\/#organization\"}},{\"@type\":\"WebPage\",\"@id\":\"https:\/\/agenciainfra.com\/blog\/com-investimento-de-r-42-mi-governo-conclui-revitalizacao-na-br-364-go\/\",\"url\":\"https:\/\/agenciainfra.com\/blog\/com-investimento-de-r-42-mi-governo-conclui-revitalizacao-na-br-364-go\/\",\"name\":\"Com investimento de R$ 42 mi, governo conclui revitaliza\u00e7\u00e3o na BR-364\/GO - Ag\u00eancia iNFRA\",\"isPartOf\":{\"@id\":\"https:\/\/agenciainfra.com\/blog\/#website\"},\"primaryImageOfPage\":{\"@id\":\"https:\/\/agenciainfra.com\/blog\/com-investimento-de-r-42-mi-governo-conclui-revitalizacao-na-br-364-go\/#primaryimage\"},\"image\":{\"@id\":\"https:\/\/agenciainfra.com\/blog\/com-investimento-de-r-42-mi-governo-conclui-revitalizacao-na-br-364-go\/#primaryimage\"},\"thumbnailUrl\":\"https:\/\/agenciainfra.com\/blog\/wp-content\/uploads\/2025\/07\/rodovia-br-364-goias-revitalizacao-foto-dnit.png\",\"datePublished\":\"2025-07-16T21:19:58+00:00\",\"dateModified\":\"2025-07-16T21:19:59+00:00\",\"breadcrumb\":{\"@id\":\"https:\/\/agenciainfra.com\/blog\/com-investimento-de-r-42-mi-governo-conclui-revitalizacao-na-br-364-go\/#breadcrumb\"},\"inLanguage\":\"pt-BR\",\"potentialAction\":[{\"@type\":\"ReadAction\",\"target\":[\"https:\/\/agenciainfra.com\/blog\/com-investimento-de-r-42-mi-governo-conclui-revitalizacao-na-br-364-go\/\"]}]},{\"@type\":\"ImageObject\",\"inLanguage\":\"pt-BR\",\"@id\":\"https:\/\/agenciainfra.com\/blog\/com-investimento-de-r-42-mi-governo-conclui-revitalizacao-na-br-364-go\/#primaryimage\",\"url\":\"https:\/\/agenciainfra.com\/blog\/wp-content\/uploads\/2025\/07\/rodovia-br-364-goias-revitalizacao-foto-dnit.png\",\"contentUrl\":\"https:\/\/agenciainfra.com\/blog\/wp-content\/uploads\/2025\/07\/rodovia-br-364-goias-revitalizacao-foto-dnit.png\",\"width\":768,\"height\":431,\"caption\":\"Foto: Divulga\u00e7\u00e3o\/Dnit\"},{\"@type\":\"BreadcrumbList\",\"@id\":\"https:\/\/agenciainfra.com\/blog\/com-investimento-de-r-42-mi-governo-conclui-revitalizacao-na-br-364-go\/#breadcrumb\",\"itemListElement\":[{\"@type\":\"ListItem\",\"position\":1,\"name\":\"In\u00edcio\",\"item\":\"https:\/\/agenciainfra.com\/blog\/\"},{\"@type\":\"ListItem\",\"position\":2,\"name\":\"Com investimento de R$ 42 mi, governo conclui revitaliza\u00e7\u00e3o na BR-364\/GO\"}]},{\"@type\":\"WebSite\",\"@id\":\"https:\/\/agenciainfra.com\/blog\/#website\",\"url\":\"https:\/\/agenciainfra.com\/blog\/\",\"name\":\"Ag\u00eancia iNFRA\",\"description\":\"Multiplataforma de informa\u00e7\u00e3o jornal\u00edstica refer\u00eancia na \u00e1rea de infraestrutura no Brasil!\",\"publisher\":{\"@id\":\"https:\/\/agenciainfra.com\/blog\/#organization\"},\"potentialAction\":[{\"@type\":\"SearchAction\",\"target\":{\"@type\":\"EntryPoint\",\"urlTemplate\":\"https:\/\/agenciainfra.com\/blog\/?s={search_term_string}\"},\"query-input\":{\"@type\":\"PropertyValueSpecification\",\"valueRequired\":true,\"valueName\":\"search_term_string\"}}],\"inLanguage\":\"pt-BR\"},{\"@type\":\"Organization\",\"@id\":\"https:\/\/agenciainfra.com\/blog\/#organization\",\"name\":\"Ag\u00eancia iNFRA\",\"url\":\"https:\/\/agenciainfra.com\/blog\/\",\"logo\":{\"@type\":\"ImageObject\",\"inLanguage\":\"pt-BR\",\"@id\":\"https:\/\/agenciainfra.com\/blog\/#\/schema\/logo\/image\/\",\"url\":\"https:\/\/agenciainfra.com\/blog\/wp-content\/uploads\/2023\/09\/iNFRA_5-e1761735885940.png\",\"contentUrl\":\"https:\/\/agenciainfra.com\/blog\/wp-content\/uploads\/2023\/09\/iNFRA_5-e1761735885940.png\",\"width\":1672,\"height\":454,\"caption\":\"Ag\u00eancia iNFRA\"},\"image\":{\"@id\":\"https:\/\/agenciainfra.com\/blog\/#\/schema\/logo\/image\/\"},\"sameAs\":[\"https:\/\/www.facebook.com\/ageninfra\",\"https:\/\/x.com\/agencia_infra\",\"https:\/\/www.linkedin.com\/company\/ag\u00eanciainfra\/\",\"https:\/\/www.instagram.com\/agenciainfra\/\"]},{\"@type\":\"Person\",\"@id\":\"https:\/\/agenciainfra.com\/blog\/#\/schema\/person\/34af08dff6adea4cb22b06612ba7acfa\",\"name\":\"Ag\u00eancia iNFRA\",\"image\":{\"@type\":\"ImageObject\",\"inLanguage\":\"pt-BR\",\"@id\":\"https:\/\/agenciainfra.com\/blog\/#\/schema\/person\/image\/\",\"url\":\"https:\/\/secure.gravatar.com\/avatar\/d189e01678f06d8eb84d4e01f08eb848b3fffe3f8443818d3c356c66892f5be8?s=96&d=mm&r=g\",\"contentUrl\":\"https:\/\/secure.gravatar.com\/avatar\/d189e01678f06d8eb84d4e01f08eb848b3fffe3f8443818d3c356c66892f5be8?s=96&d=mm&r=g\",\"caption\":\"Ag\u00eancia iNFRA\"},\"url\":\"https:\/\/agenciainfra.com\/blog\/author\/admin\/\"}]}<\/script>\n<!-- \/ Yoast SEO Premium plugin. -->","yoast_head_json":{"title":"Com investimento de R$ 42 mi, governo conclui revitaliza\u00e7\u00e3o na BR-364\/GO - Ag\u00eancia iNFRA","robots":{"index":"index","follow":"follow","max-snippet":"max-snippet:-1","max-image-preview":"max-image-preview:large","max-video-preview":"max-video-preview:-1"},"canonical":"https:\/\/agenciainfra.com\/blog\/com-investimento-de-r-42-mi-governo-conclui-revitalizacao-na-br-364-go\/","og_locale":"pt_BR","og_type":"article","og_title":"Com investimento de R$ 42 mi, governo conclui revitaliza\u00e7\u00e3o na BR-364\/GO","og_description":"da Ag\u00eancia iNFRA O Minist\u00e9rio dos Transportes, por meio do DNIT (Departamento Nacional de Infraestrutura de Transportes), concluiu a revitaliza\u00e7\u00e3o de um trecho de 27,6 quil\u00f4metros da BR-364\/GO, do quil\u00f4metro 209 ao 236,6, no munic\u00edpio de Jata\u00ed. As interven\u00e7\u00f5es fazem parte de um projeto de moderniza\u00e7\u00e3o da rodovia, que contempla ainda a manuten\u00e7\u00e3o do trecho [&hellip;]","og_url":"https:\/\/agenciainfra.com\/blog\/com-investimento-de-r-42-mi-governo-conclui-revitalizacao-na-br-364-go\/","og_site_name":"Ag\u00eancia iNFRA","article_publisher":"https:\/\/www.facebook.com\/ageninfra","article_published_time":"2025-07-16T21:19:58+00:00","article_modified_time":"2025-07-16T21:19:59+00:00","og_image":[{"width":768,"height":431,"url":"https:\/\/agenciainfra.com\/blog\/wp-content\/uploads\/2025\/07\/rodovia-br-364-goias-revitalizacao-foto-dnit.png","type":"image\/png"}],"author":"Ag\u00eancia iNFRA","twitter_card":"summary_large_image","twitter_creator":"@agencia_infra","twitter_site":"@agencia_infra","twitter_misc":{"Escrito por":"Ag\u00eancia iNFRA","Est. tempo de leitura":"1 minuto"},"schema":{"@context":"https:\/\/schema.org","@graph":[{"@type":"Article","@id":"https:\/\/agenciainfra.com\/blog\/com-investimento-de-r-42-mi-governo-conclui-revitalizacao-na-br-364-go\/#article","isPartOf":{"@id":"https:\/\/agenciainfra.com\/blog\/com-investimento-de-r-42-mi-governo-conclui-revitalizacao-na-br-364-go\/"},"author":{"name":"Ag\u00eancia iNFRA","@id":"https:\/\/agenciainfra.com\/blog\/#\/schema\/person\/34af08dff6adea4cb22b06612ba7acfa"},"headline":"Com investimento de R$ 42 mi, governo conclui revitaliza\u00e7\u00e3o na BR-364\/GO","datePublished":"2025-07-16T21:19:58+00:00","dateModified":"2025-07-16T21:19:59+00:00","mainEntityOfPage":{"@id":"https:\/\/agenciainfra.com\/blog\/com-investimento-de-r-42-mi-governo-conclui-revitalizacao-na-br-364-go\/"},"wordCount":276,"publisher":{"@id":"https:\/\/agenciainfra.com\/blog\/#organization"},"image":{"@id":"https:\/\/agenciainfra.com\/blog\/com-investimento-de-r-42-mi-governo-conclui-revitalizacao-na-br-364-go\/#primaryimage"},"thumbnailUrl":"https:\/\/agenciainfra.com\/blog\/wp-content\/uploads\/2025\/07\/rodovia-br-364-goias-revitalizacao-foto-dnit.png","keywords":["BR-364","DNIT","Goi\u00e1s","minist\u00e9rio dos transportes"],"articleSection":["Geral","Giro iNFRA"],"inLanguage":"pt-BR","copyrightYear":"2025","copyrightHolder":{"@id":"https:\/\/agenciainfra.com\/blog\/#organization"}},{"@type":"WebPage","@id":"https:\/\/agenciainfra.com\/blog\/com-investimento-de-r-42-mi-governo-conclui-revitalizacao-na-br-364-go\/","url":"https:\/\/agenciainfra.com\/blog\/com-investimento-de-r-42-mi-governo-conclui-revitalizacao-na-br-364-go\/","name":"Com investimento de R$ 42 mi, governo conclui revitaliza\u00e7\u00e3o na BR-364\/GO - Ag\u00eancia iNFRA","isPartOf":{"@id":"https:\/\/agenciainfra.com\/blog\/#website"},"primaryImageOfPage":{"@id":"https:\/\/agenciainfra.com\/blog\/com-investimento-de-r-42-mi-governo-conclui-revitalizacao-na-br-364-go\/#primaryimage"},"image":{"@id":"https:\/\/agenciainfra.com\/blog\/com-investimento-de-r-42-mi-governo-conclui-revitalizacao-na-br-364-go\/#primaryimage"},"thumbnailUrl":"https:\/\/agenciainfra.com\/blog\/wp-content\/uploads\/2025\/07\/rodovia-br-364-goias-revitalizacao-foto-dnit.png","datePublished":"2025-07-16T21:19:58+00:00","dateModified":"2025-07-16T21:19:59+00:00","breadcrumb":{"@id":"https:\/\/agenciainfra.com\/blog\/com-investimento-de-r-42-mi-governo-conclui-revitalizacao-na-br-364-go\/#breadcrumb"},"inLanguage":"pt-BR","potentialAction":[{"@type":"ReadAction","target":["https:\/\/agenciainfra.com\/blog\/com-investimento-de-r-42-mi-governo-conclui-revitalizacao-na-br-364-go\/"]}]},{"@type":"ImageObject","inLanguage":"pt-BR","@id":"https:\/\/agenciainfra.com\/blog\/com-investimento-de-r-42-mi-governo-conclui-revitalizacao-na-br-364-go\/#primaryimage","url":"https:\/\/agenciainfra.com\/blog\/wp-content\/uploads\/2025\/07\/rodovia-br-364-goias-revitalizacao-foto-dnit.png","contentUrl":"https:\/\/agenciainfra.com\/blog\/wp-content\/uploads\/2025\/07\/rodovia-br-364-goias-revitalizacao-foto-dnit.png","width":768,"height":431,"caption":"Foto: Divulga\u00e7\u00e3o\/Dnit"},{"@type":"BreadcrumbList","@id":"https:\/\/agenciainfra.com\/blog\/com-investimento-de-r-42-mi-governo-conclui-revitalizacao-na-br-364-go\/#breadcrumb","itemListElement":[{"@type":"ListItem","position":1,"name":"In\u00edcio","item":"https:\/\/agenciainfra.com\/blog\/"},{"@type":"ListItem","position":2,"name":"Com investimento de R$ 42 mi, governo conclui revitaliza\u00e7\u00e3o na BR-364\/GO"}]},{"@type":"WebSite","@id":"https:\/\/agenciainfra.com\/blog\/#website","url":"https:\/\/agenciainfra.com\/blog\/","name":"Ag\u00eancia iNFRA","description":"Multiplataforma de informa\u00e7\u00e3o jornal\u00edstica refer\u00eancia na \u00e1rea de infraestrutura no Brasil!","publisher":{"@id":"https:\/\/agenciainfra.com\/blog\/#organization"},"potentialAction":[{"@type":"SearchAction","target":{"@type":"EntryPoint","urlTemplate":"https:\/\/agenciainfra.com\/blog\/?s={search_term_string}"},"query-input":{"@type":"PropertyValueSpecification","valueRequired":true,"valueName":"search_term_string"}}],"inLanguage":"pt-BR"},{"@type":"Organization","@id":"https:\/\/agenciainfra.com\/blog\/#organization","name":"Ag\u00eancia iNFRA","url":"https:\/\/agenciainfra.com\/blog\/","logo":{"@type":"ImageObject","inLanguage":"pt-BR","@id":"https:\/\/agenciainfra.com\/blog\/#\/schema\/logo\/image\/","url":"https:\/\/agenciainfra.com\/blog\/wp-content\/uploads\/2023\/09\/iNFRA_5-e1761735885940.png","contentUrl":"https:\/\/agenciainfra.com\/blog\/wp-content\/uploads\/2023\/09\/iNFRA_5-e1761735885940.png","width":1672,"height":454,"caption":"Ag\u00eancia iNFRA"},"image":{"@id":"https:\/\/agenciainfra.com\/blog\/#\/schema\/logo\/image\/"},"sameAs":["https:\/\/www.facebook.com\/ageninfra","https:\/\/x.com\/agencia_infra","https:\/\/www.linkedin.com\/company\/ag\u00eanciainfra\/","https:\/\/www.instagram.com\/agenciainfra\/"]},{"@type":"Person","@id":"https:\/\/agenciainfra.com\/blog\/#\/schema\/person\/34af08dff6adea4cb22b06612ba7acfa","name":"Ag\u00eancia iNFRA","image":{"@type":"ImageObject","inLanguage":"pt-BR","@id":"https:\/\/agenciainfra.com\/blog\/#\/schema\/person\/image\/","url":"https:\/\/secure.gravatar.com\/avatar\/d189e01678f06d8eb84d4e01f08eb848b3fffe3f8443818d3c356c66892f5be8?s=96&d=mm&r=g","contentUrl":"https:\/\/secure.gravatar.com\/avatar\/d189e01678f06d8eb84d4e01f08eb848b3fffe3f8443818d3c356c66892f5be8?s=96&d=mm&r=g","caption":"Ag\u00eancia iNFRA"},"url":"https:\/\/agenciainfra.com\/blog\/author\/admin\/"}]}},"_links":{"self":[{"href":"https:\/\/agenciainfra.com\/blog\/wp-json\/wp\/v2\/posts\/24829","targetHints":{"allow":["GET"]}}],"collection":[{"href":"https:\/\/agenciainfra.com\/blog\/wp-json\/wp\/v2\/posts"}],"about":[{"href":"https:\/\/agenciainfra.com\/blog\/wp-json\/wp\/v2\/types\/post"}],"author":[{"embeddable":true,"href":"https:\/\/agenciainfra.com\/blog\/wp-json\/wp\/v2\/users\/1"}],"replies":[{"embeddable":true,"href":"https:\/\/agenciainfra.com\/blog\/wp-json\/wp\/v2\/comments?post=24829"}],"version-history":[{"count":1,"href":"https:\/\/agenciainfra.com\/blog\/wp-json\/wp\/v2\/posts\/24829\/revisions"}],"predecessor-version":[{"id":24833,"href":"https:\/\/agenciainfra.com\/blog\/wp-json\/wp\/v2\/posts\/24829\/revisions\/24833"}],"wp:featuredmedia":[{"embeddable":true,"href":"https:\/\/agenciainfra.com\/blog\/wp-json\/wp\/v2\/media\/24832"}],"wp:attachment":[{"href":"https:\/\/agenciainfra.com\/blog\/wp-json\/wp\/v2\/media?parent=24829"}],"wp:term":[{"taxonomy":"category","embeddable":true,"href":"https:\/\/agenciainfra.com\/blog\/wp-json\/wp\/v2\/categories?post=24829"},{"taxonomy":"post_tag","embeddable":true,"href":"https:\/\/agenciainfra.com\/blog\/wp-json\/wp\/v2\/tags?post=24829"}],"curies":[{"name":"wp","href":"https:\/\/api.w.org\/{rel}","templated":true}]}}