{"id":24847,"date":"2025-07-16T19:29:12","date_gmt":"2025-07-16T22:29:12","guid":{"rendered":"https:\/\/agenciainfra.com\/blog\/?p=24847"},"modified":"2025-07-16T19:29:14","modified_gmt":"2025-07-16T22:29:14","slug":"tcu-encontra-regras-incompativeis-em-arrendamento-temporario-do-porto-de-itajai","status":"publish","type":"post","link":"https:\/\/agenciainfra.com\/blog\/tcu-encontra-regras-incompativeis-em-arrendamento-temporario-do-porto-de-itajai\/","title":{"rendered":"TCU encontra \u201cregras incompat\u00edveis\u201d em arrendamento tempor\u00e1rio do Porto de Itaja\u00ed"},"content":{"rendered":"\n<p class=\"has-text-align-right\"><strong>da Ag\u00eancia iNFRA<\/strong><\/p>\n\n\n\n<p>O TCU (Tribunal de Contas da Uni\u00e3o) informou que encontrou falhas na defini\u00e7\u00e3o de crit\u00e9rios objetivos para habilita\u00e7\u00e3o t\u00e9cnico-operacional e econ\u00f4mico-financeira no processo seletivo simplificado do Porto de Itaja\u00ed (SC).<\/p>\n\n\n\n<p>\u201cA urg\u00eancia para selecionar um novo arrendat\u00e1rio, em substitui\u00e7\u00e3o \u00e0 APM Terminals, a fim de n\u00e3o causar mais preju\u00edzos pela paralisa\u00e7\u00e3o da opera\u00e7\u00e3o de cont\u00eaineres, levou \u00e0 defini\u00e7\u00e3o de regras incompat\u00edveis com a complexidade da opera\u00e7\u00e3o portu\u00e1ria\u201d, pontuou o ministro da Corte de Contas Aroldo Cedraz.<\/p>\n\n\n\n<p>Esse arrendamento transit\u00f3rio se refere aos ber\u00e7os 1 e 2 do Porto de Itaja\u00ed (\u00c1rea A). Foi firmado em 15 de dezembro de 2023, pelo prazo de 24 meses, extens\u00edvel por igual per\u00edodo, entre a empresa Mada Araujo Asset Management Ltda. e o Minist\u00e9rio de Portos e Aeroportos, na qualidade de poder concedente.<\/p>\n\n\n\n<p>Alguns exemplos de irregularidades est\u00e3o nas exig\u00eancias do edital para habilita\u00e7\u00e3o quanto \u00e0 qualifica\u00e7\u00e3o econ\u00f4mico-financeira, que se restringiram a solicitar as certid\u00f5es negativas de pedido de fal\u00eancia, concordata remanescente, recupera\u00e7\u00e3o judicial e extrajudicial.<\/p>\n\n\n\n<p>Em rela\u00e7\u00e3o \u00e0 qualifica\u00e7\u00e3o t\u00e9cnica, os requisitos incluem a apresenta\u00e7\u00e3o de Atestado de Visita T\u00e9cnica ou da Declara\u00e7\u00e3o de Pleno Conhecimento, e o compromisso de obter a pr\u00e9-qualifica\u00e7\u00e3o como operadora portu\u00e1ria junto \u00e0 Administra\u00e7\u00e3o do Porto de Itaja\u00ed ou, alternativamente, a possibilidade de contratar Operador Portu\u00e1rio pr\u00e9-qualificado.<\/p>\n\n\n\n<p>Quanto ao julgamento das propostas, o edital se restringiu ao crit\u00e9rio de maior volume de Movimenta\u00e7\u00e3o M\u00ednima Exigida, utilizado nos contratos de arrendamento portu\u00e1rio como par\u00e2metro m\u00ednimo de performance dos arrendat\u00e1rios. \u201cPara fins de obriga\u00e7\u00f5es pr\u00e9vias \u00e0 execu\u00e7\u00e3o e de garantias ao contrato, n\u00e3o houve exig\u00eancia de seguro ou cau\u00e7\u00e3o para sua execu\u00e7\u00e3o\u201d, afirmou Cedraz.<\/p>\n\n\n\n<p>O TCU decidiu encaminhar c\u00f3pia da delibera\u00e7\u00e3o ao procurador-chefe da Procuradoria da Rep\u00fablica em Santa Catarina, a t\u00edtulo de representa\u00e7\u00e3o, em face de ind\u00edcios de ilicitude, nos termos do art. 178 da Lei 14.133\/2021 (art. 337-F do Decreto-Lei 2.848\/1940).<\/p>\n\n\n\n<p>A Corte de Contas determinou que o Minist\u00e9rio dos Portos, no prazo de 90 dias, busque solu\u00e7\u00e3o conjunta com a Antaq para a quest\u00e3o do valor de indeniza\u00e7\u00e3o dos bens cedidos pela APM Terminals Ltda., levando em considera\u00e7\u00e3o o destino do encargo da deprecia\u00e7\u00e3o dos bens instalados no terminal do Porto de Itaja\u00ed (SC), informando ao TCU sobre a solu\u00e7\u00e3o adotada.<\/p>\n\n\n\n<p>Tamb\u00e9m foi determinado \u00e0 Antaq que, no prazo de 90 dias, encaminhe ao TCU a ap\u00f3lice de seguro de lucros cess antes referente ao Contrato de Arrendamento Transit\u00f3rio 1\/2023-MPor, a ser emitida pela Seara Opera\u00e7\u00f5es Portu\u00e1rias Ltda., ou, alternativamente, informe o resultado das medidas fiscalizat\u00f3rias adotadas.<\/p>\n\n\n\n<p><\/p>\n","protected":false},"excerpt":{"rendered":"<p>da Ag\u00eancia iNFRA O TCU (Tribunal de Contas da Uni\u00e3o) informou que encontrou falhas na defini\u00e7\u00e3o de crit\u00e9rios objetivos para habilita\u00e7\u00e3o t\u00e9cnico-operacional e econ\u00f4mico-financeira no processo seletivo simplificado do Porto de Itaja\u00ed (SC). \u201cA urg\u00eancia para selecionar um novo arrendat\u00e1rio, em substitui\u00e7\u00e3o \u00e0 APM Terminals, a fim de n\u00e3o causar mais preju\u00edzos pela paralisa\u00e7\u00e3o da [&hellip;]<\/p>\n","protected":false},"author":1,"featured_media":11417,"comment_status":"closed","ping_status":"closed","sticky":false,"template":"","format":"standard","meta":{"_monsterinsights_skip_tracking":false,"_monsterinsights_sitenote_active":false,"_monsterinsights_sitenote_note":"","_monsterinsights_sitenote_category":0,"footnotes":""},"categories":[1,13576],"tags":[14423,10995,2056,668,18],"class_list":["post-24847","post","type-post","status-publish","format-standard","has-post-thumbnail","hentry","category-geral","category-giro-infra","tag-arrendamento-temporario","tag-irregularidades","tag-porto-de-itajai","tag-santa-catarina","tag-tcu"],"yoast_head":"<!-- This site is optimized with the Yoast SEO Premium plugin v25.4 (Yoast SEO v26.0) - https:\/\/yoast.com\/wordpress\/plugins\/seo\/ -->\n<title>TCU encontra \u201cregras incompat\u00edveis\u201d em arrendamento tempor\u00e1rio do Porto de Itaja\u00ed - Ag\u00eancia iNFRA<\/title>\n<meta name=\"robots\" content=\"index, follow, max-snippet:-1, max-image-preview:large, max-video-preview:-1\" \/>\n<link rel=\"canonical\" href=\"https:\/\/agenciainfra.com\/blog\/tcu-encontra-regras-incompativeis-em-arrendamento-temporario-do-porto-de-itajai\/\" \/>\n<meta property=\"og:locale\" content=\"pt_BR\" \/>\n<meta property=\"og:type\" content=\"article\" \/>\n<meta property=\"og:title\" content=\"TCU encontra \u201cregras incompat\u00edveis\u201d em arrendamento tempor\u00e1rio do Porto de Itaja\u00ed\" \/>\n<meta property=\"og:description\" content=\"da Ag\u00eancia iNFRA O TCU (Tribunal de Contas da Uni\u00e3o) informou que encontrou falhas na defini\u00e7\u00e3o de crit\u00e9rios objetivos para habilita\u00e7\u00e3o t\u00e9cnico-operacional e econ\u00f4mico-financeira no processo seletivo simplificado do Porto de Itaja\u00ed (SC). \u201cA urg\u00eancia para selecionar um novo arrendat\u00e1rio, em substitui\u00e7\u00e3o \u00e0 APM Terminals, a fim de n\u00e3o causar mais preju\u00edzos pela paralisa\u00e7\u00e3o da [&hellip;]\" \/>\n<meta property=\"og:url\" content=\"https:\/\/agenciainfra.com\/blog\/tcu-encontra-regras-incompativeis-em-arrendamento-temporario-do-porto-de-itajai\/\" \/>\n<meta property=\"og:site_name\" content=\"Ag\u00eancia iNFRA\" \/>\n<meta property=\"article:publisher\" content=\"https:\/\/www.facebook.com\/ageninfra\" \/>\n<meta property=\"article:published_time\" content=\"2025-07-16T22:29:12+00:00\" \/>\n<meta property=\"article:modified_time\" content=\"2025-07-16T22:29:14+00:00\" \/>\n<meta property=\"og:image\" content=\"https:\/\/agenciainfra.com\/blog\/wp-content\/uploads\/2022\/09\/porto-de-itajai-foto-marcos-porto-prefeitura-de-itajai.jpeg\" \/>\n\t<meta property=\"og:image:width\" content=\"1280\" \/>\n\t<meta property=\"og:image:height\" content=\"856\" \/>\n\t<meta property=\"og:image:type\" content=\"image\/jpeg\" \/>\n<meta name=\"author\" content=\"Ag\u00eancia iNFRA\" \/>\n<meta name=\"twitter:card\" content=\"summary_large_image\" \/>\n<meta name=\"twitter:creator\" content=\"@agencia_infra\" \/>\n<meta name=\"twitter:site\" content=\"@agencia_infra\" \/>\n<meta name=\"twitter:label1\" content=\"Escrito por\" \/>\n\t<meta name=\"twitter:data1\" content=\"Ag\u00eancia iNFRA\" \/>\n\t<meta name=\"twitter:label2\" content=\"Est. tempo de leitura\" \/>\n\t<meta name=\"twitter:data2\" content=\"2 minutos\" \/>\n<script type=\"application\/ld+json\" class=\"yoast-schema-graph\">{\"@context\":\"https:\/\/schema.org\",\"@graph\":[{\"@type\":\"Article\",\"@id\":\"https:\/\/agenciainfra.com\/blog\/tcu-encontra-regras-incompativeis-em-arrendamento-temporario-do-porto-de-itajai\/#article\",\"isPartOf\":{\"@id\":\"https:\/\/agenciainfra.com\/blog\/tcu-encontra-regras-incompativeis-em-arrendamento-temporario-do-porto-de-itajai\/\"},\"author\":{\"name\":\"Ag\u00eancia iNFRA\",\"@id\":\"https:\/\/agenciainfra.com\/blog\/#\/schema\/person\/34af08dff6adea4cb22b06612ba7acfa\"},\"headline\":\"TCU encontra \u201cregras incompat\u00edveis\u201d em arrendamento tempor\u00e1rio do Porto de Itaja\u00ed\",\"datePublished\":\"2025-07-16T22:29:12+00:00\",\"dateModified\":\"2025-07-16T22:29:14+00:00\",\"mainEntityOfPage\":{\"@id\":\"https:\/\/agenciainfra.com\/blog\/tcu-encontra-regras-incompativeis-em-arrendamento-temporario-do-porto-de-itajai\/\"},\"wordCount\":486,\"publisher\":{\"@id\":\"https:\/\/agenciainfra.com\/blog\/#organization\"},\"image\":{\"@id\":\"https:\/\/agenciainfra.com\/blog\/tcu-encontra-regras-incompativeis-em-arrendamento-temporario-do-porto-de-itajai\/#primaryimage\"},\"thumbnailUrl\":\"https:\/\/agenciainfra.com\/blog\/wp-content\/uploads\/2022\/09\/porto-de-itajai-foto-marcos-porto-prefeitura-de-itajai.jpeg\",\"keywords\":[\"Arrendamento tempor\u00e1rio\",\"Irregularidades\",\"Porto de Itaja\u00ed\",\"Santa Catarina\",\"TCU\"],\"articleSection\":[\"Geral\",\"Giro iNFRA\"],\"inLanguage\":\"pt-BR\",\"copyrightYear\":\"2025\",\"copyrightHolder\":{\"@id\":\"https:\/\/agenciainfra.com\/blog\/#organization\"}},{\"@type\":\"WebPage\",\"@id\":\"https:\/\/agenciainfra.com\/blog\/tcu-encontra-regras-incompativeis-em-arrendamento-temporario-do-porto-de-itajai\/\",\"url\":\"https:\/\/agenciainfra.com\/blog\/tcu-encontra-regras-incompativeis-em-arrendamento-temporario-do-porto-de-itajai\/\",\"name\":\"TCU encontra \u201cregras incompat\u00edveis\u201d em arrendamento tempor\u00e1rio do Porto de Itaja\u00ed - Ag\u00eancia iNFRA\",\"isPartOf\":{\"@id\":\"https:\/\/agenciainfra.com\/blog\/#website\"},\"primaryImageOfPage\":{\"@id\":\"https:\/\/agenciainfra.com\/blog\/tcu-encontra-regras-incompativeis-em-arrendamento-temporario-do-porto-de-itajai\/#primaryimage\"},\"image\":{\"@id\":\"https:\/\/agenciainfra.com\/blog\/tcu-encontra-regras-incompativeis-em-arrendamento-temporario-do-porto-de-itajai\/#primaryimage\"},\"thumbnailUrl\":\"https:\/\/agenciainfra.com\/blog\/wp-content\/uploads\/2022\/09\/porto-de-itajai-foto-marcos-porto-prefeitura-de-itajai.jpeg\",\"datePublished\":\"2025-07-16T22:29:12+00:00\",\"dateModified\":\"2025-07-16T22:29:14+00:00\",\"breadcrumb\":{\"@id\":\"https:\/\/agenciainfra.com\/blog\/tcu-encontra-regras-incompativeis-em-arrendamento-temporario-do-porto-de-itajai\/#breadcrumb\"},\"inLanguage\":\"pt-BR\",\"potentialAction\":[{\"@type\":\"ReadAction\",\"target\":[\"https:\/\/agenciainfra.com\/blog\/tcu-encontra-regras-incompativeis-em-arrendamento-temporario-do-porto-de-itajai\/\"]}]},{\"@type\":\"ImageObject\",\"inLanguage\":\"pt-BR\",\"@id\":\"https:\/\/agenciainfra.com\/blog\/tcu-encontra-regras-incompativeis-em-arrendamento-temporario-do-porto-de-itajai\/#primaryimage\",\"url\":\"https:\/\/agenciainfra.com\/blog\/wp-content\/uploads\/2022\/09\/porto-de-itajai-foto-marcos-porto-prefeitura-de-itajai.jpeg\",\"contentUrl\":\"https:\/\/agenciainfra.com\/blog\/wp-content\/uploads\/2022\/09\/porto-de-itajai-foto-marcos-porto-prefeitura-de-itajai.jpeg\",\"width\":1280,\"height\":856,\"caption\":\"Foto: Marcos Porto\/Prefeitura de Itaja\u00ed\"},{\"@type\":\"BreadcrumbList\",\"@id\":\"https:\/\/agenciainfra.com\/blog\/tcu-encontra-regras-incompativeis-em-arrendamento-temporario-do-porto-de-itajai\/#breadcrumb\",\"itemListElement\":[{\"@type\":\"ListItem\",\"position\":1,\"name\":\"In\u00edcio\",\"item\":\"https:\/\/agenciainfra.com\/blog\/\"},{\"@type\":\"ListItem\",\"position\":2,\"name\":\"TCU encontra \u201cregras incompat\u00edveis\u201d em arrendamento tempor\u00e1rio do Porto de Itaja\u00ed\"}]},{\"@type\":\"WebSite\",\"@id\":\"https:\/\/agenciainfra.com\/blog\/#website\",\"url\":\"https:\/\/agenciainfra.com\/blog\/\",\"name\":\"Ag\u00eancia iNFRA\",\"description\":\"Multiplataforma de informa\u00e7\u00e3o jornal\u00edstica refer\u00eancia na \u00e1rea de infraestrutura no Brasil!\",\"publisher\":{\"@id\":\"https:\/\/agenciainfra.com\/blog\/#organization\"},\"potentialAction\":[{\"@type\":\"SearchAction\",\"target\":{\"@type\":\"EntryPoint\",\"urlTemplate\":\"https:\/\/agenciainfra.com\/blog\/?s={search_term_string}\"},\"query-input\":{\"@type\":\"PropertyValueSpecification\",\"valueRequired\":true,\"valueName\":\"search_term_string\"}}],\"inLanguage\":\"pt-BR\"},{\"@type\":\"Organization\",\"@id\":\"https:\/\/agenciainfra.com\/blog\/#organization\",\"name\":\"Ag\u00eancia iNFRA\",\"url\":\"https:\/\/agenciainfra.com\/blog\/\",\"logo\":{\"@type\":\"ImageObject\",\"inLanguage\":\"pt-BR\",\"@id\":\"https:\/\/agenciainfra.com\/blog\/#\/schema\/logo\/image\/\",\"url\":\"https:\/\/agenciainfra.com\/blog\/wp-content\/uploads\/2023\/09\/iNFRA_5-e1761735885940.png\",\"contentUrl\":\"https:\/\/agenciainfra.com\/blog\/wp-content\/uploads\/2023\/09\/iNFRA_5-e1761735885940.png\",\"width\":1672,\"height\":454,\"caption\":\"Ag\u00eancia iNFRA\"},\"image\":{\"@id\":\"https:\/\/agenciainfra.com\/blog\/#\/schema\/logo\/image\/\"},\"sameAs\":[\"https:\/\/www.facebook.com\/ageninfra\",\"https:\/\/x.com\/agencia_infra\",\"https:\/\/www.linkedin.com\/company\/ag\u00eanciainfra\/\",\"https:\/\/www.instagram.com\/agenciainfra\/\"]},{\"@type\":\"Person\",\"@id\":\"https:\/\/agenciainfra.com\/blog\/#\/schema\/person\/34af08dff6adea4cb22b06612ba7acfa\",\"name\":\"Ag\u00eancia iNFRA\",\"image\":{\"@type\":\"ImageObject\",\"inLanguage\":\"pt-BR\",\"@id\":\"https:\/\/agenciainfra.com\/blog\/#\/schema\/person\/image\/\",\"url\":\"https:\/\/secure.gravatar.com\/avatar\/d189e01678f06d8eb84d4e01f08eb848b3fffe3f8443818d3c356c66892f5be8?s=96&d=mm&r=g\",\"contentUrl\":\"https:\/\/secure.gravatar.com\/avatar\/d189e01678f06d8eb84d4e01f08eb848b3fffe3f8443818d3c356c66892f5be8?s=96&d=mm&r=g\",\"caption\":\"Ag\u00eancia iNFRA\"},\"url\":\"https:\/\/agenciainfra.com\/blog\/author\/admin\/\"}]}<\/script>\n<!-- \/ Yoast SEO Premium plugin. -->","yoast_head_json":{"title":"TCU encontra \u201cregras incompat\u00edveis\u201d em arrendamento tempor\u00e1rio do Porto de Itaja\u00ed - Ag\u00eancia iNFRA","robots":{"index":"index","follow":"follow","max-snippet":"max-snippet:-1","max-image-preview":"max-image-preview:large","max-video-preview":"max-video-preview:-1"},"canonical":"https:\/\/agenciainfra.com\/blog\/tcu-encontra-regras-incompativeis-em-arrendamento-temporario-do-porto-de-itajai\/","og_locale":"pt_BR","og_type":"article","og_title":"TCU encontra \u201cregras incompat\u00edveis\u201d em arrendamento tempor\u00e1rio do Porto de Itaja\u00ed","og_description":"da Ag\u00eancia iNFRA O TCU (Tribunal de Contas da Uni\u00e3o) informou que encontrou falhas na defini\u00e7\u00e3o de crit\u00e9rios objetivos para habilita\u00e7\u00e3o t\u00e9cnico-operacional e econ\u00f4mico-financeira no processo seletivo simplificado do Porto de Itaja\u00ed (SC). \u201cA urg\u00eancia para selecionar um novo arrendat\u00e1rio, em substitui\u00e7\u00e3o \u00e0 APM Terminals, a fim de n\u00e3o causar mais preju\u00edzos pela paralisa\u00e7\u00e3o da [&hellip;]","og_url":"https:\/\/agenciainfra.com\/blog\/tcu-encontra-regras-incompativeis-em-arrendamento-temporario-do-porto-de-itajai\/","og_site_name":"Ag\u00eancia iNFRA","article_publisher":"https:\/\/www.facebook.com\/ageninfra","article_published_time":"2025-07-16T22:29:12+00:00","article_modified_time":"2025-07-16T22:29:14+00:00","og_image":[{"width":1280,"height":856,"url":"https:\/\/agenciainfra.com\/blog\/wp-content\/uploads\/2022\/09\/porto-de-itajai-foto-marcos-porto-prefeitura-de-itajai.jpeg","type":"image\/jpeg"}],"author":"Ag\u00eancia iNFRA","twitter_card":"summary_large_image","twitter_creator":"@agencia_infra","twitter_site":"@agencia_infra","twitter_misc":{"Escrito por":"Ag\u00eancia iNFRA","Est. tempo de leitura":"2 minutos"},"schema":{"@context":"https:\/\/schema.org","@graph":[{"@type":"Article","@id":"https:\/\/agenciainfra.com\/blog\/tcu-encontra-regras-incompativeis-em-arrendamento-temporario-do-porto-de-itajai\/#article","isPartOf":{"@id":"https:\/\/agenciainfra.com\/blog\/tcu-encontra-regras-incompativeis-em-arrendamento-temporario-do-porto-de-itajai\/"},"author":{"name":"Ag\u00eancia iNFRA","@id":"https:\/\/agenciainfra.com\/blog\/#\/schema\/person\/34af08dff6adea4cb22b06612ba7acfa"},"headline":"TCU encontra \u201cregras incompat\u00edveis\u201d em arrendamento tempor\u00e1rio do Porto de Itaja\u00ed","datePublished":"2025-07-16T22:29:12+00:00","dateModified":"2025-07-16T22:29:14+00:00","mainEntityOfPage":{"@id":"https:\/\/agenciainfra.com\/blog\/tcu-encontra-regras-incompativeis-em-arrendamento-temporario-do-porto-de-itajai\/"},"wordCount":486,"publisher":{"@id":"https:\/\/agenciainfra.com\/blog\/#organization"},"image":{"@id":"https:\/\/agenciainfra.com\/blog\/tcu-encontra-regras-incompativeis-em-arrendamento-temporario-do-porto-de-itajai\/#primaryimage"},"thumbnailUrl":"https:\/\/agenciainfra.com\/blog\/wp-content\/uploads\/2022\/09\/porto-de-itajai-foto-marcos-porto-prefeitura-de-itajai.jpeg","keywords":["Arrendamento tempor\u00e1rio","Irregularidades","Porto de Itaja\u00ed","Santa Catarina","TCU"],"articleSection":["Geral","Giro iNFRA"],"inLanguage":"pt-BR","copyrightYear":"2025","copyrightHolder":{"@id":"https:\/\/agenciainfra.com\/blog\/#organization"}},{"@type":"WebPage","@id":"https:\/\/agenciainfra.com\/blog\/tcu-encontra-regras-incompativeis-em-arrendamento-temporario-do-porto-de-itajai\/","url":"https:\/\/agenciainfra.com\/blog\/tcu-encontra-regras-incompativeis-em-arrendamento-temporario-do-porto-de-itajai\/","name":"TCU encontra \u201cregras incompat\u00edveis\u201d em arrendamento tempor\u00e1rio do Porto de Itaja\u00ed - Ag\u00eancia iNFRA","isPartOf":{"@id":"https:\/\/agenciainfra.com\/blog\/#website"},"primaryImageOfPage":{"@id":"https:\/\/agenciainfra.com\/blog\/tcu-encontra-regras-incompativeis-em-arrendamento-temporario-do-porto-de-itajai\/#primaryimage"},"image":{"@id":"https:\/\/agenciainfra.com\/blog\/tcu-encontra-regras-incompativeis-em-arrendamento-temporario-do-porto-de-itajai\/#primaryimage"},"thumbnailUrl":"https:\/\/agenciainfra.com\/blog\/wp-content\/uploads\/2022\/09\/porto-de-itajai-foto-marcos-porto-prefeitura-de-itajai.jpeg","datePublished":"2025-07-16T22:29:12+00:00","dateModified":"2025-07-16T22:29:14+00:00","breadcrumb":{"@id":"https:\/\/agenciainfra.com\/blog\/tcu-encontra-regras-incompativeis-em-arrendamento-temporario-do-porto-de-itajai\/#breadcrumb"},"inLanguage":"pt-BR","potentialAction":[{"@type":"ReadAction","target":["https:\/\/agenciainfra.com\/blog\/tcu-encontra-regras-incompativeis-em-arrendamento-temporario-do-porto-de-itajai\/"]}]},{"@type":"ImageObject","inLanguage":"pt-BR","@id":"https:\/\/agenciainfra.com\/blog\/tcu-encontra-regras-incompativeis-em-arrendamento-temporario-do-porto-de-itajai\/#primaryimage","url":"https:\/\/agenciainfra.com\/blog\/wp-content\/uploads\/2022\/09\/porto-de-itajai-foto-marcos-porto-prefeitura-de-itajai.jpeg","contentUrl":"https:\/\/agenciainfra.com\/blog\/wp-content\/uploads\/2022\/09\/porto-de-itajai-foto-marcos-porto-prefeitura-de-itajai.jpeg","width":1280,"height":856,"caption":"Foto: Marcos Porto\/Prefeitura de Itaja\u00ed"},{"@type":"BreadcrumbList","@id":"https:\/\/agenciainfra.com\/blog\/tcu-encontra-regras-incompativeis-em-arrendamento-temporario-do-porto-de-itajai\/#breadcrumb","itemListElement":[{"@type":"ListItem","position":1,"name":"In\u00edcio","item":"https:\/\/agenciainfra.com\/blog\/"},{"@type":"ListItem","position":2,"name":"TCU encontra \u201cregras incompat\u00edveis\u201d em arrendamento tempor\u00e1rio do Porto de Itaja\u00ed"}]},{"@type":"WebSite","@id":"https:\/\/agenciainfra.com\/blog\/#website","url":"https:\/\/agenciainfra.com\/blog\/","name":"Ag\u00eancia iNFRA","description":"Multiplataforma de informa\u00e7\u00e3o jornal\u00edstica refer\u00eancia na \u00e1rea de infraestrutura no Brasil!","publisher":{"@id":"https:\/\/agenciainfra.com\/blog\/#organization"},"potentialAction":[{"@type":"SearchAction","target":{"@type":"EntryPoint","urlTemplate":"https:\/\/agenciainfra.com\/blog\/?s={search_term_string}"},"query-input":{"@type":"PropertyValueSpecification","valueRequired":true,"valueName":"search_term_string"}}],"inLanguage":"pt-BR"},{"@type":"Organization","@id":"https:\/\/agenciainfra.com\/blog\/#organization","name":"Ag\u00eancia iNFRA","url":"https:\/\/agenciainfra.com\/blog\/","logo":{"@type":"ImageObject","inLanguage":"pt-BR","@id":"https:\/\/agenciainfra.com\/blog\/#\/schema\/logo\/image\/","url":"https:\/\/agenciainfra.com\/blog\/wp-content\/uploads\/2023\/09\/iNFRA_5-e1761735885940.png","contentUrl":"https:\/\/agenciainfra.com\/blog\/wp-content\/uploads\/2023\/09\/iNFRA_5-e1761735885940.png","width":1672,"height":454,"caption":"Ag\u00eancia iNFRA"},"image":{"@id":"https:\/\/agenciainfra.com\/blog\/#\/schema\/logo\/image\/"},"sameAs":["https:\/\/www.facebook.com\/ageninfra","https:\/\/x.com\/agencia_infra","https:\/\/www.linkedin.com\/company\/ag\u00eanciainfra\/","https:\/\/www.instagram.com\/agenciainfra\/"]},{"@type":"Person","@id":"https:\/\/agenciainfra.com\/blog\/#\/schema\/person\/34af08dff6adea4cb22b06612ba7acfa","name":"Ag\u00eancia iNFRA","image":{"@type":"ImageObject","inLanguage":"pt-BR","@id":"https:\/\/agenciainfra.com\/blog\/#\/schema\/person\/image\/","url":"https:\/\/secure.gravatar.com\/avatar\/d189e01678f06d8eb84d4e01f08eb848b3fffe3f8443818d3c356c66892f5be8?s=96&d=mm&r=g","contentUrl":"https:\/\/secure.gravatar.com\/avatar\/d189e01678f06d8eb84d4e01f08eb848b3fffe3f8443818d3c356c66892f5be8?s=96&d=mm&r=g","caption":"Ag\u00eancia iNFRA"},"url":"https:\/\/agenciainfra.com\/blog\/author\/admin\/"}]}},"_links":{"self":[{"href":"https:\/\/agenciainfra.com\/blog\/wp-json\/wp\/v2\/posts\/24847","targetHints":{"allow":["GET"]}}],"collection":[{"href":"https:\/\/agenciainfra.com\/blog\/wp-json\/wp\/v2\/posts"}],"about":[{"href":"https:\/\/agenciainfra.com\/blog\/wp-json\/wp\/v2\/types\/post"}],"author":[{"embeddable":true,"href":"https:\/\/agenciainfra.com\/blog\/wp-json\/wp\/v2\/users\/1"}],"replies":[{"embeddable":true,"href":"https:\/\/agenciainfra.com\/blog\/wp-json\/wp\/v2\/comments?post=24847"}],"version-history":[{"count":1,"href":"https:\/\/agenciainfra.com\/blog\/wp-json\/wp\/v2\/posts\/24847\/revisions"}],"predecessor-version":[{"id":24849,"href":"https:\/\/agenciainfra.com\/blog\/wp-json\/wp\/v2\/posts\/24847\/revisions\/24849"}],"wp:featuredmedia":[{"embeddable":true,"href":"https:\/\/agenciainfra.com\/blog\/wp-json\/wp\/v2\/media\/11417"}],"wp:attachment":[{"href":"https:\/\/agenciainfra.com\/blog\/wp-json\/wp\/v2\/media?parent=24847"}],"wp:term":[{"taxonomy":"category","embeddable":true,"href":"https:\/\/agenciainfra.com\/blog\/wp-json\/wp\/v2\/categories?post=24847"},{"taxonomy":"post_tag","embeddable":true,"href":"https:\/\/agenciainfra.com\/blog\/wp-json\/wp\/v2\/tags?post=24847"}],"curies":[{"name":"wp","href":"https:\/\/api.w.org\/{rel}","templated":true}]}}