{"id":24851,"date":"2025-07-16T19:43:13","date_gmt":"2025-07-16T22:43:13","guid":{"rendered":"https:\/\/agenciainfra.com\/blog\/?p=24851"},"modified":"2025-07-17T13:20:52","modified_gmt":"2025-07-17T16:20:52","slug":"quatro-milhoes-de-familias-recebem-creditos-da-micro-e-minigeracao-distribuida","status":"publish","type":"post","link":"https:\/\/agenciainfra.com\/blog\/quatro-milhoes-de-familias-recebem-creditos-da-micro-e-minigeracao-distribuida\/","title":{"rendered":"Quatro milh\u00f5es de fam\u00edlias recebem cr\u00e9ditos da micro e minigera\u00e7\u00e3o distribu\u00edda"},"content":{"rendered":"\n<p class=\"has-text-align-right\"><strong>da Ag\u00eancia iNFRA<\/strong><\/p>\n\n\n\n<p>Os consumidores brasileiros beneficiados com cr\u00e9ditos da MMGD (micro e minigera\u00e7\u00e3o distribu\u00edda de energia el\u00e9trica) ultrapassaram em junho a marca de 6,5 milh\u00f5es, entre eles quatro milh\u00f5es de fam\u00edlias (consumidores residenciais).&nbsp;<\/p>\n\n\n\n<p>Juntos, eles compartilham os cr\u00e9ditos pela gera\u00e7\u00e3o dos 3,71 milh\u00f5es de sistemas conectados \u00e0 rede de distribui\u00e7\u00e3o de energia el\u00e9trica at\u00e9 30 de junho, reunindo pot\u00eancia instalada pr\u00f3xima de 41,48 GW (gigawatts).&nbsp;<\/p>\n\n\n\n<p>Os dados constam do painel interativo da ANEEL (Ag\u00eancia Nacional de Energia El\u00e9trica), mantido a partir de informa\u00e7\u00f5es enviadas pelas distribuidoras de energia.<\/p>\n\n\n\n<p>Mais de 806 mil consumidores passaram a receber cr\u00e9ditos somente neste ano, pelas usinas montadas de janeiro a junho. Foram instalados nesse per\u00edodo 452 mil sistemas de MMGD, que acrescentaram 4,6 GW \u00e0 oferta desses sistemas para a rede el\u00e9trica.&nbsp;<\/p>\n\n\n\n<p>Por meio da MMGD, o consumidor gera energia el\u00e9trica, a partir de fontes renov\u00e1veis ou cogera\u00e7\u00e3o qualificada, e injeta na rede de distribui\u00e7\u00e3o a energia n\u00e3o utilizada, recebendo cr\u00e9ditos para usar nos momentos em que n\u00e3o est\u00e1 gerando, por meio do SCEE (Sistema de Compensa\u00e7\u00e3o de Energia El\u00e9trica).&nbsp;<\/p>\n\n\n\n<p>Em junho, foram instalados mais de 50 mil sistemas de MMGD, reunindo uma pot\u00eancia de 521,03 MW (megawatts ). Come\u00e7aram a funcionar no m\u00eas 50.078 usinas solares fotovoltaicas, uma usina e\u00f3lica e uma termel\u00e9trica movida a baga\u00e7o de cana.&nbsp;<\/p>\n\n\n\n<p>S\u00e3o Paulo foi o estado que se destacou no primeiro semestre, em n\u00famero de sistemas instalados e em pot\u00eancia: 69.569 usinas come\u00e7aram a operar, totalizando 576,50 MW. Minas Gerais foi o segundo estado em expans\u00e3o de pot\u00eancia em MMGD na primeira metade do ano, com 413,07 MW, seguido do Mato Grosso, com 384,33 MW. Em quantidade de instala\u00e7\u00f5es, Minas ficou em segundo lugar, com 36.405 novas usinas, e o Paran\u00e1 contabilizou 32.717 instala\u00e7\u00f5es.<\/p>\n\n\n\n<p><\/p>\n","protected":false},"excerpt":{"rendered":"<p>da Ag\u00eancia iNFRA Os consumidores brasileiros beneficiados com cr\u00e9ditos da MMGD (micro e minigera\u00e7\u00e3o distribu\u00edda de energia el\u00e9trica) ultrapassaram em junho a marca de 6,5 milh\u00f5es, entre eles quatro milh\u00f5es de fam\u00edlias (consumidores residenciais).&nbsp; Juntos, eles compartilham os cr\u00e9ditos pela gera\u00e7\u00e3o dos 3,71 milh\u00f5es de sistemas conectados \u00e0 rede de distribui\u00e7\u00e3o de energia el\u00e9trica at\u00e9 [&hellip;]<\/p>\n","protected":false},"author":1,"featured_media":6939,"comment_status":"closed","ping_status":"closed","sticky":false,"template":"","format":"standard","meta":{"_monsterinsights_skip_tracking":false,"_monsterinsights_sitenote_active":false,"_monsterinsights_sitenote_note":"","_monsterinsights_sitenote_category":0,"footnotes":""},"categories":[1,13576],"tags":[53,14424,8724,10966,10967],"class_list":["post-24851","post","type-post","status-publish","format-standard","has-post-thumbnail","hentry","category-geral","category-giro-infra","tag-aneel","tag-micro-e-minigeracao-distribuida-de-energia","tag-mmgd","tag-scee","tag-sistema-de-compensacao-de-energia-eletrica"],"yoast_head":"<!-- This site is optimized with the Yoast SEO Premium plugin v25.4 (Yoast SEO v26.0) - https:\/\/yoast.com\/wordpress\/plugins\/seo\/ -->\n<title>Quatro milh\u00f5es de fam\u00edlias recebem cr\u00e9ditos da micro e minigera\u00e7\u00e3o distribu\u00edda - Ag\u00eancia iNFRA<\/title>\n<meta name=\"robots\" content=\"index, follow, max-snippet:-1, max-image-preview:large, max-video-preview:-1\" \/>\n<link rel=\"canonical\" href=\"https:\/\/agenciainfra.com\/blog\/quatro-milhoes-de-familias-recebem-creditos-da-micro-e-minigeracao-distribuida\/\" \/>\n<meta property=\"og:locale\" content=\"pt_BR\" \/>\n<meta property=\"og:type\" content=\"article\" \/>\n<meta property=\"og:title\" content=\"Quatro milh\u00f5es de fam\u00edlias recebem cr\u00e9ditos da micro e minigera\u00e7\u00e3o distribu\u00edda\" \/>\n<meta property=\"og:description\" content=\"da Ag\u00eancia iNFRA Os consumidores brasileiros beneficiados com cr\u00e9ditos da MMGD (micro e minigera\u00e7\u00e3o distribu\u00edda de energia el\u00e9trica) ultrapassaram em junho a marca de 6,5 milh\u00f5es, entre eles quatro milh\u00f5es de fam\u00edlias (consumidores residenciais).&nbsp; Juntos, eles compartilham os cr\u00e9ditos pela gera\u00e7\u00e3o dos 3,71 milh\u00f5es de sistemas conectados \u00e0 rede de distribui\u00e7\u00e3o de energia el\u00e9trica at\u00e9 [&hellip;]\" \/>\n<meta property=\"og:url\" content=\"https:\/\/agenciainfra.com\/blog\/quatro-milhoes-de-familias-recebem-creditos-da-micro-e-minigeracao-distribuida\/\" \/>\n<meta property=\"og:site_name\" content=\"Ag\u00eancia iNFRA\" \/>\n<meta property=\"article:publisher\" content=\"https:\/\/www.facebook.com\/ageninfra\" \/>\n<meta property=\"article:published_time\" content=\"2025-07-16T22:43:13+00:00\" \/>\n<meta property=\"article:modified_time\" content=\"2025-07-17T16:20:52+00:00\" \/>\n<meta property=\"og:image\" content=\"https:\/\/agenciainfra.com\/blog\/wp-content\/uploads\/2021\/03\/painel-solar-foto-dominio-publico.jpeg\" \/>\n\t<meta property=\"og:image:width\" content=\"1280\" \/>\n\t<meta property=\"og:image:height\" content=\"655\" \/>\n\t<meta property=\"og:image:type\" content=\"image\/jpeg\" \/>\n<meta name=\"author\" content=\"Ag\u00eancia iNFRA\" \/>\n<meta name=\"twitter:card\" content=\"summary_large_image\" \/>\n<meta name=\"twitter:creator\" content=\"@agencia_infra\" \/>\n<meta name=\"twitter:site\" content=\"@agencia_infra\" \/>\n<meta name=\"twitter:label1\" content=\"Escrito por\" \/>\n\t<meta name=\"twitter:data1\" content=\"Ag\u00eancia iNFRA\" \/>\n\t<meta name=\"twitter:label2\" content=\"Est. tempo de leitura\" \/>\n\t<meta name=\"twitter:data2\" content=\"2 minutos\" \/>\n<script type=\"application\/ld+json\" class=\"yoast-schema-graph\">{\"@context\":\"https:\/\/schema.org\",\"@graph\":[{\"@type\":\"Article\",\"@id\":\"https:\/\/agenciainfra.com\/blog\/quatro-milhoes-de-familias-recebem-creditos-da-micro-e-minigeracao-distribuida\/#article\",\"isPartOf\":{\"@id\":\"https:\/\/agenciainfra.com\/blog\/quatro-milhoes-de-familias-recebem-creditos-da-micro-e-minigeracao-distribuida\/\"},\"author\":{\"name\":\"Ag\u00eancia iNFRA\",\"@id\":\"https:\/\/agenciainfra.com\/blog\/#\/schema\/person\/34af08dff6adea4cb22b06612ba7acfa\"},\"headline\":\"Quatro milh\u00f5es de fam\u00edlias recebem cr\u00e9ditos da micro e minigera\u00e7\u00e3o distribu\u00edda\",\"datePublished\":\"2025-07-16T22:43:13+00:00\",\"dateModified\":\"2025-07-17T16:20:52+00:00\",\"mainEntityOfPage\":{\"@id\":\"https:\/\/agenciainfra.com\/blog\/quatro-milhoes-de-familias-recebem-creditos-da-micro-e-minigeracao-distribuida\/\"},\"wordCount\":335,\"publisher\":{\"@id\":\"https:\/\/agenciainfra.com\/blog\/#organization\"},\"image\":{\"@id\":\"https:\/\/agenciainfra.com\/blog\/quatro-milhoes-de-familias-recebem-creditos-da-micro-e-minigeracao-distribuida\/#primaryimage\"},\"thumbnailUrl\":\"https:\/\/agenciainfra.com\/blog\/wp-content\/uploads\/2021\/03\/painel-solar-foto-dominio-publico.jpeg\",\"keywords\":[\"ANEEL\",\"micro e minigera\u00e7\u00e3o distribu\u00edda de energia\",\"MMGD\",\"SCEE\",\"Sistema de Compensa\u00e7\u00e3o de Energia El\u00e9trica\"],\"articleSection\":[\"Geral\",\"Giro iNFRA\"],\"inLanguage\":\"pt-BR\",\"copyrightYear\":\"2025\",\"copyrightHolder\":{\"@id\":\"https:\/\/agenciainfra.com\/blog\/#organization\"}},{\"@type\":\"WebPage\",\"@id\":\"https:\/\/agenciainfra.com\/blog\/quatro-milhoes-de-familias-recebem-creditos-da-micro-e-minigeracao-distribuida\/\",\"url\":\"https:\/\/agenciainfra.com\/blog\/quatro-milhoes-de-familias-recebem-creditos-da-micro-e-minigeracao-distribuida\/\",\"name\":\"Quatro milh\u00f5es de fam\u00edlias recebem cr\u00e9ditos da micro e minigera\u00e7\u00e3o distribu\u00edda - Ag\u00eancia iNFRA\",\"isPartOf\":{\"@id\":\"https:\/\/agenciainfra.com\/blog\/#website\"},\"primaryImageOfPage\":{\"@id\":\"https:\/\/agenciainfra.com\/blog\/quatro-milhoes-de-familias-recebem-creditos-da-micro-e-minigeracao-distribuida\/#primaryimage\"},\"image\":{\"@id\":\"https:\/\/agenciainfra.com\/blog\/quatro-milhoes-de-familias-recebem-creditos-da-micro-e-minigeracao-distribuida\/#primaryimage\"},\"thumbnailUrl\":\"https:\/\/agenciainfra.com\/blog\/wp-content\/uploads\/2021\/03\/painel-solar-foto-dominio-publico.jpeg\",\"datePublished\":\"2025-07-16T22:43:13+00:00\",\"dateModified\":\"2025-07-17T16:20:52+00:00\",\"breadcrumb\":{\"@id\":\"https:\/\/agenciainfra.com\/blog\/quatro-milhoes-de-familias-recebem-creditos-da-micro-e-minigeracao-distribuida\/#breadcrumb\"},\"inLanguage\":\"pt-BR\",\"potentialAction\":[{\"@type\":\"ReadAction\",\"target\":[\"https:\/\/agenciainfra.com\/blog\/quatro-milhoes-de-familias-recebem-creditos-da-micro-e-minigeracao-distribuida\/\"]}]},{\"@type\":\"ImageObject\",\"inLanguage\":\"pt-BR\",\"@id\":\"https:\/\/agenciainfra.com\/blog\/quatro-milhoes-de-familias-recebem-creditos-da-micro-e-minigeracao-distribuida\/#primaryimage\",\"url\":\"https:\/\/agenciainfra.com\/blog\/wp-content\/uploads\/2021\/03\/painel-solar-foto-dominio-publico.jpeg\",\"contentUrl\":\"https:\/\/agenciainfra.com\/blog\/wp-content\/uploads\/2021\/03\/painel-solar-foto-dominio-publico.jpeg\",\"width\":1280,\"height\":655,\"caption\":\"Foto: Dom\u00ednio p\u00fablico\"},{\"@type\":\"BreadcrumbList\",\"@id\":\"https:\/\/agenciainfra.com\/blog\/quatro-milhoes-de-familias-recebem-creditos-da-micro-e-minigeracao-distribuida\/#breadcrumb\",\"itemListElement\":[{\"@type\":\"ListItem\",\"position\":1,\"name\":\"In\u00edcio\",\"item\":\"https:\/\/agenciainfra.com\/blog\/\"},{\"@type\":\"ListItem\",\"position\":2,\"name\":\"Quatro milh\u00f5es de fam\u00edlias recebem cr\u00e9ditos da micro e minigera\u00e7\u00e3o distribu\u00edda\"}]},{\"@type\":\"WebSite\",\"@id\":\"https:\/\/agenciainfra.com\/blog\/#website\",\"url\":\"https:\/\/agenciainfra.com\/blog\/\",\"name\":\"Ag\u00eancia iNFRA\",\"description\":\"Multiplataforma de informa\u00e7\u00e3o jornal\u00edstica refer\u00eancia na \u00e1rea de infraestrutura no Brasil!\",\"publisher\":{\"@id\":\"https:\/\/agenciainfra.com\/blog\/#organization\"},\"potentialAction\":[{\"@type\":\"SearchAction\",\"target\":{\"@type\":\"EntryPoint\",\"urlTemplate\":\"https:\/\/agenciainfra.com\/blog\/?s={search_term_string}\"},\"query-input\":{\"@type\":\"PropertyValueSpecification\",\"valueRequired\":true,\"valueName\":\"search_term_string\"}}],\"inLanguage\":\"pt-BR\"},{\"@type\":\"Organization\",\"@id\":\"https:\/\/agenciainfra.com\/blog\/#organization\",\"name\":\"Ag\u00eancia iNFRA\",\"url\":\"https:\/\/agenciainfra.com\/blog\/\",\"logo\":{\"@type\":\"ImageObject\",\"inLanguage\":\"pt-BR\",\"@id\":\"https:\/\/agenciainfra.com\/blog\/#\/schema\/logo\/image\/\",\"url\":\"https:\/\/agenciainfra.com\/blog\/wp-content\/uploads\/2023\/09\/iNFRA_5-e1761735885940.png\",\"contentUrl\":\"https:\/\/agenciainfra.com\/blog\/wp-content\/uploads\/2023\/09\/iNFRA_5-e1761735885940.png\",\"width\":1672,\"height\":454,\"caption\":\"Ag\u00eancia iNFRA\"},\"image\":{\"@id\":\"https:\/\/agenciainfra.com\/blog\/#\/schema\/logo\/image\/\"},\"sameAs\":[\"https:\/\/www.facebook.com\/ageninfra\",\"https:\/\/x.com\/agencia_infra\",\"https:\/\/www.linkedin.com\/company\/ag\u00eanciainfra\/\",\"https:\/\/www.instagram.com\/agenciainfra\/\"]},{\"@type\":\"Person\",\"@id\":\"https:\/\/agenciainfra.com\/blog\/#\/schema\/person\/34af08dff6adea4cb22b06612ba7acfa\",\"name\":\"Ag\u00eancia iNFRA\",\"image\":{\"@type\":\"ImageObject\",\"inLanguage\":\"pt-BR\",\"@id\":\"https:\/\/agenciainfra.com\/blog\/#\/schema\/person\/image\/\",\"url\":\"https:\/\/secure.gravatar.com\/avatar\/d189e01678f06d8eb84d4e01f08eb848b3fffe3f8443818d3c356c66892f5be8?s=96&d=mm&r=g\",\"contentUrl\":\"https:\/\/secure.gravatar.com\/avatar\/d189e01678f06d8eb84d4e01f08eb848b3fffe3f8443818d3c356c66892f5be8?s=96&d=mm&r=g\",\"caption\":\"Ag\u00eancia iNFRA\"},\"url\":\"https:\/\/agenciainfra.com\/blog\/author\/admin\/\"}]}<\/script>\n<!-- \/ Yoast SEO Premium plugin. -->","yoast_head_json":{"title":"Quatro milh\u00f5es de fam\u00edlias recebem cr\u00e9ditos da micro e minigera\u00e7\u00e3o distribu\u00edda - Ag\u00eancia iNFRA","robots":{"index":"index","follow":"follow","max-snippet":"max-snippet:-1","max-image-preview":"max-image-preview:large","max-video-preview":"max-video-preview:-1"},"canonical":"https:\/\/agenciainfra.com\/blog\/quatro-milhoes-de-familias-recebem-creditos-da-micro-e-minigeracao-distribuida\/","og_locale":"pt_BR","og_type":"article","og_title":"Quatro milh\u00f5es de fam\u00edlias recebem cr\u00e9ditos da micro e minigera\u00e7\u00e3o distribu\u00edda","og_description":"da Ag\u00eancia iNFRA Os consumidores brasileiros beneficiados com cr\u00e9ditos da MMGD (micro e minigera\u00e7\u00e3o distribu\u00edda de energia el\u00e9trica) ultrapassaram em junho a marca de 6,5 milh\u00f5es, entre eles quatro milh\u00f5es de fam\u00edlias (consumidores residenciais).&nbsp; Juntos, eles compartilham os cr\u00e9ditos pela gera\u00e7\u00e3o dos 3,71 milh\u00f5es de sistemas conectados \u00e0 rede de distribui\u00e7\u00e3o de energia el\u00e9trica at\u00e9 [&hellip;]","og_url":"https:\/\/agenciainfra.com\/blog\/quatro-milhoes-de-familias-recebem-creditos-da-micro-e-minigeracao-distribuida\/","og_site_name":"Ag\u00eancia iNFRA","article_publisher":"https:\/\/www.facebook.com\/ageninfra","article_published_time":"2025-07-16T22:43:13+00:00","article_modified_time":"2025-07-17T16:20:52+00:00","og_image":[{"width":1280,"height":655,"url":"https:\/\/agenciainfra.com\/blog\/wp-content\/uploads\/2021\/03\/painel-solar-foto-dominio-publico.jpeg","type":"image\/jpeg"}],"author":"Ag\u00eancia iNFRA","twitter_card":"summary_large_image","twitter_creator":"@agencia_infra","twitter_site":"@agencia_infra","twitter_misc":{"Escrito por":"Ag\u00eancia iNFRA","Est. tempo de leitura":"2 minutos"},"schema":{"@context":"https:\/\/schema.org","@graph":[{"@type":"Article","@id":"https:\/\/agenciainfra.com\/blog\/quatro-milhoes-de-familias-recebem-creditos-da-micro-e-minigeracao-distribuida\/#article","isPartOf":{"@id":"https:\/\/agenciainfra.com\/blog\/quatro-milhoes-de-familias-recebem-creditos-da-micro-e-minigeracao-distribuida\/"},"author":{"name":"Ag\u00eancia iNFRA","@id":"https:\/\/agenciainfra.com\/blog\/#\/schema\/person\/34af08dff6adea4cb22b06612ba7acfa"},"headline":"Quatro milh\u00f5es de fam\u00edlias recebem cr\u00e9ditos da micro e minigera\u00e7\u00e3o distribu\u00edda","datePublished":"2025-07-16T22:43:13+00:00","dateModified":"2025-07-17T16:20:52+00:00","mainEntityOfPage":{"@id":"https:\/\/agenciainfra.com\/blog\/quatro-milhoes-de-familias-recebem-creditos-da-micro-e-minigeracao-distribuida\/"},"wordCount":335,"publisher":{"@id":"https:\/\/agenciainfra.com\/blog\/#organization"},"image":{"@id":"https:\/\/agenciainfra.com\/blog\/quatro-milhoes-de-familias-recebem-creditos-da-micro-e-minigeracao-distribuida\/#primaryimage"},"thumbnailUrl":"https:\/\/agenciainfra.com\/blog\/wp-content\/uploads\/2021\/03\/painel-solar-foto-dominio-publico.jpeg","keywords":["ANEEL","micro e minigera\u00e7\u00e3o distribu\u00edda de energia","MMGD","SCEE","Sistema de Compensa\u00e7\u00e3o de Energia El\u00e9trica"],"articleSection":["Geral","Giro iNFRA"],"inLanguage":"pt-BR","copyrightYear":"2025","copyrightHolder":{"@id":"https:\/\/agenciainfra.com\/blog\/#organization"}},{"@type":"WebPage","@id":"https:\/\/agenciainfra.com\/blog\/quatro-milhoes-de-familias-recebem-creditos-da-micro-e-minigeracao-distribuida\/","url":"https:\/\/agenciainfra.com\/blog\/quatro-milhoes-de-familias-recebem-creditos-da-micro-e-minigeracao-distribuida\/","name":"Quatro milh\u00f5es de fam\u00edlias recebem cr\u00e9ditos da micro e minigera\u00e7\u00e3o distribu\u00edda - Ag\u00eancia iNFRA","isPartOf":{"@id":"https:\/\/agenciainfra.com\/blog\/#website"},"primaryImageOfPage":{"@id":"https:\/\/agenciainfra.com\/blog\/quatro-milhoes-de-familias-recebem-creditos-da-micro-e-minigeracao-distribuida\/#primaryimage"},"image":{"@id":"https:\/\/agenciainfra.com\/blog\/quatro-milhoes-de-familias-recebem-creditos-da-micro-e-minigeracao-distribuida\/#primaryimage"},"thumbnailUrl":"https:\/\/agenciainfra.com\/blog\/wp-content\/uploads\/2021\/03\/painel-solar-foto-dominio-publico.jpeg","datePublished":"2025-07-16T22:43:13+00:00","dateModified":"2025-07-17T16:20:52+00:00","breadcrumb":{"@id":"https:\/\/agenciainfra.com\/blog\/quatro-milhoes-de-familias-recebem-creditos-da-micro-e-minigeracao-distribuida\/#breadcrumb"},"inLanguage":"pt-BR","potentialAction":[{"@type":"ReadAction","target":["https:\/\/agenciainfra.com\/blog\/quatro-milhoes-de-familias-recebem-creditos-da-micro-e-minigeracao-distribuida\/"]}]},{"@type":"ImageObject","inLanguage":"pt-BR","@id":"https:\/\/agenciainfra.com\/blog\/quatro-milhoes-de-familias-recebem-creditos-da-micro-e-minigeracao-distribuida\/#primaryimage","url":"https:\/\/agenciainfra.com\/blog\/wp-content\/uploads\/2021\/03\/painel-solar-foto-dominio-publico.jpeg","contentUrl":"https:\/\/agenciainfra.com\/blog\/wp-content\/uploads\/2021\/03\/painel-solar-foto-dominio-publico.jpeg","width":1280,"height":655,"caption":"Foto: Dom\u00ednio p\u00fablico"},{"@type":"BreadcrumbList","@id":"https:\/\/agenciainfra.com\/blog\/quatro-milhoes-de-familias-recebem-creditos-da-micro-e-minigeracao-distribuida\/#breadcrumb","itemListElement":[{"@type":"ListItem","position":1,"name":"In\u00edcio","item":"https:\/\/agenciainfra.com\/blog\/"},{"@type":"ListItem","position":2,"name":"Quatro milh\u00f5es de fam\u00edlias recebem cr\u00e9ditos da micro e minigera\u00e7\u00e3o distribu\u00edda"}]},{"@type":"WebSite","@id":"https:\/\/agenciainfra.com\/blog\/#website","url":"https:\/\/agenciainfra.com\/blog\/","name":"Ag\u00eancia iNFRA","description":"Multiplataforma de informa\u00e7\u00e3o jornal\u00edstica refer\u00eancia na \u00e1rea de infraestrutura no Brasil!","publisher":{"@id":"https:\/\/agenciainfra.com\/blog\/#organization"},"potentialAction":[{"@type":"SearchAction","target":{"@type":"EntryPoint","urlTemplate":"https:\/\/agenciainfra.com\/blog\/?s={search_term_string}"},"query-input":{"@type":"PropertyValueSpecification","valueRequired":true,"valueName":"search_term_string"}}],"inLanguage":"pt-BR"},{"@type":"Organization","@id":"https:\/\/agenciainfra.com\/blog\/#organization","name":"Ag\u00eancia iNFRA","url":"https:\/\/agenciainfra.com\/blog\/","logo":{"@type":"ImageObject","inLanguage":"pt-BR","@id":"https:\/\/agenciainfra.com\/blog\/#\/schema\/logo\/image\/","url":"https:\/\/agenciainfra.com\/blog\/wp-content\/uploads\/2023\/09\/iNFRA_5-e1761735885940.png","contentUrl":"https:\/\/agenciainfra.com\/blog\/wp-content\/uploads\/2023\/09\/iNFRA_5-e1761735885940.png","width":1672,"height":454,"caption":"Ag\u00eancia iNFRA"},"image":{"@id":"https:\/\/agenciainfra.com\/blog\/#\/schema\/logo\/image\/"},"sameAs":["https:\/\/www.facebook.com\/ageninfra","https:\/\/x.com\/agencia_infra","https:\/\/www.linkedin.com\/company\/ag\u00eanciainfra\/","https:\/\/www.instagram.com\/agenciainfra\/"]},{"@type":"Person","@id":"https:\/\/agenciainfra.com\/blog\/#\/schema\/person\/34af08dff6adea4cb22b06612ba7acfa","name":"Ag\u00eancia iNFRA","image":{"@type":"ImageObject","inLanguage":"pt-BR","@id":"https:\/\/agenciainfra.com\/blog\/#\/schema\/person\/image\/","url":"https:\/\/secure.gravatar.com\/avatar\/d189e01678f06d8eb84d4e01f08eb848b3fffe3f8443818d3c356c66892f5be8?s=96&d=mm&r=g","contentUrl":"https:\/\/secure.gravatar.com\/avatar\/d189e01678f06d8eb84d4e01f08eb848b3fffe3f8443818d3c356c66892f5be8?s=96&d=mm&r=g","caption":"Ag\u00eancia iNFRA"},"url":"https:\/\/agenciainfra.com\/blog\/author\/admin\/"}]}},"_links":{"self":[{"href":"https:\/\/agenciainfra.com\/blog\/wp-json\/wp\/v2\/posts\/24851","targetHints":{"allow":["GET"]}}],"collection":[{"href":"https:\/\/agenciainfra.com\/blog\/wp-json\/wp\/v2\/posts"}],"about":[{"href":"https:\/\/agenciainfra.com\/blog\/wp-json\/wp\/v2\/types\/post"}],"author":[{"embeddable":true,"href":"https:\/\/agenciainfra.com\/blog\/wp-json\/wp\/v2\/users\/1"}],"replies":[{"embeddable":true,"href":"https:\/\/agenciainfra.com\/blog\/wp-json\/wp\/v2\/comments?post=24851"}],"version-history":[{"count":1,"href":"https:\/\/agenciainfra.com\/blog\/wp-json\/wp\/v2\/posts\/24851\/revisions"}],"predecessor-version":[{"id":24852,"href":"https:\/\/agenciainfra.com\/blog\/wp-json\/wp\/v2\/posts\/24851\/revisions\/24852"}],"wp:featuredmedia":[{"embeddable":true,"href":"https:\/\/agenciainfra.com\/blog\/wp-json\/wp\/v2\/media\/6939"}],"wp:attachment":[{"href":"https:\/\/agenciainfra.com\/blog\/wp-json\/wp\/v2\/media?parent=24851"}],"wp:term":[{"taxonomy":"category","embeddable":true,"href":"https:\/\/agenciainfra.com\/blog\/wp-json\/wp\/v2\/categories?post=24851"},{"taxonomy":"post_tag","embeddable":true,"href":"https:\/\/agenciainfra.com\/blog\/wp-json\/wp\/v2\/tags?post=24851"}],"curies":[{"name":"wp","href":"https:\/\/api.w.org\/{rel}","templated":true}]}}