{"id":24920,"date":"2025-07-17T09:00:00","date_gmt":"2025-07-17T12:00:00","guid":{"rendered":"https:\/\/agenciainfra.com\/blog\/?p=24920"},"modified":"2025-07-18T11:10:50","modified_gmt":"2025-07-18T14:10:50","slug":"comercializadoras-comecam-a-vender-energia-para-consumidores-em-baixa-tensao-no-mercado-livre","status":"publish","type":"post","link":"https:\/\/agenciainfra.com\/blog\/comercializadoras-comecam-a-vender-energia-para-consumidores-em-baixa-tensao-no-mercado-livre\/","title":{"rendered":"Comercializadoras come\u00e7am a vender energia para consumidores em baixa tens\u00e3o no mercado livre"},"content":{"rendered":"\n<p class=\"has-text-align-right\"><strong>Lais Carregosa e Geraldo Campos Jr., da Ag\u00eancia iNFRA<\/strong><\/p>\n\n\n\n<p>Algumas comercializadoras de energia no mercado livre j\u00e1 come\u00e7aram a fazer propostas comerciais a consumidores industriais ligados nas redes de baixa tens\u00e3o das distribuidoras locais, disseram fontes do setor \u00e0\u00a0<strong>Ag\u00eancia iNFRA<\/strong>. O movimento conta com a abertura do mercado para esse segmento de consumo a partir de agosto de 2026, determinada pela <a href=\"https:\/\/www.in.gov.br\/en\/web\/dou\/-\/medida-provisoria-n-1.300-de-21-de-maio-de-2025-631015922\">MP (Medida Provis\u00f3ria) 1.300\/2025<\/a>, publicada em maio.<br><br>De acordo com interlocutores, os contratos seriam vinculantes \u00e0 aprova\u00e7\u00e3o da regra. O texto da MP prev\u00ea duas fases de abertura: agosto de 2026 para ind\u00fastrias e com\u00e9rcios em baixa tens\u00e3o; e dezembro de 2027 para consumidores residenciais.<br><br>A primeira janela de migra\u00e7\u00e3o seria a mais atrativa para os comercializadores varejistas, analisam fontes. Isso porque as ind\u00fastrias e estabelecimentos comerciais t\u00eam consumo mais elevado e movimentam valores mais altos, estando mais propensos \u00e0 migra\u00e7\u00e3o para o mercado livre.<br><br>Por outro lado, analistas do setor interpretam essa corrida antecipada pelos consumidores de baixa tens\u00e3o como um \u201cmovimento predat\u00f3rio\u201d e de elevado risco, uma vez que a MP ainda n\u00e3o foi aprovada e a sua tramita\u00e7\u00e3o no Congresso Nacional \u00e9 cercada de d\u00favidas.\u00a0<br><br>Al\u00e9m disso, ainda ser\u00e1 necess\u00e1ria uma regulamenta\u00e7\u00e3o da medida pelo MME (Minist\u00e9rio de Minas e Energia), incluindo sobre o SUI (Supridor de \u00daltima Inst\u00e2ncia), que vai atender aos consumidores em situa\u00e7\u00f5es emergenciais, e o novo encargo a ser pago em caso de desequil\u00edbrio provocado pelas novas migra\u00e7\u00f5es.<br><br><strong>Potencial<\/strong><br>De acordo com o presidente-executivo da Abraceel (Associa\u00e7\u00e3o Brasileira dos Comercializadores de Energia), Rodrigo Ferreira, esse novo mercado representa 6,4 milh\u00f5es de unidades consumidoras, das quais 6 milh\u00f5es s\u00e3o estabelecimentos comerciais e 400 mil ind\u00fastrias.<br><br>Ferreira destaca que a associa\u00e7\u00e3o n\u00e3o tem conhecimento sobre as estrat\u00e9gias comerciais das empresas e explica que as comercializadoras ainda n\u00e3o atendem ao varejo propriamente dito.\u00a0<br><br>\u201cN\u00e3o \u00e9 ainda o consumidor de varejo, n\u00e3o \u00e9 o consumidor de R$ 1.000, de R$ 500, tem uma diferen\u00e7a muito grande, mas estamos na fronteira. Na medida que chegamos na fronteira, \u00e9 natural que as empresas de comercializa\u00e7\u00e3o que tenham o interesse de atender ao mercado de varejo estejam se preparando para avan\u00e7ar nesse mercado\u201d, disse \u00e0\u00a0<strong>Ag\u00eancia iNFRA<\/strong>.<br><br>De acordo com o presidente da Abraceel, o preparo das empresas est\u00e1 relacionado ao marketing, \u00e0 publicidade, \u00e0 experi\u00eancia do usu\u00e1rio atrav\u00e9s dos canais digitais e \u00e0 digitaliza\u00e7\u00e3o do atendimento. \u201cDiversas empresas associadas t\u00eam feito investimentos importantes nessa dire\u00e7\u00e3o, para que quando o mercado abra elas estejam prontas para isso\u201d, afirmou.<br><br><strong>Tr\u00eas chances de abertura<\/strong><br>Para Rodrigo Ferreira, o mercado tem tr\u00eas chances de abertura \u00e0 baixa tens\u00e3o:\u00a0<br><br><strong>1)\u00a0<\/strong>a MP 1.300\/2025, que trata da reestrutura\u00e7\u00e3o do setor el\u00e9trico e j\u00e1 prev\u00ea a abertura a partir de 2026;\u00a0<br><br><strong>2)\u00a0<\/strong>a <a href=\"https:\/\/www.planalto.gov.br\/ccivil_03\/_Ato2023-2026\/2025\/Mpv\/mpv1304.htm\">MP 1.304\/2025<\/a>, que cria um teto para os subs\u00eddios na conta de luz. J\u00e1 h\u00e1 emendas apresentadas no Congresso para incorporar o prazo de abertura ao texto;<br><br><strong>3)<\/strong> o <a href=\"https:\/\/www.camara.leg.br\/proposicoesWeb\/fichadetramitacao?idProposicao=1724742\">PL (Projeto de Lei) 2.987\/2015<\/a>, relatado pelo deputado Otto Alencar Filho (PSD-BA), que incorporou os prazos de abertura da MP 1.300 ao seu relat\u00f3rio.<br><br>Al\u00e9m disso, tramita na C\u00e2mara dos Deputados o <a href=\"https:\/\/www.camara.leg.br\/proposicoesWeb\/fichadetramitacao?idProposicao=2270036\">PL 414\/2021<\/a>. No entanto, a avalia\u00e7\u00e3o \u00e9 que o texto n\u00e3o tem chances de voltar a tramitar, uma vez que foi enviado a uma Comiss\u00e3o Especial que ainda n\u00e3o foi instalada.<\/p>\n","protected":false},"excerpt":{"rendered":"<p>Lais Carregosa e Geraldo Campos Jr., da Ag\u00eancia iNFRA Algumas comercializadoras de energia no mercado livre j\u00e1 come\u00e7aram a fazer propostas comerciais a consumidores industriais ligados nas redes de baixa tens\u00e3o das distribuidoras locais, disseram fontes do setor \u00e0\u00a0Ag\u00eancia iNFRA. O movimento conta com a abertura do mercado para esse segmento de consumo a partir [&hellip;]<\/p>\n","protected":false},"author":1,"featured_media":24921,"comment_status":"closed","ping_status":"closed","sticky":false,"template":"","format":"standard","meta":{"_monsterinsights_skip_tracking":false,"_monsterinsights_sitenote_active":false,"_monsterinsights_sitenote_note":"","_monsterinsights_sitenote_category":0,"footnotes":""},"categories":[7250,1,10],"tags":[5951,5540,9175,122,25,11594,13132,55,13535,14320,14430,54],"class_list":["post-24920","post","type-post","status-publish","format-standard","has-post-thumbnail","hentry","category-destaque-lista","category-geral","category-infraenergia","tag-abertura-do-mercado","tag-comercializacao-de-energia","tag-consumidores-de-energia","tag-conta-de-luz","tag-energia","tag-geraldo-campos-jr","tag-lais-carregosa","tag-mercado-livre","tag-mp-1-300-2025","tag-mp-1-304-2025","tag-pl-2-987-2015","tag-setor-eletrico"],"yoast_head":"<!-- This site is optimized with the Yoast SEO Premium plugin v25.4 (Yoast SEO v26.0) - https:\/\/yoast.com\/wordpress\/plugins\/seo\/ -->\n<title>Comercializadoras come\u00e7am a vender energia para consumidores em baixa tens\u00e3o no mercado livre - Ag\u00eancia iNFRA<\/title>\n<meta name=\"robots\" content=\"index, follow, max-snippet:-1, max-image-preview:large, max-video-preview:-1\" \/>\n<link rel=\"canonical\" href=\"https:\/\/agenciainfra.com\/blog\/comercializadoras-comecam-a-vender-energia-para-consumidores-em-baixa-tensao-no-mercado-livre\/\" \/>\n<meta property=\"og:locale\" content=\"pt_BR\" \/>\n<meta property=\"og:type\" content=\"article\" \/>\n<meta property=\"og:title\" content=\"Comercializadoras come\u00e7am a vender energia para consumidores em baixa tens\u00e3o no mercado livre\" \/>\n<meta property=\"og:description\" content=\"Lais Carregosa e Geraldo Campos Jr., da Ag\u00eancia iNFRA Algumas comercializadoras de energia no mercado livre j\u00e1 come\u00e7aram a fazer propostas comerciais a consumidores industriais ligados nas redes de baixa tens\u00e3o das distribuidoras locais, disseram fontes do setor \u00e0\u00a0Ag\u00eancia iNFRA. O movimento conta com a abertura do mercado para esse segmento de consumo a partir [&hellip;]\" \/>\n<meta property=\"og:url\" content=\"https:\/\/agenciainfra.com\/blog\/comercializadoras-comecam-a-vender-energia-para-consumidores-em-baixa-tensao-no-mercado-livre\/\" \/>\n<meta property=\"og:site_name\" content=\"Ag\u00eancia iNFRA\" \/>\n<meta property=\"article:publisher\" content=\"https:\/\/www.facebook.com\/ageninfra\" \/>\n<meta property=\"article:published_time\" content=\"2025-07-17T12:00:00+00:00\" \/>\n<meta property=\"article:modified_time\" content=\"2025-07-18T14:10:50+00:00\" \/>\n<meta property=\"og:image\" content=\"https:\/\/agenciainfra.com\/blog\/wp-content\/uploads\/2025\/07\/mercado-livre-energia-foto-dominio_publico.jpg\" \/>\n\t<meta property=\"og:image:width\" content=\"1280\" \/>\n\t<meta property=\"og:image:height\" content=\"886\" \/>\n\t<meta property=\"og:image:type\" content=\"image\/jpeg\" \/>\n<meta name=\"author\" content=\"Ag\u00eancia iNFRA\" \/>\n<meta name=\"twitter:card\" content=\"summary_large_image\" \/>\n<meta name=\"twitter:creator\" content=\"@agencia_infra\" \/>\n<meta name=\"twitter:site\" content=\"@agencia_infra\" \/>\n<meta name=\"twitter:label1\" content=\"Escrito por\" \/>\n\t<meta name=\"twitter:data1\" content=\"Ag\u00eancia iNFRA\" \/>\n\t<meta name=\"twitter:label2\" content=\"Est. tempo de leitura\" \/>\n\t<meta name=\"twitter:data2\" content=\"3 minutos\" \/>\n<script type=\"application\/ld+json\" class=\"yoast-schema-graph\">{\"@context\":\"https:\/\/schema.org\",\"@graph\":[{\"@type\":\"Article\",\"@id\":\"https:\/\/agenciainfra.com\/blog\/comercializadoras-comecam-a-vender-energia-para-consumidores-em-baixa-tensao-no-mercado-livre\/#article\",\"isPartOf\":{\"@id\":\"https:\/\/agenciainfra.com\/blog\/comercializadoras-comecam-a-vender-energia-para-consumidores-em-baixa-tensao-no-mercado-livre\/\"},\"author\":{\"name\":\"Ag\u00eancia iNFRA\",\"@id\":\"https:\/\/agenciainfra.com\/blog\/#\/schema\/person\/34af08dff6adea4cb22b06612ba7acfa\"},\"headline\":\"Comercializadoras come\u00e7am a vender energia para consumidores em baixa tens\u00e3o no mercado livre\",\"datePublished\":\"2025-07-17T12:00:00+00:00\",\"dateModified\":\"2025-07-18T14:10:50+00:00\",\"mainEntityOfPage\":{\"@id\":\"https:\/\/agenciainfra.com\/blog\/comercializadoras-comecam-a-vender-energia-para-consumidores-em-baixa-tensao-no-mercado-livre\/\"},\"wordCount\":585,\"publisher\":{\"@id\":\"https:\/\/agenciainfra.com\/blog\/#organization\"},\"image\":{\"@id\":\"https:\/\/agenciainfra.com\/blog\/comercializadoras-comecam-a-vender-energia-para-consumidores-em-baixa-tensao-no-mercado-livre\/#primaryimage\"},\"thumbnailUrl\":\"https:\/\/agenciainfra.com\/blog\/wp-content\/uploads\/2025\/07\/mercado-livre-energia-foto-dominio_publico-e1764157404689.jpg\",\"keywords\":[\"abertura do mercado\",\"comercializa\u00e7\u00e3o de energia\",\"Consumidores de Energia\",\"Conta de Luz\",\"energia\",\"Geraldo Campos Jr.\",\"Lais Carregosa\",\"mercado livre\",\"MP 1.300\/2025\",\"mp 1.304\/2025\",\"pl 2.987\/2015\",\"Setor El\u00e9trico\"],\"articleSection\":[\"Destaque lista\",\"Geral\",\"iNFRAEnergia\"],\"inLanguage\":\"pt-BR\",\"copyrightYear\":\"2025\",\"copyrightHolder\":{\"@id\":\"https:\/\/agenciainfra.com\/blog\/#organization\"}},{\"@type\":\"WebPage\",\"@id\":\"https:\/\/agenciainfra.com\/blog\/comercializadoras-comecam-a-vender-energia-para-consumidores-em-baixa-tensao-no-mercado-livre\/\",\"url\":\"https:\/\/agenciainfra.com\/blog\/comercializadoras-comecam-a-vender-energia-para-consumidores-em-baixa-tensao-no-mercado-livre\/\",\"name\":\"Comercializadoras come\u00e7am a vender energia para consumidores em baixa tens\u00e3o no mercado livre - Ag\u00eancia iNFRA\",\"isPartOf\":{\"@id\":\"https:\/\/agenciainfra.com\/blog\/#website\"},\"primaryImageOfPage\":{\"@id\":\"https:\/\/agenciainfra.com\/blog\/comercializadoras-comecam-a-vender-energia-para-consumidores-em-baixa-tensao-no-mercado-livre\/#primaryimage\"},\"image\":{\"@id\":\"https:\/\/agenciainfra.com\/blog\/comercializadoras-comecam-a-vender-energia-para-consumidores-em-baixa-tensao-no-mercado-livre\/#primaryimage\"},\"thumbnailUrl\":\"https:\/\/agenciainfra.com\/blog\/wp-content\/uploads\/2025\/07\/mercado-livre-energia-foto-dominio_publico-e1764157404689.jpg\",\"datePublished\":\"2025-07-17T12:00:00+00:00\",\"dateModified\":\"2025-07-18T14:10:50+00:00\",\"breadcrumb\":{\"@id\":\"https:\/\/agenciainfra.com\/blog\/comercializadoras-comecam-a-vender-energia-para-consumidores-em-baixa-tensao-no-mercado-livre\/#breadcrumb\"},\"inLanguage\":\"pt-BR\",\"potentialAction\":[{\"@type\":\"ReadAction\",\"target\":[\"https:\/\/agenciainfra.com\/blog\/comercializadoras-comecam-a-vender-energia-para-consumidores-em-baixa-tensao-no-mercado-livre\/\"]}]},{\"@type\":\"ImageObject\",\"inLanguage\":\"pt-BR\",\"@id\":\"https:\/\/agenciainfra.com\/blog\/comercializadoras-comecam-a-vender-energia-para-consumidores-em-baixa-tensao-no-mercado-livre\/#primaryimage\",\"url\":\"https:\/\/agenciainfra.com\/blog\/wp-content\/uploads\/2025\/07\/mercado-livre-energia-foto-dominio_publico-e1764157404689.jpg\",\"contentUrl\":\"https:\/\/agenciainfra.com\/blog\/wp-content\/uploads\/2025\/07\/mercado-livre-energia-foto-dominio_publico-e1764157404689.jpg\",\"width\":1280,\"height\":732,\"caption\":\"Foto: Dom\u00ednio P\u00fablico\"},{\"@type\":\"BreadcrumbList\",\"@id\":\"https:\/\/agenciainfra.com\/blog\/comercializadoras-comecam-a-vender-energia-para-consumidores-em-baixa-tensao-no-mercado-livre\/#breadcrumb\",\"itemListElement\":[{\"@type\":\"ListItem\",\"position\":1,\"name\":\"In\u00edcio\",\"item\":\"https:\/\/agenciainfra.com\/blog\/\"},{\"@type\":\"ListItem\",\"position\":2,\"name\":\"Comercializadoras come\u00e7am a vender energia para consumidores em baixa tens\u00e3o no mercado livre\"}]},{\"@type\":\"WebSite\",\"@id\":\"https:\/\/agenciainfra.com\/blog\/#website\",\"url\":\"https:\/\/agenciainfra.com\/blog\/\",\"name\":\"Ag\u00eancia iNFRA\",\"description\":\"Multiplataforma de informa\u00e7\u00e3o jornal\u00edstica refer\u00eancia na \u00e1rea de infraestrutura no Brasil!\",\"publisher\":{\"@id\":\"https:\/\/agenciainfra.com\/blog\/#organization\"},\"potentialAction\":[{\"@type\":\"SearchAction\",\"target\":{\"@type\":\"EntryPoint\",\"urlTemplate\":\"https:\/\/agenciainfra.com\/blog\/?s={search_term_string}\"},\"query-input\":{\"@type\":\"PropertyValueSpecification\",\"valueRequired\":true,\"valueName\":\"search_term_string\"}}],\"inLanguage\":\"pt-BR\"},{\"@type\":\"Organization\",\"@id\":\"https:\/\/agenciainfra.com\/blog\/#organization\",\"name\":\"Ag\u00eancia iNFRA\",\"url\":\"https:\/\/agenciainfra.com\/blog\/\",\"logo\":{\"@type\":\"ImageObject\",\"inLanguage\":\"pt-BR\",\"@id\":\"https:\/\/agenciainfra.com\/blog\/#\/schema\/logo\/image\/\",\"url\":\"https:\/\/agenciainfra.com\/blog\/wp-content\/uploads\/2023\/09\/iNFRA_5-e1761735885940.png\",\"contentUrl\":\"https:\/\/agenciainfra.com\/blog\/wp-content\/uploads\/2023\/09\/iNFRA_5-e1761735885940.png\",\"width\":1672,\"height\":454,\"caption\":\"Ag\u00eancia iNFRA\"},\"image\":{\"@id\":\"https:\/\/agenciainfra.com\/blog\/#\/schema\/logo\/image\/\"},\"sameAs\":[\"https:\/\/www.facebook.com\/ageninfra\",\"https:\/\/x.com\/agencia_infra\",\"https:\/\/www.linkedin.com\/company\/ag\u00eanciainfra\/\",\"https:\/\/www.instagram.com\/agenciainfra\/\"]},{\"@type\":\"Person\",\"@id\":\"https:\/\/agenciainfra.com\/blog\/#\/schema\/person\/34af08dff6adea4cb22b06612ba7acfa\",\"name\":\"Ag\u00eancia iNFRA\",\"image\":{\"@type\":\"ImageObject\",\"inLanguage\":\"pt-BR\",\"@id\":\"https:\/\/agenciainfra.com\/blog\/#\/schema\/person\/image\/\",\"url\":\"https:\/\/secure.gravatar.com\/avatar\/d189e01678f06d8eb84d4e01f08eb848b3fffe3f8443818d3c356c66892f5be8?s=96&d=mm&r=g\",\"contentUrl\":\"https:\/\/secure.gravatar.com\/avatar\/d189e01678f06d8eb84d4e01f08eb848b3fffe3f8443818d3c356c66892f5be8?s=96&d=mm&r=g\",\"caption\":\"Ag\u00eancia iNFRA\"},\"url\":\"https:\/\/agenciainfra.com\/blog\/author\/admin\/\"}]}<\/script>\n<!-- \/ Yoast SEO Premium plugin. -->","yoast_head_json":{"title":"Comercializadoras come\u00e7am a vender energia para consumidores em baixa tens\u00e3o no mercado livre - Ag\u00eancia iNFRA","robots":{"index":"index","follow":"follow","max-snippet":"max-snippet:-1","max-image-preview":"max-image-preview:large","max-video-preview":"max-video-preview:-1"},"canonical":"https:\/\/agenciainfra.com\/blog\/comercializadoras-comecam-a-vender-energia-para-consumidores-em-baixa-tensao-no-mercado-livre\/","og_locale":"pt_BR","og_type":"article","og_title":"Comercializadoras come\u00e7am a vender energia para consumidores em baixa tens\u00e3o no mercado livre","og_description":"Lais Carregosa e Geraldo Campos Jr., da Ag\u00eancia iNFRA Algumas comercializadoras de energia no mercado livre j\u00e1 come\u00e7aram a fazer propostas comerciais a consumidores industriais ligados nas redes de baixa tens\u00e3o das distribuidoras locais, disseram fontes do setor \u00e0\u00a0Ag\u00eancia iNFRA. O movimento conta com a abertura do mercado para esse segmento de consumo a partir [&hellip;]","og_url":"https:\/\/agenciainfra.com\/blog\/comercializadoras-comecam-a-vender-energia-para-consumidores-em-baixa-tensao-no-mercado-livre\/","og_site_name":"Ag\u00eancia iNFRA","article_publisher":"https:\/\/www.facebook.com\/ageninfra","article_published_time":"2025-07-17T12:00:00+00:00","article_modified_time":"2025-07-18T14:10:50+00:00","og_image":[{"width":1280,"height":886,"url":"https:\/\/agenciainfra.com\/blog\/wp-content\/uploads\/2025\/07\/mercado-livre-energia-foto-dominio_publico.jpg","type":"image\/jpeg"}],"author":"Ag\u00eancia iNFRA","twitter_card":"summary_large_image","twitter_creator":"@agencia_infra","twitter_site":"@agencia_infra","twitter_misc":{"Escrito por":"Ag\u00eancia iNFRA","Est. tempo de leitura":"3 minutos"},"schema":{"@context":"https:\/\/schema.org","@graph":[{"@type":"Article","@id":"https:\/\/agenciainfra.com\/blog\/comercializadoras-comecam-a-vender-energia-para-consumidores-em-baixa-tensao-no-mercado-livre\/#article","isPartOf":{"@id":"https:\/\/agenciainfra.com\/blog\/comercializadoras-comecam-a-vender-energia-para-consumidores-em-baixa-tensao-no-mercado-livre\/"},"author":{"name":"Ag\u00eancia iNFRA","@id":"https:\/\/agenciainfra.com\/blog\/#\/schema\/person\/34af08dff6adea4cb22b06612ba7acfa"},"headline":"Comercializadoras come\u00e7am a vender energia para consumidores em baixa tens\u00e3o no mercado livre","datePublished":"2025-07-17T12:00:00+00:00","dateModified":"2025-07-18T14:10:50+00:00","mainEntityOfPage":{"@id":"https:\/\/agenciainfra.com\/blog\/comercializadoras-comecam-a-vender-energia-para-consumidores-em-baixa-tensao-no-mercado-livre\/"},"wordCount":585,"publisher":{"@id":"https:\/\/agenciainfra.com\/blog\/#organization"},"image":{"@id":"https:\/\/agenciainfra.com\/blog\/comercializadoras-comecam-a-vender-energia-para-consumidores-em-baixa-tensao-no-mercado-livre\/#primaryimage"},"thumbnailUrl":"https:\/\/agenciainfra.com\/blog\/wp-content\/uploads\/2025\/07\/mercado-livre-energia-foto-dominio_publico-e1764157404689.jpg","keywords":["abertura do mercado","comercializa\u00e7\u00e3o de energia","Consumidores de Energia","Conta de Luz","energia","Geraldo Campos Jr.","Lais Carregosa","mercado livre","MP 1.300\/2025","mp 1.304\/2025","pl 2.987\/2015","Setor El\u00e9trico"],"articleSection":["Destaque lista","Geral","iNFRAEnergia"],"inLanguage":"pt-BR","copyrightYear":"2025","copyrightHolder":{"@id":"https:\/\/agenciainfra.com\/blog\/#organization"}},{"@type":"WebPage","@id":"https:\/\/agenciainfra.com\/blog\/comercializadoras-comecam-a-vender-energia-para-consumidores-em-baixa-tensao-no-mercado-livre\/","url":"https:\/\/agenciainfra.com\/blog\/comercializadoras-comecam-a-vender-energia-para-consumidores-em-baixa-tensao-no-mercado-livre\/","name":"Comercializadoras come\u00e7am a vender energia para consumidores em baixa tens\u00e3o no mercado livre - Ag\u00eancia iNFRA","isPartOf":{"@id":"https:\/\/agenciainfra.com\/blog\/#website"},"primaryImageOfPage":{"@id":"https:\/\/agenciainfra.com\/blog\/comercializadoras-comecam-a-vender-energia-para-consumidores-em-baixa-tensao-no-mercado-livre\/#primaryimage"},"image":{"@id":"https:\/\/agenciainfra.com\/blog\/comercializadoras-comecam-a-vender-energia-para-consumidores-em-baixa-tensao-no-mercado-livre\/#primaryimage"},"thumbnailUrl":"https:\/\/agenciainfra.com\/blog\/wp-content\/uploads\/2025\/07\/mercado-livre-energia-foto-dominio_publico-e1764157404689.jpg","datePublished":"2025-07-17T12:00:00+00:00","dateModified":"2025-07-18T14:10:50+00:00","breadcrumb":{"@id":"https:\/\/agenciainfra.com\/blog\/comercializadoras-comecam-a-vender-energia-para-consumidores-em-baixa-tensao-no-mercado-livre\/#breadcrumb"},"inLanguage":"pt-BR","potentialAction":[{"@type":"ReadAction","target":["https:\/\/agenciainfra.com\/blog\/comercializadoras-comecam-a-vender-energia-para-consumidores-em-baixa-tensao-no-mercado-livre\/"]}]},{"@type":"ImageObject","inLanguage":"pt-BR","@id":"https:\/\/agenciainfra.com\/blog\/comercializadoras-comecam-a-vender-energia-para-consumidores-em-baixa-tensao-no-mercado-livre\/#primaryimage","url":"https:\/\/agenciainfra.com\/blog\/wp-content\/uploads\/2025\/07\/mercado-livre-energia-foto-dominio_publico-e1764157404689.jpg","contentUrl":"https:\/\/agenciainfra.com\/blog\/wp-content\/uploads\/2025\/07\/mercado-livre-energia-foto-dominio_publico-e1764157404689.jpg","width":1280,"height":732,"caption":"Foto: Dom\u00ednio P\u00fablico"},{"@type":"BreadcrumbList","@id":"https:\/\/agenciainfra.com\/blog\/comercializadoras-comecam-a-vender-energia-para-consumidores-em-baixa-tensao-no-mercado-livre\/#breadcrumb","itemListElement":[{"@type":"ListItem","position":1,"name":"In\u00edcio","item":"https:\/\/agenciainfra.com\/blog\/"},{"@type":"ListItem","position":2,"name":"Comercializadoras come\u00e7am a vender energia para consumidores em baixa tens\u00e3o no mercado livre"}]},{"@type":"WebSite","@id":"https:\/\/agenciainfra.com\/blog\/#website","url":"https:\/\/agenciainfra.com\/blog\/","name":"Ag\u00eancia iNFRA","description":"Multiplataforma de informa\u00e7\u00e3o jornal\u00edstica refer\u00eancia na \u00e1rea de infraestrutura no Brasil!","publisher":{"@id":"https:\/\/agenciainfra.com\/blog\/#organization"},"potentialAction":[{"@type":"SearchAction","target":{"@type":"EntryPoint","urlTemplate":"https:\/\/agenciainfra.com\/blog\/?s={search_term_string}"},"query-input":{"@type":"PropertyValueSpecification","valueRequired":true,"valueName":"search_term_string"}}],"inLanguage":"pt-BR"},{"@type":"Organization","@id":"https:\/\/agenciainfra.com\/blog\/#organization","name":"Ag\u00eancia iNFRA","url":"https:\/\/agenciainfra.com\/blog\/","logo":{"@type":"ImageObject","inLanguage":"pt-BR","@id":"https:\/\/agenciainfra.com\/blog\/#\/schema\/logo\/image\/","url":"https:\/\/agenciainfra.com\/blog\/wp-content\/uploads\/2023\/09\/iNFRA_5-e1761735885940.png","contentUrl":"https:\/\/agenciainfra.com\/blog\/wp-content\/uploads\/2023\/09\/iNFRA_5-e1761735885940.png","width":1672,"height":454,"caption":"Ag\u00eancia iNFRA"},"image":{"@id":"https:\/\/agenciainfra.com\/blog\/#\/schema\/logo\/image\/"},"sameAs":["https:\/\/www.facebook.com\/ageninfra","https:\/\/x.com\/agencia_infra","https:\/\/www.linkedin.com\/company\/ag\u00eanciainfra\/","https:\/\/www.instagram.com\/agenciainfra\/"]},{"@type":"Person","@id":"https:\/\/agenciainfra.com\/blog\/#\/schema\/person\/34af08dff6adea4cb22b06612ba7acfa","name":"Ag\u00eancia iNFRA","image":{"@type":"ImageObject","inLanguage":"pt-BR","@id":"https:\/\/agenciainfra.com\/blog\/#\/schema\/person\/image\/","url":"https:\/\/secure.gravatar.com\/avatar\/d189e01678f06d8eb84d4e01f08eb848b3fffe3f8443818d3c356c66892f5be8?s=96&d=mm&r=g","contentUrl":"https:\/\/secure.gravatar.com\/avatar\/d189e01678f06d8eb84d4e01f08eb848b3fffe3f8443818d3c356c66892f5be8?s=96&d=mm&r=g","caption":"Ag\u00eancia iNFRA"},"url":"https:\/\/agenciainfra.com\/blog\/author\/admin\/"}]}},"_links":{"self":[{"href":"https:\/\/agenciainfra.com\/blog\/wp-json\/wp\/v2\/posts\/24920","targetHints":{"allow":["GET"]}}],"collection":[{"href":"https:\/\/agenciainfra.com\/blog\/wp-json\/wp\/v2\/posts"}],"about":[{"href":"https:\/\/agenciainfra.com\/blog\/wp-json\/wp\/v2\/types\/post"}],"author":[{"embeddable":true,"href":"https:\/\/agenciainfra.com\/blog\/wp-json\/wp\/v2\/users\/1"}],"replies":[{"embeddable":true,"href":"https:\/\/agenciainfra.com\/blog\/wp-json\/wp\/v2\/comments?post=24920"}],"version-history":[{"count":1,"href":"https:\/\/agenciainfra.com\/blog\/wp-json\/wp\/v2\/posts\/24920\/revisions"}],"predecessor-version":[{"id":24922,"href":"https:\/\/agenciainfra.com\/blog\/wp-json\/wp\/v2\/posts\/24920\/revisions\/24922"}],"wp:featuredmedia":[{"embeddable":true,"href":"https:\/\/agenciainfra.com\/blog\/wp-json\/wp\/v2\/media\/24921"}],"wp:attachment":[{"href":"https:\/\/agenciainfra.com\/blog\/wp-json\/wp\/v2\/media?parent=24920"}],"wp:term":[{"taxonomy":"category","embeddable":true,"href":"https:\/\/agenciainfra.com\/blog\/wp-json\/wp\/v2\/categories?post=24920"},{"taxonomy":"post_tag","embeddable":true,"href":"https:\/\/agenciainfra.com\/blog\/wp-json\/wp\/v2\/tags?post=24920"}],"curies":[{"name":"wp","href":"https:\/\/api.w.org\/{rel}","templated":true}]}}