{"id":24940,"date":"2025-07-17T13:15:51","date_gmt":"2025-07-17T16:15:51","guid":{"rendered":"https:\/\/agenciainfra.com\/blog\/?p=24940"},"modified":"2025-07-17T13:15:53","modified_gmt":"2025-07-17T16:15:53","slug":"camara-aprova-isencao-de-taxa-de-navegacao-de-cargas-para-norte-e-nordeste-ate-2031","status":"publish","type":"post","link":"https:\/\/agenciainfra.com\/blog\/camara-aprova-isencao-de-taxa-de-navegacao-de-cargas-para-norte-e-nordeste-ate-2031\/","title":{"rendered":"C\u00e2mara aprova isen\u00e7\u00e3o de taxa de navega\u00e7\u00e3o de cargas para Norte e Nordeste at\u00e9 2031"},"content":{"rendered":"\n<p class=\"has-text-align-right\"><strong>da Ag\u00eancia iNFRA<\/strong><\/p>\n\n\n\n<p>A C\u00e2mara dos Deputados aprovou, nesta quarta-feira (16), <a href=\"https:\/\/www25.senado.leg.br\/web\/atividade\/materias\/-\/materia\/154449\">projeto de lei<\/a> que amplia para at\u00e9 2031 o prazo da isen\u00e7\u00e3o do AFRMM (Adicional ao Frete para Renova\u00e7\u00e3o da Marinha Mercante) na navega\u00e7\u00e3o de cargas com origem ou destino nas regi\u00f5es Norte e Nordeste.<\/p>\n\n\n\n<p>A prorroga\u00e7\u00e3o era prevista inicialmente para at\u00e9 2027, mas emenda do Senado incorporada pelos deputados alargou o prazo. O texto agora segue para san\u00e7\u00e3o presidencial.<\/p>\n\n\n\n<p>O aumento do prazo foi proposto no Senado pelo relator da proposta na CAE (Comiss\u00e3o de Assuntos Econ\u00f4micos), senador Eduardo Braga (MDB-AM). A defesa da medida pelo senador, de acordo com informa\u00e7\u00f5es da Ag\u00eancia Senado, deve-se \u00e0s fortes estiagens que atingiram a Amaz\u00f4nia nos \u00faltimos anos e os impactos da pandemia nas regi\u00f5es contempladas pela lei.<\/p>\n","protected":false},"excerpt":{"rendered":"<p>da Ag\u00eancia iNFRA A C\u00e2mara dos Deputados aprovou, nesta quarta-feira (16), projeto de lei que amplia para at\u00e9 2031 o prazo da isen\u00e7\u00e3o do AFRMM (Adicional ao Frete para Renova\u00e7\u00e3o da Marinha Mercante) na navega\u00e7\u00e3o de cargas com origem ou destino nas regi\u00f5es Norte e Nordeste. A prorroga\u00e7\u00e3o era prevista inicialmente para at\u00e9 2027, mas [&hellip;]<\/p>\n","protected":false},"author":1,"featured_media":3871,"comment_status":"closed","ping_status":"closed","sticky":false,"template":"","format":"standard","meta":{"_monsterinsights_skip_tracking":false,"_monsterinsights_sitenote_active":false,"_monsterinsights_sitenote_note":"","_monsterinsights_sitenote_category":0,"footnotes":""},"categories":[1,13576],"tags":[2468,305,1252,106,4354,1059],"class_list":["post-24940","post","type-post","status-publish","format-standard","has-post-thumbnail","hentry","category-geral","category-giro-infra","tag-afrmm","tag-camara-dos-deputados","tag-eduardo-braga","tag-navegacao","tag-senado-federal","tag-transporte-de-cargas"],"yoast_head":"<!-- This site is optimized with the Yoast SEO Premium plugin v25.4 (Yoast SEO v26.0) - https:\/\/yoast.com\/wordpress\/plugins\/seo\/ -->\n<title>C\u00e2mara aprova isen\u00e7\u00e3o de taxa de navega\u00e7\u00e3o de cargas para Norte e Nordeste at\u00e9 2031 - Ag\u00eancia iNFRA<\/title>\n<meta name=\"robots\" content=\"index, follow, max-snippet:-1, max-image-preview:large, max-video-preview:-1\" \/>\n<link rel=\"canonical\" href=\"https:\/\/agenciainfra.com\/blog\/camara-aprova-isencao-de-taxa-de-navegacao-de-cargas-para-norte-e-nordeste-ate-2031\/\" \/>\n<meta property=\"og:locale\" content=\"pt_BR\" \/>\n<meta property=\"og:type\" content=\"article\" \/>\n<meta property=\"og:title\" content=\"C\u00e2mara aprova isen\u00e7\u00e3o de taxa de navega\u00e7\u00e3o de cargas para Norte e Nordeste at\u00e9 2031\" \/>\n<meta property=\"og:description\" content=\"da Ag\u00eancia iNFRA A C\u00e2mara dos Deputados aprovou, nesta quarta-feira (16), projeto de lei que amplia para at\u00e9 2031 o prazo da isen\u00e7\u00e3o do AFRMM (Adicional ao Frete para Renova\u00e7\u00e3o da Marinha Mercante) na navega\u00e7\u00e3o de cargas com origem ou destino nas regi\u00f5es Norte e Nordeste. A prorroga\u00e7\u00e3o era prevista inicialmente para at\u00e9 2027, mas [&hellip;]\" \/>\n<meta property=\"og:url\" content=\"https:\/\/agenciainfra.com\/blog\/camara-aprova-isencao-de-taxa-de-navegacao-de-cargas-para-norte-e-nordeste-ate-2031\/\" \/>\n<meta property=\"og:site_name\" content=\"Ag\u00eancia iNFRA\" \/>\n<meta property=\"article:publisher\" content=\"https:\/\/www.facebook.com\/ageninfra\" \/>\n<meta property=\"article:published_time\" content=\"2025-07-17T16:15:51+00:00\" \/>\n<meta property=\"article:modified_time\" content=\"2025-07-17T16:15:53+00:00\" \/>\n<meta property=\"og:image\" content=\"https:\/\/agenciainfra.com\/blog\/wp-content\/uploads\/2019\/10\/navio-carga-dominio-publico.jpg\" \/>\n\t<meta property=\"og:image:width\" content=\"1280\" \/>\n\t<meta property=\"og:image:height\" content=\"853\" \/>\n\t<meta property=\"og:image:type\" content=\"image\/jpeg\" \/>\n<meta name=\"author\" content=\"Ag\u00eancia iNFRA\" \/>\n<meta name=\"twitter:card\" content=\"summary_large_image\" \/>\n<meta name=\"twitter:creator\" content=\"@agencia_infra\" \/>\n<meta name=\"twitter:site\" content=\"@agencia_infra\" \/>\n<meta name=\"twitter:label1\" content=\"Escrito por\" \/>\n\t<meta name=\"twitter:data1\" content=\"Ag\u00eancia iNFRA\" \/>\n\t<meta name=\"twitter:label2\" content=\"Est. tempo de leitura\" \/>\n\t<meta name=\"twitter:data2\" content=\"1 minuto\" \/>\n<script type=\"application\/ld+json\" class=\"yoast-schema-graph\">{\"@context\":\"https:\/\/schema.org\",\"@graph\":[{\"@type\":\"Article\",\"@id\":\"https:\/\/agenciainfra.com\/blog\/camara-aprova-isencao-de-taxa-de-navegacao-de-cargas-para-norte-e-nordeste-ate-2031\/#article\",\"isPartOf\":{\"@id\":\"https:\/\/agenciainfra.com\/blog\/camara-aprova-isencao-de-taxa-de-navegacao-de-cargas-para-norte-e-nordeste-ate-2031\/\"},\"author\":{\"name\":\"Ag\u00eancia iNFRA\",\"@id\":\"https:\/\/agenciainfra.com\/blog\/#\/schema\/person\/34af08dff6adea4cb22b06612ba7acfa\"},\"headline\":\"C\u00e2mara aprova isen\u00e7\u00e3o de taxa de navega\u00e7\u00e3o de cargas para Norte e Nordeste at\u00e9 2031\",\"datePublished\":\"2025-07-17T16:15:51+00:00\",\"dateModified\":\"2025-07-17T16:15:53+00:00\",\"mainEntityOfPage\":{\"@id\":\"https:\/\/agenciainfra.com\/blog\/camara-aprova-isencao-de-taxa-de-navegacao-de-cargas-para-norte-e-nordeste-ate-2031\/\"},\"wordCount\":155,\"publisher\":{\"@id\":\"https:\/\/agenciainfra.com\/blog\/#organization\"},\"image\":{\"@id\":\"https:\/\/agenciainfra.com\/blog\/camara-aprova-isencao-de-taxa-de-navegacao-de-cargas-para-norte-e-nordeste-ate-2031\/#primaryimage\"},\"thumbnailUrl\":\"https:\/\/agenciainfra.com\/blog\/wp-content\/uploads\/2019\/10\/navio-carga-dominio-publico.jpg\",\"keywords\":[\"AFRMM\",\"C\u00e2mara dos Deputados\",\"Eduardo Braga\",\"Navega\u00e7\u00e3o\",\"Senado Federal\",\"transporte de cargas\"],\"articleSection\":[\"Geral\",\"Giro iNFRA\"],\"inLanguage\":\"pt-BR\",\"copyrightYear\":\"2025\",\"copyrightHolder\":{\"@id\":\"https:\/\/agenciainfra.com\/blog\/#organization\"}},{\"@type\":\"WebPage\",\"@id\":\"https:\/\/agenciainfra.com\/blog\/camara-aprova-isencao-de-taxa-de-navegacao-de-cargas-para-norte-e-nordeste-ate-2031\/\",\"url\":\"https:\/\/agenciainfra.com\/blog\/camara-aprova-isencao-de-taxa-de-navegacao-de-cargas-para-norte-e-nordeste-ate-2031\/\",\"name\":\"C\u00e2mara aprova isen\u00e7\u00e3o de taxa de navega\u00e7\u00e3o de cargas para Norte e Nordeste at\u00e9 2031 - Ag\u00eancia iNFRA\",\"isPartOf\":{\"@id\":\"https:\/\/agenciainfra.com\/blog\/#website\"},\"primaryImageOfPage\":{\"@id\":\"https:\/\/agenciainfra.com\/blog\/camara-aprova-isencao-de-taxa-de-navegacao-de-cargas-para-norte-e-nordeste-ate-2031\/#primaryimage\"},\"image\":{\"@id\":\"https:\/\/agenciainfra.com\/blog\/camara-aprova-isencao-de-taxa-de-navegacao-de-cargas-para-norte-e-nordeste-ate-2031\/#primaryimage\"},\"thumbnailUrl\":\"https:\/\/agenciainfra.com\/blog\/wp-content\/uploads\/2019\/10\/navio-carga-dominio-publico.jpg\",\"datePublished\":\"2025-07-17T16:15:51+00:00\",\"dateModified\":\"2025-07-17T16:15:53+00:00\",\"breadcrumb\":{\"@id\":\"https:\/\/agenciainfra.com\/blog\/camara-aprova-isencao-de-taxa-de-navegacao-de-cargas-para-norte-e-nordeste-ate-2031\/#breadcrumb\"},\"inLanguage\":\"pt-BR\",\"potentialAction\":[{\"@type\":\"ReadAction\",\"target\":[\"https:\/\/agenciainfra.com\/blog\/camara-aprova-isencao-de-taxa-de-navegacao-de-cargas-para-norte-e-nordeste-ate-2031\/\"]}]},{\"@type\":\"ImageObject\",\"inLanguage\":\"pt-BR\",\"@id\":\"https:\/\/agenciainfra.com\/blog\/camara-aprova-isencao-de-taxa-de-navegacao-de-cargas-para-norte-e-nordeste-ate-2031\/#primaryimage\",\"url\":\"https:\/\/agenciainfra.com\/blog\/wp-content\/uploads\/2019\/10\/navio-carga-dominio-publico.jpg\",\"contentUrl\":\"https:\/\/agenciainfra.com\/blog\/wp-content\/uploads\/2019\/10\/navio-carga-dominio-publico.jpg\",\"width\":1280,\"height\":853,\"caption\":\"Foto: Dom\u00ednio p\u00fablico\"},{\"@type\":\"BreadcrumbList\",\"@id\":\"https:\/\/agenciainfra.com\/blog\/camara-aprova-isencao-de-taxa-de-navegacao-de-cargas-para-norte-e-nordeste-ate-2031\/#breadcrumb\",\"itemListElement\":[{\"@type\":\"ListItem\",\"position\":1,\"name\":\"In\u00edcio\",\"item\":\"https:\/\/agenciainfra.com\/blog\/\"},{\"@type\":\"ListItem\",\"position\":2,\"name\":\"C\u00e2mara aprova isen\u00e7\u00e3o de taxa de navega\u00e7\u00e3o de cargas para Norte e Nordeste at\u00e9 2031\"}]},{\"@type\":\"WebSite\",\"@id\":\"https:\/\/agenciainfra.com\/blog\/#website\",\"url\":\"https:\/\/agenciainfra.com\/blog\/\",\"name\":\"Ag\u00eancia iNFRA\",\"description\":\"Multiplataforma de informa\u00e7\u00e3o jornal\u00edstica refer\u00eancia na \u00e1rea de infraestrutura no Brasil!\",\"publisher\":{\"@id\":\"https:\/\/agenciainfra.com\/blog\/#organization\"},\"potentialAction\":[{\"@type\":\"SearchAction\",\"target\":{\"@type\":\"EntryPoint\",\"urlTemplate\":\"https:\/\/agenciainfra.com\/blog\/?s={search_term_string}\"},\"query-input\":{\"@type\":\"PropertyValueSpecification\",\"valueRequired\":true,\"valueName\":\"search_term_string\"}}],\"inLanguage\":\"pt-BR\"},{\"@type\":\"Organization\",\"@id\":\"https:\/\/agenciainfra.com\/blog\/#organization\",\"name\":\"Ag\u00eancia iNFRA\",\"url\":\"https:\/\/agenciainfra.com\/blog\/\",\"logo\":{\"@type\":\"ImageObject\",\"inLanguage\":\"pt-BR\",\"@id\":\"https:\/\/agenciainfra.com\/blog\/#\/schema\/logo\/image\/\",\"url\":\"https:\/\/agenciainfra.com\/blog\/wp-content\/uploads\/2023\/09\/iNFRA_5-e1761735885940.png\",\"contentUrl\":\"https:\/\/agenciainfra.com\/blog\/wp-content\/uploads\/2023\/09\/iNFRA_5-e1761735885940.png\",\"width\":1672,\"height\":454,\"caption\":\"Ag\u00eancia iNFRA\"},\"image\":{\"@id\":\"https:\/\/agenciainfra.com\/blog\/#\/schema\/logo\/image\/\"},\"sameAs\":[\"https:\/\/www.facebook.com\/ageninfra\",\"https:\/\/x.com\/agencia_infra\",\"https:\/\/www.linkedin.com\/company\/ag\u00eanciainfra\/\",\"https:\/\/www.instagram.com\/agenciainfra\/\"]},{\"@type\":\"Person\",\"@id\":\"https:\/\/agenciainfra.com\/blog\/#\/schema\/person\/34af08dff6adea4cb22b06612ba7acfa\",\"name\":\"Ag\u00eancia iNFRA\",\"image\":{\"@type\":\"ImageObject\",\"inLanguage\":\"pt-BR\",\"@id\":\"https:\/\/agenciainfra.com\/blog\/#\/schema\/person\/image\/\",\"url\":\"https:\/\/secure.gravatar.com\/avatar\/d189e01678f06d8eb84d4e01f08eb848b3fffe3f8443818d3c356c66892f5be8?s=96&d=mm&r=g\",\"contentUrl\":\"https:\/\/secure.gravatar.com\/avatar\/d189e01678f06d8eb84d4e01f08eb848b3fffe3f8443818d3c356c66892f5be8?s=96&d=mm&r=g\",\"caption\":\"Ag\u00eancia iNFRA\"},\"url\":\"https:\/\/agenciainfra.com\/blog\/author\/admin\/\"}]}<\/script>\n<!-- \/ Yoast SEO Premium plugin. -->","yoast_head_json":{"title":"C\u00e2mara aprova isen\u00e7\u00e3o de taxa de navega\u00e7\u00e3o de cargas para Norte e Nordeste at\u00e9 2031 - Ag\u00eancia iNFRA","robots":{"index":"index","follow":"follow","max-snippet":"max-snippet:-1","max-image-preview":"max-image-preview:large","max-video-preview":"max-video-preview:-1"},"canonical":"https:\/\/agenciainfra.com\/blog\/camara-aprova-isencao-de-taxa-de-navegacao-de-cargas-para-norte-e-nordeste-ate-2031\/","og_locale":"pt_BR","og_type":"article","og_title":"C\u00e2mara aprova isen\u00e7\u00e3o de taxa de navega\u00e7\u00e3o de cargas para Norte e Nordeste at\u00e9 2031","og_description":"da Ag\u00eancia iNFRA A C\u00e2mara dos Deputados aprovou, nesta quarta-feira (16), projeto de lei que amplia para at\u00e9 2031 o prazo da isen\u00e7\u00e3o do AFRMM (Adicional ao Frete para Renova\u00e7\u00e3o da Marinha Mercante) na navega\u00e7\u00e3o de cargas com origem ou destino nas regi\u00f5es Norte e Nordeste. A prorroga\u00e7\u00e3o era prevista inicialmente para at\u00e9 2027, mas [&hellip;]","og_url":"https:\/\/agenciainfra.com\/blog\/camara-aprova-isencao-de-taxa-de-navegacao-de-cargas-para-norte-e-nordeste-ate-2031\/","og_site_name":"Ag\u00eancia iNFRA","article_publisher":"https:\/\/www.facebook.com\/ageninfra","article_published_time":"2025-07-17T16:15:51+00:00","article_modified_time":"2025-07-17T16:15:53+00:00","og_image":[{"width":1280,"height":853,"url":"https:\/\/agenciainfra.com\/blog\/wp-content\/uploads\/2019\/10\/navio-carga-dominio-publico.jpg","type":"image\/jpeg"}],"author":"Ag\u00eancia iNFRA","twitter_card":"summary_large_image","twitter_creator":"@agencia_infra","twitter_site":"@agencia_infra","twitter_misc":{"Escrito por":"Ag\u00eancia iNFRA","Est. tempo de leitura":"1 minuto"},"schema":{"@context":"https:\/\/schema.org","@graph":[{"@type":"Article","@id":"https:\/\/agenciainfra.com\/blog\/camara-aprova-isencao-de-taxa-de-navegacao-de-cargas-para-norte-e-nordeste-ate-2031\/#article","isPartOf":{"@id":"https:\/\/agenciainfra.com\/blog\/camara-aprova-isencao-de-taxa-de-navegacao-de-cargas-para-norte-e-nordeste-ate-2031\/"},"author":{"name":"Ag\u00eancia iNFRA","@id":"https:\/\/agenciainfra.com\/blog\/#\/schema\/person\/34af08dff6adea4cb22b06612ba7acfa"},"headline":"C\u00e2mara aprova isen\u00e7\u00e3o de taxa de navega\u00e7\u00e3o de cargas para Norte e Nordeste at\u00e9 2031","datePublished":"2025-07-17T16:15:51+00:00","dateModified":"2025-07-17T16:15:53+00:00","mainEntityOfPage":{"@id":"https:\/\/agenciainfra.com\/blog\/camara-aprova-isencao-de-taxa-de-navegacao-de-cargas-para-norte-e-nordeste-ate-2031\/"},"wordCount":155,"publisher":{"@id":"https:\/\/agenciainfra.com\/blog\/#organization"},"image":{"@id":"https:\/\/agenciainfra.com\/blog\/camara-aprova-isencao-de-taxa-de-navegacao-de-cargas-para-norte-e-nordeste-ate-2031\/#primaryimage"},"thumbnailUrl":"https:\/\/agenciainfra.com\/blog\/wp-content\/uploads\/2019\/10\/navio-carga-dominio-publico.jpg","keywords":["AFRMM","C\u00e2mara dos Deputados","Eduardo Braga","Navega\u00e7\u00e3o","Senado Federal","transporte de cargas"],"articleSection":["Geral","Giro iNFRA"],"inLanguage":"pt-BR","copyrightYear":"2025","copyrightHolder":{"@id":"https:\/\/agenciainfra.com\/blog\/#organization"}},{"@type":"WebPage","@id":"https:\/\/agenciainfra.com\/blog\/camara-aprova-isencao-de-taxa-de-navegacao-de-cargas-para-norte-e-nordeste-ate-2031\/","url":"https:\/\/agenciainfra.com\/blog\/camara-aprova-isencao-de-taxa-de-navegacao-de-cargas-para-norte-e-nordeste-ate-2031\/","name":"C\u00e2mara aprova isen\u00e7\u00e3o de taxa de navega\u00e7\u00e3o de cargas para Norte e Nordeste at\u00e9 2031 - Ag\u00eancia iNFRA","isPartOf":{"@id":"https:\/\/agenciainfra.com\/blog\/#website"},"primaryImageOfPage":{"@id":"https:\/\/agenciainfra.com\/blog\/camara-aprova-isencao-de-taxa-de-navegacao-de-cargas-para-norte-e-nordeste-ate-2031\/#primaryimage"},"image":{"@id":"https:\/\/agenciainfra.com\/blog\/camara-aprova-isencao-de-taxa-de-navegacao-de-cargas-para-norte-e-nordeste-ate-2031\/#primaryimage"},"thumbnailUrl":"https:\/\/agenciainfra.com\/blog\/wp-content\/uploads\/2019\/10\/navio-carga-dominio-publico.jpg","datePublished":"2025-07-17T16:15:51+00:00","dateModified":"2025-07-17T16:15:53+00:00","breadcrumb":{"@id":"https:\/\/agenciainfra.com\/blog\/camara-aprova-isencao-de-taxa-de-navegacao-de-cargas-para-norte-e-nordeste-ate-2031\/#breadcrumb"},"inLanguage":"pt-BR","potentialAction":[{"@type":"ReadAction","target":["https:\/\/agenciainfra.com\/blog\/camara-aprova-isencao-de-taxa-de-navegacao-de-cargas-para-norte-e-nordeste-ate-2031\/"]}]},{"@type":"ImageObject","inLanguage":"pt-BR","@id":"https:\/\/agenciainfra.com\/blog\/camara-aprova-isencao-de-taxa-de-navegacao-de-cargas-para-norte-e-nordeste-ate-2031\/#primaryimage","url":"https:\/\/agenciainfra.com\/blog\/wp-content\/uploads\/2019\/10\/navio-carga-dominio-publico.jpg","contentUrl":"https:\/\/agenciainfra.com\/blog\/wp-content\/uploads\/2019\/10\/navio-carga-dominio-publico.jpg","width":1280,"height":853,"caption":"Foto: Dom\u00ednio p\u00fablico"},{"@type":"BreadcrumbList","@id":"https:\/\/agenciainfra.com\/blog\/camara-aprova-isencao-de-taxa-de-navegacao-de-cargas-para-norte-e-nordeste-ate-2031\/#breadcrumb","itemListElement":[{"@type":"ListItem","position":1,"name":"In\u00edcio","item":"https:\/\/agenciainfra.com\/blog\/"},{"@type":"ListItem","position":2,"name":"C\u00e2mara aprova isen\u00e7\u00e3o de taxa de navega\u00e7\u00e3o de cargas para Norte e Nordeste at\u00e9 2031"}]},{"@type":"WebSite","@id":"https:\/\/agenciainfra.com\/blog\/#website","url":"https:\/\/agenciainfra.com\/blog\/","name":"Ag\u00eancia iNFRA","description":"Multiplataforma de informa\u00e7\u00e3o jornal\u00edstica refer\u00eancia na \u00e1rea de infraestrutura no Brasil!","publisher":{"@id":"https:\/\/agenciainfra.com\/blog\/#organization"},"potentialAction":[{"@type":"SearchAction","target":{"@type":"EntryPoint","urlTemplate":"https:\/\/agenciainfra.com\/blog\/?s={search_term_string}"},"query-input":{"@type":"PropertyValueSpecification","valueRequired":true,"valueName":"search_term_string"}}],"inLanguage":"pt-BR"},{"@type":"Organization","@id":"https:\/\/agenciainfra.com\/blog\/#organization","name":"Ag\u00eancia iNFRA","url":"https:\/\/agenciainfra.com\/blog\/","logo":{"@type":"ImageObject","inLanguage":"pt-BR","@id":"https:\/\/agenciainfra.com\/blog\/#\/schema\/logo\/image\/","url":"https:\/\/agenciainfra.com\/blog\/wp-content\/uploads\/2023\/09\/iNFRA_5-e1761735885940.png","contentUrl":"https:\/\/agenciainfra.com\/blog\/wp-content\/uploads\/2023\/09\/iNFRA_5-e1761735885940.png","width":1672,"height":454,"caption":"Ag\u00eancia iNFRA"},"image":{"@id":"https:\/\/agenciainfra.com\/blog\/#\/schema\/logo\/image\/"},"sameAs":["https:\/\/www.facebook.com\/ageninfra","https:\/\/x.com\/agencia_infra","https:\/\/www.linkedin.com\/company\/ag\u00eanciainfra\/","https:\/\/www.instagram.com\/agenciainfra\/"]},{"@type":"Person","@id":"https:\/\/agenciainfra.com\/blog\/#\/schema\/person\/34af08dff6adea4cb22b06612ba7acfa","name":"Ag\u00eancia iNFRA","image":{"@type":"ImageObject","inLanguage":"pt-BR","@id":"https:\/\/agenciainfra.com\/blog\/#\/schema\/person\/image\/","url":"https:\/\/secure.gravatar.com\/avatar\/d189e01678f06d8eb84d4e01f08eb848b3fffe3f8443818d3c356c66892f5be8?s=96&d=mm&r=g","contentUrl":"https:\/\/secure.gravatar.com\/avatar\/d189e01678f06d8eb84d4e01f08eb848b3fffe3f8443818d3c356c66892f5be8?s=96&d=mm&r=g","caption":"Ag\u00eancia iNFRA"},"url":"https:\/\/agenciainfra.com\/blog\/author\/admin\/"}]}},"_links":{"self":[{"href":"https:\/\/agenciainfra.com\/blog\/wp-json\/wp\/v2\/posts\/24940","targetHints":{"allow":["GET"]}}],"collection":[{"href":"https:\/\/agenciainfra.com\/blog\/wp-json\/wp\/v2\/posts"}],"about":[{"href":"https:\/\/agenciainfra.com\/blog\/wp-json\/wp\/v2\/types\/post"}],"author":[{"embeddable":true,"href":"https:\/\/agenciainfra.com\/blog\/wp-json\/wp\/v2\/users\/1"}],"replies":[{"embeddable":true,"href":"https:\/\/agenciainfra.com\/blog\/wp-json\/wp\/v2\/comments?post=24940"}],"version-history":[{"count":1,"href":"https:\/\/agenciainfra.com\/blog\/wp-json\/wp\/v2\/posts\/24940\/revisions"}],"predecessor-version":[{"id":24941,"href":"https:\/\/agenciainfra.com\/blog\/wp-json\/wp\/v2\/posts\/24940\/revisions\/24941"}],"wp:featuredmedia":[{"embeddable":true,"href":"https:\/\/agenciainfra.com\/blog\/wp-json\/wp\/v2\/media\/3871"}],"wp:attachment":[{"href":"https:\/\/agenciainfra.com\/blog\/wp-json\/wp\/v2\/media?parent=24940"}],"wp:term":[{"taxonomy":"category","embeddable":true,"href":"https:\/\/agenciainfra.com\/blog\/wp-json\/wp\/v2\/categories?post=24940"},{"taxonomy":"post_tag","embeddable":true,"href":"https:\/\/agenciainfra.com\/blog\/wp-json\/wp\/v2\/tags?post=24940"}],"curies":[{"name":"wp","href":"https:\/\/api.w.org\/{rel}","templated":true}]}}