{"id":24942,"date":"2025-07-17T13:56:43","date_gmt":"2025-07-17T16:56:43","guid":{"rendered":"https:\/\/agenciainfra.com\/blog\/?p=24942"},"modified":"2025-07-18T13:30:43","modified_gmt":"2025-07-18T16:30:43","slug":"antt-atualiza-piso-minimo-de-frete-rodoviario-com-reajustes-medios-de-082-a-355","status":"publish","type":"post","link":"https:\/\/agenciainfra.com\/blog\/antt-atualiza-piso-minimo-de-frete-rodoviario-com-reajustes-medios-de-082-a-355\/","title":{"rendered":"ANTT atualiza piso m\u00ednimo de frete rodovi\u00e1rio com reajustes m\u00e9dios de 0,82% a 3,55%"},"content":{"rendered":"\n<p class=\"has-text-align-right\"><strong>da Ag\u00eancia iNFRA<\/strong><\/p>\n\n\n\n<p>A diretoria da ANTT (Ag\u00eancia Nacional de Transportes Terrestres) aprovou nesta quinta-feira (17) nova tabela com pre\u00e7os m\u00ednimos de frete rodovi\u00e1rio, com reajustes m\u00e9dios que v\u00e3o de 0,82% a 3,55%. Segundo o relator do processo, diretor Lucas Asfor, a atualiza\u00e7\u00e3o tem como base o IPCA (\u00cdndice Nacional de Pre\u00e7os ao Consumidor Amplo) acumulado de dezembro a maio, em 3,28%, e o pre\u00e7o do \u00f3leo diesel S10, em R$ 6,02, de acordo com a tabela disponibilizada pela ANP (Ag\u00eancia Nacional do Petr\u00f3leo, G\u00e1s Natural e Biocombust\u00edveis).<\/p>\n\n\n\n<p>A lei prev\u00ea que a ag\u00eancia reguladora deve reajustar a tabela at\u00e9 os dias 20 de janeiro e 20 de julho de cada ano. Os impactos m\u00e9dios no valor final de piso m\u00ednimo de frete v\u00e3o de aumentos de 0,82% para opera\u00e7\u00f5es de alto desempenho com contrata\u00e7\u00e3o somente do veiculo automotor de cargas a 3,55% para opera\u00e7\u00f5es do tipo carga lota\u00e7\u00e3o.<\/p>\n\n\n\n<p>A ANTT tamb\u00e9m aprovou a segunda vers\u00e3o do AIR (Relat\u00f3rio de An\u00e1lise de Impacto Regulat\u00f3rio) do projeto \u201cESG Cargas: Ambiental, Social e Governan\u00e7a no Transporte Rodovi\u00e1rio de Cargas\u201d. Segundo a ag\u00eancia, a iniciativa prop\u00f5e a cria\u00e7\u00e3o do Selo ESG Cargas, um instrumento de reconhecimento p\u00fablico aos transportadores que se destacam por adotar pr\u00e1ticas sustent\u00e1veis, respons\u00e1veis e transparentes na atividade.<\/p>\n\n\n\n<p>Para ter o selo, os transportadores devem comprovar ader\u00eancia aos crit\u00e9rios de tr\u00eas dimens\u00f5es fundamentais: ambiental, social e governan\u00e7a (ESG). A proposta ainda ser\u00e1 submetida \u00e0 audi\u00eancia p\u00fablica. Ainda na reuni\u00e3o, os diretores aprovaram os regimentos internos dos Comit\u00eas de Desenvolvimento de Sustentabilidade de Ferrovias e de Rodovias.<\/p>\n\n\n\n<p><strong>Transporte internacional<\/strong><br>A ANTT tamb\u00e9m deu aval a abertura de consulta p\u00fablica, entre os dias 28 de julho e 11 de setembro, sobre o projeto de Consolida\u00e7\u00e3o e Aperfei\u00e7oamento do Marco Regulat\u00f3rio do Transporte Rodovi\u00e1rio coletivo Internacional de Passageiros. De acordo com o relator, Lucas Asfor, a proposta pretende flexibilizar a presta\u00e7\u00e3o dos servi\u00e7os reguladores internacionais para possibilitar atendimento mais din\u00e2mico e eficiente, aumentar o interesse de empresas transportadoras na presta\u00e7\u00e3o de servi\u00e7o internacional e reduzir a discricionariedade na atua\u00e7\u00e3o dos agentes internos.<\/p>\n\n\n\n<p><\/p>\n","protected":false},"excerpt":{"rendered":"<p>da Ag\u00eancia iNFRA A diretoria da ANTT (Ag\u00eancia Nacional de Transportes Terrestres) aprovou nesta quinta-feira (17) nova tabela com pre\u00e7os m\u00ednimos de frete rodovi\u00e1rio, com reajustes m\u00e9dios que v\u00e3o de 0,82% a 3,55%. Segundo o relator do processo, diretor Lucas Asfor, a atualiza\u00e7\u00e3o tem como base o IPCA (\u00cdndice Nacional de Pre\u00e7os ao Consumidor Amplo) [&hellip;]<\/p>\n","protected":false},"author":1,"featured_media":4637,"comment_status":"closed","ping_status":"closed","sticky":false,"template":"","format":"standard","meta":{"_monsterinsights_skip_tracking":false,"_monsterinsights_sitenote_active":false,"_monsterinsights_sitenote_note":"","_monsterinsights_sitenote_category":0,"footnotes":""},"categories":[7250,1,7],"tags":[19,14437,1923,6868,1021,423,14438],"class_list":["post-24942","post","type-post","status-publish","format-standard","has-post-thumbnail","hentry","category-destaque-lista","category-geral","category-infratransporte","tag-antt","tag-esg-cargas","tag-frete-rodoviario","tag-lucas-asfor","tag-piso-minimo-do-frete","tag-transporte-rodoviario-de-cargas","tag-transporte-rodoviario-internacional"],"yoast_head":"<!-- This site is optimized with the Yoast SEO Premium plugin v25.4 (Yoast SEO v26.0) - https:\/\/yoast.com\/wordpress\/plugins\/seo\/ -->\n<title>ANTT atualiza piso m\u00ednimo de frete rodovi\u00e1rio com reajustes m\u00e9dios de 0,82% a 3,55% - Ag\u00eancia iNFRA<\/title>\n<meta name=\"robots\" content=\"index, follow, max-snippet:-1, max-image-preview:large, max-video-preview:-1\" \/>\n<link rel=\"canonical\" href=\"https:\/\/agenciainfra.com\/blog\/antt-atualiza-piso-minimo-de-frete-rodoviario-com-reajustes-medios-de-082-a-355\/\" \/>\n<meta property=\"og:locale\" content=\"pt_BR\" \/>\n<meta property=\"og:type\" content=\"article\" \/>\n<meta property=\"og:title\" content=\"ANTT atualiza piso m\u00ednimo de frete rodovi\u00e1rio com reajustes m\u00e9dios de 0,82% a 3,55%\" \/>\n<meta property=\"og:description\" content=\"da Ag\u00eancia iNFRA A diretoria da ANTT (Ag\u00eancia Nacional de Transportes Terrestres) aprovou nesta quinta-feira (17) nova tabela com pre\u00e7os m\u00ednimos de frete rodovi\u00e1rio, com reajustes m\u00e9dios que v\u00e3o de 0,82% a 3,55%. Segundo o relator do processo, diretor Lucas Asfor, a atualiza\u00e7\u00e3o tem como base o IPCA (\u00cdndice Nacional de Pre\u00e7os ao Consumidor Amplo) [&hellip;]\" \/>\n<meta property=\"og:url\" content=\"https:\/\/agenciainfra.com\/blog\/antt-atualiza-piso-minimo-de-frete-rodoviario-com-reajustes-medios-de-082-a-355\/\" \/>\n<meta property=\"og:site_name\" content=\"Ag\u00eancia iNFRA\" \/>\n<meta property=\"article:publisher\" content=\"https:\/\/www.facebook.com\/ageninfra\" \/>\n<meta property=\"article:published_time\" content=\"2025-07-17T16:56:43+00:00\" \/>\n<meta property=\"article:modified_time\" content=\"2025-07-18T16:30:43+00:00\" \/>\n<meta property=\"og:image\" content=\"https:\/\/agenciainfra.com\/blog\/wp-content\/uploads\/2020\/03\/caminhao-carga-foto-detran-rs.jpeg\" \/>\n\t<meta property=\"og:image:width\" content=\"768\" \/>\n\t<meta property=\"og:image:height\" content=\"432\" \/>\n\t<meta property=\"og:image:type\" content=\"image\/jpeg\" \/>\n<meta name=\"author\" content=\"Ag\u00eancia iNFRA\" \/>\n<meta name=\"twitter:card\" content=\"summary_large_image\" \/>\n<meta name=\"twitter:creator\" content=\"@agencia_infra\" \/>\n<meta name=\"twitter:site\" content=\"@agencia_infra\" \/>\n<meta name=\"twitter:label1\" content=\"Escrito por\" \/>\n\t<meta name=\"twitter:data1\" content=\"Ag\u00eancia iNFRA\" \/>\n\t<meta name=\"twitter:label2\" content=\"Est. tempo de leitura\" \/>\n\t<meta name=\"twitter:data2\" content=\"2 minutos\" \/>\n<script type=\"application\/ld+json\" class=\"yoast-schema-graph\">{\"@context\":\"https:\/\/schema.org\",\"@graph\":[{\"@type\":\"Article\",\"@id\":\"https:\/\/agenciainfra.com\/blog\/antt-atualiza-piso-minimo-de-frete-rodoviario-com-reajustes-medios-de-082-a-355\/#article\",\"isPartOf\":{\"@id\":\"https:\/\/agenciainfra.com\/blog\/antt-atualiza-piso-minimo-de-frete-rodoviario-com-reajustes-medios-de-082-a-355\/\"},\"author\":{\"name\":\"Ag\u00eancia iNFRA\",\"@id\":\"https:\/\/agenciainfra.com\/blog\/#\/schema\/person\/34af08dff6adea4cb22b06612ba7acfa\"},\"headline\":\"ANTT atualiza piso m\u00ednimo de frete rodovi\u00e1rio com reajustes m\u00e9dios de 0,82% a 3,55%\",\"datePublished\":\"2025-07-17T16:56:43+00:00\",\"dateModified\":\"2025-07-18T16:30:43+00:00\",\"mainEntityOfPage\":{\"@id\":\"https:\/\/agenciainfra.com\/blog\/antt-atualiza-piso-minimo-de-frete-rodoviario-com-reajustes-medios-de-082-a-355\/\"},\"wordCount\":399,\"publisher\":{\"@id\":\"https:\/\/agenciainfra.com\/blog\/#organization\"},\"image\":{\"@id\":\"https:\/\/agenciainfra.com\/blog\/antt-atualiza-piso-minimo-de-frete-rodoviario-com-reajustes-medios-de-082-a-355\/#primaryimage\"},\"thumbnailUrl\":\"https:\/\/agenciainfra.com\/blog\/wp-content\/uploads\/2020\/03\/caminhao-carga-foto-detran-rs.jpeg\",\"keywords\":[\"ANTT\",\"ESG Cargas\",\"frete rodovi\u00e1rio\",\"Lucas Asfor\",\"piso m\u00ednimo do frete\",\"transporte rodovi\u00e1rio de cargas\",\"transporte rodovi\u00e1rio internacional\"],\"articleSection\":[\"Destaque lista\",\"Geral\",\"iNFRATransporte\"],\"inLanguage\":\"pt-BR\",\"copyrightYear\":\"2025\",\"copyrightHolder\":{\"@id\":\"https:\/\/agenciainfra.com\/blog\/#organization\"}},{\"@type\":\"WebPage\",\"@id\":\"https:\/\/agenciainfra.com\/blog\/antt-atualiza-piso-minimo-de-frete-rodoviario-com-reajustes-medios-de-082-a-355\/\",\"url\":\"https:\/\/agenciainfra.com\/blog\/antt-atualiza-piso-minimo-de-frete-rodoviario-com-reajustes-medios-de-082-a-355\/\",\"name\":\"ANTT atualiza piso m\u00ednimo de frete rodovi\u00e1rio com reajustes m\u00e9dios de 0,82% a 3,55% - Ag\u00eancia iNFRA\",\"isPartOf\":{\"@id\":\"https:\/\/agenciainfra.com\/blog\/#website\"},\"primaryImageOfPage\":{\"@id\":\"https:\/\/agenciainfra.com\/blog\/antt-atualiza-piso-minimo-de-frete-rodoviario-com-reajustes-medios-de-082-a-355\/#primaryimage\"},\"image\":{\"@id\":\"https:\/\/agenciainfra.com\/blog\/antt-atualiza-piso-minimo-de-frete-rodoviario-com-reajustes-medios-de-082-a-355\/#primaryimage\"},\"thumbnailUrl\":\"https:\/\/agenciainfra.com\/blog\/wp-content\/uploads\/2020\/03\/caminhao-carga-foto-detran-rs.jpeg\",\"datePublished\":\"2025-07-17T16:56:43+00:00\",\"dateModified\":\"2025-07-18T16:30:43+00:00\",\"breadcrumb\":{\"@id\":\"https:\/\/agenciainfra.com\/blog\/antt-atualiza-piso-minimo-de-frete-rodoviario-com-reajustes-medios-de-082-a-355\/#breadcrumb\"},\"inLanguage\":\"pt-BR\",\"potentialAction\":[{\"@type\":\"ReadAction\",\"target\":[\"https:\/\/agenciainfra.com\/blog\/antt-atualiza-piso-minimo-de-frete-rodoviario-com-reajustes-medios-de-082-a-355\/\"]}]},{\"@type\":\"ImageObject\",\"inLanguage\":\"pt-BR\",\"@id\":\"https:\/\/agenciainfra.com\/blog\/antt-atualiza-piso-minimo-de-frete-rodoviario-com-reajustes-medios-de-082-a-355\/#primaryimage\",\"url\":\"https:\/\/agenciainfra.com\/blog\/wp-content\/uploads\/2020\/03\/caminhao-carga-foto-detran-rs.jpeg\",\"contentUrl\":\"https:\/\/agenciainfra.com\/blog\/wp-content\/uploads\/2020\/03\/caminhao-carga-foto-detran-rs.jpeg\",\"width\":768,\"height\":432,\"caption\":\"Foto: Divulga\u00e7\u00e3o\/Detran RS\"},{\"@type\":\"BreadcrumbList\",\"@id\":\"https:\/\/agenciainfra.com\/blog\/antt-atualiza-piso-minimo-de-frete-rodoviario-com-reajustes-medios-de-082-a-355\/#breadcrumb\",\"itemListElement\":[{\"@type\":\"ListItem\",\"position\":1,\"name\":\"In\u00edcio\",\"item\":\"https:\/\/agenciainfra.com\/blog\/\"},{\"@type\":\"ListItem\",\"position\":2,\"name\":\"ANTT atualiza piso m\u00ednimo de frete rodovi\u00e1rio com reajustes m\u00e9dios de 0,82% a 3,55%\"}]},{\"@type\":\"WebSite\",\"@id\":\"https:\/\/agenciainfra.com\/blog\/#website\",\"url\":\"https:\/\/agenciainfra.com\/blog\/\",\"name\":\"Ag\u00eancia iNFRA\",\"description\":\"Multiplataforma de informa\u00e7\u00e3o jornal\u00edstica refer\u00eancia na \u00e1rea de infraestrutura no Brasil!\",\"publisher\":{\"@id\":\"https:\/\/agenciainfra.com\/blog\/#organization\"},\"potentialAction\":[{\"@type\":\"SearchAction\",\"target\":{\"@type\":\"EntryPoint\",\"urlTemplate\":\"https:\/\/agenciainfra.com\/blog\/?s={search_term_string}\"},\"query-input\":{\"@type\":\"PropertyValueSpecification\",\"valueRequired\":true,\"valueName\":\"search_term_string\"}}],\"inLanguage\":\"pt-BR\"},{\"@type\":\"Organization\",\"@id\":\"https:\/\/agenciainfra.com\/blog\/#organization\",\"name\":\"Ag\u00eancia iNFRA\",\"url\":\"https:\/\/agenciainfra.com\/blog\/\",\"logo\":{\"@type\":\"ImageObject\",\"inLanguage\":\"pt-BR\",\"@id\":\"https:\/\/agenciainfra.com\/blog\/#\/schema\/logo\/image\/\",\"url\":\"https:\/\/agenciainfra.com\/blog\/wp-content\/uploads\/2023\/09\/iNFRA_5-e1761735885940.png\",\"contentUrl\":\"https:\/\/agenciainfra.com\/blog\/wp-content\/uploads\/2023\/09\/iNFRA_5-e1761735885940.png\",\"width\":1672,\"height\":454,\"caption\":\"Ag\u00eancia iNFRA\"},\"image\":{\"@id\":\"https:\/\/agenciainfra.com\/blog\/#\/schema\/logo\/image\/\"},\"sameAs\":[\"https:\/\/www.facebook.com\/ageninfra\",\"https:\/\/x.com\/agencia_infra\",\"https:\/\/www.linkedin.com\/company\/ag\u00eanciainfra\/\",\"https:\/\/www.instagram.com\/agenciainfra\/\"]},{\"@type\":\"Person\",\"@id\":\"https:\/\/agenciainfra.com\/blog\/#\/schema\/person\/34af08dff6adea4cb22b06612ba7acfa\",\"name\":\"Ag\u00eancia iNFRA\",\"image\":{\"@type\":\"ImageObject\",\"inLanguage\":\"pt-BR\",\"@id\":\"https:\/\/agenciainfra.com\/blog\/#\/schema\/person\/image\/\",\"url\":\"https:\/\/secure.gravatar.com\/avatar\/d189e01678f06d8eb84d4e01f08eb848b3fffe3f8443818d3c356c66892f5be8?s=96&d=mm&r=g\",\"contentUrl\":\"https:\/\/secure.gravatar.com\/avatar\/d189e01678f06d8eb84d4e01f08eb848b3fffe3f8443818d3c356c66892f5be8?s=96&d=mm&r=g\",\"caption\":\"Ag\u00eancia iNFRA\"},\"url\":\"https:\/\/agenciainfra.com\/blog\/author\/admin\/\"}]}<\/script>\n<!-- \/ Yoast SEO Premium plugin. -->","yoast_head_json":{"title":"ANTT atualiza piso m\u00ednimo de frete rodovi\u00e1rio com reajustes m\u00e9dios de 0,82% a 3,55% - Ag\u00eancia iNFRA","robots":{"index":"index","follow":"follow","max-snippet":"max-snippet:-1","max-image-preview":"max-image-preview:large","max-video-preview":"max-video-preview:-1"},"canonical":"https:\/\/agenciainfra.com\/blog\/antt-atualiza-piso-minimo-de-frete-rodoviario-com-reajustes-medios-de-082-a-355\/","og_locale":"pt_BR","og_type":"article","og_title":"ANTT atualiza piso m\u00ednimo de frete rodovi\u00e1rio com reajustes m\u00e9dios de 0,82% a 3,55%","og_description":"da Ag\u00eancia iNFRA A diretoria da ANTT (Ag\u00eancia Nacional de Transportes Terrestres) aprovou nesta quinta-feira (17) nova tabela com pre\u00e7os m\u00ednimos de frete rodovi\u00e1rio, com reajustes m\u00e9dios que v\u00e3o de 0,82% a 3,55%. Segundo o relator do processo, diretor Lucas Asfor, a atualiza\u00e7\u00e3o tem como base o IPCA (\u00cdndice Nacional de Pre\u00e7os ao Consumidor Amplo) [&hellip;]","og_url":"https:\/\/agenciainfra.com\/blog\/antt-atualiza-piso-minimo-de-frete-rodoviario-com-reajustes-medios-de-082-a-355\/","og_site_name":"Ag\u00eancia iNFRA","article_publisher":"https:\/\/www.facebook.com\/ageninfra","article_published_time":"2025-07-17T16:56:43+00:00","article_modified_time":"2025-07-18T16:30:43+00:00","og_image":[{"width":768,"height":432,"url":"https:\/\/agenciainfra.com\/blog\/wp-content\/uploads\/2020\/03\/caminhao-carga-foto-detran-rs.jpeg","type":"image\/jpeg"}],"author":"Ag\u00eancia iNFRA","twitter_card":"summary_large_image","twitter_creator":"@agencia_infra","twitter_site":"@agencia_infra","twitter_misc":{"Escrito por":"Ag\u00eancia iNFRA","Est. tempo de leitura":"2 minutos"},"schema":{"@context":"https:\/\/schema.org","@graph":[{"@type":"Article","@id":"https:\/\/agenciainfra.com\/blog\/antt-atualiza-piso-minimo-de-frete-rodoviario-com-reajustes-medios-de-082-a-355\/#article","isPartOf":{"@id":"https:\/\/agenciainfra.com\/blog\/antt-atualiza-piso-minimo-de-frete-rodoviario-com-reajustes-medios-de-082-a-355\/"},"author":{"name":"Ag\u00eancia iNFRA","@id":"https:\/\/agenciainfra.com\/blog\/#\/schema\/person\/34af08dff6adea4cb22b06612ba7acfa"},"headline":"ANTT atualiza piso m\u00ednimo de frete rodovi\u00e1rio com reajustes m\u00e9dios de 0,82% a 3,55%","datePublished":"2025-07-17T16:56:43+00:00","dateModified":"2025-07-18T16:30:43+00:00","mainEntityOfPage":{"@id":"https:\/\/agenciainfra.com\/blog\/antt-atualiza-piso-minimo-de-frete-rodoviario-com-reajustes-medios-de-082-a-355\/"},"wordCount":399,"publisher":{"@id":"https:\/\/agenciainfra.com\/blog\/#organization"},"image":{"@id":"https:\/\/agenciainfra.com\/blog\/antt-atualiza-piso-minimo-de-frete-rodoviario-com-reajustes-medios-de-082-a-355\/#primaryimage"},"thumbnailUrl":"https:\/\/agenciainfra.com\/blog\/wp-content\/uploads\/2020\/03\/caminhao-carga-foto-detran-rs.jpeg","keywords":["ANTT","ESG Cargas","frete rodovi\u00e1rio","Lucas Asfor","piso m\u00ednimo do frete","transporte rodovi\u00e1rio de cargas","transporte rodovi\u00e1rio internacional"],"articleSection":["Destaque lista","Geral","iNFRATransporte"],"inLanguage":"pt-BR","copyrightYear":"2025","copyrightHolder":{"@id":"https:\/\/agenciainfra.com\/blog\/#organization"}},{"@type":"WebPage","@id":"https:\/\/agenciainfra.com\/blog\/antt-atualiza-piso-minimo-de-frete-rodoviario-com-reajustes-medios-de-082-a-355\/","url":"https:\/\/agenciainfra.com\/blog\/antt-atualiza-piso-minimo-de-frete-rodoviario-com-reajustes-medios-de-082-a-355\/","name":"ANTT atualiza piso m\u00ednimo de frete rodovi\u00e1rio com reajustes m\u00e9dios de 0,82% a 3,55% - Ag\u00eancia iNFRA","isPartOf":{"@id":"https:\/\/agenciainfra.com\/blog\/#website"},"primaryImageOfPage":{"@id":"https:\/\/agenciainfra.com\/blog\/antt-atualiza-piso-minimo-de-frete-rodoviario-com-reajustes-medios-de-082-a-355\/#primaryimage"},"image":{"@id":"https:\/\/agenciainfra.com\/blog\/antt-atualiza-piso-minimo-de-frete-rodoviario-com-reajustes-medios-de-082-a-355\/#primaryimage"},"thumbnailUrl":"https:\/\/agenciainfra.com\/blog\/wp-content\/uploads\/2020\/03\/caminhao-carga-foto-detran-rs.jpeg","datePublished":"2025-07-17T16:56:43+00:00","dateModified":"2025-07-18T16:30:43+00:00","breadcrumb":{"@id":"https:\/\/agenciainfra.com\/blog\/antt-atualiza-piso-minimo-de-frete-rodoviario-com-reajustes-medios-de-082-a-355\/#breadcrumb"},"inLanguage":"pt-BR","potentialAction":[{"@type":"ReadAction","target":["https:\/\/agenciainfra.com\/blog\/antt-atualiza-piso-minimo-de-frete-rodoviario-com-reajustes-medios-de-082-a-355\/"]}]},{"@type":"ImageObject","inLanguage":"pt-BR","@id":"https:\/\/agenciainfra.com\/blog\/antt-atualiza-piso-minimo-de-frete-rodoviario-com-reajustes-medios-de-082-a-355\/#primaryimage","url":"https:\/\/agenciainfra.com\/blog\/wp-content\/uploads\/2020\/03\/caminhao-carga-foto-detran-rs.jpeg","contentUrl":"https:\/\/agenciainfra.com\/blog\/wp-content\/uploads\/2020\/03\/caminhao-carga-foto-detran-rs.jpeg","width":768,"height":432,"caption":"Foto: Divulga\u00e7\u00e3o\/Detran RS"},{"@type":"BreadcrumbList","@id":"https:\/\/agenciainfra.com\/blog\/antt-atualiza-piso-minimo-de-frete-rodoviario-com-reajustes-medios-de-082-a-355\/#breadcrumb","itemListElement":[{"@type":"ListItem","position":1,"name":"In\u00edcio","item":"https:\/\/agenciainfra.com\/blog\/"},{"@type":"ListItem","position":2,"name":"ANTT atualiza piso m\u00ednimo de frete rodovi\u00e1rio com reajustes m\u00e9dios de 0,82% a 3,55%"}]},{"@type":"WebSite","@id":"https:\/\/agenciainfra.com\/blog\/#website","url":"https:\/\/agenciainfra.com\/blog\/","name":"Ag\u00eancia iNFRA","description":"Multiplataforma de informa\u00e7\u00e3o jornal\u00edstica refer\u00eancia na \u00e1rea de infraestrutura no Brasil!","publisher":{"@id":"https:\/\/agenciainfra.com\/blog\/#organization"},"potentialAction":[{"@type":"SearchAction","target":{"@type":"EntryPoint","urlTemplate":"https:\/\/agenciainfra.com\/blog\/?s={search_term_string}"},"query-input":{"@type":"PropertyValueSpecification","valueRequired":true,"valueName":"search_term_string"}}],"inLanguage":"pt-BR"},{"@type":"Organization","@id":"https:\/\/agenciainfra.com\/blog\/#organization","name":"Ag\u00eancia iNFRA","url":"https:\/\/agenciainfra.com\/blog\/","logo":{"@type":"ImageObject","inLanguage":"pt-BR","@id":"https:\/\/agenciainfra.com\/blog\/#\/schema\/logo\/image\/","url":"https:\/\/agenciainfra.com\/blog\/wp-content\/uploads\/2023\/09\/iNFRA_5-e1761735885940.png","contentUrl":"https:\/\/agenciainfra.com\/blog\/wp-content\/uploads\/2023\/09\/iNFRA_5-e1761735885940.png","width":1672,"height":454,"caption":"Ag\u00eancia iNFRA"},"image":{"@id":"https:\/\/agenciainfra.com\/blog\/#\/schema\/logo\/image\/"},"sameAs":["https:\/\/www.facebook.com\/ageninfra","https:\/\/x.com\/agencia_infra","https:\/\/www.linkedin.com\/company\/ag\u00eanciainfra\/","https:\/\/www.instagram.com\/agenciainfra\/"]},{"@type":"Person","@id":"https:\/\/agenciainfra.com\/blog\/#\/schema\/person\/34af08dff6adea4cb22b06612ba7acfa","name":"Ag\u00eancia iNFRA","image":{"@type":"ImageObject","inLanguage":"pt-BR","@id":"https:\/\/agenciainfra.com\/blog\/#\/schema\/person\/image\/","url":"https:\/\/secure.gravatar.com\/avatar\/d189e01678f06d8eb84d4e01f08eb848b3fffe3f8443818d3c356c66892f5be8?s=96&d=mm&r=g","contentUrl":"https:\/\/secure.gravatar.com\/avatar\/d189e01678f06d8eb84d4e01f08eb848b3fffe3f8443818d3c356c66892f5be8?s=96&d=mm&r=g","caption":"Ag\u00eancia iNFRA"},"url":"https:\/\/agenciainfra.com\/blog\/author\/admin\/"}]}},"_links":{"self":[{"href":"https:\/\/agenciainfra.com\/blog\/wp-json\/wp\/v2\/posts\/24942","targetHints":{"allow":["GET"]}}],"collection":[{"href":"https:\/\/agenciainfra.com\/blog\/wp-json\/wp\/v2\/posts"}],"about":[{"href":"https:\/\/agenciainfra.com\/blog\/wp-json\/wp\/v2\/types\/post"}],"author":[{"embeddable":true,"href":"https:\/\/agenciainfra.com\/blog\/wp-json\/wp\/v2\/users\/1"}],"replies":[{"embeddable":true,"href":"https:\/\/agenciainfra.com\/blog\/wp-json\/wp\/v2\/comments?post=24942"}],"version-history":[{"count":1,"href":"https:\/\/agenciainfra.com\/blog\/wp-json\/wp\/v2\/posts\/24942\/revisions"}],"predecessor-version":[{"id":24943,"href":"https:\/\/agenciainfra.com\/blog\/wp-json\/wp\/v2\/posts\/24942\/revisions\/24943"}],"wp:featuredmedia":[{"embeddable":true,"href":"https:\/\/agenciainfra.com\/blog\/wp-json\/wp\/v2\/media\/4637"}],"wp:attachment":[{"href":"https:\/\/agenciainfra.com\/blog\/wp-json\/wp\/v2\/media?parent=24942"}],"wp:term":[{"taxonomy":"category","embeddable":true,"href":"https:\/\/agenciainfra.com\/blog\/wp-json\/wp\/v2\/categories?post=24942"},{"taxonomy":"post_tag","embeddable":true,"href":"https:\/\/agenciainfra.com\/blog\/wp-json\/wp\/v2\/tags?post=24942"}],"curies":[{"name":"wp","href":"https:\/\/api.w.org\/{rel}","templated":true}]}}