{"id":25021,"date":"2025-07-18T15:30:00","date_gmt":"2025-07-18T18:30:00","guid":{"rendered":"https:\/\/agenciainfra.com\/blog\/?p=25021"},"modified":"2025-07-21T10:45:35","modified_gmt":"2025-07-21T13:45:35","slug":"opiniao-o-custo-da-falha-dos-projetos-de-infraestrutura","status":"publish","type":"post","link":"https:\/\/agenciainfra.com\/blog\/opiniao-o-custo-da-falha-dos-projetos-de-infraestrutura\/","title":{"rendered":"Opini\u00e3o \u2013 O custo da falha dos projetos de infraestrutura"},"content":{"rendered":"\n<p class=\"has-text-align-right\"><strong>Guilherme Naves*<\/strong><\/p>\n\n\n\n<p>Segundo dados atualizados da Radar PPP do m\u00eas de junho de 2025, a taxa m\u00e9dia de convers\u00e3o de editais de PPPs e concess\u00f5es em contrato \u00e9 de 67,6%, considerando os anos compreendidos entre 2016 e 2023. Isso significa dizer que a cada 10 leil\u00f5es que acontecem, quase sete viram, de fato, contratos. Ou seja, os desafios impostos nesta reta final do ciclo do projeto \u2013 que podem incluir judicializa\u00e7\u00e3o da concorr\u00eancia, atua\u00e7\u00e3o de \u00f3rg\u00e3o de controle, constitui\u00e7\u00e3o da SPE, eventual processo eleitoral, etc. \u2013 n\u00e3o chegam a impedir que um percentual expressivo alcance o perseguido marco da assinatura.<\/p>\n\n\n\n<p>H\u00e1 raz\u00f5es para celebrar esse n\u00famero. \u00c9 dif\u00edcil questionar o grau de efici\u00eancia, nessa perspectiva, que a estat\u00edstica revela. Entretanto, o que acontece quando \u201calargamos\u201d o espectro para verificar n\u00e3o apenas a partir da licita\u00e7\u00e3o, mas olhando para o come\u00e7o, para a origina\u00e7\u00e3o do projeto?<\/p>\n\n\n\n<p>Tomando novamente por refer\u00eancia os dados da Radar PPP, tamb\u00e9m compreendidos no per\u00edodo de 2016 a 2023, temos que entre o momento em que se torna oficial o desejo governamental por um projeto de PPP (Parceria P\u00fablico-Privada) ou concess\u00e3o e a divulga\u00e7\u00e3o da consulta p\u00fablica, praticamente tr\u00eas quartos dos projetos ficam pelo caminho.<\/p>\n\n\n\n<p>A consulta p\u00fablica representa um primeiro marco hist\u00f3rico em que o projeto re\u00fane, inclusive no aspecto formal, um n\u00edvel de detalhamento de estudo e pesquisa que o confere uma robustez para aproxim\u00e1-lo, de fato, da licita\u00e7\u00e3o. E, em m\u00e9dia, apenas 24,2% dos projetos alcan\u00e7am esta etapa, depois de oficialmente priorizados. O que poderia explicar esse n\u00famero t\u00e3o modesto?<\/p>\n\n\n\n<p>O Infrascopio \u00e9 um relat\u00f3rio desenvolvido pela Economist Impact, unidade de an\u00e1lise do grupo The Economist, e comissionada pelo BID (Banco Interamericano de Desenvolvimento). S\u00e3o avaliados e comparados, em mais de 100 indicadores, pa\u00edses da Am\u00e9rica Latina e Caribe quanto ao ambiente para investimento privado em infraestrutura. Nas \u00faltimas edi\u00e7\u00f5es, o Brasil tem se posicionado na lideran\u00e7a, mas isso n\u00e3o significa que n\u00e3o h\u00e1 pontos de melhoria. Por exemplo, quanto ao item \u201cprinc\u00edpios econ\u00f4micos para sele\u00e7\u00e3o de projetos\u201d, a nota do Brasil \u00e9 igual a zero.<\/p>\n\n\n\n<p>A maneira como se faz, no Brasil, os primeiros esfor\u00e7os para prioriza\u00e7\u00e3o de projetos de infraestrutura precisa melhorar. A rigor \u2013 apesar da pr\u00e1tica p\u00fablica variar muito entre Estados, Munic\u00edpios e Uni\u00e3o \u2013 \u00e9 como se essa etapa n\u00e3o tivesse muita import\u00e2ncia ou como se ela fosse inconveniente demais diante da pressa pol\u00edtica que se imp\u00f5e para as tomadas de decis\u00e3o iniciais.<\/p>\n\n\n\n<p>A aus\u00eancia de um esfor\u00e7o m\u00ednimo para avaliar as condi\u00e7\u00f5es fundamentais para que um projeto de infraestrutura possa prosperar, certamente, \u00e9 a principal raz\u00e3o que leva a uma alta mortalidade das \u201cideias\u201d gestadas nos gabinetes dos poderes concedentes em todo territ\u00f3rio nacional.<\/p>\n\n\n\n<p>Al\u00e9m disso, os chefes dos poderes executivos precisam entender a responsabilidade associada a divulgar uma carteira de projetos e serem cobrados pelo que anunciam.<\/p>\n\n\n\n<p>Al\u00e9m da frustra\u00e7\u00e3o que as falhas geram, elas tamb\u00e9m maculam a reputa\u00e7\u00e3o dos programas de desestatiza\u00e7\u00e3o e afugentam investidores mais qualificados, que fazem dilig\u00eancias mais cuidadosas a respeito das oportunidades.<\/p>\n\n\n\n<p>Se o Brasil decidir cuidar desse aspecto, certamente haver\u00e1 repercuss\u00e3o no term\u00f4metro da confiabilidade do mercado de infraestrutura nacional.<\/p>\n\n\n\n<p><strong>* Guilherme Naves<\/strong> \u00e9 s\u00f3cio-fundador da Radar PPP, graduado em Administra\u00e7\u00e3o P\u00fablica pela Funda\u00e7\u00e3o Jo\u00e3o Pinheiro e em Direito pela Universidade Federal de Minas Gerais, e professor do APMG Public-Private Partnerships Certification Program.<\/p>\n\n\n\n<p class=\"has-luminous-vivid-orange-color has-text-color has-link-color wp-elements-fd3f544adf696c46a4d36363cd72c59e\">As opini\u00f5es dos autores n\u00e3o refletem necessariamente o pensamento da<strong> Ag\u00eancia iNFRA<\/strong>, sendo de total responsabilidade do autor as informa\u00e7\u00f5es, ju\u00edzos de valor e conceitos descritos no texto.<\/p>\n","protected":false},"excerpt":{"rendered":"<p>Guilherme Naves* Segundo dados atualizados da Radar PPP do m\u00eas de junho de 2025, a taxa m\u00e9dia de convers\u00e3o de editais de PPPs e concess\u00f5es em contrato \u00e9 de 67,6%, considerando os anos compreendidos entre 2016 e 2023. Isso significa dizer que a cada 10 leil\u00f5es que acontecem, quase sete viram, de fato, contratos. Ou [&hellip;]<\/p>\n","protected":false},"author":1,"featured_media":25077,"comment_status":"closed","ping_status":"closed","sticky":false,"template":"","format":"standard","meta":{"_monsterinsights_skip_tracking":false,"_monsterinsights_sitenote_active":false,"_monsterinsights_sitenote_note":"","_monsterinsights_sitenote_category":0,"footnotes":""},"categories":[1,7],"tags":[14466,14465,34,10317,5126,2832],"class_list":["post-25021","post","type-post","status-publish","format-standard","has-post-thumbnail","hentry","category-geral","category-infratransporte","tag-concessoes-em-contrato","tag-guilherme-naves","tag-infraestrutura","tag-opiniao","tag-projetos-de-infraestrutura","tag-radar-ppp"],"yoast_head":"<!-- This site is optimized with the Yoast SEO Premium plugin v25.4 (Yoast SEO v26.0) - https:\/\/yoast.com\/wordpress\/plugins\/seo\/ -->\n<title>Opini\u00e3o \u2013 O custo da falha dos projetos de infraestrutura - Ag\u00eancia iNFRA<\/title>\n<meta name=\"robots\" content=\"index, follow, max-snippet:-1, max-image-preview:large, max-video-preview:-1\" \/>\n<link rel=\"canonical\" href=\"https:\/\/agenciainfra.com\/blog\/opiniao-o-custo-da-falha-dos-projetos-de-infraestrutura\/\" \/>\n<meta property=\"og:locale\" content=\"pt_BR\" \/>\n<meta property=\"og:type\" content=\"article\" \/>\n<meta property=\"og:title\" content=\"Opini\u00e3o \u2013 O custo da falha dos projetos de infraestrutura\" \/>\n<meta property=\"og:description\" content=\"Guilherme Naves* Segundo dados atualizados da Radar PPP do m\u00eas de junho de 2025, a taxa m\u00e9dia de convers\u00e3o de editais de PPPs e concess\u00f5es em contrato \u00e9 de 67,6%, considerando os anos compreendidos entre 2016 e 2023. Isso significa dizer que a cada 10 leil\u00f5es que acontecem, quase sete viram, de fato, contratos. Ou [&hellip;]\" \/>\n<meta property=\"og:url\" content=\"https:\/\/agenciainfra.com\/blog\/opiniao-o-custo-da-falha-dos-projetos-de-infraestrutura\/\" \/>\n<meta property=\"og:site_name\" content=\"Ag\u00eancia iNFRA\" \/>\n<meta property=\"article:publisher\" content=\"https:\/\/www.facebook.com\/ageninfra\" \/>\n<meta property=\"article:published_time\" content=\"2025-07-18T18:30:00+00:00\" \/>\n<meta property=\"article:modified_time\" content=\"2025-07-21T13:45:35+00:00\" \/>\n<meta property=\"og:image\" content=\"https:\/\/agenciainfra.com\/blog\/wp-content\/uploads\/2025\/07\/guilherme-naves-foto-opiniao.jpg\" \/>\n\t<meta property=\"og:image:width\" content=\"1280\" \/>\n\t<meta property=\"og:image:height\" content=\"768\" \/>\n\t<meta property=\"og:image:type\" content=\"image\/jpeg\" \/>\n<meta name=\"author\" content=\"Ag\u00eancia iNFRA\" \/>\n<meta name=\"twitter:card\" content=\"summary_large_image\" \/>\n<meta name=\"twitter:creator\" content=\"@agencia_infra\" \/>\n<meta name=\"twitter:site\" content=\"@agencia_infra\" \/>\n<meta name=\"twitter:label1\" content=\"Escrito por\" \/>\n\t<meta name=\"twitter:data1\" content=\"Ag\u00eancia iNFRA\" \/>\n\t<meta name=\"twitter:label2\" content=\"Est. tempo de leitura\" \/>\n\t<meta name=\"twitter:data2\" content=\"3 minutos\" \/>\n<script type=\"application\/ld+json\" class=\"yoast-schema-graph\">{\"@context\":\"https:\/\/schema.org\",\"@graph\":[{\"@type\":\"Article\",\"@id\":\"https:\/\/agenciainfra.com\/blog\/opiniao-o-custo-da-falha-dos-projetos-de-infraestrutura\/#article\",\"isPartOf\":{\"@id\":\"https:\/\/agenciainfra.com\/blog\/opiniao-o-custo-da-falha-dos-projetos-de-infraestrutura\/\"},\"author\":{\"name\":\"Ag\u00eancia iNFRA\",\"@id\":\"https:\/\/agenciainfra.com\/blog\/#\/schema\/person\/34af08dff6adea4cb22b06612ba7acfa\"},\"headline\":\"Opini\u00e3o \u2013 O custo da falha dos projetos de infraestrutura\",\"datePublished\":\"2025-07-18T18:30:00+00:00\",\"dateModified\":\"2025-07-21T13:45:35+00:00\",\"mainEntityOfPage\":{\"@id\":\"https:\/\/agenciainfra.com\/blog\/opiniao-o-custo-da-falha-dos-projetos-de-infraestrutura\/\"},\"wordCount\":655,\"publisher\":{\"@id\":\"https:\/\/agenciainfra.com\/blog\/#organization\"},\"image\":{\"@id\":\"https:\/\/agenciainfra.com\/blog\/opiniao-o-custo-da-falha-dos-projetos-de-infraestrutura\/#primaryimage\"},\"thumbnailUrl\":\"https:\/\/agenciainfra.com\/blog\/wp-content\/uploads\/2025\/07\/guilherme-naves-foto-opiniao.jpg\",\"keywords\":[\"concess\u00f5es em contrato\",\"guilherme naves\",\"Infraestrutura\",\"opini\u00e3o\",\"projetos de infraestrutura\",\"Radar PPP\"],\"articleSection\":[\"Geral\",\"iNFRATransporte\"],\"inLanguage\":\"pt-BR\",\"copyrightYear\":\"2025\",\"copyrightHolder\":{\"@id\":\"https:\/\/agenciainfra.com\/blog\/#organization\"}},{\"@type\":\"WebPage\",\"@id\":\"https:\/\/agenciainfra.com\/blog\/opiniao-o-custo-da-falha-dos-projetos-de-infraestrutura\/\",\"url\":\"https:\/\/agenciainfra.com\/blog\/opiniao-o-custo-da-falha-dos-projetos-de-infraestrutura\/\",\"name\":\"Opini\u00e3o \u2013 O custo da falha dos projetos de infraestrutura - Ag\u00eancia iNFRA\",\"isPartOf\":{\"@id\":\"https:\/\/agenciainfra.com\/blog\/#website\"},\"primaryImageOfPage\":{\"@id\":\"https:\/\/agenciainfra.com\/blog\/opiniao-o-custo-da-falha-dos-projetos-de-infraestrutura\/#primaryimage\"},\"image\":{\"@id\":\"https:\/\/agenciainfra.com\/blog\/opiniao-o-custo-da-falha-dos-projetos-de-infraestrutura\/#primaryimage\"},\"thumbnailUrl\":\"https:\/\/agenciainfra.com\/blog\/wp-content\/uploads\/2025\/07\/guilherme-naves-foto-opiniao.jpg\",\"datePublished\":\"2025-07-18T18:30:00+00:00\",\"dateModified\":\"2025-07-21T13:45:35+00:00\",\"breadcrumb\":{\"@id\":\"https:\/\/agenciainfra.com\/blog\/opiniao-o-custo-da-falha-dos-projetos-de-infraestrutura\/#breadcrumb\"},\"inLanguage\":\"pt-BR\",\"potentialAction\":[{\"@type\":\"ReadAction\",\"target\":[\"https:\/\/agenciainfra.com\/blog\/opiniao-o-custo-da-falha-dos-projetos-de-infraestrutura\/\"]}]},{\"@type\":\"ImageObject\",\"inLanguage\":\"pt-BR\",\"@id\":\"https:\/\/agenciainfra.com\/blog\/opiniao-o-custo-da-falha-dos-projetos-de-infraestrutura\/#primaryimage\",\"url\":\"https:\/\/agenciainfra.com\/blog\/wp-content\/uploads\/2025\/07\/guilherme-naves-foto-opiniao.jpg\",\"contentUrl\":\"https:\/\/agenciainfra.com\/blog\/wp-content\/uploads\/2025\/07\/guilherme-naves-foto-opiniao.jpg\",\"width\":1280,\"height\":768,\"caption\":\"Foto: Divulga\u00e7\u00e3o\/Guilherme Naves\"},{\"@type\":\"BreadcrumbList\",\"@id\":\"https:\/\/agenciainfra.com\/blog\/opiniao-o-custo-da-falha-dos-projetos-de-infraestrutura\/#breadcrumb\",\"itemListElement\":[{\"@type\":\"ListItem\",\"position\":1,\"name\":\"In\u00edcio\",\"item\":\"https:\/\/agenciainfra.com\/blog\/\"},{\"@type\":\"ListItem\",\"position\":2,\"name\":\"Opini\u00e3o \u2013 O custo da falha dos projetos de infraestrutura\"}]},{\"@type\":\"WebSite\",\"@id\":\"https:\/\/agenciainfra.com\/blog\/#website\",\"url\":\"https:\/\/agenciainfra.com\/blog\/\",\"name\":\"Ag\u00eancia iNFRA\",\"description\":\"Multiplataforma de informa\u00e7\u00e3o jornal\u00edstica refer\u00eancia na \u00e1rea de infraestrutura no Brasil!\",\"publisher\":{\"@id\":\"https:\/\/agenciainfra.com\/blog\/#organization\"},\"potentialAction\":[{\"@type\":\"SearchAction\",\"target\":{\"@type\":\"EntryPoint\",\"urlTemplate\":\"https:\/\/agenciainfra.com\/blog\/?s={search_term_string}\"},\"query-input\":{\"@type\":\"PropertyValueSpecification\",\"valueRequired\":true,\"valueName\":\"search_term_string\"}}],\"inLanguage\":\"pt-BR\"},{\"@type\":\"Organization\",\"@id\":\"https:\/\/agenciainfra.com\/blog\/#organization\",\"name\":\"Ag\u00eancia iNFRA\",\"url\":\"https:\/\/agenciainfra.com\/blog\/\",\"logo\":{\"@type\":\"ImageObject\",\"inLanguage\":\"pt-BR\",\"@id\":\"https:\/\/agenciainfra.com\/blog\/#\/schema\/logo\/image\/\",\"url\":\"https:\/\/agenciainfra.com\/blog\/wp-content\/uploads\/2023\/09\/iNFRA_5-e1761735885940.png\",\"contentUrl\":\"https:\/\/agenciainfra.com\/blog\/wp-content\/uploads\/2023\/09\/iNFRA_5-e1761735885940.png\",\"width\":1672,\"height\":454,\"caption\":\"Ag\u00eancia iNFRA\"},\"image\":{\"@id\":\"https:\/\/agenciainfra.com\/blog\/#\/schema\/logo\/image\/\"},\"sameAs\":[\"https:\/\/www.facebook.com\/ageninfra\",\"https:\/\/x.com\/agencia_infra\",\"https:\/\/www.linkedin.com\/company\/ag\u00eanciainfra\/\",\"https:\/\/www.instagram.com\/agenciainfra\/\"]},{\"@type\":\"Person\",\"@id\":\"https:\/\/agenciainfra.com\/blog\/#\/schema\/person\/34af08dff6adea4cb22b06612ba7acfa\",\"name\":\"Ag\u00eancia iNFRA\",\"image\":{\"@type\":\"ImageObject\",\"inLanguage\":\"pt-BR\",\"@id\":\"https:\/\/agenciainfra.com\/blog\/#\/schema\/person\/image\/\",\"url\":\"https:\/\/secure.gravatar.com\/avatar\/d189e01678f06d8eb84d4e01f08eb848b3fffe3f8443818d3c356c66892f5be8?s=96&d=mm&r=g\",\"contentUrl\":\"https:\/\/secure.gravatar.com\/avatar\/d189e01678f06d8eb84d4e01f08eb848b3fffe3f8443818d3c356c66892f5be8?s=96&d=mm&r=g\",\"caption\":\"Ag\u00eancia iNFRA\"},\"url\":\"https:\/\/agenciainfra.com\/blog\/author\/admin\/\"}]}<\/script>\n<!-- \/ Yoast SEO Premium plugin. -->","yoast_head_json":{"title":"Opini\u00e3o \u2013 O custo da falha dos projetos de infraestrutura - Ag\u00eancia iNFRA","robots":{"index":"index","follow":"follow","max-snippet":"max-snippet:-1","max-image-preview":"max-image-preview:large","max-video-preview":"max-video-preview:-1"},"canonical":"https:\/\/agenciainfra.com\/blog\/opiniao-o-custo-da-falha-dos-projetos-de-infraestrutura\/","og_locale":"pt_BR","og_type":"article","og_title":"Opini\u00e3o \u2013 O custo da falha dos projetos de infraestrutura","og_description":"Guilherme Naves* Segundo dados atualizados da Radar PPP do m\u00eas de junho de 2025, a taxa m\u00e9dia de convers\u00e3o de editais de PPPs e concess\u00f5es em contrato \u00e9 de 67,6%, considerando os anos compreendidos entre 2016 e 2023. Isso significa dizer que a cada 10 leil\u00f5es que acontecem, quase sete viram, de fato, contratos. Ou [&hellip;]","og_url":"https:\/\/agenciainfra.com\/blog\/opiniao-o-custo-da-falha-dos-projetos-de-infraestrutura\/","og_site_name":"Ag\u00eancia iNFRA","article_publisher":"https:\/\/www.facebook.com\/ageninfra","article_published_time":"2025-07-18T18:30:00+00:00","article_modified_time":"2025-07-21T13:45:35+00:00","og_image":[{"width":1280,"height":768,"url":"https:\/\/agenciainfra.com\/blog\/wp-content\/uploads\/2025\/07\/guilherme-naves-foto-opiniao.jpg","type":"image\/jpeg"}],"author":"Ag\u00eancia iNFRA","twitter_card":"summary_large_image","twitter_creator":"@agencia_infra","twitter_site":"@agencia_infra","twitter_misc":{"Escrito por":"Ag\u00eancia iNFRA","Est. tempo de leitura":"3 minutos"},"schema":{"@context":"https:\/\/schema.org","@graph":[{"@type":"Article","@id":"https:\/\/agenciainfra.com\/blog\/opiniao-o-custo-da-falha-dos-projetos-de-infraestrutura\/#article","isPartOf":{"@id":"https:\/\/agenciainfra.com\/blog\/opiniao-o-custo-da-falha-dos-projetos-de-infraestrutura\/"},"author":{"name":"Ag\u00eancia iNFRA","@id":"https:\/\/agenciainfra.com\/blog\/#\/schema\/person\/34af08dff6adea4cb22b06612ba7acfa"},"headline":"Opini\u00e3o \u2013 O custo da falha dos projetos de infraestrutura","datePublished":"2025-07-18T18:30:00+00:00","dateModified":"2025-07-21T13:45:35+00:00","mainEntityOfPage":{"@id":"https:\/\/agenciainfra.com\/blog\/opiniao-o-custo-da-falha-dos-projetos-de-infraestrutura\/"},"wordCount":655,"publisher":{"@id":"https:\/\/agenciainfra.com\/blog\/#organization"},"image":{"@id":"https:\/\/agenciainfra.com\/blog\/opiniao-o-custo-da-falha-dos-projetos-de-infraestrutura\/#primaryimage"},"thumbnailUrl":"https:\/\/agenciainfra.com\/blog\/wp-content\/uploads\/2025\/07\/guilherme-naves-foto-opiniao.jpg","keywords":["concess\u00f5es em contrato","guilherme naves","Infraestrutura","opini\u00e3o","projetos de infraestrutura","Radar PPP"],"articleSection":["Geral","iNFRATransporte"],"inLanguage":"pt-BR","copyrightYear":"2025","copyrightHolder":{"@id":"https:\/\/agenciainfra.com\/blog\/#organization"}},{"@type":"WebPage","@id":"https:\/\/agenciainfra.com\/blog\/opiniao-o-custo-da-falha-dos-projetos-de-infraestrutura\/","url":"https:\/\/agenciainfra.com\/blog\/opiniao-o-custo-da-falha-dos-projetos-de-infraestrutura\/","name":"Opini\u00e3o \u2013 O custo da falha dos projetos de infraestrutura - Ag\u00eancia iNFRA","isPartOf":{"@id":"https:\/\/agenciainfra.com\/blog\/#website"},"primaryImageOfPage":{"@id":"https:\/\/agenciainfra.com\/blog\/opiniao-o-custo-da-falha-dos-projetos-de-infraestrutura\/#primaryimage"},"image":{"@id":"https:\/\/agenciainfra.com\/blog\/opiniao-o-custo-da-falha-dos-projetos-de-infraestrutura\/#primaryimage"},"thumbnailUrl":"https:\/\/agenciainfra.com\/blog\/wp-content\/uploads\/2025\/07\/guilherme-naves-foto-opiniao.jpg","datePublished":"2025-07-18T18:30:00+00:00","dateModified":"2025-07-21T13:45:35+00:00","breadcrumb":{"@id":"https:\/\/agenciainfra.com\/blog\/opiniao-o-custo-da-falha-dos-projetos-de-infraestrutura\/#breadcrumb"},"inLanguage":"pt-BR","potentialAction":[{"@type":"ReadAction","target":["https:\/\/agenciainfra.com\/blog\/opiniao-o-custo-da-falha-dos-projetos-de-infraestrutura\/"]}]},{"@type":"ImageObject","inLanguage":"pt-BR","@id":"https:\/\/agenciainfra.com\/blog\/opiniao-o-custo-da-falha-dos-projetos-de-infraestrutura\/#primaryimage","url":"https:\/\/agenciainfra.com\/blog\/wp-content\/uploads\/2025\/07\/guilherme-naves-foto-opiniao.jpg","contentUrl":"https:\/\/agenciainfra.com\/blog\/wp-content\/uploads\/2025\/07\/guilherme-naves-foto-opiniao.jpg","width":1280,"height":768,"caption":"Foto: Divulga\u00e7\u00e3o\/Guilherme Naves"},{"@type":"BreadcrumbList","@id":"https:\/\/agenciainfra.com\/blog\/opiniao-o-custo-da-falha-dos-projetos-de-infraestrutura\/#breadcrumb","itemListElement":[{"@type":"ListItem","position":1,"name":"In\u00edcio","item":"https:\/\/agenciainfra.com\/blog\/"},{"@type":"ListItem","position":2,"name":"Opini\u00e3o \u2013 O custo da falha dos projetos de infraestrutura"}]},{"@type":"WebSite","@id":"https:\/\/agenciainfra.com\/blog\/#website","url":"https:\/\/agenciainfra.com\/blog\/","name":"Ag\u00eancia iNFRA","description":"Multiplataforma de informa\u00e7\u00e3o jornal\u00edstica refer\u00eancia na \u00e1rea de infraestrutura no Brasil!","publisher":{"@id":"https:\/\/agenciainfra.com\/blog\/#organization"},"potentialAction":[{"@type":"SearchAction","target":{"@type":"EntryPoint","urlTemplate":"https:\/\/agenciainfra.com\/blog\/?s={search_term_string}"},"query-input":{"@type":"PropertyValueSpecification","valueRequired":true,"valueName":"search_term_string"}}],"inLanguage":"pt-BR"},{"@type":"Organization","@id":"https:\/\/agenciainfra.com\/blog\/#organization","name":"Ag\u00eancia iNFRA","url":"https:\/\/agenciainfra.com\/blog\/","logo":{"@type":"ImageObject","inLanguage":"pt-BR","@id":"https:\/\/agenciainfra.com\/blog\/#\/schema\/logo\/image\/","url":"https:\/\/agenciainfra.com\/blog\/wp-content\/uploads\/2023\/09\/iNFRA_5-e1761735885940.png","contentUrl":"https:\/\/agenciainfra.com\/blog\/wp-content\/uploads\/2023\/09\/iNFRA_5-e1761735885940.png","width":1672,"height":454,"caption":"Ag\u00eancia iNFRA"},"image":{"@id":"https:\/\/agenciainfra.com\/blog\/#\/schema\/logo\/image\/"},"sameAs":["https:\/\/www.facebook.com\/ageninfra","https:\/\/x.com\/agencia_infra","https:\/\/www.linkedin.com\/company\/ag\u00eanciainfra\/","https:\/\/www.instagram.com\/agenciainfra\/"]},{"@type":"Person","@id":"https:\/\/agenciainfra.com\/blog\/#\/schema\/person\/34af08dff6adea4cb22b06612ba7acfa","name":"Ag\u00eancia iNFRA","image":{"@type":"ImageObject","inLanguage":"pt-BR","@id":"https:\/\/agenciainfra.com\/blog\/#\/schema\/person\/image\/","url":"https:\/\/secure.gravatar.com\/avatar\/d189e01678f06d8eb84d4e01f08eb848b3fffe3f8443818d3c356c66892f5be8?s=96&d=mm&r=g","contentUrl":"https:\/\/secure.gravatar.com\/avatar\/d189e01678f06d8eb84d4e01f08eb848b3fffe3f8443818d3c356c66892f5be8?s=96&d=mm&r=g","caption":"Ag\u00eancia iNFRA"},"url":"https:\/\/agenciainfra.com\/blog\/author\/admin\/"}]}},"_links":{"self":[{"href":"https:\/\/agenciainfra.com\/blog\/wp-json\/wp\/v2\/posts\/25021","targetHints":{"allow":["GET"]}}],"collection":[{"href":"https:\/\/agenciainfra.com\/blog\/wp-json\/wp\/v2\/posts"}],"about":[{"href":"https:\/\/agenciainfra.com\/blog\/wp-json\/wp\/v2\/types\/post"}],"author":[{"embeddable":true,"href":"https:\/\/agenciainfra.com\/blog\/wp-json\/wp\/v2\/users\/1"}],"replies":[{"embeddable":true,"href":"https:\/\/agenciainfra.com\/blog\/wp-json\/wp\/v2\/comments?post=25021"}],"version-history":[{"count":2,"href":"https:\/\/agenciainfra.com\/blog\/wp-json\/wp\/v2\/posts\/25021\/revisions"}],"predecessor-version":[{"id":25029,"href":"https:\/\/agenciainfra.com\/blog\/wp-json\/wp\/v2\/posts\/25021\/revisions\/25029"}],"wp:featuredmedia":[{"embeddable":true,"href":"https:\/\/agenciainfra.com\/blog\/wp-json\/wp\/v2\/media\/25077"}],"wp:attachment":[{"href":"https:\/\/agenciainfra.com\/blog\/wp-json\/wp\/v2\/media?parent=25021"}],"wp:term":[{"taxonomy":"category","embeddable":true,"href":"https:\/\/agenciainfra.com\/blog\/wp-json\/wp\/v2\/categories?post=25021"},{"taxonomy":"post_tag","embeddable":true,"href":"https:\/\/agenciainfra.com\/blog\/wp-json\/wp\/v2\/tags?post=25021"}],"curies":[{"name":"wp","href":"https:\/\/api.w.org\/{rel}","templated":true}]}}