{"id":25025,"date":"2025-07-18T14:22:58","date_gmt":"2025-07-18T17:22:58","guid":{"rendered":"https:\/\/agenciainfra.com\/blog\/?p=25025"},"modified":"2025-07-21T11:03:28","modified_gmt":"2025-07-21T14:03:28","slug":"anatel-aprova-edital-da-faixa-de-700-mhz-com-previsao-de-maior-cobertura-de-internet-em-rodovias","status":"publish","type":"post","link":"https:\/\/agenciainfra.com\/blog\/anatel-aprova-edital-da-faixa-de-700-mhz-com-previsao-de-maior-cobertura-de-internet-em-rodovias\/","title":{"rendered":"ANATEL aprova edital da faixa de 700 MHz com previs\u00e3o de maior cobertura de internet em rodovias"},"content":{"rendered":"\n<p class=\"has-text-align-right\"><strong>da Ag\u00eancia iNFRA<\/strong> <\/p>\n\n\n\n<p>O conselho diretor da ANATEL (Ag\u00eancia Nacional de Telecomunica\u00e7\u00f5es) aprovou na quarta-feira (16) o edital de licita\u00e7\u00e3o para autorizar o uso de radiofrequ\u00eancias nas faixas de 708 MHz (megahertz) a 718 MHz e de 763 MHz a 773 MHz. Os recursos provenientes do edital dever\u00e3o beneficiar a conectividade em rodovias federais. No primeiro ano, est\u00e1 previsto que os recursos provenientes do edital atendam todos os trechos n\u00e3o cobertos com 4G da BR-101.<\/p>\n\n\n\n<p>Segundo a ag\u00eancia, se houver recursos, tamb\u00e9m dever\u00e3o ser atendidos com 4G os trechos n\u00e3o cobertos das rodovias BR-116, BR-163, BR-364, BR-242 e BR-135, seguindo essa ordem de prioridade. Na sequ\u00eancia, poder\u00e3o ser inclu\u00eddas outras localidades, observando-se a ordem decrescente de popula\u00e7\u00e3o.<\/p>\n\n\n\n<p>Ainda segundo a ag\u00eancia, os recursos do edital dever\u00e3o dever\u00e3o atender com 4G, em at\u00e9 cinco anos, localidades desassistidas que n\u00e3o sejam sede de munic\u00edpios e que tenham acima de 600 habitantes.<\/p>\n\n\n\n<p>Na avalia\u00e7\u00e3o do IRIS (Instituto de Regula\u00e7\u00e3o e Inova\u00e7\u00e3o em Sustentabilidade), a decis\u00e3o da ag\u00eancia representa um \u201cavan\u00e7o significativo\u201d para o setor. A entidade elogiou a atua\u00e7\u00e3o do \u00f3rg\u00e3o tanto pela ado\u00e7\u00e3o do enfoque n\u00e3o arrecadat\u00f3rio, \u201cdestinando os valores obtidos acima do pre\u00e7o m\u00ednimo \u00e0 expans\u00e3o da infraestrutura e \u00e0 amplia\u00e7\u00e3o da cobertura de servi\u00e7os\u201d, como pela prioriza\u00e7\u00e3o da cobertura nas rodovias.<\/p>\n\n\n\n<p>Relatora do tema na ANATEL, a conselheira substituta Cristiana Camarate, informou que o esfor\u00e7o ser\u00e1 pela publica\u00e7\u00e3o do edital definitivo do 700 MHz e a realiza\u00e7\u00e3o do leil\u00e3o ainda em 2025. Os pr\u00f3ximos passos, segundo a ag\u00eancia, dever\u00e3o ser a finaliza\u00e7\u00e3o dos estudos de viabilidade e defini\u00e7\u00e3o dos pre\u00e7os m\u00ednimos, e o posterior envio ao TCU (Tribunal de Contas da Uni\u00e3o).<\/p>\n","protected":false},"excerpt":{"rendered":"<p>da Ag\u00eancia iNFRA O conselho diretor da ANATEL (Ag\u00eancia Nacional de Telecomunica\u00e7\u00f5es) aprovou na quarta-feira (16) o edital de licita\u00e7\u00e3o para autorizar o uso de radiofrequ\u00eancias nas faixas de 708 MHz (megahertz) a 718 MHz e de 763 MHz a 773 MHz. Os recursos provenientes do edital dever\u00e3o beneficiar a conectividade em rodovias federais. No [&hellip;]<\/p>\n","protected":false},"author":1,"featured_media":3989,"comment_status":"closed","ping_status":"closed","sticky":false,"template":"","format":"standard","meta":{"_monsterinsights_skip_tracking":false,"_monsterinsights_sitenote_active":false,"_monsterinsights_sitenote_note":"","_monsterinsights_sitenote_category":0,"footnotes":""},"categories":[1,13576],"tags":[2234,14468,34,13622,18],"class_list":["post-25025","post","type-post","status-publish","format-standard","has-post-thumbnail","hentry","category-geral","category-giro-infra","tag-anatel","tag-conectividade-nas-rodovias","tag-infraestrutura","tag-internet-nas-rodovias","tag-tcu"],"yoast_head":"<!-- This site is optimized with the Yoast SEO Premium plugin v25.4 (Yoast SEO v26.0) - https:\/\/yoast.com\/wordpress\/plugins\/seo\/ -->\n<title>ANATEL aprova edital da faixa de 700 MHz com previs\u00e3o de maior cobertura de internet em rodovias - Ag\u00eancia iNFRA<\/title>\n<meta name=\"robots\" content=\"index, follow, max-snippet:-1, max-image-preview:large, max-video-preview:-1\" \/>\n<link rel=\"canonical\" href=\"https:\/\/agenciainfra.com\/blog\/anatel-aprova-edital-da-faixa-de-700-mhz-com-previsao-de-maior-cobertura-de-internet-em-rodovias\/\" \/>\n<meta property=\"og:locale\" content=\"pt_BR\" \/>\n<meta property=\"og:type\" content=\"article\" \/>\n<meta property=\"og:title\" content=\"ANATEL aprova edital da faixa de 700 MHz com previs\u00e3o de maior cobertura de internet em rodovias\" \/>\n<meta property=\"og:description\" content=\"da Ag\u00eancia iNFRA O conselho diretor da ANATEL (Ag\u00eancia Nacional de Telecomunica\u00e7\u00f5es) aprovou na quarta-feira (16) o edital de licita\u00e7\u00e3o para autorizar o uso de radiofrequ\u00eancias nas faixas de 708 MHz (megahertz) a 718 MHz e de 763 MHz a 773 MHz. Os recursos provenientes do edital dever\u00e3o beneficiar a conectividade em rodovias federais. No [&hellip;]\" \/>\n<meta property=\"og:url\" content=\"https:\/\/agenciainfra.com\/blog\/anatel-aprova-edital-da-faixa-de-700-mhz-com-previsao-de-maior-cobertura-de-internet-em-rodovias\/\" \/>\n<meta property=\"og:site_name\" content=\"Ag\u00eancia iNFRA\" \/>\n<meta property=\"article:publisher\" content=\"https:\/\/www.facebook.com\/ageninfra\" \/>\n<meta property=\"article:published_time\" content=\"2025-07-18T17:22:58+00:00\" \/>\n<meta property=\"article:modified_time\" content=\"2025-07-21T14:03:28+00:00\" \/>\n<meta property=\"og:image\" content=\"https:\/\/agenciainfra.com\/blog\/wp-content\/uploads\/2019\/11\/br-101-sc-ppi.jpeg\" \/>\n\t<meta property=\"og:image:width\" content=\"1280\" \/>\n\t<meta property=\"og:image:height\" content=\"853\" \/>\n\t<meta property=\"og:image:type\" content=\"image\/jpeg\" \/>\n<meta name=\"author\" content=\"Ag\u00eancia iNFRA\" \/>\n<meta name=\"twitter:card\" content=\"summary_large_image\" \/>\n<meta name=\"twitter:creator\" content=\"@agencia_infra\" \/>\n<meta name=\"twitter:site\" content=\"@agencia_infra\" \/>\n<meta name=\"twitter:label1\" content=\"Escrito por\" \/>\n\t<meta name=\"twitter:data1\" content=\"Ag\u00eancia iNFRA\" \/>\n\t<meta name=\"twitter:label2\" content=\"Est. tempo de leitura\" \/>\n\t<meta name=\"twitter:data2\" content=\"2 minutos\" \/>\n<script type=\"application\/ld+json\" class=\"yoast-schema-graph\">{\"@context\":\"https:\/\/schema.org\",\"@graph\":[{\"@type\":\"Article\",\"@id\":\"https:\/\/agenciainfra.com\/blog\/anatel-aprova-edital-da-faixa-de-700-mhz-com-previsao-de-maior-cobertura-de-internet-em-rodovias\/#article\",\"isPartOf\":{\"@id\":\"https:\/\/agenciainfra.com\/blog\/anatel-aprova-edital-da-faixa-de-700-mhz-com-previsao-de-maior-cobertura-de-internet-em-rodovias\/\"},\"author\":{\"name\":\"Ag\u00eancia iNFRA\",\"@id\":\"https:\/\/agenciainfra.com\/blog\/#\/schema\/person\/34af08dff6adea4cb22b06612ba7acfa\"},\"headline\":\"ANATEL aprova edital da faixa de 700 MHz com previs\u00e3o de maior cobertura de internet em rodovias\",\"datePublished\":\"2025-07-18T17:22:58+00:00\",\"dateModified\":\"2025-07-21T14:03:28+00:00\",\"mainEntityOfPage\":{\"@id\":\"https:\/\/agenciainfra.com\/blog\/anatel-aprova-edital-da-faixa-de-700-mhz-com-previsao-de-maior-cobertura-de-internet-em-rodovias\/\"},\"wordCount\":328,\"publisher\":{\"@id\":\"https:\/\/agenciainfra.com\/blog\/#organization\"},\"image\":{\"@id\":\"https:\/\/agenciainfra.com\/blog\/anatel-aprova-edital-da-faixa-de-700-mhz-com-previsao-de-maior-cobertura-de-internet-em-rodovias\/#primaryimage\"},\"thumbnailUrl\":\"https:\/\/agenciainfra.com\/blog\/wp-content\/uploads\/2019\/11\/br-101-sc-ppi.jpeg\",\"keywords\":[\"Anatel\",\"conectividade nas rodovias\",\"Infraestrutura\",\"internet nas rodovias\",\"TCU\"],\"articleSection\":[\"Geral\",\"Giro iNFRA\"],\"inLanguage\":\"pt-BR\",\"copyrightYear\":\"2025\",\"copyrightHolder\":{\"@id\":\"https:\/\/agenciainfra.com\/blog\/#organization\"}},{\"@type\":\"WebPage\",\"@id\":\"https:\/\/agenciainfra.com\/blog\/anatel-aprova-edital-da-faixa-de-700-mhz-com-previsao-de-maior-cobertura-de-internet-em-rodovias\/\",\"url\":\"https:\/\/agenciainfra.com\/blog\/anatel-aprova-edital-da-faixa-de-700-mhz-com-previsao-de-maior-cobertura-de-internet-em-rodovias\/\",\"name\":\"ANATEL aprova edital da faixa de 700 MHz com previs\u00e3o de maior cobertura de internet em rodovias - Ag\u00eancia iNFRA\",\"isPartOf\":{\"@id\":\"https:\/\/agenciainfra.com\/blog\/#website\"},\"primaryImageOfPage\":{\"@id\":\"https:\/\/agenciainfra.com\/blog\/anatel-aprova-edital-da-faixa-de-700-mhz-com-previsao-de-maior-cobertura-de-internet-em-rodovias\/#primaryimage\"},\"image\":{\"@id\":\"https:\/\/agenciainfra.com\/blog\/anatel-aprova-edital-da-faixa-de-700-mhz-com-previsao-de-maior-cobertura-de-internet-em-rodovias\/#primaryimage\"},\"thumbnailUrl\":\"https:\/\/agenciainfra.com\/blog\/wp-content\/uploads\/2019\/11\/br-101-sc-ppi.jpeg\",\"datePublished\":\"2025-07-18T17:22:58+00:00\",\"dateModified\":\"2025-07-21T14:03:28+00:00\",\"breadcrumb\":{\"@id\":\"https:\/\/agenciainfra.com\/blog\/anatel-aprova-edital-da-faixa-de-700-mhz-com-previsao-de-maior-cobertura-de-internet-em-rodovias\/#breadcrumb\"},\"inLanguage\":\"pt-BR\",\"potentialAction\":[{\"@type\":\"ReadAction\",\"target\":[\"https:\/\/agenciainfra.com\/blog\/anatel-aprova-edital-da-faixa-de-700-mhz-com-previsao-de-maior-cobertura-de-internet-em-rodovias\/\"]}]},{\"@type\":\"ImageObject\",\"inLanguage\":\"pt-BR\",\"@id\":\"https:\/\/agenciainfra.com\/blog\/anatel-aprova-edital-da-faixa-de-700-mhz-com-previsao-de-maior-cobertura-de-internet-em-rodovias\/#primaryimage\",\"url\":\"https:\/\/agenciainfra.com\/blog\/wp-content\/uploads\/2019\/11\/br-101-sc-ppi.jpeg\",\"contentUrl\":\"https:\/\/agenciainfra.com\/blog\/wp-content\/uploads\/2019\/11\/br-101-sc-ppi.jpeg\",\"width\":1280,\"height\":853,\"caption\":\"Foto: PPI\"},{\"@type\":\"BreadcrumbList\",\"@id\":\"https:\/\/agenciainfra.com\/blog\/anatel-aprova-edital-da-faixa-de-700-mhz-com-previsao-de-maior-cobertura-de-internet-em-rodovias\/#breadcrumb\",\"itemListElement\":[{\"@type\":\"ListItem\",\"position\":1,\"name\":\"In\u00edcio\",\"item\":\"https:\/\/agenciainfra.com\/blog\/\"},{\"@type\":\"ListItem\",\"position\":2,\"name\":\"ANATEL aprova edital da faixa de 700 MHz com previs\u00e3o de maior cobertura de internet em rodovias\"}]},{\"@type\":\"WebSite\",\"@id\":\"https:\/\/agenciainfra.com\/blog\/#website\",\"url\":\"https:\/\/agenciainfra.com\/blog\/\",\"name\":\"Ag\u00eancia iNFRA\",\"description\":\"Multiplataforma de informa\u00e7\u00e3o jornal\u00edstica refer\u00eancia na \u00e1rea de infraestrutura no Brasil!\",\"publisher\":{\"@id\":\"https:\/\/agenciainfra.com\/blog\/#organization\"},\"potentialAction\":[{\"@type\":\"SearchAction\",\"target\":{\"@type\":\"EntryPoint\",\"urlTemplate\":\"https:\/\/agenciainfra.com\/blog\/?s={search_term_string}\"},\"query-input\":{\"@type\":\"PropertyValueSpecification\",\"valueRequired\":true,\"valueName\":\"search_term_string\"}}],\"inLanguage\":\"pt-BR\"},{\"@type\":\"Organization\",\"@id\":\"https:\/\/agenciainfra.com\/blog\/#organization\",\"name\":\"Ag\u00eancia iNFRA\",\"url\":\"https:\/\/agenciainfra.com\/blog\/\",\"logo\":{\"@type\":\"ImageObject\",\"inLanguage\":\"pt-BR\",\"@id\":\"https:\/\/agenciainfra.com\/blog\/#\/schema\/logo\/image\/\",\"url\":\"https:\/\/agenciainfra.com\/blog\/wp-content\/uploads\/2023\/09\/iNFRA_5-e1761735885940.png\",\"contentUrl\":\"https:\/\/agenciainfra.com\/blog\/wp-content\/uploads\/2023\/09\/iNFRA_5-e1761735885940.png\",\"width\":1672,\"height\":454,\"caption\":\"Ag\u00eancia iNFRA\"},\"image\":{\"@id\":\"https:\/\/agenciainfra.com\/blog\/#\/schema\/logo\/image\/\"},\"sameAs\":[\"https:\/\/www.facebook.com\/ageninfra\",\"https:\/\/x.com\/agencia_infra\",\"https:\/\/www.linkedin.com\/company\/ag\u00eanciainfra\/\",\"https:\/\/www.instagram.com\/agenciainfra\/\"]},{\"@type\":\"Person\",\"@id\":\"https:\/\/agenciainfra.com\/blog\/#\/schema\/person\/34af08dff6adea4cb22b06612ba7acfa\",\"name\":\"Ag\u00eancia iNFRA\",\"image\":{\"@type\":\"ImageObject\",\"inLanguage\":\"pt-BR\",\"@id\":\"https:\/\/agenciainfra.com\/blog\/#\/schema\/person\/image\/\",\"url\":\"https:\/\/secure.gravatar.com\/avatar\/d189e01678f06d8eb84d4e01f08eb848b3fffe3f8443818d3c356c66892f5be8?s=96&d=mm&r=g\",\"contentUrl\":\"https:\/\/secure.gravatar.com\/avatar\/d189e01678f06d8eb84d4e01f08eb848b3fffe3f8443818d3c356c66892f5be8?s=96&d=mm&r=g\",\"caption\":\"Ag\u00eancia iNFRA\"},\"url\":\"https:\/\/agenciainfra.com\/blog\/author\/admin\/\"}]}<\/script>\n<!-- \/ Yoast SEO Premium plugin. -->","yoast_head_json":{"title":"ANATEL aprova edital da faixa de 700 MHz com previs\u00e3o de maior cobertura de internet em rodovias - Ag\u00eancia iNFRA","robots":{"index":"index","follow":"follow","max-snippet":"max-snippet:-1","max-image-preview":"max-image-preview:large","max-video-preview":"max-video-preview:-1"},"canonical":"https:\/\/agenciainfra.com\/blog\/anatel-aprova-edital-da-faixa-de-700-mhz-com-previsao-de-maior-cobertura-de-internet-em-rodovias\/","og_locale":"pt_BR","og_type":"article","og_title":"ANATEL aprova edital da faixa de 700 MHz com previs\u00e3o de maior cobertura de internet em rodovias","og_description":"da Ag\u00eancia iNFRA O conselho diretor da ANATEL (Ag\u00eancia Nacional de Telecomunica\u00e7\u00f5es) aprovou na quarta-feira (16) o edital de licita\u00e7\u00e3o para autorizar o uso de radiofrequ\u00eancias nas faixas de 708 MHz (megahertz) a 718 MHz e de 763 MHz a 773 MHz. Os recursos provenientes do edital dever\u00e3o beneficiar a conectividade em rodovias federais. No [&hellip;]","og_url":"https:\/\/agenciainfra.com\/blog\/anatel-aprova-edital-da-faixa-de-700-mhz-com-previsao-de-maior-cobertura-de-internet-em-rodovias\/","og_site_name":"Ag\u00eancia iNFRA","article_publisher":"https:\/\/www.facebook.com\/ageninfra","article_published_time":"2025-07-18T17:22:58+00:00","article_modified_time":"2025-07-21T14:03:28+00:00","og_image":[{"width":1280,"height":853,"url":"https:\/\/agenciainfra.com\/blog\/wp-content\/uploads\/2019\/11\/br-101-sc-ppi.jpeg","type":"image\/jpeg"}],"author":"Ag\u00eancia iNFRA","twitter_card":"summary_large_image","twitter_creator":"@agencia_infra","twitter_site":"@agencia_infra","twitter_misc":{"Escrito por":"Ag\u00eancia iNFRA","Est. tempo de leitura":"2 minutos"},"schema":{"@context":"https:\/\/schema.org","@graph":[{"@type":"Article","@id":"https:\/\/agenciainfra.com\/blog\/anatel-aprova-edital-da-faixa-de-700-mhz-com-previsao-de-maior-cobertura-de-internet-em-rodovias\/#article","isPartOf":{"@id":"https:\/\/agenciainfra.com\/blog\/anatel-aprova-edital-da-faixa-de-700-mhz-com-previsao-de-maior-cobertura-de-internet-em-rodovias\/"},"author":{"name":"Ag\u00eancia iNFRA","@id":"https:\/\/agenciainfra.com\/blog\/#\/schema\/person\/34af08dff6adea4cb22b06612ba7acfa"},"headline":"ANATEL aprova edital da faixa de 700 MHz com previs\u00e3o de maior cobertura de internet em rodovias","datePublished":"2025-07-18T17:22:58+00:00","dateModified":"2025-07-21T14:03:28+00:00","mainEntityOfPage":{"@id":"https:\/\/agenciainfra.com\/blog\/anatel-aprova-edital-da-faixa-de-700-mhz-com-previsao-de-maior-cobertura-de-internet-em-rodovias\/"},"wordCount":328,"publisher":{"@id":"https:\/\/agenciainfra.com\/blog\/#organization"},"image":{"@id":"https:\/\/agenciainfra.com\/blog\/anatel-aprova-edital-da-faixa-de-700-mhz-com-previsao-de-maior-cobertura-de-internet-em-rodovias\/#primaryimage"},"thumbnailUrl":"https:\/\/agenciainfra.com\/blog\/wp-content\/uploads\/2019\/11\/br-101-sc-ppi.jpeg","keywords":["Anatel","conectividade nas rodovias","Infraestrutura","internet nas rodovias","TCU"],"articleSection":["Geral","Giro iNFRA"],"inLanguage":"pt-BR","copyrightYear":"2025","copyrightHolder":{"@id":"https:\/\/agenciainfra.com\/blog\/#organization"}},{"@type":"WebPage","@id":"https:\/\/agenciainfra.com\/blog\/anatel-aprova-edital-da-faixa-de-700-mhz-com-previsao-de-maior-cobertura-de-internet-em-rodovias\/","url":"https:\/\/agenciainfra.com\/blog\/anatel-aprova-edital-da-faixa-de-700-mhz-com-previsao-de-maior-cobertura-de-internet-em-rodovias\/","name":"ANATEL aprova edital da faixa de 700 MHz com previs\u00e3o de maior cobertura de internet em rodovias - Ag\u00eancia iNFRA","isPartOf":{"@id":"https:\/\/agenciainfra.com\/blog\/#website"},"primaryImageOfPage":{"@id":"https:\/\/agenciainfra.com\/blog\/anatel-aprova-edital-da-faixa-de-700-mhz-com-previsao-de-maior-cobertura-de-internet-em-rodovias\/#primaryimage"},"image":{"@id":"https:\/\/agenciainfra.com\/blog\/anatel-aprova-edital-da-faixa-de-700-mhz-com-previsao-de-maior-cobertura-de-internet-em-rodovias\/#primaryimage"},"thumbnailUrl":"https:\/\/agenciainfra.com\/blog\/wp-content\/uploads\/2019\/11\/br-101-sc-ppi.jpeg","datePublished":"2025-07-18T17:22:58+00:00","dateModified":"2025-07-21T14:03:28+00:00","breadcrumb":{"@id":"https:\/\/agenciainfra.com\/blog\/anatel-aprova-edital-da-faixa-de-700-mhz-com-previsao-de-maior-cobertura-de-internet-em-rodovias\/#breadcrumb"},"inLanguage":"pt-BR","potentialAction":[{"@type":"ReadAction","target":["https:\/\/agenciainfra.com\/blog\/anatel-aprova-edital-da-faixa-de-700-mhz-com-previsao-de-maior-cobertura-de-internet-em-rodovias\/"]}]},{"@type":"ImageObject","inLanguage":"pt-BR","@id":"https:\/\/agenciainfra.com\/blog\/anatel-aprova-edital-da-faixa-de-700-mhz-com-previsao-de-maior-cobertura-de-internet-em-rodovias\/#primaryimage","url":"https:\/\/agenciainfra.com\/blog\/wp-content\/uploads\/2019\/11\/br-101-sc-ppi.jpeg","contentUrl":"https:\/\/agenciainfra.com\/blog\/wp-content\/uploads\/2019\/11\/br-101-sc-ppi.jpeg","width":1280,"height":853,"caption":"Foto: PPI"},{"@type":"BreadcrumbList","@id":"https:\/\/agenciainfra.com\/blog\/anatel-aprova-edital-da-faixa-de-700-mhz-com-previsao-de-maior-cobertura-de-internet-em-rodovias\/#breadcrumb","itemListElement":[{"@type":"ListItem","position":1,"name":"In\u00edcio","item":"https:\/\/agenciainfra.com\/blog\/"},{"@type":"ListItem","position":2,"name":"ANATEL aprova edital da faixa de 700 MHz com previs\u00e3o de maior cobertura de internet em rodovias"}]},{"@type":"WebSite","@id":"https:\/\/agenciainfra.com\/blog\/#website","url":"https:\/\/agenciainfra.com\/blog\/","name":"Ag\u00eancia iNFRA","description":"Multiplataforma de informa\u00e7\u00e3o jornal\u00edstica refer\u00eancia na \u00e1rea de infraestrutura no Brasil!","publisher":{"@id":"https:\/\/agenciainfra.com\/blog\/#organization"},"potentialAction":[{"@type":"SearchAction","target":{"@type":"EntryPoint","urlTemplate":"https:\/\/agenciainfra.com\/blog\/?s={search_term_string}"},"query-input":{"@type":"PropertyValueSpecification","valueRequired":true,"valueName":"search_term_string"}}],"inLanguage":"pt-BR"},{"@type":"Organization","@id":"https:\/\/agenciainfra.com\/blog\/#organization","name":"Ag\u00eancia iNFRA","url":"https:\/\/agenciainfra.com\/blog\/","logo":{"@type":"ImageObject","inLanguage":"pt-BR","@id":"https:\/\/agenciainfra.com\/blog\/#\/schema\/logo\/image\/","url":"https:\/\/agenciainfra.com\/blog\/wp-content\/uploads\/2023\/09\/iNFRA_5-e1761735885940.png","contentUrl":"https:\/\/agenciainfra.com\/blog\/wp-content\/uploads\/2023\/09\/iNFRA_5-e1761735885940.png","width":1672,"height":454,"caption":"Ag\u00eancia iNFRA"},"image":{"@id":"https:\/\/agenciainfra.com\/blog\/#\/schema\/logo\/image\/"},"sameAs":["https:\/\/www.facebook.com\/ageninfra","https:\/\/x.com\/agencia_infra","https:\/\/www.linkedin.com\/company\/ag\u00eanciainfra\/","https:\/\/www.instagram.com\/agenciainfra\/"]},{"@type":"Person","@id":"https:\/\/agenciainfra.com\/blog\/#\/schema\/person\/34af08dff6adea4cb22b06612ba7acfa","name":"Ag\u00eancia iNFRA","image":{"@type":"ImageObject","inLanguage":"pt-BR","@id":"https:\/\/agenciainfra.com\/blog\/#\/schema\/person\/image\/","url":"https:\/\/secure.gravatar.com\/avatar\/d189e01678f06d8eb84d4e01f08eb848b3fffe3f8443818d3c356c66892f5be8?s=96&d=mm&r=g","contentUrl":"https:\/\/secure.gravatar.com\/avatar\/d189e01678f06d8eb84d4e01f08eb848b3fffe3f8443818d3c356c66892f5be8?s=96&d=mm&r=g","caption":"Ag\u00eancia iNFRA"},"url":"https:\/\/agenciainfra.com\/blog\/author\/admin\/"}]}},"_links":{"self":[{"href":"https:\/\/agenciainfra.com\/blog\/wp-json\/wp\/v2\/posts\/25025","targetHints":{"allow":["GET"]}}],"collection":[{"href":"https:\/\/agenciainfra.com\/blog\/wp-json\/wp\/v2\/posts"}],"about":[{"href":"https:\/\/agenciainfra.com\/blog\/wp-json\/wp\/v2\/types\/post"}],"author":[{"embeddable":true,"href":"https:\/\/agenciainfra.com\/blog\/wp-json\/wp\/v2\/users\/1"}],"replies":[{"embeddable":true,"href":"https:\/\/agenciainfra.com\/blog\/wp-json\/wp\/v2\/comments?post=25025"}],"version-history":[{"count":2,"href":"https:\/\/agenciainfra.com\/blog\/wp-json\/wp\/v2\/posts\/25025\/revisions"}],"predecessor-version":[{"id":25079,"href":"https:\/\/agenciainfra.com\/blog\/wp-json\/wp\/v2\/posts\/25025\/revisions\/25079"}],"wp:featuredmedia":[{"embeddable":true,"href":"https:\/\/agenciainfra.com\/blog\/wp-json\/wp\/v2\/media\/3989"}],"wp:attachment":[{"href":"https:\/\/agenciainfra.com\/blog\/wp-json\/wp\/v2\/media?parent=25025"}],"wp:term":[{"taxonomy":"category","embeddable":true,"href":"https:\/\/agenciainfra.com\/blog\/wp-json\/wp\/v2\/categories?post=25025"},{"taxonomy":"post_tag","embeddable":true,"href":"https:\/\/agenciainfra.com\/blog\/wp-json\/wp\/v2\/tags?post=25025"}],"curies":[{"name":"wp","href":"https:\/\/api.w.org\/{rel}","templated":true}]}}