{"id":25040,"date":"2025-07-18T17:33:07","date_gmt":"2025-07-18T20:33:07","guid":{"rendered":"https:\/\/agenciainfra.com\/blog\/?p=25040"},"modified":"2025-07-18T17:33:16","modified_gmt":"2025-07-18T20:33:16","slug":"porto-de-santos-publica-edital-para-implementar-sistema-de-monitoramento-de-embarcacoes","status":"publish","type":"post","link":"https:\/\/agenciainfra.com\/blog\/porto-de-santos-publica-edital-para-implementar-sistema-de-monitoramento-de-embarcacoes\/","title":{"rendered":"Porto de Santos publica edital para implementar sistema de monitoramento de embarca\u00e7\u00f5es"},"content":{"rendered":"\n<p class=\"has-text-align-right\"><strong>da Ag\u00eancia iNFRA<\/strong><\/p>\n\n\n\n<p>A Autoridade Portu\u00e1ria de Santos publicou nesta sexta-feira (18) o edital de licita\u00e7\u00e3o para a implanta\u00e7\u00e3o do VTMIS, sistema de monitoramento do tr\u00e1fego de embarca\u00e7\u00f5es. O investimento vai permitir mais efici\u00eancia nas opera\u00e7\u00f5es, seguran\u00e7a na navegabilidade e apoio no combate a il\u00edcitos, como o tr\u00e1fico de drogas.<\/p>\n\n\n\n<p>Segundo o porto, o sistema ter\u00e1 c\u00e2meras e esta\u00e7\u00f5es em eleva\u00e7\u00f5es, como na Ilha da Moela (Guaruj\u00e1) e faz parte de um pacote tecnol\u00f3gico, que inclui o Sistema Integrado de Gest\u00e3o Portu\u00e1ria (PMIS, na sigla em ingl\u00eas), Sistema de Sequenciamento de Navios, G\u00eameo Digital, Rede 5G, Smart Porto, aplicativo Porto de Santos, entre outras iniciativas.&nbsp;<\/p>\n\n\n\n<p>Estas tecnologias apoiar\u00e3o as obras de infraestrutura e de expans\u00e3o da Poligonal, como a dragagem de aprofundamento do canal para 16 metros e de acr\u00e9scimo da \u00e1rea da Alemoa, onde se espera um aumento no fluxo do tr\u00e1fego e no porte dos navios.&nbsp;<\/p>\n\n\n\n<p>As imagens geradas pelo VTMIS ser\u00e3o apresentadas, em tempo real, num Centro Operacional do Porto de Santos, que ter\u00e1 capacidade de interagir com o tr\u00e1fego de embarca\u00e7\u00f5es e responder a todas as situa\u00e7\u00f5es, desde a aproxima\u00e7\u00e3o dos navios, \u00e1reas de fundeio, canal de acesso e at\u00e9 os terminais privados da Usiminas.&nbsp;<\/p>\n\n\n\n<p>O VTMIS Santos tamb\u00e9m compartilhar\u00e1 dados para opera\u00e7\u00f5es da Pol\u00edcia Mar\u00edtima (Nepom-PF), Marinha do Brasil, Receita Federal, entre outras institui\u00e7\u00f5es aliadas na preven\u00e7\u00e3o e repress\u00e3o aos il\u00edcitos contra navios e instala\u00e7\u00f5es portu\u00e1rias. O sistema consegue detectar e identificar, em tempo real, embarca\u00e7\u00f5es suspeitas ou n\u00e3o autorizadas a navegar na \u00e1rea mar\u00edtima do Porto organizado.<\/p>\n\n\n\n<p><\/p>\n","protected":false},"excerpt":{"rendered":"<p>da Ag\u00eancia iNFRA A Autoridade Portu\u00e1ria de Santos publicou nesta sexta-feira (18) o edital de licita\u00e7\u00e3o para a implanta\u00e7\u00e3o do VTMIS, sistema de monitoramento do tr\u00e1fego de embarca\u00e7\u00f5es. O investimento vai permitir mais efici\u00eancia nas opera\u00e7\u00f5es, seguran\u00e7a na navegabilidade e apoio no combate a il\u00edcitos, como o tr\u00e1fico de drogas. Segundo o porto, o sistema [&hellip;]<\/p>\n","protected":false},"author":1,"featured_media":12836,"comment_status":"closed","ping_status":"closed","sticky":false,"template":"","format":"standard","meta":{"_monsterinsights_skip_tracking":false,"_monsterinsights_sitenote_active":false,"_monsterinsights_sitenote_note":"","_monsterinsights_sitenote_category":0,"footnotes":""},"categories":[1,13576],"tags":[14470,260,2366],"class_list":["post-25040","post","type-post","status-publish","format-standard","has-post-thumbnail","hentry","category-geral","category-giro-infra","tag-monitoramento-de-embarcacoes","tag-porto-de-santos","tag-vtmis"],"yoast_head":"<!-- This site is optimized with the Yoast SEO Premium plugin v25.4 (Yoast SEO v26.0) - https:\/\/yoast.com\/wordpress\/plugins\/seo\/ -->\n<title>Porto de Santos publica edital para implementar sistema de monitoramento de embarca\u00e7\u00f5es - Ag\u00eancia iNFRA<\/title>\n<meta name=\"robots\" content=\"index, follow, max-snippet:-1, max-image-preview:large, max-video-preview:-1\" \/>\n<link rel=\"canonical\" href=\"https:\/\/agenciainfra.com\/blog\/porto-de-santos-publica-edital-para-implementar-sistema-de-monitoramento-de-embarcacoes\/\" \/>\n<meta property=\"og:locale\" content=\"pt_BR\" \/>\n<meta property=\"og:type\" content=\"article\" \/>\n<meta property=\"og:title\" content=\"Porto de Santos publica edital para implementar sistema de monitoramento de embarca\u00e7\u00f5es\" \/>\n<meta property=\"og:description\" content=\"da Ag\u00eancia iNFRA A Autoridade Portu\u00e1ria de Santos publicou nesta sexta-feira (18) o edital de licita\u00e7\u00e3o para a implanta\u00e7\u00e3o do VTMIS, sistema de monitoramento do tr\u00e1fego de embarca\u00e7\u00f5es. O investimento vai permitir mais efici\u00eancia nas opera\u00e7\u00f5es, seguran\u00e7a na navegabilidade e apoio no combate a il\u00edcitos, como o tr\u00e1fico de drogas. Segundo o porto, o sistema [&hellip;]\" \/>\n<meta property=\"og:url\" content=\"https:\/\/agenciainfra.com\/blog\/porto-de-santos-publica-edital-para-implementar-sistema-de-monitoramento-de-embarcacoes\/\" \/>\n<meta property=\"og:site_name\" content=\"Ag\u00eancia iNFRA\" \/>\n<meta property=\"article:publisher\" content=\"https:\/\/www.facebook.com\/ageninfra\" \/>\n<meta property=\"article:published_time\" content=\"2025-07-18T20:33:07+00:00\" \/>\n<meta property=\"article:modified_time\" content=\"2025-07-18T20:33:16+00:00\" \/>\n<meta property=\"og:image\" content=\"https:\/\/agenciainfra.com\/blog\/wp-content\/uploads\/2023\/06\/porto-de-santos-foto-antaq.jpg\" \/>\n\t<meta property=\"og:image:width\" content=\"1202\" \/>\n\t<meta property=\"og:image:height\" content=\"747\" \/>\n\t<meta property=\"og:image:type\" content=\"image\/jpeg\" \/>\n<meta name=\"author\" content=\"Ag\u00eancia iNFRA\" \/>\n<meta name=\"twitter:card\" content=\"summary_large_image\" \/>\n<meta name=\"twitter:creator\" content=\"@agencia_infra\" \/>\n<meta name=\"twitter:site\" content=\"@agencia_infra\" \/>\n<meta name=\"twitter:label1\" content=\"Escrito por\" \/>\n\t<meta name=\"twitter:data1\" content=\"Ag\u00eancia iNFRA\" \/>\n\t<meta name=\"twitter:label2\" content=\"Est. tempo de leitura\" \/>\n\t<meta name=\"twitter:data2\" content=\"1 minuto\" \/>\n<script type=\"application\/ld+json\" class=\"yoast-schema-graph\">{\"@context\":\"https:\/\/schema.org\",\"@graph\":[{\"@type\":\"Article\",\"@id\":\"https:\/\/agenciainfra.com\/blog\/porto-de-santos-publica-edital-para-implementar-sistema-de-monitoramento-de-embarcacoes\/#article\",\"isPartOf\":{\"@id\":\"https:\/\/agenciainfra.com\/blog\/porto-de-santos-publica-edital-para-implementar-sistema-de-monitoramento-de-embarcacoes\/\"},\"author\":{\"name\":\"Ag\u00eancia iNFRA\",\"@id\":\"https:\/\/agenciainfra.com\/blog\/#\/schema\/person\/34af08dff6adea4cb22b06612ba7acfa\"},\"headline\":\"Porto de Santos publica edital para implementar sistema de monitoramento de embarca\u00e7\u00f5es\",\"datePublished\":\"2025-07-18T20:33:07+00:00\",\"dateModified\":\"2025-07-18T20:33:16+00:00\",\"mainEntityOfPage\":{\"@id\":\"https:\/\/agenciainfra.com\/blog\/porto-de-santos-publica-edital-para-implementar-sistema-de-monitoramento-de-embarcacoes\/\"},\"wordCount\":308,\"publisher\":{\"@id\":\"https:\/\/agenciainfra.com\/blog\/#organization\"},\"image\":{\"@id\":\"https:\/\/agenciainfra.com\/blog\/porto-de-santos-publica-edital-para-implementar-sistema-de-monitoramento-de-embarcacoes\/#primaryimage\"},\"thumbnailUrl\":\"https:\/\/agenciainfra.com\/blog\/wp-content\/uploads\/2023\/06\/porto-de-santos-foto-antaq.jpg\",\"keywords\":[\"Monitoramento de Embarca\u00e7\u00f5es\",\"Porto de Santos\",\"VTMIS\"],\"articleSection\":[\"Geral\",\"Giro iNFRA\"],\"inLanguage\":\"pt-BR\",\"copyrightYear\":\"2025\",\"copyrightHolder\":{\"@id\":\"https:\/\/agenciainfra.com\/blog\/#organization\"}},{\"@type\":\"WebPage\",\"@id\":\"https:\/\/agenciainfra.com\/blog\/porto-de-santos-publica-edital-para-implementar-sistema-de-monitoramento-de-embarcacoes\/\",\"url\":\"https:\/\/agenciainfra.com\/blog\/porto-de-santos-publica-edital-para-implementar-sistema-de-monitoramento-de-embarcacoes\/\",\"name\":\"Porto de Santos publica edital para implementar sistema de monitoramento de embarca\u00e7\u00f5es - Ag\u00eancia iNFRA\",\"isPartOf\":{\"@id\":\"https:\/\/agenciainfra.com\/blog\/#website\"},\"primaryImageOfPage\":{\"@id\":\"https:\/\/agenciainfra.com\/blog\/porto-de-santos-publica-edital-para-implementar-sistema-de-monitoramento-de-embarcacoes\/#primaryimage\"},\"image\":{\"@id\":\"https:\/\/agenciainfra.com\/blog\/porto-de-santos-publica-edital-para-implementar-sistema-de-monitoramento-de-embarcacoes\/#primaryimage\"},\"thumbnailUrl\":\"https:\/\/agenciainfra.com\/blog\/wp-content\/uploads\/2023\/06\/porto-de-santos-foto-antaq.jpg\",\"datePublished\":\"2025-07-18T20:33:07+00:00\",\"dateModified\":\"2025-07-18T20:33:16+00:00\",\"breadcrumb\":{\"@id\":\"https:\/\/agenciainfra.com\/blog\/porto-de-santos-publica-edital-para-implementar-sistema-de-monitoramento-de-embarcacoes\/#breadcrumb\"},\"inLanguage\":\"pt-BR\",\"potentialAction\":[{\"@type\":\"ReadAction\",\"target\":[\"https:\/\/agenciainfra.com\/blog\/porto-de-santos-publica-edital-para-implementar-sistema-de-monitoramento-de-embarcacoes\/\"]}]},{\"@type\":\"ImageObject\",\"inLanguage\":\"pt-BR\",\"@id\":\"https:\/\/agenciainfra.com\/blog\/porto-de-santos-publica-edital-para-implementar-sistema-de-monitoramento-de-embarcacoes\/#primaryimage\",\"url\":\"https:\/\/agenciainfra.com\/blog\/wp-content\/uploads\/2023\/06\/porto-de-santos-foto-antaq.jpg\",\"contentUrl\":\"https:\/\/agenciainfra.com\/blog\/wp-content\/uploads\/2023\/06\/porto-de-santos-foto-antaq.jpg\",\"width\":1202,\"height\":747,\"caption\":\"Foto: ANTAQ\"},{\"@type\":\"BreadcrumbList\",\"@id\":\"https:\/\/agenciainfra.com\/blog\/porto-de-santos-publica-edital-para-implementar-sistema-de-monitoramento-de-embarcacoes\/#breadcrumb\",\"itemListElement\":[{\"@type\":\"ListItem\",\"position\":1,\"name\":\"In\u00edcio\",\"item\":\"https:\/\/agenciainfra.com\/blog\/\"},{\"@type\":\"ListItem\",\"position\":2,\"name\":\"Porto de Santos publica edital para implementar sistema de monitoramento de embarca\u00e7\u00f5es\"}]},{\"@type\":\"WebSite\",\"@id\":\"https:\/\/agenciainfra.com\/blog\/#website\",\"url\":\"https:\/\/agenciainfra.com\/blog\/\",\"name\":\"Ag\u00eancia iNFRA\",\"description\":\"Multiplataforma de informa\u00e7\u00e3o jornal\u00edstica refer\u00eancia na \u00e1rea de infraestrutura no Brasil!\",\"publisher\":{\"@id\":\"https:\/\/agenciainfra.com\/blog\/#organization\"},\"potentialAction\":[{\"@type\":\"SearchAction\",\"target\":{\"@type\":\"EntryPoint\",\"urlTemplate\":\"https:\/\/agenciainfra.com\/blog\/?s={search_term_string}\"},\"query-input\":{\"@type\":\"PropertyValueSpecification\",\"valueRequired\":true,\"valueName\":\"search_term_string\"}}],\"inLanguage\":\"pt-BR\"},{\"@type\":\"Organization\",\"@id\":\"https:\/\/agenciainfra.com\/blog\/#organization\",\"name\":\"Ag\u00eancia iNFRA\",\"url\":\"https:\/\/agenciainfra.com\/blog\/\",\"logo\":{\"@type\":\"ImageObject\",\"inLanguage\":\"pt-BR\",\"@id\":\"https:\/\/agenciainfra.com\/blog\/#\/schema\/logo\/image\/\",\"url\":\"https:\/\/agenciainfra.com\/blog\/wp-content\/uploads\/2023\/09\/iNFRA_5-e1761735885940.png\",\"contentUrl\":\"https:\/\/agenciainfra.com\/blog\/wp-content\/uploads\/2023\/09\/iNFRA_5-e1761735885940.png\",\"width\":1672,\"height\":454,\"caption\":\"Ag\u00eancia iNFRA\"},\"image\":{\"@id\":\"https:\/\/agenciainfra.com\/blog\/#\/schema\/logo\/image\/\"},\"sameAs\":[\"https:\/\/www.facebook.com\/ageninfra\",\"https:\/\/x.com\/agencia_infra\",\"https:\/\/www.linkedin.com\/company\/ag\u00eanciainfra\/\",\"https:\/\/www.instagram.com\/agenciainfra\/\"]},{\"@type\":\"Person\",\"@id\":\"https:\/\/agenciainfra.com\/blog\/#\/schema\/person\/34af08dff6adea4cb22b06612ba7acfa\",\"name\":\"Ag\u00eancia iNFRA\",\"image\":{\"@type\":\"ImageObject\",\"inLanguage\":\"pt-BR\",\"@id\":\"https:\/\/agenciainfra.com\/blog\/#\/schema\/person\/image\/\",\"url\":\"https:\/\/secure.gravatar.com\/avatar\/d189e01678f06d8eb84d4e01f08eb848b3fffe3f8443818d3c356c66892f5be8?s=96&d=mm&r=g\",\"contentUrl\":\"https:\/\/secure.gravatar.com\/avatar\/d189e01678f06d8eb84d4e01f08eb848b3fffe3f8443818d3c356c66892f5be8?s=96&d=mm&r=g\",\"caption\":\"Ag\u00eancia iNFRA\"},\"url\":\"https:\/\/agenciainfra.com\/blog\/author\/admin\/\"}]}<\/script>\n<!-- \/ Yoast SEO Premium plugin. -->","yoast_head_json":{"title":"Porto de Santos publica edital para implementar sistema de monitoramento de embarca\u00e7\u00f5es - Ag\u00eancia iNFRA","robots":{"index":"index","follow":"follow","max-snippet":"max-snippet:-1","max-image-preview":"max-image-preview:large","max-video-preview":"max-video-preview:-1"},"canonical":"https:\/\/agenciainfra.com\/blog\/porto-de-santos-publica-edital-para-implementar-sistema-de-monitoramento-de-embarcacoes\/","og_locale":"pt_BR","og_type":"article","og_title":"Porto de Santos publica edital para implementar sistema de monitoramento de embarca\u00e7\u00f5es","og_description":"da Ag\u00eancia iNFRA A Autoridade Portu\u00e1ria de Santos publicou nesta sexta-feira (18) o edital de licita\u00e7\u00e3o para a implanta\u00e7\u00e3o do VTMIS, sistema de monitoramento do tr\u00e1fego de embarca\u00e7\u00f5es. O investimento vai permitir mais efici\u00eancia nas opera\u00e7\u00f5es, seguran\u00e7a na navegabilidade e apoio no combate a il\u00edcitos, como o tr\u00e1fico de drogas. Segundo o porto, o sistema [&hellip;]","og_url":"https:\/\/agenciainfra.com\/blog\/porto-de-santos-publica-edital-para-implementar-sistema-de-monitoramento-de-embarcacoes\/","og_site_name":"Ag\u00eancia iNFRA","article_publisher":"https:\/\/www.facebook.com\/ageninfra","article_published_time":"2025-07-18T20:33:07+00:00","article_modified_time":"2025-07-18T20:33:16+00:00","og_image":[{"width":1202,"height":747,"url":"https:\/\/agenciainfra.com\/blog\/wp-content\/uploads\/2023\/06\/porto-de-santos-foto-antaq.jpg","type":"image\/jpeg"}],"author":"Ag\u00eancia iNFRA","twitter_card":"summary_large_image","twitter_creator":"@agencia_infra","twitter_site":"@agencia_infra","twitter_misc":{"Escrito por":"Ag\u00eancia iNFRA","Est. tempo de leitura":"1 minuto"},"schema":{"@context":"https:\/\/schema.org","@graph":[{"@type":"Article","@id":"https:\/\/agenciainfra.com\/blog\/porto-de-santos-publica-edital-para-implementar-sistema-de-monitoramento-de-embarcacoes\/#article","isPartOf":{"@id":"https:\/\/agenciainfra.com\/blog\/porto-de-santos-publica-edital-para-implementar-sistema-de-monitoramento-de-embarcacoes\/"},"author":{"name":"Ag\u00eancia iNFRA","@id":"https:\/\/agenciainfra.com\/blog\/#\/schema\/person\/34af08dff6adea4cb22b06612ba7acfa"},"headline":"Porto de Santos publica edital para implementar sistema de monitoramento de embarca\u00e7\u00f5es","datePublished":"2025-07-18T20:33:07+00:00","dateModified":"2025-07-18T20:33:16+00:00","mainEntityOfPage":{"@id":"https:\/\/agenciainfra.com\/blog\/porto-de-santos-publica-edital-para-implementar-sistema-de-monitoramento-de-embarcacoes\/"},"wordCount":308,"publisher":{"@id":"https:\/\/agenciainfra.com\/blog\/#organization"},"image":{"@id":"https:\/\/agenciainfra.com\/blog\/porto-de-santos-publica-edital-para-implementar-sistema-de-monitoramento-de-embarcacoes\/#primaryimage"},"thumbnailUrl":"https:\/\/agenciainfra.com\/blog\/wp-content\/uploads\/2023\/06\/porto-de-santos-foto-antaq.jpg","keywords":["Monitoramento de Embarca\u00e7\u00f5es","Porto de Santos","VTMIS"],"articleSection":["Geral","Giro iNFRA"],"inLanguage":"pt-BR","copyrightYear":"2025","copyrightHolder":{"@id":"https:\/\/agenciainfra.com\/blog\/#organization"}},{"@type":"WebPage","@id":"https:\/\/agenciainfra.com\/blog\/porto-de-santos-publica-edital-para-implementar-sistema-de-monitoramento-de-embarcacoes\/","url":"https:\/\/agenciainfra.com\/blog\/porto-de-santos-publica-edital-para-implementar-sistema-de-monitoramento-de-embarcacoes\/","name":"Porto de Santos publica edital para implementar sistema de monitoramento de embarca\u00e7\u00f5es - Ag\u00eancia iNFRA","isPartOf":{"@id":"https:\/\/agenciainfra.com\/blog\/#website"},"primaryImageOfPage":{"@id":"https:\/\/agenciainfra.com\/blog\/porto-de-santos-publica-edital-para-implementar-sistema-de-monitoramento-de-embarcacoes\/#primaryimage"},"image":{"@id":"https:\/\/agenciainfra.com\/blog\/porto-de-santos-publica-edital-para-implementar-sistema-de-monitoramento-de-embarcacoes\/#primaryimage"},"thumbnailUrl":"https:\/\/agenciainfra.com\/blog\/wp-content\/uploads\/2023\/06\/porto-de-santos-foto-antaq.jpg","datePublished":"2025-07-18T20:33:07+00:00","dateModified":"2025-07-18T20:33:16+00:00","breadcrumb":{"@id":"https:\/\/agenciainfra.com\/blog\/porto-de-santos-publica-edital-para-implementar-sistema-de-monitoramento-de-embarcacoes\/#breadcrumb"},"inLanguage":"pt-BR","potentialAction":[{"@type":"ReadAction","target":["https:\/\/agenciainfra.com\/blog\/porto-de-santos-publica-edital-para-implementar-sistema-de-monitoramento-de-embarcacoes\/"]}]},{"@type":"ImageObject","inLanguage":"pt-BR","@id":"https:\/\/agenciainfra.com\/blog\/porto-de-santos-publica-edital-para-implementar-sistema-de-monitoramento-de-embarcacoes\/#primaryimage","url":"https:\/\/agenciainfra.com\/blog\/wp-content\/uploads\/2023\/06\/porto-de-santos-foto-antaq.jpg","contentUrl":"https:\/\/agenciainfra.com\/blog\/wp-content\/uploads\/2023\/06\/porto-de-santos-foto-antaq.jpg","width":1202,"height":747,"caption":"Foto: ANTAQ"},{"@type":"BreadcrumbList","@id":"https:\/\/agenciainfra.com\/blog\/porto-de-santos-publica-edital-para-implementar-sistema-de-monitoramento-de-embarcacoes\/#breadcrumb","itemListElement":[{"@type":"ListItem","position":1,"name":"In\u00edcio","item":"https:\/\/agenciainfra.com\/blog\/"},{"@type":"ListItem","position":2,"name":"Porto de Santos publica edital para implementar sistema de monitoramento de embarca\u00e7\u00f5es"}]},{"@type":"WebSite","@id":"https:\/\/agenciainfra.com\/blog\/#website","url":"https:\/\/agenciainfra.com\/blog\/","name":"Ag\u00eancia iNFRA","description":"Multiplataforma de informa\u00e7\u00e3o jornal\u00edstica refer\u00eancia na \u00e1rea de infraestrutura no Brasil!","publisher":{"@id":"https:\/\/agenciainfra.com\/blog\/#organization"},"potentialAction":[{"@type":"SearchAction","target":{"@type":"EntryPoint","urlTemplate":"https:\/\/agenciainfra.com\/blog\/?s={search_term_string}"},"query-input":{"@type":"PropertyValueSpecification","valueRequired":true,"valueName":"search_term_string"}}],"inLanguage":"pt-BR"},{"@type":"Organization","@id":"https:\/\/agenciainfra.com\/blog\/#organization","name":"Ag\u00eancia iNFRA","url":"https:\/\/agenciainfra.com\/blog\/","logo":{"@type":"ImageObject","inLanguage":"pt-BR","@id":"https:\/\/agenciainfra.com\/blog\/#\/schema\/logo\/image\/","url":"https:\/\/agenciainfra.com\/blog\/wp-content\/uploads\/2023\/09\/iNFRA_5-e1761735885940.png","contentUrl":"https:\/\/agenciainfra.com\/blog\/wp-content\/uploads\/2023\/09\/iNFRA_5-e1761735885940.png","width":1672,"height":454,"caption":"Ag\u00eancia iNFRA"},"image":{"@id":"https:\/\/agenciainfra.com\/blog\/#\/schema\/logo\/image\/"},"sameAs":["https:\/\/www.facebook.com\/ageninfra","https:\/\/x.com\/agencia_infra","https:\/\/www.linkedin.com\/company\/ag\u00eanciainfra\/","https:\/\/www.instagram.com\/agenciainfra\/"]},{"@type":"Person","@id":"https:\/\/agenciainfra.com\/blog\/#\/schema\/person\/34af08dff6adea4cb22b06612ba7acfa","name":"Ag\u00eancia iNFRA","image":{"@type":"ImageObject","inLanguage":"pt-BR","@id":"https:\/\/agenciainfra.com\/blog\/#\/schema\/person\/image\/","url":"https:\/\/secure.gravatar.com\/avatar\/d189e01678f06d8eb84d4e01f08eb848b3fffe3f8443818d3c356c66892f5be8?s=96&d=mm&r=g","contentUrl":"https:\/\/secure.gravatar.com\/avatar\/d189e01678f06d8eb84d4e01f08eb848b3fffe3f8443818d3c356c66892f5be8?s=96&d=mm&r=g","caption":"Ag\u00eancia iNFRA"},"url":"https:\/\/agenciainfra.com\/blog\/author\/admin\/"}]}},"_links":{"self":[{"href":"https:\/\/agenciainfra.com\/blog\/wp-json\/wp\/v2\/posts\/25040","targetHints":{"allow":["GET"]}}],"collection":[{"href":"https:\/\/agenciainfra.com\/blog\/wp-json\/wp\/v2\/posts"}],"about":[{"href":"https:\/\/agenciainfra.com\/blog\/wp-json\/wp\/v2\/types\/post"}],"author":[{"embeddable":true,"href":"https:\/\/agenciainfra.com\/blog\/wp-json\/wp\/v2\/users\/1"}],"replies":[{"embeddable":true,"href":"https:\/\/agenciainfra.com\/blog\/wp-json\/wp\/v2\/comments?post=25040"}],"version-history":[{"count":1,"href":"https:\/\/agenciainfra.com\/blog\/wp-json\/wp\/v2\/posts\/25040\/revisions"}],"predecessor-version":[{"id":25041,"href":"https:\/\/agenciainfra.com\/blog\/wp-json\/wp\/v2\/posts\/25040\/revisions\/25041"}],"wp:featuredmedia":[{"embeddable":true,"href":"https:\/\/agenciainfra.com\/blog\/wp-json\/wp\/v2\/media\/12836"}],"wp:attachment":[{"href":"https:\/\/agenciainfra.com\/blog\/wp-json\/wp\/v2\/media?parent=25040"}],"wp:term":[{"taxonomy":"category","embeddable":true,"href":"https:\/\/agenciainfra.com\/blog\/wp-json\/wp\/v2\/categories?post=25040"},{"taxonomy":"post_tag","embeddable":true,"href":"https:\/\/agenciainfra.com\/blog\/wp-json\/wp\/v2\/tags?post=25040"}],"curies":[{"name":"wp","href":"https:\/\/api.w.org\/{rel}","templated":true}]}}