{"id":25056,"date":"2025-07-21T09:30:00","date_gmt":"2025-07-21T12:30:00","guid":{"rendered":"https:\/\/agenciainfra.com\/blog\/?p=25056"},"modified":"2025-07-25T11:55:59","modified_gmt":"2025-07-25T14:55:59","slug":"governo-prepara-mudancas-no-comando-de-quatro-estatais-do-setor-de-energia","status":"publish","type":"post","link":"https:\/\/agenciainfra.com\/blog\/governo-prepara-mudancas-no-comando-de-quatro-estatais-do-setor-de-energia\/","title":{"rendered":"Governo prepara mudan\u00e7as no comando de quatro estatais do setor de energia"},"content":{"rendered":"\n<p class=\"has-text-align-right\"><strong>Lais Carregosa e Geraldo Campos Jr., da Ag\u00eancia iNFRA<\/strong><\/p>\n\n\n\n<p>O governo Lula prepara uma s\u00e9rie de mudan\u00e7as no comando de estatais do\u00a0setor de energia nuclear. Segundo fontes relataram \u00e0\u00a0<strong>Ag\u00eancia iNFRA<\/strong>, o pacote deve incluir al\u00e9m das j\u00e1 esperadas indica\u00e7\u00f5es para a chefia da ENBPar (Empresa Brasileira de Participa\u00e7\u00f5es em Energia Nuclear e Binacional) e da Eletronuclear, altera\u00e7\u00f5es nas presid\u00eancias das estatais INB (Ind\u00fastrias Nucleares do Brasil) e Nuclep (Nuclebr\u00e1s Equipamentos Pesados).<br><br>Para a maior delas, a ENBPar, que \u00e9 respons\u00e1vel pela fatia do governo brasileiro em Itaipu e na Eletronuclear, deve ser indicado Marlos Costa Andrade, informaram pessoas a par do assunto. Ele \u00e9 atual superintendente da Codevasf (Companhia de Desenvolvimento dos Vales do S\u00e3o Francisco e do Parna\u00edba) no Cear\u00e1.<br><br>Andrade assumir\u00e1 a cadeira deixada por Silas Rondeau, que assumiu uma vaga no Conselho de Administra\u00e7\u00e3o da Eletrobras representando o governo. Ele \u00e9 ligado ao deputado Domingos Neto (PSD-CE), segundo fontes, e j\u00e1 passou por \u00f3rg\u00e3os como Funasa e Telebr\u00e1s, mas ainda n\u00e3o tem experi\u00eancia no setor el\u00e9trico. O nome dele j\u00e1 est\u00e1 na Casa Civil.<br><br>Na Eletronuclear, que opera as usinas de Angra 1 e 2, o indicado do governo ser\u00e1 o atual chefe de gabinete da presid\u00eancia da companhia, Andr\u00e9 Os\u00f3rio. Se aprovado pelo conselho, ele assumir\u00e1 o lugar de Raul Lycurgo, que\u00a0<a href=\"https:\/\/agenciainfra.com\/blog\/lycurgo-decide-deixar-presidencia-da-eletronuclear-diretor-de-administracao-e-favorito-para-assumir-cargo-dizem-fontes\/\" target=\"_blank\" rel=\"noreferrer noopener\">deixou o cargo<\/a>\u00a0na \u00faltima quarta-feira (16) e est\u00e1 sendo substitu\u00eddo, de forma interina, pelo diretor t\u00e9cnico Sinval Gama.<br><br>Al\u00e9m de Os\u00f3rio, Sidnei Bispo, diretor de gest\u00e3o administrativa da Eletronuclear, tamb\u00e9m era cotado para a cadeira de Lycurgo. O nome inclusive era apontado como favorito dentro do MME (Minist\u00e9rio de Minas e Energia), mas n\u00e3o vingou. J\u00e1 a indica\u00e7\u00e3o de Andr\u00e9 Os\u00f3rio tem o apoio do PDT.<br><br>As mudan\u00e7as na Eletronuclear devem ir al\u00e9m da presid\u00eancia, segundo relatos. S\u00e3o esperadas trocas nas diretorias T\u00e9cnica, atualmente comandada por Sinval Gama, e de Gest\u00e3o Administrativa \u2013 ocupada hoje por Sidnei Bispo.<br>\u00a0<br><strong>INB e Nuclep<\/strong><br>Para a estatal INB, respons\u00e1vel pela explora\u00e7\u00e3o de ur\u00e2nio no pa\u00eds e pela produ\u00e7\u00e3o do combust\u00edvel nuclear usado nas usinas de Angra, o governo deve indicar Marcelo Xavier de Castro, informaram fontes.\u00a0<br><br>Ele \u00e9 funcion\u00e1rio de carreira da empresa, onde j\u00e1 foi diretor de produ\u00e7\u00e3o de combust\u00edvel nuclear indicado no governo Michel Temer. Castro deve assumir a cadeira de Adauto Seixas, atual presidente da INB.<br><br>Na Nuclep, que fabrica equipamentos pesados para os setores nuclear, de defesa e \u00f3leo e g\u00e1s, est\u00e3o cotados Marcelo Perillo, que foi diretor t\u00e9cnico da Norte Energia e \u00e9 diretor administrativo da estatal, e Adeilson Teles, que ocupa um cargo comissionado na presid\u00eancia da estatal. Ambos s\u00e3o indica\u00e7\u00f5es do deputado Lindbergh Farias (PT-RJ).\u00a0<br><br>Em maio, o governo\u00a0<a href=\"https:\/\/agenciainfra.com\/blog\/governo-demite-presidente-da-nuclep-cotado-para-eletronuclear-apos-foto-com-bolsonarista\/\" target=\"_blank\" rel=\"noreferrer noopener\">exonerou<\/a>\u00a0o ent\u00e3o presidente da Nuclep, Carlos Henrique Silva Seixas. Segundo fontes, o MME recebeu a ordem do Planalto ap\u00f3s a circula\u00e7\u00e3o de uma foto de Seixas ao lado do ex-comandante da Marinha almirante Almir Garnier \u2013 suspeito de envolvimento em planos de golpe de Estado com aliados do ex-presidente Jair Bolsonaro (PL).<\/p>\n","protected":false},"excerpt":{"rendered":"<p>Lais Carregosa e Geraldo Campos Jr., da Ag\u00eancia iNFRA O governo Lula prepara uma s\u00e9rie de mudan\u00e7as no comando de estatais do\u00a0setor de energia nuclear. Segundo fontes relataram \u00e0\u00a0Ag\u00eancia iNFRA, o pacote deve incluir al\u00e9m das j\u00e1 esperadas indica\u00e7\u00f5es para a chefia da ENBPar (Empresa Brasileira de Participa\u00e7\u00f5es em Energia Nuclear e Binacional) e da [&hellip;]<\/p>\n","protected":false},"author":1,"featured_media":24104,"comment_status":"closed","ping_status":"closed","sticky":false,"template":"","format":"standard","meta":{"_monsterinsights_skip_tracking":false,"_monsterinsights_sitenote_active":false,"_monsterinsights_sitenote_note":"","_monsterinsights_sitenote_category":0,"footnotes":""},"categories":[7250,1,10],"tags":[327,5453,359,535,11594,3870,13132,13544],"class_list":["post-25056","post","type-post","status-publish","format-standard","has-post-thumbnail","hentry","category-destaque-lista","category-geral","category-infraenergia","tag-eletronuclear","tag-enbpar","tag-estatais","tag-estatais-de-energia","tag-geraldo-campos-jr","tag-inb","tag-lais-carregosa","tag-nuclep"],"yoast_head":"<!-- This site is optimized with the Yoast SEO Premium plugin v25.4 (Yoast SEO v26.0) - https:\/\/yoast.com\/wordpress\/plugins\/seo\/ -->\n<title>Governo prepara mudan\u00e7as no comando de quatro estatais do setor de energia - Ag\u00eancia iNFRA<\/title>\n<meta name=\"robots\" content=\"index, follow, max-snippet:-1, max-image-preview:large, max-video-preview:-1\" \/>\n<link rel=\"canonical\" href=\"https:\/\/agenciainfra.com\/blog\/governo-prepara-mudancas-no-comando-de-quatro-estatais-do-setor-de-energia\/\" \/>\n<meta property=\"og:locale\" content=\"pt_BR\" \/>\n<meta property=\"og:type\" content=\"article\" \/>\n<meta property=\"og:title\" content=\"Governo prepara mudan\u00e7as no comando de quatro estatais do setor de energia\" \/>\n<meta property=\"og:description\" content=\"Lais Carregosa e Geraldo Campos Jr., da Ag\u00eancia iNFRA O governo Lula prepara uma s\u00e9rie de mudan\u00e7as no comando de estatais do\u00a0setor de energia nuclear. Segundo fontes relataram \u00e0\u00a0Ag\u00eancia iNFRA, o pacote deve incluir al\u00e9m das j\u00e1 esperadas indica\u00e7\u00f5es para a chefia da ENBPar (Empresa Brasileira de Participa\u00e7\u00f5es em Energia Nuclear e Binacional) e da [&hellip;]\" \/>\n<meta property=\"og:url\" content=\"https:\/\/agenciainfra.com\/blog\/governo-prepara-mudancas-no-comando-de-quatro-estatais-do-setor-de-energia\/\" \/>\n<meta property=\"og:site_name\" content=\"Ag\u00eancia iNFRA\" \/>\n<meta property=\"article:publisher\" content=\"https:\/\/www.facebook.com\/ageninfra\" \/>\n<meta property=\"article:published_time\" content=\"2025-07-21T12:30:00+00:00\" \/>\n<meta property=\"article:modified_time\" content=\"2025-07-25T14:55:59+00:00\" \/>\n<meta property=\"og:image\" content=\"https:\/\/agenciainfra.com\/blog\/wp-content\/uploads\/2025\/07\/ministerio-minas-energia-mme-foto-marcelo-camargo-agencia-brasil.jpg\" \/>\n\t<meta property=\"og:image:width\" content=\"1280\" \/>\n\t<meta property=\"og:image:height\" content=\"853\" \/>\n\t<meta property=\"og:image:type\" content=\"image\/jpeg\" \/>\n<meta name=\"author\" content=\"Ag\u00eancia iNFRA\" \/>\n<meta name=\"twitter:card\" content=\"summary_large_image\" \/>\n<meta name=\"twitter:creator\" content=\"@agencia_infra\" \/>\n<meta name=\"twitter:site\" content=\"@agencia_infra\" \/>\n<meta name=\"twitter:label1\" content=\"Escrito por\" \/>\n\t<meta name=\"twitter:data1\" content=\"Ag\u00eancia iNFRA\" \/>\n\t<meta name=\"twitter:label2\" content=\"Est. tempo de leitura\" \/>\n\t<meta name=\"twitter:data2\" content=\"3 minutos\" \/>\n<script type=\"application\/ld+json\" class=\"yoast-schema-graph\">{\"@context\":\"https:\/\/schema.org\",\"@graph\":[{\"@type\":\"Article\",\"@id\":\"https:\/\/agenciainfra.com\/blog\/governo-prepara-mudancas-no-comando-de-quatro-estatais-do-setor-de-energia\/#article\",\"isPartOf\":{\"@id\":\"https:\/\/agenciainfra.com\/blog\/governo-prepara-mudancas-no-comando-de-quatro-estatais-do-setor-de-energia\/\"},\"author\":{\"name\":\"Ag\u00eancia iNFRA\",\"@id\":\"https:\/\/agenciainfra.com\/blog\/#\/schema\/person\/34af08dff6adea4cb22b06612ba7acfa\"},\"headline\":\"Governo prepara mudan\u00e7as no comando de quatro estatais do setor de energia\",\"datePublished\":\"2025-07-21T12:30:00+00:00\",\"dateModified\":\"2025-07-25T14:55:59+00:00\",\"mainEntityOfPage\":{\"@id\":\"https:\/\/agenciainfra.com\/blog\/governo-prepara-mudancas-no-comando-de-quatro-estatais-do-setor-de-energia\/\"},\"wordCount\":553,\"publisher\":{\"@id\":\"https:\/\/agenciainfra.com\/blog\/#organization\"},\"image\":{\"@id\":\"https:\/\/agenciainfra.com\/blog\/governo-prepara-mudancas-no-comando-de-quatro-estatais-do-setor-de-energia\/#primaryimage\"},\"thumbnailUrl\":\"https:\/\/agenciainfra.com\/blog\/wp-content\/uploads\/2025\/07\/ministerio-minas-energia-mme-foto-marcelo-camargo-agencia-brasil.jpg\",\"keywords\":[\"Eletronuclear\",\"ENBPar\",\"estatais\",\"estatais de energia\",\"Geraldo Campos Jr.\",\"INB\",\"Lais Carregosa\",\"nuclep\"],\"articleSection\":[\"Destaque lista\",\"Geral\",\"iNFRAEnergia\"],\"inLanguage\":\"pt-BR\",\"copyrightYear\":\"2025\",\"copyrightHolder\":{\"@id\":\"https:\/\/agenciainfra.com\/blog\/#organization\"}},{\"@type\":\"WebPage\",\"@id\":\"https:\/\/agenciainfra.com\/blog\/governo-prepara-mudancas-no-comando-de-quatro-estatais-do-setor-de-energia\/\",\"url\":\"https:\/\/agenciainfra.com\/blog\/governo-prepara-mudancas-no-comando-de-quatro-estatais-do-setor-de-energia\/\",\"name\":\"Governo prepara mudan\u00e7as no comando de quatro estatais do setor de energia - Ag\u00eancia iNFRA\",\"isPartOf\":{\"@id\":\"https:\/\/agenciainfra.com\/blog\/#website\"},\"primaryImageOfPage\":{\"@id\":\"https:\/\/agenciainfra.com\/blog\/governo-prepara-mudancas-no-comando-de-quatro-estatais-do-setor-de-energia\/#primaryimage\"},\"image\":{\"@id\":\"https:\/\/agenciainfra.com\/blog\/governo-prepara-mudancas-no-comando-de-quatro-estatais-do-setor-de-energia\/#primaryimage\"},\"thumbnailUrl\":\"https:\/\/agenciainfra.com\/blog\/wp-content\/uploads\/2025\/07\/ministerio-minas-energia-mme-foto-marcelo-camargo-agencia-brasil.jpg\",\"datePublished\":\"2025-07-21T12:30:00+00:00\",\"dateModified\":\"2025-07-25T14:55:59+00:00\",\"breadcrumb\":{\"@id\":\"https:\/\/agenciainfra.com\/blog\/governo-prepara-mudancas-no-comando-de-quatro-estatais-do-setor-de-energia\/#breadcrumb\"},\"inLanguage\":\"pt-BR\",\"potentialAction\":[{\"@type\":\"ReadAction\",\"target\":[\"https:\/\/agenciainfra.com\/blog\/governo-prepara-mudancas-no-comando-de-quatro-estatais-do-setor-de-energia\/\"]}]},{\"@type\":\"ImageObject\",\"inLanguage\":\"pt-BR\",\"@id\":\"https:\/\/agenciainfra.com\/blog\/governo-prepara-mudancas-no-comando-de-quatro-estatais-do-setor-de-energia\/#primaryimage\",\"url\":\"https:\/\/agenciainfra.com\/blog\/wp-content\/uploads\/2025\/07\/ministerio-minas-energia-mme-foto-marcelo-camargo-agencia-brasil.jpg\",\"contentUrl\":\"https:\/\/agenciainfra.com\/blog\/wp-content\/uploads\/2025\/07\/ministerio-minas-energia-mme-foto-marcelo-camargo-agencia-brasil.jpg\",\"width\":1280,\"height\":853,\"caption\":\"Foto: Marcelo Camargo\/Ag\u00eancia Brasil\"},{\"@type\":\"BreadcrumbList\",\"@id\":\"https:\/\/agenciainfra.com\/blog\/governo-prepara-mudancas-no-comando-de-quatro-estatais-do-setor-de-energia\/#breadcrumb\",\"itemListElement\":[{\"@type\":\"ListItem\",\"position\":1,\"name\":\"In\u00edcio\",\"item\":\"https:\/\/agenciainfra.com\/blog\/\"},{\"@type\":\"ListItem\",\"position\":2,\"name\":\"Governo prepara mudan\u00e7as no comando de quatro estatais do setor de energia\"}]},{\"@type\":\"WebSite\",\"@id\":\"https:\/\/agenciainfra.com\/blog\/#website\",\"url\":\"https:\/\/agenciainfra.com\/blog\/\",\"name\":\"Ag\u00eancia iNFRA\",\"description\":\"Multiplataforma de informa\u00e7\u00e3o jornal\u00edstica refer\u00eancia na \u00e1rea de infraestrutura no Brasil!\",\"publisher\":{\"@id\":\"https:\/\/agenciainfra.com\/blog\/#organization\"},\"potentialAction\":[{\"@type\":\"SearchAction\",\"target\":{\"@type\":\"EntryPoint\",\"urlTemplate\":\"https:\/\/agenciainfra.com\/blog\/?s={search_term_string}\"},\"query-input\":{\"@type\":\"PropertyValueSpecification\",\"valueRequired\":true,\"valueName\":\"search_term_string\"}}],\"inLanguage\":\"pt-BR\"},{\"@type\":\"Organization\",\"@id\":\"https:\/\/agenciainfra.com\/blog\/#organization\",\"name\":\"Ag\u00eancia iNFRA\",\"url\":\"https:\/\/agenciainfra.com\/blog\/\",\"logo\":{\"@type\":\"ImageObject\",\"inLanguage\":\"pt-BR\",\"@id\":\"https:\/\/agenciainfra.com\/blog\/#\/schema\/logo\/image\/\",\"url\":\"https:\/\/agenciainfra.com\/blog\/wp-content\/uploads\/2023\/09\/iNFRA_5-e1761735885940.png\",\"contentUrl\":\"https:\/\/agenciainfra.com\/blog\/wp-content\/uploads\/2023\/09\/iNFRA_5-e1761735885940.png\",\"width\":1672,\"height\":454,\"caption\":\"Ag\u00eancia iNFRA\"},\"image\":{\"@id\":\"https:\/\/agenciainfra.com\/blog\/#\/schema\/logo\/image\/\"},\"sameAs\":[\"https:\/\/www.facebook.com\/ageninfra\",\"https:\/\/x.com\/agencia_infra\",\"https:\/\/www.linkedin.com\/company\/ag\u00eanciainfra\/\",\"https:\/\/www.instagram.com\/agenciainfra\/\"]},{\"@type\":\"Person\",\"@id\":\"https:\/\/agenciainfra.com\/blog\/#\/schema\/person\/34af08dff6adea4cb22b06612ba7acfa\",\"name\":\"Ag\u00eancia iNFRA\",\"image\":{\"@type\":\"ImageObject\",\"inLanguage\":\"pt-BR\",\"@id\":\"https:\/\/agenciainfra.com\/blog\/#\/schema\/person\/image\/\",\"url\":\"https:\/\/secure.gravatar.com\/avatar\/d189e01678f06d8eb84d4e01f08eb848b3fffe3f8443818d3c356c66892f5be8?s=96&d=mm&r=g\",\"contentUrl\":\"https:\/\/secure.gravatar.com\/avatar\/d189e01678f06d8eb84d4e01f08eb848b3fffe3f8443818d3c356c66892f5be8?s=96&d=mm&r=g\",\"caption\":\"Ag\u00eancia iNFRA\"},\"url\":\"https:\/\/agenciainfra.com\/blog\/author\/admin\/\"}]}<\/script>\n<!-- \/ Yoast SEO Premium plugin. -->","yoast_head_json":{"title":"Governo prepara mudan\u00e7as no comando de quatro estatais do setor de energia - Ag\u00eancia iNFRA","robots":{"index":"index","follow":"follow","max-snippet":"max-snippet:-1","max-image-preview":"max-image-preview:large","max-video-preview":"max-video-preview:-1"},"canonical":"https:\/\/agenciainfra.com\/blog\/governo-prepara-mudancas-no-comando-de-quatro-estatais-do-setor-de-energia\/","og_locale":"pt_BR","og_type":"article","og_title":"Governo prepara mudan\u00e7as no comando de quatro estatais do setor de energia","og_description":"Lais Carregosa e Geraldo Campos Jr., da Ag\u00eancia iNFRA O governo Lula prepara uma s\u00e9rie de mudan\u00e7as no comando de estatais do\u00a0setor de energia nuclear. Segundo fontes relataram \u00e0\u00a0Ag\u00eancia iNFRA, o pacote deve incluir al\u00e9m das j\u00e1 esperadas indica\u00e7\u00f5es para a chefia da ENBPar (Empresa Brasileira de Participa\u00e7\u00f5es em Energia Nuclear e Binacional) e da [&hellip;]","og_url":"https:\/\/agenciainfra.com\/blog\/governo-prepara-mudancas-no-comando-de-quatro-estatais-do-setor-de-energia\/","og_site_name":"Ag\u00eancia iNFRA","article_publisher":"https:\/\/www.facebook.com\/ageninfra","article_published_time":"2025-07-21T12:30:00+00:00","article_modified_time":"2025-07-25T14:55:59+00:00","og_image":[{"width":1280,"height":853,"url":"https:\/\/agenciainfra.com\/blog\/wp-content\/uploads\/2025\/07\/ministerio-minas-energia-mme-foto-marcelo-camargo-agencia-brasil.jpg","type":"image\/jpeg"}],"author":"Ag\u00eancia iNFRA","twitter_card":"summary_large_image","twitter_creator":"@agencia_infra","twitter_site":"@agencia_infra","twitter_misc":{"Escrito por":"Ag\u00eancia iNFRA","Est. tempo de leitura":"3 minutos"},"schema":{"@context":"https:\/\/schema.org","@graph":[{"@type":"Article","@id":"https:\/\/agenciainfra.com\/blog\/governo-prepara-mudancas-no-comando-de-quatro-estatais-do-setor-de-energia\/#article","isPartOf":{"@id":"https:\/\/agenciainfra.com\/blog\/governo-prepara-mudancas-no-comando-de-quatro-estatais-do-setor-de-energia\/"},"author":{"name":"Ag\u00eancia iNFRA","@id":"https:\/\/agenciainfra.com\/blog\/#\/schema\/person\/34af08dff6adea4cb22b06612ba7acfa"},"headline":"Governo prepara mudan\u00e7as no comando de quatro estatais do setor de energia","datePublished":"2025-07-21T12:30:00+00:00","dateModified":"2025-07-25T14:55:59+00:00","mainEntityOfPage":{"@id":"https:\/\/agenciainfra.com\/blog\/governo-prepara-mudancas-no-comando-de-quatro-estatais-do-setor-de-energia\/"},"wordCount":553,"publisher":{"@id":"https:\/\/agenciainfra.com\/blog\/#organization"},"image":{"@id":"https:\/\/agenciainfra.com\/blog\/governo-prepara-mudancas-no-comando-de-quatro-estatais-do-setor-de-energia\/#primaryimage"},"thumbnailUrl":"https:\/\/agenciainfra.com\/blog\/wp-content\/uploads\/2025\/07\/ministerio-minas-energia-mme-foto-marcelo-camargo-agencia-brasil.jpg","keywords":["Eletronuclear","ENBPar","estatais","estatais de energia","Geraldo Campos Jr.","INB","Lais Carregosa","nuclep"],"articleSection":["Destaque lista","Geral","iNFRAEnergia"],"inLanguage":"pt-BR","copyrightYear":"2025","copyrightHolder":{"@id":"https:\/\/agenciainfra.com\/blog\/#organization"}},{"@type":"WebPage","@id":"https:\/\/agenciainfra.com\/blog\/governo-prepara-mudancas-no-comando-de-quatro-estatais-do-setor-de-energia\/","url":"https:\/\/agenciainfra.com\/blog\/governo-prepara-mudancas-no-comando-de-quatro-estatais-do-setor-de-energia\/","name":"Governo prepara mudan\u00e7as no comando de quatro estatais do setor de energia - Ag\u00eancia iNFRA","isPartOf":{"@id":"https:\/\/agenciainfra.com\/blog\/#website"},"primaryImageOfPage":{"@id":"https:\/\/agenciainfra.com\/blog\/governo-prepara-mudancas-no-comando-de-quatro-estatais-do-setor-de-energia\/#primaryimage"},"image":{"@id":"https:\/\/agenciainfra.com\/blog\/governo-prepara-mudancas-no-comando-de-quatro-estatais-do-setor-de-energia\/#primaryimage"},"thumbnailUrl":"https:\/\/agenciainfra.com\/blog\/wp-content\/uploads\/2025\/07\/ministerio-minas-energia-mme-foto-marcelo-camargo-agencia-brasil.jpg","datePublished":"2025-07-21T12:30:00+00:00","dateModified":"2025-07-25T14:55:59+00:00","breadcrumb":{"@id":"https:\/\/agenciainfra.com\/blog\/governo-prepara-mudancas-no-comando-de-quatro-estatais-do-setor-de-energia\/#breadcrumb"},"inLanguage":"pt-BR","potentialAction":[{"@type":"ReadAction","target":["https:\/\/agenciainfra.com\/blog\/governo-prepara-mudancas-no-comando-de-quatro-estatais-do-setor-de-energia\/"]}]},{"@type":"ImageObject","inLanguage":"pt-BR","@id":"https:\/\/agenciainfra.com\/blog\/governo-prepara-mudancas-no-comando-de-quatro-estatais-do-setor-de-energia\/#primaryimage","url":"https:\/\/agenciainfra.com\/blog\/wp-content\/uploads\/2025\/07\/ministerio-minas-energia-mme-foto-marcelo-camargo-agencia-brasil.jpg","contentUrl":"https:\/\/agenciainfra.com\/blog\/wp-content\/uploads\/2025\/07\/ministerio-minas-energia-mme-foto-marcelo-camargo-agencia-brasil.jpg","width":1280,"height":853,"caption":"Foto: Marcelo Camargo\/Ag\u00eancia Brasil"},{"@type":"BreadcrumbList","@id":"https:\/\/agenciainfra.com\/blog\/governo-prepara-mudancas-no-comando-de-quatro-estatais-do-setor-de-energia\/#breadcrumb","itemListElement":[{"@type":"ListItem","position":1,"name":"In\u00edcio","item":"https:\/\/agenciainfra.com\/blog\/"},{"@type":"ListItem","position":2,"name":"Governo prepara mudan\u00e7as no comando de quatro estatais do setor de energia"}]},{"@type":"WebSite","@id":"https:\/\/agenciainfra.com\/blog\/#website","url":"https:\/\/agenciainfra.com\/blog\/","name":"Ag\u00eancia iNFRA","description":"Multiplataforma de informa\u00e7\u00e3o jornal\u00edstica refer\u00eancia na \u00e1rea de infraestrutura no Brasil!","publisher":{"@id":"https:\/\/agenciainfra.com\/blog\/#organization"},"potentialAction":[{"@type":"SearchAction","target":{"@type":"EntryPoint","urlTemplate":"https:\/\/agenciainfra.com\/blog\/?s={search_term_string}"},"query-input":{"@type":"PropertyValueSpecification","valueRequired":true,"valueName":"search_term_string"}}],"inLanguage":"pt-BR"},{"@type":"Organization","@id":"https:\/\/agenciainfra.com\/blog\/#organization","name":"Ag\u00eancia iNFRA","url":"https:\/\/agenciainfra.com\/blog\/","logo":{"@type":"ImageObject","inLanguage":"pt-BR","@id":"https:\/\/agenciainfra.com\/blog\/#\/schema\/logo\/image\/","url":"https:\/\/agenciainfra.com\/blog\/wp-content\/uploads\/2023\/09\/iNFRA_5-e1761735885940.png","contentUrl":"https:\/\/agenciainfra.com\/blog\/wp-content\/uploads\/2023\/09\/iNFRA_5-e1761735885940.png","width":1672,"height":454,"caption":"Ag\u00eancia iNFRA"},"image":{"@id":"https:\/\/agenciainfra.com\/blog\/#\/schema\/logo\/image\/"},"sameAs":["https:\/\/www.facebook.com\/ageninfra","https:\/\/x.com\/agencia_infra","https:\/\/www.linkedin.com\/company\/ag\u00eanciainfra\/","https:\/\/www.instagram.com\/agenciainfra\/"]},{"@type":"Person","@id":"https:\/\/agenciainfra.com\/blog\/#\/schema\/person\/34af08dff6adea4cb22b06612ba7acfa","name":"Ag\u00eancia iNFRA","image":{"@type":"ImageObject","inLanguage":"pt-BR","@id":"https:\/\/agenciainfra.com\/blog\/#\/schema\/person\/image\/","url":"https:\/\/secure.gravatar.com\/avatar\/d189e01678f06d8eb84d4e01f08eb848b3fffe3f8443818d3c356c66892f5be8?s=96&d=mm&r=g","contentUrl":"https:\/\/secure.gravatar.com\/avatar\/d189e01678f06d8eb84d4e01f08eb848b3fffe3f8443818d3c356c66892f5be8?s=96&d=mm&r=g","caption":"Ag\u00eancia iNFRA"},"url":"https:\/\/agenciainfra.com\/blog\/author\/admin\/"}]}},"_links":{"self":[{"href":"https:\/\/agenciainfra.com\/blog\/wp-json\/wp\/v2\/posts\/25056","targetHints":{"allow":["GET"]}}],"collection":[{"href":"https:\/\/agenciainfra.com\/blog\/wp-json\/wp\/v2\/posts"}],"about":[{"href":"https:\/\/agenciainfra.com\/blog\/wp-json\/wp\/v2\/types\/post"}],"author":[{"embeddable":true,"href":"https:\/\/agenciainfra.com\/blog\/wp-json\/wp\/v2\/users\/1"}],"replies":[{"embeddable":true,"href":"https:\/\/agenciainfra.com\/blog\/wp-json\/wp\/v2\/comments?post=25056"}],"version-history":[{"count":4,"href":"https:\/\/agenciainfra.com\/blog\/wp-json\/wp\/v2\/posts\/25056\/revisions"}],"predecessor-version":[{"id":25343,"href":"https:\/\/agenciainfra.com\/blog\/wp-json\/wp\/v2\/posts\/25056\/revisions\/25343"}],"wp:featuredmedia":[{"embeddable":true,"href":"https:\/\/agenciainfra.com\/blog\/wp-json\/wp\/v2\/media\/24104"}],"wp:attachment":[{"href":"https:\/\/agenciainfra.com\/blog\/wp-json\/wp\/v2\/media?parent=25056"}],"wp:term":[{"taxonomy":"category","embeddable":true,"href":"https:\/\/agenciainfra.com\/blog\/wp-json\/wp\/v2\/categories?post=25056"},{"taxonomy":"post_tag","embeddable":true,"href":"https:\/\/agenciainfra.com\/blog\/wp-json\/wp\/v2\/tags?post=25056"}],"curies":[{"name":"wp","href":"https:\/\/api.w.org\/{rel}","templated":true}]}}