{"id":25065,"date":"2025-07-21T08:42:32","date_gmt":"2025-07-21T11:42:32","guid":{"rendered":"https:\/\/agenciainfra.com\/blog\/?p=25065"},"modified":"2025-07-22T07:25:08","modified_gmt":"2025-07-22T10:25:08","slug":"milton-gomes-e-exonerado-do-cargo-de-procurador-geral-da-antt-e-passa-a-comandar-secretaria-especial-na-casa-civil","status":"publish","type":"post","link":"https:\/\/agenciainfra.com\/blog\/milton-gomes-e-exonerado-do-cargo-de-procurador-geral-da-antt-e-passa-a-comandar-secretaria-especial-na-casa-civil\/","title":{"rendered":"Milton Gomes \u00e9 exonerado do cargo de procurador-geral da ANTT e passa a comandar secretaria especial na Casa Civil"},"content":{"rendered":"\n<p class=\"has-text-align-right\"><strong>da Ag\u00eancia iNFRA<\/strong><\/p>\n\n\n\n<p>Milton Carvalho Gomes foi exonerado do cargo de procurador-geral da Procuradoria Federal junto \u00e0 ANTT (Ag\u00eancia Nacional de Transportes Terrestres).<\/p>\n\n\n\n<p>Gomes ir\u00e1 assumir o cargo de secret\u00e1rio adjunto de Infraestrutura da Secretaria Especial para Assuntos Jur\u00eddicos da Casa Civil, em substitui\u00e7\u00e3o a Daniela Marques. A mudan\u00e7a <a href=\"https:\/\/www.in.gov.br\/en\/web\/dou\/-\/portarias-de-18-de-julho-de-2025-643094013\">foi publicada<\/a> no Di\u00e1rio Oficial da Uni\u00e3o desta segunda-feira (21).<\/p>\n\n\n\n<p>O atual procurador-geral da ANA (Ag\u00eancia Nacional de \u00c1guas e Saneamento B\u00e1sico), Rafael Henrique Fortunato, foi nomeado para ocupar a vaga de Gomes na ANTT, sendo exonerado do cargo na ANA.<\/p>\n\n\n\n<p>Milton \u00e9 servidor p\u00fablico da carreira de procurador federal e j\u00e1 teve passagens em \u00f3rg\u00e3os&nbsp;como ANP (Ag\u00eancia Nacional do Petr\u00f3leo, G\u00e1s Natural e Biocombust\u00edveis), Incra (Instituto Nacional de Coloniza\u00e7\u00e3o e Reforma Agr\u00e1ria) e DNIT (Departamento Nacional de Infraestrutura de Transportes), al\u00e9m da ANTT.&nbsp;<\/p>\n\n\n\n<p>J\u00e1 Fortunato estava como procurador-chefe da Procuradoria Federal junto \u00e0 ANA desde fevereiro deste ano. Tamb\u00e9m servidor da AGU (Advocacia-Geral da Uni\u00e3o), ele integrava o quadro do \u00f3rg\u00e3o desde 2015 com per\u00edodos de atua\u00e7\u00e3o em outras institui\u00e7\u00f5es p\u00fablicas.&nbsp;<\/p>\n\n\n\n<p>Entre 2017 e 2018, trabalhou como subchefe adjunto de Infraestrutura substituto da Subchefia de Assuntos Jur\u00eddicos da Presid\u00eancia da Rep\u00fablica. De 2018 a 2021, foi assessor especial do PPI (Programa de Parcerias de Investimentos) da Casa Civil. Em 2022, atuou como assessor na Subchefia Adjunta de Gest\u00e3o P\u00fablica da Casa Civil. J\u00e1 de 2024 a\u00a02025, Fortunato foi assessor da Secretaria Adjunta de Infraestrutura Econ\u00f4mica tamb\u00e9m na Casa Civil, at\u00e9 chegar \u00e0 ANA.\u00a0<\/p>\n\n\n\n<p><\/p>\n","protected":false},"excerpt":{"rendered":"<p>da Ag\u00eancia iNFRA Milton Carvalho Gomes foi exonerado do cargo de procurador-geral da Procuradoria Federal junto \u00e0 ANTT (Ag\u00eancia Nacional de Transportes Terrestres). Gomes ir\u00e1 assumir o cargo de secret\u00e1rio adjunto de Infraestrutura da Secretaria Especial para Assuntos Jur\u00eddicos da Casa Civil, em substitui\u00e7\u00e3o a Daniela Marques. A mudan\u00e7a foi publicada no Di\u00e1rio Oficial da [&hellip;]<\/p>\n","protected":false},"author":1,"featured_media":18170,"comment_status":"closed","ping_status":"closed","sticky":false,"template":"","format":"standard","meta":{"_monsterinsights_skip_tracking":false,"_monsterinsights_sitenote_active":false,"_monsterinsights_sitenote_note":"","_monsterinsights_sitenote_category":0,"footnotes":""},"categories":[7250,1,7],"tags":[14485,12330,6202,14483,1977,14484],"class_list":["post-25065","post","type-post","status-publish","format-standard","has-post-thumbnail","hentry","category-destaque-lista","category-geral","category-infratransporte","tag-assuntos-juridicos-casa-civil","tag-exoneracao","tag-milton-gomes","tag-procuradoria-antt","tag-rafael-henrique-fortunato","tag-secretaria-especial-casa-civil"],"yoast_head":"<!-- This site is optimized with the Yoast SEO Premium plugin v25.4 (Yoast SEO v26.0) - https:\/\/yoast.com\/wordpress\/plugins\/seo\/ -->\n<title>Milton Gomes \u00e9 exonerado do cargo de procurador-geral da ANTT e passa a comandar secretaria especial na Casa Civil - Ag\u00eancia iNFRA<\/title>\n<meta name=\"robots\" content=\"index, follow, max-snippet:-1, max-image-preview:large, max-video-preview:-1\" \/>\n<link rel=\"canonical\" href=\"https:\/\/agenciainfra.com\/blog\/milton-gomes-e-exonerado-do-cargo-de-procurador-geral-da-antt-e-passa-a-comandar-secretaria-especial-na-casa-civil\/\" \/>\n<meta property=\"og:locale\" content=\"pt_BR\" \/>\n<meta property=\"og:type\" content=\"article\" \/>\n<meta property=\"og:title\" content=\"Milton Gomes \u00e9 exonerado do cargo de procurador-geral da ANTT e passa a comandar secretaria especial na Casa Civil\" \/>\n<meta property=\"og:description\" content=\"da Ag\u00eancia iNFRA Milton Carvalho Gomes foi exonerado do cargo de procurador-geral da Procuradoria Federal junto \u00e0 ANTT (Ag\u00eancia Nacional de Transportes Terrestres). Gomes ir\u00e1 assumir o cargo de secret\u00e1rio adjunto de Infraestrutura da Secretaria Especial para Assuntos Jur\u00eddicos da Casa Civil, em substitui\u00e7\u00e3o a Daniela Marques. A mudan\u00e7a foi publicada no Di\u00e1rio Oficial da [&hellip;]\" \/>\n<meta property=\"og:url\" content=\"https:\/\/agenciainfra.com\/blog\/milton-gomes-e-exonerado-do-cargo-de-procurador-geral-da-antt-e-passa-a-comandar-secretaria-especial-na-casa-civil\/\" \/>\n<meta property=\"og:site_name\" content=\"Ag\u00eancia iNFRA\" \/>\n<meta property=\"article:publisher\" content=\"https:\/\/www.facebook.com\/ageninfra\" \/>\n<meta property=\"article:published_time\" content=\"2025-07-21T11:42:32+00:00\" \/>\n<meta property=\"article:modified_time\" content=\"2025-07-22T10:25:08+00:00\" \/>\n<meta property=\"og:image\" content=\"https:\/\/agenciainfra.com\/blog\/wp-content\/uploads\/2024\/08\/milton-carvalho-gomes-foto-divulgacao-2.jpg\" \/>\n\t<meta property=\"og:image:width\" content=\"1202\" \/>\n\t<meta property=\"og:image:height\" content=\"801\" \/>\n\t<meta property=\"og:image:type\" content=\"image\/jpeg\" \/>\n<meta name=\"author\" content=\"Ag\u00eancia iNFRA\" \/>\n<meta name=\"twitter:card\" content=\"summary_large_image\" \/>\n<meta name=\"twitter:creator\" content=\"@agencia_infra\" \/>\n<meta name=\"twitter:site\" content=\"@agencia_infra\" \/>\n<meta name=\"twitter:label1\" content=\"Escrito por\" \/>\n\t<meta name=\"twitter:data1\" content=\"Ag\u00eancia iNFRA\" \/>\n\t<meta name=\"twitter:label2\" content=\"Est. tempo de leitura\" \/>\n\t<meta name=\"twitter:data2\" content=\"1 minuto\" \/>\n<script type=\"application\/ld+json\" class=\"yoast-schema-graph\">{\"@context\":\"https:\/\/schema.org\",\"@graph\":[{\"@type\":\"Article\",\"@id\":\"https:\/\/agenciainfra.com\/blog\/milton-gomes-e-exonerado-do-cargo-de-procurador-geral-da-antt-e-passa-a-comandar-secretaria-especial-na-casa-civil\/#article\",\"isPartOf\":{\"@id\":\"https:\/\/agenciainfra.com\/blog\/milton-gomes-e-exonerado-do-cargo-de-procurador-geral-da-antt-e-passa-a-comandar-secretaria-especial-na-casa-civil\/\"},\"author\":{\"name\":\"Ag\u00eancia iNFRA\",\"@id\":\"https:\/\/agenciainfra.com\/blog\/#\/schema\/person\/34af08dff6adea4cb22b06612ba7acfa\"},\"headline\":\"Milton Gomes \u00e9 exonerado do cargo de procurador-geral da ANTT e passa a comandar secretaria especial na Casa Civil\",\"datePublished\":\"2025-07-21T11:42:32+00:00\",\"dateModified\":\"2025-07-22T10:25:08+00:00\",\"mainEntityOfPage\":{\"@id\":\"https:\/\/agenciainfra.com\/blog\/milton-gomes-e-exonerado-do-cargo-de-procurador-geral-da-antt-e-passa-a-comandar-secretaria-especial-na-casa-civil\/\"},\"wordCount\":286,\"publisher\":{\"@id\":\"https:\/\/agenciainfra.com\/blog\/#organization\"},\"image\":{\"@id\":\"https:\/\/agenciainfra.com\/blog\/milton-gomes-e-exonerado-do-cargo-de-procurador-geral-da-antt-e-passa-a-comandar-secretaria-especial-na-casa-civil\/#primaryimage\"},\"thumbnailUrl\":\"https:\/\/agenciainfra.com\/blog\/wp-content\/uploads\/2024\/08\/milton-carvalho-gomes-foto-divulgacao-2.jpg\",\"keywords\":[\"assuntos jur\u00eddicos casa civil\",\"exonera\u00e7\u00e3o\",\"Milton Gomes\",\"procuradoria antt\",\"Rafael Henrique Fortunato\",\"secretaria especial casa civil\"],\"articleSection\":[\"Destaque lista\",\"Geral\",\"iNFRATransporte\"],\"inLanguage\":\"pt-BR\",\"copyrightYear\":\"2025\",\"copyrightHolder\":{\"@id\":\"https:\/\/agenciainfra.com\/blog\/#organization\"}},{\"@type\":\"WebPage\",\"@id\":\"https:\/\/agenciainfra.com\/blog\/milton-gomes-e-exonerado-do-cargo-de-procurador-geral-da-antt-e-passa-a-comandar-secretaria-especial-na-casa-civil\/\",\"url\":\"https:\/\/agenciainfra.com\/blog\/milton-gomes-e-exonerado-do-cargo-de-procurador-geral-da-antt-e-passa-a-comandar-secretaria-especial-na-casa-civil\/\",\"name\":\"Milton Gomes \u00e9 exonerado do cargo de procurador-geral da ANTT e passa a comandar secretaria especial na Casa Civil - Ag\u00eancia iNFRA\",\"isPartOf\":{\"@id\":\"https:\/\/agenciainfra.com\/blog\/#website\"},\"primaryImageOfPage\":{\"@id\":\"https:\/\/agenciainfra.com\/blog\/milton-gomes-e-exonerado-do-cargo-de-procurador-geral-da-antt-e-passa-a-comandar-secretaria-especial-na-casa-civil\/#primaryimage\"},\"image\":{\"@id\":\"https:\/\/agenciainfra.com\/blog\/milton-gomes-e-exonerado-do-cargo-de-procurador-geral-da-antt-e-passa-a-comandar-secretaria-especial-na-casa-civil\/#primaryimage\"},\"thumbnailUrl\":\"https:\/\/agenciainfra.com\/blog\/wp-content\/uploads\/2024\/08\/milton-carvalho-gomes-foto-divulgacao-2.jpg\",\"datePublished\":\"2025-07-21T11:42:32+00:00\",\"dateModified\":\"2025-07-22T10:25:08+00:00\",\"breadcrumb\":{\"@id\":\"https:\/\/agenciainfra.com\/blog\/milton-gomes-e-exonerado-do-cargo-de-procurador-geral-da-antt-e-passa-a-comandar-secretaria-especial-na-casa-civil\/#breadcrumb\"},\"inLanguage\":\"pt-BR\",\"potentialAction\":[{\"@type\":\"ReadAction\",\"target\":[\"https:\/\/agenciainfra.com\/blog\/milton-gomes-e-exonerado-do-cargo-de-procurador-geral-da-antt-e-passa-a-comandar-secretaria-especial-na-casa-civil\/\"]}]},{\"@type\":\"ImageObject\",\"inLanguage\":\"pt-BR\",\"@id\":\"https:\/\/agenciainfra.com\/blog\/milton-gomes-e-exonerado-do-cargo-de-procurador-geral-da-antt-e-passa-a-comandar-secretaria-especial-na-casa-civil\/#primaryimage\",\"url\":\"https:\/\/agenciainfra.com\/blog\/wp-content\/uploads\/2024\/08\/milton-carvalho-gomes-foto-divulgacao-2.jpg\",\"contentUrl\":\"https:\/\/agenciainfra.com\/blog\/wp-content\/uploads\/2024\/08\/milton-carvalho-gomes-foto-divulgacao-2.jpg\",\"width\":1202,\"height\":801,\"caption\":\"Foto: Divulga\u00e7\u00e3o\"},{\"@type\":\"BreadcrumbList\",\"@id\":\"https:\/\/agenciainfra.com\/blog\/milton-gomes-e-exonerado-do-cargo-de-procurador-geral-da-antt-e-passa-a-comandar-secretaria-especial-na-casa-civil\/#breadcrumb\",\"itemListElement\":[{\"@type\":\"ListItem\",\"position\":1,\"name\":\"In\u00edcio\",\"item\":\"https:\/\/agenciainfra.com\/blog\/\"},{\"@type\":\"ListItem\",\"position\":2,\"name\":\"Milton Gomes \u00e9 exonerado do cargo de procurador-geral da ANTT e passa a comandar secretaria especial na Casa Civil\"}]},{\"@type\":\"WebSite\",\"@id\":\"https:\/\/agenciainfra.com\/blog\/#website\",\"url\":\"https:\/\/agenciainfra.com\/blog\/\",\"name\":\"Ag\u00eancia iNFRA\",\"description\":\"Multiplataforma de informa\u00e7\u00e3o jornal\u00edstica refer\u00eancia na \u00e1rea de infraestrutura no Brasil!\",\"publisher\":{\"@id\":\"https:\/\/agenciainfra.com\/blog\/#organization\"},\"potentialAction\":[{\"@type\":\"SearchAction\",\"target\":{\"@type\":\"EntryPoint\",\"urlTemplate\":\"https:\/\/agenciainfra.com\/blog\/?s={search_term_string}\"},\"query-input\":{\"@type\":\"PropertyValueSpecification\",\"valueRequired\":true,\"valueName\":\"search_term_string\"}}],\"inLanguage\":\"pt-BR\"},{\"@type\":\"Organization\",\"@id\":\"https:\/\/agenciainfra.com\/blog\/#organization\",\"name\":\"Ag\u00eancia iNFRA\",\"url\":\"https:\/\/agenciainfra.com\/blog\/\",\"logo\":{\"@type\":\"ImageObject\",\"inLanguage\":\"pt-BR\",\"@id\":\"https:\/\/agenciainfra.com\/blog\/#\/schema\/logo\/image\/\",\"url\":\"https:\/\/agenciainfra.com\/blog\/wp-content\/uploads\/2023\/09\/iNFRA_5-e1761735885940.png\",\"contentUrl\":\"https:\/\/agenciainfra.com\/blog\/wp-content\/uploads\/2023\/09\/iNFRA_5-e1761735885940.png\",\"width\":1672,\"height\":454,\"caption\":\"Ag\u00eancia iNFRA\"},\"image\":{\"@id\":\"https:\/\/agenciainfra.com\/blog\/#\/schema\/logo\/image\/\"},\"sameAs\":[\"https:\/\/www.facebook.com\/ageninfra\",\"https:\/\/x.com\/agencia_infra\",\"https:\/\/www.linkedin.com\/company\/ag\u00eanciainfra\/\",\"https:\/\/www.instagram.com\/agenciainfra\/\"]},{\"@type\":\"Person\",\"@id\":\"https:\/\/agenciainfra.com\/blog\/#\/schema\/person\/34af08dff6adea4cb22b06612ba7acfa\",\"name\":\"Ag\u00eancia iNFRA\",\"image\":{\"@type\":\"ImageObject\",\"inLanguage\":\"pt-BR\",\"@id\":\"https:\/\/agenciainfra.com\/blog\/#\/schema\/person\/image\/\",\"url\":\"https:\/\/secure.gravatar.com\/avatar\/d189e01678f06d8eb84d4e01f08eb848b3fffe3f8443818d3c356c66892f5be8?s=96&d=mm&r=g\",\"contentUrl\":\"https:\/\/secure.gravatar.com\/avatar\/d189e01678f06d8eb84d4e01f08eb848b3fffe3f8443818d3c356c66892f5be8?s=96&d=mm&r=g\",\"caption\":\"Ag\u00eancia iNFRA\"},\"url\":\"https:\/\/agenciainfra.com\/blog\/author\/admin\/\"}]}<\/script>\n<!-- \/ Yoast SEO Premium plugin. -->","yoast_head_json":{"title":"Milton Gomes \u00e9 exonerado do cargo de procurador-geral da ANTT e passa a comandar secretaria especial na Casa Civil - Ag\u00eancia iNFRA","robots":{"index":"index","follow":"follow","max-snippet":"max-snippet:-1","max-image-preview":"max-image-preview:large","max-video-preview":"max-video-preview:-1"},"canonical":"https:\/\/agenciainfra.com\/blog\/milton-gomes-e-exonerado-do-cargo-de-procurador-geral-da-antt-e-passa-a-comandar-secretaria-especial-na-casa-civil\/","og_locale":"pt_BR","og_type":"article","og_title":"Milton Gomes \u00e9 exonerado do cargo de procurador-geral da ANTT e passa a comandar secretaria especial na Casa Civil","og_description":"da Ag\u00eancia iNFRA Milton Carvalho Gomes foi exonerado do cargo de procurador-geral da Procuradoria Federal junto \u00e0 ANTT (Ag\u00eancia Nacional de Transportes Terrestres). Gomes ir\u00e1 assumir o cargo de secret\u00e1rio adjunto de Infraestrutura da Secretaria Especial para Assuntos Jur\u00eddicos da Casa Civil, em substitui\u00e7\u00e3o a Daniela Marques. A mudan\u00e7a foi publicada no Di\u00e1rio Oficial da [&hellip;]","og_url":"https:\/\/agenciainfra.com\/blog\/milton-gomes-e-exonerado-do-cargo-de-procurador-geral-da-antt-e-passa-a-comandar-secretaria-especial-na-casa-civil\/","og_site_name":"Ag\u00eancia iNFRA","article_publisher":"https:\/\/www.facebook.com\/ageninfra","article_published_time":"2025-07-21T11:42:32+00:00","article_modified_time":"2025-07-22T10:25:08+00:00","og_image":[{"width":1202,"height":801,"url":"https:\/\/agenciainfra.com\/blog\/wp-content\/uploads\/2024\/08\/milton-carvalho-gomes-foto-divulgacao-2.jpg","type":"image\/jpeg"}],"author":"Ag\u00eancia iNFRA","twitter_card":"summary_large_image","twitter_creator":"@agencia_infra","twitter_site":"@agencia_infra","twitter_misc":{"Escrito por":"Ag\u00eancia iNFRA","Est. tempo de leitura":"1 minuto"},"schema":{"@context":"https:\/\/schema.org","@graph":[{"@type":"Article","@id":"https:\/\/agenciainfra.com\/blog\/milton-gomes-e-exonerado-do-cargo-de-procurador-geral-da-antt-e-passa-a-comandar-secretaria-especial-na-casa-civil\/#article","isPartOf":{"@id":"https:\/\/agenciainfra.com\/blog\/milton-gomes-e-exonerado-do-cargo-de-procurador-geral-da-antt-e-passa-a-comandar-secretaria-especial-na-casa-civil\/"},"author":{"name":"Ag\u00eancia iNFRA","@id":"https:\/\/agenciainfra.com\/blog\/#\/schema\/person\/34af08dff6adea4cb22b06612ba7acfa"},"headline":"Milton Gomes \u00e9 exonerado do cargo de procurador-geral da ANTT e passa a comandar secretaria especial na Casa Civil","datePublished":"2025-07-21T11:42:32+00:00","dateModified":"2025-07-22T10:25:08+00:00","mainEntityOfPage":{"@id":"https:\/\/agenciainfra.com\/blog\/milton-gomes-e-exonerado-do-cargo-de-procurador-geral-da-antt-e-passa-a-comandar-secretaria-especial-na-casa-civil\/"},"wordCount":286,"publisher":{"@id":"https:\/\/agenciainfra.com\/blog\/#organization"},"image":{"@id":"https:\/\/agenciainfra.com\/blog\/milton-gomes-e-exonerado-do-cargo-de-procurador-geral-da-antt-e-passa-a-comandar-secretaria-especial-na-casa-civil\/#primaryimage"},"thumbnailUrl":"https:\/\/agenciainfra.com\/blog\/wp-content\/uploads\/2024\/08\/milton-carvalho-gomes-foto-divulgacao-2.jpg","keywords":["assuntos jur\u00eddicos casa civil","exonera\u00e7\u00e3o","Milton Gomes","procuradoria antt","Rafael Henrique Fortunato","secretaria especial casa civil"],"articleSection":["Destaque lista","Geral","iNFRATransporte"],"inLanguage":"pt-BR","copyrightYear":"2025","copyrightHolder":{"@id":"https:\/\/agenciainfra.com\/blog\/#organization"}},{"@type":"WebPage","@id":"https:\/\/agenciainfra.com\/blog\/milton-gomes-e-exonerado-do-cargo-de-procurador-geral-da-antt-e-passa-a-comandar-secretaria-especial-na-casa-civil\/","url":"https:\/\/agenciainfra.com\/blog\/milton-gomes-e-exonerado-do-cargo-de-procurador-geral-da-antt-e-passa-a-comandar-secretaria-especial-na-casa-civil\/","name":"Milton Gomes \u00e9 exonerado do cargo de procurador-geral da ANTT e passa a comandar secretaria especial na Casa Civil - Ag\u00eancia iNFRA","isPartOf":{"@id":"https:\/\/agenciainfra.com\/blog\/#website"},"primaryImageOfPage":{"@id":"https:\/\/agenciainfra.com\/blog\/milton-gomes-e-exonerado-do-cargo-de-procurador-geral-da-antt-e-passa-a-comandar-secretaria-especial-na-casa-civil\/#primaryimage"},"image":{"@id":"https:\/\/agenciainfra.com\/blog\/milton-gomes-e-exonerado-do-cargo-de-procurador-geral-da-antt-e-passa-a-comandar-secretaria-especial-na-casa-civil\/#primaryimage"},"thumbnailUrl":"https:\/\/agenciainfra.com\/blog\/wp-content\/uploads\/2024\/08\/milton-carvalho-gomes-foto-divulgacao-2.jpg","datePublished":"2025-07-21T11:42:32+00:00","dateModified":"2025-07-22T10:25:08+00:00","breadcrumb":{"@id":"https:\/\/agenciainfra.com\/blog\/milton-gomes-e-exonerado-do-cargo-de-procurador-geral-da-antt-e-passa-a-comandar-secretaria-especial-na-casa-civil\/#breadcrumb"},"inLanguage":"pt-BR","potentialAction":[{"@type":"ReadAction","target":["https:\/\/agenciainfra.com\/blog\/milton-gomes-e-exonerado-do-cargo-de-procurador-geral-da-antt-e-passa-a-comandar-secretaria-especial-na-casa-civil\/"]}]},{"@type":"ImageObject","inLanguage":"pt-BR","@id":"https:\/\/agenciainfra.com\/blog\/milton-gomes-e-exonerado-do-cargo-de-procurador-geral-da-antt-e-passa-a-comandar-secretaria-especial-na-casa-civil\/#primaryimage","url":"https:\/\/agenciainfra.com\/blog\/wp-content\/uploads\/2024\/08\/milton-carvalho-gomes-foto-divulgacao-2.jpg","contentUrl":"https:\/\/agenciainfra.com\/blog\/wp-content\/uploads\/2024\/08\/milton-carvalho-gomes-foto-divulgacao-2.jpg","width":1202,"height":801,"caption":"Foto: Divulga\u00e7\u00e3o"},{"@type":"BreadcrumbList","@id":"https:\/\/agenciainfra.com\/blog\/milton-gomes-e-exonerado-do-cargo-de-procurador-geral-da-antt-e-passa-a-comandar-secretaria-especial-na-casa-civil\/#breadcrumb","itemListElement":[{"@type":"ListItem","position":1,"name":"In\u00edcio","item":"https:\/\/agenciainfra.com\/blog\/"},{"@type":"ListItem","position":2,"name":"Milton Gomes \u00e9 exonerado do cargo de procurador-geral da ANTT e passa a comandar secretaria especial na Casa Civil"}]},{"@type":"WebSite","@id":"https:\/\/agenciainfra.com\/blog\/#website","url":"https:\/\/agenciainfra.com\/blog\/","name":"Ag\u00eancia iNFRA","description":"Multiplataforma de informa\u00e7\u00e3o jornal\u00edstica refer\u00eancia na \u00e1rea de infraestrutura no Brasil!","publisher":{"@id":"https:\/\/agenciainfra.com\/blog\/#organization"},"potentialAction":[{"@type":"SearchAction","target":{"@type":"EntryPoint","urlTemplate":"https:\/\/agenciainfra.com\/blog\/?s={search_term_string}"},"query-input":{"@type":"PropertyValueSpecification","valueRequired":true,"valueName":"search_term_string"}}],"inLanguage":"pt-BR"},{"@type":"Organization","@id":"https:\/\/agenciainfra.com\/blog\/#organization","name":"Ag\u00eancia iNFRA","url":"https:\/\/agenciainfra.com\/blog\/","logo":{"@type":"ImageObject","inLanguage":"pt-BR","@id":"https:\/\/agenciainfra.com\/blog\/#\/schema\/logo\/image\/","url":"https:\/\/agenciainfra.com\/blog\/wp-content\/uploads\/2023\/09\/iNFRA_5-e1761735885940.png","contentUrl":"https:\/\/agenciainfra.com\/blog\/wp-content\/uploads\/2023\/09\/iNFRA_5-e1761735885940.png","width":1672,"height":454,"caption":"Ag\u00eancia iNFRA"},"image":{"@id":"https:\/\/agenciainfra.com\/blog\/#\/schema\/logo\/image\/"},"sameAs":["https:\/\/www.facebook.com\/ageninfra","https:\/\/x.com\/agencia_infra","https:\/\/www.linkedin.com\/company\/ag\u00eanciainfra\/","https:\/\/www.instagram.com\/agenciainfra\/"]},{"@type":"Person","@id":"https:\/\/agenciainfra.com\/blog\/#\/schema\/person\/34af08dff6adea4cb22b06612ba7acfa","name":"Ag\u00eancia iNFRA","image":{"@type":"ImageObject","inLanguage":"pt-BR","@id":"https:\/\/agenciainfra.com\/blog\/#\/schema\/person\/image\/","url":"https:\/\/secure.gravatar.com\/avatar\/d189e01678f06d8eb84d4e01f08eb848b3fffe3f8443818d3c356c66892f5be8?s=96&d=mm&r=g","contentUrl":"https:\/\/secure.gravatar.com\/avatar\/d189e01678f06d8eb84d4e01f08eb848b3fffe3f8443818d3c356c66892f5be8?s=96&d=mm&r=g","caption":"Ag\u00eancia iNFRA"},"url":"https:\/\/agenciainfra.com\/blog\/author\/admin\/"}]}},"_links":{"self":[{"href":"https:\/\/agenciainfra.com\/blog\/wp-json\/wp\/v2\/posts\/25065","targetHints":{"allow":["GET"]}}],"collection":[{"href":"https:\/\/agenciainfra.com\/blog\/wp-json\/wp\/v2\/posts"}],"about":[{"href":"https:\/\/agenciainfra.com\/blog\/wp-json\/wp\/v2\/types\/post"}],"author":[{"embeddable":true,"href":"https:\/\/agenciainfra.com\/blog\/wp-json\/wp\/v2\/users\/1"}],"replies":[{"embeddable":true,"href":"https:\/\/agenciainfra.com\/blog\/wp-json\/wp\/v2\/comments?post=25065"}],"version-history":[{"count":3,"href":"https:\/\/agenciainfra.com\/blog\/wp-json\/wp\/v2\/posts\/25065\/revisions"}],"predecessor-version":[{"id":25130,"href":"https:\/\/agenciainfra.com\/blog\/wp-json\/wp\/v2\/posts\/25065\/revisions\/25130"}],"wp:featuredmedia":[{"embeddable":true,"href":"https:\/\/agenciainfra.com\/blog\/wp-json\/wp\/v2\/media\/18170"}],"wp:attachment":[{"href":"https:\/\/agenciainfra.com\/blog\/wp-json\/wp\/v2\/media?parent=25065"}],"wp:term":[{"taxonomy":"category","embeddable":true,"href":"https:\/\/agenciainfra.com\/blog\/wp-json\/wp\/v2\/categories?post=25065"},{"taxonomy":"post_tag","embeddable":true,"href":"https:\/\/agenciainfra.com\/blog\/wp-json\/wp\/v2\/tags?post=25065"}],"curies":[{"name":"wp","href":"https:\/\/api.w.org\/{rel}","templated":true}]}}