{"id":25119,"date":"2025-07-21T19:15:07","date_gmt":"2025-07-21T22:15:07","guid":{"rendered":"https:\/\/agenciainfra.com\/blog\/?p=25119"},"modified":"2025-07-22T15:28:21","modified_gmt":"2025-07-22T18:28:21","slug":"apos-nota-da-cgu-enel-diz-que-tem-ampliado-investimentos-em-sao-paulo-e-reforcado-plano-operacional-com-contratacoes","status":"publish","type":"post","link":"https:\/\/agenciainfra.com\/blog\/apos-nota-da-cgu-enel-diz-que-tem-ampliado-investimentos-em-sao-paulo-e-reforcado-plano-operacional-com-contratacoes\/","title":{"rendered":"Ap\u00f3s nota da CGU, Enel diz que tem ampliado investimentos em S\u00e3o Paulo e refor\u00e7ado plano operacional com contrata\u00e7\u00f5es"},"content":{"rendered":"\n<p class=\"has-text-align-right\"><strong>Geraldo Campos Jr.,<\/strong> <strong>da Ag\u00eancia iNFRA<\/strong><\/p>\n\n\n\n<p>A Enel informou nesta segunda-feira (21) que tem ampliado seus investimentos em S\u00e3o Paulo, com aportes previstos de R$ 10,4 bilh\u00f5es de 2025 a 2027, e refor\u00e7ado seu plano operacional para os eventos extremos com contrata\u00e7\u00f5es de 1.200 novos profissionais. A informa\u00e7\u00e3o, por meio de nota, veio ap\u00f3s a CGU (Controladoria-Geral da Uni\u00e3o) publicar <a href=\"https:\/\/ecgu.cgu.gov.br\/relatorio\/1720170\">relat\u00f3rio<\/a> dizendo que a Enel SP n\u00e3o seguiu o plano de conting\u00eancia no apag\u00e3o de outubro de 2024.<\/p>\n\n\n\n<p>A distribuidora explicou que, no evento de novembro de 2023, em S\u00e3o Paulo, um temporal deixou sem energia 2,1 milh\u00f5es de clientes, dos quais 66% tiveram o fornecimento restabelecido em at\u00e9 24 horas e 86% em at\u00e9 48 horas. J\u00e1 em outubro de 2024, \u201cum evento clim\u00e1tico ainda mais forte atingiu um n\u00famero maior de clientes\u201d \u2013 3,1 milh\u00f5es \u2013 e \u201ccontou com recupera\u00e7\u00e3o mais r\u00e1pida\u201d, com 80% dos afetados religados em at\u00e9 24 horas e 93% em at\u00e9 48 horas.<\/p>\n","protected":false},"excerpt":{"rendered":"<p>Geraldo Campos Jr., da Ag\u00eancia iNFRA A Enel informou nesta segunda-feira (21) que tem ampliado seus investimentos em S\u00e3o Paulo, com aportes previstos de R$ 10,4 bilh\u00f5es de 2025 a 2027, e refor\u00e7ado seu plano operacional para os eventos extremos com contrata\u00e7\u00f5es de 1.200 novos profissionais. A informa\u00e7\u00e3o, por meio de nota, veio ap\u00f3s a [&hellip;]<\/p>\n","protected":false},"author":1,"featured_media":10277,"comment_status":"closed","ping_status":"closed","sticky":false,"template":"","format":"standard","meta":{"_monsterinsights_skip_tracking":false,"_monsterinsights_sitenote_active":false,"_monsterinsights_sitenote_note":"","_monsterinsights_sitenote_category":0,"footnotes":""},"categories":[7250,1,10],"tags":[53,12942,1176,7829,282,9359,11594],"class_list":["post-25119","post","type-post","status-publish","format-standard","has-post-thumbnail","hentry","category-destaque-lista","category-geral","category-infraenergia","tag-aneel","tag-apagao-de-2023","tag-cgu","tag-enel-sp","tag-energia-eletrica","tag-fornecimento-de-energia","tag-geraldo-campos-jr"],"yoast_head":"<!-- This site is optimized with the Yoast SEO Premium plugin v25.4 (Yoast SEO v26.0) - https:\/\/yoast.com\/wordpress\/plugins\/seo\/ -->\n<title>Ap\u00f3s nota da CGU, Enel diz que tem ampliado investimentos em S\u00e3o Paulo e refor\u00e7ado plano operacional com contrata\u00e7\u00f5es - Ag\u00eancia iNFRA<\/title>\n<meta name=\"robots\" content=\"index, follow, max-snippet:-1, max-image-preview:large, max-video-preview:-1\" \/>\n<link rel=\"canonical\" href=\"https:\/\/agenciainfra.com\/blog\/apos-nota-da-cgu-enel-diz-que-tem-ampliado-investimentos-em-sao-paulo-e-reforcado-plano-operacional-com-contratacoes\/\" \/>\n<meta property=\"og:locale\" content=\"pt_BR\" \/>\n<meta property=\"og:type\" content=\"article\" \/>\n<meta property=\"og:title\" content=\"Ap\u00f3s nota da CGU, Enel diz que tem ampliado investimentos em S\u00e3o Paulo e refor\u00e7ado plano operacional com contrata\u00e7\u00f5es\" \/>\n<meta property=\"og:description\" content=\"Geraldo Campos Jr., da Ag\u00eancia iNFRA A Enel informou nesta segunda-feira (21) que tem ampliado seus investimentos em S\u00e3o Paulo, com aportes previstos de R$ 10,4 bilh\u00f5es de 2025 a 2027, e refor\u00e7ado seu plano operacional para os eventos extremos com contrata\u00e7\u00f5es de 1.200 novos profissionais. A informa\u00e7\u00e3o, por meio de nota, veio ap\u00f3s a [&hellip;]\" \/>\n<meta property=\"og:url\" content=\"https:\/\/agenciainfra.com\/blog\/apos-nota-da-cgu-enel-diz-que-tem-ampliado-investimentos-em-sao-paulo-e-reforcado-plano-operacional-com-contratacoes\/\" \/>\n<meta property=\"og:site_name\" content=\"Ag\u00eancia iNFRA\" \/>\n<meta property=\"article:publisher\" content=\"https:\/\/www.facebook.com\/ageninfra\" \/>\n<meta property=\"article:published_time\" content=\"2025-07-21T22:15:07+00:00\" \/>\n<meta property=\"article:modified_time\" content=\"2025-07-22T18:28:21+00:00\" \/>\n<meta property=\"og:image\" content=\"https:\/\/agenciainfra.com\/blog\/wp-content\/uploads\/2022\/05\/enel-divulgacao.jpg\" \/>\n\t<meta property=\"og:image:width\" content=\"1300\" \/>\n\t<meta property=\"og:image:height\" content=\"866\" \/>\n\t<meta property=\"og:image:type\" content=\"image\/jpeg\" \/>\n<meta name=\"author\" content=\"Ag\u00eancia iNFRA\" \/>\n<meta name=\"twitter:card\" content=\"summary_large_image\" \/>\n<meta name=\"twitter:creator\" content=\"@agencia_infra\" \/>\n<meta name=\"twitter:site\" content=\"@agencia_infra\" \/>\n<meta name=\"twitter:label1\" content=\"Escrito por\" \/>\n\t<meta name=\"twitter:data1\" content=\"Ag\u00eancia iNFRA\" \/>\n\t<meta name=\"twitter:label2\" content=\"Est. tempo de leitura\" \/>\n\t<meta name=\"twitter:data2\" content=\"1 minuto\" \/>\n<script type=\"application\/ld+json\" class=\"yoast-schema-graph\">{\"@context\":\"https:\/\/schema.org\",\"@graph\":[{\"@type\":\"Article\",\"@id\":\"https:\/\/agenciainfra.com\/blog\/apos-nota-da-cgu-enel-diz-que-tem-ampliado-investimentos-em-sao-paulo-e-reforcado-plano-operacional-com-contratacoes\/#article\",\"isPartOf\":{\"@id\":\"https:\/\/agenciainfra.com\/blog\/apos-nota-da-cgu-enel-diz-que-tem-ampliado-investimentos-em-sao-paulo-e-reforcado-plano-operacional-com-contratacoes\/\"},\"author\":{\"name\":\"Ag\u00eancia iNFRA\",\"@id\":\"https:\/\/agenciainfra.com\/blog\/#\/schema\/person\/34af08dff6adea4cb22b06612ba7acfa\"},\"headline\":\"Ap\u00f3s nota da CGU, Enel diz que tem ampliado investimentos em S\u00e3o Paulo e refor\u00e7ado plano operacional com contrata\u00e7\u00f5es\",\"datePublished\":\"2025-07-21T22:15:07+00:00\",\"dateModified\":\"2025-07-22T18:28:21+00:00\",\"mainEntityOfPage\":{\"@id\":\"https:\/\/agenciainfra.com\/blog\/apos-nota-da-cgu-enel-diz-que-tem-ampliado-investimentos-em-sao-paulo-e-reforcado-plano-operacional-com-contratacoes\/\"},\"wordCount\":181,\"publisher\":{\"@id\":\"https:\/\/agenciainfra.com\/blog\/#organization\"},\"image\":{\"@id\":\"https:\/\/agenciainfra.com\/blog\/apos-nota-da-cgu-enel-diz-que-tem-ampliado-investimentos-em-sao-paulo-e-reforcado-plano-operacional-com-contratacoes\/#primaryimage\"},\"thumbnailUrl\":\"https:\/\/agenciainfra.com\/blog\/wp-content\/uploads\/2022\/05\/enel-divulgacao-e1771018989275.jpg\",\"keywords\":[\"ANEEL\",\"apag\u00e3o de 2023\",\"CGU\",\"ENEL SP\",\"energia el\u00e9trica\",\"fornecimento de energia\",\"Geraldo Campos Jr.\"],\"articleSection\":[\"Destaque lista\",\"Geral\",\"iNFRAEnergia\"],\"inLanguage\":\"pt-BR\",\"copyrightYear\":\"2025\",\"copyrightHolder\":{\"@id\":\"https:\/\/agenciainfra.com\/blog\/#organization\"}},{\"@type\":\"WebPage\",\"@id\":\"https:\/\/agenciainfra.com\/blog\/apos-nota-da-cgu-enel-diz-que-tem-ampliado-investimentos-em-sao-paulo-e-reforcado-plano-operacional-com-contratacoes\/\",\"url\":\"https:\/\/agenciainfra.com\/blog\/apos-nota-da-cgu-enel-diz-que-tem-ampliado-investimentos-em-sao-paulo-e-reforcado-plano-operacional-com-contratacoes\/\",\"name\":\"Ap\u00f3s nota da CGU, Enel diz que tem ampliado investimentos em S\u00e3o Paulo e refor\u00e7ado plano operacional com contrata\u00e7\u00f5es - Ag\u00eancia iNFRA\",\"isPartOf\":{\"@id\":\"https:\/\/agenciainfra.com\/blog\/#website\"},\"primaryImageOfPage\":{\"@id\":\"https:\/\/agenciainfra.com\/blog\/apos-nota-da-cgu-enel-diz-que-tem-ampliado-investimentos-em-sao-paulo-e-reforcado-plano-operacional-com-contratacoes\/#primaryimage\"},\"image\":{\"@id\":\"https:\/\/agenciainfra.com\/blog\/apos-nota-da-cgu-enel-diz-que-tem-ampliado-investimentos-em-sao-paulo-e-reforcado-plano-operacional-com-contratacoes\/#primaryimage\"},\"thumbnailUrl\":\"https:\/\/agenciainfra.com\/blog\/wp-content\/uploads\/2022\/05\/enel-divulgacao-e1771018989275.jpg\",\"datePublished\":\"2025-07-21T22:15:07+00:00\",\"dateModified\":\"2025-07-22T18:28:21+00:00\",\"breadcrumb\":{\"@id\":\"https:\/\/agenciainfra.com\/blog\/apos-nota-da-cgu-enel-diz-que-tem-ampliado-investimentos-em-sao-paulo-e-reforcado-plano-operacional-com-contratacoes\/#breadcrumb\"},\"inLanguage\":\"pt-BR\",\"potentialAction\":[{\"@type\":\"ReadAction\",\"target\":[\"https:\/\/agenciainfra.com\/blog\/apos-nota-da-cgu-enel-diz-que-tem-ampliado-investimentos-em-sao-paulo-e-reforcado-plano-operacional-com-contratacoes\/\"]}]},{\"@type\":\"ImageObject\",\"inLanguage\":\"pt-BR\",\"@id\":\"https:\/\/agenciainfra.com\/blog\/apos-nota-da-cgu-enel-diz-que-tem-ampliado-investimentos-em-sao-paulo-e-reforcado-plano-operacional-com-contratacoes\/#primaryimage\",\"url\":\"https:\/\/agenciainfra.com\/blog\/wp-content\/uploads\/2022\/05\/enel-divulgacao-e1771018989275.jpg\",\"contentUrl\":\"https:\/\/agenciainfra.com\/blog\/wp-content\/uploads\/2022\/05\/enel-divulgacao-e1771018989275.jpg\",\"width\":1280,\"height\":853,\"caption\":\"Foto: Enel\"},{\"@type\":\"BreadcrumbList\",\"@id\":\"https:\/\/agenciainfra.com\/blog\/apos-nota-da-cgu-enel-diz-que-tem-ampliado-investimentos-em-sao-paulo-e-reforcado-plano-operacional-com-contratacoes\/#breadcrumb\",\"itemListElement\":[{\"@type\":\"ListItem\",\"position\":1,\"name\":\"In\u00edcio\",\"item\":\"https:\/\/agenciainfra.com\/blog\/\"},{\"@type\":\"ListItem\",\"position\":2,\"name\":\"Ap\u00f3s nota da CGU, Enel diz que tem ampliado investimentos em S\u00e3o Paulo e refor\u00e7ado plano operacional com contrata\u00e7\u00f5es\"}]},{\"@type\":\"WebSite\",\"@id\":\"https:\/\/agenciainfra.com\/blog\/#website\",\"url\":\"https:\/\/agenciainfra.com\/blog\/\",\"name\":\"Ag\u00eancia iNFRA\",\"description\":\"Multiplataforma de informa\u00e7\u00e3o jornal\u00edstica refer\u00eancia na \u00e1rea de infraestrutura no Brasil!\",\"publisher\":{\"@id\":\"https:\/\/agenciainfra.com\/blog\/#organization\"},\"potentialAction\":[{\"@type\":\"SearchAction\",\"target\":{\"@type\":\"EntryPoint\",\"urlTemplate\":\"https:\/\/agenciainfra.com\/blog\/?s={search_term_string}\"},\"query-input\":{\"@type\":\"PropertyValueSpecification\",\"valueRequired\":true,\"valueName\":\"search_term_string\"}}],\"inLanguage\":\"pt-BR\"},{\"@type\":\"Organization\",\"@id\":\"https:\/\/agenciainfra.com\/blog\/#organization\",\"name\":\"Ag\u00eancia iNFRA\",\"url\":\"https:\/\/agenciainfra.com\/blog\/\",\"logo\":{\"@type\":\"ImageObject\",\"inLanguage\":\"pt-BR\",\"@id\":\"https:\/\/agenciainfra.com\/blog\/#\/schema\/logo\/image\/\",\"url\":\"https:\/\/agenciainfra.com\/blog\/wp-content\/uploads\/2023\/09\/iNFRA_5-e1761735885940.png\",\"contentUrl\":\"https:\/\/agenciainfra.com\/blog\/wp-content\/uploads\/2023\/09\/iNFRA_5-e1761735885940.png\",\"width\":1672,\"height\":454,\"caption\":\"Ag\u00eancia iNFRA\"},\"image\":{\"@id\":\"https:\/\/agenciainfra.com\/blog\/#\/schema\/logo\/image\/\"},\"sameAs\":[\"https:\/\/www.facebook.com\/ageninfra\",\"https:\/\/x.com\/agencia_infra\",\"https:\/\/www.linkedin.com\/company\/ag\u00eanciainfra\/\",\"https:\/\/www.instagram.com\/agenciainfra\/\"]},{\"@type\":\"Person\",\"@id\":\"https:\/\/agenciainfra.com\/blog\/#\/schema\/person\/34af08dff6adea4cb22b06612ba7acfa\",\"name\":\"Ag\u00eancia iNFRA\",\"image\":{\"@type\":\"ImageObject\",\"inLanguage\":\"pt-BR\",\"@id\":\"https:\/\/agenciainfra.com\/blog\/#\/schema\/person\/image\/\",\"url\":\"https:\/\/secure.gravatar.com\/avatar\/d189e01678f06d8eb84d4e01f08eb848b3fffe3f8443818d3c356c66892f5be8?s=96&d=mm&r=g\",\"contentUrl\":\"https:\/\/secure.gravatar.com\/avatar\/d189e01678f06d8eb84d4e01f08eb848b3fffe3f8443818d3c356c66892f5be8?s=96&d=mm&r=g\",\"caption\":\"Ag\u00eancia iNFRA\"},\"url\":\"https:\/\/agenciainfra.com\/blog\/author\/admin\/\"}]}<\/script>\n<!-- \/ Yoast SEO Premium plugin. -->","yoast_head_json":{"title":"Ap\u00f3s nota da CGU, Enel diz que tem ampliado investimentos em S\u00e3o Paulo e refor\u00e7ado plano operacional com contrata\u00e7\u00f5es - Ag\u00eancia iNFRA","robots":{"index":"index","follow":"follow","max-snippet":"max-snippet:-1","max-image-preview":"max-image-preview:large","max-video-preview":"max-video-preview:-1"},"canonical":"https:\/\/agenciainfra.com\/blog\/apos-nota-da-cgu-enel-diz-que-tem-ampliado-investimentos-em-sao-paulo-e-reforcado-plano-operacional-com-contratacoes\/","og_locale":"pt_BR","og_type":"article","og_title":"Ap\u00f3s nota da CGU, Enel diz que tem ampliado investimentos em S\u00e3o Paulo e refor\u00e7ado plano operacional com contrata\u00e7\u00f5es","og_description":"Geraldo Campos Jr., da Ag\u00eancia iNFRA A Enel informou nesta segunda-feira (21) que tem ampliado seus investimentos em S\u00e3o Paulo, com aportes previstos de R$ 10,4 bilh\u00f5es de 2025 a 2027, e refor\u00e7ado seu plano operacional para os eventos extremos com contrata\u00e7\u00f5es de 1.200 novos profissionais. A informa\u00e7\u00e3o, por meio de nota, veio ap\u00f3s a [&hellip;]","og_url":"https:\/\/agenciainfra.com\/blog\/apos-nota-da-cgu-enel-diz-que-tem-ampliado-investimentos-em-sao-paulo-e-reforcado-plano-operacional-com-contratacoes\/","og_site_name":"Ag\u00eancia iNFRA","article_publisher":"https:\/\/www.facebook.com\/ageninfra","article_published_time":"2025-07-21T22:15:07+00:00","article_modified_time":"2025-07-22T18:28:21+00:00","og_image":[{"width":1300,"height":866,"url":"https:\/\/agenciainfra.com\/blog\/wp-content\/uploads\/2022\/05\/enel-divulgacao.jpg","type":"image\/jpeg"}],"author":"Ag\u00eancia iNFRA","twitter_card":"summary_large_image","twitter_creator":"@agencia_infra","twitter_site":"@agencia_infra","twitter_misc":{"Escrito por":"Ag\u00eancia iNFRA","Est. tempo de leitura":"1 minuto"},"schema":{"@context":"https:\/\/schema.org","@graph":[{"@type":"Article","@id":"https:\/\/agenciainfra.com\/blog\/apos-nota-da-cgu-enel-diz-que-tem-ampliado-investimentos-em-sao-paulo-e-reforcado-plano-operacional-com-contratacoes\/#article","isPartOf":{"@id":"https:\/\/agenciainfra.com\/blog\/apos-nota-da-cgu-enel-diz-que-tem-ampliado-investimentos-em-sao-paulo-e-reforcado-plano-operacional-com-contratacoes\/"},"author":{"name":"Ag\u00eancia iNFRA","@id":"https:\/\/agenciainfra.com\/blog\/#\/schema\/person\/34af08dff6adea4cb22b06612ba7acfa"},"headline":"Ap\u00f3s nota da CGU, Enel diz que tem ampliado investimentos em S\u00e3o Paulo e refor\u00e7ado plano operacional com contrata\u00e7\u00f5es","datePublished":"2025-07-21T22:15:07+00:00","dateModified":"2025-07-22T18:28:21+00:00","mainEntityOfPage":{"@id":"https:\/\/agenciainfra.com\/blog\/apos-nota-da-cgu-enel-diz-que-tem-ampliado-investimentos-em-sao-paulo-e-reforcado-plano-operacional-com-contratacoes\/"},"wordCount":181,"publisher":{"@id":"https:\/\/agenciainfra.com\/blog\/#organization"},"image":{"@id":"https:\/\/agenciainfra.com\/blog\/apos-nota-da-cgu-enel-diz-que-tem-ampliado-investimentos-em-sao-paulo-e-reforcado-plano-operacional-com-contratacoes\/#primaryimage"},"thumbnailUrl":"https:\/\/agenciainfra.com\/blog\/wp-content\/uploads\/2022\/05\/enel-divulgacao-e1771018989275.jpg","keywords":["ANEEL","apag\u00e3o de 2023","CGU","ENEL SP","energia el\u00e9trica","fornecimento de energia","Geraldo Campos Jr."],"articleSection":["Destaque lista","Geral","iNFRAEnergia"],"inLanguage":"pt-BR","copyrightYear":"2025","copyrightHolder":{"@id":"https:\/\/agenciainfra.com\/blog\/#organization"}},{"@type":"WebPage","@id":"https:\/\/agenciainfra.com\/blog\/apos-nota-da-cgu-enel-diz-que-tem-ampliado-investimentos-em-sao-paulo-e-reforcado-plano-operacional-com-contratacoes\/","url":"https:\/\/agenciainfra.com\/blog\/apos-nota-da-cgu-enel-diz-que-tem-ampliado-investimentos-em-sao-paulo-e-reforcado-plano-operacional-com-contratacoes\/","name":"Ap\u00f3s nota da CGU, Enel diz que tem ampliado investimentos em S\u00e3o Paulo e refor\u00e7ado plano operacional com contrata\u00e7\u00f5es - Ag\u00eancia iNFRA","isPartOf":{"@id":"https:\/\/agenciainfra.com\/blog\/#website"},"primaryImageOfPage":{"@id":"https:\/\/agenciainfra.com\/blog\/apos-nota-da-cgu-enel-diz-que-tem-ampliado-investimentos-em-sao-paulo-e-reforcado-plano-operacional-com-contratacoes\/#primaryimage"},"image":{"@id":"https:\/\/agenciainfra.com\/blog\/apos-nota-da-cgu-enel-diz-que-tem-ampliado-investimentos-em-sao-paulo-e-reforcado-plano-operacional-com-contratacoes\/#primaryimage"},"thumbnailUrl":"https:\/\/agenciainfra.com\/blog\/wp-content\/uploads\/2022\/05\/enel-divulgacao-e1771018989275.jpg","datePublished":"2025-07-21T22:15:07+00:00","dateModified":"2025-07-22T18:28:21+00:00","breadcrumb":{"@id":"https:\/\/agenciainfra.com\/blog\/apos-nota-da-cgu-enel-diz-que-tem-ampliado-investimentos-em-sao-paulo-e-reforcado-plano-operacional-com-contratacoes\/#breadcrumb"},"inLanguage":"pt-BR","potentialAction":[{"@type":"ReadAction","target":["https:\/\/agenciainfra.com\/blog\/apos-nota-da-cgu-enel-diz-que-tem-ampliado-investimentos-em-sao-paulo-e-reforcado-plano-operacional-com-contratacoes\/"]}]},{"@type":"ImageObject","inLanguage":"pt-BR","@id":"https:\/\/agenciainfra.com\/blog\/apos-nota-da-cgu-enel-diz-que-tem-ampliado-investimentos-em-sao-paulo-e-reforcado-plano-operacional-com-contratacoes\/#primaryimage","url":"https:\/\/agenciainfra.com\/blog\/wp-content\/uploads\/2022\/05\/enel-divulgacao-e1771018989275.jpg","contentUrl":"https:\/\/agenciainfra.com\/blog\/wp-content\/uploads\/2022\/05\/enel-divulgacao-e1771018989275.jpg","width":1280,"height":853,"caption":"Foto: Enel"},{"@type":"BreadcrumbList","@id":"https:\/\/agenciainfra.com\/blog\/apos-nota-da-cgu-enel-diz-que-tem-ampliado-investimentos-em-sao-paulo-e-reforcado-plano-operacional-com-contratacoes\/#breadcrumb","itemListElement":[{"@type":"ListItem","position":1,"name":"In\u00edcio","item":"https:\/\/agenciainfra.com\/blog\/"},{"@type":"ListItem","position":2,"name":"Ap\u00f3s nota da CGU, Enel diz que tem ampliado investimentos em S\u00e3o Paulo e refor\u00e7ado plano operacional com contrata\u00e7\u00f5es"}]},{"@type":"WebSite","@id":"https:\/\/agenciainfra.com\/blog\/#website","url":"https:\/\/agenciainfra.com\/blog\/","name":"Ag\u00eancia iNFRA","description":"Multiplataforma de informa\u00e7\u00e3o jornal\u00edstica refer\u00eancia na \u00e1rea de infraestrutura no Brasil!","publisher":{"@id":"https:\/\/agenciainfra.com\/blog\/#organization"},"potentialAction":[{"@type":"SearchAction","target":{"@type":"EntryPoint","urlTemplate":"https:\/\/agenciainfra.com\/blog\/?s={search_term_string}"},"query-input":{"@type":"PropertyValueSpecification","valueRequired":true,"valueName":"search_term_string"}}],"inLanguage":"pt-BR"},{"@type":"Organization","@id":"https:\/\/agenciainfra.com\/blog\/#organization","name":"Ag\u00eancia iNFRA","url":"https:\/\/agenciainfra.com\/blog\/","logo":{"@type":"ImageObject","inLanguage":"pt-BR","@id":"https:\/\/agenciainfra.com\/blog\/#\/schema\/logo\/image\/","url":"https:\/\/agenciainfra.com\/blog\/wp-content\/uploads\/2023\/09\/iNFRA_5-e1761735885940.png","contentUrl":"https:\/\/agenciainfra.com\/blog\/wp-content\/uploads\/2023\/09\/iNFRA_5-e1761735885940.png","width":1672,"height":454,"caption":"Ag\u00eancia iNFRA"},"image":{"@id":"https:\/\/agenciainfra.com\/blog\/#\/schema\/logo\/image\/"},"sameAs":["https:\/\/www.facebook.com\/ageninfra","https:\/\/x.com\/agencia_infra","https:\/\/www.linkedin.com\/company\/ag\u00eanciainfra\/","https:\/\/www.instagram.com\/agenciainfra\/"]},{"@type":"Person","@id":"https:\/\/agenciainfra.com\/blog\/#\/schema\/person\/34af08dff6adea4cb22b06612ba7acfa","name":"Ag\u00eancia iNFRA","image":{"@type":"ImageObject","inLanguage":"pt-BR","@id":"https:\/\/agenciainfra.com\/blog\/#\/schema\/person\/image\/","url":"https:\/\/secure.gravatar.com\/avatar\/d189e01678f06d8eb84d4e01f08eb848b3fffe3f8443818d3c356c66892f5be8?s=96&d=mm&r=g","contentUrl":"https:\/\/secure.gravatar.com\/avatar\/d189e01678f06d8eb84d4e01f08eb848b3fffe3f8443818d3c356c66892f5be8?s=96&d=mm&r=g","caption":"Ag\u00eancia iNFRA"},"url":"https:\/\/agenciainfra.com\/blog\/author\/admin\/"}]}},"_links":{"self":[{"href":"https:\/\/agenciainfra.com\/blog\/wp-json\/wp\/v2\/posts\/25119","targetHints":{"allow":["GET"]}}],"collection":[{"href":"https:\/\/agenciainfra.com\/blog\/wp-json\/wp\/v2\/posts"}],"about":[{"href":"https:\/\/agenciainfra.com\/blog\/wp-json\/wp\/v2\/types\/post"}],"author":[{"embeddable":true,"href":"https:\/\/agenciainfra.com\/blog\/wp-json\/wp\/v2\/users\/1"}],"replies":[{"embeddable":true,"href":"https:\/\/agenciainfra.com\/blog\/wp-json\/wp\/v2\/comments?post=25119"}],"version-history":[{"count":2,"href":"https:\/\/agenciainfra.com\/blog\/wp-json\/wp\/v2\/posts\/25119\/revisions"}],"predecessor-version":[{"id":25122,"href":"https:\/\/agenciainfra.com\/blog\/wp-json\/wp\/v2\/posts\/25119\/revisions\/25122"}],"wp:featuredmedia":[{"embeddable":true,"href":"https:\/\/agenciainfra.com\/blog\/wp-json\/wp\/v2\/media\/10277"}],"wp:attachment":[{"href":"https:\/\/agenciainfra.com\/blog\/wp-json\/wp\/v2\/media?parent=25119"}],"wp:term":[{"taxonomy":"category","embeddable":true,"href":"https:\/\/agenciainfra.com\/blog\/wp-json\/wp\/v2\/categories?post=25119"},{"taxonomy":"post_tag","embeddable":true,"href":"https:\/\/agenciainfra.com\/blog\/wp-json\/wp\/v2\/tags?post=25119"}],"curies":[{"name":"wp","href":"https:\/\/api.w.org\/{rel}","templated":true}]}}