{"id":25143,"date":"2025-07-22T11:54:18","date_gmt":"2025-07-22T14:54:18","guid":{"rendered":"https:\/\/agenciainfra.com\/blog\/?p=25143"},"modified":"2025-07-23T11:35:08","modified_gmt":"2025-07-23T14:35:08","slug":"diretor-geral-da-aneel-assume-relatoria-de-processo-que-avalia-mudanca-de-sede","status":"publish","type":"post","link":"https:\/\/agenciainfra.com\/blog\/diretor-geral-da-aneel-assume-relatoria-de-processo-que-avalia-mudanca-de-sede\/","title":{"rendered":"Diretor-geral da ANEEL assume relatoria de processo que avalia mudan\u00e7a de sede"},"content":{"rendered":"\n<p class=\"has-text-align-right\"><strong>Geraldo Campos Jr., da Ag\u00eancia iNFRA<\/strong><\/p>\n\n\n\n<p>O diretor-geral da ANEEL (Ag\u00eancia Nacional de Energia El\u00e9trica), Sandoval Feitosa, assumiu a relatoria do processo que avalia a mudan\u00e7a de sede da reguladora de um im\u00f3vel pr\u00f3prio para salas alugadas de um edif\u00edcio em constru\u00e7\u00e3o em Bras\u00edlia.<\/p>\n\n\n\n<p>Segundo <a href=\"https:\/\/sei.aneel.gov.br\/sei\/modulos\/pesquisa\/md_pesq_documento_consulta_externa.php?yPDszXhdoNcWQHJaQlHJmJIqCNXRK_Sh2SMdn1U-tzMd2ZhjOOw3nMvZjb6reYvfS2H6SHNurisgz4hESj4sPusV984hS5wQmZHHpsmDmOlFp_NN-IX116cs48sJKqyK\">e-mail<\/a> encaminhado pela chefe de gabinete do diretor-geral, Elvira Justino, Feitosa solicitou avoca\u00e7\u00e3o do processo com o fim do mandato da diretora substituta Ludimila Lima. O e-mail tamb\u00e9m cita que o contingenciamento or\u00e7ament\u00e1rio comprometeu o encaminhamento do processo. Um <a href=\"https:\/\/sei.aneel.gov.br\/sei\/modulos\/pesquisa\/md_pesq_documento_consulta_externa.php?yPDszXhdoNcWQHJaQlHJmJIqCNXRK_Sh2SMdn1U-tzNjdfTtkrUt5YuLNcI7fq3fp1g-rw-cVFJFCaKAb9X1UlM6CXwRB1gLZe03IVlStNDRAXrq6VhrOhSljI_y6Qjk\">despacho<\/a> da secretaria confirmou a relatoria para o diretor-geral.<\/p>\n\n\n\n<p><\/p>\n","protected":false},"excerpt":{"rendered":"<p>Geraldo Campos Jr., da Ag\u00eancia iNFRA O diretor-geral da ANEEL (Ag\u00eancia Nacional de Energia El\u00e9trica), Sandoval Feitosa, assumiu a relatoria do processo que avalia a mudan\u00e7a de sede da reguladora de um im\u00f3vel pr\u00f3prio para salas alugadas de um edif\u00edcio em constru\u00e7\u00e3o em Bras\u00edlia. Segundo e-mail encaminhado pela chefe de gabinete do diretor-geral, Elvira Justino, [&hellip;]<\/p>\n","protected":false},"author":1,"featured_media":2508,"comment_status":"closed","ping_status":"closed","sticky":false,"template":"","format":"standard","meta":{"_monsterinsights_skip_tracking":false,"_monsterinsights_sitenote_active":false,"_monsterinsights_sitenote_note":"","_monsterinsights_sitenote_category":0,"footnotes":""},"categories":[1,10],"tags":[53,11594,12468,12660],"class_list":["post-25143","post","type-post","status-publish","format-standard","has-post-thumbnail","hentry","category-geral","category-infraenergia","tag-aneel","tag-geraldo-campos-jr","tag-sandoval-feitosa-aneel","tag-sede-da-aneel"],"yoast_head":"<!-- This site is optimized with the Yoast SEO Premium plugin v25.4 (Yoast SEO v26.0) - https:\/\/yoast.com\/wordpress\/plugins\/seo\/ -->\n<title>Diretor-geral da ANEEL assume relatoria de processo que avalia mudan\u00e7a de sede - Ag\u00eancia iNFRA<\/title>\n<meta name=\"robots\" content=\"index, follow, max-snippet:-1, max-image-preview:large, max-video-preview:-1\" \/>\n<link rel=\"canonical\" href=\"https:\/\/agenciainfra.com\/blog\/diretor-geral-da-aneel-assume-relatoria-de-processo-que-avalia-mudanca-de-sede\/\" \/>\n<meta property=\"og:locale\" content=\"pt_BR\" \/>\n<meta property=\"og:type\" content=\"article\" \/>\n<meta property=\"og:title\" content=\"Diretor-geral da ANEEL assume relatoria de processo que avalia mudan\u00e7a de sede\" \/>\n<meta property=\"og:description\" content=\"Geraldo Campos Jr., da Ag\u00eancia iNFRA O diretor-geral da ANEEL (Ag\u00eancia Nacional de Energia El\u00e9trica), Sandoval Feitosa, assumiu a relatoria do processo que avalia a mudan\u00e7a de sede da reguladora de um im\u00f3vel pr\u00f3prio para salas alugadas de um edif\u00edcio em constru\u00e7\u00e3o em Bras\u00edlia. Segundo e-mail encaminhado pela chefe de gabinete do diretor-geral, Elvira Justino, [&hellip;]\" \/>\n<meta property=\"og:url\" content=\"https:\/\/agenciainfra.com\/blog\/diretor-geral-da-aneel-assume-relatoria-de-processo-que-avalia-mudanca-de-sede\/\" \/>\n<meta property=\"og:site_name\" content=\"Ag\u00eancia iNFRA\" \/>\n<meta property=\"article:publisher\" content=\"https:\/\/www.facebook.com\/ageninfra\" \/>\n<meta property=\"article:published_time\" content=\"2025-07-22T14:54:18+00:00\" \/>\n<meta property=\"article:modified_time\" content=\"2025-07-23T14:35:08+00:00\" \/>\n<meta property=\"og:image\" content=\"https:\/\/agenciainfra.com\/blog\/wp-content\/uploads\/2018\/10\/Faixada-ANEEL-Essencial_divulgacao-e1750175900658.jpg\" \/>\n\t<meta property=\"og:image:width\" content=\"1200\" \/>\n\t<meta property=\"og:image:height\" content=\"740\" \/>\n\t<meta property=\"og:image:type\" content=\"image\/jpeg\" \/>\n<meta name=\"author\" content=\"Ag\u00eancia iNFRA\" \/>\n<meta name=\"twitter:card\" content=\"summary_large_image\" \/>\n<meta name=\"twitter:creator\" content=\"@agencia_infra\" \/>\n<meta name=\"twitter:site\" content=\"@agencia_infra\" \/>\n<meta name=\"twitter:label1\" content=\"Escrito por\" \/>\n\t<meta name=\"twitter:data1\" content=\"Ag\u00eancia iNFRA\" \/>\n\t<meta name=\"twitter:label2\" content=\"Est. tempo de leitura\" \/>\n\t<meta name=\"twitter:data2\" content=\"1 minuto\" \/>\n<script type=\"application\/ld+json\" class=\"yoast-schema-graph\">{\"@context\":\"https:\/\/schema.org\",\"@graph\":[{\"@type\":\"Article\",\"@id\":\"https:\/\/agenciainfra.com\/blog\/diretor-geral-da-aneel-assume-relatoria-de-processo-que-avalia-mudanca-de-sede\/#article\",\"isPartOf\":{\"@id\":\"https:\/\/agenciainfra.com\/blog\/diretor-geral-da-aneel-assume-relatoria-de-processo-que-avalia-mudanca-de-sede\/\"},\"author\":{\"name\":\"Ag\u00eancia iNFRA\",\"@id\":\"https:\/\/agenciainfra.com\/blog\/#\/schema\/person\/34af08dff6adea4cb22b06612ba7acfa\"},\"headline\":\"Diretor-geral da ANEEL assume relatoria de processo que avalia mudan\u00e7a de sede\",\"datePublished\":\"2025-07-22T14:54:18+00:00\",\"dateModified\":\"2025-07-23T14:35:08+00:00\",\"mainEntityOfPage\":{\"@id\":\"https:\/\/agenciainfra.com\/blog\/diretor-geral-da-aneel-assume-relatoria-de-processo-que-avalia-mudanca-de-sede\/\"},\"wordCount\":119,\"publisher\":{\"@id\":\"https:\/\/agenciainfra.com\/blog\/#organization\"},\"image\":{\"@id\":\"https:\/\/agenciainfra.com\/blog\/diretor-geral-da-aneel-assume-relatoria-de-processo-que-avalia-mudanca-de-sede\/#primaryimage\"},\"thumbnailUrl\":\"https:\/\/agenciainfra.com\/blog\/wp-content\/uploads\/2018\/10\/Faixada-ANEEL-Essencial_divulgacao-e1750175900658.jpg\",\"keywords\":[\"ANEEL\",\"Geraldo Campos Jr.\",\"Sandoval Feitosa ANEEL\",\"sede da ANEEL\"],\"articleSection\":[\"Geral\",\"iNFRAEnergia\"],\"inLanguage\":\"pt-BR\",\"copyrightYear\":\"2025\",\"copyrightHolder\":{\"@id\":\"https:\/\/agenciainfra.com\/blog\/#organization\"}},{\"@type\":\"WebPage\",\"@id\":\"https:\/\/agenciainfra.com\/blog\/diretor-geral-da-aneel-assume-relatoria-de-processo-que-avalia-mudanca-de-sede\/\",\"url\":\"https:\/\/agenciainfra.com\/blog\/diretor-geral-da-aneel-assume-relatoria-de-processo-que-avalia-mudanca-de-sede\/\",\"name\":\"Diretor-geral da ANEEL assume relatoria de processo que avalia mudan\u00e7a de sede - Ag\u00eancia iNFRA\",\"isPartOf\":{\"@id\":\"https:\/\/agenciainfra.com\/blog\/#website\"},\"primaryImageOfPage\":{\"@id\":\"https:\/\/agenciainfra.com\/blog\/diretor-geral-da-aneel-assume-relatoria-de-processo-que-avalia-mudanca-de-sede\/#primaryimage\"},\"image\":{\"@id\":\"https:\/\/agenciainfra.com\/blog\/diretor-geral-da-aneel-assume-relatoria-de-processo-que-avalia-mudanca-de-sede\/#primaryimage\"},\"thumbnailUrl\":\"https:\/\/agenciainfra.com\/blog\/wp-content\/uploads\/2018\/10\/Faixada-ANEEL-Essencial_divulgacao-e1750175900658.jpg\",\"datePublished\":\"2025-07-22T14:54:18+00:00\",\"dateModified\":\"2025-07-23T14:35:08+00:00\",\"breadcrumb\":{\"@id\":\"https:\/\/agenciainfra.com\/blog\/diretor-geral-da-aneel-assume-relatoria-de-processo-que-avalia-mudanca-de-sede\/#breadcrumb\"},\"inLanguage\":\"pt-BR\",\"potentialAction\":[{\"@type\":\"ReadAction\",\"target\":[\"https:\/\/agenciainfra.com\/blog\/diretor-geral-da-aneel-assume-relatoria-de-processo-que-avalia-mudanca-de-sede\/\"]}]},{\"@type\":\"ImageObject\",\"inLanguage\":\"pt-BR\",\"@id\":\"https:\/\/agenciainfra.com\/blog\/diretor-geral-da-aneel-assume-relatoria-de-processo-que-avalia-mudanca-de-sede\/#primaryimage\",\"url\":\"https:\/\/agenciainfra.com\/blog\/wp-content\/uploads\/2018\/10\/Faixada-ANEEL-Essencial_divulgacao-e1750175900658.jpg\",\"contentUrl\":\"https:\/\/agenciainfra.com\/blog\/wp-content\/uploads\/2018\/10\/Faixada-ANEEL-Essencial_divulgacao-e1750175900658.jpg\",\"width\":1200,\"height\":740,\"caption\":\"Foto: ANEEL\/Divulga\u00e7\u00e3o\"},{\"@type\":\"BreadcrumbList\",\"@id\":\"https:\/\/agenciainfra.com\/blog\/diretor-geral-da-aneel-assume-relatoria-de-processo-que-avalia-mudanca-de-sede\/#breadcrumb\",\"itemListElement\":[{\"@type\":\"ListItem\",\"position\":1,\"name\":\"In\u00edcio\",\"item\":\"https:\/\/agenciainfra.com\/blog\/\"},{\"@type\":\"ListItem\",\"position\":2,\"name\":\"Diretor-geral da ANEEL assume relatoria de processo que avalia mudan\u00e7a de sede\"}]},{\"@type\":\"WebSite\",\"@id\":\"https:\/\/agenciainfra.com\/blog\/#website\",\"url\":\"https:\/\/agenciainfra.com\/blog\/\",\"name\":\"Ag\u00eancia iNFRA\",\"description\":\"Multiplataforma de informa\u00e7\u00e3o jornal\u00edstica refer\u00eancia na \u00e1rea de infraestrutura no Brasil!\",\"publisher\":{\"@id\":\"https:\/\/agenciainfra.com\/blog\/#organization\"},\"potentialAction\":[{\"@type\":\"SearchAction\",\"target\":{\"@type\":\"EntryPoint\",\"urlTemplate\":\"https:\/\/agenciainfra.com\/blog\/?s={search_term_string}\"},\"query-input\":{\"@type\":\"PropertyValueSpecification\",\"valueRequired\":true,\"valueName\":\"search_term_string\"}}],\"inLanguage\":\"pt-BR\"},{\"@type\":\"Organization\",\"@id\":\"https:\/\/agenciainfra.com\/blog\/#organization\",\"name\":\"Ag\u00eancia iNFRA\",\"url\":\"https:\/\/agenciainfra.com\/blog\/\",\"logo\":{\"@type\":\"ImageObject\",\"inLanguage\":\"pt-BR\",\"@id\":\"https:\/\/agenciainfra.com\/blog\/#\/schema\/logo\/image\/\",\"url\":\"https:\/\/agenciainfra.com\/blog\/wp-content\/uploads\/2023\/09\/iNFRA_5-e1761735885940.png\",\"contentUrl\":\"https:\/\/agenciainfra.com\/blog\/wp-content\/uploads\/2023\/09\/iNFRA_5-e1761735885940.png\",\"width\":1672,\"height\":454,\"caption\":\"Ag\u00eancia iNFRA\"},\"image\":{\"@id\":\"https:\/\/agenciainfra.com\/blog\/#\/schema\/logo\/image\/\"},\"sameAs\":[\"https:\/\/www.facebook.com\/ageninfra\",\"https:\/\/x.com\/agencia_infra\",\"https:\/\/www.linkedin.com\/company\/ag\u00eanciainfra\/\",\"https:\/\/www.instagram.com\/agenciainfra\/\"]},{\"@type\":\"Person\",\"@id\":\"https:\/\/agenciainfra.com\/blog\/#\/schema\/person\/34af08dff6adea4cb22b06612ba7acfa\",\"name\":\"Ag\u00eancia iNFRA\",\"image\":{\"@type\":\"ImageObject\",\"inLanguage\":\"pt-BR\",\"@id\":\"https:\/\/agenciainfra.com\/blog\/#\/schema\/person\/image\/\",\"url\":\"https:\/\/secure.gravatar.com\/avatar\/d189e01678f06d8eb84d4e01f08eb848b3fffe3f8443818d3c356c66892f5be8?s=96&d=mm&r=g\",\"contentUrl\":\"https:\/\/secure.gravatar.com\/avatar\/d189e01678f06d8eb84d4e01f08eb848b3fffe3f8443818d3c356c66892f5be8?s=96&d=mm&r=g\",\"caption\":\"Ag\u00eancia iNFRA\"},\"url\":\"https:\/\/agenciainfra.com\/blog\/author\/admin\/\"}]}<\/script>\n<!-- \/ Yoast SEO Premium plugin. -->","yoast_head_json":{"title":"Diretor-geral da ANEEL assume relatoria de processo que avalia mudan\u00e7a de sede - Ag\u00eancia iNFRA","robots":{"index":"index","follow":"follow","max-snippet":"max-snippet:-1","max-image-preview":"max-image-preview:large","max-video-preview":"max-video-preview:-1"},"canonical":"https:\/\/agenciainfra.com\/blog\/diretor-geral-da-aneel-assume-relatoria-de-processo-que-avalia-mudanca-de-sede\/","og_locale":"pt_BR","og_type":"article","og_title":"Diretor-geral da ANEEL assume relatoria de processo que avalia mudan\u00e7a de sede","og_description":"Geraldo Campos Jr., da Ag\u00eancia iNFRA O diretor-geral da ANEEL (Ag\u00eancia Nacional de Energia El\u00e9trica), Sandoval Feitosa, assumiu a relatoria do processo que avalia a mudan\u00e7a de sede da reguladora de um im\u00f3vel pr\u00f3prio para salas alugadas de um edif\u00edcio em constru\u00e7\u00e3o em Bras\u00edlia. Segundo e-mail encaminhado pela chefe de gabinete do diretor-geral, Elvira Justino, [&hellip;]","og_url":"https:\/\/agenciainfra.com\/blog\/diretor-geral-da-aneel-assume-relatoria-de-processo-que-avalia-mudanca-de-sede\/","og_site_name":"Ag\u00eancia iNFRA","article_publisher":"https:\/\/www.facebook.com\/ageninfra","article_published_time":"2025-07-22T14:54:18+00:00","article_modified_time":"2025-07-23T14:35:08+00:00","og_image":[{"width":1200,"height":740,"url":"https:\/\/agenciainfra.com\/blog\/wp-content\/uploads\/2018\/10\/Faixada-ANEEL-Essencial_divulgacao-e1750175900658.jpg","type":"image\/jpeg"}],"author":"Ag\u00eancia iNFRA","twitter_card":"summary_large_image","twitter_creator":"@agencia_infra","twitter_site":"@agencia_infra","twitter_misc":{"Escrito por":"Ag\u00eancia iNFRA","Est. tempo de leitura":"1 minuto"},"schema":{"@context":"https:\/\/schema.org","@graph":[{"@type":"Article","@id":"https:\/\/agenciainfra.com\/blog\/diretor-geral-da-aneel-assume-relatoria-de-processo-que-avalia-mudanca-de-sede\/#article","isPartOf":{"@id":"https:\/\/agenciainfra.com\/blog\/diretor-geral-da-aneel-assume-relatoria-de-processo-que-avalia-mudanca-de-sede\/"},"author":{"name":"Ag\u00eancia iNFRA","@id":"https:\/\/agenciainfra.com\/blog\/#\/schema\/person\/34af08dff6adea4cb22b06612ba7acfa"},"headline":"Diretor-geral da ANEEL assume relatoria de processo que avalia mudan\u00e7a de sede","datePublished":"2025-07-22T14:54:18+00:00","dateModified":"2025-07-23T14:35:08+00:00","mainEntityOfPage":{"@id":"https:\/\/agenciainfra.com\/blog\/diretor-geral-da-aneel-assume-relatoria-de-processo-que-avalia-mudanca-de-sede\/"},"wordCount":119,"publisher":{"@id":"https:\/\/agenciainfra.com\/blog\/#organization"},"image":{"@id":"https:\/\/agenciainfra.com\/blog\/diretor-geral-da-aneel-assume-relatoria-de-processo-que-avalia-mudanca-de-sede\/#primaryimage"},"thumbnailUrl":"https:\/\/agenciainfra.com\/blog\/wp-content\/uploads\/2018\/10\/Faixada-ANEEL-Essencial_divulgacao-e1750175900658.jpg","keywords":["ANEEL","Geraldo Campos Jr.","Sandoval Feitosa ANEEL","sede da ANEEL"],"articleSection":["Geral","iNFRAEnergia"],"inLanguage":"pt-BR","copyrightYear":"2025","copyrightHolder":{"@id":"https:\/\/agenciainfra.com\/blog\/#organization"}},{"@type":"WebPage","@id":"https:\/\/agenciainfra.com\/blog\/diretor-geral-da-aneel-assume-relatoria-de-processo-que-avalia-mudanca-de-sede\/","url":"https:\/\/agenciainfra.com\/blog\/diretor-geral-da-aneel-assume-relatoria-de-processo-que-avalia-mudanca-de-sede\/","name":"Diretor-geral da ANEEL assume relatoria de processo que avalia mudan\u00e7a de sede - Ag\u00eancia iNFRA","isPartOf":{"@id":"https:\/\/agenciainfra.com\/blog\/#website"},"primaryImageOfPage":{"@id":"https:\/\/agenciainfra.com\/blog\/diretor-geral-da-aneel-assume-relatoria-de-processo-que-avalia-mudanca-de-sede\/#primaryimage"},"image":{"@id":"https:\/\/agenciainfra.com\/blog\/diretor-geral-da-aneel-assume-relatoria-de-processo-que-avalia-mudanca-de-sede\/#primaryimage"},"thumbnailUrl":"https:\/\/agenciainfra.com\/blog\/wp-content\/uploads\/2018\/10\/Faixada-ANEEL-Essencial_divulgacao-e1750175900658.jpg","datePublished":"2025-07-22T14:54:18+00:00","dateModified":"2025-07-23T14:35:08+00:00","breadcrumb":{"@id":"https:\/\/agenciainfra.com\/blog\/diretor-geral-da-aneel-assume-relatoria-de-processo-que-avalia-mudanca-de-sede\/#breadcrumb"},"inLanguage":"pt-BR","potentialAction":[{"@type":"ReadAction","target":["https:\/\/agenciainfra.com\/blog\/diretor-geral-da-aneel-assume-relatoria-de-processo-que-avalia-mudanca-de-sede\/"]}]},{"@type":"ImageObject","inLanguage":"pt-BR","@id":"https:\/\/agenciainfra.com\/blog\/diretor-geral-da-aneel-assume-relatoria-de-processo-que-avalia-mudanca-de-sede\/#primaryimage","url":"https:\/\/agenciainfra.com\/blog\/wp-content\/uploads\/2018\/10\/Faixada-ANEEL-Essencial_divulgacao-e1750175900658.jpg","contentUrl":"https:\/\/agenciainfra.com\/blog\/wp-content\/uploads\/2018\/10\/Faixada-ANEEL-Essencial_divulgacao-e1750175900658.jpg","width":1200,"height":740,"caption":"Foto: ANEEL\/Divulga\u00e7\u00e3o"},{"@type":"BreadcrumbList","@id":"https:\/\/agenciainfra.com\/blog\/diretor-geral-da-aneel-assume-relatoria-de-processo-que-avalia-mudanca-de-sede\/#breadcrumb","itemListElement":[{"@type":"ListItem","position":1,"name":"In\u00edcio","item":"https:\/\/agenciainfra.com\/blog\/"},{"@type":"ListItem","position":2,"name":"Diretor-geral da ANEEL assume relatoria de processo que avalia mudan\u00e7a de sede"}]},{"@type":"WebSite","@id":"https:\/\/agenciainfra.com\/blog\/#website","url":"https:\/\/agenciainfra.com\/blog\/","name":"Ag\u00eancia iNFRA","description":"Multiplataforma de informa\u00e7\u00e3o jornal\u00edstica refer\u00eancia na \u00e1rea de infraestrutura no Brasil!","publisher":{"@id":"https:\/\/agenciainfra.com\/blog\/#organization"},"potentialAction":[{"@type":"SearchAction","target":{"@type":"EntryPoint","urlTemplate":"https:\/\/agenciainfra.com\/blog\/?s={search_term_string}"},"query-input":{"@type":"PropertyValueSpecification","valueRequired":true,"valueName":"search_term_string"}}],"inLanguage":"pt-BR"},{"@type":"Organization","@id":"https:\/\/agenciainfra.com\/blog\/#organization","name":"Ag\u00eancia iNFRA","url":"https:\/\/agenciainfra.com\/blog\/","logo":{"@type":"ImageObject","inLanguage":"pt-BR","@id":"https:\/\/agenciainfra.com\/blog\/#\/schema\/logo\/image\/","url":"https:\/\/agenciainfra.com\/blog\/wp-content\/uploads\/2023\/09\/iNFRA_5-e1761735885940.png","contentUrl":"https:\/\/agenciainfra.com\/blog\/wp-content\/uploads\/2023\/09\/iNFRA_5-e1761735885940.png","width":1672,"height":454,"caption":"Ag\u00eancia iNFRA"},"image":{"@id":"https:\/\/agenciainfra.com\/blog\/#\/schema\/logo\/image\/"},"sameAs":["https:\/\/www.facebook.com\/ageninfra","https:\/\/x.com\/agencia_infra","https:\/\/www.linkedin.com\/company\/ag\u00eanciainfra\/","https:\/\/www.instagram.com\/agenciainfra\/"]},{"@type":"Person","@id":"https:\/\/agenciainfra.com\/blog\/#\/schema\/person\/34af08dff6adea4cb22b06612ba7acfa","name":"Ag\u00eancia iNFRA","image":{"@type":"ImageObject","inLanguage":"pt-BR","@id":"https:\/\/agenciainfra.com\/blog\/#\/schema\/person\/image\/","url":"https:\/\/secure.gravatar.com\/avatar\/d189e01678f06d8eb84d4e01f08eb848b3fffe3f8443818d3c356c66892f5be8?s=96&d=mm&r=g","contentUrl":"https:\/\/secure.gravatar.com\/avatar\/d189e01678f06d8eb84d4e01f08eb848b3fffe3f8443818d3c356c66892f5be8?s=96&d=mm&r=g","caption":"Ag\u00eancia iNFRA"},"url":"https:\/\/agenciainfra.com\/blog\/author\/admin\/"}]}},"_links":{"self":[{"href":"https:\/\/agenciainfra.com\/blog\/wp-json\/wp\/v2\/posts\/25143","targetHints":{"allow":["GET"]}}],"collection":[{"href":"https:\/\/agenciainfra.com\/blog\/wp-json\/wp\/v2\/posts"}],"about":[{"href":"https:\/\/agenciainfra.com\/blog\/wp-json\/wp\/v2\/types\/post"}],"author":[{"embeddable":true,"href":"https:\/\/agenciainfra.com\/blog\/wp-json\/wp\/v2\/users\/1"}],"replies":[{"embeddable":true,"href":"https:\/\/agenciainfra.com\/blog\/wp-json\/wp\/v2\/comments?post=25143"}],"version-history":[{"count":1,"href":"https:\/\/agenciainfra.com\/blog\/wp-json\/wp\/v2\/posts\/25143\/revisions"}],"predecessor-version":[{"id":25144,"href":"https:\/\/agenciainfra.com\/blog\/wp-json\/wp\/v2\/posts\/25143\/revisions\/25144"}],"wp:featuredmedia":[{"embeddable":true,"href":"https:\/\/agenciainfra.com\/blog\/wp-json\/wp\/v2\/media\/2508"}],"wp:attachment":[{"href":"https:\/\/agenciainfra.com\/blog\/wp-json\/wp\/v2\/media?parent=25143"}],"wp:term":[{"taxonomy":"category","embeddable":true,"href":"https:\/\/agenciainfra.com\/blog\/wp-json\/wp\/v2\/categories?post=25143"},{"taxonomy":"post_tag","embeddable":true,"href":"https:\/\/agenciainfra.com\/blog\/wp-json\/wp\/v2\/tags?post=25143"}],"curies":[{"name":"wp","href":"https:\/\/api.w.org\/{rel}","templated":true}]}}