{"id":25191,"date":"2025-07-23T08:30:00","date_gmt":"2025-07-23T11:30:00","guid":{"rendered":"https:\/\/agenciainfra.com\/blog\/?p=25191"},"modified":"2025-07-23T19:22:35","modified_gmt":"2025-07-23T22:22:35","slug":"governo-vai-considerar-recompor-orcamento-de-agencias-reguladoras-diz-secretario-do-planejamento","status":"publish","type":"post","link":"https:\/\/agenciainfra.com\/blog\/governo-vai-considerar-recompor-orcamento-de-agencias-reguladoras-diz-secretario-do-planejamento\/","title":{"rendered":"Governo vai considerar recompor or\u00e7amento de ag\u00eancias reguladoras, diz secret\u00e1rio do Planejamento"},"content":{"rendered":"\n<p class=\"has-text-align-right\"><strong>Amanda Pupo e Sheyla Santos, da Ag\u00eancia iNFRA<\/strong><\/p>\n\n\n\n<p>O secret\u00e1rio-executivo do Minist\u00e9rio do Planejamento e Or\u00e7amento, Gustavo Guimar\u00e3es, disse na ter\u00e7a-feira (22) que o governo vai considerar a \u201cimport\u00e2ncia\u201d de retornar com parte ou a totalidade do or\u00e7amento das ag\u00eancias reguladoras no decreto de programa\u00e7\u00e3o or\u00e7ament\u00e1ria que ser\u00e1 editado no pr\u00f3ximo dia 30. A equipe econ\u00f4mica reduziu de R$ 31,3 bilh\u00f5es para R$ 10,7 bilh\u00f5es a previs\u00e3o de conten\u00e7\u00e3o de despesas no ano, mas o detalhamento desse al\u00edvio s\u00f3 \u00e9 divulgado ao fim do m\u00eas.<br><br>Em maio, quando passou a valer o congelamento maior, as ag\u00eancias reguladoras ligadas \u00e0 infraestrutura tiveram cerca de 25% de seus or\u00e7amentos do ano cortados. Agora, com o descontingenciamento or\u00e7ament\u00e1rio, o governo ter\u00e1 espa\u00e7o para recompor parte desses cortes.<br><br>\u201cObviamente estamos acompanhando a situa\u00e7\u00e3o. Os pr\u00f3prios minist\u00e9rios de algumas ag\u00eancias j\u00e1 fizeram ao longo do bimestre alguns ajustes para poder suplementar essas ag\u00eancias, e obviamente est\u00e1 dentro do nosso processo decis\u00f3rio a import\u00e2ncia de retornar com parte ou totalidade, a depender do caso, para as ag\u00eancias\u201d, disse Guimar\u00e3es.<br><br>A declara\u00e7\u00e3o foi dada em entrevista \u00e0 imprensa sobre o novo relat\u00f3rio bimestral de Avalia\u00e7\u00e3o de Receitas e Despesas, ponderando que n\u00e3o poderia antecipar mais detalhes neste momento. Leia\u00a0<a href=\"https:\/\/mcusercontent.com\/d460dd1bcf9ba0ae040e1fc0f\/files\/34ef28eb-e04e-b164-565d-e3d33138c7c1\/RARDP_3_ordm_bim_2025_coletiva_de_imprensa.pdf\" target=\"_blank\" rel=\"noreferrer noopener\">aqui<\/a>\u00a0o relat\u00f3rio. A\u00a0<strong>Ag\u00eancia iNFRA\u00a0<\/strong><a href=\"https:\/\/agenciainfra.com\/blog\/equipe-economica-do-governo-avalia-recompor-orcamento-de-agencias-reguladoras\/\" target=\"_blank\" rel=\"noreferrer noopener\">mostrou<\/a>\u00a0na segunda-feira (21) que a recomposi\u00e7\u00e3o do or\u00e7amento dos \u00f3rg\u00e3os reguladores foi discutida pela JEO (Junta de Execu\u00e7\u00e3o Or\u00e7ament\u00e1ria).\u00a0<br><br><strong>Concess\u00f5es e permiss\u00f5es<\/strong><br>O relat\u00f3rio divulgado\u00a0tamb\u00e9m apontou um aumento de R$ 1,1 bilh\u00e3o na receita prevista com concess\u00f5es e permiss\u00f5es, que subiu de R$ 6,6 bilh\u00f5es no segundo bimestre para R$ 7,7 bilh\u00f5es no terceiro bimestre.<\/p>\n\n\n\n<p><\/p>\n","protected":false},"excerpt":{"rendered":"<p>Amanda Pupo e Sheyla Santos, da Ag\u00eancia iNFRA O secret\u00e1rio-executivo do Minist\u00e9rio do Planejamento e Or\u00e7amento, Gustavo Guimar\u00e3es, disse na ter\u00e7a-feira (22) que o governo vai considerar a \u201cimport\u00e2ncia\u201d de retornar com parte ou a totalidade do or\u00e7amento das ag\u00eancias reguladoras no decreto de programa\u00e7\u00e3o or\u00e7ament\u00e1ria que ser\u00e1 editado no pr\u00f3ximo dia 30. A equipe [&hellip;]<\/p>\n","protected":false},"author":1,"featured_media":25193,"comment_status":"closed","ping_status":"closed","sticky":false,"template":"","format":"standard","meta":{"_monsterinsights_skip_tracking":false,"_monsterinsights_sitenote_active":false,"_monsterinsights_sitenote_note":"","_monsterinsights_sitenote_category":0,"footnotes":""},"categories":[7250,1,7],"tags":[46,13354,11384,14533,167,12936,8838],"class_list":["post-25191","post","type-post","status-publish","format-standard","has-post-thumbnail","hentry","category-destaque-lista","category-geral","category-infratransporte","tag-agencias-reguladoras","tag-amanda-pupo","tag-cortes-orcamentarios","tag-gustavo-guimaraes-mpo","tag-orcamento","tag-orcamento-das-agencias","tag-sheyla-santos"],"yoast_head":"<!-- This site is optimized with the Yoast SEO Premium plugin v25.4 (Yoast SEO v26.0) - https:\/\/yoast.com\/wordpress\/plugins\/seo\/ -->\n<title>Governo vai considerar recompor or\u00e7amento de ag\u00eancias reguladoras, diz secret\u00e1rio do Planejamento - Ag\u00eancia iNFRA<\/title>\n<meta name=\"robots\" content=\"index, follow, max-snippet:-1, max-image-preview:large, max-video-preview:-1\" \/>\n<link rel=\"canonical\" href=\"https:\/\/agenciainfra.com\/blog\/governo-vai-considerar-recompor-orcamento-de-agencias-reguladoras-diz-secretario-do-planejamento\/\" \/>\n<meta property=\"og:locale\" content=\"pt_BR\" \/>\n<meta property=\"og:type\" content=\"article\" \/>\n<meta property=\"og:title\" content=\"Governo vai considerar recompor or\u00e7amento de ag\u00eancias reguladoras, diz secret\u00e1rio do Planejamento\" \/>\n<meta property=\"og:description\" content=\"Amanda Pupo e Sheyla Santos, da Ag\u00eancia iNFRA O secret\u00e1rio-executivo do Minist\u00e9rio do Planejamento e Or\u00e7amento, Gustavo Guimar\u00e3es, disse na ter\u00e7a-feira (22) que o governo vai considerar a \u201cimport\u00e2ncia\u201d de retornar com parte ou a totalidade do or\u00e7amento das ag\u00eancias reguladoras no decreto de programa\u00e7\u00e3o or\u00e7ament\u00e1ria que ser\u00e1 editado no pr\u00f3ximo dia 30. A equipe [&hellip;]\" \/>\n<meta property=\"og:url\" content=\"https:\/\/agenciainfra.com\/blog\/governo-vai-considerar-recompor-orcamento-de-agencias-reguladoras-diz-secretario-do-planejamento\/\" \/>\n<meta property=\"og:site_name\" content=\"Ag\u00eancia iNFRA\" \/>\n<meta property=\"article:publisher\" content=\"https:\/\/www.facebook.com\/ageninfra\" \/>\n<meta property=\"article:published_time\" content=\"2025-07-23T11:30:00+00:00\" \/>\n<meta property=\"article:modified_time\" content=\"2025-07-23T22:22:35+00:00\" \/>\n<meta property=\"og:image\" content=\"https:\/\/agenciainfra.com\/blog\/wp-content\/uploads\/2025\/07\/gustavo-guimaraes-mpo-foto-jose-cruz-agenciabrasil-scaled-e1753267111285.jpg\" \/>\n\t<meta property=\"og:image:width\" content=\"1280\" \/>\n\t<meta property=\"og:image:height\" content=\"854\" \/>\n\t<meta property=\"og:image:type\" content=\"image\/jpeg\" \/>\n<meta name=\"author\" content=\"Ag\u00eancia iNFRA\" \/>\n<meta name=\"twitter:card\" content=\"summary_large_image\" \/>\n<meta name=\"twitter:creator\" content=\"@agencia_infra\" \/>\n<meta name=\"twitter:site\" content=\"@agencia_infra\" \/>\n<meta name=\"twitter:label1\" content=\"Escrito por\" \/>\n\t<meta name=\"twitter:data1\" content=\"Ag\u00eancia iNFRA\" \/>\n\t<meta name=\"twitter:label2\" content=\"Est. tempo de leitura\" \/>\n\t<meta name=\"twitter:data2\" content=\"2 minutos\" \/>\n<script type=\"application\/ld+json\" class=\"yoast-schema-graph\">{\"@context\":\"https:\/\/schema.org\",\"@graph\":[{\"@type\":\"Article\",\"@id\":\"https:\/\/agenciainfra.com\/blog\/governo-vai-considerar-recompor-orcamento-de-agencias-reguladoras-diz-secretario-do-planejamento\/#article\",\"isPartOf\":{\"@id\":\"https:\/\/agenciainfra.com\/blog\/governo-vai-considerar-recompor-orcamento-de-agencias-reguladoras-diz-secretario-do-planejamento\/\"},\"author\":{\"name\":\"Ag\u00eancia iNFRA\",\"@id\":\"https:\/\/agenciainfra.com\/blog\/#\/schema\/person\/34af08dff6adea4cb22b06612ba7acfa\"},\"headline\":\"Governo vai considerar recompor or\u00e7amento de ag\u00eancias reguladoras, diz secret\u00e1rio do Planejamento\",\"datePublished\":\"2025-07-23T11:30:00+00:00\",\"dateModified\":\"2025-07-23T22:22:35+00:00\",\"mainEntityOfPage\":{\"@id\":\"https:\/\/agenciainfra.com\/blog\/governo-vai-considerar-recompor-orcamento-de-agencias-reguladoras-diz-secretario-do-planejamento\/\"},\"wordCount\":323,\"publisher\":{\"@id\":\"https:\/\/agenciainfra.com\/blog\/#organization\"},\"image\":{\"@id\":\"https:\/\/agenciainfra.com\/blog\/governo-vai-considerar-recompor-orcamento-de-agencias-reguladoras-diz-secretario-do-planejamento\/#primaryimage\"},\"thumbnailUrl\":\"https:\/\/agenciainfra.com\/blog\/wp-content\/uploads\/2025\/07\/gustavo-guimaraes-mpo-foto-jose-cruz-agenciabrasil-scaled-e1753267111285.jpg\",\"keywords\":[\"Ag\u00eancias Reguladoras\",\"Amanda Pupo\",\"cortes or\u00e7ament\u00e1rios\",\"gustavo guimar\u00e3es mpo\",\"Or\u00e7amento\",\"or\u00e7amento das ag\u00eancias\",\"Sheyla Santos\"],\"articleSection\":[\"Destaque lista\",\"Geral\",\"iNFRATransporte\"],\"inLanguage\":\"pt-BR\",\"copyrightYear\":\"2025\",\"copyrightHolder\":{\"@id\":\"https:\/\/agenciainfra.com\/blog\/#organization\"}},{\"@type\":\"WebPage\",\"@id\":\"https:\/\/agenciainfra.com\/blog\/governo-vai-considerar-recompor-orcamento-de-agencias-reguladoras-diz-secretario-do-planejamento\/\",\"url\":\"https:\/\/agenciainfra.com\/blog\/governo-vai-considerar-recompor-orcamento-de-agencias-reguladoras-diz-secretario-do-planejamento\/\",\"name\":\"Governo vai considerar recompor or\u00e7amento de ag\u00eancias reguladoras, diz secret\u00e1rio do Planejamento - Ag\u00eancia iNFRA\",\"isPartOf\":{\"@id\":\"https:\/\/agenciainfra.com\/blog\/#website\"},\"primaryImageOfPage\":{\"@id\":\"https:\/\/agenciainfra.com\/blog\/governo-vai-considerar-recompor-orcamento-de-agencias-reguladoras-diz-secretario-do-planejamento\/#primaryimage\"},\"image\":{\"@id\":\"https:\/\/agenciainfra.com\/blog\/governo-vai-considerar-recompor-orcamento-de-agencias-reguladoras-diz-secretario-do-planejamento\/#primaryimage\"},\"thumbnailUrl\":\"https:\/\/agenciainfra.com\/blog\/wp-content\/uploads\/2025\/07\/gustavo-guimaraes-mpo-foto-jose-cruz-agenciabrasil-scaled-e1753267111285.jpg\",\"datePublished\":\"2025-07-23T11:30:00+00:00\",\"dateModified\":\"2025-07-23T22:22:35+00:00\",\"breadcrumb\":{\"@id\":\"https:\/\/agenciainfra.com\/blog\/governo-vai-considerar-recompor-orcamento-de-agencias-reguladoras-diz-secretario-do-planejamento\/#breadcrumb\"},\"inLanguage\":\"pt-BR\",\"potentialAction\":[{\"@type\":\"ReadAction\",\"target\":[\"https:\/\/agenciainfra.com\/blog\/governo-vai-considerar-recompor-orcamento-de-agencias-reguladoras-diz-secretario-do-planejamento\/\"]}]},{\"@type\":\"ImageObject\",\"inLanguage\":\"pt-BR\",\"@id\":\"https:\/\/agenciainfra.com\/blog\/governo-vai-considerar-recompor-orcamento-de-agencias-reguladoras-diz-secretario-do-planejamento\/#primaryimage\",\"url\":\"https:\/\/agenciainfra.com\/blog\/wp-content\/uploads\/2025\/07\/gustavo-guimaraes-mpo-foto-jose-cruz-agenciabrasil-scaled-e1753267111285.jpg\",\"contentUrl\":\"https:\/\/agenciainfra.com\/blog\/wp-content\/uploads\/2025\/07\/gustavo-guimaraes-mpo-foto-jose-cruz-agenciabrasil-scaled-e1753267111285.jpg\",\"width\":1280,\"height\":854,\"caption\":\"Foto: Jos\u00e9 Cruz\/Ag\u00eancia Brasil\"},{\"@type\":\"BreadcrumbList\",\"@id\":\"https:\/\/agenciainfra.com\/blog\/governo-vai-considerar-recompor-orcamento-de-agencias-reguladoras-diz-secretario-do-planejamento\/#breadcrumb\",\"itemListElement\":[{\"@type\":\"ListItem\",\"position\":1,\"name\":\"In\u00edcio\",\"item\":\"https:\/\/agenciainfra.com\/blog\/\"},{\"@type\":\"ListItem\",\"position\":2,\"name\":\"Governo vai considerar recompor or\u00e7amento de ag\u00eancias reguladoras, diz secret\u00e1rio do Planejamento\"}]},{\"@type\":\"WebSite\",\"@id\":\"https:\/\/agenciainfra.com\/blog\/#website\",\"url\":\"https:\/\/agenciainfra.com\/blog\/\",\"name\":\"Ag\u00eancia iNFRA\",\"description\":\"Multiplataforma de informa\u00e7\u00e3o jornal\u00edstica refer\u00eancia na \u00e1rea de infraestrutura no Brasil!\",\"publisher\":{\"@id\":\"https:\/\/agenciainfra.com\/blog\/#organization\"},\"potentialAction\":[{\"@type\":\"SearchAction\",\"target\":{\"@type\":\"EntryPoint\",\"urlTemplate\":\"https:\/\/agenciainfra.com\/blog\/?s={search_term_string}\"},\"query-input\":{\"@type\":\"PropertyValueSpecification\",\"valueRequired\":true,\"valueName\":\"search_term_string\"}}],\"inLanguage\":\"pt-BR\"},{\"@type\":\"Organization\",\"@id\":\"https:\/\/agenciainfra.com\/blog\/#organization\",\"name\":\"Ag\u00eancia iNFRA\",\"url\":\"https:\/\/agenciainfra.com\/blog\/\",\"logo\":{\"@type\":\"ImageObject\",\"inLanguage\":\"pt-BR\",\"@id\":\"https:\/\/agenciainfra.com\/blog\/#\/schema\/logo\/image\/\",\"url\":\"https:\/\/agenciainfra.com\/blog\/wp-content\/uploads\/2023\/09\/iNFRA_5-e1761735885940.png\",\"contentUrl\":\"https:\/\/agenciainfra.com\/blog\/wp-content\/uploads\/2023\/09\/iNFRA_5-e1761735885940.png\",\"width\":1672,\"height\":454,\"caption\":\"Ag\u00eancia iNFRA\"},\"image\":{\"@id\":\"https:\/\/agenciainfra.com\/blog\/#\/schema\/logo\/image\/\"},\"sameAs\":[\"https:\/\/www.facebook.com\/ageninfra\",\"https:\/\/x.com\/agencia_infra\",\"https:\/\/www.linkedin.com\/company\/ag\u00eanciainfra\/\",\"https:\/\/www.instagram.com\/agenciainfra\/\"]},{\"@type\":\"Person\",\"@id\":\"https:\/\/agenciainfra.com\/blog\/#\/schema\/person\/34af08dff6adea4cb22b06612ba7acfa\",\"name\":\"Ag\u00eancia iNFRA\",\"image\":{\"@type\":\"ImageObject\",\"inLanguage\":\"pt-BR\",\"@id\":\"https:\/\/agenciainfra.com\/blog\/#\/schema\/person\/image\/\",\"url\":\"https:\/\/secure.gravatar.com\/avatar\/d189e01678f06d8eb84d4e01f08eb848b3fffe3f8443818d3c356c66892f5be8?s=96&d=mm&r=g\",\"contentUrl\":\"https:\/\/secure.gravatar.com\/avatar\/d189e01678f06d8eb84d4e01f08eb848b3fffe3f8443818d3c356c66892f5be8?s=96&d=mm&r=g\",\"caption\":\"Ag\u00eancia iNFRA\"},\"url\":\"https:\/\/agenciainfra.com\/blog\/author\/admin\/\"}]}<\/script>\n<!-- \/ Yoast SEO Premium plugin. -->","yoast_head_json":{"title":"Governo vai considerar recompor or\u00e7amento de ag\u00eancias reguladoras, diz secret\u00e1rio do Planejamento - Ag\u00eancia iNFRA","robots":{"index":"index","follow":"follow","max-snippet":"max-snippet:-1","max-image-preview":"max-image-preview:large","max-video-preview":"max-video-preview:-1"},"canonical":"https:\/\/agenciainfra.com\/blog\/governo-vai-considerar-recompor-orcamento-de-agencias-reguladoras-diz-secretario-do-planejamento\/","og_locale":"pt_BR","og_type":"article","og_title":"Governo vai considerar recompor or\u00e7amento de ag\u00eancias reguladoras, diz secret\u00e1rio do Planejamento","og_description":"Amanda Pupo e Sheyla Santos, da Ag\u00eancia iNFRA O secret\u00e1rio-executivo do Minist\u00e9rio do Planejamento e Or\u00e7amento, Gustavo Guimar\u00e3es, disse na ter\u00e7a-feira (22) que o governo vai considerar a \u201cimport\u00e2ncia\u201d de retornar com parte ou a totalidade do or\u00e7amento das ag\u00eancias reguladoras no decreto de programa\u00e7\u00e3o or\u00e7ament\u00e1ria que ser\u00e1 editado no pr\u00f3ximo dia 30. A equipe [&hellip;]","og_url":"https:\/\/agenciainfra.com\/blog\/governo-vai-considerar-recompor-orcamento-de-agencias-reguladoras-diz-secretario-do-planejamento\/","og_site_name":"Ag\u00eancia iNFRA","article_publisher":"https:\/\/www.facebook.com\/ageninfra","article_published_time":"2025-07-23T11:30:00+00:00","article_modified_time":"2025-07-23T22:22:35+00:00","og_image":[{"width":1280,"height":854,"url":"https:\/\/agenciainfra.com\/blog\/wp-content\/uploads\/2025\/07\/gustavo-guimaraes-mpo-foto-jose-cruz-agenciabrasil-scaled-e1753267111285.jpg","type":"image\/jpeg"}],"author":"Ag\u00eancia iNFRA","twitter_card":"summary_large_image","twitter_creator":"@agencia_infra","twitter_site":"@agencia_infra","twitter_misc":{"Escrito por":"Ag\u00eancia iNFRA","Est. tempo de leitura":"2 minutos"},"schema":{"@context":"https:\/\/schema.org","@graph":[{"@type":"Article","@id":"https:\/\/agenciainfra.com\/blog\/governo-vai-considerar-recompor-orcamento-de-agencias-reguladoras-diz-secretario-do-planejamento\/#article","isPartOf":{"@id":"https:\/\/agenciainfra.com\/blog\/governo-vai-considerar-recompor-orcamento-de-agencias-reguladoras-diz-secretario-do-planejamento\/"},"author":{"name":"Ag\u00eancia iNFRA","@id":"https:\/\/agenciainfra.com\/blog\/#\/schema\/person\/34af08dff6adea4cb22b06612ba7acfa"},"headline":"Governo vai considerar recompor or\u00e7amento de ag\u00eancias reguladoras, diz secret\u00e1rio do Planejamento","datePublished":"2025-07-23T11:30:00+00:00","dateModified":"2025-07-23T22:22:35+00:00","mainEntityOfPage":{"@id":"https:\/\/agenciainfra.com\/blog\/governo-vai-considerar-recompor-orcamento-de-agencias-reguladoras-diz-secretario-do-planejamento\/"},"wordCount":323,"publisher":{"@id":"https:\/\/agenciainfra.com\/blog\/#organization"},"image":{"@id":"https:\/\/agenciainfra.com\/blog\/governo-vai-considerar-recompor-orcamento-de-agencias-reguladoras-diz-secretario-do-planejamento\/#primaryimage"},"thumbnailUrl":"https:\/\/agenciainfra.com\/blog\/wp-content\/uploads\/2025\/07\/gustavo-guimaraes-mpo-foto-jose-cruz-agenciabrasil-scaled-e1753267111285.jpg","keywords":["Ag\u00eancias Reguladoras","Amanda Pupo","cortes or\u00e7ament\u00e1rios","gustavo guimar\u00e3es mpo","Or\u00e7amento","or\u00e7amento das ag\u00eancias","Sheyla Santos"],"articleSection":["Destaque lista","Geral","iNFRATransporte"],"inLanguage":"pt-BR","copyrightYear":"2025","copyrightHolder":{"@id":"https:\/\/agenciainfra.com\/blog\/#organization"}},{"@type":"WebPage","@id":"https:\/\/agenciainfra.com\/blog\/governo-vai-considerar-recompor-orcamento-de-agencias-reguladoras-diz-secretario-do-planejamento\/","url":"https:\/\/agenciainfra.com\/blog\/governo-vai-considerar-recompor-orcamento-de-agencias-reguladoras-diz-secretario-do-planejamento\/","name":"Governo vai considerar recompor or\u00e7amento de ag\u00eancias reguladoras, diz secret\u00e1rio do Planejamento - Ag\u00eancia iNFRA","isPartOf":{"@id":"https:\/\/agenciainfra.com\/blog\/#website"},"primaryImageOfPage":{"@id":"https:\/\/agenciainfra.com\/blog\/governo-vai-considerar-recompor-orcamento-de-agencias-reguladoras-diz-secretario-do-planejamento\/#primaryimage"},"image":{"@id":"https:\/\/agenciainfra.com\/blog\/governo-vai-considerar-recompor-orcamento-de-agencias-reguladoras-diz-secretario-do-planejamento\/#primaryimage"},"thumbnailUrl":"https:\/\/agenciainfra.com\/blog\/wp-content\/uploads\/2025\/07\/gustavo-guimaraes-mpo-foto-jose-cruz-agenciabrasil-scaled-e1753267111285.jpg","datePublished":"2025-07-23T11:30:00+00:00","dateModified":"2025-07-23T22:22:35+00:00","breadcrumb":{"@id":"https:\/\/agenciainfra.com\/blog\/governo-vai-considerar-recompor-orcamento-de-agencias-reguladoras-diz-secretario-do-planejamento\/#breadcrumb"},"inLanguage":"pt-BR","potentialAction":[{"@type":"ReadAction","target":["https:\/\/agenciainfra.com\/blog\/governo-vai-considerar-recompor-orcamento-de-agencias-reguladoras-diz-secretario-do-planejamento\/"]}]},{"@type":"ImageObject","inLanguage":"pt-BR","@id":"https:\/\/agenciainfra.com\/blog\/governo-vai-considerar-recompor-orcamento-de-agencias-reguladoras-diz-secretario-do-planejamento\/#primaryimage","url":"https:\/\/agenciainfra.com\/blog\/wp-content\/uploads\/2025\/07\/gustavo-guimaraes-mpo-foto-jose-cruz-agenciabrasil-scaled-e1753267111285.jpg","contentUrl":"https:\/\/agenciainfra.com\/blog\/wp-content\/uploads\/2025\/07\/gustavo-guimaraes-mpo-foto-jose-cruz-agenciabrasil-scaled-e1753267111285.jpg","width":1280,"height":854,"caption":"Foto: Jos\u00e9 Cruz\/Ag\u00eancia Brasil"},{"@type":"BreadcrumbList","@id":"https:\/\/agenciainfra.com\/blog\/governo-vai-considerar-recompor-orcamento-de-agencias-reguladoras-diz-secretario-do-planejamento\/#breadcrumb","itemListElement":[{"@type":"ListItem","position":1,"name":"In\u00edcio","item":"https:\/\/agenciainfra.com\/blog\/"},{"@type":"ListItem","position":2,"name":"Governo vai considerar recompor or\u00e7amento de ag\u00eancias reguladoras, diz secret\u00e1rio do Planejamento"}]},{"@type":"WebSite","@id":"https:\/\/agenciainfra.com\/blog\/#website","url":"https:\/\/agenciainfra.com\/blog\/","name":"Ag\u00eancia iNFRA","description":"Multiplataforma de informa\u00e7\u00e3o jornal\u00edstica refer\u00eancia na \u00e1rea de infraestrutura no Brasil!","publisher":{"@id":"https:\/\/agenciainfra.com\/blog\/#organization"},"potentialAction":[{"@type":"SearchAction","target":{"@type":"EntryPoint","urlTemplate":"https:\/\/agenciainfra.com\/blog\/?s={search_term_string}"},"query-input":{"@type":"PropertyValueSpecification","valueRequired":true,"valueName":"search_term_string"}}],"inLanguage":"pt-BR"},{"@type":"Organization","@id":"https:\/\/agenciainfra.com\/blog\/#organization","name":"Ag\u00eancia iNFRA","url":"https:\/\/agenciainfra.com\/blog\/","logo":{"@type":"ImageObject","inLanguage":"pt-BR","@id":"https:\/\/agenciainfra.com\/blog\/#\/schema\/logo\/image\/","url":"https:\/\/agenciainfra.com\/blog\/wp-content\/uploads\/2023\/09\/iNFRA_5-e1761735885940.png","contentUrl":"https:\/\/agenciainfra.com\/blog\/wp-content\/uploads\/2023\/09\/iNFRA_5-e1761735885940.png","width":1672,"height":454,"caption":"Ag\u00eancia iNFRA"},"image":{"@id":"https:\/\/agenciainfra.com\/blog\/#\/schema\/logo\/image\/"},"sameAs":["https:\/\/www.facebook.com\/ageninfra","https:\/\/x.com\/agencia_infra","https:\/\/www.linkedin.com\/company\/ag\u00eanciainfra\/","https:\/\/www.instagram.com\/agenciainfra\/"]},{"@type":"Person","@id":"https:\/\/agenciainfra.com\/blog\/#\/schema\/person\/34af08dff6adea4cb22b06612ba7acfa","name":"Ag\u00eancia iNFRA","image":{"@type":"ImageObject","inLanguage":"pt-BR","@id":"https:\/\/agenciainfra.com\/blog\/#\/schema\/person\/image\/","url":"https:\/\/secure.gravatar.com\/avatar\/d189e01678f06d8eb84d4e01f08eb848b3fffe3f8443818d3c356c66892f5be8?s=96&d=mm&r=g","contentUrl":"https:\/\/secure.gravatar.com\/avatar\/d189e01678f06d8eb84d4e01f08eb848b3fffe3f8443818d3c356c66892f5be8?s=96&d=mm&r=g","caption":"Ag\u00eancia iNFRA"},"url":"https:\/\/agenciainfra.com\/blog\/author\/admin\/"}]}},"_links":{"self":[{"href":"https:\/\/agenciainfra.com\/blog\/wp-json\/wp\/v2\/posts\/25191","targetHints":{"allow":["GET"]}}],"collection":[{"href":"https:\/\/agenciainfra.com\/blog\/wp-json\/wp\/v2\/posts"}],"about":[{"href":"https:\/\/agenciainfra.com\/blog\/wp-json\/wp\/v2\/types\/post"}],"author":[{"embeddable":true,"href":"https:\/\/agenciainfra.com\/blog\/wp-json\/wp\/v2\/users\/1"}],"replies":[{"embeddable":true,"href":"https:\/\/agenciainfra.com\/blog\/wp-json\/wp\/v2\/comments?post=25191"}],"version-history":[{"count":1,"href":"https:\/\/agenciainfra.com\/blog\/wp-json\/wp\/v2\/posts\/25191\/revisions"}],"predecessor-version":[{"id":25195,"href":"https:\/\/agenciainfra.com\/blog\/wp-json\/wp\/v2\/posts\/25191\/revisions\/25195"}],"wp:featuredmedia":[{"embeddable":true,"href":"https:\/\/agenciainfra.com\/blog\/wp-json\/wp\/v2\/media\/25193"}],"wp:attachment":[{"href":"https:\/\/agenciainfra.com\/blog\/wp-json\/wp\/v2\/media?parent=25191"}],"wp:term":[{"taxonomy":"category","embeddable":true,"href":"https:\/\/agenciainfra.com\/blog\/wp-json\/wp\/v2\/categories?post=25191"},{"taxonomy":"post_tag","embeddable":true,"href":"https:\/\/agenciainfra.com\/blog\/wp-json\/wp\/v2\/tags?post=25191"}],"curies":[{"name":"wp","href":"https:\/\/api.w.org\/{rel}","templated":true}]}}