{"id":25218,"date":"2025-07-23T11:41:58","date_gmt":"2025-07-23T14:41:58","guid":{"rendered":"https:\/\/agenciainfra.com\/blog\/?p=25218"},"modified":"2025-07-24T10:44:01","modified_gmt":"2025-07-24T13:44:01","slug":"cade-vai-dar-prioridade-ao-mercado-de-combustiveis-em-2025-e-2026-em-resposta-as-queixas-do-governo","status":"publish","type":"post","link":"https:\/\/agenciainfra.com\/blog\/cade-vai-dar-prioridade-ao-mercado-de-combustiveis-em-2025-e-2026-em-resposta-as-queixas-do-governo\/","title":{"rendered":"Cade vai dar prioridade ao mercado de combust\u00edveis em 2025 e 2026 em resposta \u00e0s queixas do governo"},"content":{"rendered":"\n<p class=\"has-text-align-right\"><strong>Gabriel Vasconcelos, da Ag\u00eancia iNFRA<\/strong><\/p>\n\n\n\n<p>O Cade (Conselho Administrativo de Defesa Econ\u00f4mica) publicou nesta quarta-feira (23) uma portaria que define o mercado de combust\u00edveis l\u00edquidos como priorit\u00e1rio para o restante do exerc\u00edcio de 2025 e 2026. A medida determina que a Superintend\u00eancia-Geral do \u00f3rg\u00e3o priorize investiga\u00e7\u00f5es de forma\u00e7\u00e3o de cartel e conluios neste mercado, que envolve desde refinarias a empresas de distribui\u00e7\u00e3o e varejistas (postos de abastecimento).<\/p>\n\n\n\n<p>Est\u00e1 prevista a realiza\u00e7\u00e3o de uma audi\u00eancia p\u00fablica sobre o assunto ainda este ano e foi estabelecido prazo de at\u00e9 30 dias a contar da \u00faltima segunda-feira (21) para que todas as \u00e1reas do Cade citadas apresentem \u00e0 presid\u00eancia do \u00f3rg\u00e3o a\u00e7\u00f5es em curso e para o bi\u00eanio 2025-2026.<\/p>\n\n\n\n<p>A medida \u00e9 uma resposta aos sucessivos of\u00edcios do MME (Minist\u00e9rio de Minas e Energia) e da AGU (Advocacia-Geral da Uni\u00e3o), que sugerem ind\u00edcios de condutas anticompetitivas no mercado de derivados de petr\u00f3leo e g\u00e1s em algumas regi\u00f5es do pa\u00eds, sobretudo o Norte, entre 2019 e 2025. A press\u00e3o do governo sobre refinarias privadas \u2013 em especial a REAM (Refinaria da Amaz\u00f4nia) \u2013 e sobre o mercado de distribui\u00e7\u00e3o chegou ao \u00e1pice quando o presidente Lula passou a encampar as cr\u00edticas do MME. Em seus discursos, o presidente tem dito que as distribuidoras n\u00e3o repassam ao consumidor final as redu\u00e7\u00f5es de pre\u00e7o praticadas na gasolina, diesel e g\u00e1s de cozinha (GLP) pela Petrobras em suas refinarias.<\/p>\n\n\n\n<p>Na portaria, a dire\u00e7\u00e3o do Cade tamb\u00e9m determina que seu DEE (Departamento de Estudos Econ\u00f4micos) atualize estudos e notas t\u00e9cnicas sobre o mercado de combust\u00edveis, como o Caderno Setorial sobre Distribui\u00e7\u00e3o e Varejo de Combust\u00edveis L\u00edquidos, para propor &#8220;novas iniciativas pr\u00f3-concorrenciais&#8221;.<\/p>\n\n\n\n<p>Outra determina\u00e7\u00e3o \u00e9 maior di\u00e1logo entre os \u00f3rg\u00e3os do Cade e a ANP (Ag\u00eancia Nacional do Petr\u00f3leo, G\u00e1s Natural e Biocombust\u00edveis), a Receita Federal, e as secretarias estaduais de Fazenda para compartilhamento da base de dados de pre\u00e7os do setor e eventual acesso a &#8220;dados de notas fiscais eletr\u00f4nicas&#8221;. MME, AGU, \u00f3rg\u00e3os de defesa do consumidor, Pol\u00edcia Federal e pol\u00edcias estaduais tamb\u00e9m entram na lista de interlocutores do Cade para subsidiar investiga\u00e7\u00f5es.<\/p>\n","protected":false},"excerpt":{"rendered":"<p>Gabriel Vasconcelos, da Ag\u00eancia iNFRA O Cade (Conselho Administrativo de Defesa Econ\u00f4mica) publicou nesta quarta-feira (23) uma portaria que define o mercado de combust\u00edveis l\u00edquidos como priorit\u00e1rio para o restante do exerc\u00edcio de 2025 e 2026. A medida determina que a Superintend\u00eancia-Geral do \u00f3rg\u00e3o priorize investiga\u00e7\u00f5es de forma\u00e7\u00e3o de cartel e conluios neste mercado, que [&hellip;]<\/p>\n","protected":false},"author":1,"featured_media":5014,"comment_status":"closed","ping_status":"closed","sticky":false,"template":"","format":"standard","meta":{"_monsterinsights_skip_tracking":false,"_monsterinsights_sitenote_active":false,"_monsterinsights_sitenote_note":"","_monsterinsights_sitenote_category":0,"footnotes":""},"categories":[7250,1,13271],"tags":[1101,371,314,9909,13251,10675,71,5163],"class_list":["post-25218","post","type-post","status-publish","format-standard","has-post-thumbnail","hentry","category-destaque-lista","category-geral","category-oleo-gas","tag-anp","tag-cade","tag-combustiveis","tag-distribuicao-de-combustiveis","tag-gabriel-vasconcelos","tag-mercado-de-combustiveis","tag-mme","tag-preco-dos-combustiveis"],"yoast_head":"<!-- This site is optimized with the Yoast SEO Premium plugin v25.4 (Yoast SEO v26.0) - https:\/\/yoast.com\/wordpress\/plugins\/seo\/ -->\n<title>Cade vai dar prioridade ao mercado de combust\u00edveis em 2025 e 2026 em resposta \u00e0s queixas do governo - Ag\u00eancia iNFRA<\/title>\n<meta name=\"robots\" content=\"index, follow, max-snippet:-1, max-image-preview:large, max-video-preview:-1\" \/>\n<link rel=\"canonical\" href=\"https:\/\/agenciainfra.com\/blog\/cade-vai-dar-prioridade-ao-mercado-de-combustiveis-em-2025-e-2026-em-resposta-as-queixas-do-governo\/\" \/>\n<meta property=\"og:locale\" content=\"pt_BR\" \/>\n<meta property=\"og:type\" content=\"article\" \/>\n<meta property=\"og:title\" content=\"Cade vai dar prioridade ao mercado de combust\u00edveis em 2025 e 2026 em resposta \u00e0s queixas do governo\" \/>\n<meta property=\"og:description\" content=\"Gabriel Vasconcelos, da Ag\u00eancia iNFRA O Cade (Conselho Administrativo de Defesa Econ\u00f4mica) publicou nesta quarta-feira (23) uma portaria que define o mercado de combust\u00edveis l\u00edquidos como priorit\u00e1rio para o restante do exerc\u00edcio de 2025 e 2026. A medida determina que a Superintend\u00eancia-Geral do \u00f3rg\u00e3o priorize investiga\u00e7\u00f5es de forma\u00e7\u00e3o de cartel e conluios neste mercado, que [&hellip;]\" \/>\n<meta property=\"og:url\" content=\"https:\/\/agenciainfra.com\/blog\/cade-vai-dar-prioridade-ao-mercado-de-combustiveis-em-2025-e-2026-em-resposta-as-queixas-do-governo\/\" \/>\n<meta property=\"og:site_name\" content=\"Ag\u00eancia iNFRA\" \/>\n<meta property=\"article:publisher\" content=\"https:\/\/www.facebook.com\/ageninfra\" \/>\n<meta property=\"article:published_time\" content=\"2025-07-23T14:41:58+00:00\" \/>\n<meta property=\"article:modified_time\" content=\"2025-07-24T13:44:01+00:00\" \/>\n<meta property=\"og:image\" content=\"https:\/\/agenciainfra.com\/blog\/wp-content\/uploads\/2020\/06\/cade-sede-foto-cade.png\" \/>\n\t<meta property=\"og:image:width\" content=\"738\" \/>\n\t<meta property=\"og:image:height\" content=\"366\" \/>\n\t<meta property=\"og:image:type\" content=\"image\/png\" \/>\n<meta name=\"author\" content=\"Ag\u00eancia iNFRA\" \/>\n<meta name=\"twitter:card\" content=\"summary_large_image\" \/>\n<meta name=\"twitter:creator\" content=\"@agencia_infra\" \/>\n<meta name=\"twitter:site\" content=\"@agencia_infra\" \/>\n<meta name=\"twitter:label1\" content=\"Escrito por\" \/>\n\t<meta name=\"twitter:data1\" content=\"Ag\u00eancia iNFRA\" \/>\n\t<meta name=\"twitter:label2\" content=\"Est. tempo de leitura\" \/>\n\t<meta name=\"twitter:data2\" content=\"2 minutos\" \/>\n<script type=\"application\/ld+json\" class=\"yoast-schema-graph\">{\"@context\":\"https:\/\/schema.org\",\"@graph\":[{\"@type\":\"Article\",\"@id\":\"https:\/\/agenciainfra.com\/blog\/cade-vai-dar-prioridade-ao-mercado-de-combustiveis-em-2025-e-2026-em-resposta-as-queixas-do-governo\/#article\",\"isPartOf\":{\"@id\":\"https:\/\/agenciainfra.com\/blog\/cade-vai-dar-prioridade-ao-mercado-de-combustiveis-em-2025-e-2026-em-resposta-as-queixas-do-governo\/\"},\"author\":{\"name\":\"Ag\u00eancia iNFRA\",\"@id\":\"https:\/\/agenciainfra.com\/blog\/#\/schema\/person\/34af08dff6adea4cb22b06612ba7acfa\"},\"headline\":\"Cade vai dar prioridade ao mercado de combust\u00edveis em 2025 e 2026 em resposta \u00e0s queixas do governo\",\"datePublished\":\"2025-07-23T14:41:58+00:00\",\"dateModified\":\"2025-07-24T13:44:01+00:00\",\"mainEntityOfPage\":{\"@id\":\"https:\/\/agenciainfra.com\/blog\/cade-vai-dar-prioridade-ao-mercado-de-combustiveis-em-2025-e-2026-em-resposta-as-queixas-do-governo\/\"},\"wordCount\":407,\"publisher\":{\"@id\":\"https:\/\/agenciainfra.com\/blog\/#organization\"},\"image\":{\"@id\":\"https:\/\/agenciainfra.com\/blog\/cade-vai-dar-prioridade-ao-mercado-de-combustiveis-em-2025-e-2026-em-resposta-as-queixas-do-governo\/#primaryimage\"},\"thumbnailUrl\":\"https:\/\/agenciainfra.com\/blog\/wp-content\/uploads\/2020\/06\/cade-sede-foto-cade.png\",\"keywords\":[\"ANP\",\"Cade\",\"combust\u00edveis\",\"distribui\u00e7\u00e3o de combust\u00edveis\",\"Gabriel Vasconcelos\",\"mercado de combust\u00edveis\",\"MME\",\"pre\u00e7o dos combust\u00edveis\"],\"articleSection\":[\"Destaque lista\",\"Geral\",\"\u00d3leo &amp; G\u00e1s\"],\"inLanguage\":\"pt-BR\",\"copyrightYear\":\"2025\",\"copyrightHolder\":{\"@id\":\"https:\/\/agenciainfra.com\/blog\/#organization\"}},{\"@type\":\"WebPage\",\"@id\":\"https:\/\/agenciainfra.com\/blog\/cade-vai-dar-prioridade-ao-mercado-de-combustiveis-em-2025-e-2026-em-resposta-as-queixas-do-governo\/\",\"url\":\"https:\/\/agenciainfra.com\/blog\/cade-vai-dar-prioridade-ao-mercado-de-combustiveis-em-2025-e-2026-em-resposta-as-queixas-do-governo\/\",\"name\":\"Cade vai dar prioridade ao mercado de combust\u00edveis em 2025 e 2026 em resposta \u00e0s queixas do governo - Ag\u00eancia iNFRA\",\"isPartOf\":{\"@id\":\"https:\/\/agenciainfra.com\/blog\/#website\"},\"primaryImageOfPage\":{\"@id\":\"https:\/\/agenciainfra.com\/blog\/cade-vai-dar-prioridade-ao-mercado-de-combustiveis-em-2025-e-2026-em-resposta-as-queixas-do-governo\/#primaryimage\"},\"image\":{\"@id\":\"https:\/\/agenciainfra.com\/blog\/cade-vai-dar-prioridade-ao-mercado-de-combustiveis-em-2025-e-2026-em-resposta-as-queixas-do-governo\/#primaryimage\"},\"thumbnailUrl\":\"https:\/\/agenciainfra.com\/blog\/wp-content\/uploads\/2020\/06\/cade-sede-foto-cade.png\",\"datePublished\":\"2025-07-23T14:41:58+00:00\",\"dateModified\":\"2025-07-24T13:44:01+00:00\",\"breadcrumb\":{\"@id\":\"https:\/\/agenciainfra.com\/blog\/cade-vai-dar-prioridade-ao-mercado-de-combustiveis-em-2025-e-2026-em-resposta-as-queixas-do-governo\/#breadcrumb\"},\"inLanguage\":\"pt-BR\",\"potentialAction\":[{\"@type\":\"ReadAction\",\"target\":[\"https:\/\/agenciainfra.com\/blog\/cade-vai-dar-prioridade-ao-mercado-de-combustiveis-em-2025-e-2026-em-resposta-as-queixas-do-governo\/\"]}]},{\"@type\":\"ImageObject\",\"inLanguage\":\"pt-BR\",\"@id\":\"https:\/\/agenciainfra.com\/blog\/cade-vai-dar-prioridade-ao-mercado-de-combustiveis-em-2025-e-2026-em-resposta-as-queixas-do-governo\/#primaryimage\",\"url\":\"https:\/\/agenciainfra.com\/blog\/wp-content\/uploads\/2020\/06\/cade-sede-foto-cade.png\",\"contentUrl\":\"https:\/\/agenciainfra.com\/blog\/wp-content\/uploads\/2020\/06\/cade-sede-foto-cade.png\",\"width\":738,\"height\":366,\"caption\":\"Foto: Divulga\u00e7\u00e3o Cade\"},{\"@type\":\"BreadcrumbList\",\"@id\":\"https:\/\/agenciainfra.com\/blog\/cade-vai-dar-prioridade-ao-mercado-de-combustiveis-em-2025-e-2026-em-resposta-as-queixas-do-governo\/#breadcrumb\",\"itemListElement\":[{\"@type\":\"ListItem\",\"position\":1,\"name\":\"In\u00edcio\",\"item\":\"https:\/\/agenciainfra.com\/blog\/\"},{\"@type\":\"ListItem\",\"position\":2,\"name\":\"Cade vai dar prioridade ao mercado de combust\u00edveis em 2025 e 2026 em resposta \u00e0s queixas do governo\"}]},{\"@type\":\"WebSite\",\"@id\":\"https:\/\/agenciainfra.com\/blog\/#website\",\"url\":\"https:\/\/agenciainfra.com\/blog\/\",\"name\":\"Ag\u00eancia iNFRA\",\"description\":\"Multiplataforma de informa\u00e7\u00e3o jornal\u00edstica refer\u00eancia na \u00e1rea de infraestrutura no Brasil!\",\"publisher\":{\"@id\":\"https:\/\/agenciainfra.com\/blog\/#organization\"},\"potentialAction\":[{\"@type\":\"SearchAction\",\"target\":{\"@type\":\"EntryPoint\",\"urlTemplate\":\"https:\/\/agenciainfra.com\/blog\/?s={search_term_string}\"},\"query-input\":{\"@type\":\"PropertyValueSpecification\",\"valueRequired\":true,\"valueName\":\"search_term_string\"}}],\"inLanguage\":\"pt-BR\"},{\"@type\":\"Organization\",\"@id\":\"https:\/\/agenciainfra.com\/blog\/#organization\",\"name\":\"Ag\u00eancia iNFRA\",\"url\":\"https:\/\/agenciainfra.com\/blog\/\",\"logo\":{\"@type\":\"ImageObject\",\"inLanguage\":\"pt-BR\",\"@id\":\"https:\/\/agenciainfra.com\/blog\/#\/schema\/logo\/image\/\",\"url\":\"https:\/\/agenciainfra.com\/blog\/wp-content\/uploads\/2023\/09\/iNFRA_5-e1761735885940.png\",\"contentUrl\":\"https:\/\/agenciainfra.com\/blog\/wp-content\/uploads\/2023\/09\/iNFRA_5-e1761735885940.png\",\"width\":1672,\"height\":454,\"caption\":\"Ag\u00eancia iNFRA\"},\"image\":{\"@id\":\"https:\/\/agenciainfra.com\/blog\/#\/schema\/logo\/image\/\"},\"sameAs\":[\"https:\/\/www.facebook.com\/ageninfra\",\"https:\/\/x.com\/agencia_infra\",\"https:\/\/www.linkedin.com\/company\/ag\u00eanciainfra\/\",\"https:\/\/www.instagram.com\/agenciainfra\/\"]},{\"@type\":\"Person\",\"@id\":\"https:\/\/agenciainfra.com\/blog\/#\/schema\/person\/34af08dff6adea4cb22b06612ba7acfa\",\"name\":\"Ag\u00eancia iNFRA\",\"image\":{\"@type\":\"ImageObject\",\"inLanguage\":\"pt-BR\",\"@id\":\"https:\/\/agenciainfra.com\/blog\/#\/schema\/person\/image\/\",\"url\":\"https:\/\/secure.gravatar.com\/avatar\/d189e01678f06d8eb84d4e01f08eb848b3fffe3f8443818d3c356c66892f5be8?s=96&d=mm&r=g\",\"contentUrl\":\"https:\/\/secure.gravatar.com\/avatar\/d189e01678f06d8eb84d4e01f08eb848b3fffe3f8443818d3c356c66892f5be8?s=96&d=mm&r=g\",\"caption\":\"Ag\u00eancia iNFRA\"},\"url\":\"https:\/\/agenciainfra.com\/blog\/author\/admin\/\"}]}<\/script>\n<!-- \/ Yoast SEO Premium plugin. -->","yoast_head_json":{"title":"Cade vai dar prioridade ao mercado de combust\u00edveis em 2025 e 2026 em resposta \u00e0s queixas do governo - Ag\u00eancia iNFRA","robots":{"index":"index","follow":"follow","max-snippet":"max-snippet:-1","max-image-preview":"max-image-preview:large","max-video-preview":"max-video-preview:-1"},"canonical":"https:\/\/agenciainfra.com\/blog\/cade-vai-dar-prioridade-ao-mercado-de-combustiveis-em-2025-e-2026-em-resposta-as-queixas-do-governo\/","og_locale":"pt_BR","og_type":"article","og_title":"Cade vai dar prioridade ao mercado de combust\u00edveis em 2025 e 2026 em resposta \u00e0s queixas do governo","og_description":"Gabriel Vasconcelos, da Ag\u00eancia iNFRA O Cade (Conselho Administrativo de Defesa Econ\u00f4mica) publicou nesta quarta-feira (23) uma portaria que define o mercado de combust\u00edveis l\u00edquidos como priorit\u00e1rio para o restante do exerc\u00edcio de 2025 e 2026. A medida determina que a Superintend\u00eancia-Geral do \u00f3rg\u00e3o priorize investiga\u00e7\u00f5es de forma\u00e7\u00e3o de cartel e conluios neste mercado, que [&hellip;]","og_url":"https:\/\/agenciainfra.com\/blog\/cade-vai-dar-prioridade-ao-mercado-de-combustiveis-em-2025-e-2026-em-resposta-as-queixas-do-governo\/","og_site_name":"Ag\u00eancia iNFRA","article_publisher":"https:\/\/www.facebook.com\/ageninfra","article_published_time":"2025-07-23T14:41:58+00:00","article_modified_time":"2025-07-24T13:44:01+00:00","og_image":[{"width":738,"height":366,"url":"https:\/\/agenciainfra.com\/blog\/wp-content\/uploads\/2020\/06\/cade-sede-foto-cade.png","type":"image\/png"}],"author":"Ag\u00eancia iNFRA","twitter_card":"summary_large_image","twitter_creator":"@agencia_infra","twitter_site":"@agencia_infra","twitter_misc":{"Escrito por":"Ag\u00eancia iNFRA","Est. tempo de leitura":"2 minutos"},"schema":{"@context":"https:\/\/schema.org","@graph":[{"@type":"Article","@id":"https:\/\/agenciainfra.com\/blog\/cade-vai-dar-prioridade-ao-mercado-de-combustiveis-em-2025-e-2026-em-resposta-as-queixas-do-governo\/#article","isPartOf":{"@id":"https:\/\/agenciainfra.com\/blog\/cade-vai-dar-prioridade-ao-mercado-de-combustiveis-em-2025-e-2026-em-resposta-as-queixas-do-governo\/"},"author":{"name":"Ag\u00eancia iNFRA","@id":"https:\/\/agenciainfra.com\/blog\/#\/schema\/person\/34af08dff6adea4cb22b06612ba7acfa"},"headline":"Cade vai dar prioridade ao mercado de combust\u00edveis em 2025 e 2026 em resposta \u00e0s queixas do governo","datePublished":"2025-07-23T14:41:58+00:00","dateModified":"2025-07-24T13:44:01+00:00","mainEntityOfPage":{"@id":"https:\/\/agenciainfra.com\/blog\/cade-vai-dar-prioridade-ao-mercado-de-combustiveis-em-2025-e-2026-em-resposta-as-queixas-do-governo\/"},"wordCount":407,"publisher":{"@id":"https:\/\/agenciainfra.com\/blog\/#organization"},"image":{"@id":"https:\/\/agenciainfra.com\/blog\/cade-vai-dar-prioridade-ao-mercado-de-combustiveis-em-2025-e-2026-em-resposta-as-queixas-do-governo\/#primaryimage"},"thumbnailUrl":"https:\/\/agenciainfra.com\/blog\/wp-content\/uploads\/2020\/06\/cade-sede-foto-cade.png","keywords":["ANP","Cade","combust\u00edveis","distribui\u00e7\u00e3o de combust\u00edveis","Gabriel Vasconcelos","mercado de combust\u00edveis","MME","pre\u00e7o dos combust\u00edveis"],"articleSection":["Destaque lista","Geral","\u00d3leo &amp; G\u00e1s"],"inLanguage":"pt-BR","copyrightYear":"2025","copyrightHolder":{"@id":"https:\/\/agenciainfra.com\/blog\/#organization"}},{"@type":"WebPage","@id":"https:\/\/agenciainfra.com\/blog\/cade-vai-dar-prioridade-ao-mercado-de-combustiveis-em-2025-e-2026-em-resposta-as-queixas-do-governo\/","url":"https:\/\/agenciainfra.com\/blog\/cade-vai-dar-prioridade-ao-mercado-de-combustiveis-em-2025-e-2026-em-resposta-as-queixas-do-governo\/","name":"Cade vai dar prioridade ao mercado de combust\u00edveis em 2025 e 2026 em resposta \u00e0s queixas do governo - Ag\u00eancia iNFRA","isPartOf":{"@id":"https:\/\/agenciainfra.com\/blog\/#website"},"primaryImageOfPage":{"@id":"https:\/\/agenciainfra.com\/blog\/cade-vai-dar-prioridade-ao-mercado-de-combustiveis-em-2025-e-2026-em-resposta-as-queixas-do-governo\/#primaryimage"},"image":{"@id":"https:\/\/agenciainfra.com\/blog\/cade-vai-dar-prioridade-ao-mercado-de-combustiveis-em-2025-e-2026-em-resposta-as-queixas-do-governo\/#primaryimage"},"thumbnailUrl":"https:\/\/agenciainfra.com\/blog\/wp-content\/uploads\/2020\/06\/cade-sede-foto-cade.png","datePublished":"2025-07-23T14:41:58+00:00","dateModified":"2025-07-24T13:44:01+00:00","breadcrumb":{"@id":"https:\/\/agenciainfra.com\/blog\/cade-vai-dar-prioridade-ao-mercado-de-combustiveis-em-2025-e-2026-em-resposta-as-queixas-do-governo\/#breadcrumb"},"inLanguage":"pt-BR","potentialAction":[{"@type":"ReadAction","target":["https:\/\/agenciainfra.com\/blog\/cade-vai-dar-prioridade-ao-mercado-de-combustiveis-em-2025-e-2026-em-resposta-as-queixas-do-governo\/"]}]},{"@type":"ImageObject","inLanguage":"pt-BR","@id":"https:\/\/agenciainfra.com\/blog\/cade-vai-dar-prioridade-ao-mercado-de-combustiveis-em-2025-e-2026-em-resposta-as-queixas-do-governo\/#primaryimage","url":"https:\/\/agenciainfra.com\/blog\/wp-content\/uploads\/2020\/06\/cade-sede-foto-cade.png","contentUrl":"https:\/\/agenciainfra.com\/blog\/wp-content\/uploads\/2020\/06\/cade-sede-foto-cade.png","width":738,"height":366,"caption":"Foto: Divulga\u00e7\u00e3o Cade"},{"@type":"BreadcrumbList","@id":"https:\/\/agenciainfra.com\/blog\/cade-vai-dar-prioridade-ao-mercado-de-combustiveis-em-2025-e-2026-em-resposta-as-queixas-do-governo\/#breadcrumb","itemListElement":[{"@type":"ListItem","position":1,"name":"In\u00edcio","item":"https:\/\/agenciainfra.com\/blog\/"},{"@type":"ListItem","position":2,"name":"Cade vai dar prioridade ao mercado de combust\u00edveis em 2025 e 2026 em resposta \u00e0s queixas do governo"}]},{"@type":"WebSite","@id":"https:\/\/agenciainfra.com\/blog\/#website","url":"https:\/\/agenciainfra.com\/blog\/","name":"Ag\u00eancia iNFRA","description":"Multiplataforma de informa\u00e7\u00e3o jornal\u00edstica refer\u00eancia na \u00e1rea de infraestrutura no Brasil!","publisher":{"@id":"https:\/\/agenciainfra.com\/blog\/#organization"},"potentialAction":[{"@type":"SearchAction","target":{"@type":"EntryPoint","urlTemplate":"https:\/\/agenciainfra.com\/blog\/?s={search_term_string}"},"query-input":{"@type":"PropertyValueSpecification","valueRequired":true,"valueName":"search_term_string"}}],"inLanguage":"pt-BR"},{"@type":"Organization","@id":"https:\/\/agenciainfra.com\/blog\/#organization","name":"Ag\u00eancia iNFRA","url":"https:\/\/agenciainfra.com\/blog\/","logo":{"@type":"ImageObject","inLanguage":"pt-BR","@id":"https:\/\/agenciainfra.com\/blog\/#\/schema\/logo\/image\/","url":"https:\/\/agenciainfra.com\/blog\/wp-content\/uploads\/2023\/09\/iNFRA_5-e1761735885940.png","contentUrl":"https:\/\/agenciainfra.com\/blog\/wp-content\/uploads\/2023\/09\/iNFRA_5-e1761735885940.png","width":1672,"height":454,"caption":"Ag\u00eancia iNFRA"},"image":{"@id":"https:\/\/agenciainfra.com\/blog\/#\/schema\/logo\/image\/"},"sameAs":["https:\/\/www.facebook.com\/ageninfra","https:\/\/x.com\/agencia_infra","https:\/\/www.linkedin.com\/company\/ag\u00eanciainfra\/","https:\/\/www.instagram.com\/agenciainfra\/"]},{"@type":"Person","@id":"https:\/\/agenciainfra.com\/blog\/#\/schema\/person\/34af08dff6adea4cb22b06612ba7acfa","name":"Ag\u00eancia iNFRA","image":{"@type":"ImageObject","inLanguage":"pt-BR","@id":"https:\/\/agenciainfra.com\/blog\/#\/schema\/person\/image\/","url":"https:\/\/secure.gravatar.com\/avatar\/d189e01678f06d8eb84d4e01f08eb848b3fffe3f8443818d3c356c66892f5be8?s=96&d=mm&r=g","contentUrl":"https:\/\/secure.gravatar.com\/avatar\/d189e01678f06d8eb84d4e01f08eb848b3fffe3f8443818d3c356c66892f5be8?s=96&d=mm&r=g","caption":"Ag\u00eancia iNFRA"},"url":"https:\/\/agenciainfra.com\/blog\/author\/admin\/"}]}},"_links":{"self":[{"href":"https:\/\/agenciainfra.com\/blog\/wp-json\/wp\/v2\/posts\/25218","targetHints":{"allow":["GET"]}}],"collection":[{"href":"https:\/\/agenciainfra.com\/blog\/wp-json\/wp\/v2\/posts"}],"about":[{"href":"https:\/\/agenciainfra.com\/blog\/wp-json\/wp\/v2\/types\/post"}],"author":[{"embeddable":true,"href":"https:\/\/agenciainfra.com\/blog\/wp-json\/wp\/v2\/users\/1"}],"replies":[{"embeddable":true,"href":"https:\/\/agenciainfra.com\/blog\/wp-json\/wp\/v2\/comments?post=25218"}],"version-history":[{"count":2,"href":"https:\/\/agenciainfra.com\/blog\/wp-json\/wp\/v2\/posts\/25218\/revisions"}],"predecessor-version":[{"id":25220,"href":"https:\/\/agenciainfra.com\/blog\/wp-json\/wp\/v2\/posts\/25218\/revisions\/25220"}],"wp:featuredmedia":[{"embeddable":true,"href":"https:\/\/agenciainfra.com\/blog\/wp-json\/wp\/v2\/media\/5014"}],"wp:attachment":[{"href":"https:\/\/agenciainfra.com\/blog\/wp-json\/wp\/v2\/media?parent=25218"}],"wp:term":[{"taxonomy":"category","embeddable":true,"href":"https:\/\/agenciainfra.com\/blog\/wp-json\/wp\/v2\/categories?post=25218"},{"taxonomy":"post_tag","embeddable":true,"href":"https:\/\/agenciainfra.com\/blog\/wp-json\/wp\/v2\/tags?post=25218"}],"curies":[{"name":"wp","href":"https:\/\/api.w.org\/{rel}","templated":true}]}}