{"id":25221,"date":"2025-07-23T12:30:00","date_gmt":"2025-07-23T15:30:00","guid":{"rendered":"https:\/\/agenciainfra.com\/blog\/?p=25221"},"modified":"2025-07-24T12:02:36","modified_gmt":"2025-07-24T15:02:36","slug":"aneel-discute-o-quanto-pode-avancar-sobre-cortes-para-geracao-distribuida-diz-diretora","status":"publish","type":"post","link":"https:\/\/agenciainfra.com\/blog\/aneel-discute-o-quanto-pode-avancar-sobre-cortes-para-geracao-distribuida-diz-diretora\/","title":{"rendered":"ANEEL discute o quanto pode avan\u00e7ar sobre cortes para gera\u00e7\u00e3o distribu\u00edda, diz diretora"},"content":{"rendered":"\n<p class=\"has-text-align-right\"><strong>Marisa Wanzeller, da Ag\u00eancia iNFRA<\/strong><\/p>\n\n\n\n<p>A diretora da ANEEL (Ag\u00eancia Nacional de Energia El\u00e9trica) Agnes Costa disse nesta quarta-feira (23) que a reguladora est\u00e1 discutindo \u201co quanto pode ou n\u00e3o avan\u00e7ar\u201d em cortes obrigat\u00f3rios (chamados de curtailment) para MMGD (Micro e Minigera\u00e7\u00e3o Distribu\u00edda), \u201cjuridicamente e tecnicamente\u201d. A diretora relata a CP (Consulta P\u00fablica) 45\/2019, que trata do tema.<\/p>\n\n\n\n<p>&#8220;A gente est\u00e1 falando de muitos agentes que t\u00eam muitos direitos, e a gente vai ter que delimitar melhor esses direitos, e a\u00ed vai doer\u201d, disse a diretora durante participa\u00e7\u00e3o no semin\u00e1rio Lide Energia. Ela ressaltou que os agentes de GD s\u00e3o colocados como consumidores pela legisla\u00e7\u00e3o, o que pode levar a questionamentos futuros caso passem a sofrer com curtailment. \u201cN\u00e3o \u00e9 justo voc\u00ea sacrificar um peda\u00e7o s\u00f3 e deixar o outro\u201d, completou.<\/p>\n\n\n\n<p><strong>Data Center<\/strong><br>Outro ponto levantado pela diretora foi a necessidade de energia firme para consumidores como os data centers. \u201cA gente sabe que s\u00e3o demandas de energia 24 horas por sete [dias da semana]. Isso significa que quem quer que esteja investindo tem que olhar para contratar a energia direito. Se for contratar s\u00f3 a e\u00f3lica e solar, a gente vai s\u00f3 acentuar esse problema de corte [de gera\u00e7\u00e3o]&#8221;, ponderou, apontando tamb\u00e9m o armazenamento como uma op\u00e7\u00e3o.<\/p>\n","protected":false},"excerpt":{"rendered":"<p>Marisa Wanzeller, da Ag\u00eancia iNFRA A diretora da ANEEL (Ag\u00eancia Nacional de Energia El\u00e9trica) Agnes Costa disse nesta quarta-feira (23) que a reguladora est\u00e1 discutindo \u201co quanto pode ou n\u00e3o avan\u00e7ar\u201d em cortes obrigat\u00f3rios (chamados de curtailment) para MMGD (Micro e Minigera\u00e7\u00e3o Distribu\u00edda), \u201cjuridicamente e tecnicamente\u201d. A diretora relata a CP (Consulta P\u00fablica) 45\/2019, que [&hellip;]<\/p>\n","protected":false},"author":1,"featured_media":6286,"comment_status":"closed","ping_status":"closed","sticky":false,"template":"","format":"standard","meta":{"_monsterinsights_skip_tracking":false,"_monsterinsights_sitenote_active":false,"_monsterinsights_sitenote_note":"","_monsterinsights_sitenote_category":0,"footnotes":""},"categories":[7250,1,10],"tags":[6800,12154,11474,14441,850,7366],"class_list":["post-25221","post","type-post","status-publish","format-standard","has-post-thumbnail","hentry","category-destaque-lista","category-geral","category-infraenergia","tag-agnes-costa","tag-cortes-de-geracao","tag-curtailment","tag-data-center","tag-geracao-distribuida","tag-marisa-wanzeller"],"yoast_head":"<!-- This site is optimized with the Yoast SEO Premium plugin v25.4 (Yoast SEO v26.0) - https:\/\/yoast.com\/wordpress\/plugins\/seo\/ -->\n<title>ANEEL discute o quanto pode avan\u00e7ar sobre cortes para gera\u00e7\u00e3o distribu\u00edda, diz diretora - Ag\u00eancia iNFRA<\/title>\n<meta name=\"robots\" content=\"index, follow, max-snippet:-1, max-image-preview:large, max-video-preview:-1\" \/>\n<link rel=\"canonical\" href=\"https:\/\/agenciainfra.com\/blog\/aneel-discute-o-quanto-pode-avancar-sobre-cortes-para-geracao-distribuida-diz-diretora\/\" \/>\n<meta property=\"og:locale\" content=\"pt_BR\" \/>\n<meta property=\"og:type\" content=\"article\" \/>\n<meta property=\"og:title\" content=\"ANEEL discute o quanto pode avan\u00e7ar sobre cortes para gera\u00e7\u00e3o distribu\u00edda, diz diretora\" \/>\n<meta property=\"og:description\" content=\"Marisa Wanzeller, da Ag\u00eancia iNFRA A diretora da ANEEL (Ag\u00eancia Nacional de Energia El\u00e9trica) Agnes Costa disse nesta quarta-feira (23) que a reguladora est\u00e1 discutindo \u201co quanto pode ou n\u00e3o avan\u00e7ar\u201d em cortes obrigat\u00f3rios (chamados de curtailment) para MMGD (Micro e Minigera\u00e7\u00e3o Distribu\u00edda), \u201cjuridicamente e tecnicamente\u201d. A diretora relata a CP (Consulta P\u00fablica) 45\/2019, que [&hellip;]\" \/>\n<meta property=\"og:url\" content=\"https:\/\/agenciainfra.com\/blog\/aneel-discute-o-quanto-pode-avancar-sobre-cortes-para-geracao-distribuida-diz-diretora\/\" \/>\n<meta property=\"og:site_name\" content=\"Ag\u00eancia iNFRA\" \/>\n<meta property=\"article:publisher\" content=\"https:\/\/www.facebook.com\/ageninfra\" \/>\n<meta property=\"article:published_time\" content=\"2025-07-23T15:30:00+00:00\" \/>\n<meta property=\"article:modified_time\" content=\"2025-07-24T15:02:36+00:00\" \/>\n<meta property=\"og:image\" content=\"https:\/\/agenciainfra.com\/blog\/wp-content\/uploads\/2020\/11\/agnes-m-da-costa-foto-mme.jpg\" \/>\n\t<meta property=\"og:image:width\" content=\"1280\" \/>\n\t<meta property=\"og:image:height\" content=\"882\" \/>\n\t<meta property=\"og:image:type\" content=\"image\/jpeg\" \/>\n<meta name=\"author\" content=\"Ag\u00eancia iNFRA\" \/>\n<meta name=\"twitter:card\" content=\"summary_large_image\" \/>\n<meta name=\"twitter:creator\" content=\"@agencia_infra\" \/>\n<meta name=\"twitter:site\" content=\"@agencia_infra\" \/>\n<meta name=\"twitter:label1\" content=\"Escrito por\" \/>\n\t<meta name=\"twitter:data1\" content=\"Ag\u00eancia iNFRA\" \/>\n\t<meta name=\"twitter:label2\" content=\"Est. tempo de leitura\" \/>\n\t<meta name=\"twitter:data2\" content=\"1 minuto\" \/>\n<script type=\"application\/ld+json\" class=\"yoast-schema-graph\">{\"@context\":\"https:\/\/schema.org\",\"@graph\":[{\"@type\":\"Article\",\"@id\":\"https:\/\/agenciainfra.com\/blog\/aneel-discute-o-quanto-pode-avancar-sobre-cortes-para-geracao-distribuida-diz-diretora\/#article\",\"isPartOf\":{\"@id\":\"https:\/\/agenciainfra.com\/blog\/aneel-discute-o-quanto-pode-avancar-sobre-cortes-para-geracao-distribuida-diz-diretora\/\"},\"author\":{\"name\":\"Ag\u00eancia iNFRA\",\"@id\":\"https:\/\/agenciainfra.com\/blog\/#\/schema\/person\/34af08dff6adea4cb22b06612ba7acfa\"},\"headline\":\"ANEEL discute o quanto pode avan\u00e7ar sobre cortes para gera\u00e7\u00e3o distribu\u00edda, diz diretora\",\"datePublished\":\"2025-07-23T15:30:00+00:00\",\"dateModified\":\"2025-07-24T15:02:36+00:00\",\"mainEntityOfPage\":{\"@id\":\"https:\/\/agenciainfra.com\/blog\/aneel-discute-o-quanto-pode-avancar-sobre-cortes-para-geracao-distribuida-diz-diretora\/\"},\"wordCount\":241,\"publisher\":{\"@id\":\"https:\/\/agenciainfra.com\/blog\/#organization\"},\"image\":{\"@id\":\"https:\/\/agenciainfra.com\/blog\/aneel-discute-o-quanto-pode-avancar-sobre-cortes-para-geracao-distribuida-diz-diretora\/#primaryimage\"},\"thumbnailUrl\":\"https:\/\/agenciainfra.com\/blog\/wp-content\/uploads\/2020\/11\/agnes-m-da-costa-foto-mme.jpg\",\"keywords\":[\"Agnes Costa\",\"cortes de gera\u00e7\u00e3o\",\"curtailment\",\"data center\",\"gera\u00e7\u00e3o distribu\u00edda\",\"Marisa Wanzeller\"],\"articleSection\":[\"Destaque lista\",\"Geral\",\"iNFRAEnergia\"],\"inLanguage\":\"pt-BR\",\"copyrightYear\":\"2025\",\"copyrightHolder\":{\"@id\":\"https:\/\/agenciainfra.com\/blog\/#organization\"}},{\"@type\":\"WebPage\",\"@id\":\"https:\/\/agenciainfra.com\/blog\/aneel-discute-o-quanto-pode-avancar-sobre-cortes-para-geracao-distribuida-diz-diretora\/\",\"url\":\"https:\/\/agenciainfra.com\/blog\/aneel-discute-o-quanto-pode-avancar-sobre-cortes-para-geracao-distribuida-diz-diretora\/\",\"name\":\"ANEEL discute o quanto pode avan\u00e7ar sobre cortes para gera\u00e7\u00e3o distribu\u00edda, diz diretora - Ag\u00eancia iNFRA\",\"isPartOf\":{\"@id\":\"https:\/\/agenciainfra.com\/blog\/#website\"},\"primaryImageOfPage\":{\"@id\":\"https:\/\/agenciainfra.com\/blog\/aneel-discute-o-quanto-pode-avancar-sobre-cortes-para-geracao-distribuida-diz-diretora\/#primaryimage\"},\"image\":{\"@id\":\"https:\/\/agenciainfra.com\/blog\/aneel-discute-o-quanto-pode-avancar-sobre-cortes-para-geracao-distribuida-diz-diretora\/#primaryimage\"},\"thumbnailUrl\":\"https:\/\/agenciainfra.com\/blog\/wp-content\/uploads\/2020\/11\/agnes-m-da-costa-foto-mme.jpg\",\"datePublished\":\"2025-07-23T15:30:00+00:00\",\"dateModified\":\"2025-07-24T15:02:36+00:00\",\"breadcrumb\":{\"@id\":\"https:\/\/agenciainfra.com\/blog\/aneel-discute-o-quanto-pode-avancar-sobre-cortes-para-geracao-distribuida-diz-diretora\/#breadcrumb\"},\"inLanguage\":\"pt-BR\",\"potentialAction\":[{\"@type\":\"ReadAction\",\"target\":[\"https:\/\/agenciainfra.com\/blog\/aneel-discute-o-quanto-pode-avancar-sobre-cortes-para-geracao-distribuida-diz-diretora\/\"]}]},{\"@type\":\"ImageObject\",\"inLanguage\":\"pt-BR\",\"@id\":\"https:\/\/agenciainfra.com\/blog\/aneel-discute-o-quanto-pode-avancar-sobre-cortes-para-geracao-distribuida-diz-diretora\/#primaryimage\",\"url\":\"https:\/\/agenciainfra.com\/blog\/wp-content\/uploads\/2020\/11\/agnes-m-da-costa-foto-mme.jpg\",\"contentUrl\":\"https:\/\/agenciainfra.com\/blog\/wp-content\/uploads\/2020\/11\/agnes-m-da-costa-foto-mme.jpg\",\"width\":1280,\"height\":882,\"caption\":\"Foto: Minist\u00e9rio de Minas e Energia\"},{\"@type\":\"BreadcrumbList\",\"@id\":\"https:\/\/agenciainfra.com\/blog\/aneel-discute-o-quanto-pode-avancar-sobre-cortes-para-geracao-distribuida-diz-diretora\/#breadcrumb\",\"itemListElement\":[{\"@type\":\"ListItem\",\"position\":1,\"name\":\"In\u00edcio\",\"item\":\"https:\/\/agenciainfra.com\/blog\/\"},{\"@type\":\"ListItem\",\"position\":2,\"name\":\"ANEEL discute o quanto pode avan\u00e7ar sobre cortes para gera\u00e7\u00e3o distribu\u00edda, diz diretora\"}]},{\"@type\":\"WebSite\",\"@id\":\"https:\/\/agenciainfra.com\/blog\/#website\",\"url\":\"https:\/\/agenciainfra.com\/blog\/\",\"name\":\"Ag\u00eancia iNFRA\",\"description\":\"Multiplataforma de informa\u00e7\u00e3o jornal\u00edstica refer\u00eancia na \u00e1rea de infraestrutura no Brasil!\",\"publisher\":{\"@id\":\"https:\/\/agenciainfra.com\/blog\/#organization\"},\"potentialAction\":[{\"@type\":\"SearchAction\",\"target\":{\"@type\":\"EntryPoint\",\"urlTemplate\":\"https:\/\/agenciainfra.com\/blog\/?s={search_term_string}\"},\"query-input\":{\"@type\":\"PropertyValueSpecification\",\"valueRequired\":true,\"valueName\":\"search_term_string\"}}],\"inLanguage\":\"pt-BR\"},{\"@type\":\"Organization\",\"@id\":\"https:\/\/agenciainfra.com\/blog\/#organization\",\"name\":\"Ag\u00eancia iNFRA\",\"url\":\"https:\/\/agenciainfra.com\/blog\/\",\"logo\":{\"@type\":\"ImageObject\",\"inLanguage\":\"pt-BR\",\"@id\":\"https:\/\/agenciainfra.com\/blog\/#\/schema\/logo\/image\/\",\"url\":\"https:\/\/agenciainfra.com\/blog\/wp-content\/uploads\/2023\/09\/iNFRA_5-e1761735885940.png\",\"contentUrl\":\"https:\/\/agenciainfra.com\/blog\/wp-content\/uploads\/2023\/09\/iNFRA_5-e1761735885940.png\",\"width\":1672,\"height\":454,\"caption\":\"Ag\u00eancia iNFRA\"},\"image\":{\"@id\":\"https:\/\/agenciainfra.com\/blog\/#\/schema\/logo\/image\/\"},\"sameAs\":[\"https:\/\/www.facebook.com\/ageninfra\",\"https:\/\/x.com\/agencia_infra\",\"https:\/\/www.linkedin.com\/company\/ag\u00eanciainfra\/\",\"https:\/\/www.instagram.com\/agenciainfra\/\"]},{\"@type\":\"Person\",\"@id\":\"https:\/\/agenciainfra.com\/blog\/#\/schema\/person\/34af08dff6adea4cb22b06612ba7acfa\",\"name\":\"Ag\u00eancia iNFRA\",\"image\":{\"@type\":\"ImageObject\",\"inLanguage\":\"pt-BR\",\"@id\":\"https:\/\/agenciainfra.com\/blog\/#\/schema\/person\/image\/\",\"url\":\"https:\/\/secure.gravatar.com\/avatar\/d189e01678f06d8eb84d4e01f08eb848b3fffe3f8443818d3c356c66892f5be8?s=96&d=mm&r=g\",\"contentUrl\":\"https:\/\/secure.gravatar.com\/avatar\/d189e01678f06d8eb84d4e01f08eb848b3fffe3f8443818d3c356c66892f5be8?s=96&d=mm&r=g\",\"caption\":\"Ag\u00eancia iNFRA\"},\"url\":\"https:\/\/agenciainfra.com\/blog\/author\/admin\/\"}]}<\/script>\n<!-- \/ Yoast SEO Premium plugin. -->","yoast_head_json":{"title":"ANEEL discute o quanto pode avan\u00e7ar sobre cortes para gera\u00e7\u00e3o distribu\u00edda, diz diretora - Ag\u00eancia iNFRA","robots":{"index":"index","follow":"follow","max-snippet":"max-snippet:-1","max-image-preview":"max-image-preview:large","max-video-preview":"max-video-preview:-1"},"canonical":"https:\/\/agenciainfra.com\/blog\/aneel-discute-o-quanto-pode-avancar-sobre-cortes-para-geracao-distribuida-diz-diretora\/","og_locale":"pt_BR","og_type":"article","og_title":"ANEEL discute o quanto pode avan\u00e7ar sobre cortes para gera\u00e7\u00e3o distribu\u00edda, diz diretora","og_description":"Marisa Wanzeller, da Ag\u00eancia iNFRA A diretora da ANEEL (Ag\u00eancia Nacional de Energia El\u00e9trica) Agnes Costa disse nesta quarta-feira (23) que a reguladora est\u00e1 discutindo \u201co quanto pode ou n\u00e3o avan\u00e7ar\u201d em cortes obrigat\u00f3rios (chamados de curtailment) para MMGD (Micro e Minigera\u00e7\u00e3o Distribu\u00edda), \u201cjuridicamente e tecnicamente\u201d. A diretora relata a CP (Consulta P\u00fablica) 45\/2019, que [&hellip;]","og_url":"https:\/\/agenciainfra.com\/blog\/aneel-discute-o-quanto-pode-avancar-sobre-cortes-para-geracao-distribuida-diz-diretora\/","og_site_name":"Ag\u00eancia iNFRA","article_publisher":"https:\/\/www.facebook.com\/ageninfra","article_published_time":"2025-07-23T15:30:00+00:00","article_modified_time":"2025-07-24T15:02:36+00:00","og_image":[{"width":1280,"height":882,"url":"https:\/\/agenciainfra.com\/blog\/wp-content\/uploads\/2020\/11\/agnes-m-da-costa-foto-mme.jpg","type":"image\/jpeg"}],"author":"Ag\u00eancia iNFRA","twitter_card":"summary_large_image","twitter_creator":"@agencia_infra","twitter_site":"@agencia_infra","twitter_misc":{"Escrito por":"Ag\u00eancia iNFRA","Est. tempo de leitura":"1 minuto"},"schema":{"@context":"https:\/\/schema.org","@graph":[{"@type":"Article","@id":"https:\/\/agenciainfra.com\/blog\/aneel-discute-o-quanto-pode-avancar-sobre-cortes-para-geracao-distribuida-diz-diretora\/#article","isPartOf":{"@id":"https:\/\/agenciainfra.com\/blog\/aneel-discute-o-quanto-pode-avancar-sobre-cortes-para-geracao-distribuida-diz-diretora\/"},"author":{"name":"Ag\u00eancia iNFRA","@id":"https:\/\/agenciainfra.com\/blog\/#\/schema\/person\/34af08dff6adea4cb22b06612ba7acfa"},"headline":"ANEEL discute o quanto pode avan\u00e7ar sobre cortes para gera\u00e7\u00e3o distribu\u00edda, diz diretora","datePublished":"2025-07-23T15:30:00+00:00","dateModified":"2025-07-24T15:02:36+00:00","mainEntityOfPage":{"@id":"https:\/\/agenciainfra.com\/blog\/aneel-discute-o-quanto-pode-avancar-sobre-cortes-para-geracao-distribuida-diz-diretora\/"},"wordCount":241,"publisher":{"@id":"https:\/\/agenciainfra.com\/blog\/#organization"},"image":{"@id":"https:\/\/agenciainfra.com\/blog\/aneel-discute-o-quanto-pode-avancar-sobre-cortes-para-geracao-distribuida-diz-diretora\/#primaryimage"},"thumbnailUrl":"https:\/\/agenciainfra.com\/blog\/wp-content\/uploads\/2020\/11\/agnes-m-da-costa-foto-mme.jpg","keywords":["Agnes Costa","cortes de gera\u00e7\u00e3o","curtailment","data center","gera\u00e7\u00e3o distribu\u00edda","Marisa Wanzeller"],"articleSection":["Destaque lista","Geral","iNFRAEnergia"],"inLanguage":"pt-BR","copyrightYear":"2025","copyrightHolder":{"@id":"https:\/\/agenciainfra.com\/blog\/#organization"}},{"@type":"WebPage","@id":"https:\/\/agenciainfra.com\/blog\/aneel-discute-o-quanto-pode-avancar-sobre-cortes-para-geracao-distribuida-diz-diretora\/","url":"https:\/\/agenciainfra.com\/blog\/aneel-discute-o-quanto-pode-avancar-sobre-cortes-para-geracao-distribuida-diz-diretora\/","name":"ANEEL discute o quanto pode avan\u00e7ar sobre cortes para gera\u00e7\u00e3o distribu\u00edda, diz diretora - Ag\u00eancia iNFRA","isPartOf":{"@id":"https:\/\/agenciainfra.com\/blog\/#website"},"primaryImageOfPage":{"@id":"https:\/\/agenciainfra.com\/blog\/aneel-discute-o-quanto-pode-avancar-sobre-cortes-para-geracao-distribuida-diz-diretora\/#primaryimage"},"image":{"@id":"https:\/\/agenciainfra.com\/blog\/aneel-discute-o-quanto-pode-avancar-sobre-cortes-para-geracao-distribuida-diz-diretora\/#primaryimage"},"thumbnailUrl":"https:\/\/agenciainfra.com\/blog\/wp-content\/uploads\/2020\/11\/agnes-m-da-costa-foto-mme.jpg","datePublished":"2025-07-23T15:30:00+00:00","dateModified":"2025-07-24T15:02:36+00:00","breadcrumb":{"@id":"https:\/\/agenciainfra.com\/blog\/aneel-discute-o-quanto-pode-avancar-sobre-cortes-para-geracao-distribuida-diz-diretora\/#breadcrumb"},"inLanguage":"pt-BR","potentialAction":[{"@type":"ReadAction","target":["https:\/\/agenciainfra.com\/blog\/aneel-discute-o-quanto-pode-avancar-sobre-cortes-para-geracao-distribuida-diz-diretora\/"]}]},{"@type":"ImageObject","inLanguage":"pt-BR","@id":"https:\/\/agenciainfra.com\/blog\/aneel-discute-o-quanto-pode-avancar-sobre-cortes-para-geracao-distribuida-diz-diretora\/#primaryimage","url":"https:\/\/agenciainfra.com\/blog\/wp-content\/uploads\/2020\/11\/agnes-m-da-costa-foto-mme.jpg","contentUrl":"https:\/\/agenciainfra.com\/blog\/wp-content\/uploads\/2020\/11\/agnes-m-da-costa-foto-mme.jpg","width":1280,"height":882,"caption":"Foto: Minist\u00e9rio de Minas e Energia"},{"@type":"BreadcrumbList","@id":"https:\/\/agenciainfra.com\/blog\/aneel-discute-o-quanto-pode-avancar-sobre-cortes-para-geracao-distribuida-diz-diretora\/#breadcrumb","itemListElement":[{"@type":"ListItem","position":1,"name":"In\u00edcio","item":"https:\/\/agenciainfra.com\/blog\/"},{"@type":"ListItem","position":2,"name":"ANEEL discute o quanto pode avan\u00e7ar sobre cortes para gera\u00e7\u00e3o distribu\u00edda, diz diretora"}]},{"@type":"WebSite","@id":"https:\/\/agenciainfra.com\/blog\/#website","url":"https:\/\/agenciainfra.com\/blog\/","name":"Ag\u00eancia iNFRA","description":"Multiplataforma de informa\u00e7\u00e3o jornal\u00edstica refer\u00eancia na \u00e1rea de infraestrutura no Brasil!","publisher":{"@id":"https:\/\/agenciainfra.com\/blog\/#organization"},"potentialAction":[{"@type":"SearchAction","target":{"@type":"EntryPoint","urlTemplate":"https:\/\/agenciainfra.com\/blog\/?s={search_term_string}"},"query-input":{"@type":"PropertyValueSpecification","valueRequired":true,"valueName":"search_term_string"}}],"inLanguage":"pt-BR"},{"@type":"Organization","@id":"https:\/\/agenciainfra.com\/blog\/#organization","name":"Ag\u00eancia iNFRA","url":"https:\/\/agenciainfra.com\/blog\/","logo":{"@type":"ImageObject","inLanguage":"pt-BR","@id":"https:\/\/agenciainfra.com\/blog\/#\/schema\/logo\/image\/","url":"https:\/\/agenciainfra.com\/blog\/wp-content\/uploads\/2023\/09\/iNFRA_5-e1761735885940.png","contentUrl":"https:\/\/agenciainfra.com\/blog\/wp-content\/uploads\/2023\/09\/iNFRA_5-e1761735885940.png","width":1672,"height":454,"caption":"Ag\u00eancia iNFRA"},"image":{"@id":"https:\/\/agenciainfra.com\/blog\/#\/schema\/logo\/image\/"},"sameAs":["https:\/\/www.facebook.com\/ageninfra","https:\/\/x.com\/agencia_infra","https:\/\/www.linkedin.com\/company\/ag\u00eanciainfra\/","https:\/\/www.instagram.com\/agenciainfra\/"]},{"@type":"Person","@id":"https:\/\/agenciainfra.com\/blog\/#\/schema\/person\/34af08dff6adea4cb22b06612ba7acfa","name":"Ag\u00eancia iNFRA","image":{"@type":"ImageObject","inLanguage":"pt-BR","@id":"https:\/\/agenciainfra.com\/blog\/#\/schema\/person\/image\/","url":"https:\/\/secure.gravatar.com\/avatar\/d189e01678f06d8eb84d4e01f08eb848b3fffe3f8443818d3c356c66892f5be8?s=96&d=mm&r=g","contentUrl":"https:\/\/secure.gravatar.com\/avatar\/d189e01678f06d8eb84d4e01f08eb848b3fffe3f8443818d3c356c66892f5be8?s=96&d=mm&r=g","caption":"Ag\u00eancia iNFRA"},"url":"https:\/\/agenciainfra.com\/blog\/author\/admin\/"}]}},"_links":{"self":[{"href":"https:\/\/agenciainfra.com\/blog\/wp-json\/wp\/v2\/posts\/25221","targetHints":{"allow":["GET"]}}],"collection":[{"href":"https:\/\/agenciainfra.com\/blog\/wp-json\/wp\/v2\/posts"}],"about":[{"href":"https:\/\/agenciainfra.com\/blog\/wp-json\/wp\/v2\/types\/post"}],"author":[{"embeddable":true,"href":"https:\/\/agenciainfra.com\/blog\/wp-json\/wp\/v2\/users\/1"}],"replies":[{"embeddable":true,"href":"https:\/\/agenciainfra.com\/blog\/wp-json\/wp\/v2\/comments?post=25221"}],"version-history":[{"count":1,"href":"https:\/\/agenciainfra.com\/blog\/wp-json\/wp\/v2\/posts\/25221\/revisions"}],"predecessor-version":[{"id":25222,"href":"https:\/\/agenciainfra.com\/blog\/wp-json\/wp\/v2\/posts\/25221\/revisions\/25222"}],"wp:featuredmedia":[{"embeddable":true,"href":"https:\/\/agenciainfra.com\/blog\/wp-json\/wp\/v2\/media\/6286"}],"wp:attachment":[{"href":"https:\/\/agenciainfra.com\/blog\/wp-json\/wp\/v2\/media?parent=25221"}],"wp:term":[{"taxonomy":"category","embeddable":true,"href":"https:\/\/agenciainfra.com\/blog\/wp-json\/wp\/v2\/categories?post=25221"},{"taxonomy":"post_tag","embeddable":true,"href":"https:\/\/agenciainfra.com\/blog\/wp-json\/wp\/v2\/tags?post=25221"}],"curies":[{"name":"wp","href":"https:\/\/api.w.org\/{rel}","templated":true}]}}