{"id":25234,"date":"2025-07-23T14:48:32","date_gmt":"2025-07-23T17:48:32","guid":{"rendered":"https:\/\/agenciainfra.com\/blog\/?p=25234"},"modified":"2025-07-23T14:48:34","modified_gmt":"2025-07-23T17:48:34","slug":"novo-arranjo-da-subestacao-iriri-entra-em-operacao-com-investimento-de-r-12-milhoes-da-eletrobras","status":"publish","type":"post","link":"https:\/\/agenciainfra.com\/blog\/novo-arranjo-da-subestacao-iriri-entra-em-operacao-com-investimento-de-r-12-milhoes-da-eletrobras\/","title":{"rendered":"Novo arranjo da Subesta\u00e7\u00e3o Iriri entra em opera\u00e7\u00e3o com investimento de R$ 12 milh\u00f5es da Eletrobras"},"content":{"rendered":"\n<p class=\"has-text-align-right\"><strong>da Ag\u00eancia iNFRA<\/strong><\/p>\n\n\n\n<p>A Eletrobras concluiu a energiza\u00e7\u00e3o do novo arranjo da Subesta\u00e7\u00e3o Iriri, no Estado do Rio de Janeiro. O projeto recebeu R$ 12 milh\u00f5es em investimentos e, segundo a companhia, vai garantir uma RAP (Receita Anual Permitida) estimada em R$ 2 milh\u00f5es.<\/p>\n\n\n\n<p>A energiza\u00e7\u00e3o abrange os trechos da linha de transmiss\u00e3o de 138 kV Campos \u2013 Iriri e Iriri \u2013 Rocha Le\u00e3o, al\u00e9m da instala\u00e7\u00e3o de novos equipamentos nas subesta\u00e7\u00f5es Iriri, Rocha Le\u00e3o e Campos. O empreendimento, denominado SE Iriri 2R, entrou em opera\u00e7\u00e3o comercial sem restri\u00e7\u00f5es, ap\u00f3s todos os testes serem conclu\u00eddos.\u00a0<\/p>\n\n\n\n<p>\u201cCom mais essa entrega, a Eletrobras refor\u00e7a seu papel na expans\u00e3o e moderniza\u00e7\u00e3o da infraestrutura el\u00e9trica brasileira\u201d, afirmou Juliana Santana, gerente-executiva de Implanta\u00e7\u00e3o de Engenharia de Transmiss\u00e3o da Eletrobras.<\/p>\n","protected":false},"excerpt":{"rendered":"<p>da Ag\u00eancia iNFRA A Eletrobras concluiu a energiza\u00e7\u00e3o do novo arranjo da Subesta\u00e7\u00e3o Iriri, no Estado do Rio de Janeiro. O projeto recebeu R$ 12 milh\u00f5es em investimentos e, segundo a companhia, vai garantir uma RAP (Receita Anual Permitida) estimada em R$ 2 milh\u00f5es. A energiza\u00e7\u00e3o abrange os trechos da linha de transmiss\u00e3o de 138 [&hellip;]<\/p>\n","protected":false},"author":1,"featured_media":25235,"comment_status":"closed","ping_status":"closed","sticky":false,"template":"","format":"standard","meta":{"_monsterinsights_skip_tracking":false,"_monsterinsights_sitenote_active":false,"_monsterinsights_sitenote_note":"","_monsterinsights_sitenote_category":0,"footnotes":""},"categories":[1,13576],"tags":[50,282,34,32,14548],"class_list":["post-25234","post","type-post","status-publish","format-standard","has-post-thumbnail","hentry","category-geral","category-giro-infra","tag-eletrobras","tag-energia-eletrica","tag-infraestrutura","tag-investimentos","tag-subestacao-iriri"],"yoast_head":"<!-- This site is optimized with the Yoast SEO Premium plugin v25.4 (Yoast SEO v26.0) - https:\/\/yoast.com\/wordpress\/plugins\/seo\/ -->\n<title>Novo arranjo da Subesta\u00e7\u00e3o Iriri entra em opera\u00e7\u00e3o com investimento de R$ 12 milh\u00f5es da Eletrobras - Ag\u00eancia iNFRA<\/title>\n<meta name=\"robots\" content=\"index, follow, max-snippet:-1, max-image-preview:large, max-video-preview:-1\" \/>\n<link rel=\"canonical\" href=\"https:\/\/agenciainfra.com\/blog\/novo-arranjo-da-subestacao-iriri-entra-em-operacao-com-investimento-de-r-12-milhoes-da-eletrobras\/\" \/>\n<meta property=\"og:locale\" content=\"pt_BR\" \/>\n<meta property=\"og:type\" content=\"article\" \/>\n<meta property=\"og:title\" content=\"Novo arranjo da Subesta\u00e7\u00e3o Iriri entra em opera\u00e7\u00e3o com investimento de R$ 12 milh\u00f5es da Eletrobras\" \/>\n<meta property=\"og:description\" content=\"da Ag\u00eancia iNFRA A Eletrobras concluiu a energiza\u00e7\u00e3o do novo arranjo da Subesta\u00e7\u00e3o Iriri, no Estado do Rio de Janeiro. O projeto recebeu R$ 12 milh\u00f5es em investimentos e, segundo a companhia, vai garantir uma RAP (Receita Anual Permitida) estimada em R$ 2 milh\u00f5es. A energiza\u00e7\u00e3o abrange os trechos da linha de transmiss\u00e3o de 138 [&hellip;]\" \/>\n<meta property=\"og:url\" content=\"https:\/\/agenciainfra.com\/blog\/novo-arranjo-da-subestacao-iriri-entra-em-operacao-com-investimento-de-r-12-milhoes-da-eletrobras\/\" \/>\n<meta property=\"og:site_name\" content=\"Ag\u00eancia iNFRA\" \/>\n<meta property=\"article:publisher\" content=\"https:\/\/www.facebook.com\/ageninfra\" \/>\n<meta property=\"article:published_time\" content=\"2025-07-23T17:48:32+00:00\" \/>\n<meta property=\"article:modified_time\" content=\"2025-07-23T17:48:34+00:00\" \/>\n<meta property=\"og:image\" content=\"https:\/\/agenciainfra.com\/blog\/wp-content\/uploads\/2025\/07\/foto-divulgacao-eletrobras-1.jpg\" \/>\n\t<meta property=\"og:image:width\" content=\"1149\" \/>\n\t<meta property=\"og:image:height\" content=\"864\" \/>\n\t<meta property=\"og:image:type\" content=\"image\/jpeg\" \/>\n<meta name=\"author\" content=\"Ag\u00eancia iNFRA\" \/>\n<meta name=\"twitter:card\" content=\"summary_large_image\" \/>\n<meta name=\"twitter:creator\" content=\"@agencia_infra\" \/>\n<meta name=\"twitter:site\" content=\"@agencia_infra\" \/>\n<meta name=\"twitter:label1\" content=\"Escrito por\" \/>\n\t<meta name=\"twitter:data1\" content=\"Ag\u00eancia iNFRA\" \/>\n\t<meta name=\"twitter:label2\" content=\"Est. tempo de leitura\" \/>\n\t<meta name=\"twitter:data2\" content=\"1 minuto\" \/>\n<script type=\"application\/ld+json\" class=\"yoast-schema-graph\">{\"@context\":\"https:\/\/schema.org\",\"@graph\":[{\"@type\":\"Article\",\"@id\":\"https:\/\/agenciainfra.com\/blog\/novo-arranjo-da-subestacao-iriri-entra-em-operacao-com-investimento-de-r-12-milhoes-da-eletrobras\/#article\",\"isPartOf\":{\"@id\":\"https:\/\/agenciainfra.com\/blog\/novo-arranjo-da-subestacao-iriri-entra-em-operacao-com-investimento-de-r-12-milhoes-da-eletrobras\/\"},\"author\":{\"name\":\"Ag\u00eancia iNFRA\",\"@id\":\"https:\/\/agenciainfra.com\/blog\/#\/schema\/person\/34af08dff6adea4cb22b06612ba7acfa\"},\"headline\":\"Novo arranjo da Subesta\u00e7\u00e3o Iriri entra em opera\u00e7\u00e3o com investimento de R$ 12 milh\u00f5es da Eletrobras\",\"datePublished\":\"2025-07-23T17:48:32+00:00\",\"dateModified\":\"2025-07-23T17:48:34+00:00\",\"mainEntityOfPage\":{\"@id\":\"https:\/\/agenciainfra.com\/blog\/novo-arranjo-da-subestacao-iriri-entra-em-operacao-com-investimento-de-r-12-milhoes-da-eletrobras\/\"},\"wordCount\":159,\"publisher\":{\"@id\":\"https:\/\/agenciainfra.com\/blog\/#organization\"},\"image\":{\"@id\":\"https:\/\/agenciainfra.com\/blog\/novo-arranjo-da-subestacao-iriri-entra-em-operacao-com-investimento-de-r-12-milhoes-da-eletrobras\/#primaryimage\"},\"thumbnailUrl\":\"https:\/\/agenciainfra.com\/blog\/wp-content\/uploads\/2025\/07\/foto-divulgacao-eletrobras-1.jpg\",\"keywords\":[\"Eletrobras\",\"energia el\u00e9trica\",\"Infraestrutura\",\"Investimentos\",\"Subesta\u00e7\u00e3o Iriri\"],\"articleSection\":[\"Geral\",\"Giro iNFRA\"],\"inLanguage\":\"pt-BR\",\"copyrightYear\":\"2025\",\"copyrightHolder\":{\"@id\":\"https:\/\/agenciainfra.com\/blog\/#organization\"}},{\"@type\":\"WebPage\",\"@id\":\"https:\/\/agenciainfra.com\/blog\/novo-arranjo-da-subestacao-iriri-entra-em-operacao-com-investimento-de-r-12-milhoes-da-eletrobras\/\",\"url\":\"https:\/\/agenciainfra.com\/blog\/novo-arranjo-da-subestacao-iriri-entra-em-operacao-com-investimento-de-r-12-milhoes-da-eletrobras\/\",\"name\":\"Novo arranjo da Subesta\u00e7\u00e3o Iriri entra em opera\u00e7\u00e3o com investimento de R$ 12 milh\u00f5es da Eletrobras - Ag\u00eancia iNFRA\",\"isPartOf\":{\"@id\":\"https:\/\/agenciainfra.com\/blog\/#website\"},\"primaryImageOfPage\":{\"@id\":\"https:\/\/agenciainfra.com\/blog\/novo-arranjo-da-subestacao-iriri-entra-em-operacao-com-investimento-de-r-12-milhoes-da-eletrobras\/#primaryimage\"},\"image\":{\"@id\":\"https:\/\/agenciainfra.com\/blog\/novo-arranjo-da-subestacao-iriri-entra-em-operacao-com-investimento-de-r-12-milhoes-da-eletrobras\/#primaryimage\"},\"thumbnailUrl\":\"https:\/\/agenciainfra.com\/blog\/wp-content\/uploads\/2025\/07\/foto-divulgacao-eletrobras-1.jpg\",\"datePublished\":\"2025-07-23T17:48:32+00:00\",\"dateModified\":\"2025-07-23T17:48:34+00:00\",\"breadcrumb\":{\"@id\":\"https:\/\/agenciainfra.com\/blog\/novo-arranjo-da-subestacao-iriri-entra-em-operacao-com-investimento-de-r-12-milhoes-da-eletrobras\/#breadcrumb\"},\"inLanguage\":\"pt-BR\",\"potentialAction\":[{\"@type\":\"ReadAction\",\"target\":[\"https:\/\/agenciainfra.com\/blog\/novo-arranjo-da-subestacao-iriri-entra-em-operacao-com-investimento-de-r-12-milhoes-da-eletrobras\/\"]}]},{\"@type\":\"ImageObject\",\"inLanguage\":\"pt-BR\",\"@id\":\"https:\/\/agenciainfra.com\/blog\/novo-arranjo-da-subestacao-iriri-entra-em-operacao-com-investimento-de-r-12-milhoes-da-eletrobras\/#primaryimage\",\"url\":\"https:\/\/agenciainfra.com\/blog\/wp-content\/uploads\/2025\/07\/foto-divulgacao-eletrobras-1.jpg\",\"contentUrl\":\"https:\/\/agenciainfra.com\/blog\/wp-content\/uploads\/2025\/07\/foto-divulgacao-eletrobras-1.jpg\",\"width\":1149,\"height\":864,\"caption\":\"Foto: Divulga\u00e7\u00e3o\/Axia\"},{\"@type\":\"BreadcrumbList\",\"@id\":\"https:\/\/agenciainfra.com\/blog\/novo-arranjo-da-subestacao-iriri-entra-em-operacao-com-investimento-de-r-12-milhoes-da-eletrobras\/#breadcrumb\",\"itemListElement\":[{\"@type\":\"ListItem\",\"position\":1,\"name\":\"In\u00edcio\",\"item\":\"https:\/\/agenciainfra.com\/blog\/\"},{\"@type\":\"ListItem\",\"position\":2,\"name\":\"Novo arranjo da Subesta\u00e7\u00e3o Iriri entra em opera\u00e7\u00e3o com investimento de R$ 12 milh\u00f5es da Eletrobras\"}]},{\"@type\":\"WebSite\",\"@id\":\"https:\/\/agenciainfra.com\/blog\/#website\",\"url\":\"https:\/\/agenciainfra.com\/blog\/\",\"name\":\"Ag\u00eancia iNFRA\",\"description\":\"Multiplataforma de informa\u00e7\u00e3o jornal\u00edstica refer\u00eancia na \u00e1rea de infraestrutura no Brasil!\",\"publisher\":{\"@id\":\"https:\/\/agenciainfra.com\/blog\/#organization\"},\"potentialAction\":[{\"@type\":\"SearchAction\",\"target\":{\"@type\":\"EntryPoint\",\"urlTemplate\":\"https:\/\/agenciainfra.com\/blog\/?s={search_term_string}\"},\"query-input\":{\"@type\":\"PropertyValueSpecification\",\"valueRequired\":true,\"valueName\":\"search_term_string\"}}],\"inLanguage\":\"pt-BR\"},{\"@type\":\"Organization\",\"@id\":\"https:\/\/agenciainfra.com\/blog\/#organization\",\"name\":\"Ag\u00eancia iNFRA\",\"url\":\"https:\/\/agenciainfra.com\/blog\/\",\"logo\":{\"@type\":\"ImageObject\",\"inLanguage\":\"pt-BR\",\"@id\":\"https:\/\/agenciainfra.com\/blog\/#\/schema\/logo\/image\/\",\"url\":\"https:\/\/agenciainfra.com\/blog\/wp-content\/uploads\/2023\/09\/iNFRA_5-e1761735885940.png\",\"contentUrl\":\"https:\/\/agenciainfra.com\/blog\/wp-content\/uploads\/2023\/09\/iNFRA_5-e1761735885940.png\",\"width\":1672,\"height\":454,\"caption\":\"Ag\u00eancia iNFRA\"},\"image\":{\"@id\":\"https:\/\/agenciainfra.com\/blog\/#\/schema\/logo\/image\/\"},\"sameAs\":[\"https:\/\/www.facebook.com\/ageninfra\",\"https:\/\/x.com\/agencia_infra\",\"https:\/\/www.linkedin.com\/company\/ag\u00eanciainfra\/\",\"https:\/\/www.instagram.com\/agenciainfra\/\"]},{\"@type\":\"Person\",\"@id\":\"https:\/\/agenciainfra.com\/blog\/#\/schema\/person\/34af08dff6adea4cb22b06612ba7acfa\",\"name\":\"Ag\u00eancia iNFRA\",\"image\":{\"@type\":\"ImageObject\",\"inLanguage\":\"pt-BR\",\"@id\":\"https:\/\/agenciainfra.com\/blog\/#\/schema\/person\/image\/\",\"url\":\"https:\/\/secure.gravatar.com\/avatar\/d189e01678f06d8eb84d4e01f08eb848b3fffe3f8443818d3c356c66892f5be8?s=96&d=mm&r=g\",\"contentUrl\":\"https:\/\/secure.gravatar.com\/avatar\/d189e01678f06d8eb84d4e01f08eb848b3fffe3f8443818d3c356c66892f5be8?s=96&d=mm&r=g\",\"caption\":\"Ag\u00eancia iNFRA\"},\"url\":\"https:\/\/agenciainfra.com\/blog\/author\/admin\/\"}]}<\/script>\n<!-- \/ Yoast SEO Premium plugin. -->","yoast_head_json":{"title":"Novo arranjo da Subesta\u00e7\u00e3o Iriri entra em opera\u00e7\u00e3o com investimento de R$ 12 milh\u00f5es da Eletrobras - Ag\u00eancia iNFRA","robots":{"index":"index","follow":"follow","max-snippet":"max-snippet:-1","max-image-preview":"max-image-preview:large","max-video-preview":"max-video-preview:-1"},"canonical":"https:\/\/agenciainfra.com\/blog\/novo-arranjo-da-subestacao-iriri-entra-em-operacao-com-investimento-de-r-12-milhoes-da-eletrobras\/","og_locale":"pt_BR","og_type":"article","og_title":"Novo arranjo da Subesta\u00e7\u00e3o Iriri entra em opera\u00e7\u00e3o com investimento de R$ 12 milh\u00f5es da Eletrobras","og_description":"da Ag\u00eancia iNFRA A Eletrobras concluiu a energiza\u00e7\u00e3o do novo arranjo da Subesta\u00e7\u00e3o Iriri, no Estado do Rio de Janeiro. O projeto recebeu R$ 12 milh\u00f5es em investimentos e, segundo a companhia, vai garantir uma RAP (Receita Anual Permitida) estimada em R$ 2 milh\u00f5es. A energiza\u00e7\u00e3o abrange os trechos da linha de transmiss\u00e3o de 138 [&hellip;]","og_url":"https:\/\/agenciainfra.com\/blog\/novo-arranjo-da-subestacao-iriri-entra-em-operacao-com-investimento-de-r-12-milhoes-da-eletrobras\/","og_site_name":"Ag\u00eancia iNFRA","article_publisher":"https:\/\/www.facebook.com\/ageninfra","article_published_time":"2025-07-23T17:48:32+00:00","article_modified_time":"2025-07-23T17:48:34+00:00","og_image":[{"width":1149,"height":864,"url":"https:\/\/agenciainfra.com\/blog\/wp-content\/uploads\/2025\/07\/foto-divulgacao-eletrobras-1.jpg","type":"image\/jpeg"}],"author":"Ag\u00eancia iNFRA","twitter_card":"summary_large_image","twitter_creator":"@agencia_infra","twitter_site":"@agencia_infra","twitter_misc":{"Escrito por":"Ag\u00eancia iNFRA","Est. tempo de leitura":"1 minuto"},"schema":{"@context":"https:\/\/schema.org","@graph":[{"@type":"Article","@id":"https:\/\/agenciainfra.com\/blog\/novo-arranjo-da-subestacao-iriri-entra-em-operacao-com-investimento-de-r-12-milhoes-da-eletrobras\/#article","isPartOf":{"@id":"https:\/\/agenciainfra.com\/blog\/novo-arranjo-da-subestacao-iriri-entra-em-operacao-com-investimento-de-r-12-milhoes-da-eletrobras\/"},"author":{"name":"Ag\u00eancia iNFRA","@id":"https:\/\/agenciainfra.com\/blog\/#\/schema\/person\/34af08dff6adea4cb22b06612ba7acfa"},"headline":"Novo arranjo da Subesta\u00e7\u00e3o Iriri entra em opera\u00e7\u00e3o com investimento de R$ 12 milh\u00f5es da Eletrobras","datePublished":"2025-07-23T17:48:32+00:00","dateModified":"2025-07-23T17:48:34+00:00","mainEntityOfPage":{"@id":"https:\/\/agenciainfra.com\/blog\/novo-arranjo-da-subestacao-iriri-entra-em-operacao-com-investimento-de-r-12-milhoes-da-eletrobras\/"},"wordCount":159,"publisher":{"@id":"https:\/\/agenciainfra.com\/blog\/#organization"},"image":{"@id":"https:\/\/agenciainfra.com\/blog\/novo-arranjo-da-subestacao-iriri-entra-em-operacao-com-investimento-de-r-12-milhoes-da-eletrobras\/#primaryimage"},"thumbnailUrl":"https:\/\/agenciainfra.com\/blog\/wp-content\/uploads\/2025\/07\/foto-divulgacao-eletrobras-1.jpg","keywords":["Eletrobras","energia el\u00e9trica","Infraestrutura","Investimentos","Subesta\u00e7\u00e3o Iriri"],"articleSection":["Geral","Giro iNFRA"],"inLanguage":"pt-BR","copyrightYear":"2025","copyrightHolder":{"@id":"https:\/\/agenciainfra.com\/blog\/#organization"}},{"@type":"WebPage","@id":"https:\/\/agenciainfra.com\/blog\/novo-arranjo-da-subestacao-iriri-entra-em-operacao-com-investimento-de-r-12-milhoes-da-eletrobras\/","url":"https:\/\/agenciainfra.com\/blog\/novo-arranjo-da-subestacao-iriri-entra-em-operacao-com-investimento-de-r-12-milhoes-da-eletrobras\/","name":"Novo arranjo da Subesta\u00e7\u00e3o Iriri entra em opera\u00e7\u00e3o com investimento de R$ 12 milh\u00f5es da Eletrobras - Ag\u00eancia iNFRA","isPartOf":{"@id":"https:\/\/agenciainfra.com\/blog\/#website"},"primaryImageOfPage":{"@id":"https:\/\/agenciainfra.com\/blog\/novo-arranjo-da-subestacao-iriri-entra-em-operacao-com-investimento-de-r-12-milhoes-da-eletrobras\/#primaryimage"},"image":{"@id":"https:\/\/agenciainfra.com\/blog\/novo-arranjo-da-subestacao-iriri-entra-em-operacao-com-investimento-de-r-12-milhoes-da-eletrobras\/#primaryimage"},"thumbnailUrl":"https:\/\/agenciainfra.com\/blog\/wp-content\/uploads\/2025\/07\/foto-divulgacao-eletrobras-1.jpg","datePublished":"2025-07-23T17:48:32+00:00","dateModified":"2025-07-23T17:48:34+00:00","breadcrumb":{"@id":"https:\/\/agenciainfra.com\/blog\/novo-arranjo-da-subestacao-iriri-entra-em-operacao-com-investimento-de-r-12-milhoes-da-eletrobras\/#breadcrumb"},"inLanguage":"pt-BR","potentialAction":[{"@type":"ReadAction","target":["https:\/\/agenciainfra.com\/blog\/novo-arranjo-da-subestacao-iriri-entra-em-operacao-com-investimento-de-r-12-milhoes-da-eletrobras\/"]}]},{"@type":"ImageObject","inLanguage":"pt-BR","@id":"https:\/\/agenciainfra.com\/blog\/novo-arranjo-da-subestacao-iriri-entra-em-operacao-com-investimento-de-r-12-milhoes-da-eletrobras\/#primaryimage","url":"https:\/\/agenciainfra.com\/blog\/wp-content\/uploads\/2025\/07\/foto-divulgacao-eletrobras-1.jpg","contentUrl":"https:\/\/agenciainfra.com\/blog\/wp-content\/uploads\/2025\/07\/foto-divulgacao-eletrobras-1.jpg","width":1149,"height":864,"caption":"Foto: Divulga\u00e7\u00e3o\/Axia"},{"@type":"BreadcrumbList","@id":"https:\/\/agenciainfra.com\/blog\/novo-arranjo-da-subestacao-iriri-entra-em-operacao-com-investimento-de-r-12-milhoes-da-eletrobras\/#breadcrumb","itemListElement":[{"@type":"ListItem","position":1,"name":"In\u00edcio","item":"https:\/\/agenciainfra.com\/blog\/"},{"@type":"ListItem","position":2,"name":"Novo arranjo da Subesta\u00e7\u00e3o Iriri entra em opera\u00e7\u00e3o com investimento de R$ 12 milh\u00f5es da Eletrobras"}]},{"@type":"WebSite","@id":"https:\/\/agenciainfra.com\/blog\/#website","url":"https:\/\/agenciainfra.com\/blog\/","name":"Ag\u00eancia iNFRA","description":"Multiplataforma de informa\u00e7\u00e3o jornal\u00edstica refer\u00eancia na \u00e1rea de infraestrutura no Brasil!","publisher":{"@id":"https:\/\/agenciainfra.com\/blog\/#organization"},"potentialAction":[{"@type":"SearchAction","target":{"@type":"EntryPoint","urlTemplate":"https:\/\/agenciainfra.com\/blog\/?s={search_term_string}"},"query-input":{"@type":"PropertyValueSpecification","valueRequired":true,"valueName":"search_term_string"}}],"inLanguage":"pt-BR"},{"@type":"Organization","@id":"https:\/\/agenciainfra.com\/blog\/#organization","name":"Ag\u00eancia iNFRA","url":"https:\/\/agenciainfra.com\/blog\/","logo":{"@type":"ImageObject","inLanguage":"pt-BR","@id":"https:\/\/agenciainfra.com\/blog\/#\/schema\/logo\/image\/","url":"https:\/\/agenciainfra.com\/blog\/wp-content\/uploads\/2023\/09\/iNFRA_5-e1761735885940.png","contentUrl":"https:\/\/agenciainfra.com\/blog\/wp-content\/uploads\/2023\/09\/iNFRA_5-e1761735885940.png","width":1672,"height":454,"caption":"Ag\u00eancia iNFRA"},"image":{"@id":"https:\/\/agenciainfra.com\/blog\/#\/schema\/logo\/image\/"},"sameAs":["https:\/\/www.facebook.com\/ageninfra","https:\/\/x.com\/agencia_infra","https:\/\/www.linkedin.com\/company\/ag\u00eanciainfra\/","https:\/\/www.instagram.com\/agenciainfra\/"]},{"@type":"Person","@id":"https:\/\/agenciainfra.com\/blog\/#\/schema\/person\/34af08dff6adea4cb22b06612ba7acfa","name":"Ag\u00eancia iNFRA","image":{"@type":"ImageObject","inLanguage":"pt-BR","@id":"https:\/\/agenciainfra.com\/blog\/#\/schema\/person\/image\/","url":"https:\/\/secure.gravatar.com\/avatar\/d189e01678f06d8eb84d4e01f08eb848b3fffe3f8443818d3c356c66892f5be8?s=96&d=mm&r=g","contentUrl":"https:\/\/secure.gravatar.com\/avatar\/d189e01678f06d8eb84d4e01f08eb848b3fffe3f8443818d3c356c66892f5be8?s=96&d=mm&r=g","caption":"Ag\u00eancia iNFRA"},"url":"https:\/\/agenciainfra.com\/blog\/author\/admin\/"}]}},"_links":{"self":[{"href":"https:\/\/agenciainfra.com\/blog\/wp-json\/wp\/v2\/posts\/25234","targetHints":{"allow":["GET"]}}],"collection":[{"href":"https:\/\/agenciainfra.com\/blog\/wp-json\/wp\/v2\/posts"}],"about":[{"href":"https:\/\/agenciainfra.com\/blog\/wp-json\/wp\/v2\/types\/post"}],"author":[{"embeddable":true,"href":"https:\/\/agenciainfra.com\/blog\/wp-json\/wp\/v2\/users\/1"}],"replies":[{"embeddable":true,"href":"https:\/\/agenciainfra.com\/blog\/wp-json\/wp\/v2\/comments?post=25234"}],"version-history":[{"count":1,"href":"https:\/\/agenciainfra.com\/blog\/wp-json\/wp\/v2\/posts\/25234\/revisions"}],"predecessor-version":[{"id":25236,"href":"https:\/\/agenciainfra.com\/blog\/wp-json\/wp\/v2\/posts\/25234\/revisions\/25236"}],"wp:featuredmedia":[{"embeddable":true,"href":"https:\/\/agenciainfra.com\/blog\/wp-json\/wp\/v2\/media\/25235"}],"wp:attachment":[{"href":"https:\/\/agenciainfra.com\/blog\/wp-json\/wp\/v2\/media?parent=25234"}],"wp:term":[{"taxonomy":"category","embeddable":true,"href":"https:\/\/agenciainfra.com\/blog\/wp-json\/wp\/v2\/categories?post=25234"},{"taxonomy":"post_tag","embeddable":true,"href":"https:\/\/agenciainfra.com\/blog\/wp-json\/wp\/v2\/tags?post=25234"}],"curies":[{"name":"wp","href":"https:\/\/api.w.org\/{rel}","templated":true}]}}