{"id":25271,"date":"2025-07-24T09:30:00","date_gmt":"2025-07-24T12:30:00","guid":{"rendered":"https:\/\/agenciainfra.com\/blog\/?p=25271"},"modified":"2025-07-25T07:18:05","modified_gmt":"2025-07-25T10:18:05","slug":"ons-pede-execucao-de-garantia-de-r-466-mi-e-belo-monte-diz-nao-ver-autorizacao-para-cobranca","status":"publish","type":"post","link":"https:\/\/agenciainfra.com\/blog\/ons-pede-execucao-de-garantia-de-r-466-mi-e-belo-monte-diz-nao-ver-autorizacao-para-cobranca\/","title":{"rendered":"ONS pede execu\u00e7\u00e3o de garantia de R$ 466 mi e Belo Monte diz n\u00e3o ver autoriza\u00e7\u00e3o para cobran\u00e7a"},"content":{"rendered":"\n<p class=\"has-text-align-right\"><strong>Geraldo Campos Jr. e Marisa Wanzeller, da Ag\u00eancia iNFRA<\/strong><\/p>\n\n\n\n<p>O ONS (Operador Nacional do Sistema El\u00e9trico) solicitou \u00e0 Caixa Econ\u00f4mica Federal na\u00a0ter\u00e7a-feira (22) que execute a garantia financeira do contrato da Norte Energia, operadora da hidrel\u00e9trica de Belo Monte, alegando o n\u00e3o pagamento\u00a0de R$ 466,8 milh\u00f5es por encargos retroativos pelo uso do sistema de transmiss\u00e3o.<br><br>A cobran\u00e7a se refere ao montante relativo ao per\u00edodo de\u00a0agosto de\u00a02024 a\u00a0julho de 2025, enquanto uma decis\u00e3o judicial permitiu que a geradora pagasse o encargo de forma proporcional ao volume de energia injetada no sistema de transmiss\u00e3o, e n\u00e3o pela disponibilidade da rede.\u00a0<br><br>O operador pede que a Caixa, que \u00e9 a gestora do mecanismo, bloqueie a conta corrente de comercializa\u00e7\u00e3o da Norte Energia e transfira os valores depositados para os credores do segmento de transmiss\u00e3o, conforme os termos do contrato de garantia.<br><br>Ao ser cobrada pelo ONS, a Norte Energia declarou\u00a0que \u201cn\u00e3o reconhece a exist\u00eancia de determina\u00e7\u00e3o judicial que autorize qualquer cobran\u00e7a retroativa\u201d. Desta forma, \u201cn\u00e3o cabe a execu\u00e7\u00e3o de garantia neste momento\u201d, disse em\u00a0nota\u00a0enviada \u00e0\u00a0<strong>Ag\u00eancia iNFRA<\/strong>.<br><br>O ONS se baseia em uma nova\u00a0decis\u00e3o da Justi\u00e7a, do in\u00edcio do m\u00eas, que acolheu recurso contra a Norte Energia. Mas a\u00a0operadora de Belo Monte argumenta que essa decis\u00e3o n\u00e3o alterou o conte\u00fado do ac\u00f3rd\u00e3o anterior, de julho de 2024, que tinha concedido \u00e0 empresa o direito de pagar encargo de uso do fio proporcional \u00e0 inje\u00e7\u00e3o de energia na rede.<br><br>\u201cO acolhimento parcial dos embargos do ONS n\u00e3o alterou o m\u00e9rito da decis\u00e3o judicial anterior, favor\u00e1vel \u00e0 Norte Energia, restando apenas ser tratada em n\u00edvel regulat\u00f3rio a forma de c\u00e1lculo a ser regulamentada&#8221;, disse a empresa em nota.<br><br>A Norte Energia informou que ingressou com embargos de declara\u00e7\u00e3o quanto \u00e0 \u00faltima decis\u00e3o judicial \u201csolicitando esclarecimentos de forma a confirmar o seu entendimento sobre o teor da decis\u00e3o\u201d. A empresa disse que comunicou o seu posicionamento ao operador e \u00e0 Caixa Econ\u00f4mica Federal.\u00a0<br><br>Procurado pela\u00a0<strong>Ag\u00eancia iNFRA<\/strong>, o ONS disse que \u201cvem atuando em conformidade com os comandos legais, regulat\u00f3rios e judiciais, al\u00e9m de observar as diretrizes estabelecidas nos Procedimentos de Rede\u201d.\u00a0<br><br>\u201cNo \u00e2mbito do processo em quest\u00e3o, os melhores esfor\u00e7os est\u00e3o sendo adotados com vistas a preserva\u00e7\u00e3o do modelo setorial e a manuten\u00e7\u00e3o do equil\u00edbrio no segmento de transmiss\u00e3o&#8221;, afirmou.<br><br><strong>Pedido de execu\u00e7\u00e3o<\/strong><br>O ONS havia dado\u00a0at\u00e9 a \u00faltima\u00a0sexta-feira (18) para a empresa quitar o valor de R$ 466,8 milh\u00f5es junto \u00e0s transmissoras. A companhia foi informada que, em caso de n\u00e3o quita\u00e7\u00e3o, o operador executaria a garantia.\u00a0<br><br>A garantia \u00e9 um valor que as empresas precisam destinar para essa finalidade para assinar o CUST (Contrato de Uso do Sistema de Transmiss\u00e3o) em nome do gestor, que \u00e9 o ONS. Em caso de inadimpl\u00eancia, o operador executa essa garantia em favor das transmissoras e o usu\u00e1rio da rede \u00e9 obrigado a repor o aporte, sob risco de ser cortado do uso do sistema, segundo explicaram fontes.\u00a0<br><br>Na lista de empresas credoras est\u00e3o grupos como Isa\u00a0Energia, EDP, CPFL, Taesa, Equatorial e Energisa, entre outras. H\u00e1 ainda companhias que s\u00e3o s\u00f3cias na Norte Energia, como o Grupo Eletrobras, a Neoenergia e a Cemig.<br><br><strong>Segmento avalia alternativas<\/strong><br>Fontes disseram \u00e0\u00a0<strong>Ag\u00eancia iNFRA<\/strong>, sob condi\u00e7\u00e3o de anonimato, que as transmissoras j\u00e1 avaliam alternativas para cobrir o montante cobrado por Belo Monte caso a garantia financeira dada pela Norte Energia na assinatura do contrato n\u00e3o seja suficiente.<br><br>Dentre as possibilidades estudadas est\u00e1 um pedido de reconsidera\u00e7\u00e3o no processo da RAP (Receita Anual Permitida) 2025-2026 das transmissoras junto \u00e0 ANEEL (Ag\u00eancia Nacional de Energia El\u00e9trica), para que o preju\u00edzo seja levado em conta. Dessa forma, haveria o rateio do valor n\u00e3o pago entre os usu\u00e1rios da rede de transmiss\u00e3o, informou um interlocutor a par do assunto.<br><br>Isso porque nas contas que v\u00eam sendo feitas pelas empresas do segmento de transmiss\u00e3o, o valor referente a garantia deve ser suficiente para arcar com pouco mais da metade do montante devido. Em geral, conforme explicam, essa garantia corresponde a at\u00e9 dois meses de EUST (Encargos de Uso do Sistema de Transmiss\u00e3o).<\/p>\n","protected":false},"excerpt":{"rendered":"<p>Geraldo Campos Jr. e Marisa Wanzeller, da Ag\u00eancia iNFRA O ONS (Operador Nacional do Sistema El\u00e9trico) solicitou \u00e0 Caixa Econ\u00f4mica Federal na\u00a0ter\u00e7a-feira (22) que execute a garantia financeira do contrato da Norte Energia, operadora da hidrel\u00e9trica de Belo Monte, alegando o n\u00e3o pagamento\u00a0de R$ 466,8 milh\u00f5es por encargos retroativos pelo uso do sistema de transmiss\u00e3o. [&hellip;]<\/p>\n","protected":false},"author":1,"featured_media":20376,"comment_status":"closed","ping_status":"closed","sticky":false,"template":"","format":"standard","meta":{"_monsterinsights_skip_tracking":false,"_monsterinsights_sitenote_active":false,"_monsterinsights_sitenote_note":"","_monsterinsights_sitenote_category":0,"footnotes":""},"categories":[1,10],"tags":[3170,12653,282,11594,7366,3390,216,14515,575],"class_list":["post-25271","post","type-post","status-publish","format-standard","has-post-thumbnail","hentry","category-geral","category-infraenergia","tag-belo-monte","tag-encargo-de-transmissao","tag-energia-eletrica","tag-geraldo-campos-jr","tag-marisa-wanzeller","tag-norte-energia","tag-ons","tag-pagamento-as-transmissoras","tag-transmissao-de-energia"],"yoast_head":"<!-- This site is optimized with the Yoast SEO Premium plugin v25.4 (Yoast SEO v26.0) - https:\/\/yoast.com\/wordpress\/plugins\/seo\/ -->\n<title>ONS pede execu\u00e7\u00e3o de garantia de R$ 466 mi e Belo Monte diz n\u00e3o ver autoriza\u00e7\u00e3o para cobran\u00e7a - Ag\u00eancia iNFRA<\/title>\n<meta name=\"robots\" content=\"index, follow, max-snippet:-1, max-image-preview:large, max-video-preview:-1\" \/>\n<link rel=\"canonical\" href=\"https:\/\/agenciainfra.com\/blog\/ons-pede-execucao-de-garantia-de-r-466-mi-e-belo-monte-diz-nao-ver-autorizacao-para-cobranca\/\" \/>\n<meta property=\"og:locale\" content=\"pt_BR\" \/>\n<meta property=\"og:type\" content=\"article\" \/>\n<meta property=\"og:title\" content=\"ONS pede execu\u00e7\u00e3o de garantia de R$ 466 mi e Belo Monte diz n\u00e3o ver autoriza\u00e7\u00e3o para cobran\u00e7a\" \/>\n<meta property=\"og:description\" content=\"Geraldo Campos Jr. e Marisa Wanzeller, da Ag\u00eancia iNFRA O ONS (Operador Nacional do Sistema El\u00e9trico) solicitou \u00e0 Caixa Econ\u00f4mica Federal na\u00a0ter\u00e7a-feira (22) que execute a garantia financeira do contrato da Norte Energia, operadora da hidrel\u00e9trica de Belo Monte, alegando o n\u00e3o pagamento\u00a0de R$ 466,8 milh\u00f5es por encargos retroativos pelo uso do sistema de transmiss\u00e3o. [&hellip;]\" \/>\n<meta property=\"og:url\" content=\"https:\/\/agenciainfra.com\/blog\/ons-pede-execucao-de-garantia-de-r-466-mi-e-belo-monte-diz-nao-ver-autorizacao-para-cobranca\/\" \/>\n<meta property=\"og:site_name\" content=\"Ag\u00eancia iNFRA\" \/>\n<meta property=\"article:publisher\" content=\"https:\/\/www.facebook.com\/ageninfra\" \/>\n<meta property=\"article:published_time\" content=\"2025-07-24T12:30:00+00:00\" \/>\n<meta property=\"article:modified_time\" content=\"2025-07-25T10:18:05+00:00\" \/>\n<meta property=\"og:image\" content=\"https:\/\/agenciainfra.com\/blog\/wp-content\/uploads\/2025\/02\/belo-monte-foto-norte-energia-e1740150904902.jpg\" \/>\n\t<meta property=\"og:image:width\" content=\"1209\" \/>\n\t<meta property=\"og:image:height\" content=\"680\" \/>\n\t<meta property=\"og:image:type\" content=\"image\/jpeg\" \/>\n<meta name=\"author\" content=\"Ag\u00eancia iNFRA\" \/>\n<meta name=\"twitter:card\" content=\"summary_large_image\" \/>\n<meta name=\"twitter:creator\" content=\"@agencia_infra\" \/>\n<meta name=\"twitter:site\" content=\"@agencia_infra\" \/>\n<meta name=\"twitter:label1\" content=\"Escrito por\" \/>\n\t<meta name=\"twitter:data1\" content=\"Ag\u00eancia iNFRA\" \/>\n\t<meta name=\"twitter:label2\" content=\"Est. tempo de leitura\" \/>\n\t<meta name=\"twitter:data2\" content=\"4 minutos\" \/>\n<script type=\"application\/ld+json\" class=\"yoast-schema-graph\">{\"@context\":\"https:\/\/schema.org\",\"@graph\":[{\"@type\":\"Article\",\"@id\":\"https:\/\/agenciainfra.com\/blog\/ons-pede-execucao-de-garantia-de-r-466-mi-e-belo-monte-diz-nao-ver-autorizacao-para-cobranca\/#article\",\"isPartOf\":{\"@id\":\"https:\/\/agenciainfra.com\/blog\/ons-pede-execucao-de-garantia-de-r-466-mi-e-belo-monte-diz-nao-ver-autorizacao-para-cobranca\/\"},\"author\":{\"name\":\"Ag\u00eancia iNFRA\",\"@id\":\"https:\/\/agenciainfra.com\/blog\/#\/schema\/person\/34af08dff6adea4cb22b06612ba7acfa\"},\"headline\":\"ONS pede execu\u00e7\u00e3o de garantia de R$ 466 mi e Belo Monte diz n\u00e3o ver autoriza\u00e7\u00e3o para cobran\u00e7a\",\"datePublished\":\"2025-07-24T12:30:00+00:00\",\"dateModified\":\"2025-07-25T10:18:05+00:00\",\"mainEntityOfPage\":{\"@id\":\"https:\/\/agenciainfra.com\/blog\/ons-pede-execucao-de-garantia-de-r-466-mi-e-belo-monte-diz-nao-ver-autorizacao-para-cobranca\/\"},\"wordCount\":757,\"publisher\":{\"@id\":\"https:\/\/agenciainfra.com\/blog\/#organization\"},\"image\":{\"@id\":\"https:\/\/agenciainfra.com\/blog\/ons-pede-execucao-de-garantia-de-r-466-mi-e-belo-monte-diz-nao-ver-autorizacao-para-cobranca\/#primaryimage\"},\"thumbnailUrl\":\"https:\/\/agenciainfra.com\/blog\/wp-content\/uploads\/2025\/02\/belo-monte-foto-norte-energia-e1740150904902.jpg\",\"keywords\":[\"Belo Monte\",\"encargo de transmiss\u00e3o\",\"energia el\u00e9trica\",\"Geraldo Campos Jr.\",\"Marisa Wanzeller\",\"Norte Energia\",\"ONS\",\"pagamento \u00e0s transmissoras\",\"transmiss\u00e3o de energia\"],\"articleSection\":[\"Geral\",\"iNFRAEnergia\"],\"inLanguage\":\"pt-BR\",\"copyrightYear\":\"2025\",\"copyrightHolder\":{\"@id\":\"https:\/\/agenciainfra.com\/blog\/#organization\"}},{\"@type\":\"WebPage\",\"@id\":\"https:\/\/agenciainfra.com\/blog\/ons-pede-execucao-de-garantia-de-r-466-mi-e-belo-monte-diz-nao-ver-autorizacao-para-cobranca\/\",\"url\":\"https:\/\/agenciainfra.com\/blog\/ons-pede-execucao-de-garantia-de-r-466-mi-e-belo-monte-diz-nao-ver-autorizacao-para-cobranca\/\",\"name\":\"ONS pede execu\u00e7\u00e3o de garantia de R$ 466 mi e Belo Monte diz n\u00e3o ver autoriza\u00e7\u00e3o para cobran\u00e7a - Ag\u00eancia iNFRA\",\"isPartOf\":{\"@id\":\"https:\/\/agenciainfra.com\/blog\/#website\"},\"primaryImageOfPage\":{\"@id\":\"https:\/\/agenciainfra.com\/blog\/ons-pede-execucao-de-garantia-de-r-466-mi-e-belo-monte-diz-nao-ver-autorizacao-para-cobranca\/#primaryimage\"},\"image\":{\"@id\":\"https:\/\/agenciainfra.com\/blog\/ons-pede-execucao-de-garantia-de-r-466-mi-e-belo-monte-diz-nao-ver-autorizacao-para-cobranca\/#primaryimage\"},\"thumbnailUrl\":\"https:\/\/agenciainfra.com\/blog\/wp-content\/uploads\/2025\/02\/belo-monte-foto-norte-energia-e1740150904902.jpg\",\"datePublished\":\"2025-07-24T12:30:00+00:00\",\"dateModified\":\"2025-07-25T10:18:05+00:00\",\"breadcrumb\":{\"@id\":\"https:\/\/agenciainfra.com\/blog\/ons-pede-execucao-de-garantia-de-r-466-mi-e-belo-monte-diz-nao-ver-autorizacao-para-cobranca\/#breadcrumb\"},\"inLanguage\":\"pt-BR\",\"potentialAction\":[{\"@type\":\"ReadAction\",\"target\":[\"https:\/\/agenciainfra.com\/blog\/ons-pede-execucao-de-garantia-de-r-466-mi-e-belo-monte-diz-nao-ver-autorizacao-para-cobranca\/\"]}]},{\"@type\":\"ImageObject\",\"inLanguage\":\"pt-BR\",\"@id\":\"https:\/\/agenciainfra.com\/blog\/ons-pede-execucao-de-garantia-de-r-466-mi-e-belo-monte-diz-nao-ver-autorizacao-para-cobranca\/#primaryimage\",\"url\":\"https:\/\/agenciainfra.com\/blog\/wp-content\/uploads\/2025\/02\/belo-monte-foto-norte-energia-e1740150904902.jpg\",\"contentUrl\":\"https:\/\/agenciainfra.com\/blog\/wp-content\/uploads\/2025\/02\/belo-monte-foto-norte-energia-e1740150904902.jpg\",\"width\":1209,\"height\":680,\"caption\":\"Foto: Norte Energia\"},{\"@type\":\"BreadcrumbList\",\"@id\":\"https:\/\/agenciainfra.com\/blog\/ons-pede-execucao-de-garantia-de-r-466-mi-e-belo-monte-diz-nao-ver-autorizacao-para-cobranca\/#breadcrumb\",\"itemListElement\":[{\"@type\":\"ListItem\",\"position\":1,\"name\":\"In\u00edcio\",\"item\":\"https:\/\/agenciainfra.com\/blog\/\"},{\"@type\":\"ListItem\",\"position\":2,\"name\":\"ONS pede execu\u00e7\u00e3o de garantia de R$ 466 mi e Belo Monte diz n\u00e3o ver autoriza\u00e7\u00e3o para cobran\u00e7a\"}]},{\"@type\":\"WebSite\",\"@id\":\"https:\/\/agenciainfra.com\/blog\/#website\",\"url\":\"https:\/\/agenciainfra.com\/blog\/\",\"name\":\"Ag\u00eancia iNFRA\",\"description\":\"Multiplataforma de informa\u00e7\u00e3o jornal\u00edstica refer\u00eancia na \u00e1rea de infraestrutura no Brasil!\",\"publisher\":{\"@id\":\"https:\/\/agenciainfra.com\/blog\/#organization\"},\"potentialAction\":[{\"@type\":\"SearchAction\",\"target\":{\"@type\":\"EntryPoint\",\"urlTemplate\":\"https:\/\/agenciainfra.com\/blog\/?s={search_term_string}\"},\"query-input\":{\"@type\":\"PropertyValueSpecification\",\"valueRequired\":true,\"valueName\":\"search_term_string\"}}],\"inLanguage\":\"pt-BR\"},{\"@type\":\"Organization\",\"@id\":\"https:\/\/agenciainfra.com\/blog\/#organization\",\"name\":\"Ag\u00eancia iNFRA\",\"url\":\"https:\/\/agenciainfra.com\/blog\/\",\"logo\":{\"@type\":\"ImageObject\",\"inLanguage\":\"pt-BR\",\"@id\":\"https:\/\/agenciainfra.com\/blog\/#\/schema\/logo\/image\/\",\"url\":\"https:\/\/agenciainfra.com\/blog\/wp-content\/uploads\/2023\/09\/iNFRA_5-e1761735885940.png\",\"contentUrl\":\"https:\/\/agenciainfra.com\/blog\/wp-content\/uploads\/2023\/09\/iNFRA_5-e1761735885940.png\",\"width\":1672,\"height\":454,\"caption\":\"Ag\u00eancia iNFRA\"},\"image\":{\"@id\":\"https:\/\/agenciainfra.com\/blog\/#\/schema\/logo\/image\/\"},\"sameAs\":[\"https:\/\/www.facebook.com\/ageninfra\",\"https:\/\/x.com\/agencia_infra\",\"https:\/\/www.linkedin.com\/company\/ag\u00eanciainfra\/\",\"https:\/\/www.instagram.com\/agenciainfra\/\"]},{\"@type\":\"Person\",\"@id\":\"https:\/\/agenciainfra.com\/blog\/#\/schema\/person\/34af08dff6adea4cb22b06612ba7acfa\",\"name\":\"Ag\u00eancia iNFRA\",\"image\":{\"@type\":\"ImageObject\",\"inLanguage\":\"pt-BR\",\"@id\":\"https:\/\/agenciainfra.com\/blog\/#\/schema\/person\/image\/\",\"url\":\"https:\/\/secure.gravatar.com\/avatar\/d189e01678f06d8eb84d4e01f08eb848b3fffe3f8443818d3c356c66892f5be8?s=96&d=mm&r=g\",\"contentUrl\":\"https:\/\/secure.gravatar.com\/avatar\/d189e01678f06d8eb84d4e01f08eb848b3fffe3f8443818d3c356c66892f5be8?s=96&d=mm&r=g\",\"caption\":\"Ag\u00eancia iNFRA\"},\"url\":\"https:\/\/agenciainfra.com\/blog\/author\/admin\/\"}]}<\/script>\n<!-- \/ Yoast SEO Premium plugin. -->","yoast_head_json":{"title":"ONS pede execu\u00e7\u00e3o de garantia de R$ 466 mi e Belo Monte diz n\u00e3o ver autoriza\u00e7\u00e3o para cobran\u00e7a - Ag\u00eancia iNFRA","robots":{"index":"index","follow":"follow","max-snippet":"max-snippet:-1","max-image-preview":"max-image-preview:large","max-video-preview":"max-video-preview:-1"},"canonical":"https:\/\/agenciainfra.com\/blog\/ons-pede-execucao-de-garantia-de-r-466-mi-e-belo-monte-diz-nao-ver-autorizacao-para-cobranca\/","og_locale":"pt_BR","og_type":"article","og_title":"ONS pede execu\u00e7\u00e3o de garantia de R$ 466 mi e Belo Monte diz n\u00e3o ver autoriza\u00e7\u00e3o para cobran\u00e7a","og_description":"Geraldo Campos Jr. e Marisa Wanzeller, da Ag\u00eancia iNFRA O ONS (Operador Nacional do Sistema El\u00e9trico) solicitou \u00e0 Caixa Econ\u00f4mica Federal na\u00a0ter\u00e7a-feira (22) que execute a garantia financeira do contrato da Norte Energia, operadora da hidrel\u00e9trica de Belo Monte, alegando o n\u00e3o pagamento\u00a0de R$ 466,8 milh\u00f5es por encargos retroativos pelo uso do sistema de transmiss\u00e3o. [&hellip;]","og_url":"https:\/\/agenciainfra.com\/blog\/ons-pede-execucao-de-garantia-de-r-466-mi-e-belo-monte-diz-nao-ver-autorizacao-para-cobranca\/","og_site_name":"Ag\u00eancia iNFRA","article_publisher":"https:\/\/www.facebook.com\/ageninfra","article_published_time":"2025-07-24T12:30:00+00:00","article_modified_time":"2025-07-25T10:18:05+00:00","og_image":[{"width":1209,"height":680,"url":"https:\/\/agenciainfra.com\/blog\/wp-content\/uploads\/2025\/02\/belo-monte-foto-norte-energia-e1740150904902.jpg","type":"image\/jpeg"}],"author":"Ag\u00eancia iNFRA","twitter_card":"summary_large_image","twitter_creator":"@agencia_infra","twitter_site":"@agencia_infra","twitter_misc":{"Escrito por":"Ag\u00eancia iNFRA","Est. tempo de leitura":"4 minutos"},"schema":{"@context":"https:\/\/schema.org","@graph":[{"@type":"Article","@id":"https:\/\/agenciainfra.com\/blog\/ons-pede-execucao-de-garantia-de-r-466-mi-e-belo-monte-diz-nao-ver-autorizacao-para-cobranca\/#article","isPartOf":{"@id":"https:\/\/agenciainfra.com\/blog\/ons-pede-execucao-de-garantia-de-r-466-mi-e-belo-monte-diz-nao-ver-autorizacao-para-cobranca\/"},"author":{"name":"Ag\u00eancia iNFRA","@id":"https:\/\/agenciainfra.com\/blog\/#\/schema\/person\/34af08dff6adea4cb22b06612ba7acfa"},"headline":"ONS pede execu\u00e7\u00e3o de garantia de R$ 466 mi e Belo Monte diz n\u00e3o ver autoriza\u00e7\u00e3o para cobran\u00e7a","datePublished":"2025-07-24T12:30:00+00:00","dateModified":"2025-07-25T10:18:05+00:00","mainEntityOfPage":{"@id":"https:\/\/agenciainfra.com\/blog\/ons-pede-execucao-de-garantia-de-r-466-mi-e-belo-monte-diz-nao-ver-autorizacao-para-cobranca\/"},"wordCount":757,"publisher":{"@id":"https:\/\/agenciainfra.com\/blog\/#organization"},"image":{"@id":"https:\/\/agenciainfra.com\/blog\/ons-pede-execucao-de-garantia-de-r-466-mi-e-belo-monte-diz-nao-ver-autorizacao-para-cobranca\/#primaryimage"},"thumbnailUrl":"https:\/\/agenciainfra.com\/blog\/wp-content\/uploads\/2025\/02\/belo-monte-foto-norte-energia-e1740150904902.jpg","keywords":["Belo Monte","encargo de transmiss\u00e3o","energia el\u00e9trica","Geraldo Campos Jr.","Marisa Wanzeller","Norte Energia","ONS","pagamento \u00e0s transmissoras","transmiss\u00e3o de energia"],"articleSection":["Geral","iNFRAEnergia"],"inLanguage":"pt-BR","copyrightYear":"2025","copyrightHolder":{"@id":"https:\/\/agenciainfra.com\/blog\/#organization"}},{"@type":"WebPage","@id":"https:\/\/agenciainfra.com\/blog\/ons-pede-execucao-de-garantia-de-r-466-mi-e-belo-monte-diz-nao-ver-autorizacao-para-cobranca\/","url":"https:\/\/agenciainfra.com\/blog\/ons-pede-execucao-de-garantia-de-r-466-mi-e-belo-monte-diz-nao-ver-autorizacao-para-cobranca\/","name":"ONS pede execu\u00e7\u00e3o de garantia de R$ 466 mi e Belo Monte diz n\u00e3o ver autoriza\u00e7\u00e3o para cobran\u00e7a - Ag\u00eancia iNFRA","isPartOf":{"@id":"https:\/\/agenciainfra.com\/blog\/#website"},"primaryImageOfPage":{"@id":"https:\/\/agenciainfra.com\/blog\/ons-pede-execucao-de-garantia-de-r-466-mi-e-belo-monte-diz-nao-ver-autorizacao-para-cobranca\/#primaryimage"},"image":{"@id":"https:\/\/agenciainfra.com\/blog\/ons-pede-execucao-de-garantia-de-r-466-mi-e-belo-monte-diz-nao-ver-autorizacao-para-cobranca\/#primaryimage"},"thumbnailUrl":"https:\/\/agenciainfra.com\/blog\/wp-content\/uploads\/2025\/02\/belo-monte-foto-norte-energia-e1740150904902.jpg","datePublished":"2025-07-24T12:30:00+00:00","dateModified":"2025-07-25T10:18:05+00:00","breadcrumb":{"@id":"https:\/\/agenciainfra.com\/blog\/ons-pede-execucao-de-garantia-de-r-466-mi-e-belo-monte-diz-nao-ver-autorizacao-para-cobranca\/#breadcrumb"},"inLanguage":"pt-BR","potentialAction":[{"@type":"ReadAction","target":["https:\/\/agenciainfra.com\/blog\/ons-pede-execucao-de-garantia-de-r-466-mi-e-belo-monte-diz-nao-ver-autorizacao-para-cobranca\/"]}]},{"@type":"ImageObject","inLanguage":"pt-BR","@id":"https:\/\/agenciainfra.com\/blog\/ons-pede-execucao-de-garantia-de-r-466-mi-e-belo-monte-diz-nao-ver-autorizacao-para-cobranca\/#primaryimage","url":"https:\/\/agenciainfra.com\/blog\/wp-content\/uploads\/2025\/02\/belo-monte-foto-norte-energia-e1740150904902.jpg","contentUrl":"https:\/\/agenciainfra.com\/blog\/wp-content\/uploads\/2025\/02\/belo-monte-foto-norte-energia-e1740150904902.jpg","width":1209,"height":680,"caption":"Foto: Norte Energia"},{"@type":"BreadcrumbList","@id":"https:\/\/agenciainfra.com\/blog\/ons-pede-execucao-de-garantia-de-r-466-mi-e-belo-monte-diz-nao-ver-autorizacao-para-cobranca\/#breadcrumb","itemListElement":[{"@type":"ListItem","position":1,"name":"In\u00edcio","item":"https:\/\/agenciainfra.com\/blog\/"},{"@type":"ListItem","position":2,"name":"ONS pede execu\u00e7\u00e3o de garantia de R$ 466 mi e Belo Monte diz n\u00e3o ver autoriza\u00e7\u00e3o para cobran\u00e7a"}]},{"@type":"WebSite","@id":"https:\/\/agenciainfra.com\/blog\/#website","url":"https:\/\/agenciainfra.com\/blog\/","name":"Ag\u00eancia iNFRA","description":"Multiplataforma de informa\u00e7\u00e3o jornal\u00edstica refer\u00eancia na \u00e1rea de infraestrutura no Brasil!","publisher":{"@id":"https:\/\/agenciainfra.com\/blog\/#organization"},"potentialAction":[{"@type":"SearchAction","target":{"@type":"EntryPoint","urlTemplate":"https:\/\/agenciainfra.com\/blog\/?s={search_term_string}"},"query-input":{"@type":"PropertyValueSpecification","valueRequired":true,"valueName":"search_term_string"}}],"inLanguage":"pt-BR"},{"@type":"Organization","@id":"https:\/\/agenciainfra.com\/blog\/#organization","name":"Ag\u00eancia iNFRA","url":"https:\/\/agenciainfra.com\/blog\/","logo":{"@type":"ImageObject","inLanguage":"pt-BR","@id":"https:\/\/agenciainfra.com\/blog\/#\/schema\/logo\/image\/","url":"https:\/\/agenciainfra.com\/blog\/wp-content\/uploads\/2023\/09\/iNFRA_5-e1761735885940.png","contentUrl":"https:\/\/agenciainfra.com\/blog\/wp-content\/uploads\/2023\/09\/iNFRA_5-e1761735885940.png","width":1672,"height":454,"caption":"Ag\u00eancia iNFRA"},"image":{"@id":"https:\/\/agenciainfra.com\/blog\/#\/schema\/logo\/image\/"},"sameAs":["https:\/\/www.facebook.com\/ageninfra","https:\/\/x.com\/agencia_infra","https:\/\/www.linkedin.com\/company\/ag\u00eanciainfra\/","https:\/\/www.instagram.com\/agenciainfra\/"]},{"@type":"Person","@id":"https:\/\/agenciainfra.com\/blog\/#\/schema\/person\/34af08dff6adea4cb22b06612ba7acfa","name":"Ag\u00eancia iNFRA","image":{"@type":"ImageObject","inLanguage":"pt-BR","@id":"https:\/\/agenciainfra.com\/blog\/#\/schema\/person\/image\/","url":"https:\/\/secure.gravatar.com\/avatar\/d189e01678f06d8eb84d4e01f08eb848b3fffe3f8443818d3c356c66892f5be8?s=96&d=mm&r=g","contentUrl":"https:\/\/secure.gravatar.com\/avatar\/d189e01678f06d8eb84d4e01f08eb848b3fffe3f8443818d3c356c66892f5be8?s=96&d=mm&r=g","caption":"Ag\u00eancia iNFRA"},"url":"https:\/\/agenciainfra.com\/blog\/author\/admin\/"}]}},"_links":{"self":[{"href":"https:\/\/agenciainfra.com\/blog\/wp-json\/wp\/v2\/posts\/25271","targetHints":{"allow":["GET"]}}],"collection":[{"href":"https:\/\/agenciainfra.com\/blog\/wp-json\/wp\/v2\/posts"}],"about":[{"href":"https:\/\/agenciainfra.com\/blog\/wp-json\/wp\/v2\/types\/post"}],"author":[{"embeddable":true,"href":"https:\/\/agenciainfra.com\/blog\/wp-json\/wp\/v2\/users\/1"}],"replies":[{"embeddable":true,"href":"https:\/\/agenciainfra.com\/blog\/wp-json\/wp\/v2\/comments?post=25271"}],"version-history":[{"count":1,"href":"https:\/\/agenciainfra.com\/blog\/wp-json\/wp\/v2\/posts\/25271\/revisions"}],"predecessor-version":[{"id":25272,"href":"https:\/\/agenciainfra.com\/blog\/wp-json\/wp\/v2\/posts\/25271\/revisions\/25272"}],"wp:featuredmedia":[{"embeddable":true,"href":"https:\/\/agenciainfra.com\/blog\/wp-json\/wp\/v2\/media\/20376"}],"wp:attachment":[{"href":"https:\/\/agenciainfra.com\/blog\/wp-json\/wp\/v2\/media?parent=25271"}],"wp:term":[{"taxonomy":"category","embeddable":true,"href":"https:\/\/agenciainfra.com\/blog\/wp-json\/wp\/v2\/categories?post=25271"},{"taxonomy":"post_tag","embeddable":true,"href":"https:\/\/agenciainfra.com\/blog\/wp-json\/wp\/v2\/tags?post=25271"}],"curies":[{"name":"wp","href":"https:\/\/api.w.org\/{rel}","templated":true}]}}