{"id":2529,"date":"2018-10-16T05:00:57","date_gmt":"2018-10-16T08:00:57","guid":{"rendered":"http:\/\/www.agenciainfra.com\/blog\/?p=2529"},"modified":"2018-10-11T16:21:36","modified_gmt":"2018-10-11T19:21:36","slug":"antaq-nao-vai-criar-norma-para-regulamentar-cobrancas-no-periodo-da-greve-dos-caminhoneiros","status":"publish","type":"post","link":"https:\/\/agenciainfra.com\/blog\/antaq-nao-vai-criar-norma-para-regulamentar-cobrancas-no-periodo-da-greve-dos-caminhoneiros\/","title":{"rendered":"Antaq n\u00e3o vai criar norma para regulamentar cobran\u00e7as no per\u00edodo da greve dos caminhoneiros"},"content":{"rendered":"<h5 style=\"text-align: right;\"><strong>Dimmi Amora, da Ag\u00eancia iNFRA<\/strong><\/h5>\n<div>\n<p>A ANTAQ (Ag\u00eancia Nacional de Transportes Aquavi\u00e1rios) decidiu por n\u00e3o editar resolu\u00e7\u00e3o espec\u00edfica para regulamentar pagamentos de taxas que tenham decorrido de atrasos causados pela greve dos caminhoneiros, ocorrida em maio deste ano.<\/p>\n<p>O relator do processo, diretor Adalberto Tokarski, entendeu que cobran\u00e7as como demurge (atrasos de navios), armazenagem adicional entre outras podem ser resolvidas em acordos entre os pr\u00f3prios agentes, sem a necessidade de uma regra geral. De acordo com ele, problemas pontuais podem ser levados para arbitragem da ag\u00eancia.<\/p>\n<p>Outro processo aprovado foi o que regulamenta os procedimentos para a abertura de audi\u00eancias p\u00fablicas no \u00e2mbito da ag\u00eancia. De acordo com o relator, o diretor-geral M\u00e1rio Povia, foram institu\u00eddas v\u00e1rias normas, entre elas a obrigatoriedade de AIR (An\u00e1lise de Impacto Regulat\u00f3rio) das normas que ser\u00e3o colocadas em audi\u00eancia, como j\u00e1 \u00e9 recomendado em ato pela Casa Civil.<\/p>\n<p>Na \u00e1rea de terminais, a ag\u00eancia autorizou um novo TUP da Braskem em Candeias, na Bahia. O terminal privado vai ocupar \u00e1rea de 14 mil metros quadrados e ser\u00e1 usado para a movimenta\u00e7\u00e3o de gran\u00e9is l\u00edquidos e gasosos. Tamb\u00e9m foram aprovadas an\u00e1lises contribui\u00e7\u00f5es adicionais \u00e0s licita\u00e7\u00f5es de terminais portu\u00e1rios a movimenta\u00e7\u00e3o de gran\u00e9is l\u00edquidos e combust\u00edveis em Bel\u00e9m (PA), os terminais BEL02A, BEL02B, BEL04, BEL08, BEL09.<\/p>\n<p><strong>Navega\u00e7\u00e3o<\/strong><br \/>\nNa \u00e1rea de navega\u00e7\u00e3o, os processos mais relevantes &#8211; consultas sobre como classificar alguns tipos de navega\u00e7\u00e3o e efretamento &#8211; foram retirados de pauta por pedidos de vista do diretor Adalberto Tokarski, exceto uma consulta da Ship America sobre navega\u00e7\u00e3o entre Corumb\u00e1 (MS) e Santos (SP) de min\u00e9rio.<\/p>\n<p>O relator da mat\u00e9ria era o diretor Fernando Fialho e e revisor, Francisval Mesdes, concordou com o voto que considerada como cabotagem esse percurso, mesmo passando na Argentina e Uruguai pela Hidrovia Paran\u00e1-Paraguai. Tamb\u00e9m foi aprovado consulta da Lyra Navega\u00e7\u00e3o sobre afretamento de navios dentro do Acordo Brasil-Argentina.<\/p>\n<p>Outra decis\u00e3o dos diretores foi que Portofer, empresa que controla o sistema ferrovi\u00e1rio dentro do Porto de Santos (SP), foi multada em R$ 750 por descumprimento do programa de investimentos entre os anos 2000 e 2007. As alega\u00e7\u00f5es da empresa, que \u00e9 controlada pelas concession\u00e1rias ferrovi\u00e1rias com linhas que chegam ao porto, foi de que n\u00e3o havia demanda para o investimento, o que n\u00e3o foi aceito pela diretoria.<\/p>\n<\/div>\n","protected":false},"excerpt":{"rendered":"<p>Dimmi Amora, da Ag\u00eancia iNFRA A ANTAQ (Ag\u00eancia Nacional de Transportes Aquavi\u00e1rios) decidiu por n\u00e3o editar resolu\u00e7\u00e3o espec\u00edfica para regulamentar pagamentos de taxas que tenham decorrido de atrasos causados pela greve dos caminhoneiros, ocorrida em maio deste ano. O relator do processo, diretor Adalberto Tokarski, entendeu que cobran\u00e7as como demurge (atrasos de navios), armazenagem adicional [&hellip;]<\/p>\n","protected":false},"author":1,"featured_media":2313,"comment_status":"closed","ping_status":"open","sticky":false,"template":"","format":"standard","meta":{"_monsterinsights_skip_tracking":false,"_monsterinsights_sitenote_active":false,"_monsterinsights_sitenote_note":"","_monsterinsights_sitenote_category":0,"footnotes":""},"categories":[7],"tags":[86,269,267,34,310],"class_list":["post-2529","post","type-post","status-publish","format-standard","has-post-thumbnail","hentry","category-infratransporte","tag-antaq","tag-caminhoneiros","tag-greve","tag-infraestrutura","tag-portos"],"yoast_head":"<!-- This site is optimized with the Yoast SEO Premium plugin v25.4 (Yoast SEO v26.0) - https:\/\/yoast.com\/wordpress\/plugins\/seo\/ -->\n<title>Antaq n\u00e3o vai criar norma para regulamentar cobran\u00e7as no per\u00edodo da greve dos caminhoneiros - Ag\u00eancia iNFRA<\/title>\n<meta name=\"robots\" content=\"index, follow, max-snippet:-1, max-image-preview:large, max-video-preview:-1\" \/>\n<link rel=\"canonical\" href=\"https:\/\/agenciainfra.com\/blog\/antaq-nao-vai-criar-norma-para-regulamentar-cobrancas-no-periodo-da-greve-dos-caminhoneiros\/\" \/>\n<meta property=\"og:locale\" content=\"pt_BR\" \/>\n<meta property=\"og:type\" content=\"article\" \/>\n<meta property=\"og:title\" content=\"Antaq n\u00e3o vai criar norma para regulamentar cobran\u00e7as no per\u00edodo da greve dos caminhoneiros\" \/>\n<meta property=\"og:description\" content=\"Dimmi Amora, da Ag\u00eancia iNFRA A ANTAQ (Ag\u00eancia Nacional de Transportes Aquavi\u00e1rios) decidiu por n\u00e3o editar resolu\u00e7\u00e3o espec\u00edfica para regulamentar pagamentos de taxas que tenham decorrido de atrasos causados pela greve dos caminhoneiros, ocorrida em maio deste ano. O relator do processo, diretor Adalberto Tokarski, entendeu que cobran\u00e7as como demurge (atrasos de navios), armazenagem adicional [&hellip;]\" \/>\n<meta property=\"og:url\" content=\"https:\/\/agenciainfra.com\/blog\/antaq-nao-vai-criar-norma-para-regulamentar-cobrancas-no-periodo-da-greve-dos-caminhoneiros\/\" \/>\n<meta property=\"og:site_name\" content=\"Ag\u00eancia iNFRA\" \/>\n<meta property=\"article:publisher\" content=\"https:\/\/www.facebook.com\/ageninfra\" \/>\n<meta property=\"article:published_time\" content=\"2018-10-16T08:00:57+00:00\" \/>\n<meta property=\"og:image\" content=\"https:\/\/agenciainfra.com\/blog\/wp-content\/uploads\/2018\/08\/porto_mucuripe_divulgacao3.jpg\" \/>\n\t<meta property=\"og:image:width\" content=\"640\" \/>\n\t<meta property=\"og:image:height\" content=\"480\" \/>\n\t<meta property=\"og:image:type\" content=\"image\/jpeg\" \/>\n<meta name=\"author\" content=\"Ag\u00eancia iNFRA\" \/>\n<meta name=\"twitter:card\" content=\"summary_large_image\" \/>\n<meta name=\"twitter:creator\" content=\"@agencia_infra\" \/>\n<meta name=\"twitter:site\" content=\"@agencia_infra\" \/>\n<meta name=\"twitter:label1\" content=\"Escrito por\" \/>\n\t<meta name=\"twitter:data1\" content=\"Ag\u00eancia iNFRA\" \/>\n\t<meta name=\"twitter:label2\" content=\"Est. tempo de leitura\" \/>\n\t<meta name=\"twitter:data2\" content=\"2 minutos\" \/>\n<script type=\"application\/ld+json\" class=\"yoast-schema-graph\">{\"@context\":\"https:\/\/schema.org\",\"@graph\":[{\"@type\":\"Article\",\"@id\":\"https:\/\/agenciainfra.com\/blog\/antaq-nao-vai-criar-norma-para-regulamentar-cobrancas-no-periodo-da-greve-dos-caminhoneiros\/#article\",\"isPartOf\":{\"@id\":\"https:\/\/agenciainfra.com\/blog\/antaq-nao-vai-criar-norma-para-regulamentar-cobrancas-no-periodo-da-greve-dos-caminhoneiros\/\"},\"author\":{\"name\":\"Ag\u00eancia iNFRA\",\"@id\":\"https:\/\/agenciainfra.com\/blog\/#\/schema\/person\/34af08dff6adea4cb22b06612ba7acfa\"},\"headline\":\"Antaq n\u00e3o vai criar norma para regulamentar cobran\u00e7as no per\u00edodo da greve dos caminhoneiros\",\"datePublished\":\"2018-10-16T08:00:57+00:00\",\"mainEntityOfPage\":{\"@id\":\"https:\/\/agenciainfra.com\/blog\/antaq-nao-vai-criar-norma-para-regulamentar-cobrancas-no-periodo-da-greve-dos-caminhoneiros\/\"},\"wordCount\":437,\"publisher\":{\"@id\":\"https:\/\/agenciainfra.com\/blog\/#organization\"},\"image\":{\"@id\":\"https:\/\/agenciainfra.com\/blog\/antaq-nao-vai-criar-norma-para-regulamentar-cobrancas-no-periodo-da-greve-dos-caminhoneiros\/#primaryimage\"},\"thumbnailUrl\":\"https:\/\/agenciainfra.com\/blog\/wp-content\/uploads\/2018\/08\/porto_mucuripe_divulgacao3.jpg\",\"keywords\":[\"ANTAQ\",\"caminhoneiros\",\"greve\",\"Infraestrutura\",\"portos\"],\"articleSection\":[\"iNFRATransporte\"],\"inLanguage\":\"pt-BR\",\"copyrightYear\":\"2018\",\"copyrightHolder\":{\"@id\":\"https:\/\/agenciainfra.com\/blog\/#organization\"}},{\"@type\":\"WebPage\",\"@id\":\"https:\/\/agenciainfra.com\/blog\/antaq-nao-vai-criar-norma-para-regulamentar-cobrancas-no-periodo-da-greve-dos-caminhoneiros\/\",\"url\":\"https:\/\/agenciainfra.com\/blog\/antaq-nao-vai-criar-norma-para-regulamentar-cobrancas-no-periodo-da-greve-dos-caminhoneiros\/\",\"name\":\"Antaq n\u00e3o vai criar norma para regulamentar cobran\u00e7as no per\u00edodo da greve dos caminhoneiros - Ag\u00eancia iNFRA\",\"isPartOf\":{\"@id\":\"https:\/\/agenciainfra.com\/blog\/#website\"},\"primaryImageOfPage\":{\"@id\":\"https:\/\/agenciainfra.com\/blog\/antaq-nao-vai-criar-norma-para-regulamentar-cobrancas-no-periodo-da-greve-dos-caminhoneiros\/#primaryimage\"},\"image\":{\"@id\":\"https:\/\/agenciainfra.com\/blog\/antaq-nao-vai-criar-norma-para-regulamentar-cobrancas-no-periodo-da-greve-dos-caminhoneiros\/#primaryimage\"},\"thumbnailUrl\":\"https:\/\/agenciainfra.com\/blog\/wp-content\/uploads\/2018\/08\/porto_mucuripe_divulgacao3.jpg\",\"datePublished\":\"2018-10-16T08:00:57+00:00\",\"breadcrumb\":{\"@id\":\"https:\/\/agenciainfra.com\/blog\/antaq-nao-vai-criar-norma-para-regulamentar-cobrancas-no-periodo-da-greve-dos-caminhoneiros\/#breadcrumb\"},\"inLanguage\":\"pt-BR\",\"potentialAction\":[{\"@type\":\"ReadAction\",\"target\":[\"https:\/\/agenciainfra.com\/blog\/antaq-nao-vai-criar-norma-para-regulamentar-cobrancas-no-periodo-da-greve-dos-caminhoneiros\/\"]}]},{\"@type\":\"ImageObject\",\"inLanguage\":\"pt-BR\",\"@id\":\"https:\/\/agenciainfra.com\/blog\/antaq-nao-vai-criar-norma-para-regulamentar-cobrancas-no-periodo-da-greve-dos-caminhoneiros\/#primaryimage\",\"url\":\"https:\/\/agenciainfra.com\/blog\/wp-content\/uploads\/2018\/08\/porto_mucuripe_divulgacao3.jpg\",\"contentUrl\":\"https:\/\/agenciainfra.com\/blog\/wp-content\/uploads\/2018\/08\/porto_mucuripe_divulgacao3.jpg\",\"width\":640,\"height\":480},{\"@type\":\"BreadcrumbList\",\"@id\":\"https:\/\/agenciainfra.com\/blog\/antaq-nao-vai-criar-norma-para-regulamentar-cobrancas-no-periodo-da-greve-dos-caminhoneiros\/#breadcrumb\",\"itemListElement\":[{\"@type\":\"ListItem\",\"position\":1,\"name\":\"In\u00edcio\",\"item\":\"https:\/\/agenciainfra.com\/blog\/\"},{\"@type\":\"ListItem\",\"position\":2,\"name\":\"Antaq n\u00e3o vai criar norma para regulamentar cobran\u00e7as no per\u00edodo da greve dos caminhoneiros\"}]},{\"@type\":\"WebSite\",\"@id\":\"https:\/\/agenciainfra.com\/blog\/#website\",\"url\":\"https:\/\/agenciainfra.com\/blog\/\",\"name\":\"Ag\u00eancia iNFRA\",\"description\":\"Multiplataforma de informa\u00e7\u00e3o jornal\u00edstica refer\u00eancia na \u00e1rea de infraestrutura no Brasil!\",\"publisher\":{\"@id\":\"https:\/\/agenciainfra.com\/blog\/#organization\"},\"potentialAction\":[{\"@type\":\"SearchAction\",\"target\":{\"@type\":\"EntryPoint\",\"urlTemplate\":\"https:\/\/agenciainfra.com\/blog\/?s={search_term_string}\"},\"query-input\":{\"@type\":\"PropertyValueSpecification\",\"valueRequired\":true,\"valueName\":\"search_term_string\"}}],\"inLanguage\":\"pt-BR\"},{\"@type\":\"Organization\",\"@id\":\"https:\/\/agenciainfra.com\/blog\/#organization\",\"name\":\"Ag\u00eancia iNFRA\",\"url\":\"https:\/\/agenciainfra.com\/blog\/\",\"logo\":{\"@type\":\"ImageObject\",\"inLanguage\":\"pt-BR\",\"@id\":\"https:\/\/agenciainfra.com\/blog\/#\/schema\/logo\/image\/\",\"url\":\"https:\/\/agenciainfra.com\/blog\/wp-content\/uploads\/2023\/09\/iNFRA_5-e1761735885940.png\",\"contentUrl\":\"https:\/\/agenciainfra.com\/blog\/wp-content\/uploads\/2023\/09\/iNFRA_5-e1761735885940.png\",\"width\":1672,\"height\":454,\"caption\":\"Ag\u00eancia iNFRA\"},\"image\":{\"@id\":\"https:\/\/agenciainfra.com\/blog\/#\/schema\/logo\/image\/\"},\"sameAs\":[\"https:\/\/www.facebook.com\/ageninfra\",\"https:\/\/x.com\/agencia_infra\",\"https:\/\/www.linkedin.com\/company\/ag\u00eanciainfra\/\",\"https:\/\/www.instagram.com\/agenciainfra\/\"]},{\"@type\":\"Person\",\"@id\":\"https:\/\/agenciainfra.com\/blog\/#\/schema\/person\/34af08dff6adea4cb22b06612ba7acfa\",\"name\":\"Ag\u00eancia iNFRA\",\"image\":{\"@type\":\"ImageObject\",\"inLanguage\":\"pt-BR\",\"@id\":\"https:\/\/agenciainfra.com\/blog\/#\/schema\/person\/image\/\",\"url\":\"https:\/\/secure.gravatar.com\/avatar\/d189e01678f06d8eb84d4e01f08eb848b3fffe3f8443818d3c356c66892f5be8?s=96&d=mm&r=g\",\"contentUrl\":\"https:\/\/secure.gravatar.com\/avatar\/d189e01678f06d8eb84d4e01f08eb848b3fffe3f8443818d3c356c66892f5be8?s=96&d=mm&r=g\",\"caption\":\"Ag\u00eancia iNFRA\"},\"url\":\"https:\/\/agenciainfra.com\/blog\/author\/admin\/\"}]}<\/script>\n<!-- \/ Yoast SEO Premium plugin. -->","yoast_head_json":{"title":"Antaq n\u00e3o vai criar norma para regulamentar cobran\u00e7as no per\u00edodo da greve dos caminhoneiros - Ag\u00eancia iNFRA","robots":{"index":"index","follow":"follow","max-snippet":"max-snippet:-1","max-image-preview":"max-image-preview:large","max-video-preview":"max-video-preview:-1"},"canonical":"https:\/\/agenciainfra.com\/blog\/antaq-nao-vai-criar-norma-para-regulamentar-cobrancas-no-periodo-da-greve-dos-caminhoneiros\/","og_locale":"pt_BR","og_type":"article","og_title":"Antaq n\u00e3o vai criar norma para regulamentar cobran\u00e7as no per\u00edodo da greve dos caminhoneiros","og_description":"Dimmi Amora, da Ag\u00eancia iNFRA A ANTAQ (Ag\u00eancia Nacional de Transportes Aquavi\u00e1rios) decidiu por n\u00e3o editar resolu\u00e7\u00e3o espec\u00edfica para regulamentar pagamentos de taxas que tenham decorrido de atrasos causados pela greve dos caminhoneiros, ocorrida em maio deste ano. O relator do processo, diretor Adalberto Tokarski, entendeu que cobran\u00e7as como demurge (atrasos de navios), armazenagem adicional [&hellip;]","og_url":"https:\/\/agenciainfra.com\/blog\/antaq-nao-vai-criar-norma-para-regulamentar-cobrancas-no-periodo-da-greve-dos-caminhoneiros\/","og_site_name":"Ag\u00eancia iNFRA","article_publisher":"https:\/\/www.facebook.com\/ageninfra","article_published_time":"2018-10-16T08:00:57+00:00","og_image":[{"width":640,"height":480,"url":"https:\/\/agenciainfra.com\/blog\/wp-content\/uploads\/2018\/08\/porto_mucuripe_divulgacao3.jpg","type":"image\/jpeg"}],"author":"Ag\u00eancia iNFRA","twitter_card":"summary_large_image","twitter_creator":"@agencia_infra","twitter_site":"@agencia_infra","twitter_misc":{"Escrito por":"Ag\u00eancia iNFRA","Est. tempo de leitura":"2 minutos"},"schema":{"@context":"https:\/\/schema.org","@graph":[{"@type":"Article","@id":"https:\/\/agenciainfra.com\/blog\/antaq-nao-vai-criar-norma-para-regulamentar-cobrancas-no-periodo-da-greve-dos-caminhoneiros\/#article","isPartOf":{"@id":"https:\/\/agenciainfra.com\/blog\/antaq-nao-vai-criar-norma-para-regulamentar-cobrancas-no-periodo-da-greve-dos-caminhoneiros\/"},"author":{"name":"Ag\u00eancia iNFRA","@id":"https:\/\/agenciainfra.com\/blog\/#\/schema\/person\/34af08dff6adea4cb22b06612ba7acfa"},"headline":"Antaq n\u00e3o vai criar norma para regulamentar cobran\u00e7as no per\u00edodo da greve dos caminhoneiros","datePublished":"2018-10-16T08:00:57+00:00","mainEntityOfPage":{"@id":"https:\/\/agenciainfra.com\/blog\/antaq-nao-vai-criar-norma-para-regulamentar-cobrancas-no-periodo-da-greve-dos-caminhoneiros\/"},"wordCount":437,"publisher":{"@id":"https:\/\/agenciainfra.com\/blog\/#organization"},"image":{"@id":"https:\/\/agenciainfra.com\/blog\/antaq-nao-vai-criar-norma-para-regulamentar-cobrancas-no-periodo-da-greve-dos-caminhoneiros\/#primaryimage"},"thumbnailUrl":"https:\/\/agenciainfra.com\/blog\/wp-content\/uploads\/2018\/08\/porto_mucuripe_divulgacao3.jpg","keywords":["ANTAQ","caminhoneiros","greve","Infraestrutura","portos"],"articleSection":["iNFRATransporte"],"inLanguage":"pt-BR","copyrightYear":"2018","copyrightHolder":{"@id":"https:\/\/agenciainfra.com\/blog\/#organization"}},{"@type":"WebPage","@id":"https:\/\/agenciainfra.com\/blog\/antaq-nao-vai-criar-norma-para-regulamentar-cobrancas-no-periodo-da-greve-dos-caminhoneiros\/","url":"https:\/\/agenciainfra.com\/blog\/antaq-nao-vai-criar-norma-para-regulamentar-cobrancas-no-periodo-da-greve-dos-caminhoneiros\/","name":"Antaq n\u00e3o vai criar norma para regulamentar cobran\u00e7as no per\u00edodo da greve dos caminhoneiros - Ag\u00eancia iNFRA","isPartOf":{"@id":"https:\/\/agenciainfra.com\/blog\/#website"},"primaryImageOfPage":{"@id":"https:\/\/agenciainfra.com\/blog\/antaq-nao-vai-criar-norma-para-regulamentar-cobrancas-no-periodo-da-greve-dos-caminhoneiros\/#primaryimage"},"image":{"@id":"https:\/\/agenciainfra.com\/blog\/antaq-nao-vai-criar-norma-para-regulamentar-cobrancas-no-periodo-da-greve-dos-caminhoneiros\/#primaryimage"},"thumbnailUrl":"https:\/\/agenciainfra.com\/blog\/wp-content\/uploads\/2018\/08\/porto_mucuripe_divulgacao3.jpg","datePublished":"2018-10-16T08:00:57+00:00","breadcrumb":{"@id":"https:\/\/agenciainfra.com\/blog\/antaq-nao-vai-criar-norma-para-regulamentar-cobrancas-no-periodo-da-greve-dos-caminhoneiros\/#breadcrumb"},"inLanguage":"pt-BR","potentialAction":[{"@type":"ReadAction","target":["https:\/\/agenciainfra.com\/blog\/antaq-nao-vai-criar-norma-para-regulamentar-cobrancas-no-periodo-da-greve-dos-caminhoneiros\/"]}]},{"@type":"ImageObject","inLanguage":"pt-BR","@id":"https:\/\/agenciainfra.com\/blog\/antaq-nao-vai-criar-norma-para-regulamentar-cobrancas-no-periodo-da-greve-dos-caminhoneiros\/#primaryimage","url":"https:\/\/agenciainfra.com\/blog\/wp-content\/uploads\/2018\/08\/porto_mucuripe_divulgacao3.jpg","contentUrl":"https:\/\/agenciainfra.com\/blog\/wp-content\/uploads\/2018\/08\/porto_mucuripe_divulgacao3.jpg","width":640,"height":480},{"@type":"BreadcrumbList","@id":"https:\/\/agenciainfra.com\/blog\/antaq-nao-vai-criar-norma-para-regulamentar-cobrancas-no-periodo-da-greve-dos-caminhoneiros\/#breadcrumb","itemListElement":[{"@type":"ListItem","position":1,"name":"In\u00edcio","item":"https:\/\/agenciainfra.com\/blog\/"},{"@type":"ListItem","position":2,"name":"Antaq n\u00e3o vai criar norma para regulamentar cobran\u00e7as no per\u00edodo da greve dos caminhoneiros"}]},{"@type":"WebSite","@id":"https:\/\/agenciainfra.com\/blog\/#website","url":"https:\/\/agenciainfra.com\/blog\/","name":"Ag\u00eancia iNFRA","description":"Multiplataforma de informa\u00e7\u00e3o jornal\u00edstica refer\u00eancia na \u00e1rea de infraestrutura no Brasil!","publisher":{"@id":"https:\/\/agenciainfra.com\/blog\/#organization"},"potentialAction":[{"@type":"SearchAction","target":{"@type":"EntryPoint","urlTemplate":"https:\/\/agenciainfra.com\/blog\/?s={search_term_string}"},"query-input":{"@type":"PropertyValueSpecification","valueRequired":true,"valueName":"search_term_string"}}],"inLanguage":"pt-BR"},{"@type":"Organization","@id":"https:\/\/agenciainfra.com\/blog\/#organization","name":"Ag\u00eancia iNFRA","url":"https:\/\/agenciainfra.com\/blog\/","logo":{"@type":"ImageObject","inLanguage":"pt-BR","@id":"https:\/\/agenciainfra.com\/blog\/#\/schema\/logo\/image\/","url":"https:\/\/agenciainfra.com\/blog\/wp-content\/uploads\/2023\/09\/iNFRA_5-e1761735885940.png","contentUrl":"https:\/\/agenciainfra.com\/blog\/wp-content\/uploads\/2023\/09\/iNFRA_5-e1761735885940.png","width":1672,"height":454,"caption":"Ag\u00eancia iNFRA"},"image":{"@id":"https:\/\/agenciainfra.com\/blog\/#\/schema\/logo\/image\/"},"sameAs":["https:\/\/www.facebook.com\/ageninfra","https:\/\/x.com\/agencia_infra","https:\/\/www.linkedin.com\/company\/ag\u00eanciainfra\/","https:\/\/www.instagram.com\/agenciainfra\/"]},{"@type":"Person","@id":"https:\/\/agenciainfra.com\/blog\/#\/schema\/person\/34af08dff6adea4cb22b06612ba7acfa","name":"Ag\u00eancia iNFRA","image":{"@type":"ImageObject","inLanguage":"pt-BR","@id":"https:\/\/agenciainfra.com\/blog\/#\/schema\/person\/image\/","url":"https:\/\/secure.gravatar.com\/avatar\/d189e01678f06d8eb84d4e01f08eb848b3fffe3f8443818d3c356c66892f5be8?s=96&d=mm&r=g","contentUrl":"https:\/\/secure.gravatar.com\/avatar\/d189e01678f06d8eb84d4e01f08eb848b3fffe3f8443818d3c356c66892f5be8?s=96&d=mm&r=g","caption":"Ag\u00eancia iNFRA"},"url":"https:\/\/agenciainfra.com\/blog\/author\/admin\/"}]}},"_links":{"self":[{"href":"https:\/\/agenciainfra.com\/blog\/wp-json\/wp\/v2\/posts\/2529","targetHints":{"allow":["GET"]}}],"collection":[{"href":"https:\/\/agenciainfra.com\/blog\/wp-json\/wp\/v2\/posts"}],"about":[{"href":"https:\/\/agenciainfra.com\/blog\/wp-json\/wp\/v2\/types\/post"}],"author":[{"embeddable":true,"href":"https:\/\/agenciainfra.com\/blog\/wp-json\/wp\/v2\/users\/1"}],"replies":[{"embeddable":true,"href":"https:\/\/agenciainfra.com\/blog\/wp-json\/wp\/v2\/comments?post=2529"}],"version-history":[{"count":0,"href":"https:\/\/agenciainfra.com\/blog\/wp-json\/wp\/v2\/posts\/2529\/revisions"}],"wp:featuredmedia":[{"embeddable":true,"href":"https:\/\/agenciainfra.com\/blog\/wp-json\/wp\/v2\/media\/2313"}],"wp:attachment":[{"href":"https:\/\/agenciainfra.com\/blog\/wp-json\/wp\/v2\/media?parent=2529"}],"wp:term":[{"taxonomy":"category","embeddable":true,"href":"https:\/\/agenciainfra.com\/blog\/wp-json\/wp\/v2\/categories?post=2529"},{"taxonomy":"post_tag","embeddable":true,"href":"https:\/\/agenciainfra.com\/blog\/wp-json\/wp\/v2\/tags?post=2529"}],"curies":[{"name":"wp","href":"https:\/\/api.w.org\/{rel}","templated":true}]}}