{"id":25308,"date":"2025-07-24T19:11:26","date_gmt":"2025-07-24T22:11:26","guid":{"rendered":"https:\/\/agenciainfra.com\/blog\/?p=25308"},"modified":"2025-07-25T15:53:40","modified_gmt":"2025-07-25T18:53:40","slug":"ibama-propoe-reuniao-preparatoria-para-simulado-da-petrobras-na-margem-equatorial-em-12-de-agosto","status":"publish","type":"post","link":"https:\/\/agenciainfra.com\/blog\/ibama-propoe-reuniao-preparatoria-para-simulado-da-petrobras-na-margem-equatorial-em-12-de-agosto\/","title":{"rendered":"Ibama prop\u00f5e reuni\u00e3o preparat\u00f3ria para simulado da Petrobras na margem equatorial em 12 de agosto"},"content":{"rendered":"\n<p class=\"has-text-align-right\"><strong>Gabriel Vasconcelos, da Ag\u00eancia iNFRA<\/strong><\/p>\n\n\n\n<p>O Ibama enviou of\u00edcio \u00e0 Petrobras sugerindo uma reuni\u00e3o preparat\u00f3ria com a companhia em 12 de agosto, a fim de planejar a APO (Avalia\u00e7\u00e3o Pr\u00e9-Operacional) na chamada margem equatorial, \u00e1rea do bloco FZ-AM-59 litoral do Amap\u00e1, onde a petroleira planeja fazer perfura\u00e7\u00e3o explorat\u00f3ria. A APO \u00e9 um simulado de emerg\u00eancia, \u00faltima etapa do processo do licenciamento ambiental, cuja negativa a Petrobras busca reverter h\u00e1 mais de dois anos.<\/p>\n\n\n\n<p>Segundo a coordenadora substituta de Licenciamento Ambiental de Explora\u00e7\u00e3o de Petr\u00f3leo e G\u00e1s Offshore do Ibama, Paula de Melo, o objetivo do encontro \u00e9 apresentar pontos que s\u00e3o objeto de an\u00e1lise do Ibama na referida APO, tirar d\u00favidas sobre a log\u00edstica e documenta\u00e7\u00f5es e discutir janela de execu\u00e7\u00e3o da atividade.<\/p>\n\n\n\n<p>No of\u00edcio, o Ibama ainda pede que a Petrobras apresente nessa reuni\u00e3o &#8220;uma ou mais propostas de cen\u00e1rio&#8221; para a execu\u00e7\u00e3o da APO, cujos focos dever\u00e3o ser a &#8220;an\u00e1lise da estrutura de resposta offshore em carrossel e a execu\u00e7\u00e3o do PPAF (Plano de Prote\u00e7\u00e3o e Atendimento \u00e0 Fauna)\u201d.<\/p>\n\n\n\n<p>Procurada, a Petrobras informou que n\u00e3o vai comentar o assunto. Segundo uma fonte da companhia, o of\u00edcio do Ibama j\u00e1 foi recebido. Outra pessoa com conhecimento do assunto afirmou que o movimento do Ibama \u00e9 &#8220;positivo&#8221; e indica que o simulado deve, de fato, acontecer, fazendo avan\u00e7ar o processo de licenciamento.<\/p>\n\n\n\n<p>A Petrobras havia sugerido que a APO fosse realizada a partir do dia 14 de julho. A expectativa, agora, \u00e9 que a data seja fixada ap\u00f3s a reuni\u00e3o de agosto.<\/p>\n","protected":false},"excerpt":{"rendered":"<p>Gabriel Vasconcelos, da Ag\u00eancia iNFRA O Ibama enviou of\u00edcio \u00e0 Petrobras sugerindo uma reuni\u00e3o preparat\u00f3ria com a companhia em 12 de agosto, a fim de planejar a APO (Avalia\u00e7\u00e3o Pr\u00e9-Operacional) na chamada margem equatorial, \u00e1rea do bloco FZ-AM-59 litoral do Amap\u00e1, onde a petroleira planeja fazer perfura\u00e7\u00e3o explorat\u00f3ria. A APO \u00e9 um simulado de emerg\u00eancia, [&hellip;]<\/p>\n","protected":false},"author":1,"featured_media":22426,"comment_status":"closed","ping_status":"closed","sticky":false,"template":"","format":"standard","meta":{"_monsterinsights_skip_tracking":false,"_monsterinsights_sitenote_active":false,"_monsterinsights_sitenote_note":"","_monsterinsights_sitenote_category":0,"footnotes":""},"categories":[7250,1,13271],"tags":[13339,749,223,13269,143,3227],"class_list":["post-25308","post","type-post","status-publish","format-standard","has-post-thumbnail","hentry","category-destaque-lista","category-geral","category-oleo-gas","tag-exploracao-de-petroleo","tag-ibama","tag-licenciamento-ambiental","tag-margem-equatorial","tag-petrobras","tag-petroleo-e-gas"],"yoast_head":"<!-- This site is optimized with the Yoast SEO Premium plugin v25.4 (Yoast SEO v26.0) - https:\/\/yoast.com\/wordpress\/plugins\/seo\/ -->\n<title>Ibama prop\u00f5e reuni\u00e3o preparat\u00f3ria para simulado da Petrobras na margem equatorial em 12 de agosto - Ag\u00eancia iNFRA<\/title>\n<meta name=\"robots\" content=\"index, follow, max-snippet:-1, max-image-preview:large, max-video-preview:-1\" \/>\n<link rel=\"canonical\" href=\"https:\/\/agenciainfra.com\/blog\/ibama-propoe-reuniao-preparatoria-para-simulado-da-petrobras-na-margem-equatorial-em-12-de-agosto\/\" \/>\n<meta property=\"og:locale\" content=\"pt_BR\" \/>\n<meta property=\"og:type\" content=\"article\" \/>\n<meta property=\"og:title\" content=\"Ibama prop\u00f5e reuni\u00e3o preparat\u00f3ria para simulado da Petrobras na margem equatorial em 12 de agosto\" \/>\n<meta property=\"og:description\" content=\"Gabriel Vasconcelos, da Ag\u00eancia iNFRA O Ibama enviou of\u00edcio \u00e0 Petrobras sugerindo uma reuni\u00e3o preparat\u00f3ria com a companhia em 12 de agosto, a fim de planejar a APO (Avalia\u00e7\u00e3o Pr\u00e9-Operacional) na chamada margem equatorial, \u00e1rea do bloco FZ-AM-59 litoral do Amap\u00e1, onde a petroleira planeja fazer perfura\u00e7\u00e3o explorat\u00f3ria. A APO \u00e9 um simulado de emerg\u00eancia, [&hellip;]\" \/>\n<meta property=\"og:url\" content=\"https:\/\/agenciainfra.com\/blog\/ibama-propoe-reuniao-preparatoria-para-simulado-da-petrobras-na-margem-equatorial-em-12-de-agosto\/\" \/>\n<meta property=\"og:site_name\" content=\"Ag\u00eancia iNFRA\" \/>\n<meta property=\"article:publisher\" content=\"https:\/\/www.facebook.com\/ageninfra\" \/>\n<meta property=\"article:published_time\" content=\"2025-07-24T22:11:26+00:00\" \/>\n<meta property=\"article:modified_time\" content=\"2025-07-25T18:53:40+00:00\" \/>\n<meta property=\"og:image\" content=\"https:\/\/agenciainfra.com\/blog\/wp-content\/uploads\/2025\/06\/ODN-II-scaled-e1748980273156.jpeg\" \/>\n\t<meta property=\"og:image:width\" content=\"1280\" \/>\n\t<meta property=\"og:image:height\" content=\"720\" \/>\n\t<meta property=\"og:image:type\" content=\"image\/jpeg\" \/>\n<meta name=\"author\" content=\"Ag\u00eancia iNFRA\" \/>\n<meta name=\"twitter:card\" content=\"summary_large_image\" \/>\n<meta name=\"twitter:creator\" content=\"@agencia_infra\" \/>\n<meta name=\"twitter:site\" content=\"@agencia_infra\" \/>\n<meta name=\"twitter:label1\" content=\"Escrito por\" \/>\n\t<meta name=\"twitter:data1\" content=\"Ag\u00eancia iNFRA\" \/>\n\t<meta name=\"twitter:label2\" content=\"Est. tempo de leitura\" \/>\n\t<meta name=\"twitter:data2\" content=\"1 minuto\" \/>\n<script type=\"application\/ld+json\" class=\"yoast-schema-graph\">{\"@context\":\"https:\/\/schema.org\",\"@graph\":[{\"@type\":\"Article\",\"@id\":\"https:\/\/agenciainfra.com\/blog\/ibama-propoe-reuniao-preparatoria-para-simulado-da-petrobras-na-margem-equatorial-em-12-de-agosto\/#article\",\"isPartOf\":{\"@id\":\"https:\/\/agenciainfra.com\/blog\/ibama-propoe-reuniao-preparatoria-para-simulado-da-petrobras-na-margem-equatorial-em-12-de-agosto\/\"},\"author\":{\"name\":\"Ag\u00eancia iNFRA\",\"@id\":\"https:\/\/agenciainfra.com\/blog\/#\/schema\/person\/34af08dff6adea4cb22b06612ba7acfa\"},\"headline\":\"Ibama prop\u00f5e reuni\u00e3o preparat\u00f3ria para simulado da Petrobras na margem equatorial em 12 de agosto\",\"datePublished\":\"2025-07-24T22:11:26+00:00\",\"dateModified\":\"2025-07-25T18:53:40+00:00\",\"mainEntityOfPage\":{\"@id\":\"https:\/\/agenciainfra.com\/blog\/ibama-propoe-reuniao-preparatoria-para-simulado-da-petrobras-na-margem-equatorial-em-12-de-agosto\/\"},\"wordCount\":292,\"publisher\":{\"@id\":\"https:\/\/agenciainfra.com\/blog\/#organization\"},\"image\":{\"@id\":\"https:\/\/agenciainfra.com\/blog\/ibama-propoe-reuniao-preparatoria-para-simulado-da-petrobras-na-margem-equatorial-em-12-de-agosto\/#primaryimage\"},\"thumbnailUrl\":\"https:\/\/agenciainfra.com\/blog\/wp-content\/uploads\/2025\/06\/ODN-II-scaled-e1748980273156.jpeg\",\"keywords\":[\"explora\u00e7\u00e3o de petr\u00f3leo\",\"Ibama\",\"Licenciamento ambiental\",\"margem equatorial\",\"Petrobras\",\"petr\u00f3leo e g\u00e1s\"],\"articleSection\":[\"Destaque lista\",\"Geral\",\"\u00d3leo &amp; G\u00e1s\"],\"inLanguage\":\"pt-BR\",\"copyrightYear\":\"2025\",\"copyrightHolder\":{\"@id\":\"https:\/\/agenciainfra.com\/blog\/#organization\"}},{\"@type\":\"WebPage\",\"@id\":\"https:\/\/agenciainfra.com\/blog\/ibama-propoe-reuniao-preparatoria-para-simulado-da-petrobras-na-margem-equatorial-em-12-de-agosto\/\",\"url\":\"https:\/\/agenciainfra.com\/blog\/ibama-propoe-reuniao-preparatoria-para-simulado-da-petrobras-na-margem-equatorial-em-12-de-agosto\/\",\"name\":\"Ibama prop\u00f5e reuni\u00e3o preparat\u00f3ria para simulado da Petrobras na margem equatorial em 12 de agosto - Ag\u00eancia iNFRA\",\"isPartOf\":{\"@id\":\"https:\/\/agenciainfra.com\/blog\/#website\"},\"primaryImageOfPage\":{\"@id\":\"https:\/\/agenciainfra.com\/blog\/ibama-propoe-reuniao-preparatoria-para-simulado-da-petrobras-na-margem-equatorial-em-12-de-agosto\/#primaryimage\"},\"image\":{\"@id\":\"https:\/\/agenciainfra.com\/blog\/ibama-propoe-reuniao-preparatoria-para-simulado-da-petrobras-na-margem-equatorial-em-12-de-agosto\/#primaryimage\"},\"thumbnailUrl\":\"https:\/\/agenciainfra.com\/blog\/wp-content\/uploads\/2025\/06\/ODN-II-scaled-e1748980273156.jpeg\",\"datePublished\":\"2025-07-24T22:11:26+00:00\",\"dateModified\":\"2025-07-25T18:53:40+00:00\",\"breadcrumb\":{\"@id\":\"https:\/\/agenciainfra.com\/blog\/ibama-propoe-reuniao-preparatoria-para-simulado-da-petrobras-na-margem-equatorial-em-12-de-agosto\/#breadcrumb\"},\"inLanguage\":\"pt-BR\",\"potentialAction\":[{\"@type\":\"ReadAction\",\"target\":[\"https:\/\/agenciainfra.com\/blog\/ibama-propoe-reuniao-preparatoria-para-simulado-da-petrobras-na-margem-equatorial-em-12-de-agosto\/\"]}]},{\"@type\":\"ImageObject\",\"inLanguage\":\"pt-BR\",\"@id\":\"https:\/\/agenciainfra.com\/blog\/ibama-propoe-reuniao-preparatoria-para-simulado-da-petrobras-na-margem-equatorial-em-12-de-agosto\/#primaryimage\",\"url\":\"https:\/\/agenciainfra.com\/blog\/wp-content\/uploads\/2025\/06\/ODN-II-scaled-e1748980273156.jpeg\",\"contentUrl\":\"https:\/\/agenciainfra.com\/blog\/wp-content\/uploads\/2025\/06\/ODN-II-scaled-e1748980273156.jpeg\",\"width\":1280,\"height\":720,\"caption\":\"Foto: Marinha do Brasil\/Divulga\u00e7\u00e3o\"},{\"@type\":\"BreadcrumbList\",\"@id\":\"https:\/\/agenciainfra.com\/blog\/ibama-propoe-reuniao-preparatoria-para-simulado-da-petrobras-na-margem-equatorial-em-12-de-agosto\/#breadcrumb\",\"itemListElement\":[{\"@type\":\"ListItem\",\"position\":1,\"name\":\"In\u00edcio\",\"item\":\"https:\/\/agenciainfra.com\/blog\/\"},{\"@type\":\"ListItem\",\"position\":2,\"name\":\"Ibama prop\u00f5e reuni\u00e3o preparat\u00f3ria para simulado da Petrobras na margem equatorial em 12 de agosto\"}]},{\"@type\":\"WebSite\",\"@id\":\"https:\/\/agenciainfra.com\/blog\/#website\",\"url\":\"https:\/\/agenciainfra.com\/blog\/\",\"name\":\"Ag\u00eancia iNFRA\",\"description\":\"Multiplataforma de informa\u00e7\u00e3o jornal\u00edstica refer\u00eancia na \u00e1rea de infraestrutura no Brasil!\",\"publisher\":{\"@id\":\"https:\/\/agenciainfra.com\/blog\/#organization\"},\"potentialAction\":[{\"@type\":\"SearchAction\",\"target\":{\"@type\":\"EntryPoint\",\"urlTemplate\":\"https:\/\/agenciainfra.com\/blog\/?s={search_term_string}\"},\"query-input\":{\"@type\":\"PropertyValueSpecification\",\"valueRequired\":true,\"valueName\":\"search_term_string\"}}],\"inLanguage\":\"pt-BR\"},{\"@type\":\"Organization\",\"@id\":\"https:\/\/agenciainfra.com\/blog\/#organization\",\"name\":\"Ag\u00eancia iNFRA\",\"url\":\"https:\/\/agenciainfra.com\/blog\/\",\"logo\":{\"@type\":\"ImageObject\",\"inLanguage\":\"pt-BR\",\"@id\":\"https:\/\/agenciainfra.com\/blog\/#\/schema\/logo\/image\/\",\"url\":\"https:\/\/agenciainfra.com\/blog\/wp-content\/uploads\/2023\/09\/iNFRA_5-e1761735885940.png\",\"contentUrl\":\"https:\/\/agenciainfra.com\/blog\/wp-content\/uploads\/2023\/09\/iNFRA_5-e1761735885940.png\",\"width\":1672,\"height\":454,\"caption\":\"Ag\u00eancia iNFRA\"},\"image\":{\"@id\":\"https:\/\/agenciainfra.com\/blog\/#\/schema\/logo\/image\/\"},\"sameAs\":[\"https:\/\/www.facebook.com\/ageninfra\",\"https:\/\/x.com\/agencia_infra\",\"https:\/\/www.linkedin.com\/company\/ag\u00eanciainfra\/\",\"https:\/\/www.instagram.com\/agenciainfra\/\"]},{\"@type\":\"Person\",\"@id\":\"https:\/\/agenciainfra.com\/blog\/#\/schema\/person\/34af08dff6adea4cb22b06612ba7acfa\",\"name\":\"Ag\u00eancia iNFRA\",\"image\":{\"@type\":\"ImageObject\",\"inLanguage\":\"pt-BR\",\"@id\":\"https:\/\/agenciainfra.com\/blog\/#\/schema\/person\/image\/\",\"url\":\"https:\/\/secure.gravatar.com\/avatar\/d189e01678f06d8eb84d4e01f08eb848b3fffe3f8443818d3c356c66892f5be8?s=96&d=mm&r=g\",\"contentUrl\":\"https:\/\/secure.gravatar.com\/avatar\/d189e01678f06d8eb84d4e01f08eb848b3fffe3f8443818d3c356c66892f5be8?s=96&d=mm&r=g\",\"caption\":\"Ag\u00eancia iNFRA\"},\"url\":\"https:\/\/agenciainfra.com\/blog\/author\/admin\/\"}]}<\/script>\n<!-- \/ Yoast SEO Premium plugin. -->","yoast_head_json":{"title":"Ibama prop\u00f5e reuni\u00e3o preparat\u00f3ria para simulado da Petrobras na margem equatorial em 12 de agosto - Ag\u00eancia iNFRA","robots":{"index":"index","follow":"follow","max-snippet":"max-snippet:-1","max-image-preview":"max-image-preview:large","max-video-preview":"max-video-preview:-1"},"canonical":"https:\/\/agenciainfra.com\/blog\/ibama-propoe-reuniao-preparatoria-para-simulado-da-petrobras-na-margem-equatorial-em-12-de-agosto\/","og_locale":"pt_BR","og_type":"article","og_title":"Ibama prop\u00f5e reuni\u00e3o preparat\u00f3ria para simulado da Petrobras na margem equatorial em 12 de agosto","og_description":"Gabriel Vasconcelos, da Ag\u00eancia iNFRA O Ibama enviou of\u00edcio \u00e0 Petrobras sugerindo uma reuni\u00e3o preparat\u00f3ria com a companhia em 12 de agosto, a fim de planejar a APO (Avalia\u00e7\u00e3o Pr\u00e9-Operacional) na chamada margem equatorial, \u00e1rea do bloco FZ-AM-59 litoral do Amap\u00e1, onde a petroleira planeja fazer perfura\u00e7\u00e3o explorat\u00f3ria. A APO \u00e9 um simulado de emerg\u00eancia, [&hellip;]","og_url":"https:\/\/agenciainfra.com\/blog\/ibama-propoe-reuniao-preparatoria-para-simulado-da-petrobras-na-margem-equatorial-em-12-de-agosto\/","og_site_name":"Ag\u00eancia iNFRA","article_publisher":"https:\/\/www.facebook.com\/ageninfra","article_published_time":"2025-07-24T22:11:26+00:00","article_modified_time":"2025-07-25T18:53:40+00:00","og_image":[{"width":1280,"height":720,"url":"https:\/\/agenciainfra.com\/blog\/wp-content\/uploads\/2025\/06\/ODN-II-scaled-e1748980273156.jpeg","type":"image\/jpeg"}],"author":"Ag\u00eancia iNFRA","twitter_card":"summary_large_image","twitter_creator":"@agencia_infra","twitter_site":"@agencia_infra","twitter_misc":{"Escrito por":"Ag\u00eancia iNFRA","Est. tempo de leitura":"1 minuto"},"schema":{"@context":"https:\/\/schema.org","@graph":[{"@type":"Article","@id":"https:\/\/agenciainfra.com\/blog\/ibama-propoe-reuniao-preparatoria-para-simulado-da-petrobras-na-margem-equatorial-em-12-de-agosto\/#article","isPartOf":{"@id":"https:\/\/agenciainfra.com\/blog\/ibama-propoe-reuniao-preparatoria-para-simulado-da-petrobras-na-margem-equatorial-em-12-de-agosto\/"},"author":{"name":"Ag\u00eancia iNFRA","@id":"https:\/\/agenciainfra.com\/blog\/#\/schema\/person\/34af08dff6adea4cb22b06612ba7acfa"},"headline":"Ibama prop\u00f5e reuni\u00e3o preparat\u00f3ria para simulado da Petrobras na margem equatorial em 12 de agosto","datePublished":"2025-07-24T22:11:26+00:00","dateModified":"2025-07-25T18:53:40+00:00","mainEntityOfPage":{"@id":"https:\/\/agenciainfra.com\/blog\/ibama-propoe-reuniao-preparatoria-para-simulado-da-petrobras-na-margem-equatorial-em-12-de-agosto\/"},"wordCount":292,"publisher":{"@id":"https:\/\/agenciainfra.com\/blog\/#organization"},"image":{"@id":"https:\/\/agenciainfra.com\/blog\/ibama-propoe-reuniao-preparatoria-para-simulado-da-petrobras-na-margem-equatorial-em-12-de-agosto\/#primaryimage"},"thumbnailUrl":"https:\/\/agenciainfra.com\/blog\/wp-content\/uploads\/2025\/06\/ODN-II-scaled-e1748980273156.jpeg","keywords":["explora\u00e7\u00e3o de petr\u00f3leo","Ibama","Licenciamento ambiental","margem equatorial","Petrobras","petr\u00f3leo e g\u00e1s"],"articleSection":["Destaque lista","Geral","\u00d3leo &amp; G\u00e1s"],"inLanguage":"pt-BR","copyrightYear":"2025","copyrightHolder":{"@id":"https:\/\/agenciainfra.com\/blog\/#organization"}},{"@type":"WebPage","@id":"https:\/\/agenciainfra.com\/blog\/ibama-propoe-reuniao-preparatoria-para-simulado-da-petrobras-na-margem-equatorial-em-12-de-agosto\/","url":"https:\/\/agenciainfra.com\/blog\/ibama-propoe-reuniao-preparatoria-para-simulado-da-petrobras-na-margem-equatorial-em-12-de-agosto\/","name":"Ibama prop\u00f5e reuni\u00e3o preparat\u00f3ria para simulado da Petrobras na margem equatorial em 12 de agosto - Ag\u00eancia iNFRA","isPartOf":{"@id":"https:\/\/agenciainfra.com\/blog\/#website"},"primaryImageOfPage":{"@id":"https:\/\/agenciainfra.com\/blog\/ibama-propoe-reuniao-preparatoria-para-simulado-da-petrobras-na-margem-equatorial-em-12-de-agosto\/#primaryimage"},"image":{"@id":"https:\/\/agenciainfra.com\/blog\/ibama-propoe-reuniao-preparatoria-para-simulado-da-petrobras-na-margem-equatorial-em-12-de-agosto\/#primaryimage"},"thumbnailUrl":"https:\/\/agenciainfra.com\/blog\/wp-content\/uploads\/2025\/06\/ODN-II-scaled-e1748980273156.jpeg","datePublished":"2025-07-24T22:11:26+00:00","dateModified":"2025-07-25T18:53:40+00:00","breadcrumb":{"@id":"https:\/\/agenciainfra.com\/blog\/ibama-propoe-reuniao-preparatoria-para-simulado-da-petrobras-na-margem-equatorial-em-12-de-agosto\/#breadcrumb"},"inLanguage":"pt-BR","potentialAction":[{"@type":"ReadAction","target":["https:\/\/agenciainfra.com\/blog\/ibama-propoe-reuniao-preparatoria-para-simulado-da-petrobras-na-margem-equatorial-em-12-de-agosto\/"]}]},{"@type":"ImageObject","inLanguage":"pt-BR","@id":"https:\/\/agenciainfra.com\/blog\/ibama-propoe-reuniao-preparatoria-para-simulado-da-petrobras-na-margem-equatorial-em-12-de-agosto\/#primaryimage","url":"https:\/\/agenciainfra.com\/blog\/wp-content\/uploads\/2025\/06\/ODN-II-scaled-e1748980273156.jpeg","contentUrl":"https:\/\/agenciainfra.com\/blog\/wp-content\/uploads\/2025\/06\/ODN-II-scaled-e1748980273156.jpeg","width":1280,"height":720,"caption":"Foto: Marinha do Brasil\/Divulga\u00e7\u00e3o"},{"@type":"BreadcrumbList","@id":"https:\/\/agenciainfra.com\/blog\/ibama-propoe-reuniao-preparatoria-para-simulado-da-petrobras-na-margem-equatorial-em-12-de-agosto\/#breadcrumb","itemListElement":[{"@type":"ListItem","position":1,"name":"In\u00edcio","item":"https:\/\/agenciainfra.com\/blog\/"},{"@type":"ListItem","position":2,"name":"Ibama prop\u00f5e reuni\u00e3o preparat\u00f3ria para simulado da Petrobras na margem equatorial em 12 de agosto"}]},{"@type":"WebSite","@id":"https:\/\/agenciainfra.com\/blog\/#website","url":"https:\/\/agenciainfra.com\/blog\/","name":"Ag\u00eancia iNFRA","description":"Multiplataforma de informa\u00e7\u00e3o jornal\u00edstica refer\u00eancia na \u00e1rea de infraestrutura no Brasil!","publisher":{"@id":"https:\/\/agenciainfra.com\/blog\/#organization"},"potentialAction":[{"@type":"SearchAction","target":{"@type":"EntryPoint","urlTemplate":"https:\/\/agenciainfra.com\/blog\/?s={search_term_string}"},"query-input":{"@type":"PropertyValueSpecification","valueRequired":true,"valueName":"search_term_string"}}],"inLanguage":"pt-BR"},{"@type":"Organization","@id":"https:\/\/agenciainfra.com\/blog\/#organization","name":"Ag\u00eancia iNFRA","url":"https:\/\/agenciainfra.com\/blog\/","logo":{"@type":"ImageObject","inLanguage":"pt-BR","@id":"https:\/\/agenciainfra.com\/blog\/#\/schema\/logo\/image\/","url":"https:\/\/agenciainfra.com\/blog\/wp-content\/uploads\/2023\/09\/iNFRA_5-e1761735885940.png","contentUrl":"https:\/\/agenciainfra.com\/blog\/wp-content\/uploads\/2023\/09\/iNFRA_5-e1761735885940.png","width":1672,"height":454,"caption":"Ag\u00eancia iNFRA"},"image":{"@id":"https:\/\/agenciainfra.com\/blog\/#\/schema\/logo\/image\/"},"sameAs":["https:\/\/www.facebook.com\/ageninfra","https:\/\/x.com\/agencia_infra","https:\/\/www.linkedin.com\/company\/ag\u00eanciainfra\/","https:\/\/www.instagram.com\/agenciainfra\/"]},{"@type":"Person","@id":"https:\/\/agenciainfra.com\/blog\/#\/schema\/person\/34af08dff6adea4cb22b06612ba7acfa","name":"Ag\u00eancia iNFRA","image":{"@type":"ImageObject","inLanguage":"pt-BR","@id":"https:\/\/agenciainfra.com\/blog\/#\/schema\/person\/image\/","url":"https:\/\/secure.gravatar.com\/avatar\/d189e01678f06d8eb84d4e01f08eb848b3fffe3f8443818d3c356c66892f5be8?s=96&d=mm&r=g","contentUrl":"https:\/\/secure.gravatar.com\/avatar\/d189e01678f06d8eb84d4e01f08eb848b3fffe3f8443818d3c356c66892f5be8?s=96&d=mm&r=g","caption":"Ag\u00eancia iNFRA"},"url":"https:\/\/agenciainfra.com\/blog\/author\/admin\/"}]}},"_links":{"self":[{"href":"https:\/\/agenciainfra.com\/blog\/wp-json\/wp\/v2\/posts\/25308","targetHints":{"allow":["GET"]}}],"collection":[{"href":"https:\/\/agenciainfra.com\/blog\/wp-json\/wp\/v2\/posts"}],"about":[{"href":"https:\/\/agenciainfra.com\/blog\/wp-json\/wp\/v2\/types\/post"}],"author":[{"embeddable":true,"href":"https:\/\/agenciainfra.com\/blog\/wp-json\/wp\/v2\/users\/1"}],"replies":[{"embeddable":true,"href":"https:\/\/agenciainfra.com\/blog\/wp-json\/wp\/v2\/comments?post=25308"}],"version-history":[{"count":1,"href":"https:\/\/agenciainfra.com\/blog\/wp-json\/wp\/v2\/posts\/25308\/revisions"}],"predecessor-version":[{"id":25309,"href":"https:\/\/agenciainfra.com\/blog\/wp-json\/wp\/v2\/posts\/25308\/revisions\/25309"}],"wp:featuredmedia":[{"embeddable":true,"href":"https:\/\/agenciainfra.com\/blog\/wp-json\/wp\/v2\/media\/22426"}],"wp:attachment":[{"href":"https:\/\/agenciainfra.com\/blog\/wp-json\/wp\/v2\/media?parent=25308"}],"wp:term":[{"taxonomy":"category","embeddable":true,"href":"https:\/\/agenciainfra.com\/blog\/wp-json\/wp\/v2\/categories?post=25308"},{"taxonomy":"post_tag","embeddable":true,"href":"https:\/\/agenciainfra.com\/blog\/wp-json\/wp\/v2\/tags?post=25308"}],"curies":[{"name":"wp","href":"https:\/\/api.w.org\/{rel}","templated":true}]}}