{"id":25330,"date":"2025-07-25T08:30:00","date_gmt":"2025-07-25T11:30:00","guid":{"rendered":"https:\/\/agenciainfra.com\/blog\/?p=25330"},"modified":"2025-07-25T19:32:43","modified_gmt":"2025-07-25T22:32:43","slug":"justica-suspende-decisao-que-levou-ons-a-cobrar-r-466-mi-da-norte-energia","status":"publish","type":"post","link":"https:\/\/agenciainfra.com\/blog\/justica-suspende-decisao-que-levou-ons-a-cobrar-r-466-mi-da-norte-energia\/","title":{"rendered":"Justi\u00e7a suspende decis\u00e3o que levou ONS a cobrar R$ 466 mi da Norte Energia"},"content":{"rendered":"\n<p class=\"has-text-align-right\"><strong>Marisa Wanzeller e Geraldo Campos Jr., da Ag\u00eancia iNFRA<\/strong><\/p>\n\n\n\n<p>A Norte Energia, operadora da usina de Belo Monte, conseguiu suspender na Justi\u00e7a a execu\u00e7\u00e3o dos R$ 466 milh\u00f5es <a href=\"https:\/\/agenciainfra.com\/blog\/ons-pede-execucao-de-garantia-de-r-466-mi-e-belo-monte-diz-nao-ver-autorizacao-para-cobranca\/\">cobrados<\/a> pelo ONS (Operador Nacional do Sistema El\u00e9trico). A\u00a0decis\u00e3o\u00a0foi proferida pelo desembargador federal Pablo Zuniga Dourado, do TRF-1 (Tribunal Regional Federal da 1\u00aa Regi\u00e3o), nesta quinta-feira (24).<br><br>O desembargador deferiu o pedido da geradora para impedir \u201catos de cobran\u00e7a retroativa\u201d at\u00e9 o julgamento definitivo dos embargos de declara\u00e7\u00e3o \u201csem preju\u00edzo da manifesta\u00e7\u00e3o das partes adversas\u201d. Al\u00e9m disso, o despacho ressalta que \u201co restabelecimento abrupto da cobran\u00e7a integral\u201d dos encargos \u201cpode comprometer de forma severa o fluxo de caixa da concession\u00e1ria\u201d.\u00a0<br><br>O desembargador, contudo, diz que a liminar desta quinta n\u00e3o exclui \u201co risco de dano grave\u201d apontado pelo ONS e pelas transmissoras, \u201cevidenciado na imin\u00eancia de execu\u00e7\u00e3o de garantias contratuais e na exig\u00eancia retroativa de valores que, segundo a empresa, foram corretamente ajustados durante a vig\u00eancia da decis\u00e3o anterior\u201d.\u00a0<br><br>A cobran\u00e7a do ONS se refere ao montante relativo ao per\u00edodo de agosto de 2024 a julho de 2025, enquanto um ac\u00f3rd\u00e3o permitiu que a Norte Energia pagasse o encargo de uso do sistema de transmiss\u00e3o de forma proporcional ao volume de energia injetada no sistema de transmiss\u00e3o, e n\u00e3o pela disponibilidade da rede.<\/p>\n","protected":false},"excerpt":{"rendered":"<p>Marisa Wanzeller e Geraldo Campos Jr., da Ag\u00eancia iNFRA A Norte Energia, operadora da usina de Belo Monte, conseguiu suspender na Justi\u00e7a a execu\u00e7\u00e3o dos R$ 466 milh\u00f5es cobrados pelo ONS (Operador Nacional do Sistema El\u00e9trico). A\u00a0decis\u00e3o\u00a0foi proferida pelo desembargador federal Pablo Zuniga Dourado, do TRF-1 (Tribunal Regional Federal da 1\u00aa Regi\u00e3o), nesta quinta-feira (24). [&hellip;]<\/p>\n","protected":false},"author":1,"featured_media":14707,"comment_status":"closed","ping_status":"closed","sticky":false,"template":"","format":"standard","meta":{"_monsterinsights_skip_tracking":false,"_monsterinsights_sitenote_active":false,"_monsterinsights_sitenote_note":"","_monsterinsights_sitenote_category":0,"footnotes":""},"categories":[7250,1,10],"tags":[3170,12653,282,11594,7366,3390,216,14515,575],"class_list":["post-25330","post","type-post","status-publish","format-standard","has-post-thumbnail","hentry","category-destaque-lista","category-geral","category-infraenergia","tag-belo-monte","tag-encargo-de-transmissao","tag-energia-eletrica","tag-geraldo-campos-jr","tag-marisa-wanzeller","tag-norte-energia","tag-ons","tag-pagamento-as-transmissoras","tag-transmissao-de-energia"],"yoast_head":"<!-- This site is optimized with the Yoast SEO Premium plugin v25.4 (Yoast SEO v26.0) - https:\/\/yoast.com\/wordpress\/plugins\/seo\/ -->\n<title>Justi\u00e7a suspende decis\u00e3o que levou ONS a cobrar R$ 466 mi da Norte Energia - Ag\u00eancia iNFRA<\/title>\n<meta name=\"robots\" content=\"index, follow, max-snippet:-1, max-image-preview:large, max-video-preview:-1\" \/>\n<link rel=\"canonical\" href=\"https:\/\/agenciainfra.com\/blog\/justica-suspende-decisao-que-levou-ons-a-cobrar-r-466-mi-da-norte-energia\/\" \/>\n<meta property=\"og:locale\" content=\"pt_BR\" \/>\n<meta property=\"og:type\" content=\"article\" \/>\n<meta property=\"og:title\" content=\"Justi\u00e7a suspende decis\u00e3o que levou ONS a cobrar R$ 466 mi da Norte Energia\" \/>\n<meta property=\"og:description\" content=\"Marisa Wanzeller e Geraldo Campos Jr., da Ag\u00eancia iNFRA A Norte Energia, operadora da usina de Belo Monte, conseguiu suspender na Justi\u00e7a a execu\u00e7\u00e3o dos R$ 466 milh\u00f5es cobrados pelo ONS (Operador Nacional do Sistema El\u00e9trico). A\u00a0decis\u00e3o\u00a0foi proferida pelo desembargador federal Pablo Zuniga Dourado, do TRF-1 (Tribunal Regional Federal da 1\u00aa Regi\u00e3o), nesta quinta-feira (24). [&hellip;]\" \/>\n<meta property=\"og:url\" content=\"https:\/\/agenciainfra.com\/blog\/justica-suspende-decisao-que-levou-ons-a-cobrar-r-466-mi-da-norte-energia\/\" \/>\n<meta property=\"og:site_name\" content=\"Ag\u00eancia iNFRA\" \/>\n<meta property=\"article:publisher\" content=\"https:\/\/www.facebook.com\/ageninfra\" \/>\n<meta property=\"article:published_time\" content=\"2025-07-25T11:30:00+00:00\" \/>\n<meta property=\"article:modified_time\" content=\"2025-07-25T22:32:43+00:00\" \/>\n<meta property=\"og:image\" content=\"https:\/\/agenciainfra.com\/blog\/wp-content\/uploads\/2023\/11\/ons-foto-governo-federal.png\" \/>\n\t<meta property=\"og:image:width\" content=\"1202\" \/>\n\t<meta property=\"og:image:height\" content=\"837\" \/>\n\t<meta property=\"og:image:type\" content=\"image\/png\" \/>\n<meta name=\"author\" content=\"Ag\u00eancia iNFRA\" \/>\n<meta name=\"twitter:card\" content=\"summary_large_image\" \/>\n<meta name=\"twitter:creator\" content=\"@agencia_infra\" \/>\n<meta name=\"twitter:site\" content=\"@agencia_infra\" \/>\n<meta name=\"twitter:label1\" content=\"Escrito por\" \/>\n\t<meta name=\"twitter:data1\" content=\"Ag\u00eancia iNFRA\" \/>\n\t<meta name=\"twitter:label2\" content=\"Est. tempo de leitura\" \/>\n\t<meta name=\"twitter:data2\" content=\"1 minuto\" \/>\n<script type=\"application\/ld+json\" class=\"yoast-schema-graph\">{\"@context\":\"https:\/\/schema.org\",\"@graph\":[{\"@type\":\"Article\",\"@id\":\"https:\/\/agenciainfra.com\/blog\/justica-suspende-decisao-que-levou-ons-a-cobrar-r-466-mi-da-norte-energia\/#article\",\"isPartOf\":{\"@id\":\"https:\/\/agenciainfra.com\/blog\/justica-suspende-decisao-que-levou-ons-a-cobrar-r-466-mi-da-norte-energia\/\"},\"author\":{\"name\":\"Ag\u00eancia iNFRA\",\"@id\":\"https:\/\/agenciainfra.com\/blog\/#\/schema\/person\/34af08dff6adea4cb22b06612ba7acfa\"},\"headline\":\"Justi\u00e7a suspende decis\u00e3o que levou ONS a cobrar R$ 466 mi da Norte Energia\",\"datePublished\":\"2025-07-25T11:30:00+00:00\",\"dateModified\":\"2025-07-25T22:32:43+00:00\",\"mainEntityOfPage\":{\"@id\":\"https:\/\/agenciainfra.com\/blog\/justica-suspende-decisao-que-levou-ons-a-cobrar-r-466-mi-da-norte-energia\/\"},\"wordCount\":250,\"publisher\":{\"@id\":\"https:\/\/agenciainfra.com\/blog\/#organization\"},\"image\":{\"@id\":\"https:\/\/agenciainfra.com\/blog\/justica-suspende-decisao-que-levou-ons-a-cobrar-r-466-mi-da-norte-energia\/#primaryimage\"},\"thumbnailUrl\":\"https:\/\/agenciainfra.com\/blog\/wp-content\/uploads\/2023\/11\/ons-foto-governo-federal.png\",\"keywords\":[\"Belo Monte\",\"encargo de transmiss\u00e3o\",\"energia el\u00e9trica\",\"Geraldo Campos Jr.\",\"Marisa Wanzeller\",\"Norte Energia\",\"ONS\",\"pagamento \u00e0s transmissoras\",\"transmiss\u00e3o de energia\"],\"articleSection\":[\"Destaque lista\",\"Geral\",\"iNFRAEnergia\"],\"inLanguage\":\"pt-BR\",\"copyrightYear\":\"2025\",\"copyrightHolder\":{\"@id\":\"https:\/\/agenciainfra.com\/blog\/#organization\"}},{\"@type\":\"WebPage\",\"@id\":\"https:\/\/agenciainfra.com\/blog\/justica-suspende-decisao-que-levou-ons-a-cobrar-r-466-mi-da-norte-energia\/\",\"url\":\"https:\/\/agenciainfra.com\/blog\/justica-suspende-decisao-que-levou-ons-a-cobrar-r-466-mi-da-norte-energia\/\",\"name\":\"Justi\u00e7a suspende decis\u00e3o que levou ONS a cobrar R$ 466 mi da Norte Energia - Ag\u00eancia iNFRA\",\"isPartOf\":{\"@id\":\"https:\/\/agenciainfra.com\/blog\/#website\"},\"primaryImageOfPage\":{\"@id\":\"https:\/\/agenciainfra.com\/blog\/justica-suspende-decisao-que-levou-ons-a-cobrar-r-466-mi-da-norte-energia\/#primaryimage\"},\"image\":{\"@id\":\"https:\/\/agenciainfra.com\/blog\/justica-suspende-decisao-que-levou-ons-a-cobrar-r-466-mi-da-norte-energia\/#primaryimage\"},\"thumbnailUrl\":\"https:\/\/agenciainfra.com\/blog\/wp-content\/uploads\/2023\/11\/ons-foto-governo-federal.png\",\"datePublished\":\"2025-07-25T11:30:00+00:00\",\"dateModified\":\"2025-07-25T22:32:43+00:00\",\"breadcrumb\":{\"@id\":\"https:\/\/agenciainfra.com\/blog\/justica-suspende-decisao-que-levou-ons-a-cobrar-r-466-mi-da-norte-energia\/#breadcrumb\"},\"inLanguage\":\"pt-BR\",\"potentialAction\":[{\"@type\":\"ReadAction\",\"target\":[\"https:\/\/agenciainfra.com\/blog\/justica-suspende-decisao-que-levou-ons-a-cobrar-r-466-mi-da-norte-energia\/\"]}]},{\"@type\":\"ImageObject\",\"inLanguage\":\"pt-BR\",\"@id\":\"https:\/\/agenciainfra.com\/blog\/justica-suspende-decisao-que-levou-ons-a-cobrar-r-466-mi-da-norte-energia\/#primaryimage\",\"url\":\"https:\/\/agenciainfra.com\/blog\/wp-content\/uploads\/2023\/11\/ons-foto-governo-federal.png\",\"contentUrl\":\"https:\/\/agenciainfra.com\/blog\/wp-content\/uploads\/2023\/11\/ons-foto-governo-federal.png\",\"width\":1202,\"height\":837,\"caption\":\"Foto: ONS\/Divulga\u00e7\u00e3o\"},{\"@type\":\"BreadcrumbList\",\"@id\":\"https:\/\/agenciainfra.com\/blog\/justica-suspende-decisao-que-levou-ons-a-cobrar-r-466-mi-da-norte-energia\/#breadcrumb\",\"itemListElement\":[{\"@type\":\"ListItem\",\"position\":1,\"name\":\"In\u00edcio\",\"item\":\"https:\/\/agenciainfra.com\/blog\/\"},{\"@type\":\"ListItem\",\"position\":2,\"name\":\"Justi\u00e7a suspende decis\u00e3o que levou ONS a cobrar R$ 466 mi da Norte Energia\"}]},{\"@type\":\"WebSite\",\"@id\":\"https:\/\/agenciainfra.com\/blog\/#website\",\"url\":\"https:\/\/agenciainfra.com\/blog\/\",\"name\":\"Ag\u00eancia iNFRA\",\"description\":\"Multiplataforma de informa\u00e7\u00e3o jornal\u00edstica refer\u00eancia na \u00e1rea de infraestrutura no Brasil!\",\"publisher\":{\"@id\":\"https:\/\/agenciainfra.com\/blog\/#organization\"},\"potentialAction\":[{\"@type\":\"SearchAction\",\"target\":{\"@type\":\"EntryPoint\",\"urlTemplate\":\"https:\/\/agenciainfra.com\/blog\/?s={search_term_string}\"},\"query-input\":{\"@type\":\"PropertyValueSpecification\",\"valueRequired\":true,\"valueName\":\"search_term_string\"}}],\"inLanguage\":\"pt-BR\"},{\"@type\":\"Organization\",\"@id\":\"https:\/\/agenciainfra.com\/blog\/#organization\",\"name\":\"Ag\u00eancia iNFRA\",\"url\":\"https:\/\/agenciainfra.com\/blog\/\",\"logo\":{\"@type\":\"ImageObject\",\"inLanguage\":\"pt-BR\",\"@id\":\"https:\/\/agenciainfra.com\/blog\/#\/schema\/logo\/image\/\",\"url\":\"https:\/\/agenciainfra.com\/blog\/wp-content\/uploads\/2023\/09\/iNFRA_5-e1761735885940.png\",\"contentUrl\":\"https:\/\/agenciainfra.com\/blog\/wp-content\/uploads\/2023\/09\/iNFRA_5-e1761735885940.png\",\"width\":1672,\"height\":454,\"caption\":\"Ag\u00eancia iNFRA\"},\"image\":{\"@id\":\"https:\/\/agenciainfra.com\/blog\/#\/schema\/logo\/image\/\"},\"sameAs\":[\"https:\/\/www.facebook.com\/ageninfra\",\"https:\/\/x.com\/agencia_infra\",\"https:\/\/www.linkedin.com\/company\/ag\u00eanciainfra\/\",\"https:\/\/www.instagram.com\/agenciainfra\/\"]},{\"@type\":\"Person\",\"@id\":\"https:\/\/agenciainfra.com\/blog\/#\/schema\/person\/34af08dff6adea4cb22b06612ba7acfa\",\"name\":\"Ag\u00eancia iNFRA\",\"image\":{\"@type\":\"ImageObject\",\"inLanguage\":\"pt-BR\",\"@id\":\"https:\/\/agenciainfra.com\/blog\/#\/schema\/person\/image\/\",\"url\":\"https:\/\/secure.gravatar.com\/avatar\/d189e01678f06d8eb84d4e01f08eb848b3fffe3f8443818d3c356c66892f5be8?s=96&d=mm&r=g\",\"contentUrl\":\"https:\/\/secure.gravatar.com\/avatar\/d189e01678f06d8eb84d4e01f08eb848b3fffe3f8443818d3c356c66892f5be8?s=96&d=mm&r=g\",\"caption\":\"Ag\u00eancia iNFRA\"},\"url\":\"https:\/\/agenciainfra.com\/blog\/author\/admin\/\"}]}<\/script>\n<!-- \/ Yoast SEO Premium plugin. -->","yoast_head_json":{"title":"Justi\u00e7a suspende decis\u00e3o que levou ONS a cobrar R$ 466 mi da Norte Energia - Ag\u00eancia iNFRA","robots":{"index":"index","follow":"follow","max-snippet":"max-snippet:-1","max-image-preview":"max-image-preview:large","max-video-preview":"max-video-preview:-1"},"canonical":"https:\/\/agenciainfra.com\/blog\/justica-suspende-decisao-que-levou-ons-a-cobrar-r-466-mi-da-norte-energia\/","og_locale":"pt_BR","og_type":"article","og_title":"Justi\u00e7a suspende decis\u00e3o que levou ONS a cobrar R$ 466 mi da Norte Energia","og_description":"Marisa Wanzeller e Geraldo Campos Jr., da Ag\u00eancia iNFRA A Norte Energia, operadora da usina de Belo Monte, conseguiu suspender na Justi\u00e7a a execu\u00e7\u00e3o dos R$ 466 milh\u00f5es cobrados pelo ONS (Operador Nacional do Sistema El\u00e9trico). A\u00a0decis\u00e3o\u00a0foi proferida pelo desembargador federal Pablo Zuniga Dourado, do TRF-1 (Tribunal Regional Federal da 1\u00aa Regi\u00e3o), nesta quinta-feira (24). [&hellip;]","og_url":"https:\/\/agenciainfra.com\/blog\/justica-suspende-decisao-que-levou-ons-a-cobrar-r-466-mi-da-norte-energia\/","og_site_name":"Ag\u00eancia iNFRA","article_publisher":"https:\/\/www.facebook.com\/ageninfra","article_published_time":"2025-07-25T11:30:00+00:00","article_modified_time":"2025-07-25T22:32:43+00:00","og_image":[{"width":1202,"height":837,"url":"https:\/\/agenciainfra.com\/blog\/wp-content\/uploads\/2023\/11\/ons-foto-governo-federal.png","type":"image\/png"}],"author":"Ag\u00eancia iNFRA","twitter_card":"summary_large_image","twitter_creator":"@agencia_infra","twitter_site":"@agencia_infra","twitter_misc":{"Escrito por":"Ag\u00eancia iNFRA","Est. tempo de leitura":"1 minuto"},"schema":{"@context":"https:\/\/schema.org","@graph":[{"@type":"Article","@id":"https:\/\/agenciainfra.com\/blog\/justica-suspende-decisao-que-levou-ons-a-cobrar-r-466-mi-da-norte-energia\/#article","isPartOf":{"@id":"https:\/\/agenciainfra.com\/blog\/justica-suspende-decisao-que-levou-ons-a-cobrar-r-466-mi-da-norte-energia\/"},"author":{"name":"Ag\u00eancia iNFRA","@id":"https:\/\/agenciainfra.com\/blog\/#\/schema\/person\/34af08dff6adea4cb22b06612ba7acfa"},"headline":"Justi\u00e7a suspende decis\u00e3o que levou ONS a cobrar R$ 466 mi da Norte Energia","datePublished":"2025-07-25T11:30:00+00:00","dateModified":"2025-07-25T22:32:43+00:00","mainEntityOfPage":{"@id":"https:\/\/agenciainfra.com\/blog\/justica-suspende-decisao-que-levou-ons-a-cobrar-r-466-mi-da-norte-energia\/"},"wordCount":250,"publisher":{"@id":"https:\/\/agenciainfra.com\/blog\/#organization"},"image":{"@id":"https:\/\/agenciainfra.com\/blog\/justica-suspende-decisao-que-levou-ons-a-cobrar-r-466-mi-da-norte-energia\/#primaryimage"},"thumbnailUrl":"https:\/\/agenciainfra.com\/blog\/wp-content\/uploads\/2023\/11\/ons-foto-governo-federal.png","keywords":["Belo Monte","encargo de transmiss\u00e3o","energia el\u00e9trica","Geraldo Campos Jr.","Marisa Wanzeller","Norte Energia","ONS","pagamento \u00e0s transmissoras","transmiss\u00e3o de energia"],"articleSection":["Destaque lista","Geral","iNFRAEnergia"],"inLanguage":"pt-BR","copyrightYear":"2025","copyrightHolder":{"@id":"https:\/\/agenciainfra.com\/blog\/#organization"}},{"@type":"WebPage","@id":"https:\/\/agenciainfra.com\/blog\/justica-suspende-decisao-que-levou-ons-a-cobrar-r-466-mi-da-norte-energia\/","url":"https:\/\/agenciainfra.com\/blog\/justica-suspende-decisao-que-levou-ons-a-cobrar-r-466-mi-da-norte-energia\/","name":"Justi\u00e7a suspende decis\u00e3o que levou ONS a cobrar R$ 466 mi da Norte Energia - Ag\u00eancia iNFRA","isPartOf":{"@id":"https:\/\/agenciainfra.com\/blog\/#website"},"primaryImageOfPage":{"@id":"https:\/\/agenciainfra.com\/blog\/justica-suspende-decisao-que-levou-ons-a-cobrar-r-466-mi-da-norte-energia\/#primaryimage"},"image":{"@id":"https:\/\/agenciainfra.com\/blog\/justica-suspende-decisao-que-levou-ons-a-cobrar-r-466-mi-da-norte-energia\/#primaryimage"},"thumbnailUrl":"https:\/\/agenciainfra.com\/blog\/wp-content\/uploads\/2023\/11\/ons-foto-governo-federal.png","datePublished":"2025-07-25T11:30:00+00:00","dateModified":"2025-07-25T22:32:43+00:00","breadcrumb":{"@id":"https:\/\/agenciainfra.com\/blog\/justica-suspende-decisao-que-levou-ons-a-cobrar-r-466-mi-da-norte-energia\/#breadcrumb"},"inLanguage":"pt-BR","potentialAction":[{"@type":"ReadAction","target":["https:\/\/agenciainfra.com\/blog\/justica-suspende-decisao-que-levou-ons-a-cobrar-r-466-mi-da-norte-energia\/"]}]},{"@type":"ImageObject","inLanguage":"pt-BR","@id":"https:\/\/agenciainfra.com\/blog\/justica-suspende-decisao-que-levou-ons-a-cobrar-r-466-mi-da-norte-energia\/#primaryimage","url":"https:\/\/agenciainfra.com\/blog\/wp-content\/uploads\/2023\/11\/ons-foto-governo-federal.png","contentUrl":"https:\/\/agenciainfra.com\/blog\/wp-content\/uploads\/2023\/11\/ons-foto-governo-federal.png","width":1202,"height":837,"caption":"Foto: ONS\/Divulga\u00e7\u00e3o"},{"@type":"BreadcrumbList","@id":"https:\/\/agenciainfra.com\/blog\/justica-suspende-decisao-que-levou-ons-a-cobrar-r-466-mi-da-norte-energia\/#breadcrumb","itemListElement":[{"@type":"ListItem","position":1,"name":"In\u00edcio","item":"https:\/\/agenciainfra.com\/blog\/"},{"@type":"ListItem","position":2,"name":"Justi\u00e7a suspende decis\u00e3o que levou ONS a cobrar R$ 466 mi da Norte Energia"}]},{"@type":"WebSite","@id":"https:\/\/agenciainfra.com\/blog\/#website","url":"https:\/\/agenciainfra.com\/blog\/","name":"Ag\u00eancia iNFRA","description":"Multiplataforma de informa\u00e7\u00e3o jornal\u00edstica refer\u00eancia na \u00e1rea de infraestrutura no Brasil!","publisher":{"@id":"https:\/\/agenciainfra.com\/blog\/#organization"},"potentialAction":[{"@type":"SearchAction","target":{"@type":"EntryPoint","urlTemplate":"https:\/\/agenciainfra.com\/blog\/?s={search_term_string}"},"query-input":{"@type":"PropertyValueSpecification","valueRequired":true,"valueName":"search_term_string"}}],"inLanguage":"pt-BR"},{"@type":"Organization","@id":"https:\/\/agenciainfra.com\/blog\/#organization","name":"Ag\u00eancia iNFRA","url":"https:\/\/agenciainfra.com\/blog\/","logo":{"@type":"ImageObject","inLanguage":"pt-BR","@id":"https:\/\/agenciainfra.com\/blog\/#\/schema\/logo\/image\/","url":"https:\/\/agenciainfra.com\/blog\/wp-content\/uploads\/2023\/09\/iNFRA_5-e1761735885940.png","contentUrl":"https:\/\/agenciainfra.com\/blog\/wp-content\/uploads\/2023\/09\/iNFRA_5-e1761735885940.png","width":1672,"height":454,"caption":"Ag\u00eancia iNFRA"},"image":{"@id":"https:\/\/agenciainfra.com\/blog\/#\/schema\/logo\/image\/"},"sameAs":["https:\/\/www.facebook.com\/ageninfra","https:\/\/x.com\/agencia_infra","https:\/\/www.linkedin.com\/company\/ag\u00eanciainfra\/","https:\/\/www.instagram.com\/agenciainfra\/"]},{"@type":"Person","@id":"https:\/\/agenciainfra.com\/blog\/#\/schema\/person\/34af08dff6adea4cb22b06612ba7acfa","name":"Ag\u00eancia iNFRA","image":{"@type":"ImageObject","inLanguage":"pt-BR","@id":"https:\/\/agenciainfra.com\/blog\/#\/schema\/person\/image\/","url":"https:\/\/secure.gravatar.com\/avatar\/d189e01678f06d8eb84d4e01f08eb848b3fffe3f8443818d3c356c66892f5be8?s=96&d=mm&r=g","contentUrl":"https:\/\/secure.gravatar.com\/avatar\/d189e01678f06d8eb84d4e01f08eb848b3fffe3f8443818d3c356c66892f5be8?s=96&d=mm&r=g","caption":"Ag\u00eancia iNFRA"},"url":"https:\/\/agenciainfra.com\/blog\/author\/admin\/"}]}},"_links":{"self":[{"href":"https:\/\/agenciainfra.com\/blog\/wp-json\/wp\/v2\/posts\/25330","targetHints":{"allow":["GET"]}}],"collection":[{"href":"https:\/\/agenciainfra.com\/blog\/wp-json\/wp\/v2\/posts"}],"about":[{"href":"https:\/\/agenciainfra.com\/blog\/wp-json\/wp\/v2\/types\/post"}],"author":[{"embeddable":true,"href":"https:\/\/agenciainfra.com\/blog\/wp-json\/wp\/v2\/users\/1"}],"replies":[{"embeddable":true,"href":"https:\/\/agenciainfra.com\/blog\/wp-json\/wp\/v2\/comments?post=25330"}],"version-history":[{"count":1,"href":"https:\/\/agenciainfra.com\/blog\/wp-json\/wp\/v2\/posts\/25330\/revisions"}],"predecessor-version":[{"id":25331,"href":"https:\/\/agenciainfra.com\/blog\/wp-json\/wp\/v2\/posts\/25330\/revisions\/25331"}],"wp:featuredmedia":[{"embeddable":true,"href":"https:\/\/agenciainfra.com\/blog\/wp-json\/wp\/v2\/media\/14707"}],"wp:attachment":[{"href":"https:\/\/agenciainfra.com\/blog\/wp-json\/wp\/v2\/media?parent=25330"}],"wp:term":[{"taxonomy":"category","embeddable":true,"href":"https:\/\/agenciainfra.com\/blog\/wp-json\/wp\/v2\/categories?post=25330"},{"taxonomy":"post_tag","embeddable":true,"href":"https:\/\/agenciainfra.com\/blog\/wp-json\/wp\/v2\/tags?post=25330"}],"curies":[{"name":"wp","href":"https:\/\/api.w.org\/{rel}","templated":true}]}}