{"id":25334,"date":"2025-07-25T10:30:00","date_gmt":"2025-07-25T13:30:00","guid":{"rendered":"https:\/\/agenciainfra.com\/blog\/?p=25334"},"modified":"2025-07-29T08:54:08","modified_gmt":"2025-07-29T11:54:08","slug":"setor-eletrico-diverge-em-proposta-de-aversao-ao-risco-para-operacao-do-sistema","status":"publish","type":"post","link":"https:\/\/agenciainfra.com\/blog\/setor-eletrico-diverge-em-proposta-de-aversao-ao-risco-para-operacao-do-sistema\/","title":{"rendered":"Setor el\u00e9trico diverge em proposta de avers\u00e3o ao risco para opera\u00e7\u00e3o do sistema"},"content":{"rendered":"\n<p class=\"has-text-align-right\"><strong>Geraldo Campos Jr. e Marisa Wanzeller, da Ag\u00eancia iNFRA<\/strong><\/p>\n\n\n\n<p>Agentes do setor divergem na\u00a0proposta do ONS (Operador Nacional do Sistema El\u00e9trico) e da CCEE (C\u00e2mara de Comercializa\u00e7\u00e3o de Energia), colocada em consulta p\u00fablica, sobre a revis\u00e3o dos par\u00e2metros de avers\u00e3o ao risco para opera\u00e7\u00e3o do sistema em 2026. Enquanto comercializadores de energia avaliam que o modelo em debate provocar\u00e1 maior avers\u00e3o e, consequentemente, aumento dos custos no setor, o operador do sistema e a c\u00e2mara de comercializa\u00e7\u00e3o negam, com apoio de agentes de gera\u00e7\u00e3o.<br><br>A avers\u00e3o ao risco afeta diretamente a forma\u00e7\u00e3o de pre\u00e7os de energia, em especial o PLD (Pre\u00e7o de Liquida\u00e7\u00e3o das Diferen\u00e7as). Quanto maior o patamar de risco que o sistema opera, o pre\u00e7o tende a subir mais. Isso influencia como ser\u00e1 o acionamento das hidrel\u00e9tricas, o despacho de termel\u00e9tricas e at\u00e9 os cortes de gera\u00e7\u00e3o.<br><br>\u00c0\u00a0<strong>Ag\u00eancia iNFRA<\/strong>, o presidente da Abraceel (Associa\u00e7\u00e3o Brasileira de Comercializadores de Energia), Rodrigo Ferreira, disse que a entidade entende que a proposta feita resultar\u00e1 em aumento do patamar de avers\u00e3o ao risco na opera\u00e7\u00e3o por\u00a0alterar o elemento de curva de refer\u00eancia dos reservat\u00f3rios. Isso geraria custos adicionais para o sistema de at\u00e9 R$ 9,1 bilh\u00f5es, segundo a entidade.<br><br>Por outro lado, a diretora da Abrage (Associa\u00e7\u00e3o Brasileira de Empresas Geradoras de Energia El\u00e9trica), Camilla Fernandes, diz que a curva de refer\u00eancia \u00e9 apenas um dos par\u00e2metros utilizados para definir a avers\u00e3o ao risco. Assim, ela enfatiza que a proposta em debate \u2013 que tem o apoio da associa\u00e7\u00e3o \u2013 trata da manuten\u00e7\u00e3o do risco em vig\u00eancia, n\u00e3o de um aumento.\u00a0<br><br>A CCEE e o ONS tamb\u00e9m negam um aumento e dizem que a proposta submetida \u00e0 consulta p\u00fablica \u201cprop\u00f5e a manuten\u00e7\u00e3o dos par\u00e2metros aplicados desde janeiro deste ano, n\u00e3o um aumento da avers\u00e3o ao risco\u201d, conforme nota conjunta enviada \u00e0\u00a0<strong>Ag\u00eancia iNFRA<\/strong>. A vis\u00e3o \u00e9 a mesma do governo, segundo relataram fontes.<br><br>O CMSE (Comit\u00ea de Monitoramento do Setor El\u00e9trico) marcou reuni\u00e3o extraordin\u00e1ria para a pr\u00f3xima quarta-feira (30) para definir o tema, segundo fontes do governo. O prazo final para aprova\u00e7\u00e3o das regras do pr\u00f3ximo ano se encerra na quinta-feira (31).<br><br><strong>Par\u00e2metros\u00a0<\/strong><br>Rodrigo Ferreira disse que a entidade entende a avers\u00e3o ao risco relacionada a dois elementos t\u00e9cnicos: atendimento da chamada curva de refer\u00eancia (conhecida como CReF), e o c\u00e1lculo do risco efetivamente dito (chamado de CVaR),\u00a0par\u00e2metro que mede o quanto o sistema aceita correr riscos hidrol\u00f3gicos.\u00a0<br><br>Segundo ele, embora mantenha o CvAR, a proposta submetida \u00e0 consulta p\u00fablica aumenta a curva de refer\u00eancia, o que consiste em segurar mais \u00e1gua nos reservat\u00f3rios e aumentar o despacho t\u00e9rmico. \u201cSe mantiver um elemento e aumentar o outro, \u00e9 evidente que estaremos operando com maior avers\u00e3o ao risco e, consequentemente, com um custo de opera\u00e7\u00e3o maior&#8221;, disse.<br><br>Desta forma, segundo a Abraceel, a proposta da nota t\u00e9cnica causaria custos adicionais aos consumidores porque levaria a um aumento do despacho de t\u00e9rmicas e redu\u00e7\u00e3o do acionamento de hidrel\u00e9tricas, o que ainda teria como reflexo uma eleva\u00e7\u00e3o do curtailment e aumento do PLD.<br><br>\u201cN\u00e3o temos nenhum preconceito com gera\u00e7\u00e3o t\u00e9rmica. Sabemos da import\u00e2ncia dela e que o sistema n\u00e3o pode operar sem elas. O que estamos defendendo \u00e9 que a opera\u00e7\u00e3o do sistema tenha previsibilidade e que ele seja operado em 2026 com toda seguran\u00e7a que o Brasil precisa, respeitando os procedimentos de rede, mas pelo menor custo poss\u00edvel\u201d, afirmou.<br><br>De acordo com a associa\u00e7\u00e3o, o crit\u00e9rio de avers\u00e3o ao risco utilizado para calibrar o modelo em 2025 foi de 85% da curva de refer\u00eancia dos reservat\u00f3rios, o que resultou no n\u00edvel de risco de 15,40. Para 2026, a entidade defendia que fosse mantido o mesmo crit\u00e9rio de 85% da CRef, com risco menor, de 15,30. A proposta inicial do ONS e da CCEE prev\u00ea o risco em 15,40, o que altera para 90% a curva de refer\u00eancia, segundo a Abraceel.<br><br>\u201cO n\u00edvel de atendimento da CRef \u00e9 a medida de avers\u00e3o ao risco. Quanto maior o n\u00edvel de atendimento da CRef, maior o despacho termel\u00e9trico indicado pelos modelos para segurar \u00e1gua nos reservat\u00f3rios e, consequentemente, maior o custo de opera\u00e7\u00e3o, o curtailment e a redu\u00e7\u00e3o do GSF\u201d, disse Ferreira, que completou: \u201cO par do CVaR \u00e9 uma consequ\u00eancia do n\u00edvel de atendimento da CRef escolhido\u201d.\u00a0<br><br>O presidente da Abraceel defende que \u201cn\u00e3o se pode errar na calibra\u00e7\u00e3o porque o erro vai ensejar um custo demasiado para a opera\u00e7\u00e3o do sistema e que \u00e9 pago pelo consumidor\u201d. Ele defendeu previsibilidade e que a regra, se for alterada, tenha uma explica\u00e7\u00e3o concreta do motivo.<br><br><strong>Governo nega proposta de aumento<\/strong><br>Segundo avaliam fontes do governo, a proposta formulada al\u00e9m de manter o atual n\u00edvel de avers\u00e3o ao risco, n\u00e3o altera a curva de refer\u00eancia, que se refere ao despacho fora da ordem de m\u00e9rito das termel\u00e9tricas. \u201cIsso n\u00e3o tem nada a ver com avers\u00e3o ao risco\u201d, disse um interlocutor.<br><br>Ainda segundo interlocutores do governo, a \u00fanica altera\u00e7\u00e3o que foi proposta pelo ONS e CCEE na abertura da consulta p\u00fablica se refere \u00e0 atualiza\u00e7\u00e3o do volume m\u00ednimo de opera\u00e7\u00e3o dos reservat\u00f3rios da regi\u00e3o Norte, um dado dos processos de programa\u00e7\u00e3o da opera\u00e7\u00e3o e forma\u00e7\u00e3o de pre\u00e7o que impacta a avalia\u00e7\u00e3o de risco. A ideia com essa mudan\u00e7a, seria colocar no modelo o que j\u00e1 acontece na pr\u00e1tica todo ano, que \u00e9 segurar o n\u00edvel dos reservat\u00f3rios da regi\u00e3o Norte, em especial o de Tucuru\u00ed.<br><br>O ONS e a CCEE endossaram esse entendimento. Em nota conjunta, afirmaram que \u201cas institui\u00e7\u00f5es conclu\u00edram que a preserva\u00e7\u00e3o dos valores atuais representa uma melhor ader\u00eancia dos modelos computacionais de c\u00e1lculo dos pre\u00e7os \u00e0 realidade operativa do sistema e que \u201ca recomenda\u00e7\u00e3o est\u00e1 alinhada aos resultados de um estudo robusto realizado pelas organiza\u00e7\u00f5es&#8221;, disseram.\u00a0<\/p>\n\n\n\n<p><em>* A data da reuni\u00e3o extraordin\u00e1ria do CMSE (Comit\u00ea de Monitoramento do Setor El\u00e9trico) foi atualizada.<\/em><\/p>\n","protected":false},"excerpt":{"rendered":"<p>Geraldo Campos Jr. e Marisa Wanzeller, da Ag\u00eancia iNFRA Agentes do setor divergem na\u00a0proposta do ONS (Operador Nacional do Sistema El\u00e9trico) e da CCEE (C\u00e2mara de Comercializa\u00e7\u00e3o de Energia), colocada em consulta p\u00fablica, sobre a revis\u00e3o dos par\u00e2metros de avers\u00e3o ao risco para opera\u00e7\u00e3o do sistema em 2026. Enquanto comercializadores de energia avaliam que o [&hellip;]<\/p>\n","protected":false},"author":1,"featured_media":2916,"comment_status":"closed","ping_status":"closed","sticky":false,"template":"","format":"standard","meta":{"_monsterinsights_skip_tracking":false,"_monsterinsights_sitenote_active":false,"_monsterinsights_sitenote_note":"","_monsterinsights_sitenote_category":0,"footnotes":""},"categories":[7250,1,10],"tags":[12933,14577,14576,4474,25,11594,7366,14578,54],"class_list":["post-25334","post","type-post","status-publish","format-standard","has-post-thumbnail","hentry","category-destaque-lista","category-geral","category-infraenergia","tag-aversao-ao-risco","tag-camilla-fernandes-abrage","tag-comercializadoras-de-energia","tag-cvar","tag-energia","tag-geraldo-campos-jr","tag-marisa-wanzeller","tag-rodrigo-ferreira-abraceel","tag-setor-eletrico"],"yoast_head":"<!-- This site is optimized with the Yoast SEO Premium plugin v25.4 (Yoast SEO v26.0) - https:\/\/yoast.com\/wordpress\/plugins\/seo\/ -->\n<title>Setor el\u00e9trico diverge em proposta de avers\u00e3o ao risco para opera\u00e7\u00e3o do sistema - Ag\u00eancia iNFRA<\/title>\n<meta name=\"robots\" content=\"index, follow, max-snippet:-1, max-image-preview:large, max-video-preview:-1\" \/>\n<link rel=\"canonical\" href=\"https:\/\/agenciainfra.com\/blog\/setor-eletrico-diverge-em-proposta-de-aversao-ao-risco-para-operacao-do-sistema\/\" \/>\n<meta property=\"og:locale\" content=\"pt_BR\" \/>\n<meta property=\"og:type\" content=\"article\" \/>\n<meta property=\"og:title\" content=\"Setor el\u00e9trico diverge em proposta de avers\u00e3o ao risco para opera\u00e7\u00e3o do sistema\" \/>\n<meta property=\"og:description\" content=\"Geraldo Campos Jr. e Marisa Wanzeller, da Ag\u00eancia iNFRA Agentes do setor divergem na\u00a0proposta do ONS (Operador Nacional do Sistema El\u00e9trico) e da CCEE (C\u00e2mara de Comercializa\u00e7\u00e3o de Energia), colocada em consulta p\u00fablica, sobre a revis\u00e3o dos par\u00e2metros de avers\u00e3o ao risco para opera\u00e7\u00e3o do sistema em 2026. Enquanto comercializadores de energia avaliam que o [&hellip;]\" \/>\n<meta property=\"og:url\" content=\"https:\/\/agenciainfra.com\/blog\/setor-eletrico-diverge-em-proposta-de-aversao-ao-risco-para-operacao-do-sistema\/\" \/>\n<meta property=\"og:site_name\" content=\"Ag\u00eancia iNFRA\" \/>\n<meta property=\"article:publisher\" content=\"https:\/\/www.facebook.com\/ageninfra\" \/>\n<meta property=\"article:published_time\" content=\"2025-07-25T13:30:00+00:00\" \/>\n<meta property=\"article:modified_time\" content=\"2025-07-29T11:54:08+00:00\" \/>\n<meta property=\"og:image\" content=\"https:\/\/agenciainfra.com\/blog\/wp-content\/uploads\/2019\/02\/distribuidoras-de-energia-marcello-casal-jr-agencia-brasil.jpg\" \/>\n\t<meta property=\"og:image:width\" content=\"1140\" \/>\n\t<meta property=\"og:image:height\" content=\"760\" \/>\n\t<meta property=\"og:image:type\" content=\"image\/jpeg\" \/>\n<meta name=\"author\" content=\"Ag\u00eancia iNFRA\" \/>\n<meta name=\"twitter:card\" content=\"summary_large_image\" \/>\n<meta name=\"twitter:creator\" content=\"@agencia_infra\" \/>\n<meta name=\"twitter:site\" content=\"@agencia_infra\" \/>\n<meta name=\"twitter:label1\" content=\"Escrito por\" \/>\n\t<meta name=\"twitter:data1\" content=\"Ag\u00eancia iNFRA\" \/>\n\t<meta name=\"twitter:label2\" content=\"Est. tempo de leitura\" \/>\n\t<meta name=\"twitter:data2\" content=\"5 minutos\" \/>\n<script type=\"application\/ld+json\" class=\"yoast-schema-graph\">{\"@context\":\"https:\/\/schema.org\",\"@graph\":[{\"@type\":\"Article\",\"@id\":\"https:\/\/agenciainfra.com\/blog\/setor-eletrico-diverge-em-proposta-de-aversao-ao-risco-para-operacao-do-sistema\/#article\",\"isPartOf\":{\"@id\":\"https:\/\/agenciainfra.com\/blog\/setor-eletrico-diverge-em-proposta-de-aversao-ao-risco-para-operacao-do-sistema\/\"},\"author\":{\"name\":\"Ag\u00eancia iNFRA\",\"@id\":\"https:\/\/agenciainfra.com\/blog\/#\/schema\/person\/34af08dff6adea4cb22b06612ba7acfa\"},\"headline\":\"Setor el\u00e9trico diverge em proposta de avers\u00e3o ao risco para opera\u00e7\u00e3o do sistema\",\"datePublished\":\"2025-07-25T13:30:00+00:00\",\"dateModified\":\"2025-07-29T11:54:08+00:00\",\"mainEntityOfPage\":{\"@id\":\"https:\/\/agenciainfra.com\/blog\/setor-eletrico-diverge-em-proposta-de-aversao-ao-risco-para-operacao-do-sistema\/\"},\"wordCount\":1084,\"publisher\":{\"@id\":\"https:\/\/agenciainfra.com\/blog\/#organization\"},\"image\":{\"@id\":\"https:\/\/agenciainfra.com\/blog\/setor-eletrico-diverge-em-proposta-de-aversao-ao-risco-para-operacao-do-sistema\/#primaryimage\"},\"thumbnailUrl\":\"https:\/\/agenciainfra.com\/blog\/wp-content\/uploads\/2019\/02\/distribuidoras-de-energia-marcello-casal-jr-agencia-brasil.jpg\",\"keywords\":[\"avers\u00e3o ao risco\",\"Camilla Fernandes Abrage\",\"comercializadoras de energia\",\"CVaR\",\"energia\",\"Geraldo Campos Jr.\",\"Marisa Wanzeller\",\"Rodrigo Ferreira abraceel\",\"Setor El\u00e9trico\"],\"articleSection\":[\"Destaque lista\",\"Geral\",\"iNFRAEnergia\"],\"inLanguage\":\"pt-BR\",\"copyrightYear\":\"2025\",\"copyrightHolder\":{\"@id\":\"https:\/\/agenciainfra.com\/blog\/#organization\"}},{\"@type\":\"WebPage\",\"@id\":\"https:\/\/agenciainfra.com\/blog\/setor-eletrico-diverge-em-proposta-de-aversao-ao-risco-para-operacao-do-sistema\/\",\"url\":\"https:\/\/agenciainfra.com\/blog\/setor-eletrico-diverge-em-proposta-de-aversao-ao-risco-para-operacao-do-sistema\/\",\"name\":\"Setor el\u00e9trico diverge em proposta de avers\u00e3o ao risco para opera\u00e7\u00e3o do sistema - Ag\u00eancia iNFRA\",\"isPartOf\":{\"@id\":\"https:\/\/agenciainfra.com\/blog\/#website\"},\"primaryImageOfPage\":{\"@id\":\"https:\/\/agenciainfra.com\/blog\/setor-eletrico-diverge-em-proposta-de-aversao-ao-risco-para-operacao-do-sistema\/#primaryimage\"},\"image\":{\"@id\":\"https:\/\/agenciainfra.com\/blog\/setor-eletrico-diverge-em-proposta-de-aversao-ao-risco-para-operacao-do-sistema\/#primaryimage\"},\"thumbnailUrl\":\"https:\/\/agenciainfra.com\/blog\/wp-content\/uploads\/2019\/02\/distribuidoras-de-energia-marcello-casal-jr-agencia-brasil.jpg\",\"datePublished\":\"2025-07-25T13:30:00+00:00\",\"dateModified\":\"2025-07-29T11:54:08+00:00\",\"breadcrumb\":{\"@id\":\"https:\/\/agenciainfra.com\/blog\/setor-eletrico-diverge-em-proposta-de-aversao-ao-risco-para-operacao-do-sistema\/#breadcrumb\"},\"inLanguage\":\"pt-BR\",\"potentialAction\":[{\"@type\":\"ReadAction\",\"target\":[\"https:\/\/agenciainfra.com\/blog\/setor-eletrico-diverge-em-proposta-de-aversao-ao-risco-para-operacao-do-sistema\/\"]}]},{\"@type\":\"ImageObject\",\"inLanguage\":\"pt-BR\",\"@id\":\"https:\/\/agenciainfra.com\/blog\/setor-eletrico-diverge-em-proposta-de-aversao-ao-risco-para-operacao-do-sistema\/#primaryimage\",\"url\":\"https:\/\/agenciainfra.com\/blog\/wp-content\/uploads\/2019\/02\/distribuidoras-de-energia-marcello-casal-jr-agencia-brasil.jpg\",\"contentUrl\":\"https:\/\/agenciainfra.com\/blog\/wp-content\/uploads\/2019\/02\/distribuidoras-de-energia-marcello-casal-jr-agencia-brasil.jpg\",\"width\":1140,\"height\":760,\"caption\":\"Foto: Marcello Casal Jr.\/Ag\u00eancia Brasil\"},{\"@type\":\"BreadcrumbList\",\"@id\":\"https:\/\/agenciainfra.com\/blog\/setor-eletrico-diverge-em-proposta-de-aversao-ao-risco-para-operacao-do-sistema\/#breadcrumb\",\"itemListElement\":[{\"@type\":\"ListItem\",\"position\":1,\"name\":\"In\u00edcio\",\"item\":\"https:\/\/agenciainfra.com\/blog\/\"},{\"@type\":\"ListItem\",\"position\":2,\"name\":\"Setor el\u00e9trico diverge em proposta de avers\u00e3o ao risco para opera\u00e7\u00e3o do sistema\"}]},{\"@type\":\"WebSite\",\"@id\":\"https:\/\/agenciainfra.com\/blog\/#website\",\"url\":\"https:\/\/agenciainfra.com\/blog\/\",\"name\":\"Ag\u00eancia iNFRA\",\"description\":\"Multiplataforma de informa\u00e7\u00e3o jornal\u00edstica refer\u00eancia na \u00e1rea de infraestrutura no Brasil!\",\"publisher\":{\"@id\":\"https:\/\/agenciainfra.com\/blog\/#organization\"},\"potentialAction\":[{\"@type\":\"SearchAction\",\"target\":{\"@type\":\"EntryPoint\",\"urlTemplate\":\"https:\/\/agenciainfra.com\/blog\/?s={search_term_string}\"},\"query-input\":{\"@type\":\"PropertyValueSpecification\",\"valueRequired\":true,\"valueName\":\"search_term_string\"}}],\"inLanguage\":\"pt-BR\"},{\"@type\":\"Organization\",\"@id\":\"https:\/\/agenciainfra.com\/blog\/#organization\",\"name\":\"Ag\u00eancia iNFRA\",\"url\":\"https:\/\/agenciainfra.com\/blog\/\",\"logo\":{\"@type\":\"ImageObject\",\"inLanguage\":\"pt-BR\",\"@id\":\"https:\/\/agenciainfra.com\/blog\/#\/schema\/logo\/image\/\",\"url\":\"https:\/\/agenciainfra.com\/blog\/wp-content\/uploads\/2023\/09\/iNFRA_5-e1761735885940.png\",\"contentUrl\":\"https:\/\/agenciainfra.com\/blog\/wp-content\/uploads\/2023\/09\/iNFRA_5-e1761735885940.png\",\"width\":1672,\"height\":454,\"caption\":\"Ag\u00eancia iNFRA\"},\"image\":{\"@id\":\"https:\/\/agenciainfra.com\/blog\/#\/schema\/logo\/image\/\"},\"sameAs\":[\"https:\/\/www.facebook.com\/ageninfra\",\"https:\/\/x.com\/agencia_infra\",\"https:\/\/www.linkedin.com\/company\/ag\u00eanciainfra\/\",\"https:\/\/www.instagram.com\/agenciainfra\/\"]},{\"@type\":\"Person\",\"@id\":\"https:\/\/agenciainfra.com\/blog\/#\/schema\/person\/34af08dff6adea4cb22b06612ba7acfa\",\"name\":\"Ag\u00eancia iNFRA\",\"image\":{\"@type\":\"ImageObject\",\"inLanguage\":\"pt-BR\",\"@id\":\"https:\/\/agenciainfra.com\/blog\/#\/schema\/person\/image\/\",\"url\":\"https:\/\/secure.gravatar.com\/avatar\/d189e01678f06d8eb84d4e01f08eb848b3fffe3f8443818d3c356c66892f5be8?s=96&d=mm&r=g\",\"contentUrl\":\"https:\/\/secure.gravatar.com\/avatar\/d189e01678f06d8eb84d4e01f08eb848b3fffe3f8443818d3c356c66892f5be8?s=96&d=mm&r=g\",\"caption\":\"Ag\u00eancia iNFRA\"},\"url\":\"https:\/\/agenciainfra.com\/blog\/author\/admin\/\"}]}<\/script>\n<!-- \/ Yoast SEO Premium plugin. -->","yoast_head_json":{"title":"Setor el\u00e9trico diverge em proposta de avers\u00e3o ao risco para opera\u00e7\u00e3o do sistema - Ag\u00eancia iNFRA","robots":{"index":"index","follow":"follow","max-snippet":"max-snippet:-1","max-image-preview":"max-image-preview:large","max-video-preview":"max-video-preview:-1"},"canonical":"https:\/\/agenciainfra.com\/blog\/setor-eletrico-diverge-em-proposta-de-aversao-ao-risco-para-operacao-do-sistema\/","og_locale":"pt_BR","og_type":"article","og_title":"Setor el\u00e9trico diverge em proposta de avers\u00e3o ao risco para opera\u00e7\u00e3o do sistema","og_description":"Geraldo Campos Jr. e Marisa Wanzeller, da Ag\u00eancia iNFRA Agentes do setor divergem na\u00a0proposta do ONS (Operador Nacional do Sistema El\u00e9trico) e da CCEE (C\u00e2mara de Comercializa\u00e7\u00e3o de Energia), colocada em consulta p\u00fablica, sobre a revis\u00e3o dos par\u00e2metros de avers\u00e3o ao risco para opera\u00e7\u00e3o do sistema em 2026. Enquanto comercializadores de energia avaliam que o [&hellip;]","og_url":"https:\/\/agenciainfra.com\/blog\/setor-eletrico-diverge-em-proposta-de-aversao-ao-risco-para-operacao-do-sistema\/","og_site_name":"Ag\u00eancia iNFRA","article_publisher":"https:\/\/www.facebook.com\/ageninfra","article_published_time":"2025-07-25T13:30:00+00:00","article_modified_time":"2025-07-29T11:54:08+00:00","og_image":[{"width":1140,"height":760,"url":"https:\/\/agenciainfra.com\/blog\/wp-content\/uploads\/2019\/02\/distribuidoras-de-energia-marcello-casal-jr-agencia-brasil.jpg","type":"image\/jpeg"}],"author":"Ag\u00eancia iNFRA","twitter_card":"summary_large_image","twitter_creator":"@agencia_infra","twitter_site":"@agencia_infra","twitter_misc":{"Escrito por":"Ag\u00eancia iNFRA","Est. tempo de leitura":"5 minutos"},"schema":{"@context":"https:\/\/schema.org","@graph":[{"@type":"Article","@id":"https:\/\/agenciainfra.com\/blog\/setor-eletrico-diverge-em-proposta-de-aversao-ao-risco-para-operacao-do-sistema\/#article","isPartOf":{"@id":"https:\/\/agenciainfra.com\/blog\/setor-eletrico-diverge-em-proposta-de-aversao-ao-risco-para-operacao-do-sistema\/"},"author":{"name":"Ag\u00eancia iNFRA","@id":"https:\/\/agenciainfra.com\/blog\/#\/schema\/person\/34af08dff6adea4cb22b06612ba7acfa"},"headline":"Setor el\u00e9trico diverge em proposta de avers\u00e3o ao risco para opera\u00e7\u00e3o do sistema","datePublished":"2025-07-25T13:30:00+00:00","dateModified":"2025-07-29T11:54:08+00:00","mainEntityOfPage":{"@id":"https:\/\/agenciainfra.com\/blog\/setor-eletrico-diverge-em-proposta-de-aversao-ao-risco-para-operacao-do-sistema\/"},"wordCount":1084,"publisher":{"@id":"https:\/\/agenciainfra.com\/blog\/#organization"},"image":{"@id":"https:\/\/agenciainfra.com\/blog\/setor-eletrico-diverge-em-proposta-de-aversao-ao-risco-para-operacao-do-sistema\/#primaryimage"},"thumbnailUrl":"https:\/\/agenciainfra.com\/blog\/wp-content\/uploads\/2019\/02\/distribuidoras-de-energia-marcello-casal-jr-agencia-brasil.jpg","keywords":["avers\u00e3o ao risco","Camilla Fernandes Abrage","comercializadoras de energia","CVaR","energia","Geraldo Campos Jr.","Marisa Wanzeller","Rodrigo Ferreira abraceel","Setor El\u00e9trico"],"articleSection":["Destaque lista","Geral","iNFRAEnergia"],"inLanguage":"pt-BR","copyrightYear":"2025","copyrightHolder":{"@id":"https:\/\/agenciainfra.com\/blog\/#organization"}},{"@type":"WebPage","@id":"https:\/\/agenciainfra.com\/blog\/setor-eletrico-diverge-em-proposta-de-aversao-ao-risco-para-operacao-do-sistema\/","url":"https:\/\/agenciainfra.com\/blog\/setor-eletrico-diverge-em-proposta-de-aversao-ao-risco-para-operacao-do-sistema\/","name":"Setor el\u00e9trico diverge em proposta de avers\u00e3o ao risco para opera\u00e7\u00e3o do sistema - Ag\u00eancia iNFRA","isPartOf":{"@id":"https:\/\/agenciainfra.com\/blog\/#website"},"primaryImageOfPage":{"@id":"https:\/\/agenciainfra.com\/blog\/setor-eletrico-diverge-em-proposta-de-aversao-ao-risco-para-operacao-do-sistema\/#primaryimage"},"image":{"@id":"https:\/\/agenciainfra.com\/blog\/setor-eletrico-diverge-em-proposta-de-aversao-ao-risco-para-operacao-do-sistema\/#primaryimage"},"thumbnailUrl":"https:\/\/agenciainfra.com\/blog\/wp-content\/uploads\/2019\/02\/distribuidoras-de-energia-marcello-casal-jr-agencia-brasil.jpg","datePublished":"2025-07-25T13:30:00+00:00","dateModified":"2025-07-29T11:54:08+00:00","breadcrumb":{"@id":"https:\/\/agenciainfra.com\/blog\/setor-eletrico-diverge-em-proposta-de-aversao-ao-risco-para-operacao-do-sistema\/#breadcrumb"},"inLanguage":"pt-BR","potentialAction":[{"@type":"ReadAction","target":["https:\/\/agenciainfra.com\/blog\/setor-eletrico-diverge-em-proposta-de-aversao-ao-risco-para-operacao-do-sistema\/"]}]},{"@type":"ImageObject","inLanguage":"pt-BR","@id":"https:\/\/agenciainfra.com\/blog\/setor-eletrico-diverge-em-proposta-de-aversao-ao-risco-para-operacao-do-sistema\/#primaryimage","url":"https:\/\/agenciainfra.com\/blog\/wp-content\/uploads\/2019\/02\/distribuidoras-de-energia-marcello-casal-jr-agencia-brasil.jpg","contentUrl":"https:\/\/agenciainfra.com\/blog\/wp-content\/uploads\/2019\/02\/distribuidoras-de-energia-marcello-casal-jr-agencia-brasil.jpg","width":1140,"height":760,"caption":"Foto: Marcello Casal Jr.\/Ag\u00eancia Brasil"},{"@type":"BreadcrumbList","@id":"https:\/\/agenciainfra.com\/blog\/setor-eletrico-diverge-em-proposta-de-aversao-ao-risco-para-operacao-do-sistema\/#breadcrumb","itemListElement":[{"@type":"ListItem","position":1,"name":"In\u00edcio","item":"https:\/\/agenciainfra.com\/blog\/"},{"@type":"ListItem","position":2,"name":"Setor el\u00e9trico diverge em proposta de avers\u00e3o ao risco para opera\u00e7\u00e3o do sistema"}]},{"@type":"WebSite","@id":"https:\/\/agenciainfra.com\/blog\/#website","url":"https:\/\/agenciainfra.com\/blog\/","name":"Ag\u00eancia iNFRA","description":"Multiplataforma de informa\u00e7\u00e3o jornal\u00edstica refer\u00eancia na \u00e1rea de infraestrutura no Brasil!","publisher":{"@id":"https:\/\/agenciainfra.com\/blog\/#organization"},"potentialAction":[{"@type":"SearchAction","target":{"@type":"EntryPoint","urlTemplate":"https:\/\/agenciainfra.com\/blog\/?s={search_term_string}"},"query-input":{"@type":"PropertyValueSpecification","valueRequired":true,"valueName":"search_term_string"}}],"inLanguage":"pt-BR"},{"@type":"Organization","@id":"https:\/\/agenciainfra.com\/blog\/#organization","name":"Ag\u00eancia iNFRA","url":"https:\/\/agenciainfra.com\/blog\/","logo":{"@type":"ImageObject","inLanguage":"pt-BR","@id":"https:\/\/agenciainfra.com\/blog\/#\/schema\/logo\/image\/","url":"https:\/\/agenciainfra.com\/blog\/wp-content\/uploads\/2023\/09\/iNFRA_5-e1761735885940.png","contentUrl":"https:\/\/agenciainfra.com\/blog\/wp-content\/uploads\/2023\/09\/iNFRA_5-e1761735885940.png","width":1672,"height":454,"caption":"Ag\u00eancia iNFRA"},"image":{"@id":"https:\/\/agenciainfra.com\/blog\/#\/schema\/logo\/image\/"},"sameAs":["https:\/\/www.facebook.com\/ageninfra","https:\/\/x.com\/agencia_infra","https:\/\/www.linkedin.com\/company\/ag\u00eanciainfra\/","https:\/\/www.instagram.com\/agenciainfra\/"]},{"@type":"Person","@id":"https:\/\/agenciainfra.com\/blog\/#\/schema\/person\/34af08dff6adea4cb22b06612ba7acfa","name":"Ag\u00eancia iNFRA","image":{"@type":"ImageObject","inLanguage":"pt-BR","@id":"https:\/\/agenciainfra.com\/blog\/#\/schema\/person\/image\/","url":"https:\/\/secure.gravatar.com\/avatar\/d189e01678f06d8eb84d4e01f08eb848b3fffe3f8443818d3c356c66892f5be8?s=96&d=mm&r=g","contentUrl":"https:\/\/secure.gravatar.com\/avatar\/d189e01678f06d8eb84d4e01f08eb848b3fffe3f8443818d3c356c66892f5be8?s=96&d=mm&r=g","caption":"Ag\u00eancia iNFRA"},"url":"https:\/\/agenciainfra.com\/blog\/author\/admin\/"}]}},"_links":{"self":[{"href":"https:\/\/agenciainfra.com\/blog\/wp-json\/wp\/v2\/posts\/25334","targetHints":{"allow":["GET"]}}],"collection":[{"href":"https:\/\/agenciainfra.com\/blog\/wp-json\/wp\/v2\/posts"}],"about":[{"href":"https:\/\/agenciainfra.com\/blog\/wp-json\/wp\/v2\/types\/post"}],"author":[{"embeddable":true,"href":"https:\/\/agenciainfra.com\/blog\/wp-json\/wp\/v2\/users\/1"}],"replies":[{"embeddable":true,"href":"https:\/\/agenciainfra.com\/blog\/wp-json\/wp\/v2\/comments?post=25334"}],"version-history":[{"count":2,"href":"https:\/\/agenciainfra.com\/blog\/wp-json\/wp\/v2\/posts\/25334\/revisions"}],"predecessor-version":[{"id":25477,"href":"https:\/\/agenciainfra.com\/blog\/wp-json\/wp\/v2\/posts\/25334\/revisions\/25477"}],"wp:featuredmedia":[{"embeddable":true,"href":"https:\/\/agenciainfra.com\/blog\/wp-json\/wp\/v2\/media\/2916"}],"wp:attachment":[{"href":"https:\/\/agenciainfra.com\/blog\/wp-json\/wp\/v2\/media?parent=25334"}],"wp:term":[{"taxonomy":"category","embeddable":true,"href":"https:\/\/agenciainfra.com\/blog\/wp-json\/wp\/v2\/categories?post=25334"},{"taxonomy":"post_tag","embeddable":true,"href":"https:\/\/agenciainfra.com\/blog\/wp-json\/wp\/v2\/tags?post=25334"}],"curies":[{"name":"wp","href":"https:\/\/api.w.org\/{rel}","templated":true}]}}