{"id":25370,"date":"2025-07-25T16:04:18","date_gmt":"2025-07-25T19:04:18","guid":{"rendered":"https:\/\/agenciainfra.com\/blog\/?p=25370"},"modified":"2025-07-28T14:56:06","modified_gmt":"2025-07-28T17:56:06","slug":"silveira-confirma-leilao-de-areas-nao-contratadas-do-pre-sal-em-novembro","status":"publish","type":"post","link":"https:\/\/agenciainfra.com\/blog\/silveira-confirma-leilao-de-areas-nao-contratadas-do-pre-sal-em-novembro\/","title":{"rendered":"Silveira confirma leil\u00e3o de \u00e1reas n\u00e3o contratadas do pr\u00e9-sal em novembro"},"content":{"rendered":"\n<p class=\"has-text-align-right\"><strong>Gabriel Vasconcelos, da Ag\u00eancia iNFRA<\/strong><\/p>\n\n\n\n<p>O ministro de Minas e Energia, Alexandre Silveira, confirmou que o leil\u00e3o extraordin\u00e1rio de \u00e1reas n\u00e3o contratadas do pr\u00e9-sal vai acontecer em novembro deste ano. Ele deu a informa\u00e7\u00e3o em entrevista \u00e0 CNN Brasil.<\/p>\n\n\n\n<p>&#8220;\u00c9 receita adicional, ser\u00e1 em novembro. Trabalhamos para isso&#8221;, disse Silveira. Trata-se da antecipa\u00e7\u00e3o da venda das partes de jazidas individualizadas que pertencem \u00e0 Uni\u00e3o por n\u00e3o terem sido concedidas, conforme inclu\u00eddo na MP do Fundo Social.<\/p>\n\n\n\n<p>Esse leil\u00e3o de \u00f3leo da Uni\u00e3o j\u00e1 em produ\u00e7\u00e3o, com arrecada\u00e7\u00e3o estimada em R$ 14,78 bilh\u00f5es, acontecer\u00e1, portanto, ap\u00f3s o leil\u00e3o da oferta permanente de partilha, oficialmente marcado para 22 de outubro. O certame de partilha envolve 13 blocos explorat\u00f3rios &#8211; portanto com menor valor l\u00edquido &#8211; do pol\u00edgono do pr\u00e9-sal.<\/p>\n\n\n\n<p>O leil\u00e3o das \u00e1reas n\u00e3o contratadas ao qual se referiu Silveira, dizem fontes, estaria previsto para 26 de novembro, com edital divulgado em outubro. Sobre 2026, Silveira indicou que o MME (Minist\u00e9rio de Minas e Energia) vai focar nos leil\u00f5es regulares da oferta permanente.<\/p>\n","protected":false},"excerpt":{"rendered":"<p>Gabriel Vasconcelos, da Ag\u00eancia iNFRA O ministro de Minas e Energia, Alexandre Silveira, confirmou que o leil\u00e3o extraordin\u00e1rio de \u00e1reas n\u00e3o contratadas do pr\u00e9-sal vai acontecer em novembro deste ano. Ele deu a informa\u00e7\u00e3o em entrevista \u00e0 CNN Brasil. &#8220;\u00c9 receita adicional, ser\u00e1 em novembro. Trabalhamos para isso&#8221;, disse Silveira. Trata-se da antecipa\u00e7\u00e3o da venda [&hellip;]<\/p>\n","protected":false},"author":1,"featured_media":18252,"comment_status":"closed","ping_status":"closed","sticky":false,"template":"","format":"standard","meta":{"_monsterinsights_skip_tracking":false,"_monsterinsights_sitenote_active":false,"_monsterinsights_sitenote_note":"","_monsterinsights_sitenote_category":0,"footnotes":""},"categories":[7250,1,13271],"tags":[6040,14587,13251,14052,13566,344],"class_list":["post-25370","post","type-post","status-publish","format-standard","has-post-thumbnail","hentry","category-destaque-lista","category-geral","category-oleo-gas","tag-alexandre-silveira","tag-areas-nao-contratadas","tag-gabriel-vasconcelos","tag-mme-ministerio-de-minas-e-energia","tag-oferta-permanente-de-partilha","tag-pre-sal"],"yoast_head":"<!-- This site is optimized with the Yoast SEO Premium plugin v25.4 (Yoast SEO v26.0) - https:\/\/yoast.com\/wordpress\/plugins\/seo\/ -->\n<title>Silveira confirma leil\u00e3o de \u00e1reas n\u00e3o contratadas do pr\u00e9-sal em novembro - Ag\u00eancia iNFRA<\/title>\n<meta name=\"robots\" content=\"index, follow, max-snippet:-1, max-image-preview:large, max-video-preview:-1\" \/>\n<link rel=\"canonical\" href=\"https:\/\/agenciainfra.com\/blog\/silveira-confirma-leilao-de-areas-nao-contratadas-do-pre-sal-em-novembro\/\" \/>\n<meta property=\"og:locale\" content=\"pt_BR\" \/>\n<meta property=\"og:type\" content=\"article\" \/>\n<meta property=\"og:title\" content=\"Silveira confirma leil\u00e3o de \u00e1reas n\u00e3o contratadas do pr\u00e9-sal em novembro\" \/>\n<meta property=\"og:description\" content=\"Gabriel Vasconcelos, da Ag\u00eancia iNFRA O ministro de Minas e Energia, Alexandre Silveira, confirmou que o leil\u00e3o extraordin\u00e1rio de \u00e1reas n\u00e3o contratadas do pr\u00e9-sal vai acontecer em novembro deste ano. Ele deu a informa\u00e7\u00e3o em entrevista \u00e0 CNN Brasil. &#8220;\u00c9 receita adicional, ser\u00e1 em novembro. Trabalhamos para isso&#8221;, disse Silveira. Trata-se da antecipa\u00e7\u00e3o da venda [&hellip;]\" \/>\n<meta property=\"og:url\" content=\"https:\/\/agenciainfra.com\/blog\/silveira-confirma-leilao-de-areas-nao-contratadas-do-pre-sal-em-novembro\/\" \/>\n<meta property=\"og:site_name\" content=\"Ag\u00eancia iNFRA\" \/>\n<meta property=\"article:publisher\" content=\"https:\/\/www.facebook.com\/ageninfra\" \/>\n<meta property=\"article:published_time\" content=\"2025-07-25T19:04:18+00:00\" \/>\n<meta property=\"article:modified_time\" content=\"2025-07-28T17:56:06+00:00\" \/>\n<meta property=\"og:image\" content=\"https:\/\/agenciainfra.com\/blog\/wp-content\/uploads\/2024\/08\/alexandre-silveira-foto-agencia-brasil-fabio-rodrigues-pozzebom.jpg\" \/>\n\t<meta property=\"og:image:width\" content=\"1202\" \/>\n\t<meta property=\"og:image:height\" content=\"801\" \/>\n\t<meta property=\"og:image:type\" content=\"image\/jpeg\" \/>\n<meta name=\"author\" content=\"Ag\u00eancia iNFRA\" \/>\n<meta name=\"twitter:card\" content=\"summary_large_image\" \/>\n<meta name=\"twitter:creator\" content=\"@agencia_infra\" \/>\n<meta name=\"twitter:site\" content=\"@agencia_infra\" \/>\n<meta name=\"twitter:label1\" content=\"Escrito por\" \/>\n\t<meta name=\"twitter:data1\" content=\"Ag\u00eancia iNFRA\" \/>\n\t<meta name=\"twitter:label2\" content=\"Est. tempo de leitura\" \/>\n\t<meta name=\"twitter:data2\" content=\"1 minuto\" \/>\n<script type=\"application\/ld+json\" class=\"yoast-schema-graph\">{\"@context\":\"https:\/\/schema.org\",\"@graph\":[{\"@type\":\"Article\",\"@id\":\"https:\/\/agenciainfra.com\/blog\/silveira-confirma-leilao-de-areas-nao-contratadas-do-pre-sal-em-novembro\/#article\",\"isPartOf\":{\"@id\":\"https:\/\/agenciainfra.com\/blog\/silveira-confirma-leilao-de-areas-nao-contratadas-do-pre-sal-em-novembro\/\"},\"author\":{\"name\":\"Ag\u00eancia iNFRA\",\"@id\":\"https:\/\/agenciainfra.com\/blog\/#\/schema\/person\/34af08dff6adea4cb22b06612ba7acfa\"},\"headline\":\"Silveira confirma leil\u00e3o de \u00e1reas n\u00e3o contratadas do pr\u00e9-sal em novembro\",\"datePublished\":\"2025-07-25T19:04:18+00:00\",\"dateModified\":\"2025-07-28T17:56:06+00:00\",\"mainEntityOfPage\":{\"@id\":\"https:\/\/agenciainfra.com\/blog\/silveira-confirma-leilao-de-areas-nao-contratadas-do-pre-sal-em-novembro\/\"},\"wordCount\":202,\"publisher\":{\"@id\":\"https:\/\/agenciainfra.com\/blog\/#organization\"},\"image\":{\"@id\":\"https:\/\/agenciainfra.com\/blog\/silveira-confirma-leilao-de-areas-nao-contratadas-do-pre-sal-em-novembro\/#primaryimage\"},\"thumbnailUrl\":\"https:\/\/agenciainfra.com\/blog\/wp-content\/uploads\/2024\/08\/alexandre-silveira-foto-agencia-brasil-fabio-rodrigues-pozzebom.jpg\",\"keywords\":[\"Alexandre Silveira\",\"\u00e1reas n\u00e3o contratadas\",\"Gabriel Vasconcelos\",\"MME (Minist\u00e9rio de Minas e Energia)\",\"oferta permanente de partilha\",\"pr\u00e9-sal\"],\"articleSection\":[\"Destaque lista\",\"Geral\",\"\u00d3leo &amp; G\u00e1s\"],\"inLanguage\":\"pt-BR\",\"copyrightYear\":\"2025\",\"copyrightHolder\":{\"@id\":\"https:\/\/agenciainfra.com\/blog\/#organization\"}},{\"@type\":\"WebPage\",\"@id\":\"https:\/\/agenciainfra.com\/blog\/silveira-confirma-leilao-de-areas-nao-contratadas-do-pre-sal-em-novembro\/\",\"url\":\"https:\/\/agenciainfra.com\/blog\/silveira-confirma-leilao-de-areas-nao-contratadas-do-pre-sal-em-novembro\/\",\"name\":\"Silveira confirma leil\u00e3o de \u00e1reas n\u00e3o contratadas do pr\u00e9-sal em novembro - Ag\u00eancia iNFRA\",\"isPartOf\":{\"@id\":\"https:\/\/agenciainfra.com\/blog\/#website\"},\"primaryImageOfPage\":{\"@id\":\"https:\/\/agenciainfra.com\/blog\/silveira-confirma-leilao-de-areas-nao-contratadas-do-pre-sal-em-novembro\/#primaryimage\"},\"image\":{\"@id\":\"https:\/\/agenciainfra.com\/blog\/silveira-confirma-leilao-de-areas-nao-contratadas-do-pre-sal-em-novembro\/#primaryimage\"},\"thumbnailUrl\":\"https:\/\/agenciainfra.com\/blog\/wp-content\/uploads\/2024\/08\/alexandre-silveira-foto-agencia-brasil-fabio-rodrigues-pozzebom.jpg\",\"datePublished\":\"2025-07-25T19:04:18+00:00\",\"dateModified\":\"2025-07-28T17:56:06+00:00\",\"breadcrumb\":{\"@id\":\"https:\/\/agenciainfra.com\/blog\/silveira-confirma-leilao-de-areas-nao-contratadas-do-pre-sal-em-novembro\/#breadcrumb\"},\"inLanguage\":\"pt-BR\",\"potentialAction\":[{\"@type\":\"ReadAction\",\"target\":[\"https:\/\/agenciainfra.com\/blog\/silveira-confirma-leilao-de-areas-nao-contratadas-do-pre-sal-em-novembro\/\"]}]},{\"@type\":\"ImageObject\",\"inLanguage\":\"pt-BR\",\"@id\":\"https:\/\/agenciainfra.com\/blog\/silveira-confirma-leilao-de-areas-nao-contratadas-do-pre-sal-em-novembro\/#primaryimage\",\"url\":\"https:\/\/agenciainfra.com\/blog\/wp-content\/uploads\/2024\/08\/alexandre-silveira-foto-agencia-brasil-fabio-rodrigues-pozzebom.jpg\",\"contentUrl\":\"https:\/\/agenciainfra.com\/blog\/wp-content\/uploads\/2024\/08\/alexandre-silveira-foto-agencia-brasil-fabio-rodrigues-pozzebom.jpg\",\"width\":1202,\"height\":801,\"caption\":\"Foto: Fabio Rodrigues\/Ag\u00eancia Brasil\"},{\"@type\":\"BreadcrumbList\",\"@id\":\"https:\/\/agenciainfra.com\/blog\/silveira-confirma-leilao-de-areas-nao-contratadas-do-pre-sal-em-novembro\/#breadcrumb\",\"itemListElement\":[{\"@type\":\"ListItem\",\"position\":1,\"name\":\"In\u00edcio\",\"item\":\"https:\/\/agenciainfra.com\/blog\/\"},{\"@type\":\"ListItem\",\"position\":2,\"name\":\"Silveira confirma leil\u00e3o de \u00e1reas n\u00e3o contratadas do pr\u00e9-sal em novembro\"}]},{\"@type\":\"WebSite\",\"@id\":\"https:\/\/agenciainfra.com\/blog\/#website\",\"url\":\"https:\/\/agenciainfra.com\/blog\/\",\"name\":\"Ag\u00eancia iNFRA\",\"description\":\"Multiplataforma de informa\u00e7\u00e3o jornal\u00edstica refer\u00eancia na \u00e1rea de infraestrutura no Brasil!\",\"publisher\":{\"@id\":\"https:\/\/agenciainfra.com\/blog\/#organization\"},\"potentialAction\":[{\"@type\":\"SearchAction\",\"target\":{\"@type\":\"EntryPoint\",\"urlTemplate\":\"https:\/\/agenciainfra.com\/blog\/?s={search_term_string}\"},\"query-input\":{\"@type\":\"PropertyValueSpecification\",\"valueRequired\":true,\"valueName\":\"search_term_string\"}}],\"inLanguage\":\"pt-BR\"},{\"@type\":\"Organization\",\"@id\":\"https:\/\/agenciainfra.com\/blog\/#organization\",\"name\":\"Ag\u00eancia iNFRA\",\"url\":\"https:\/\/agenciainfra.com\/blog\/\",\"logo\":{\"@type\":\"ImageObject\",\"inLanguage\":\"pt-BR\",\"@id\":\"https:\/\/agenciainfra.com\/blog\/#\/schema\/logo\/image\/\",\"url\":\"https:\/\/agenciainfra.com\/blog\/wp-content\/uploads\/2023\/09\/iNFRA_5-e1761735885940.png\",\"contentUrl\":\"https:\/\/agenciainfra.com\/blog\/wp-content\/uploads\/2023\/09\/iNFRA_5-e1761735885940.png\",\"width\":1672,\"height\":454,\"caption\":\"Ag\u00eancia iNFRA\"},\"image\":{\"@id\":\"https:\/\/agenciainfra.com\/blog\/#\/schema\/logo\/image\/\"},\"sameAs\":[\"https:\/\/www.facebook.com\/ageninfra\",\"https:\/\/x.com\/agencia_infra\",\"https:\/\/www.linkedin.com\/company\/ag\u00eanciainfra\/\",\"https:\/\/www.instagram.com\/agenciainfra\/\"]},{\"@type\":\"Person\",\"@id\":\"https:\/\/agenciainfra.com\/blog\/#\/schema\/person\/34af08dff6adea4cb22b06612ba7acfa\",\"name\":\"Ag\u00eancia iNFRA\",\"image\":{\"@type\":\"ImageObject\",\"inLanguage\":\"pt-BR\",\"@id\":\"https:\/\/agenciainfra.com\/blog\/#\/schema\/person\/image\/\",\"url\":\"https:\/\/secure.gravatar.com\/avatar\/d189e01678f06d8eb84d4e01f08eb848b3fffe3f8443818d3c356c66892f5be8?s=96&d=mm&r=g\",\"contentUrl\":\"https:\/\/secure.gravatar.com\/avatar\/d189e01678f06d8eb84d4e01f08eb848b3fffe3f8443818d3c356c66892f5be8?s=96&d=mm&r=g\",\"caption\":\"Ag\u00eancia iNFRA\"},\"url\":\"https:\/\/agenciainfra.com\/blog\/author\/admin\/\"}]}<\/script>\n<!-- \/ Yoast SEO Premium plugin. -->","yoast_head_json":{"title":"Silveira confirma leil\u00e3o de \u00e1reas n\u00e3o contratadas do pr\u00e9-sal em novembro - Ag\u00eancia iNFRA","robots":{"index":"index","follow":"follow","max-snippet":"max-snippet:-1","max-image-preview":"max-image-preview:large","max-video-preview":"max-video-preview:-1"},"canonical":"https:\/\/agenciainfra.com\/blog\/silveira-confirma-leilao-de-areas-nao-contratadas-do-pre-sal-em-novembro\/","og_locale":"pt_BR","og_type":"article","og_title":"Silveira confirma leil\u00e3o de \u00e1reas n\u00e3o contratadas do pr\u00e9-sal em novembro","og_description":"Gabriel Vasconcelos, da Ag\u00eancia iNFRA O ministro de Minas e Energia, Alexandre Silveira, confirmou que o leil\u00e3o extraordin\u00e1rio de \u00e1reas n\u00e3o contratadas do pr\u00e9-sal vai acontecer em novembro deste ano. Ele deu a informa\u00e7\u00e3o em entrevista \u00e0 CNN Brasil. &#8220;\u00c9 receita adicional, ser\u00e1 em novembro. Trabalhamos para isso&#8221;, disse Silveira. Trata-se da antecipa\u00e7\u00e3o da venda [&hellip;]","og_url":"https:\/\/agenciainfra.com\/blog\/silveira-confirma-leilao-de-areas-nao-contratadas-do-pre-sal-em-novembro\/","og_site_name":"Ag\u00eancia iNFRA","article_publisher":"https:\/\/www.facebook.com\/ageninfra","article_published_time":"2025-07-25T19:04:18+00:00","article_modified_time":"2025-07-28T17:56:06+00:00","og_image":[{"width":1202,"height":801,"url":"https:\/\/agenciainfra.com\/blog\/wp-content\/uploads\/2024\/08\/alexandre-silveira-foto-agencia-brasil-fabio-rodrigues-pozzebom.jpg","type":"image\/jpeg"}],"author":"Ag\u00eancia iNFRA","twitter_card":"summary_large_image","twitter_creator":"@agencia_infra","twitter_site":"@agencia_infra","twitter_misc":{"Escrito por":"Ag\u00eancia iNFRA","Est. tempo de leitura":"1 minuto"},"schema":{"@context":"https:\/\/schema.org","@graph":[{"@type":"Article","@id":"https:\/\/agenciainfra.com\/blog\/silveira-confirma-leilao-de-areas-nao-contratadas-do-pre-sal-em-novembro\/#article","isPartOf":{"@id":"https:\/\/agenciainfra.com\/blog\/silveira-confirma-leilao-de-areas-nao-contratadas-do-pre-sal-em-novembro\/"},"author":{"name":"Ag\u00eancia iNFRA","@id":"https:\/\/agenciainfra.com\/blog\/#\/schema\/person\/34af08dff6adea4cb22b06612ba7acfa"},"headline":"Silveira confirma leil\u00e3o de \u00e1reas n\u00e3o contratadas do pr\u00e9-sal em novembro","datePublished":"2025-07-25T19:04:18+00:00","dateModified":"2025-07-28T17:56:06+00:00","mainEntityOfPage":{"@id":"https:\/\/agenciainfra.com\/blog\/silveira-confirma-leilao-de-areas-nao-contratadas-do-pre-sal-em-novembro\/"},"wordCount":202,"publisher":{"@id":"https:\/\/agenciainfra.com\/blog\/#organization"},"image":{"@id":"https:\/\/agenciainfra.com\/blog\/silveira-confirma-leilao-de-areas-nao-contratadas-do-pre-sal-em-novembro\/#primaryimage"},"thumbnailUrl":"https:\/\/agenciainfra.com\/blog\/wp-content\/uploads\/2024\/08\/alexandre-silveira-foto-agencia-brasil-fabio-rodrigues-pozzebom.jpg","keywords":["Alexandre Silveira","\u00e1reas n\u00e3o contratadas","Gabriel Vasconcelos","MME (Minist\u00e9rio de Minas e Energia)","oferta permanente de partilha","pr\u00e9-sal"],"articleSection":["Destaque lista","Geral","\u00d3leo &amp; G\u00e1s"],"inLanguage":"pt-BR","copyrightYear":"2025","copyrightHolder":{"@id":"https:\/\/agenciainfra.com\/blog\/#organization"}},{"@type":"WebPage","@id":"https:\/\/agenciainfra.com\/blog\/silveira-confirma-leilao-de-areas-nao-contratadas-do-pre-sal-em-novembro\/","url":"https:\/\/agenciainfra.com\/blog\/silveira-confirma-leilao-de-areas-nao-contratadas-do-pre-sal-em-novembro\/","name":"Silveira confirma leil\u00e3o de \u00e1reas n\u00e3o contratadas do pr\u00e9-sal em novembro - Ag\u00eancia iNFRA","isPartOf":{"@id":"https:\/\/agenciainfra.com\/blog\/#website"},"primaryImageOfPage":{"@id":"https:\/\/agenciainfra.com\/blog\/silveira-confirma-leilao-de-areas-nao-contratadas-do-pre-sal-em-novembro\/#primaryimage"},"image":{"@id":"https:\/\/agenciainfra.com\/blog\/silveira-confirma-leilao-de-areas-nao-contratadas-do-pre-sal-em-novembro\/#primaryimage"},"thumbnailUrl":"https:\/\/agenciainfra.com\/blog\/wp-content\/uploads\/2024\/08\/alexandre-silveira-foto-agencia-brasil-fabio-rodrigues-pozzebom.jpg","datePublished":"2025-07-25T19:04:18+00:00","dateModified":"2025-07-28T17:56:06+00:00","breadcrumb":{"@id":"https:\/\/agenciainfra.com\/blog\/silveira-confirma-leilao-de-areas-nao-contratadas-do-pre-sal-em-novembro\/#breadcrumb"},"inLanguage":"pt-BR","potentialAction":[{"@type":"ReadAction","target":["https:\/\/agenciainfra.com\/blog\/silveira-confirma-leilao-de-areas-nao-contratadas-do-pre-sal-em-novembro\/"]}]},{"@type":"ImageObject","inLanguage":"pt-BR","@id":"https:\/\/agenciainfra.com\/blog\/silveira-confirma-leilao-de-areas-nao-contratadas-do-pre-sal-em-novembro\/#primaryimage","url":"https:\/\/agenciainfra.com\/blog\/wp-content\/uploads\/2024\/08\/alexandre-silveira-foto-agencia-brasil-fabio-rodrigues-pozzebom.jpg","contentUrl":"https:\/\/agenciainfra.com\/blog\/wp-content\/uploads\/2024\/08\/alexandre-silveira-foto-agencia-brasil-fabio-rodrigues-pozzebom.jpg","width":1202,"height":801,"caption":"Foto: Fabio Rodrigues\/Ag\u00eancia Brasil"},{"@type":"BreadcrumbList","@id":"https:\/\/agenciainfra.com\/blog\/silveira-confirma-leilao-de-areas-nao-contratadas-do-pre-sal-em-novembro\/#breadcrumb","itemListElement":[{"@type":"ListItem","position":1,"name":"In\u00edcio","item":"https:\/\/agenciainfra.com\/blog\/"},{"@type":"ListItem","position":2,"name":"Silveira confirma leil\u00e3o de \u00e1reas n\u00e3o contratadas do pr\u00e9-sal em novembro"}]},{"@type":"WebSite","@id":"https:\/\/agenciainfra.com\/blog\/#website","url":"https:\/\/agenciainfra.com\/blog\/","name":"Ag\u00eancia iNFRA","description":"Multiplataforma de informa\u00e7\u00e3o jornal\u00edstica refer\u00eancia na \u00e1rea de infraestrutura no Brasil!","publisher":{"@id":"https:\/\/agenciainfra.com\/blog\/#organization"},"potentialAction":[{"@type":"SearchAction","target":{"@type":"EntryPoint","urlTemplate":"https:\/\/agenciainfra.com\/blog\/?s={search_term_string}"},"query-input":{"@type":"PropertyValueSpecification","valueRequired":true,"valueName":"search_term_string"}}],"inLanguage":"pt-BR"},{"@type":"Organization","@id":"https:\/\/agenciainfra.com\/blog\/#organization","name":"Ag\u00eancia iNFRA","url":"https:\/\/agenciainfra.com\/blog\/","logo":{"@type":"ImageObject","inLanguage":"pt-BR","@id":"https:\/\/agenciainfra.com\/blog\/#\/schema\/logo\/image\/","url":"https:\/\/agenciainfra.com\/blog\/wp-content\/uploads\/2023\/09\/iNFRA_5-e1761735885940.png","contentUrl":"https:\/\/agenciainfra.com\/blog\/wp-content\/uploads\/2023\/09\/iNFRA_5-e1761735885940.png","width":1672,"height":454,"caption":"Ag\u00eancia iNFRA"},"image":{"@id":"https:\/\/agenciainfra.com\/blog\/#\/schema\/logo\/image\/"},"sameAs":["https:\/\/www.facebook.com\/ageninfra","https:\/\/x.com\/agencia_infra","https:\/\/www.linkedin.com\/company\/ag\u00eanciainfra\/","https:\/\/www.instagram.com\/agenciainfra\/"]},{"@type":"Person","@id":"https:\/\/agenciainfra.com\/blog\/#\/schema\/person\/34af08dff6adea4cb22b06612ba7acfa","name":"Ag\u00eancia iNFRA","image":{"@type":"ImageObject","inLanguage":"pt-BR","@id":"https:\/\/agenciainfra.com\/blog\/#\/schema\/person\/image\/","url":"https:\/\/secure.gravatar.com\/avatar\/d189e01678f06d8eb84d4e01f08eb848b3fffe3f8443818d3c356c66892f5be8?s=96&d=mm&r=g","contentUrl":"https:\/\/secure.gravatar.com\/avatar\/d189e01678f06d8eb84d4e01f08eb848b3fffe3f8443818d3c356c66892f5be8?s=96&d=mm&r=g","caption":"Ag\u00eancia iNFRA"},"url":"https:\/\/agenciainfra.com\/blog\/author\/admin\/"}]}},"_links":{"self":[{"href":"https:\/\/agenciainfra.com\/blog\/wp-json\/wp\/v2\/posts\/25370","targetHints":{"allow":["GET"]}}],"collection":[{"href":"https:\/\/agenciainfra.com\/blog\/wp-json\/wp\/v2\/posts"}],"about":[{"href":"https:\/\/agenciainfra.com\/blog\/wp-json\/wp\/v2\/types\/post"}],"author":[{"embeddable":true,"href":"https:\/\/agenciainfra.com\/blog\/wp-json\/wp\/v2\/users\/1"}],"replies":[{"embeddable":true,"href":"https:\/\/agenciainfra.com\/blog\/wp-json\/wp\/v2\/comments?post=25370"}],"version-history":[{"count":1,"href":"https:\/\/agenciainfra.com\/blog\/wp-json\/wp\/v2\/posts\/25370\/revisions"}],"predecessor-version":[{"id":25371,"href":"https:\/\/agenciainfra.com\/blog\/wp-json\/wp\/v2\/posts\/25370\/revisions\/25371"}],"wp:featuredmedia":[{"embeddable":true,"href":"https:\/\/agenciainfra.com\/blog\/wp-json\/wp\/v2\/media\/18252"}],"wp:attachment":[{"href":"https:\/\/agenciainfra.com\/blog\/wp-json\/wp\/v2\/media?parent=25370"}],"wp:term":[{"taxonomy":"category","embeddable":true,"href":"https:\/\/agenciainfra.com\/blog\/wp-json\/wp\/v2\/categories?post=25370"},{"taxonomy":"post_tag","embeddable":true,"href":"https:\/\/agenciainfra.com\/blog\/wp-json\/wp\/v2\/tags?post=25370"}],"curies":[{"name":"wp","href":"https:\/\/api.w.org\/{rel}","templated":true}]}}