{"id":25385,"date":"2025-07-25T18:18:20","date_gmt":"2025-07-25T21:18:20","guid":{"rendered":"https:\/\/agenciainfra.com\/blog\/?p=25385"},"modified":"2025-07-25T18:18:23","modified_gmt":"2025-07-25T21:18:23","slug":"nova-conexao-com-a-transnordestina-visa-a-impulsionar-economia-no-sertao","status":"publish","type":"post","link":"https:\/\/agenciainfra.com\/blog\/nova-conexao-com-a-transnordestina-visa-a-impulsionar-economia-no-sertao\/","title":{"rendered":"Nova conex\u00e3o com a Transnordestina visa a impulsionar economia no sert\u00e3o"},"content":{"rendered":"\n<p class=\"has-text-align-right\"><strong>da Ag\u00eancia iNFRA<\/strong><\/p>\n\n\n\n<p>A Sudene (Superintend\u00eancia de Desenvolvimento do Nordeste), do Minist\u00e9rio da Integra\u00e7\u00e3o e do Desenvolvimento Regional, firmou na quinta-feira (24) uma parceria com a UFPE (Universidade Federal de Pernambuco) para melhorar a malha log\u00edstica do Nordeste e integrar novas conex\u00f5es com a ferrovia Transnordestina.<\/p>\n\n\n\n<p>Os estudos ter\u00e3o dois focos: o transporte de cargas entre os munic\u00edpios de Salgueiro e Petrolina, e a retomada do transporte de passageiros entre as cidades de Recife e Caruaru. A previs\u00e3o \u00e9 que a UFPE conclua as pesquisas at\u00e9 o primeiro semestre de 2026.<\/p>\n\n\n\n<p>Uma das pesquisas, focada no transporte de cargas, prev\u00ea a elabora\u00e7\u00e3o de um estudo t\u00e9cnico que analisar\u00e1 custos e poss\u00edveis tra\u00e7ados de um ramal ferrovi\u00e1rio ligando Petrolina ao entroncamento da Transnordestina em Salgueiro.<\/p>\n\n\n\n<p>A proposta visa a fortalecer o escoamento da fruticultura irrigada do Vale do S\u00e3o Francisco, bem como de outros produtos oriundos de arranjos produtivos locais. A conex\u00e3o tamb\u00e9m facilitaria o acesso estrat\u00e9gico aos portos de Suape (PE) e Pec\u00e9m (CE), al\u00e9m de integrar a hidrovia do Rio S\u00e3o Francisco \u00e0 malha ferrovi\u00e1ria nordestina.<\/p>\n\n\n\n<p>A outra pesquisa tem como foco a retomada do transporte de passageiros entre Recife e Caruaru. O estudo buscar\u00e1 avaliar o potencial de demanda, comparar o antigo tra\u00e7ado ferrovi\u00e1rio com tecnologias mais modernas e analisar a viabilidade de um novo percurso que acompanhe o tra\u00e7ado da BR-232.<\/p>\n\n\n\n<p><\/p>\n","protected":false},"excerpt":{"rendered":"<p>da Ag\u00eancia iNFRA A Sudene (Superintend\u00eancia de Desenvolvimento do Nordeste), do Minist\u00e9rio da Integra\u00e7\u00e3o e do Desenvolvimento Regional, firmou na quinta-feira (24) uma parceria com a UFPE (Universidade Federal de Pernambuco) para melhorar a malha log\u00edstica do Nordeste e integrar novas conex\u00f5es com a ferrovia Transnordestina. Os estudos ter\u00e3o dois focos: o transporte de cargas [&hellip;]<\/p>\n","protected":false},"author":1,"featured_media":24818,"comment_status":"closed","ping_status":"closed","sticky":false,"template":"","format":"standard","meta":{"_monsterinsights_skip_tracking":false,"_monsterinsights_sitenote_active":false,"_monsterinsights_sitenote_note":"","_monsterinsights_sitenote_category":0,"footnotes":""},"categories":[1,13576],"tags":[6262,6512,504,14591,14592],"class_list":["post-25385","post","type-post","status-publish","format-standard","has-post-thumbnail","hentry","category-geral","category-giro-infra","tag-ministerio-da-integracao-e-do-desenvolvimento-regional","tag-sudene","tag-transnordestina","tag-ufpe","tag-universidade-federal-de-pernambuco"],"yoast_head":"<!-- This site is optimized with the Yoast SEO Premium plugin v25.4 (Yoast SEO v26.0) - https:\/\/yoast.com\/wordpress\/plugins\/seo\/ -->\n<title>Nova conex\u00e3o com a Transnordestina visa a impulsionar economia no sert\u00e3o - Ag\u00eancia iNFRA<\/title>\n<meta name=\"robots\" content=\"index, follow, max-snippet:-1, max-image-preview:large, max-video-preview:-1\" \/>\n<link rel=\"canonical\" href=\"https:\/\/agenciainfra.com\/blog\/nova-conexao-com-a-transnordestina-visa-a-impulsionar-economia-no-sertao\/\" \/>\n<meta property=\"og:locale\" content=\"pt_BR\" \/>\n<meta property=\"og:type\" content=\"article\" \/>\n<meta property=\"og:title\" content=\"Nova conex\u00e3o com a Transnordestina visa a impulsionar economia no sert\u00e3o\" \/>\n<meta property=\"og:description\" content=\"da Ag\u00eancia iNFRA A Sudene (Superintend\u00eancia de Desenvolvimento do Nordeste), do Minist\u00e9rio da Integra\u00e7\u00e3o e do Desenvolvimento Regional, firmou na quinta-feira (24) uma parceria com a UFPE (Universidade Federal de Pernambuco) para melhorar a malha log\u00edstica do Nordeste e integrar novas conex\u00f5es com a ferrovia Transnordestina. Os estudos ter\u00e3o dois focos: o transporte de cargas [&hellip;]\" \/>\n<meta property=\"og:url\" content=\"https:\/\/agenciainfra.com\/blog\/nova-conexao-com-a-transnordestina-visa-a-impulsionar-economia-no-sertao\/\" \/>\n<meta property=\"og:site_name\" content=\"Ag\u00eancia iNFRA\" \/>\n<meta property=\"article:publisher\" content=\"https:\/\/www.facebook.com\/ageninfra\" \/>\n<meta property=\"article:published_time\" content=\"2025-07-25T21:18:20+00:00\" \/>\n<meta property=\"article:modified_time\" content=\"2025-07-25T21:18:23+00:00\" \/>\n<meta property=\"og:image\" content=\"https:\/\/agenciainfra.com\/blog\/wp-content\/uploads\/2025\/07\/obras-transnordestina-ceara-foto-marquise-infraestrutura-divulgacao.jpeg\" \/>\n\t<meta property=\"og:image:width\" content=\"1278\" \/>\n\t<meta property=\"og:image:height\" content=\"720\" \/>\n\t<meta property=\"og:image:type\" content=\"image\/jpeg\" \/>\n<meta name=\"author\" content=\"Ag\u00eancia iNFRA\" \/>\n<meta name=\"twitter:card\" content=\"summary_large_image\" \/>\n<meta name=\"twitter:creator\" content=\"@agencia_infra\" \/>\n<meta name=\"twitter:site\" content=\"@agencia_infra\" \/>\n<meta name=\"twitter:label1\" content=\"Escrito por\" \/>\n\t<meta name=\"twitter:data1\" content=\"Ag\u00eancia iNFRA\" \/>\n\t<meta name=\"twitter:label2\" content=\"Est. tempo de leitura\" \/>\n\t<meta name=\"twitter:data2\" content=\"1 minuto\" \/>\n<script type=\"application\/ld+json\" class=\"yoast-schema-graph\">{\"@context\":\"https:\/\/schema.org\",\"@graph\":[{\"@type\":\"Article\",\"@id\":\"https:\/\/agenciainfra.com\/blog\/nova-conexao-com-a-transnordestina-visa-a-impulsionar-economia-no-sertao\/#article\",\"isPartOf\":{\"@id\":\"https:\/\/agenciainfra.com\/blog\/nova-conexao-com-a-transnordestina-visa-a-impulsionar-economia-no-sertao\/\"},\"author\":{\"name\":\"Ag\u00eancia iNFRA\",\"@id\":\"https:\/\/agenciainfra.com\/blog\/#\/schema\/person\/34af08dff6adea4cb22b06612ba7acfa\"},\"headline\":\"Nova conex\u00e3o com a Transnordestina visa a impulsionar economia no sert\u00e3o\",\"datePublished\":\"2025-07-25T21:18:20+00:00\",\"dateModified\":\"2025-07-25T21:18:23+00:00\",\"mainEntityOfPage\":{\"@id\":\"https:\/\/agenciainfra.com\/blog\/nova-conexao-com-a-transnordestina-visa-a-impulsionar-economia-no-sertao\/\"},\"wordCount\":258,\"publisher\":{\"@id\":\"https:\/\/agenciainfra.com\/blog\/#organization\"},\"image\":{\"@id\":\"https:\/\/agenciainfra.com\/blog\/nova-conexao-com-a-transnordestina-visa-a-impulsionar-economia-no-sertao\/#primaryimage\"},\"thumbnailUrl\":\"https:\/\/agenciainfra.com\/blog\/wp-content\/uploads\/2025\/07\/obras-transnordestina-ceara-foto-marquise-infraestrutura-divulgacao.jpeg\",\"keywords\":[\"Minist\u00e9rio da Integra\u00e7\u00e3o e do Desenvolvimento Regional\",\"Sudene\",\"Transnordestina\",\"UFPE\",\"Universidade Federal de Pernambuco\"],\"articleSection\":[\"Geral\",\"Giro iNFRA\"],\"inLanguage\":\"pt-BR\",\"copyrightYear\":\"2025\",\"copyrightHolder\":{\"@id\":\"https:\/\/agenciainfra.com\/blog\/#organization\"}},{\"@type\":\"WebPage\",\"@id\":\"https:\/\/agenciainfra.com\/blog\/nova-conexao-com-a-transnordestina-visa-a-impulsionar-economia-no-sertao\/\",\"url\":\"https:\/\/agenciainfra.com\/blog\/nova-conexao-com-a-transnordestina-visa-a-impulsionar-economia-no-sertao\/\",\"name\":\"Nova conex\u00e3o com a Transnordestina visa a impulsionar economia no sert\u00e3o - Ag\u00eancia iNFRA\",\"isPartOf\":{\"@id\":\"https:\/\/agenciainfra.com\/blog\/#website\"},\"primaryImageOfPage\":{\"@id\":\"https:\/\/agenciainfra.com\/blog\/nova-conexao-com-a-transnordestina-visa-a-impulsionar-economia-no-sertao\/#primaryimage\"},\"image\":{\"@id\":\"https:\/\/agenciainfra.com\/blog\/nova-conexao-com-a-transnordestina-visa-a-impulsionar-economia-no-sertao\/#primaryimage\"},\"thumbnailUrl\":\"https:\/\/agenciainfra.com\/blog\/wp-content\/uploads\/2025\/07\/obras-transnordestina-ceara-foto-marquise-infraestrutura-divulgacao.jpeg\",\"datePublished\":\"2025-07-25T21:18:20+00:00\",\"dateModified\":\"2025-07-25T21:18:23+00:00\",\"breadcrumb\":{\"@id\":\"https:\/\/agenciainfra.com\/blog\/nova-conexao-com-a-transnordestina-visa-a-impulsionar-economia-no-sertao\/#breadcrumb\"},\"inLanguage\":\"pt-BR\",\"potentialAction\":[{\"@type\":\"ReadAction\",\"target\":[\"https:\/\/agenciainfra.com\/blog\/nova-conexao-com-a-transnordestina-visa-a-impulsionar-economia-no-sertao\/\"]}]},{\"@type\":\"ImageObject\",\"inLanguage\":\"pt-BR\",\"@id\":\"https:\/\/agenciainfra.com\/blog\/nova-conexao-com-a-transnordestina-visa-a-impulsionar-economia-no-sertao\/#primaryimage\",\"url\":\"https:\/\/agenciainfra.com\/blog\/wp-content\/uploads\/2025\/07\/obras-transnordestina-ceara-foto-marquise-infraestrutura-divulgacao.jpeg\",\"contentUrl\":\"https:\/\/agenciainfra.com\/blog\/wp-content\/uploads\/2025\/07\/obras-transnordestina-ceara-foto-marquise-infraestrutura-divulgacao.jpeg\",\"width\":1278,\"height\":720,\"caption\":\"Foto: Marquise Infraestrutura\/Divulga\u00e7\u00e3o\"},{\"@type\":\"BreadcrumbList\",\"@id\":\"https:\/\/agenciainfra.com\/blog\/nova-conexao-com-a-transnordestina-visa-a-impulsionar-economia-no-sertao\/#breadcrumb\",\"itemListElement\":[{\"@type\":\"ListItem\",\"position\":1,\"name\":\"In\u00edcio\",\"item\":\"https:\/\/agenciainfra.com\/blog\/\"},{\"@type\":\"ListItem\",\"position\":2,\"name\":\"Nova conex\u00e3o com a Transnordestina visa a impulsionar economia no sert\u00e3o\"}]},{\"@type\":\"WebSite\",\"@id\":\"https:\/\/agenciainfra.com\/blog\/#website\",\"url\":\"https:\/\/agenciainfra.com\/blog\/\",\"name\":\"Ag\u00eancia iNFRA\",\"description\":\"Multiplataforma de informa\u00e7\u00e3o jornal\u00edstica refer\u00eancia na \u00e1rea de infraestrutura no Brasil!\",\"publisher\":{\"@id\":\"https:\/\/agenciainfra.com\/blog\/#organization\"},\"potentialAction\":[{\"@type\":\"SearchAction\",\"target\":{\"@type\":\"EntryPoint\",\"urlTemplate\":\"https:\/\/agenciainfra.com\/blog\/?s={search_term_string}\"},\"query-input\":{\"@type\":\"PropertyValueSpecification\",\"valueRequired\":true,\"valueName\":\"search_term_string\"}}],\"inLanguage\":\"pt-BR\"},{\"@type\":\"Organization\",\"@id\":\"https:\/\/agenciainfra.com\/blog\/#organization\",\"name\":\"Ag\u00eancia iNFRA\",\"url\":\"https:\/\/agenciainfra.com\/blog\/\",\"logo\":{\"@type\":\"ImageObject\",\"inLanguage\":\"pt-BR\",\"@id\":\"https:\/\/agenciainfra.com\/blog\/#\/schema\/logo\/image\/\",\"url\":\"https:\/\/agenciainfra.com\/blog\/wp-content\/uploads\/2023\/09\/iNFRA_5-e1761735885940.png\",\"contentUrl\":\"https:\/\/agenciainfra.com\/blog\/wp-content\/uploads\/2023\/09\/iNFRA_5-e1761735885940.png\",\"width\":1672,\"height\":454,\"caption\":\"Ag\u00eancia iNFRA\"},\"image\":{\"@id\":\"https:\/\/agenciainfra.com\/blog\/#\/schema\/logo\/image\/\"},\"sameAs\":[\"https:\/\/www.facebook.com\/ageninfra\",\"https:\/\/x.com\/agencia_infra\",\"https:\/\/www.linkedin.com\/company\/ag\u00eanciainfra\/\",\"https:\/\/www.instagram.com\/agenciainfra\/\"]},{\"@type\":\"Person\",\"@id\":\"https:\/\/agenciainfra.com\/blog\/#\/schema\/person\/34af08dff6adea4cb22b06612ba7acfa\",\"name\":\"Ag\u00eancia iNFRA\",\"image\":{\"@type\":\"ImageObject\",\"inLanguage\":\"pt-BR\",\"@id\":\"https:\/\/agenciainfra.com\/blog\/#\/schema\/person\/image\/\",\"url\":\"https:\/\/secure.gravatar.com\/avatar\/d189e01678f06d8eb84d4e01f08eb848b3fffe3f8443818d3c356c66892f5be8?s=96&d=mm&r=g\",\"contentUrl\":\"https:\/\/secure.gravatar.com\/avatar\/d189e01678f06d8eb84d4e01f08eb848b3fffe3f8443818d3c356c66892f5be8?s=96&d=mm&r=g\",\"caption\":\"Ag\u00eancia iNFRA\"},\"url\":\"https:\/\/agenciainfra.com\/blog\/author\/admin\/\"}]}<\/script>\n<!-- \/ Yoast SEO Premium plugin. -->","yoast_head_json":{"title":"Nova conex\u00e3o com a Transnordestina visa a impulsionar economia no sert\u00e3o - Ag\u00eancia iNFRA","robots":{"index":"index","follow":"follow","max-snippet":"max-snippet:-1","max-image-preview":"max-image-preview:large","max-video-preview":"max-video-preview:-1"},"canonical":"https:\/\/agenciainfra.com\/blog\/nova-conexao-com-a-transnordestina-visa-a-impulsionar-economia-no-sertao\/","og_locale":"pt_BR","og_type":"article","og_title":"Nova conex\u00e3o com a Transnordestina visa a impulsionar economia no sert\u00e3o","og_description":"da Ag\u00eancia iNFRA A Sudene (Superintend\u00eancia de Desenvolvimento do Nordeste), do Minist\u00e9rio da Integra\u00e7\u00e3o e do Desenvolvimento Regional, firmou na quinta-feira (24) uma parceria com a UFPE (Universidade Federal de Pernambuco) para melhorar a malha log\u00edstica do Nordeste e integrar novas conex\u00f5es com a ferrovia Transnordestina. Os estudos ter\u00e3o dois focos: o transporte de cargas [&hellip;]","og_url":"https:\/\/agenciainfra.com\/blog\/nova-conexao-com-a-transnordestina-visa-a-impulsionar-economia-no-sertao\/","og_site_name":"Ag\u00eancia iNFRA","article_publisher":"https:\/\/www.facebook.com\/ageninfra","article_published_time":"2025-07-25T21:18:20+00:00","article_modified_time":"2025-07-25T21:18:23+00:00","og_image":[{"width":1278,"height":720,"url":"https:\/\/agenciainfra.com\/blog\/wp-content\/uploads\/2025\/07\/obras-transnordestina-ceara-foto-marquise-infraestrutura-divulgacao.jpeg","type":"image\/jpeg"}],"author":"Ag\u00eancia iNFRA","twitter_card":"summary_large_image","twitter_creator":"@agencia_infra","twitter_site":"@agencia_infra","twitter_misc":{"Escrito por":"Ag\u00eancia iNFRA","Est. tempo de leitura":"1 minuto"},"schema":{"@context":"https:\/\/schema.org","@graph":[{"@type":"Article","@id":"https:\/\/agenciainfra.com\/blog\/nova-conexao-com-a-transnordestina-visa-a-impulsionar-economia-no-sertao\/#article","isPartOf":{"@id":"https:\/\/agenciainfra.com\/blog\/nova-conexao-com-a-transnordestina-visa-a-impulsionar-economia-no-sertao\/"},"author":{"name":"Ag\u00eancia iNFRA","@id":"https:\/\/agenciainfra.com\/blog\/#\/schema\/person\/34af08dff6adea4cb22b06612ba7acfa"},"headline":"Nova conex\u00e3o com a Transnordestina visa a impulsionar economia no sert\u00e3o","datePublished":"2025-07-25T21:18:20+00:00","dateModified":"2025-07-25T21:18:23+00:00","mainEntityOfPage":{"@id":"https:\/\/agenciainfra.com\/blog\/nova-conexao-com-a-transnordestina-visa-a-impulsionar-economia-no-sertao\/"},"wordCount":258,"publisher":{"@id":"https:\/\/agenciainfra.com\/blog\/#organization"},"image":{"@id":"https:\/\/agenciainfra.com\/blog\/nova-conexao-com-a-transnordestina-visa-a-impulsionar-economia-no-sertao\/#primaryimage"},"thumbnailUrl":"https:\/\/agenciainfra.com\/blog\/wp-content\/uploads\/2025\/07\/obras-transnordestina-ceara-foto-marquise-infraestrutura-divulgacao.jpeg","keywords":["Minist\u00e9rio da Integra\u00e7\u00e3o e do Desenvolvimento Regional","Sudene","Transnordestina","UFPE","Universidade Federal de Pernambuco"],"articleSection":["Geral","Giro iNFRA"],"inLanguage":"pt-BR","copyrightYear":"2025","copyrightHolder":{"@id":"https:\/\/agenciainfra.com\/blog\/#organization"}},{"@type":"WebPage","@id":"https:\/\/agenciainfra.com\/blog\/nova-conexao-com-a-transnordestina-visa-a-impulsionar-economia-no-sertao\/","url":"https:\/\/agenciainfra.com\/blog\/nova-conexao-com-a-transnordestina-visa-a-impulsionar-economia-no-sertao\/","name":"Nova conex\u00e3o com a Transnordestina visa a impulsionar economia no sert\u00e3o - Ag\u00eancia iNFRA","isPartOf":{"@id":"https:\/\/agenciainfra.com\/blog\/#website"},"primaryImageOfPage":{"@id":"https:\/\/agenciainfra.com\/blog\/nova-conexao-com-a-transnordestina-visa-a-impulsionar-economia-no-sertao\/#primaryimage"},"image":{"@id":"https:\/\/agenciainfra.com\/blog\/nova-conexao-com-a-transnordestina-visa-a-impulsionar-economia-no-sertao\/#primaryimage"},"thumbnailUrl":"https:\/\/agenciainfra.com\/blog\/wp-content\/uploads\/2025\/07\/obras-transnordestina-ceara-foto-marquise-infraestrutura-divulgacao.jpeg","datePublished":"2025-07-25T21:18:20+00:00","dateModified":"2025-07-25T21:18:23+00:00","breadcrumb":{"@id":"https:\/\/agenciainfra.com\/blog\/nova-conexao-com-a-transnordestina-visa-a-impulsionar-economia-no-sertao\/#breadcrumb"},"inLanguage":"pt-BR","potentialAction":[{"@type":"ReadAction","target":["https:\/\/agenciainfra.com\/blog\/nova-conexao-com-a-transnordestina-visa-a-impulsionar-economia-no-sertao\/"]}]},{"@type":"ImageObject","inLanguage":"pt-BR","@id":"https:\/\/agenciainfra.com\/blog\/nova-conexao-com-a-transnordestina-visa-a-impulsionar-economia-no-sertao\/#primaryimage","url":"https:\/\/agenciainfra.com\/blog\/wp-content\/uploads\/2025\/07\/obras-transnordestina-ceara-foto-marquise-infraestrutura-divulgacao.jpeg","contentUrl":"https:\/\/agenciainfra.com\/blog\/wp-content\/uploads\/2025\/07\/obras-transnordestina-ceara-foto-marquise-infraestrutura-divulgacao.jpeg","width":1278,"height":720,"caption":"Foto: Marquise Infraestrutura\/Divulga\u00e7\u00e3o"},{"@type":"BreadcrumbList","@id":"https:\/\/agenciainfra.com\/blog\/nova-conexao-com-a-transnordestina-visa-a-impulsionar-economia-no-sertao\/#breadcrumb","itemListElement":[{"@type":"ListItem","position":1,"name":"In\u00edcio","item":"https:\/\/agenciainfra.com\/blog\/"},{"@type":"ListItem","position":2,"name":"Nova conex\u00e3o com a Transnordestina visa a impulsionar economia no sert\u00e3o"}]},{"@type":"WebSite","@id":"https:\/\/agenciainfra.com\/blog\/#website","url":"https:\/\/agenciainfra.com\/blog\/","name":"Ag\u00eancia iNFRA","description":"Multiplataforma de informa\u00e7\u00e3o jornal\u00edstica refer\u00eancia na \u00e1rea de infraestrutura no Brasil!","publisher":{"@id":"https:\/\/agenciainfra.com\/blog\/#organization"},"potentialAction":[{"@type":"SearchAction","target":{"@type":"EntryPoint","urlTemplate":"https:\/\/agenciainfra.com\/blog\/?s={search_term_string}"},"query-input":{"@type":"PropertyValueSpecification","valueRequired":true,"valueName":"search_term_string"}}],"inLanguage":"pt-BR"},{"@type":"Organization","@id":"https:\/\/agenciainfra.com\/blog\/#organization","name":"Ag\u00eancia iNFRA","url":"https:\/\/agenciainfra.com\/blog\/","logo":{"@type":"ImageObject","inLanguage":"pt-BR","@id":"https:\/\/agenciainfra.com\/blog\/#\/schema\/logo\/image\/","url":"https:\/\/agenciainfra.com\/blog\/wp-content\/uploads\/2023\/09\/iNFRA_5-e1761735885940.png","contentUrl":"https:\/\/agenciainfra.com\/blog\/wp-content\/uploads\/2023\/09\/iNFRA_5-e1761735885940.png","width":1672,"height":454,"caption":"Ag\u00eancia iNFRA"},"image":{"@id":"https:\/\/agenciainfra.com\/blog\/#\/schema\/logo\/image\/"},"sameAs":["https:\/\/www.facebook.com\/ageninfra","https:\/\/x.com\/agencia_infra","https:\/\/www.linkedin.com\/company\/ag\u00eanciainfra\/","https:\/\/www.instagram.com\/agenciainfra\/"]},{"@type":"Person","@id":"https:\/\/agenciainfra.com\/blog\/#\/schema\/person\/34af08dff6adea4cb22b06612ba7acfa","name":"Ag\u00eancia iNFRA","image":{"@type":"ImageObject","inLanguage":"pt-BR","@id":"https:\/\/agenciainfra.com\/blog\/#\/schema\/person\/image\/","url":"https:\/\/secure.gravatar.com\/avatar\/d189e01678f06d8eb84d4e01f08eb848b3fffe3f8443818d3c356c66892f5be8?s=96&d=mm&r=g","contentUrl":"https:\/\/secure.gravatar.com\/avatar\/d189e01678f06d8eb84d4e01f08eb848b3fffe3f8443818d3c356c66892f5be8?s=96&d=mm&r=g","caption":"Ag\u00eancia iNFRA"},"url":"https:\/\/agenciainfra.com\/blog\/author\/admin\/"}]}},"_links":{"self":[{"href":"https:\/\/agenciainfra.com\/blog\/wp-json\/wp\/v2\/posts\/25385","targetHints":{"allow":["GET"]}}],"collection":[{"href":"https:\/\/agenciainfra.com\/blog\/wp-json\/wp\/v2\/posts"}],"about":[{"href":"https:\/\/agenciainfra.com\/blog\/wp-json\/wp\/v2\/types\/post"}],"author":[{"embeddable":true,"href":"https:\/\/agenciainfra.com\/blog\/wp-json\/wp\/v2\/users\/1"}],"replies":[{"embeddable":true,"href":"https:\/\/agenciainfra.com\/blog\/wp-json\/wp\/v2\/comments?post=25385"}],"version-history":[{"count":1,"href":"https:\/\/agenciainfra.com\/blog\/wp-json\/wp\/v2\/posts\/25385\/revisions"}],"predecessor-version":[{"id":25386,"href":"https:\/\/agenciainfra.com\/blog\/wp-json\/wp\/v2\/posts\/25385\/revisions\/25386"}],"wp:featuredmedia":[{"embeddable":true,"href":"https:\/\/agenciainfra.com\/blog\/wp-json\/wp\/v2\/media\/24818"}],"wp:attachment":[{"href":"https:\/\/agenciainfra.com\/blog\/wp-json\/wp\/v2\/media?parent=25385"}],"wp:term":[{"taxonomy":"category","embeddable":true,"href":"https:\/\/agenciainfra.com\/blog\/wp-json\/wp\/v2\/categories?post=25385"},{"taxonomy":"post_tag","embeddable":true,"href":"https:\/\/agenciainfra.com\/blog\/wp-json\/wp\/v2\/tags?post=25385"}],"curies":[{"name":"wp","href":"https:\/\/api.w.org\/{rel}","templated":true}]}}