{"id":25394,"date":"2025-07-25T18:46:44","date_gmt":"2025-07-25T21:46:44","guid":{"rendered":"https:\/\/agenciainfra.com\/blog\/?p=25394"},"modified":"2025-07-29T08:11:47","modified_gmt":"2025-07-29T11:11:47","slug":"pequenas-hidreletricas-temem-perder-descontos-no-fio-com-leilao-do-gsf-e-aneel-pauta-aplicacao-de-regra","status":"publish","type":"post","link":"https:\/\/agenciainfra.com\/blog\/pequenas-hidreletricas-temem-perder-descontos-no-fio-com-leilao-do-gsf-e-aneel-pauta-aplicacao-de-regra\/","title":{"rendered":"Pequenas hidrel\u00e9tricas temem perder descontos no fio com leil\u00e3o do GSF e ANEEL pauta aplica\u00e7\u00e3o de regra"},"content":{"rendered":"\n<p class=\"has-text-align-right\"><strong>Geraldo Campos Jr., Marisa Wanzeller e Lais Carregosa, da Ag\u00eancia iNFRA<\/strong><\/p>\n\n\n\n<p>As PCHs (Pequenas Centrais Hidrel\u00e9tricas) temem perder os descontos nos fios de distribui\u00e7\u00e3o e transmiss\u00e3o com a extens\u00e3o dos contratos prevista no leil\u00e3o de passivos do GSF (sigla que representa o risco hidrol\u00f3gico), disseram fontes \u00e0 <strong>Ag\u00eancia iNFRA<\/strong>. O certame est\u00e1 marcado para sexta-feira (1\u00ba), com o tema <a href=\"https:\/\/www2.aneel.gov.br\/aplicacoes_liferay\/noticias_area\/dsp_detalheNoticia.cfm?idNoticia=14614&amp;idAreaNoticia=425\">pautado<\/a> para a reuni\u00e3o da ANEEL (Ag\u00eancia Nacional de Energia El\u00e9trica) de ter\u00e7a-feira (29).<\/p>\n\n\n\n<p>A d\u00favida das PCHs \u00e9 se a \u201cextens\u00e3o\u201d de outorga por at\u00e9 sete anos prevista nas regras do certame para quem adquirir os cr\u00e9ditos de passivos seria caracterizada ou n\u00e3o como uma prorroga\u00e7\u00e3o. Isso porque a Lei 9.427\/1996 prev\u00ea que as usinas perdem os descontos ao terem suas outorgas prorrogadas. As usinas entendem que a quest\u00e3o n\u00e3o foi tratada na MP (Medida Provis\u00f3ria) 1.300\/2025, que cria o leil\u00e3o do GSF.<\/p>\n\n\n\n<p>O leil\u00e3o prev\u00ea que empreendimentos com liminares que isentam ou limitam o pagamento de valores referentes ao risco hidrol\u00f3gico poder\u00e3o transformar esses montantes represados em cr\u00e9ditos. Estes ativos, por sua vez, ser\u00e3o oferecidos a outros agentes do setor, que, ao adquiri-los, ter\u00e3o direito a estender a validade de suas concess\u00f5es de gera\u00e7\u00e3o de energia.<\/p>\n\n\n\n<p>Podem participar usinas do MRE (Mecanismo de Realoca\u00e7\u00e3o de Energia), tanto as grandes hidrel\u00e9tricas como as PCHs, sendo que estas det\u00eam desconto no fio.<\/p>\n\n\n\n<p>\u201cComo a lei prescreve que os percentuais de redu\u00e7\u00e3o n\u00e3o ser\u00e3o aplicados aos empreendimentos se houver \u2018prorroga\u00e7\u00e3o\u2019 de suas outorgas, o mercado ficou com receio de a extens\u00e3o, decorrente na participa\u00e7\u00e3o no mecanismo, ser interpretada como prorroga\u00e7\u00e3o e, logo, implicar na perda do desconto\u201d explicou o advogado Bruno Crispim, do escrit\u00f3rio Lefosse Advogados.<\/p>\n\n\n\n<p>Ele continua: \u201cOcorre que, existe uma diferen\u00e7a, na perspectiva jur\u00eddica, entre prorroga\u00e7\u00e3o e extens\u00e3o, que \u00e9 exatamente o que a MP 1.300 traz. E na extens\u00e3o n\u00e3o deveria haver a perda do desconto.\u201d<\/p>\n\n\n\n<p>Para o advogado Henrique Reis, do escrit\u00f3rio Demarest, se o mecanismo prev\u00ea a extens\u00e3o do prazo de outorga, n\u00e3o uma prorroga\u00e7\u00e3o, &#8220;tem que manter as prerrogativas dessa outorga&#8221;.<\/p>\n\n\n\n<p>\u00c0 <strong>Ag\u00eancia iNFRA<\/strong>, fontes do governo disseram que essa \u00e9 uma quest\u00e3o regulat\u00f3ria. Ou seja, cabe \u00e0 ANEEL interpretar se se trata de prorroga\u00e7\u00e3o ou n\u00e3o. O processo na ag\u00eancia \u00e9 relatado pela diretora Agnes Costa.<\/p>\n\n\n\n<p><strong>Outorga<\/strong><br>Outra d\u00favida trata do prazo da extens\u00e3o. Em <a href=\"https:\/\/sei.aneel.gov.br\/sei\/modulos\/pesquisa\/md_pesq_documento_consulta_externa.php?yPDszXhdoNcWQHJaQlHJmJIqCNXRK_Sh2SMdn1U-tzP6_g-7Lqzccc3dv6sVB3otC_mW2CaJT_WlRYoXqUhdQzG7Tc6Cg6NFbNx49t_X-8nc8GaGko3SFeKDjmXTwEqM\">carta<\/a> \u00e0 ANEEL, a Abrage (Associa\u00e7\u00e3o Brasileira das Empresas Geradoras de Energia El\u00e9trica), que representa as grandes hidrel\u00e9tricas, pediu esclarecimento da reguladora se o limite de sete anos desse leil\u00e3o poder\u00e1 ser somado a eventual outra extens\u00e3o de outorga relativa ao GSF j\u00e1 realizada, ou se eles n\u00e3o s\u00e3o cumulativos.<\/p>\n\n\n\n<p>Conforme a portaria que regulamentou o leil\u00e3o, caber\u00e1 \u00e0 ANEEL a formaliza\u00e7\u00e3o das extens\u00f5es dos prazos de outorga dos vencedores do certame.<\/p>\n\n\n\n<p><strong>Leil\u00e3o do GSF<\/strong><br>O mecanismo competitivo ser\u00e1 realizado pela CCEE (C\u00e2mara de Comercializa\u00e7\u00e3o de Energia) em formato digital, \u00e0s 10h da pr\u00f3xima sexta (1\u00ba). O certame tem como objetivo encerrar a judicializa\u00e7\u00e3o sobre o GSF, que ainda gera um passivo mensal de R$ 1,1 bilh\u00e3o no MCP (mercado de curto prazo de energia) em fun\u00e7\u00e3o de liminares obtidas por geradores.<\/p>\n\n\n\n<p>As empresas interessadas tiveram at\u00e9 quinta-feira (24) para se habilitar e apresentar a documenta\u00e7\u00e3o necess\u00e1ria. A divulga\u00e7\u00e3o dos habilitados ser\u00e1 feita na pr\u00f3xima ter\u00e7a-feira (29).<\/p>\n","protected":false},"excerpt":{"rendered":"<p>Geraldo Campos Jr., Marisa Wanzeller e Lais Carregosa, da Ag\u00eancia iNFRA As PCHs (Pequenas Centrais Hidrel\u00e9tricas) temem perder os descontos nos fios de distribui\u00e7\u00e3o e transmiss\u00e3o com a extens\u00e3o dos contratos prevista no leil\u00e3o de passivos do GSF (sigla que representa o risco hidrol\u00f3gico), disseram fontes \u00e0 Ag\u00eancia iNFRA. O certame est\u00e1 marcado para sexta-feira [&hellip;]<\/p>\n","protected":false},"author":1,"featured_media":24634,"comment_status":"closed","ping_status":"closed","sticky":false,"template":"","format":"standard","meta":{"_monsterinsights_skip_tracking":false,"_monsterinsights_sitenote_active":false,"_monsterinsights_sitenote_note":"","_monsterinsights_sitenote_category":0,"footnotes":""},"categories":[7250,1,10],"tags":[53,14,11594,348,13132,7366,11421,193],"class_list":["post-25394","post","type-post","status-publish","format-standard","has-post-thumbnail","hentry","category-destaque-lista","category-geral","category-infraenergia","tag-aneel","tag-ccee","tag-geraldo-campos-jr","tag-gsf","tag-lais-carregosa","tag-marisa-wanzeller","tag-pchs","tag-risco-hidrologico"],"yoast_head":"<!-- This site is optimized with the Yoast SEO Premium plugin v25.4 (Yoast SEO v26.0) - https:\/\/yoast.com\/wordpress\/plugins\/seo\/ -->\n<title>Pequenas hidrel\u00e9tricas temem perder descontos no fio com leil\u00e3o do GSF e ANEEL pauta aplica\u00e7\u00e3o de regra - Ag\u00eancia iNFRA<\/title>\n<meta name=\"robots\" content=\"index, follow, max-snippet:-1, max-image-preview:large, max-video-preview:-1\" \/>\n<link rel=\"canonical\" href=\"https:\/\/agenciainfra.com\/blog\/pequenas-hidreletricas-temem-perder-descontos-no-fio-com-leilao-do-gsf-e-aneel-pauta-aplicacao-de-regra\/\" \/>\n<meta property=\"og:locale\" content=\"pt_BR\" \/>\n<meta property=\"og:type\" content=\"article\" \/>\n<meta property=\"og:title\" content=\"Pequenas hidrel\u00e9tricas temem perder descontos no fio com leil\u00e3o do GSF e ANEEL pauta aplica\u00e7\u00e3o de regra\" \/>\n<meta property=\"og:description\" content=\"Geraldo Campos Jr., Marisa Wanzeller e Lais Carregosa, da Ag\u00eancia iNFRA As PCHs (Pequenas Centrais Hidrel\u00e9tricas) temem perder os descontos nos fios de distribui\u00e7\u00e3o e transmiss\u00e3o com a extens\u00e3o dos contratos prevista no leil\u00e3o de passivos do GSF (sigla que representa o risco hidrol\u00f3gico), disseram fontes \u00e0 Ag\u00eancia iNFRA. O certame est\u00e1 marcado para sexta-feira [&hellip;]\" \/>\n<meta property=\"og:url\" content=\"https:\/\/agenciainfra.com\/blog\/pequenas-hidreletricas-temem-perder-descontos-no-fio-com-leilao-do-gsf-e-aneel-pauta-aplicacao-de-regra\/\" \/>\n<meta property=\"og:site_name\" content=\"Ag\u00eancia iNFRA\" \/>\n<meta property=\"article:publisher\" content=\"https:\/\/www.facebook.com\/ageninfra\" \/>\n<meta property=\"article:published_time\" content=\"2025-07-25T21:46:44+00:00\" \/>\n<meta property=\"article:modified_time\" content=\"2025-07-29T11:11:47+00:00\" \/>\n<meta property=\"og:image\" content=\"https:\/\/agenciainfra.com\/blog\/wp-content\/uploads\/2025\/07\/pch-mogi-guacu-foto-raylton-alves-ANA.jpg\" \/>\n\t<meta property=\"og:image:width\" content=\"1152\" \/>\n\t<meta property=\"og:image:height\" content=\"768\" \/>\n\t<meta property=\"og:image:type\" content=\"image\/jpeg\" \/>\n<meta name=\"author\" content=\"Ag\u00eancia iNFRA\" \/>\n<meta name=\"twitter:card\" content=\"summary_large_image\" \/>\n<meta name=\"twitter:creator\" content=\"@agencia_infra\" \/>\n<meta name=\"twitter:site\" content=\"@agencia_infra\" \/>\n<meta name=\"twitter:label1\" content=\"Escrito por\" \/>\n\t<meta name=\"twitter:data1\" content=\"Ag\u00eancia iNFRA\" \/>\n\t<meta name=\"twitter:label2\" content=\"Est. tempo de leitura\" \/>\n\t<meta name=\"twitter:data2\" content=\"3 minutos\" \/>\n<script type=\"application\/ld+json\" class=\"yoast-schema-graph\">{\"@context\":\"https:\/\/schema.org\",\"@graph\":[{\"@type\":\"Article\",\"@id\":\"https:\/\/agenciainfra.com\/blog\/pequenas-hidreletricas-temem-perder-descontos-no-fio-com-leilao-do-gsf-e-aneel-pauta-aplicacao-de-regra\/#article\",\"isPartOf\":{\"@id\":\"https:\/\/agenciainfra.com\/blog\/pequenas-hidreletricas-temem-perder-descontos-no-fio-com-leilao-do-gsf-e-aneel-pauta-aplicacao-de-regra\/\"},\"author\":{\"name\":\"Ag\u00eancia iNFRA\",\"@id\":\"https:\/\/agenciainfra.com\/blog\/#\/schema\/person\/34af08dff6adea4cb22b06612ba7acfa\"},\"headline\":\"Pequenas hidrel\u00e9tricas temem perder descontos no fio com leil\u00e3o do GSF e ANEEL pauta aplica\u00e7\u00e3o de regra\",\"datePublished\":\"2025-07-25T21:46:44+00:00\",\"dateModified\":\"2025-07-29T11:11:47+00:00\",\"mainEntityOfPage\":{\"@id\":\"https:\/\/agenciainfra.com\/blog\/pequenas-hidreletricas-temem-perder-descontos-no-fio-com-leilao-do-gsf-e-aneel-pauta-aplicacao-de-regra\/\"},\"wordCount\":619,\"publisher\":{\"@id\":\"https:\/\/agenciainfra.com\/blog\/#organization\"},\"image\":{\"@id\":\"https:\/\/agenciainfra.com\/blog\/pequenas-hidreletricas-temem-perder-descontos-no-fio-com-leilao-do-gsf-e-aneel-pauta-aplicacao-de-regra\/#primaryimage\"},\"thumbnailUrl\":\"https:\/\/agenciainfra.com\/blog\/wp-content\/uploads\/2025\/07\/pch-mogi-guacu-foto-raylton-alves-ANA.jpg\",\"keywords\":[\"ANEEL\",\"ccee\",\"Geraldo Campos Jr.\",\"GSF\",\"Lais Carregosa\",\"Marisa Wanzeller\",\"PCHs\",\"risco hidrol\u00f3gico\"],\"articleSection\":[\"Destaque lista\",\"Geral\",\"iNFRAEnergia\"],\"inLanguage\":\"pt-BR\",\"copyrightYear\":\"2025\",\"copyrightHolder\":{\"@id\":\"https:\/\/agenciainfra.com\/blog\/#organization\"}},{\"@type\":\"WebPage\",\"@id\":\"https:\/\/agenciainfra.com\/blog\/pequenas-hidreletricas-temem-perder-descontos-no-fio-com-leilao-do-gsf-e-aneel-pauta-aplicacao-de-regra\/\",\"url\":\"https:\/\/agenciainfra.com\/blog\/pequenas-hidreletricas-temem-perder-descontos-no-fio-com-leilao-do-gsf-e-aneel-pauta-aplicacao-de-regra\/\",\"name\":\"Pequenas hidrel\u00e9tricas temem perder descontos no fio com leil\u00e3o do GSF e ANEEL pauta aplica\u00e7\u00e3o de regra - Ag\u00eancia iNFRA\",\"isPartOf\":{\"@id\":\"https:\/\/agenciainfra.com\/blog\/#website\"},\"primaryImageOfPage\":{\"@id\":\"https:\/\/agenciainfra.com\/blog\/pequenas-hidreletricas-temem-perder-descontos-no-fio-com-leilao-do-gsf-e-aneel-pauta-aplicacao-de-regra\/#primaryimage\"},\"image\":{\"@id\":\"https:\/\/agenciainfra.com\/blog\/pequenas-hidreletricas-temem-perder-descontos-no-fio-com-leilao-do-gsf-e-aneel-pauta-aplicacao-de-regra\/#primaryimage\"},\"thumbnailUrl\":\"https:\/\/agenciainfra.com\/blog\/wp-content\/uploads\/2025\/07\/pch-mogi-guacu-foto-raylton-alves-ANA.jpg\",\"datePublished\":\"2025-07-25T21:46:44+00:00\",\"dateModified\":\"2025-07-29T11:11:47+00:00\",\"breadcrumb\":{\"@id\":\"https:\/\/agenciainfra.com\/blog\/pequenas-hidreletricas-temem-perder-descontos-no-fio-com-leilao-do-gsf-e-aneel-pauta-aplicacao-de-regra\/#breadcrumb\"},\"inLanguage\":\"pt-BR\",\"potentialAction\":[{\"@type\":\"ReadAction\",\"target\":[\"https:\/\/agenciainfra.com\/blog\/pequenas-hidreletricas-temem-perder-descontos-no-fio-com-leilao-do-gsf-e-aneel-pauta-aplicacao-de-regra\/\"]}]},{\"@type\":\"ImageObject\",\"inLanguage\":\"pt-BR\",\"@id\":\"https:\/\/agenciainfra.com\/blog\/pequenas-hidreletricas-temem-perder-descontos-no-fio-com-leilao-do-gsf-e-aneel-pauta-aplicacao-de-regra\/#primaryimage\",\"url\":\"https:\/\/agenciainfra.com\/blog\/wp-content\/uploads\/2025\/07\/pch-mogi-guacu-foto-raylton-alves-ANA.jpg\",\"contentUrl\":\"https:\/\/agenciainfra.com\/blog\/wp-content\/uploads\/2025\/07\/pch-mogi-guacu-foto-raylton-alves-ANA.jpg\",\"width\":1152,\"height\":768,\"caption\":\"Foto: Raylton Alves\/ANA\"},{\"@type\":\"BreadcrumbList\",\"@id\":\"https:\/\/agenciainfra.com\/blog\/pequenas-hidreletricas-temem-perder-descontos-no-fio-com-leilao-do-gsf-e-aneel-pauta-aplicacao-de-regra\/#breadcrumb\",\"itemListElement\":[{\"@type\":\"ListItem\",\"position\":1,\"name\":\"In\u00edcio\",\"item\":\"https:\/\/agenciainfra.com\/blog\/\"},{\"@type\":\"ListItem\",\"position\":2,\"name\":\"Pequenas hidrel\u00e9tricas temem perder descontos no fio com leil\u00e3o do GSF e ANEEL pauta aplica\u00e7\u00e3o de regra\"}]},{\"@type\":\"WebSite\",\"@id\":\"https:\/\/agenciainfra.com\/blog\/#website\",\"url\":\"https:\/\/agenciainfra.com\/blog\/\",\"name\":\"Ag\u00eancia iNFRA\",\"description\":\"Multiplataforma de informa\u00e7\u00e3o jornal\u00edstica refer\u00eancia na \u00e1rea de infraestrutura no Brasil!\",\"publisher\":{\"@id\":\"https:\/\/agenciainfra.com\/blog\/#organization\"},\"potentialAction\":[{\"@type\":\"SearchAction\",\"target\":{\"@type\":\"EntryPoint\",\"urlTemplate\":\"https:\/\/agenciainfra.com\/blog\/?s={search_term_string}\"},\"query-input\":{\"@type\":\"PropertyValueSpecification\",\"valueRequired\":true,\"valueName\":\"search_term_string\"}}],\"inLanguage\":\"pt-BR\"},{\"@type\":\"Organization\",\"@id\":\"https:\/\/agenciainfra.com\/blog\/#organization\",\"name\":\"Ag\u00eancia iNFRA\",\"url\":\"https:\/\/agenciainfra.com\/blog\/\",\"logo\":{\"@type\":\"ImageObject\",\"inLanguage\":\"pt-BR\",\"@id\":\"https:\/\/agenciainfra.com\/blog\/#\/schema\/logo\/image\/\",\"url\":\"https:\/\/agenciainfra.com\/blog\/wp-content\/uploads\/2023\/09\/iNFRA_5-e1761735885940.png\",\"contentUrl\":\"https:\/\/agenciainfra.com\/blog\/wp-content\/uploads\/2023\/09\/iNFRA_5-e1761735885940.png\",\"width\":1672,\"height\":454,\"caption\":\"Ag\u00eancia iNFRA\"},\"image\":{\"@id\":\"https:\/\/agenciainfra.com\/blog\/#\/schema\/logo\/image\/\"},\"sameAs\":[\"https:\/\/www.facebook.com\/ageninfra\",\"https:\/\/x.com\/agencia_infra\",\"https:\/\/www.linkedin.com\/company\/ag\u00eanciainfra\/\",\"https:\/\/www.instagram.com\/agenciainfra\/\"]},{\"@type\":\"Person\",\"@id\":\"https:\/\/agenciainfra.com\/blog\/#\/schema\/person\/34af08dff6adea4cb22b06612ba7acfa\",\"name\":\"Ag\u00eancia iNFRA\",\"image\":{\"@type\":\"ImageObject\",\"inLanguage\":\"pt-BR\",\"@id\":\"https:\/\/agenciainfra.com\/blog\/#\/schema\/person\/image\/\",\"url\":\"https:\/\/secure.gravatar.com\/avatar\/d189e01678f06d8eb84d4e01f08eb848b3fffe3f8443818d3c356c66892f5be8?s=96&d=mm&r=g\",\"contentUrl\":\"https:\/\/secure.gravatar.com\/avatar\/d189e01678f06d8eb84d4e01f08eb848b3fffe3f8443818d3c356c66892f5be8?s=96&d=mm&r=g\",\"caption\":\"Ag\u00eancia iNFRA\"},\"url\":\"https:\/\/agenciainfra.com\/blog\/author\/admin\/\"}]}<\/script>\n<!-- \/ Yoast SEO Premium plugin. -->","yoast_head_json":{"title":"Pequenas hidrel\u00e9tricas temem perder descontos no fio com leil\u00e3o do GSF e ANEEL pauta aplica\u00e7\u00e3o de regra - Ag\u00eancia iNFRA","robots":{"index":"index","follow":"follow","max-snippet":"max-snippet:-1","max-image-preview":"max-image-preview:large","max-video-preview":"max-video-preview:-1"},"canonical":"https:\/\/agenciainfra.com\/blog\/pequenas-hidreletricas-temem-perder-descontos-no-fio-com-leilao-do-gsf-e-aneel-pauta-aplicacao-de-regra\/","og_locale":"pt_BR","og_type":"article","og_title":"Pequenas hidrel\u00e9tricas temem perder descontos no fio com leil\u00e3o do GSF e ANEEL pauta aplica\u00e7\u00e3o de regra","og_description":"Geraldo Campos Jr., Marisa Wanzeller e Lais Carregosa, da Ag\u00eancia iNFRA As PCHs (Pequenas Centrais Hidrel\u00e9tricas) temem perder os descontos nos fios de distribui\u00e7\u00e3o e transmiss\u00e3o com a extens\u00e3o dos contratos prevista no leil\u00e3o de passivos do GSF (sigla que representa o risco hidrol\u00f3gico), disseram fontes \u00e0 Ag\u00eancia iNFRA. O certame est\u00e1 marcado para sexta-feira [&hellip;]","og_url":"https:\/\/agenciainfra.com\/blog\/pequenas-hidreletricas-temem-perder-descontos-no-fio-com-leilao-do-gsf-e-aneel-pauta-aplicacao-de-regra\/","og_site_name":"Ag\u00eancia iNFRA","article_publisher":"https:\/\/www.facebook.com\/ageninfra","article_published_time":"2025-07-25T21:46:44+00:00","article_modified_time":"2025-07-29T11:11:47+00:00","og_image":[{"width":1152,"height":768,"url":"https:\/\/agenciainfra.com\/blog\/wp-content\/uploads\/2025\/07\/pch-mogi-guacu-foto-raylton-alves-ANA.jpg","type":"image\/jpeg"}],"author":"Ag\u00eancia iNFRA","twitter_card":"summary_large_image","twitter_creator":"@agencia_infra","twitter_site":"@agencia_infra","twitter_misc":{"Escrito por":"Ag\u00eancia iNFRA","Est. tempo de leitura":"3 minutos"},"schema":{"@context":"https:\/\/schema.org","@graph":[{"@type":"Article","@id":"https:\/\/agenciainfra.com\/blog\/pequenas-hidreletricas-temem-perder-descontos-no-fio-com-leilao-do-gsf-e-aneel-pauta-aplicacao-de-regra\/#article","isPartOf":{"@id":"https:\/\/agenciainfra.com\/blog\/pequenas-hidreletricas-temem-perder-descontos-no-fio-com-leilao-do-gsf-e-aneel-pauta-aplicacao-de-regra\/"},"author":{"name":"Ag\u00eancia iNFRA","@id":"https:\/\/agenciainfra.com\/blog\/#\/schema\/person\/34af08dff6adea4cb22b06612ba7acfa"},"headline":"Pequenas hidrel\u00e9tricas temem perder descontos no fio com leil\u00e3o do GSF e ANEEL pauta aplica\u00e7\u00e3o de regra","datePublished":"2025-07-25T21:46:44+00:00","dateModified":"2025-07-29T11:11:47+00:00","mainEntityOfPage":{"@id":"https:\/\/agenciainfra.com\/blog\/pequenas-hidreletricas-temem-perder-descontos-no-fio-com-leilao-do-gsf-e-aneel-pauta-aplicacao-de-regra\/"},"wordCount":619,"publisher":{"@id":"https:\/\/agenciainfra.com\/blog\/#organization"},"image":{"@id":"https:\/\/agenciainfra.com\/blog\/pequenas-hidreletricas-temem-perder-descontos-no-fio-com-leilao-do-gsf-e-aneel-pauta-aplicacao-de-regra\/#primaryimage"},"thumbnailUrl":"https:\/\/agenciainfra.com\/blog\/wp-content\/uploads\/2025\/07\/pch-mogi-guacu-foto-raylton-alves-ANA.jpg","keywords":["ANEEL","ccee","Geraldo Campos Jr.","GSF","Lais Carregosa","Marisa Wanzeller","PCHs","risco hidrol\u00f3gico"],"articleSection":["Destaque lista","Geral","iNFRAEnergia"],"inLanguage":"pt-BR","copyrightYear":"2025","copyrightHolder":{"@id":"https:\/\/agenciainfra.com\/blog\/#organization"}},{"@type":"WebPage","@id":"https:\/\/agenciainfra.com\/blog\/pequenas-hidreletricas-temem-perder-descontos-no-fio-com-leilao-do-gsf-e-aneel-pauta-aplicacao-de-regra\/","url":"https:\/\/agenciainfra.com\/blog\/pequenas-hidreletricas-temem-perder-descontos-no-fio-com-leilao-do-gsf-e-aneel-pauta-aplicacao-de-regra\/","name":"Pequenas hidrel\u00e9tricas temem perder descontos no fio com leil\u00e3o do GSF e ANEEL pauta aplica\u00e7\u00e3o de regra - Ag\u00eancia iNFRA","isPartOf":{"@id":"https:\/\/agenciainfra.com\/blog\/#website"},"primaryImageOfPage":{"@id":"https:\/\/agenciainfra.com\/blog\/pequenas-hidreletricas-temem-perder-descontos-no-fio-com-leilao-do-gsf-e-aneel-pauta-aplicacao-de-regra\/#primaryimage"},"image":{"@id":"https:\/\/agenciainfra.com\/blog\/pequenas-hidreletricas-temem-perder-descontos-no-fio-com-leilao-do-gsf-e-aneel-pauta-aplicacao-de-regra\/#primaryimage"},"thumbnailUrl":"https:\/\/agenciainfra.com\/blog\/wp-content\/uploads\/2025\/07\/pch-mogi-guacu-foto-raylton-alves-ANA.jpg","datePublished":"2025-07-25T21:46:44+00:00","dateModified":"2025-07-29T11:11:47+00:00","breadcrumb":{"@id":"https:\/\/agenciainfra.com\/blog\/pequenas-hidreletricas-temem-perder-descontos-no-fio-com-leilao-do-gsf-e-aneel-pauta-aplicacao-de-regra\/#breadcrumb"},"inLanguage":"pt-BR","potentialAction":[{"@type":"ReadAction","target":["https:\/\/agenciainfra.com\/blog\/pequenas-hidreletricas-temem-perder-descontos-no-fio-com-leilao-do-gsf-e-aneel-pauta-aplicacao-de-regra\/"]}]},{"@type":"ImageObject","inLanguage":"pt-BR","@id":"https:\/\/agenciainfra.com\/blog\/pequenas-hidreletricas-temem-perder-descontos-no-fio-com-leilao-do-gsf-e-aneel-pauta-aplicacao-de-regra\/#primaryimage","url":"https:\/\/agenciainfra.com\/blog\/wp-content\/uploads\/2025\/07\/pch-mogi-guacu-foto-raylton-alves-ANA.jpg","contentUrl":"https:\/\/agenciainfra.com\/blog\/wp-content\/uploads\/2025\/07\/pch-mogi-guacu-foto-raylton-alves-ANA.jpg","width":1152,"height":768,"caption":"Foto: Raylton Alves\/ANA"},{"@type":"BreadcrumbList","@id":"https:\/\/agenciainfra.com\/blog\/pequenas-hidreletricas-temem-perder-descontos-no-fio-com-leilao-do-gsf-e-aneel-pauta-aplicacao-de-regra\/#breadcrumb","itemListElement":[{"@type":"ListItem","position":1,"name":"In\u00edcio","item":"https:\/\/agenciainfra.com\/blog\/"},{"@type":"ListItem","position":2,"name":"Pequenas hidrel\u00e9tricas temem perder descontos no fio com leil\u00e3o do GSF e ANEEL pauta aplica\u00e7\u00e3o de regra"}]},{"@type":"WebSite","@id":"https:\/\/agenciainfra.com\/blog\/#website","url":"https:\/\/agenciainfra.com\/blog\/","name":"Ag\u00eancia iNFRA","description":"Multiplataforma de informa\u00e7\u00e3o jornal\u00edstica refer\u00eancia na \u00e1rea de infraestrutura no Brasil!","publisher":{"@id":"https:\/\/agenciainfra.com\/blog\/#organization"},"potentialAction":[{"@type":"SearchAction","target":{"@type":"EntryPoint","urlTemplate":"https:\/\/agenciainfra.com\/blog\/?s={search_term_string}"},"query-input":{"@type":"PropertyValueSpecification","valueRequired":true,"valueName":"search_term_string"}}],"inLanguage":"pt-BR"},{"@type":"Organization","@id":"https:\/\/agenciainfra.com\/blog\/#organization","name":"Ag\u00eancia iNFRA","url":"https:\/\/agenciainfra.com\/blog\/","logo":{"@type":"ImageObject","inLanguage":"pt-BR","@id":"https:\/\/agenciainfra.com\/blog\/#\/schema\/logo\/image\/","url":"https:\/\/agenciainfra.com\/blog\/wp-content\/uploads\/2023\/09\/iNFRA_5-e1761735885940.png","contentUrl":"https:\/\/agenciainfra.com\/blog\/wp-content\/uploads\/2023\/09\/iNFRA_5-e1761735885940.png","width":1672,"height":454,"caption":"Ag\u00eancia iNFRA"},"image":{"@id":"https:\/\/agenciainfra.com\/blog\/#\/schema\/logo\/image\/"},"sameAs":["https:\/\/www.facebook.com\/ageninfra","https:\/\/x.com\/agencia_infra","https:\/\/www.linkedin.com\/company\/ag\u00eanciainfra\/","https:\/\/www.instagram.com\/agenciainfra\/"]},{"@type":"Person","@id":"https:\/\/agenciainfra.com\/blog\/#\/schema\/person\/34af08dff6adea4cb22b06612ba7acfa","name":"Ag\u00eancia iNFRA","image":{"@type":"ImageObject","inLanguage":"pt-BR","@id":"https:\/\/agenciainfra.com\/blog\/#\/schema\/person\/image\/","url":"https:\/\/secure.gravatar.com\/avatar\/d189e01678f06d8eb84d4e01f08eb848b3fffe3f8443818d3c356c66892f5be8?s=96&d=mm&r=g","contentUrl":"https:\/\/secure.gravatar.com\/avatar\/d189e01678f06d8eb84d4e01f08eb848b3fffe3f8443818d3c356c66892f5be8?s=96&d=mm&r=g","caption":"Ag\u00eancia iNFRA"},"url":"https:\/\/agenciainfra.com\/blog\/author\/admin\/"}]}},"_links":{"self":[{"href":"https:\/\/agenciainfra.com\/blog\/wp-json\/wp\/v2\/posts\/25394","targetHints":{"allow":["GET"]}}],"collection":[{"href":"https:\/\/agenciainfra.com\/blog\/wp-json\/wp\/v2\/posts"}],"about":[{"href":"https:\/\/agenciainfra.com\/blog\/wp-json\/wp\/v2\/types\/post"}],"author":[{"embeddable":true,"href":"https:\/\/agenciainfra.com\/blog\/wp-json\/wp\/v2\/users\/1"}],"replies":[{"embeddable":true,"href":"https:\/\/agenciainfra.com\/blog\/wp-json\/wp\/v2\/comments?post=25394"}],"version-history":[{"count":2,"href":"https:\/\/agenciainfra.com\/blog\/wp-json\/wp\/v2\/posts\/25394\/revisions"}],"predecessor-version":[{"id":25397,"href":"https:\/\/agenciainfra.com\/blog\/wp-json\/wp\/v2\/posts\/25394\/revisions\/25397"}],"wp:featuredmedia":[{"embeddable":true,"href":"https:\/\/agenciainfra.com\/blog\/wp-json\/wp\/v2\/media\/24634"}],"wp:attachment":[{"href":"https:\/\/agenciainfra.com\/blog\/wp-json\/wp\/v2\/media?parent=25394"}],"wp:term":[{"taxonomy":"category","embeddable":true,"href":"https:\/\/agenciainfra.com\/blog\/wp-json\/wp\/v2\/categories?post=25394"},{"taxonomy":"post_tag","embeddable":true,"href":"https:\/\/agenciainfra.com\/blog\/wp-json\/wp\/v2\/tags?post=25394"}],"curies":[{"name":"wp","href":"https:\/\/api.w.org\/{rel}","templated":true}]}}