{"id":25406,"date":"2025-07-28T11:00:00","date_gmt":"2025-07-28T14:00:00","guid":{"rendered":"https:\/\/agenciainfra.com\/blog\/?p=25406"},"modified":"2025-07-29T12:21:39","modified_gmt":"2025-07-29T15:21:39","slug":"integracao-sul-americana-ganha-reforco-com-tarifaco-de-trump-e-governo-amplia-diagnostico-sobre-rotas","status":"publish","type":"post","link":"https:\/\/agenciainfra.com\/blog\/integracao-sul-americana-ganha-reforco-com-tarifaco-de-trump-e-governo-amplia-diagnostico-sobre-rotas\/","title":{"rendered":"Integra\u00e7\u00e3o sul-americana ganha refor\u00e7o com &#8216;tarifa\u00e7o&#8217; de Trump e governo amplia diagn\u00f3stico sobre rotas"},"content":{"rendered":"\n<p class=\"has-text-align-right\"><strong>Amanda Pupo e Sheyla Santos, da Ag\u00eancia iNFRA<\/strong><\/p>\n\n\n\n<p>A possibilidade de as exporta\u00e7\u00f5es brasileiras aos Estados Unidos serem tarifadas em 50% a partir de agosto vai refor\u00e7ar a necessidade de o Brasil viabilizar novos mercados e inverter o status subaproveitado das trocas com outros pa\u00edses da Am\u00e9rica do Sul. Para isso, no entanto, \u00e9 preciso vencer gargalos hist\u00f3ricos de infraestrutura visando uma conex\u00e3o mais eficiente com os vizinhos. \u00a0\u00a0<br><br>O mapeamento do tema avan\u00e7ou mais uma etapa dentro do governo nos \u00faltimos meses, com a conclus\u00e3o de um novo estudo das Rotas de Integra\u00e7\u00e3o Sul-Americana,\u00a0divulgado nesta segunda-feira (28) pelo MPO (Minist\u00e9rio do Planejamento e Or\u00e7amento). O documento identifica desafios na infraestrutura e oportunidades para potencializar a conex\u00e3o dos 16 estados brasileiros n\u00e3o fronteiri\u00e7os com a economia dos pa\u00edses vizinhos.\u00a0<br><br>\u201cEle\u00a0[Estados Unidos] est\u00e1\u00a0empurrando para n\u00f3s a necessidade maior ainda de fazer a integra\u00e7\u00e3o sul-americana\u201d, avaliou \u00e0\u00a0<strong>Ag\u00eancia iNFRA<\/strong>\u00a0o\u00a0secret\u00e1rio de Articula\u00e7\u00e3o Institucional do MPO, Jo\u00e3o Villaverde. Ele\u00a0lembrou que o com\u00e9rcio intrarregional hoje \u00e9 de apenas 15%. Em contraste, na \u00c1sia, por exemplo, ele \u00e9 de 58%. Na Europa, \u00e9 de 62%. &#8220;Por que somos justamente n\u00f3s, os sul-americanos, a destoar? Aproximar o nosso continente das pr\u00e1ticas globais \u00e9 um mandamento&#8221;, afirma\u00a0texto assinado pela ministra Simone Tebet no relat\u00f3rio.<br><br>Elaborado a partir de um cruzamento de dados p\u00fablicos, como da Receita Federal e do MDIC (Minist\u00e9rio do Desenvolvimento, Ind\u00fastria, Com\u00e9rcio e Servi\u00e7os), e reuni\u00f5es com os executivos locais, o recente estudo do MPO traz, entre outros pontos, um raio-x do escoamento produtivo de cada um dos 16 estados n\u00e3o fronteiri\u00e7os. A partir disso, indica oportunidades de melhoria na malha de transporte para conect\u00e1-los com mais efici\u00eancia \u00e0s rotas de integra\u00e7\u00e3o.<br><br>\u201cChamou muito a nossa aten\u00e7\u00e3o como de modo geral os estados brasileiros percorrem muitas rodovias dentro do Brasil em vez de fazer outros modais. O trabalho mostra que temos uma necessidade premente de gastar mais tempo e mais recursos com ferrovias e hidrovias\u201d, disse o secret\u00e1rio do MPO.\u00a0<br><br><strong>Demanda e sugest\u00f5es<\/strong><br>Segundo Villaverde, o olhar para os estados n\u00e3o fronteiri\u00e7os partiu tamb\u00e9m de uma demanda ouvida no di\u00e1logo com empres\u00e1rios, interessados tanto em atender mais mercados na Am\u00e9rica Latina como em explorar a via de exporta\u00e7\u00e3o pelo Pac\u00edfico. O sentido contr\u00e1rio tamb\u00e9m \u00e9 destacado, especialmente ap\u00f3s a conclus\u00e3o do acordo Mercosul-Uni\u00e3o Europeia. A integra\u00e7\u00e3o regional poderia facilitar as vendas \u00e0 Europa dos pa\u00edses vizinhos atrav\u00e9s dos portos brasileiros, destacadamente do Nordeste.\u00a0<br><br>O relat\u00f3rio dedica uma se\u00e7\u00e3o de diagn\u00f3stico e recomenda\u00e7\u00f5es para cada um dos Estados, o que inclui tamb\u00e9m an\u00e1lises sobre atividades econ\u00f4micas e oportunidades de neg\u00f3cios nas regi\u00f5es. Entre as sugest\u00f5es, no Nordeste, por exemplo, o MPO indica a import\u00e2ncia de se viabilizar um porto seco ou uma plataforma log\u00edstica na cidade de Salgueiro (PE). A cidade tem uma localiza\u00e7\u00e3o \u201cestrat\u00e9gica\u201d, cita a pasta, relacionada \u00e0s possibilidades de conex\u00e3o com a BR-232, a BR-116 e a Ferrovia Transnordestina.\u00a0<br><br>Muitos dos achados t\u00eam liga\u00e7\u00e3o direta com obras ou projetos j\u00e1 idealizados no pa\u00eds e que s\u00e3o parte dos empreendimentos monitorados no \u00e2mbito das Rotas de Integra\u00e7\u00e3o Sul-Americana. A situa\u00e7\u00e3o adiciona um grau de depend\u00eancia do programa ao andamento de obras que historicamente t\u00eam desafios para sair do papel &#8211; como \u00e9 o caso de\u00a0ramais da Transnordestina.\u00a0<br><br>Outro exemplo \u00e9 o corredor Fico (Ferrovia da Integra\u00e7\u00e3o do Centro Oeste)-Fiol (Ferrovia de Integra\u00e7\u00e3o Oeste Leste), que finaliza na Bahia mas ainda est\u00e1 em fase de constru\u00e7\u00e3o ou de estudos para alguns trechos, com leil\u00e3o programado apenas para 2026. Villaverde afirma que o Brasil tem uma \u201cnecessidade absurda\u201d de os projetos da Fico e da Fiol se conclu\u00edrem. \u201cEsse trabalho tamb\u00e9m mostrou para n\u00f3s como \u00e9 chave pensar numa ferrovia bioce\u00e2nica\u201d, disse o secret\u00e1rio.\u00a0<br><br><strong>Potencial<\/strong><br>Entre outras recomenda\u00e7\u00f5es, o estudo do MPO indica vantagens no fortalecimento do porto seco do Distrito Federal, na revitaliza\u00e7\u00e3o do Porto Fluvial de Ibotirama (BA), na implementa\u00e7\u00e3o de um porto seco em Quixeramobim (CE) e na reestrutura\u00e7\u00e3o do Porto Fluvial de Pirapora (MG). \u201cH\u00e1 um papel de soldura nacional que Minas Gerais exerce pela infraestrutura\u201d, observou o secret\u00e1rio do MPO.\u00a0<br><br>Ele tamb\u00e9m chama aten\u00e7\u00e3o para os n\u00fameros de S\u00e3o Paulo, em especial ap\u00f3s o an\u00fancio do tarifa\u00e7o de Trump. Segundo o relat\u00f3rio, nos \u00faltimos anos, uma m\u00e9dia de quase 25% das exporta\u00e7\u00f5es totais paulistas foram destinadas aos pa\u00edses da Am\u00e9rica do Sul. Em 2024, foram US$ 15,1 bilh\u00f5es, sendo US$ 8,1 bilh\u00f5es (54%) por rodovias.\u00a0<br><br>Isso mostra que S\u00e3o Paulo exportou mais para a Am\u00e9rica do Sul do que para os Estados Unidos (US$ 13,6 bilh\u00f5es). \u201cS\u00f3 o que S\u00e3o Paulo exporta para a Am\u00e9rica do Sul por rodovia \u00e9 mais do que S\u00e3o Paulo exporta ao todo para a China\u201d, assinalou\u00a0tamb\u00e9m Villaverde, argumentando que h\u00e1 muito espa\u00e7o para o com\u00e9rcio com a Am\u00e9rica do Sul\u00a0crescer.\u00a0<br><br>O MPO diz que o estado exerce \u201cpapel central\u201d na edifica\u00e7\u00e3o da integra\u00e7\u00e3o sul-americana, com potencial para ampliar a exporta\u00e7\u00e3o de servi\u00e7os de valor agregado para a regi\u00e3o. \u201cNo caso das importa\u00e7\u00f5es paulistas de bens oriundos da regi\u00e3o, 59% se d\u00e3o por caminh\u00f5es. A melhoria das condi\u00e7\u00f5es das estradas e dos pontos de fronteira \u00e9 fundamental para manter ou ampliar esses resultados\u201d, afirma o relat\u00f3rio.<br><br><strong>Cronograma<\/strong><br>Nas primeiras fases do projeto, criado em 2023, a pasta focou na viabiliza\u00e7\u00e3o das cinco rotas de integra\u00e7\u00e3o do Brasil com a Am\u00e9rica Latina especialmente a partir dos 11 estados de fronteira. Villaverde explicou que o pr\u00f3ximo passo agora \u00e9\u00a0oficializar as sugest\u00f5es envolvendo os 16 estados n\u00e3o fronteiri\u00e7os \u00e0 Casa Civil, que vai decidir como ser\u00e1 o acompanhamento desse novo card\u00e1pio. \u201cVeremos se isso ser\u00e1 incorporado \u00e0 sala de situa\u00e7\u00e3o j\u00e1 estabelecida das Rotas, tal como conhecemos, ou se faremos um grupo\u201d, disse.<br><br>O governo busca viabilizar cinco Rotas de Integra\u00e7\u00e3o Sul-Americana. S\u00e3o elas:\u00a0\u201cRota 1 \u2013 Ilha das Guianas\u201d; \u201cRota 2 \u2013 Amaz\u00f4nica\u201d; \u201cRota 3 \u2013 Quadrante Rondon\u201d; \u201cRota 4 &#8211; Bioce\u00e2nica de Capric\u00f3rnio\u201d; e \u201cRota 5 \u2013 Bioce\u00e2nica do Sul&#8221;, que\u00a0re\u00fanem ao todo 190 projetos e obras.<\/p>\n","protected":false},"excerpt":{"rendered":"<p>Amanda Pupo e Sheyla Santos, da Ag\u00eancia iNFRA A possibilidade de as exporta\u00e7\u00f5es brasileiras aos Estados Unidos serem tarifadas em 50% a partir de agosto vai refor\u00e7ar a necessidade de o Brasil viabilizar novos mercados e inverter o status subaproveitado das trocas com outros pa\u00edses da Am\u00e9rica do Sul. Para isso, no entanto, \u00e9 preciso [&hellip;]<\/p>\n","protected":false},"author":1,"featured_media":25407,"comment_status":"closed","ping_status":"closed","sticky":false,"template":"","format":"standard","meta":{"_monsterinsights_skip_tracking":false,"_monsterinsights_sitenote_active":false,"_monsterinsights_sitenote_note":"","_monsterinsights_sitenote_category":0,"footnotes":""},"categories":[7250,1,7],"tags":[13354,34,7691,66,14600,10512,8838,14599],"class_list":["post-25406","post","type-post","status-publish","format-standard","has-post-thumbnail","hentry","category-destaque-lista","category-geral","category-infratransporte","tag-amanda-pupo","tag-infraestrutura","tag-integracao-sul-americana","tag-logistica","tag-ministerio-de-planejamento-e-orcamento","tag-rotas-de-integracao","tag-sheyla-santos","tag-tarifaco-de-trump"],"yoast_head":"<!-- This site is optimized with the Yoast SEO Premium plugin v25.4 (Yoast SEO v26.0) - https:\/\/yoast.com\/wordpress\/plugins\/seo\/ -->\n<title>Integra\u00e7\u00e3o sul-americana ganha refor\u00e7o com &#039;tarifa\u00e7o&#039; de Trump e governo amplia diagn\u00f3stico sobre rotas - Ag\u00eancia iNFRA<\/title>\n<meta name=\"robots\" content=\"index, follow, max-snippet:-1, max-image-preview:large, max-video-preview:-1\" \/>\n<link rel=\"canonical\" href=\"https:\/\/agenciainfra.com\/blog\/integracao-sul-americana-ganha-reforco-com-tarifaco-de-trump-e-governo-amplia-diagnostico-sobre-rotas\/\" \/>\n<meta property=\"og:locale\" content=\"pt_BR\" \/>\n<meta property=\"og:type\" content=\"article\" \/>\n<meta property=\"og:title\" content=\"Integra\u00e7\u00e3o sul-americana ganha refor\u00e7o com &#039;tarifa\u00e7o&#039; de Trump e governo amplia diagn\u00f3stico sobre rotas\" \/>\n<meta property=\"og:description\" content=\"Amanda Pupo e Sheyla Santos, da Ag\u00eancia iNFRA A possibilidade de as exporta\u00e7\u00f5es brasileiras aos Estados Unidos serem tarifadas em 50% a partir de agosto vai refor\u00e7ar a necessidade de o Brasil viabilizar novos mercados e inverter o status subaproveitado das trocas com outros pa\u00edses da Am\u00e9rica do Sul. Para isso, no entanto, \u00e9 preciso [&hellip;]\" \/>\n<meta property=\"og:url\" content=\"https:\/\/agenciainfra.com\/blog\/integracao-sul-americana-ganha-reforco-com-tarifaco-de-trump-e-governo-amplia-diagnostico-sobre-rotas\/\" \/>\n<meta property=\"og:site_name\" content=\"Ag\u00eancia iNFRA\" \/>\n<meta property=\"article:publisher\" content=\"https:\/\/www.facebook.com\/ageninfra\" \/>\n<meta property=\"article:published_time\" content=\"2025-07-28T14:00:00+00:00\" \/>\n<meta property=\"article:modified_time\" content=\"2025-07-29T15:21:39+00:00\" \/>\n<meta property=\"og:image\" content=\"https:\/\/agenciainfra.com\/blog\/wp-content\/uploads\/2025\/07\/rotas-de-integracao-arte-mpo-1.jpg\" \/>\n\t<meta property=\"og:image:width\" content=\"1280\" \/>\n\t<meta property=\"og:image:height\" content=\"784\" \/>\n\t<meta property=\"og:image:type\" content=\"image\/jpeg\" \/>\n<meta name=\"author\" content=\"Ag\u00eancia iNFRA\" \/>\n<meta name=\"twitter:card\" content=\"summary_large_image\" \/>\n<meta name=\"twitter:creator\" content=\"@agencia_infra\" \/>\n<meta name=\"twitter:site\" content=\"@agencia_infra\" \/>\n<meta name=\"twitter:label1\" content=\"Escrito por\" \/>\n\t<meta name=\"twitter:data1\" content=\"Ag\u00eancia iNFRA\" \/>\n\t<meta name=\"twitter:label2\" content=\"Est. tempo de leitura\" \/>\n\t<meta name=\"twitter:data2\" content=\"5 minutos\" \/>\n<script type=\"application\/ld+json\" class=\"yoast-schema-graph\">{\"@context\":\"https:\/\/schema.org\",\"@graph\":[{\"@type\":\"Article\",\"@id\":\"https:\/\/agenciainfra.com\/blog\/integracao-sul-americana-ganha-reforco-com-tarifaco-de-trump-e-governo-amplia-diagnostico-sobre-rotas\/#article\",\"isPartOf\":{\"@id\":\"https:\/\/agenciainfra.com\/blog\/integracao-sul-americana-ganha-reforco-com-tarifaco-de-trump-e-governo-amplia-diagnostico-sobre-rotas\/\"},\"author\":{\"name\":\"Ag\u00eancia iNFRA\",\"@id\":\"https:\/\/agenciainfra.com\/blog\/#\/schema\/person\/34af08dff6adea4cb22b06612ba7acfa\"},\"headline\":\"Integra\u00e7\u00e3o sul-americana ganha refor\u00e7o com &#8216;tarifa\u00e7o&#8217; de Trump e governo amplia diagn\u00f3stico sobre rotas\",\"datePublished\":\"2025-07-28T14:00:00+00:00\",\"dateModified\":\"2025-07-29T15:21:39+00:00\",\"mainEntityOfPage\":{\"@id\":\"https:\/\/agenciainfra.com\/blog\/integracao-sul-americana-ganha-reforco-com-tarifaco-de-trump-e-governo-amplia-diagnostico-sobre-rotas\/\"},\"wordCount\":1110,\"publisher\":{\"@id\":\"https:\/\/agenciainfra.com\/blog\/#organization\"},\"image\":{\"@id\":\"https:\/\/agenciainfra.com\/blog\/integracao-sul-americana-ganha-reforco-com-tarifaco-de-trump-e-governo-amplia-diagnostico-sobre-rotas\/#primaryimage\"},\"thumbnailUrl\":\"https:\/\/agenciainfra.com\/blog\/wp-content\/uploads\/2025\/07\/rotas-de-integracao-arte-mpo-1.jpg\",\"keywords\":[\"Amanda Pupo\",\"Infraestrutura\",\"integra\u00e7\u00e3o sul-americana\",\"log\u00edstica\",\"minist\u00e9rio de planejamento e or\u00e7amento\",\"rotas de integra\u00e7\u00e3o\",\"Sheyla Santos\",\"tarifa\u00e7o de trump\"],\"articleSection\":[\"Destaque lista\",\"Geral\",\"iNFRATransporte\"],\"inLanguage\":\"pt-BR\",\"copyrightYear\":\"2025\",\"copyrightHolder\":{\"@id\":\"https:\/\/agenciainfra.com\/blog\/#organization\"}},{\"@type\":\"WebPage\",\"@id\":\"https:\/\/agenciainfra.com\/blog\/integracao-sul-americana-ganha-reforco-com-tarifaco-de-trump-e-governo-amplia-diagnostico-sobre-rotas\/\",\"url\":\"https:\/\/agenciainfra.com\/blog\/integracao-sul-americana-ganha-reforco-com-tarifaco-de-trump-e-governo-amplia-diagnostico-sobre-rotas\/\",\"name\":\"Integra\u00e7\u00e3o sul-americana ganha refor\u00e7o com 'tarifa\u00e7o' de Trump e governo amplia diagn\u00f3stico sobre rotas - Ag\u00eancia iNFRA\",\"isPartOf\":{\"@id\":\"https:\/\/agenciainfra.com\/blog\/#website\"},\"primaryImageOfPage\":{\"@id\":\"https:\/\/agenciainfra.com\/blog\/integracao-sul-americana-ganha-reforco-com-tarifaco-de-trump-e-governo-amplia-diagnostico-sobre-rotas\/#primaryimage\"},\"image\":{\"@id\":\"https:\/\/agenciainfra.com\/blog\/integracao-sul-americana-ganha-reforco-com-tarifaco-de-trump-e-governo-amplia-diagnostico-sobre-rotas\/#primaryimage\"},\"thumbnailUrl\":\"https:\/\/agenciainfra.com\/blog\/wp-content\/uploads\/2025\/07\/rotas-de-integracao-arte-mpo-1.jpg\",\"datePublished\":\"2025-07-28T14:00:00+00:00\",\"dateModified\":\"2025-07-29T15:21:39+00:00\",\"breadcrumb\":{\"@id\":\"https:\/\/agenciainfra.com\/blog\/integracao-sul-americana-ganha-reforco-com-tarifaco-de-trump-e-governo-amplia-diagnostico-sobre-rotas\/#breadcrumb\"},\"inLanguage\":\"pt-BR\",\"potentialAction\":[{\"@type\":\"ReadAction\",\"target\":[\"https:\/\/agenciainfra.com\/blog\/integracao-sul-americana-ganha-reforco-com-tarifaco-de-trump-e-governo-amplia-diagnostico-sobre-rotas\/\"]}]},{\"@type\":\"ImageObject\",\"inLanguage\":\"pt-BR\",\"@id\":\"https:\/\/agenciainfra.com\/blog\/integracao-sul-americana-ganha-reforco-com-tarifaco-de-trump-e-governo-amplia-diagnostico-sobre-rotas\/#primaryimage\",\"url\":\"https:\/\/agenciainfra.com\/blog\/wp-content\/uploads\/2025\/07\/rotas-de-integracao-arte-mpo-1.jpg\",\"contentUrl\":\"https:\/\/agenciainfra.com\/blog\/wp-content\/uploads\/2025\/07\/rotas-de-integracao-arte-mpo-1.jpg\",\"width\":1280,\"height\":784,\"caption\":\"Arte: Apresenta\u00e7\u00e3o MPO\"},{\"@type\":\"BreadcrumbList\",\"@id\":\"https:\/\/agenciainfra.com\/blog\/integracao-sul-americana-ganha-reforco-com-tarifaco-de-trump-e-governo-amplia-diagnostico-sobre-rotas\/#breadcrumb\",\"itemListElement\":[{\"@type\":\"ListItem\",\"position\":1,\"name\":\"In\u00edcio\",\"item\":\"https:\/\/agenciainfra.com\/blog\/\"},{\"@type\":\"ListItem\",\"position\":2,\"name\":\"Integra\u00e7\u00e3o sul-americana ganha refor\u00e7o com &#8216;tarifa\u00e7o&#8217; de Trump e governo amplia diagn\u00f3stico sobre rotas\"}]},{\"@type\":\"WebSite\",\"@id\":\"https:\/\/agenciainfra.com\/blog\/#website\",\"url\":\"https:\/\/agenciainfra.com\/blog\/\",\"name\":\"Ag\u00eancia iNFRA\",\"description\":\"Multiplataforma de informa\u00e7\u00e3o jornal\u00edstica refer\u00eancia na \u00e1rea de infraestrutura no Brasil!\",\"publisher\":{\"@id\":\"https:\/\/agenciainfra.com\/blog\/#organization\"},\"potentialAction\":[{\"@type\":\"SearchAction\",\"target\":{\"@type\":\"EntryPoint\",\"urlTemplate\":\"https:\/\/agenciainfra.com\/blog\/?s={search_term_string}\"},\"query-input\":{\"@type\":\"PropertyValueSpecification\",\"valueRequired\":true,\"valueName\":\"search_term_string\"}}],\"inLanguage\":\"pt-BR\"},{\"@type\":\"Organization\",\"@id\":\"https:\/\/agenciainfra.com\/blog\/#organization\",\"name\":\"Ag\u00eancia iNFRA\",\"url\":\"https:\/\/agenciainfra.com\/blog\/\",\"logo\":{\"@type\":\"ImageObject\",\"inLanguage\":\"pt-BR\",\"@id\":\"https:\/\/agenciainfra.com\/blog\/#\/schema\/logo\/image\/\",\"url\":\"https:\/\/agenciainfra.com\/blog\/wp-content\/uploads\/2023\/09\/iNFRA_5-e1761735885940.png\",\"contentUrl\":\"https:\/\/agenciainfra.com\/blog\/wp-content\/uploads\/2023\/09\/iNFRA_5-e1761735885940.png\",\"width\":1672,\"height\":454,\"caption\":\"Ag\u00eancia iNFRA\"},\"image\":{\"@id\":\"https:\/\/agenciainfra.com\/blog\/#\/schema\/logo\/image\/\"},\"sameAs\":[\"https:\/\/www.facebook.com\/ageninfra\",\"https:\/\/x.com\/agencia_infra\",\"https:\/\/www.linkedin.com\/company\/ag\u00eanciainfra\/\",\"https:\/\/www.instagram.com\/agenciainfra\/\"]},{\"@type\":\"Person\",\"@id\":\"https:\/\/agenciainfra.com\/blog\/#\/schema\/person\/34af08dff6adea4cb22b06612ba7acfa\",\"name\":\"Ag\u00eancia iNFRA\",\"image\":{\"@type\":\"ImageObject\",\"inLanguage\":\"pt-BR\",\"@id\":\"https:\/\/agenciainfra.com\/blog\/#\/schema\/person\/image\/\",\"url\":\"https:\/\/secure.gravatar.com\/avatar\/d189e01678f06d8eb84d4e01f08eb848b3fffe3f8443818d3c356c66892f5be8?s=96&d=mm&r=g\",\"contentUrl\":\"https:\/\/secure.gravatar.com\/avatar\/d189e01678f06d8eb84d4e01f08eb848b3fffe3f8443818d3c356c66892f5be8?s=96&d=mm&r=g\",\"caption\":\"Ag\u00eancia iNFRA\"},\"url\":\"https:\/\/agenciainfra.com\/blog\/author\/admin\/\"}]}<\/script>\n<!-- \/ Yoast SEO Premium plugin. -->","yoast_head_json":{"title":"Integra\u00e7\u00e3o sul-americana ganha refor\u00e7o com 'tarifa\u00e7o' de Trump e governo amplia diagn\u00f3stico sobre rotas - Ag\u00eancia iNFRA","robots":{"index":"index","follow":"follow","max-snippet":"max-snippet:-1","max-image-preview":"max-image-preview:large","max-video-preview":"max-video-preview:-1"},"canonical":"https:\/\/agenciainfra.com\/blog\/integracao-sul-americana-ganha-reforco-com-tarifaco-de-trump-e-governo-amplia-diagnostico-sobre-rotas\/","og_locale":"pt_BR","og_type":"article","og_title":"Integra\u00e7\u00e3o sul-americana ganha refor\u00e7o com 'tarifa\u00e7o' de Trump e governo amplia diagn\u00f3stico sobre rotas","og_description":"Amanda Pupo e Sheyla Santos, da Ag\u00eancia iNFRA A possibilidade de as exporta\u00e7\u00f5es brasileiras aos Estados Unidos serem tarifadas em 50% a partir de agosto vai refor\u00e7ar a necessidade de o Brasil viabilizar novos mercados e inverter o status subaproveitado das trocas com outros pa\u00edses da Am\u00e9rica do Sul. Para isso, no entanto, \u00e9 preciso [&hellip;]","og_url":"https:\/\/agenciainfra.com\/blog\/integracao-sul-americana-ganha-reforco-com-tarifaco-de-trump-e-governo-amplia-diagnostico-sobre-rotas\/","og_site_name":"Ag\u00eancia iNFRA","article_publisher":"https:\/\/www.facebook.com\/ageninfra","article_published_time":"2025-07-28T14:00:00+00:00","article_modified_time":"2025-07-29T15:21:39+00:00","og_image":[{"width":1280,"height":784,"url":"https:\/\/agenciainfra.com\/blog\/wp-content\/uploads\/2025\/07\/rotas-de-integracao-arte-mpo-1.jpg","type":"image\/jpeg"}],"author":"Ag\u00eancia iNFRA","twitter_card":"summary_large_image","twitter_creator":"@agencia_infra","twitter_site":"@agencia_infra","twitter_misc":{"Escrito por":"Ag\u00eancia iNFRA","Est. tempo de leitura":"5 minutos"},"schema":{"@context":"https:\/\/schema.org","@graph":[{"@type":"Article","@id":"https:\/\/agenciainfra.com\/blog\/integracao-sul-americana-ganha-reforco-com-tarifaco-de-trump-e-governo-amplia-diagnostico-sobre-rotas\/#article","isPartOf":{"@id":"https:\/\/agenciainfra.com\/blog\/integracao-sul-americana-ganha-reforco-com-tarifaco-de-trump-e-governo-amplia-diagnostico-sobre-rotas\/"},"author":{"name":"Ag\u00eancia iNFRA","@id":"https:\/\/agenciainfra.com\/blog\/#\/schema\/person\/34af08dff6adea4cb22b06612ba7acfa"},"headline":"Integra\u00e7\u00e3o sul-americana ganha refor\u00e7o com &#8216;tarifa\u00e7o&#8217; de Trump e governo amplia diagn\u00f3stico sobre rotas","datePublished":"2025-07-28T14:00:00+00:00","dateModified":"2025-07-29T15:21:39+00:00","mainEntityOfPage":{"@id":"https:\/\/agenciainfra.com\/blog\/integracao-sul-americana-ganha-reforco-com-tarifaco-de-trump-e-governo-amplia-diagnostico-sobre-rotas\/"},"wordCount":1110,"publisher":{"@id":"https:\/\/agenciainfra.com\/blog\/#organization"},"image":{"@id":"https:\/\/agenciainfra.com\/blog\/integracao-sul-americana-ganha-reforco-com-tarifaco-de-trump-e-governo-amplia-diagnostico-sobre-rotas\/#primaryimage"},"thumbnailUrl":"https:\/\/agenciainfra.com\/blog\/wp-content\/uploads\/2025\/07\/rotas-de-integracao-arte-mpo-1.jpg","keywords":["Amanda Pupo","Infraestrutura","integra\u00e7\u00e3o sul-americana","log\u00edstica","minist\u00e9rio de planejamento e or\u00e7amento","rotas de integra\u00e7\u00e3o","Sheyla Santos","tarifa\u00e7o de trump"],"articleSection":["Destaque lista","Geral","iNFRATransporte"],"inLanguage":"pt-BR","copyrightYear":"2025","copyrightHolder":{"@id":"https:\/\/agenciainfra.com\/blog\/#organization"}},{"@type":"WebPage","@id":"https:\/\/agenciainfra.com\/blog\/integracao-sul-americana-ganha-reforco-com-tarifaco-de-trump-e-governo-amplia-diagnostico-sobre-rotas\/","url":"https:\/\/agenciainfra.com\/blog\/integracao-sul-americana-ganha-reforco-com-tarifaco-de-trump-e-governo-amplia-diagnostico-sobre-rotas\/","name":"Integra\u00e7\u00e3o sul-americana ganha refor\u00e7o com 'tarifa\u00e7o' de Trump e governo amplia diagn\u00f3stico sobre rotas - Ag\u00eancia iNFRA","isPartOf":{"@id":"https:\/\/agenciainfra.com\/blog\/#website"},"primaryImageOfPage":{"@id":"https:\/\/agenciainfra.com\/blog\/integracao-sul-americana-ganha-reforco-com-tarifaco-de-trump-e-governo-amplia-diagnostico-sobre-rotas\/#primaryimage"},"image":{"@id":"https:\/\/agenciainfra.com\/blog\/integracao-sul-americana-ganha-reforco-com-tarifaco-de-trump-e-governo-amplia-diagnostico-sobre-rotas\/#primaryimage"},"thumbnailUrl":"https:\/\/agenciainfra.com\/blog\/wp-content\/uploads\/2025\/07\/rotas-de-integracao-arte-mpo-1.jpg","datePublished":"2025-07-28T14:00:00+00:00","dateModified":"2025-07-29T15:21:39+00:00","breadcrumb":{"@id":"https:\/\/agenciainfra.com\/blog\/integracao-sul-americana-ganha-reforco-com-tarifaco-de-trump-e-governo-amplia-diagnostico-sobre-rotas\/#breadcrumb"},"inLanguage":"pt-BR","potentialAction":[{"@type":"ReadAction","target":["https:\/\/agenciainfra.com\/blog\/integracao-sul-americana-ganha-reforco-com-tarifaco-de-trump-e-governo-amplia-diagnostico-sobre-rotas\/"]}]},{"@type":"ImageObject","inLanguage":"pt-BR","@id":"https:\/\/agenciainfra.com\/blog\/integracao-sul-americana-ganha-reforco-com-tarifaco-de-trump-e-governo-amplia-diagnostico-sobre-rotas\/#primaryimage","url":"https:\/\/agenciainfra.com\/blog\/wp-content\/uploads\/2025\/07\/rotas-de-integracao-arte-mpo-1.jpg","contentUrl":"https:\/\/agenciainfra.com\/blog\/wp-content\/uploads\/2025\/07\/rotas-de-integracao-arte-mpo-1.jpg","width":1280,"height":784,"caption":"Arte: Apresenta\u00e7\u00e3o MPO"},{"@type":"BreadcrumbList","@id":"https:\/\/agenciainfra.com\/blog\/integracao-sul-americana-ganha-reforco-com-tarifaco-de-trump-e-governo-amplia-diagnostico-sobre-rotas\/#breadcrumb","itemListElement":[{"@type":"ListItem","position":1,"name":"In\u00edcio","item":"https:\/\/agenciainfra.com\/blog\/"},{"@type":"ListItem","position":2,"name":"Integra\u00e7\u00e3o sul-americana ganha refor\u00e7o com &#8216;tarifa\u00e7o&#8217; de Trump e governo amplia diagn\u00f3stico sobre rotas"}]},{"@type":"WebSite","@id":"https:\/\/agenciainfra.com\/blog\/#website","url":"https:\/\/agenciainfra.com\/blog\/","name":"Ag\u00eancia iNFRA","description":"Multiplataforma de informa\u00e7\u00e3o jornal\u00edstica refer\u00eancia na \u00e1rea de infraestrutura no Brasil!","publisher":{"@id":"https:\/\/agenciainfra.com\/blog\/#organization"},"potentialAction":[{"@type":"SearchAction","target":{"@type":"EntryPoint","urlTemplate":"https:\/\/agenciainfra.com\/blog\/?s={search_term_string}"},"query-input":{"@type":"PropertyValueSpecification","valueRequired":true,"valueName":"search_term_string"}}],"inLanguage":"pt-BR"},{"@type":"Organization","@id":"https:\/\/agenciainfra.com\/blog\/#organization","name":"Ag\u00eancia iNFRA","url":"https:\/\/agenciainfra.com\/blog\/","logo":{"@type":"ImageObject","inLanguage":"pt-BR","@id":"https:\/\/agenciainfra.com\/blog\/#\/schema\/logo\/image\/","url":"https:\/\/agenciainfra.com\/blog\/wp-content\/uploads\/2023\/09\/iNFRA_5-e1761735885940.png","contentUrl":"https:\/\/agenciainfra.com\/blog\/wp-content\/uploads\/2023\/09\/iNFRA_5-e1761735885940.png","width":1672,"height":454,"caption":"Ag\u00eancia iNFRA"},"image":{"@id":"https:\/\/agenciainfra.com\/blog\/#\/schema\/logo\/image\/"},"sameAs":["https:\/\/www.facebook.com\/ageninfra","https:\/\/x.com\/agencia_infra","https:\/\/www.linkedin.com\/company\/ag\u00eanciainfra\/","https:\/\/www.instagram.com\/agenciainfra\/"]},{"@type":"Person","@id":"https:\/\/agenciainfra.com\/blog\/#\/schema\/person\/34af08dff6adea4cb22b06612ba7acfa","name":"Ag\u00eancia iNFRA","image":{"@type":"ImageObject","inLanguage":"pt-BR","@id":"https:\/\/agenciainfra.com\/blog\/#\/schema\/person\/image\/","url":"https:\/\/secure.gravatar.com\/avatar\/d189e01678f06d8eb84d4e01f08eb848b3fffe3f8443818d3c356c66892f5be8?s=96&d=mm&r=g","contentUrl":"https:\/\/secure.gravatar.com\/avatar\/d189e01678f06d8eb84d4e01f08eb848b3fffe3f8443818d3c356c66892f5be8?s=96&d=mm&r=g","caption":"Ag\u00eancia iNFRA"},"url":"https:\/\/agenciainfra.com\/blog\/author\/admin\/"}]}},"_links":{"self":[{"href":"https:\/\/agenciainfra.com\/blog\/wp-json\/wp\/v2\/posts\/25406","targetHints":{"allow":["GET"]}}],"collection":[{"href":"https:\/\/agenciainfra.com\/blog\/wp-json\/wp\/v2\/posts"}],"about":[{"href":"https:\/\/agenciainfra.com\/blog\/wp-json\/wp\/v2\/types\/post"}],"author":[{"embeddable":true,"href":"https:\/\/agenciainfra.com\/blog\/wp-json\/wp\/v2\/users\/1"}],"replies":[{"embeddable":true,"href":"https:\/\/agenciainfra.com\/blog\/wp-json\/wp\/v2\/comments?post=25406"}],"version-history":[{"count":2,"href":"https:\/\/agenciainfra.com\/blog\/wp-json\/wp\/v2\/posts\/25406\/revisions"}],"predecessor-version":[{"id":25409,"href":"https:\/\/agenciainfra.com\/blog\/wp-json\/wp\/v2\/posts\/25406\/revisions\/25409"}],"wp:featuredmedia":[{"embeddable":true,"href":"https:\/\/agenciainfra.com\/blog\/wp-json\/wp\/v2\/media\/25407"}],"wp:attachment":[{"href":"https:\/\/agenciainfra.com\/blog\/wp-json\/wp\/v2\/media?parent=25406"}],"wp:term":[{"taxonomy":"category","embeddable":true,"href":"https:\/\/agenciainfra.com\/blog\/wp-json\/wp\/v2\/categories?post=25406"},{"taxonomy":"post_tag","embeddable":true,"href":"https:\/\/agenciainfra.com\/blog\/wp-json\/wp\/v2\/tags?post=25406"}],"curies":[{"name":"wp","href":"https:\/\/api.w.org\/{rel}","templated":true}]}}