{"id":25410,"date":"2025-07-29T08:00:00","date_gmt":"2025-07-29T11:00:00","guid":{"rendered":"https:\/\/agenciainfra.com\/blog\/?p=25410"},"modified":"2025-07-30T11:10:12","modified_gmt":"2025-07-30T14:10:12","slug":"nova-poligonal-do-porto-de-santos-deve-avancar-sem-tups-aprovados-diz-aps","status":"publish","type":"post","link":"https:\/\/agenciainfra.com\/blog\/nova-poligonal-do-porto-de-santos-deve-avancar-sem-tups-aprovados-diz-aps\/","title":{"rendered":"Nova poligonal do Porto de Santos deve avan\u00e7ar sem TUPs aprovados, diz APS"},"content":{"rendered":"\n<p class=\"has-text-align-right\"><strong>Mar\u00edlia Sena, da Ag\u00eancia iNFRA<\/strong><\/p>\n\n\n\n<p>As indefini\u00e7\u00f5es e a demora na implementa\u00e7\u00e3o de projetos de terminais portu\u00e1rios privados na regi\u00e3o do Porto de Santos (SP) impactam no planejamento do maior porto do pa\u00eds, al\u00e9m de gerar especula\u00e7\u00e3o. A avalia\u00e7\u00e3o \u00e9 do diretor-presidente da APS, Anderson Pomini, em entrevista \u00e0&nbsp;<strong>Ag\u00eancia iNFRA<\/strong>.&nbsp;A empresa encaminhou ao governo no final do ano passado um projeto de expans\u00e3o para a unidade que amplia a \u00e1rea do porto dos atuais 7,8 milh\u00f5es de m\u00b2 para mais de 20 milh\u00f5es de m\u00b2. A&nbsp;&nbsp;decis\u00e3o final ficar\u00e1 a cargo do MPor (Minist\u00e9rio de Portos e Aeroportos).<br><br>Mas, segundo Pomini, a proposta de amplia\u00e7\u00e3o n\u00e3o incluiu \u00e1reas com projetos de TUPs (Terminais de Uso Privado) aprovados, em parte justamente por esse cen\u00e1rio de incertezas. &#8220;N\u00f3s tomamos o cuidado de inserir \u00e1reas 100% p\u00fablicas ou ocupadas de forma irregular\u201d, afirmou.<br><br>Outro motivo relatado por Pomini para n\u00e3o inserir as \u00e1reas de TUPs no planejamento de expans\u00e3o portu\u00e1ria \u00e9 que, segundo ele, h\u00e1 constantes especula\u00e7\u00f5es por parte das empresas sobre a amplia\u00e7\u00e3o da poligonal. O presidente da APS falou&nbsp;que os documentos frequentemente acabam vazando para o mercado, impulsionados por interesses em outros tipos de investimento.<br><br>&#8220;Percebemos&nbsp;ao longo dos anos que h\u00e1 muita especula\u00e7\u00e3o de empresas que, \u00e0s vezes, conseguem a licen\u00e7a para a implementa\u00e7\u00e3o do TUP apenas e t\u00e3o somente para prospectar esses documentos para o mercado&#8221;, disse o dirigente da APS.&nbsp;<br><br><strong>Contribui\u00e7\u00f5es<\/strong><br>Embora a autoridade portu\u00e1ria defenda que a expans\u00e3o da poligonal se limite a \u00e1reas p\u00fablicas, a consulta realizada pelo MPor recebeu 29 contribui\u00e7\u00f5es e grande parte envolvendo a atividade de TUPs. A ATP (Associa\u00e7\u00e3o de Terminais Portu\u00e1rios Privados), por exemplo, sugeriu a preserva\u00e7\u00e3o de \u00e1reas estrat\u00e9gicas na regi\u00e3o da Alemoa, voltadas ao apoio de opera\u00e7\u00f5es retroportu\u00e1rias e de gran\u00e9is l\u00edquidos. A entidade destacou a import\u00e2ncia de garantir as condi\u00e7\u00f5es de navegabilidade e o acesso ao TUP Alemoa, al\u00e9m de respeitar os contratos vigentes dos terminais vizinhos.<br><br>J\u00e1 a ABTP (Associa\u00e7\u00e3o Brasileira dos Terminais Portu\u00e1rios) solicitou que, no processo de expans\u00e3o da poligonal, sejam incorporados estudos t\u00e9cnicos que atestem a viabilidade da implanta\u00e7\u00e3o simult\u00e2nea dos projetos de expans\u00e3o do TUP Cutrale e do TEG&nbsp;(Terminal Exportador do Guaruj\u00e1). A entidade defende a garantia da plena operacionalidade dos terminais afetados.<br><br><strong>Nova Poligonal<\/strong><br>A proposta da APS para o Porto de Santos aumenta a poligonal em 162%, incorporando onze \u00e1reas nas cidades de Santos, Guaruj\u00e1, Cubat\u00e3o e S\u00e3o Vicente, totalizando 12,6 milh\u00f5es de m\u00b2. \u201cA expans\u00e3o proposta equivaleria, a longo prazo, \u00e0 cria\u00e7\u00e3o de mais de uma vez e meia o atual porto\u201d, afirma a APS.<br><br>Apesar da expectativa que a autoridade portu\u00e1ria tinha de a decis\u00e3o sobre a poligonal sair em julho, o MPor afirmou \u00e0<strong>&nbsp;Ag\u00eancia iNFRA&nbsp;<\/strong>que, neste momento,&nbsp;aguarda o retorno da APS para dar prosseguimento ao processo. A formaliza\u00e7\u00e3o da nova poligonal ser\u00e1 feita por meio de portaria<br><br>&#8220;Em junho de 2025, a Secretaria Nacional de Portos&nbsp;concluiu a an\u00e1lise preliminar das 29 contribui\u00e7\u00f5es recebidas durante a consulta p\u00fablica sobre a revis\u00e3o da poligonal do Porto de Santos. O material foi encaminhado \u00e0 Autoridade Portu\u00e1ria de Santos&nbsp;para considera\u00e7\u00f5es adicionais&#8221;, disse a pasta.<br><br>O projeto de expans\u00e3o est\u00e1 focado na constru\u00e7\u00e3o do t\u00fanel Santos-Guaruj\u00e1, no aprofundamento do canal, nos acessos pelas duas perimetrais, na constru\u00e7\u00e3o de viadutos, na implementa\u00e7\u00e3o de tecnologia para aumentar a navegabilidade dos navios e em medidas voltadas \u00e0 melhoria da seguran\u00e7a no Porto de Santos, pontuou Pomini.<br><br><strong>Aprofundamento do canal<\/strong><br>Em outra frente, a APS abriu a licita\u00e7\u00e3o para as obras de dragagem do canal de acesso ao Porto de Santos, com previs\u00e3o de aumentar a profundidade para 16 metros. A abertura das propostas est\u00e1 marcada para 26 de setembro. Segundo a APS, a contrata\u00e7\u00e3o prev\u00ea tamb\u00e9m a dragagem de manuten\u00e7\u00e3o do novo gabarito por um per\u00edodo de dois anos.<br><br>A contrata\u00e7\u00e3o envolve desde o licenciamento ambiental, execu\u00e7\u00e3o dos projetos b\u00e1sico e executivo e a dragagem.&nbsp;&#8220;Atendemos assim uma necessidade do mercado internacional. \u00c9 o primeiro passo para, na sequ\u00eancia, buscarmos uma concess\u00e3o para o aprofundamento para 17 metros e manuten\u00e7\u00e3o do canal por 25 anos ou mais&#8221;, afirmou Pomini.<\/p>\n","protected":false},"excerpt":{"rendered":"<p>Mar\u00edlia Sena, da Ag\u00eancia iNFRA As indefini\u00e7\u00f5es e a demora na implementa\u00e7\u00e3o de projetos de terminais portu\u00e1rios privados na regi\u00e3o do Porto de Santos (SP) impactam no planejamento do maior porto do pa\u00eds, al\u00e9m de gerar especula\u00e7\u00e3o. A avalia\u00e7\u00e3o \u00e9 do diretor-presidente da APS, Anderson Pomini, em entrevista \u00e0&nbsp;Ag\u00eancia iNFRA.&nbsp;A empresa encaminhou ao governo no [&hellip;]<\/p>\n","protected":false},"author":1,"featured_media":23072,"comment_status":"closed","ping_status":"closed","sticky":false,"template":"","format":"standard","meta":{"_monsterinsights_skip_tracking":false,"_monsterinsights_sitenote_active":false,"_monsterinsights_sitenote_note":"","_monsterinsights_sitenote_category":0,"footnotes":""},"categories":[7250,1,7],"tags":[13165,14281,6854,3434,4952,11654,5805,13076,260,310,3254,105],"class_list":["post-25410","post","type-post","status-publish","format-standard","has-post-thumbnail","hentry","category-destaque-lista","category-geral","category-infratransporte","tag-acesso-portuario","tag-anderson-pomini-aps","tag-aps","tag-autoridade-portuaria","tag-canal-portuario","tag-marilia-sena","tag-poligonal","tag-poligonal-do-porto-de-santos","tag-porto-de-santos","tag-portos","tag-terminal-de-uso-privado","tag-tup"],"yoast_head":"<!-- This site is optimized with the Yoast SEO Premium plugin v25.4 (Yoast SEO v26.0) - https:\/\/yoast.com\/wordpress\/plugins\/seo\/ -->\n<title>Nova poligonal do Porto de Santos deve avan\u00e7ar sem TUPs aprovados, diz APS - Ag\u00eancia iNFRA<\/title>\n<meta name=\"robots\" content=\"index, follow, max-snippet:-1, max-image-preview:large, max-video-preview:-1\" \/>\n<link rel=\"canonical\" href=\"https:\/\/agenciainfra.com\/blog\/nova-poligonal-do-porto-de-santos-deve-avancar-sem-tups-aprovados-diz-aps\/\" \/>\n<meta property=\"og:locale\" content=\"pt_BR\" \/>\n<meta property=\"og:type\" content=\"article\" \/>\n<meta property=\"og:title\" content=\"Nova poligonal do Porto de Santos deve avan\u00e7ar sem TUPs aprovados, diz APS\" \/>\n<meta property=\"og:description\" content=\"Mar\u00edlia Sena, da Ag\u00eancia iNFRA As indefini\u00e7\u00f5es e a demora na implementa\u00e7\u00e3o de projetos de terminais portu\u00e1rios privados na regi\u00e3o do Porto de Santos (SP) impactam no planejamento do maior porto do pa\u00eds, al\u00e9m de gerar especula\u00e7\u00e3o. A avalia\u00e7\u00e3o \u00e9 do diretor-presidente da APS, Anderson Pomini, em entrevista \u00e0&nbsp;Ag\u00eancia iNFRA.&nbsp;A empresa encaminhou ao governo no [&hellip;]\" \/>\n<meta property=\"og:url\" content=\"https:\/\/agenciainfra.com\/blog\/nova-poligonal-do-porto-de-santos-deve-avancar-sem-tups-aprovados-diz-aps\/\" \/>\n<meta property=\"og:site_name\" content=\"Ag\u00eancia iNFRA\" \/>\n<meta property=\"article:publisher\" content=\"https:\/\/www.facebook.com\/ageninfra\" \/>\n<meta property=\"article:published_time\" content=\"2025-07-29T11:00:00+00:00\" \/>\n<meta property=\"article:modified_time\" content=\"2025-07-30T14:10:12+00:00\" \/>\n<meta property=\"og:image\" content=\"https:\/\/agenciainfra.com\/blog\/wp-content\/uploads\/2025\/06\/porto-de-santos-foto-aps-e1750174472655.jpg\" \/>\n\t<meta property=\"og:image:width\" content=\"1280\" \/>\n\t<meta property=\"og:image:height\" content=\"719\" \/>\n\t<meta property=\"og:image:type\" content=\"image\/jpeg\" \/>\n<meta name=\"author\" content=\"Ag\u00eancia iNFRA\" \/>\n<meta name=\"twitter:card\" content=\"summary_large_image\" \/>\n<meta name=\"twitter:creator\" content=\"@agencia_infra\" \/>\n<meta name=\"twitter:site\" content=\"@agencia_infra\" \/>\n<meta name=\"twitter:label1\" content=\"Escrito por\" \/>\n\t<meta name=\"twitter:data1\" content=\"Ag\u00eancia iNFRA\" \/>\n\t<meta name=\"twitter:label2\" content=\"Est. tempo de leitura\" \/>\n\t<meta name=\"twitter:data2\" content=\"4 minutos\" \/>\n<script type=\"application\/ld+json\" class=\"yoast-schema-graph\">{\"@context\":\"https:\/\/schema.org\",\"@graph\":[{\"@type\":\"Article\",\"@id\":\"https:\/\/agenciainfra.com\/blog\/nova-poligonal-do-porto-de-santos-deve-avancar-sem-tups-aprovados-diz-aps\/#article\",\"isPartOf\":{\"@id\":\"https:\/\/agenciainfra.com\/blog\/nova-poligonal-do-porto-de-santos-deve-avancar-sem-tups-aprovados-diz-aps\/\"},\"author\":{\"name\":\"Ag\u00eancia iNFRA\",\"@id\":\"https:\/\/agenciainfra.com\/blog\/#\/schema\/person\/34af08dff6adea4cb22b06612ba7acfa\"},\"headline\":\"Nova poligonal do Porto de Santos deve avan\u00e7ar sem TUPs aprovados, diz APS\",\"datePublished\":\"2025-07-29T11:00:00+00:00\",\"dateModified\":\"2025-07-30T14:10:12+00:00\",\"mainEntityOfPage\":{\"@id\":\"https:\/\/agenciainfra.com\/blog\/nova-poligonal-do-porto-de-santos-deve-avancar-sem-tups-aprovados-diz-aps\/\"},\"wordCount\":777,\"publisher\":{\"@id\":\"https:\/\/agenciainfra.com\/blog\/#organization\"},\"image\":{\"@id\":\"https:\/\/agenciainfra.com\/blog\/nova-poligonal-do-porto-de-santos-deve-avancar-sem-tups-aprovados-diz-aps\/#primaryimage\"},\"thumbnailUrl\":\"https:\/\/agenciainfra.com\/blog\/wp-content\/uploads\/2025\/06\/porto-de-santos-foto-aps-e1750174472655.jpg\",\"keywords\":[\"acesso portu\u00e1rio\",\"Anderson Pomini aps\",\"APS\",\"autoridade portu\u00e1ria\",\"canal portu\u00e1rio\",\"Mar\u00edlia Sena\",\"poligonal\",\"poligonal do porto de santos\",\"Porto de Santos\",\"portos\",\"terminal de uso privado\",\"TUP\"],\"articleSection\":[\"Destaque lista\",\"Geral\",\"iNFRATransporte\"],\"inLanguage\":\"pt-BR\",\"copyrightYear\":\"2025\",\"copyrightHolder\":{\"@id\":\"https:\/\/agenciainfra.com\/blog\/#organization\"}},{\"@type\":\"WebPage\",\"@id\":\"https:\/\/agenciainfra.com\/blog\/nova-poligonal-do-porto-de-santos-deve-avancar-sem-tups-aprovados-diz-aps\/\",\"url\":\"https:\/\/agenciainfra.com\/blog\/nova-poligonal-do-porto-de-santos-deve-avancar-sem-tups-aprovados-diz-aps\/\",\"name\":\"Nova poligonal do Porto de Santos deve avan\u00e7ar sem TUPs aprovados, diz APS - Ag\u00eancia iNFRA\",\"isPartOf\":{\"@id\":\"https:\/\/agenciainfra.com\/blog\/#website\"},\"primaryImageOfPage\":{\"@id\":\"https:\/\/agenciainfra.com\/blog\/nova-poligonal-do-porto-de-santos-deve-avancar-sem-tups-aprovados-diz-aps\/#primaryimage\"},\"image\":{\"@id\":\"https:\/\/agenciainfra.com\/blog\/nova-poligonal-do-porto-de-santos-deve-avancar-sem-tups-aprovados-diz-aps\/#primaryimage\"},\"thumbnailUrl\":\"https:\/\/agenciainfra.com\/blog\/wp-content\/uploads\/2025\/06\/porto-de-santos-foto-aps-e1750174472655.jpg\",\"datePublished\":\"2025-07-29T11:00:00+00:00\",\"dateModified\":\"2025-07-30T14:10:12+00:00\",\"breadcrumb\":{\"@id\":\"https:\/\/agenciainfra.com\/blog\/nova-poligonal-do-porto-de-santos-deve-avancar-sem-tups-aprovados-diz-aps\/#breadcrumb\"},\"inLanguage\":\"pt-BR\",\"potentialAction\":[{\"@type\":\"ReadAction\",\"target\":[\"https:\/\/agenciainfra.com\/blog\/nova-poligonal-do-porto-de-santos-deve-avancar-sem-tups-aprovados-diz-aps\/\"]}]},{\"@type\":\"ImageObject\",\"inLanguage\":\"pt-BR\",\"@id\":\"https:\/\/agenciainfra.com\/blog\/nova-poligonal-do-porto-de-santos-deve-avancar-sem-tups-aprovados-diz-aps\/#primaryimage\",\"url\":\"https:\/\/agenciainfra.com\/blog\/wp-content\/uploads\/2025\/06\/porto-de-santos-foto-aps-e1750174472655.jpg\",\"contentUrl\":\"https:\/\/agenciainfra.com\/blog\/wp-content\/uploads\/2025\/06\/porto-de-santos-foto-aps-e1750174472655.jpg\",\"width\":1280,\"height\":719,\"caption\":\"Foto: APS\/Divulga\u00e7\u00e3o\"},{\"@type\":\"BreadcrumbList\",\"@id\":\"https:\/\/agenciainfra.com\/blog\/nova-poligonal-do-porto-de-santos-deve-avancar-sem-tups-aprovados-diz-aps\/#breadcrumb\",\"itemListElement\":[{\"@type\":\"ListItem\",\"position\":1,\"name\":\"In\u00edcio\",\"item\":\"https:\/\/agenciainfra.com\/blog\/\"},{\"@type\":\"ListItem\",\"position\":2,\"name\":\"Nova poligonal do Porto de Santos deve avan\u00e7ar sem TUPs aprovados, diz APS\"}]},{\"@type\":\"WebSite\",\"@id\":\"https:\/\/agenciainfra.com\/blog\/#website\",\"url\":\"https:\/\/agenciainfra.com\/blog\/\",\"name\":\"Ag\u00eancia iNFRA\",\"description\":\"Multiplataforma de informa\u00e7\u00e3o jornal\u00edstica refer\u00eancia na \u00e1rea de infraestrutura no Brasil!\",\"publisher\":{\"@id\":\"https:\/\/agenciainfra.com\/blog\/#organization\"},\"potentialAction\":[{\"@type\":\"SearchAction\",\"target\":{\"@type\":\"EntryPoint\",\"urlTemplate\":\"https:\/\/agenciainfra.com\/blog\/?s={search_term_string}\"},\"query-input\":{\"@type\":\"PropertyValueSpecification\",\"valueRequired\":true,\"valueName\":\"search_term_string\"}}],\"inLanguage\":\"pt-BR\"},{\"@type\":\"Organization\",\"@id\":\"https:\/\/agenciainfra.com\/blog\/#organization\",\"name\":\"Ag\u00eancia iNFRA\",\"url\":\"https:\/\/agenciainfra.com\/blog\/\",\"logo\":{\"@type\":\"ImageObject\",\"inLanguage\":\"pt-BR\",\"@id\":\"https:\/\/agenciainfra.com\/blog\/#\/schema\/logo\/image\/\",\"url\":\"https:\/\/agenciainfra.com\/blog\/wp-content\/uploads\/2023\/09\/iNFRA_5-e1761735885940.png\",\"contentUrl\":\"https:\/\/agenciainfra.com\/blog\/wp-content\/uploads\/2023\/09\/iNFRA_5-e1761735885940.png\",\"width\":1672,\"height\":454,\"caption\":\"Ag\u00eancia iNFRA\"},\"image\":{\"@id\":\"https:\/\/agenciainfra.com\/blog\/#\/schema\/logo\/image\/\"},\"sameAs\":[\"https:\/\/www.facebook.com\/ageninfra\",\"https:\/\/x.com\/agencia_infra\",\"https:\/\/www.linkedin.com\/company\/ag\u00eanciainfra\/\",\"https:\/\/www.instagram.com\/agenciainfra\/\"]},{\"@type\":\"Person\",\"@id\":\"https:\/\/agenciainfra.com\/blog\/#\/schema\/person\/34af08dff6adea4cb22b06612ba7acfa\",\"name\":\"Ag\u00eancia iNFRA\",\"image\":{\"@type\":\"ImageObject\",\"inLanguage\":\"pt-BR\",\"@id\":\"https:\/\/agenciainfra.com\/blog\/#\/schema\/person\/image\/\",\"url\":\"https:\/\/secure.gravatar.com\/avatar\/d189e01678f06d8eb84d4e01f08eb848b3fffe3f8443818d3c356c66892f5be8?s=96&d=mm&r=g\",\"contentUrl\":\"https:\/\/secure.gravatar.com\/avatar\/d189e01678f06d8eb84d4e01f08eb848b3fffe3f8443818d3c356c66892f5be8?s=96&d=mm&r=g\",\"caption\":\"Ag\u00eancia iNFRA\"},\"url\":\"https:\/\/agenciainfra.com\/blog\/author\/admin\/\"}]}<\/script>\n<!-- \/ Yoast SEO Premium plugin. -->","yoast_head_json":{"title":"Nova poligonal do Porto de Santos deve avan\u00e7ar sem TUPs aprovados, diz APS - Ag\u00eancia iNFRA","robots":{"index":"index","follow":"follow","max-snippet":"max-snippet:-1","max-image-preview":"max-image-preview:large","max-video-preview":"max-video-preview:-1"},"canonical":"https:\/\/agenciainfra.com\/blog\/nova-poligonal-do-porto-de-santos-deve-avancar-sem-tups-aprovados-diz-aps\/","og_locale":"pt_BR","og_type":"article","og_title":"Nova poligonal do Porto de Santos deve avan\u00e7ar sem TUPs aprovados, diz APS","og_description":"Mar\u00edlia Sena, da Ag\u00eancia iNFRA As indefini\u00e7\u00f5es e a demora na implementa\u00e7\u00e3o de projetos de terminais portu\u00e1rios privados na regi\u00e3o do Porto de Santos (SP) impactam no planejamento do maior porto do pa\u00eds, al\u00e9m de gerar especula\u00e7\u00e3o. A avalia\u00e7\u00e3o \u00e9 do diretor-presidente da APS, Anderson Pomini, em entrevista \u00e0&nbsp;Ag\u00eancia iNFRA.&nbsp;A empresa encaminhou ao governo no [&hellip;]","og_url":"https:\/\/agenciainfra.com\/blog\/nova-poligonal-do-porto-de-santos-deve-avancar-sem-tups-aprovados-diz-aps\/","og_site_name":"Ag\u00eancia iNFRA","article_publisher":"https:\/\/www.facebook.com\/ageninfra","article_published_time":"2025-07-29T11:00:00+00:00","article_modified_time":"2025-07-30T14:10:12+00:00","og_image":[{"width":1280,"height":719,"url":"https:\/\/agenciainfra.com\/blog\/wp-content\/uploads\/2025\/06\/porto-de-santos-foto-aps-e1750174472655.jpg","type":"image\/jpeg"}],"author":"Ag\u00eancia iNFRA","twitter_card":"summary_large_image","twitter_creator":"@agencia_infra","twitter_site":"@agencia_infra","twitter_misc":{"Escrito por":"Ag\u00eancia iNFRA","Est. tempo de leitura":"4 minutos"},"schema":{"@context":"https:\/\/schema.org","@graph":[{"@type":"Article","@id":"https:\/\/agenciainfra.com\/blog\/nova-poligonal-do-porto-de-santos-deve-avancar-sem-tups-aprovados-diz-aps\/#article","isPartOf":{"@id":"https:\/\/agenciainfra.com\/blog\/nova-poligonal-do-porto-de-santos-deve-avancar-sem-tups-aprovados-diz-aps\/"},"author":{"name":"Ag\u00eancia iNFRA","@id":"https:\/\/agenciainfra.com\/blog\/#\/schema\/person\/34af08dff6adea4cb22b06612ba7acfa"},"headline":"Nova poligonal do Porto de Santos deve avan\u00e7ar sem TUPs aprovados, diz APS","datePublished":"2025-07-29T11:00:00+00:00","dateModified":"2025-07-30T14:10:12+00:00","mainEntityOfPage":{"@id":"https:\/\/agenciainfra.com\/blog\/nova-poligonal-do-porto-de-santos-deve-avancar-sem-tups-aprovados-diz-aps\/"},"wordCount":777,"publisher":{"@id":"https:\/\/agenciainfra.com\/blog\/#organization"},"image":{"@id":"https:\/\/agenciainfra.com\/blog\/nova-poligonal-do-porto-de-santos-deve-avancar-sem-tups-aprovados-diz-aps\/#primaryimage"},"thumbnailUrl":"https:\/\/agenciainfra.com\/blog\/wp-content\/uploads\/2025\/06\/porto-de-santos-foto-aps-e1750174472655.jpg","keywords":["acesso portu\u00e1rio","Anderson Pomini aps","APS","autoridade portu\u00e1ria","canal portu\u00e1rio","Mar\u00edlia Sena","poligonal","poligonal do porto de santos","Porto de Santos","portos","terminal de uso privado","TUP"],"articleSection":["Destaque lista","Geral","iNFRATransporte"],"inLanguage":"pt-BR","copyrightYear":"2025","copyrightHolder":{"@id":"https:\/\/agenciainfra.com\/blog\/#organization"}},{"@type":"WebPage","@id":"https:\/\/agenciainfra.com\/blog\/nova-poligonal-do-porto-de-santos-deve-avancar-sem-tups-aprovados-diz-aps\/","url":"https:\/\/agenciainfra.com\/blog\/nova-poligonal-do-porto-de-santos-deve-avancar-sem-tups-aprovados-diz-aps\/","name":"Nova poligonal do Porto de Santos deve avan\u00e7ar sem TUPs aprovados, diz APS - Ag\u00eancia iNFRA","isPartOf":{"@id":"https:\/\/agenciainfra.com\/blog\/#website"},"primaryImageOfPage":{"@id":"https:\/\/agenciainfra.com\/blog\/nova-poligonal-do-porto-de-santos-deve-avancar-sem-tups-aprovados-diz-aps\/#primaryimage"},"image":{"@id":"https:\/\/agenciainfra.com\/blog\/nova-poligonal-do-porto-de-santos-deve-avancar-sem-tups-aprovados-diz-aps\/#primaryimage"},"thumbnailUrl":"https:\/\/agenciainfra.com\/blog\/wp-content\/uploads\/2025\/06\/porto-de-santos-foto-aps-e1750174472655.jpg","datePublished":"2025-07-29T11:00:00+00:00","dateModified":"2025-07-30T14:10:12+00:00","breadcrumb":{"@id":"https:\/\/agenciainfra.com\/blog\/nova-poligonal-do-porto-de-santos-deve-avancar-sem-tups-aprovados-diz-aps\/#breadcrumb"},"inLanguage":"pt-BR","potentialAction":[{"@type":"ReadAction","target":["https:\/\/agenciainfra.com\/blog\/nova-poligonal-do-porto-de-santos-deve-avancar-sem-tups-aprovados-diz-aps\/"]}]},{"@type":"ImageObject","inLanguage":"pt-BR","@id":"https:\/\/agenciainfra.com\/blog\/nova-poligonal-do-porto-de-santos-deve-avancar-sem-tups-aprovados-diz-aps\/#primaryimage","url":"https:\/\/agenciainfra.com\/blog\/wp-content\/uploads\/2025\/06\/porto-de-santos-foto-aps-e1750174472655.jpg","contentUrl":"https:\/\/agenciainfra.com\/blog\/wp-content\/uploads\/2025\/06\/porto-de-santos-foto-aps-e1750174472655.jpg","width":1280,"height":719,"caption":"Foto: APS\/Divulga\u00e7\u00e3o"},{"@type":"BreadcrumbList","@id":"https:\/\/agenciainfra.com\/blog\/nova-poligonal-do-porto-de-santos-deve-avancar-sem-tups-aprovados-diz-aps\/#breadcrumb","itemListElement":[{"@type":"ListItem","position":1,"name":"In\u00edcio","item":"https:\/\/agenciainfra.com\/blog\/"},{"@type":"ListItem","position":2,"name":"Nova poligonal do Porto de Santos deve avan\u00e7ar sem TUPs aprovados, diz APS"}]},{"@type":"WebSite","@id":"https:\/\/agenciainfra.com\/blog\/#website","url":"https:\/\/agenciainfra.com\/blog\/","name":"Ag\u00eancia iNFRA","description":"Multiplataforma de informa\u00e7\u00e3o jornal\u00edstica refer\u00eancia na \u00e1rea de infraestrutura no Brasil!","publisher":{"@id":"https:\/\/agenciainfra.com\/blog\/#organization"},"potentialAction":[{"@type":"SearchAction","target":{"@type":"EntryPoint","urlTemplate":"https:\/\/agenciainfra.com\/blog\/?s={search_term_string}"},"query-input":{"@type":"PropertyValueSpecification","valueRequired":true,"valueName":"search_term_string"}}],"inLanguage":"pt-BR"},{"@type":"Organization","@id":"https:\/\/agenciainfra.com\/blog\/#organization","name":"Ag\u00eancia iNFRA","url":"https:\/\/agenciainfra.com\/blog\/","logo":{"@type":"ImageObject","inLanguage":"pt-BR","@id":"https:\/\/agenciainfra.com\/blog\/#\/schema\/logo\/image\/","url":"https:\/\/agenciainfra.com\/blog\/wp-content\/uploads\/2023\/09\/iNFRA_5-e1761735885940.png","contentUrl":"https:\/\/agenciainfra.com\/blog\/wp-content\/uploads\/2023\/09\/iNFRA_5-e1761735885940.png","width":1672,"height":454,"caption":"Ag\u00eancia iNFRA"},"image":{"@id":"https:\/\/agenciainfra.com\/blog\/#\/schema\/logo\/image\/"},"sameAs":["https:\/\/www.facebook.com\/ageninfra","https:\/\/x.com\/agencia_infra","https:\/\/www.linkedin.com\/company\/ag\u00eanciainfra\/","https:\/\/www.instagram.com\/agenciainfra\/"]},{"@type":"Person","@id":"https:\/\/agenciainfra.com\/blog\/#\/schema\/person\/34af08dff6adea4cb22b06612ba7acfa","name":"Ag\u00eancia iNFRA","image":{"@type":"ImageObject","inLanguage":"pt-BR","@id":"https:\/\/agenciainfra.com\/blog\/#\/schema\/person\/image\/","url":"https:\/\/secure.gravatar.com\/avatar\/d189e01678f06d8eb84d4e01f08eb848b3fffe3f8443818d3c356c66892f5be8?s=96&d=mm&r=g","contentUrl":"https:\/\/secure.gravatar.com\/avatar\/d189e01678f06d8eb84d4e01f08eb848b3fffe3f8443818d3c356c66892f5be8?s=96&d=mm&r=g","caption":"Ag\u00eancia iNFRA"},"url":"https:\/\/agenciainfra.com\/blog\/author\/admin\/"}]}},"_links":{"self":[{"href":"https:\/\/agenciainfra.com\/blog\/wp-json\/wp\/v2\/posts\/25410","targetHints":{"allow":["GET"]}}],"collection":[{"href":"https:\/\/agenciainfra.com\/blog\/wp-json\/wp\/v2\/posts"}],"about":[{"href":"https:\/\/agenciainfra.com\/blog\/wp-json\/wp\/v2\/types\/post"}],"author":[{"embeddable":true,"href":"https:\/\/agenciainfra.com\/blog\/wp-json\/wp\/v2\/users\/1"}],"replies":[{"embeddable":true,"href":"https:\/\/agenciainfra.com\/blog\/wp-json\/wp\/v2\/comments?post=25410"}],"version-history":[{"count":1,"href":"https:\/\/agenciainfra.com\/blog\/wp-json\/wp\/v2\/posts\/25410\/revisions"}],"predecessor-version":[{"id":25411,"href":"https:\/\/agenciainfra.com\/blog\/wp-json\/wp\/v2\/posts\/25410\/revisions\/25411"}],"wp:featuredmedia":[{"embeddable":true,"href":"https:\/\/agenciainfra.com\/blog\/wp-json\/wp\/v2\/media\/23072"}],"wp:attachment":[{"href":"https:\/\/agenciainfra.com\/blog\/wp-json\/wp\/v2\/media?parent=25410"}],"wp:term":[{"taxonomy":"category","embeddable":true,"href":"https:\/\/agenciainfra.com\/blog\/wp-json\/wp\/v2\/categories?post=25410"},{"taxonomy":"post_tag","embeddable":true,"href":"https:\/\/agenciainfra.com\/blog\/wp-json\/wp\/v2\/tags?post=25410"}],"curies":[{"name":"wp","href":"https:\/\/api.w.org\/{rel}","templated":true}]}}