{"id":25437,"date":"2025-07-28T14:54:16","date_gmt":"2025-07-28T17:54:16","guid":{"rendered":"https:\/\/agenciainfra.com\/blog\/?p=25437"},"modified":"2025-07-30T08:05:36","modified_gmt":"2025-07-30T11:05:36","slug":"lula-pede-celeridade-para-programa-gas-para-todos-mme-planeja-lancamento-no-dia-5","status":"publish","type":"post","link":"https:\/\/agenciainfra.com\/blog\/lula-pede-celeridade-para-programa-gas-para-todos-mme-planeja-lancamento-no-dia-5\/","title":{"rendered":"Lula pede celeridade para programa G\u00e1s para Todos; MME planeja lan\u00e7amento no dia 5"},"content":{"rendered":"\n<p class=\"has-text-align-right\"><strong>Gabriel Vasconcelos, da Ag\u00eancia iNFRA<\/strong><\/p>\n\n\n\n<p>O presidente Lula pediu celeridade para o an\u00fancio do programa G\u00e1s para Todos, que vai aumentar o benef\u00edcio do atual aux\u00edlio g\u00e1s e permitir que fam\u00edlias pobres parem de pagar pelo g\u00e1s de cozinha. O MME (Minist\u00e9rio de Minas e Energia) planeja lan\u00e7ar o novo programa em 5 de agosto, por meio de medida provis\u00f3ria, conforme informado pelo ministro Alexandre Silveira na semana passada.<\/p>\n\n\n\n<p>Lula fez o pedido nesta segunda-feira (28) durante discurso em S\u00e3o Jo\u00e3o da Barra (RJ), na inaugura\u00e7\u00e3o da Usina Termel\u00e9trica (UTE) GNA II, neg\u00f3cio controlado por BP, Siemens e SPIC Brasil. A usina custou R$ 7 bilh\u00f5es e tem capacidade instalada de 1,7 GW.<\/p>\n\n\n\n<p>&#8220;Vamos anunciar, e n\u00e3o sei quando, mas tem que ser logo, que as pessoas mais humildes desse pa\u00eds v\u00e3o parar de pagar o [botij\u00e3o de] g\u00e1s de cozinha a R$ 140. N\u00e3o \u00e9 poss\u00edvel que a Petrobras consiga tirar um botij\u00e3o de 13kg por R$ 37, e a pessoa na sua casa compre a R$ 130 ou R$ 140&#8221;, disse Lula.<\/p>\n\n\n\n<p>&#8220;Tem muita gente ganhando dinheiro, ou melhor, pouca gente ganhando dinheiro \u00e0s custas do sofrimento de muitos. Ent\u00e3o n\u00f3s vamos garantir que 17 milh\u00f5es de fam\u00edlias mais pobres tenha o g\u00e1s de gra\u00e7a para poder cozinhar o seu feij\u00e3o e o seu arroz&#8221;, completou o presidente.<\/p>\n\n\n\n<p>Na semana passada, em entrevista \u00e0 CNN Brasil, Silveira disse que o novo programa vai custar R$ 5,6 bilh\u00f5es por ano, e n\u00e3o mais os atuais R$ 2,4 bilh\u00f5es anuais. Os recursos, disse na ocasi\u00e3o, tamb\u00e9m ter\u00e3o previs\u00e3o dentro do or\u00e7amento da Uni\u00e3o, ponto de discuss\u00e3o antigo, que vinha travando sua execu\u00e7\u00e3o.<\/p>\n\n\n\n<p><strong>Est\u00edmulo ao consumo<\/strong><br>Lula reiterou a tese de que o programa pode estimular o consumo, ao liberar a renda das fam\u00edlias. &#8220;As pessoas v\u00e3o dizer que isso \u00e9 governar para o pobre. Isso n\u00e3o \u00e9 governar para o pobre, isso \u00e9 governar para o rico. Porque quando o pobre tem dinheiro, ele n\u00e3o vai comprar d\u00f3lar. Ele n\u00e3o vai depositar no Tesouro Direto. Ele vai depositar \u00e9 na barriga dele, comprar do que comer. E, quando ele compra o que comer, quem vai ganhar \u00e9 quem produz. Quem produz vai ganhar e quem vende tamb\u00e9m vai ganhar&#8221;, disse Lula.<\/p>\n\n\n\n<p>Ele comparou o G\u00e1s para Todos com o Luz para Todos, que eletrificou o interior do pa\u00eds e estimulou o consumo de m\u00e1quinas e eletrodom\u00e9sticos. &#8220;No fundo, o dinheiro do pobre volta imediatamente para a economia. \u00c9 isso que eu quero, que o dinheiro circule&#8221;, completou.<\/p>\n","protected":false},"excerpt":{"rendered":"<p>Gabriel Vasconcelos, da Ag\u00eancia iNFRA O presidente Lula pediu celeridade para o an\u00fancio do programa G\u00e1s para Todos, que vai aumentar o benef\u00edcio do atual aux\u00edlio g\u00e1s e permitir que fam\u00edlias pobres parem de pagar pelo g\u00e1s de cozinha. O MME (Minist\u00e9rio de Minas e Energia) planeja lan\u00e7ar o novo programa em 5 de agosto, [&hellip;]<\/p>\n","protected":false},"author":1,"featured_media":25438,"comment_status":"closed","ping_status":"closed","sticky":false,"template":"","format":"standard","meta":{"_monsterinsights_skip_tracking":false,"_monsterinsights_sitenote_active":false,"_monsterinsights_sitenote_note":"","_monsterinsights_sitenote_category":0,"footnotes":""},"categories":[7250,1,13271],"tags":[6040,13251,4163,13462,580,71,3191],"class_list":["post-25437","post","type-post","status-publish","format-standard","has-post-thumbnail","hentry","category-destaque-lista","category-geral","category-oleo-gas","tag-alexandre-silveira","tag-gabriel-vasconcelos","tag-gas-de-cozinha","tag-gas-para-todos","tag-lula","tag-mme","tag-oleo-e-gas"],"yoast_head":"<!-- This site is optimized with the Yoast SEO Premium plugin v25.4 (Yoast SEO v26.0) - https:\/\/yoast.com\/wordpress\/plugins\/seo\/ -->\n<title>Lula pede celeridade para programa G\u00e1s para Todos; MME planeja lan\u00e7amento no dia 5 - Ag\u00eancia iNFRA<\/title>\n<meta name=\"robots\" content=\"index, follow, max-snippet:-1, max-image-preview:large, max-video-preview:-1\" \/>\n<link rel=\"canonical\" href=\"https:\/\/agenciainfra.com\/blog\/lula-pede-celeridade-para-programa-gas-para-todos-mme-planeja-lancamento-no-dia-5\/\" \/>\n<meta property=\"og:locale\" content=\"pt_BR\" \/>\n<meta property=\"og:type\" content=\"article\" \/>\n<meta property=\"og:title\" content=\"Lula pede celeridade para programa G\u00e1s para Todos; MME planeja lan\u00e7amento no dia 5\" \/>\n<meta property=\"og:description\" content=\"Gabriel Vasconcelos, da Ag\u00eancia iNFRA O presidente Lula pediu celeridade para o an\u00fancio do programa G\u00e1s para Todos, que vai aumentar o benef\u00edcio do atual aux\u00edlio g\u00e1s e permitir que fam\u00edlias pobres parem de pagar pelo g\u00e1s de cozinha. O MME (Minist\u00e9rio de Minas e Energia) planeja lan\u00e7ar o novo programa em 5 de agosto, [&hellip;]\" \/>\n<meta property=\"og:url\" content=\"https:\/\/agenciainfra.com\/blog\/lula-pede-celeridade-para-programa-gas-para-todos-mme-planeja-lancamento-no-dia-5\/\" \/>\n<meta property=\"og:site_name\" content=\"Ag\u00eancia iNFRA\" \/>\n<meta property=\"article:publisher\" content=\"https:\/\/www.facebook.com\/ageninfra\" \/>\n<meta property=\"article:published_time\" content=\"2025-07-28T17:54:16+00:00\" \/>\n<meta property=\"article:modified_time\" content=\"2025-07-30T11:05:36+00:00\" \/>\n<meta property=\"og:image\" content=\"https:\/\/agenciainfra.com\/blog\/wp-content\/uploads\/2025\/07\/54684988039_bcdfea1d34_o.webp\" \/>\n\t<meta property=\"og:image:width\" content=\"1024\" \/>\n\t<meta property=\"og:image:height\" content=\"768\" \/>\n\t<meta property=\"og:image:type\" content=\"image\/webp\" \/>\n<meta name=\"author\" content=\"Ag\u00eancia iNFRA\" \/>\n<meta name=\"twitter:card\" content=\"summary_large_image\" \/>\n<meta name=\"twitter:creator\" content=\"@agencia_infra\" \/>\n<meta name=\"twitter:site\" content=\"@agencia_infra\" \/>\n<meta name=\"twitter:label1\" content=\"Escrito por\" \/>\n\t<meta name=\"twitter:data1\" content=\"Ag\u00eancia iNFRA\" \/>\n\t<meta name=\"twitter:label2\" content=\"Est. tempo de leitura\" \/>\n\t<meta name=\"twitter:data2\" content=\"2 minutos\" \/>\n<script type=\"application\/ld+json\" class=\"yoast-schema-graph\">{\"@context\":\"https:\/\/schema.org\",\"@graph\":[{\"@type\":\"Article\",\"@id\":\"https:\/\/agenciainfra.com\/blog\/lula-pede-celeridade-para-programa-gas-para-todos-mme-planeja-lancamento-no-dia-5\/#article\",\"isPartOf\":{\"@id\":\"https:\/\/agenciainfra.com\/blog\/lula-pede-celeridade-para-programa-gas-para-todos-mme-planeja-lancamento-no-dia-5\/\"},\"author\":{\"name\":\"Ag\u00eancia iNFRA\",\"@id\":\"https:\/\/agenciainfra.com\/blog\/#\/schema\/person\/34af08dff6adea4cb22b06612ba7acfa\"},\"headline\":\"Lula pede celeridade para programa G\u00e1s para Todos; MME planeja lan\u00e7amento no dia 5\",\"datePublished\":\"2025-07-28T17:54:16+00:00\",\"dateModified\":\"2025-07-30T11:05:36+00:00\",\"mainEntityOfPage\":{\"@id\":\"https:\/\/agenciainfra.com\/blog\/lula-pede-celeridade-para-programa-gas-para-todos-mme-planeja-lancamento-no-dia-5\/\"},\"wordCount\":468,\"publisher\":{\"@id\":\"https:\/\/agenciainfra.com\/blog\/#organization\"},\"image\":{\"@id\":\"https:\/\/agenciainfra.com\/blog\/lula-pede-celeridade-para-programa-gas-para-todos-mme-planeja-lancamento-no-dia-5\/#primaryimage\"},\"thumbnailUrl\":\"https:\/\/agenciainfra.com\/blog\/wp-content\/uploads\/2025\/07\/54684988039_bcdfea1d34_o.webp\",\"keywords\":[\"Alexandre Silveira\",\"Gabriel Vasconcelos\",\"g\u00e1s de cozinha\",\"g\u00e1s para todos\",\"Lula\",\"MME\",\"\u00f3leo e g\u00e1s\"],\"articleSection\":[\"Destaque lista\",\"Geral\",\"\u00d3leo &amp; G\u00e1s\"],\"inLanguage\":\"pt-BR\",\"copyrightYear\":\"2025\",\"copyrightHolder\":{\"@id\":\"https:\/\/agenciainfra.com\/blog\/#organization\"}},{\"@type\":\"WebPage\",\"@id\":\"https:\/\/agenciainfra.com\/blog\/lula-pede-celeridade-para-programa-gas-para-todos-mme-planeja-lancamento-no-dia-5\/\",\"url\":\"https:\/\/agenciainfra.com\/blog\/lula-pede-celeridade-para-programa-gas-para-todos-mme-planeja-lancamento-no-dia-5\/\",\"name\":\"Lula pede celeridade para programa G\u00e1s para Todos; MME planeja lan\u00e7amento no dia 5 - Ag\u00eancia iNFRA\",\"isPartOf\":{\"@id\":\"https:\/\/agenciainfra.com\/blog\/#website\"},\"primaryImageOfPage\":{\"@id\":\"https:\/\/agenciainfra.com\/blog\/lula-pede-celeridade-para-programa-gas-para-todos-mme-planeja-lancamento-no-dia-5\/#primaryimage\"},\"image\":{\"@id\":\"https:\/\/agenciainfra.com\/blog\/lula-pede-celeridade-para-programa-gas-para-todos-mme-planeja-lancamento-no-dia-5\/#primaryimage\"},\"thumbnailUrl\":\"https:\/\/agenciainfra.com\/blog\/wp-content\/uploads\/2025\/07\/54684988039_bcdfea1d34_o.webp\",\"datePublished\":\"2025-07-28T17:54:16+00:00\",\"dateModified\":\"2025-07-30T11:05:36+00:00\",\"breadcrumb\":{\"@id\":\"https:\/\/agenciainfra.com\/blog\/lula-pede-celeridade-para-programa-gas-para-todos-mme-planeja-lancamento-no-dia-5\/#breadcrumb\"},\"inLanguage\":\"pt-BR\",\"potentialAction\":[{\"@type\":\"ReadAction\",\"target\":[\"https:\/\/agenciainfra.com\/blog\/lula-pede-celeridade-para-programa-gas-para-todos-mme-planeja-lancamento-no-dia-5\/\"]}]},{\"@type\":\"ImageObject\",\"inLanguage\":\"pt-BR\",\"@id\":\"https:\/\/agenciainfra.com\/blog\/lula-pede-celeridade-para-programa-gas-para-todos-mme-planeja-lancamento-no-dia-5\/#primaryimage\",\"url\":\"https:\/\/agenciainfra.com\/blog\/wp-content\/uploads\/2025\/07\/54684988039_bcdfea1d34_o.webp\",\"contentUrl\":\"https:\/\/agenciainfra.com\/blog\/wp-content\/uploads\/2025\/07\/54684988039_bcdfea1d34_o.webp\",\"width\":1024,\"height\":768,\"caption\":\"Foto: Ricardo Stuckert\/Governo Federal\"},{\"@type\":\"BreadcrumbList\",\"@id\":\"https:\/\/agenciainfra.com\/blog\/lula-pede-celeridade-para-programa-gas-para-todos-mme-planeja-lancamento-no-dia-5\/#breadcrumb\",\"itemListElement\":[{\"@type\":\"ListItem\",\"position\":1,\"name\":\"In\u00edcio\",\"item\":\"https:\/\/agenciainfra.com\/blog\/\"},{\"@type\":\"ListItem\",\"position\":2,\"name\":\"Lula pede celeridade para programa G\u00e1s para Todos; MME planeja lan\u00e7amento no dia 5\"}]},{\"@type\":\"WebSite\",\"@id\":\"https:\/\/agenciainfra.com\/blog\/#website\",\"url\":\"https:\/\/agenciainfra.com\/blog\/\",\"name\":\"Ag\u00eancia iNFRA\",\"description\":\"Multiplataforma de informa\u00e7\u00e3o jornal\u00edstica refer\u00eancia na \u00e1rea de infraestrutura no Brasil!\",\"publisher\":{\"@id\":\"https:\/\/agenciainfra.com\/blog\/#organization\"},\"potentialAction\":[{\"@type\":\"SearchAction\",\"target\":{\"@type\":\"EntryPoint\",\"urlTemplate\":\"https:\/\/agenciainfra.com\/blog\/?s={search_term_string}\"},\"query-input\":{\"@type\":\"PropertyValueSpecification\",\"valueRequired\":true,\"valueName\":\"search_term_string\"}}],\"inLanguage\":\"pt-BR\"},{\"@type\":\"Organization\",\"@id\":\"https:\/\/agenciainfra.com\/blog\/#organization\",\"name\":\"Ag\u00eancia iNFRA\",\"url\":\"https:\/\/agenciainfra.com\/blog\/\",\"logo\":{\"@type\":\"ImageObject\",\"inLanguage\":\"pt-BR\",\"@id\":\"https:\/\/agenciainfra.com\/blog\/#\/schema\/logo\/image\/\",\"url\":\"https:\/\/agenciainfra.com\/blog\/wp-content\/uploads\/2023\/09\/iNFRA_5-e1761735885940.png\",\"contentUrl\":\"https:\/\/agenciainfra.com\/blog\/wp-content\/uploads\/2023\/09\/iNFRA_5-e1761735885940.png\",\"width\":1672,\"height\":454,\"caption\":\"Ag\u00eancia iNFRA\"},\"image\":{\"@id\":\"https:\/\/agenciainfra.com\/blog\/#\/schema\/logo\/image\/\"},\"sameAs\":[\"https:\/\/www.facebook.com\/ageninfra\",\"https:\/\/x.com\/agencia_infra\",\"https:\/\/www.linkedin.com\/company\/ag\u00eanciainfra\/\",\"https:\/\/www.instagram.com\/agenciainfra\/\"]},{\"@type\":\"Person\",\"@id\":\"https:\/\/agenciainfra.com\/blog\/#\/schema\/person\/34af08dff6adea4cb22b06612ba7acfa\",\"name\":\"Ag\u00eancia iNFRA\",\"image\":{\"@type\":\"ImageObject\",\"inLanguage\":\"pt-BR\",\"@id\":\"https:\/\/agenciainfra.com\/blog\/#\/schema\/person\/image\/\",\"url\":\"https:\/\/secure.gravatar.com\/avatar\/d189e01678f06d8eb84d4e01f08eb848b3fffe3f8443818d3c356c66892f5be8?s=96&d=mm&r=g\",\"contentUrl\":\"https:\/\/secure.gravatar.com\/avatar\/d189e01678f06d8eb84d4e01f08eb848b3fffe3f8443818d3c356c66892f5be8?s=96&d=mm&r=g\",\"caption\":\"Ag\u00eancia iNFRA\"},\"url\":\"https:\/\/agenciainfra.com\/blog\/author\/admin\/\"}]}<\/script>\n<!-- \/ Yoast SEO Premium plugin. -->","yoast_head_json":{"title":"Lula pede celeridade para programa G\u00e1s para Todos; MME planeja lan\u00e7amento no dia 5 - Ag\u00eancia iNFRA","robots":{"index":"index","follow":"follow","max-snippet":"max-snippet:-1","max-image-preview":"max-image-preview:large","max-video-preview":"max-video-preview:-1"},"canonical":"https:\/\/agenciainfra.com\/blog\/lula-pede-celeridade-para-programa-gas-para-todos-mme-planeja-lancamento-no-dia-5\/","og_locale":"pt_BR","og_type":"article","og_title":"Lula pede celeridade para programa G\u00e1s para Todos; MME planeja lan\u00e7amento no dia 5","og_description":"Gabriel Vasconcelos, da Ag\u00eancia iNFRA O presidente Lula pediu celeridade para o an\u00fancio do programa G\u00e1s para Todos, que vai aumentar o benef\u00edcio do atual aux\u00edlio g\u00e1s e permitir que fam\u00edlias pobres parem de pagar pelo g\u00e1s de cozinha. O MME (Minist\u00e9rio de Minas e Energia) planeja lan\u00e7ar o novo programa em 5 de agosto, [&hellip;]","og_url":"https:\/\/agenciainfra.com\/blog\/lula-pede-celeridade-para-programa-gas-para-todos-mme-planeja-lancamento-no-dia-5\/","og_site_name":"Ag\u00eancia iNFRA","article_publisher":"https:\/\/www.facebook.com\/ageninfra","article_published_time":"2025-07-28T17:54:16+00:00","article_modified_time":"2025-07-30T11:05:36+00:00","og_image":[{"width":1024,"height":768,"url":"https:\/\/agenciainfra.com\/blog\/wp-content\/uploads\/2025\/07\/54684988039_bcdfea1d34_o.webp","type":"image\/webp"}],"author":"Ag\u00eancia iNFRA","twitter_card":"summary_large_image","twitter_creator":"@agencia_infra","twitter_site":"@agencia_infra","twitter_misc":{"Escrito por":"Ag\u00eancia iNFRA","Est. tempo de leitura":"2 minutos"},"schema":{"@context":"https:\/\/schema.org","@graph":[{"@type":"Article","@id":"https:\/\/agenciainfra.com\/blog\/lula-pede-celeridade-para-programa-gas-para-todos-mme-planeja-lancamento-no-dia-5\/#article","isPartOf":{"@id":"https:\/\/agenciainfra.com\/blog\/lula-pede-celeridade-para-programa-gas-para-todos-mme-planeja-lancamento-no-dia-5\/"},"author":{"name":"Ag\u00eancia iNFRA","@id":"https:\/\/agenciainfra.com\/blog\/#\/schema\/person\/34af08dff6adea4cb22b06612ba7acfa"},"headline":"Lula pede celeridade para programa G\u00e1s para Todos; MME planeja lan\u00e7amento no dia 5","datePublished":"2025-07-28T17:54:16+00:00","dateModified":"2025-07-30T11:05:36+00:00","mainEntityOfPage":{"@id":"https:\/\/agenciainfra.com\/blog\/lula-pede-celeridade-para-programa-gas-para-todos-mme-planeja-lancamento-no-dia-5\/"},"wordCount":468,"publisher":{"@id":"https:\/\/agenciainfra.com\/blog\/#organization"},"image":{"@id":"https:\/\/agenciainfra.com\/blog\/lula-pede-celeridade-para-programa-gas-para-todos-mme-planeja-lancamento-no-dia-5\/#primaryimage"},"thumbnailUrl":"https:\/\/agenciainfra.com\/blog\/wp-content\/uploads\/2025\/07\/54684988039_bcdfea1d34_o.webp","keywords":["Alexandre Silveira","Gabriel Vasconcelos","g\u00e1s de cozinha","g\u00e1s para todos","Lula","MME","\u00f3leo e g\u00e1s"],"articleSection":["Destaque lista","Geral","\u00d3leo &amp; G\u00e1s"],"inLanguage":"pt-BR","copyrightYear":"2025","copyrightHolder":{"@id":"https:\/\/agenciainfra.com\/blog\/#organization"}},{"@type":"WebPage","@id":"https:\/\/agenciainfra.com\/blog\/lula-pede-celeridade-para-programa-gas-para-todos-mme-planeja-lancamento-no-dia-5\/","url":"https:\/\/agenciainfra.com\/blog\/lula-pede-celeridade-para-programa-gas-para-todos-mme-planeja-lancamento-no-dia-5\/","name":"Lula pede celeridade para programa G\u00e1s para Todos; MME planeja lan\u00e7amento no dia 5 - Ag\u00eancia iNFRA","isPartOf":{"@id":"https:\/\/agenciainfra.com\/blog\/#website"},"primaryImageOfPage":{"@id":"https:\/\/agenciainfra.com\/blog\/lula-pede-celeridade-para-programa-gas-para-todos-mme-planeja-lancamento-no-dia-5\/#primaryimage"},"image":{"@id":"https:\/\/agenciainfra.com\/blog\/lula-pede-celeridade-para-programa-gas-para-todos-mme-planeja-lancamento-no-dia-5\/#primaryimage"},"thumbnailUrl":"https:\/\/agenciainfra.com\/blog\/wp-content\/uploads\/2025\/07\/54684988039_bcdfea1d34_o.webp","datePublished":"2025-07-28T17:54:16+00:00","dateModified":"2025-07-30T11:05:36+00:00","breadcrumb":{"@id":"https:\/\/agenciainfra.com\/blog\/lula-pede-celeridade-para-programa-gas-para-todos-mme-planeja-lancamento-no-dia-5\/#breadcrumb"},"inLanguage":"pt-BR","potentialAction":[{"@type":"ReadAction","target":["https:\/\/agenciainfra.com\/blog\/lula-pede-celeridade-para-programa-gas-para-todos-mme-planeja-lancamento-no-dia-5\/"]}]},{"@type":"ImageObject","inLanguage":"pt-BR","@id":"https:\/\/agenciainfra.com\/blog\/lula-pede-celeridade-para-programa-gas-para-todos-mme-planeja-lancamento-no-dia-5\/#primaryimage","url":"https:\/\/agenciainfra.com\/blog\/wp-content\/uploads\/2025\/07\/54684988039_bcdfea1d34_o.webp","contentUrl":"https:\/\/agenciainfra.com\/blog\/wp-content\/uploads\/2025\/07\/54684988039_bcdfea1d34_o.webp","width":1024,"height":768,"caption":"Foto: Ricardo Stuckert\/Governo Federal"},{"@type":"BreadcrumbList","@id":"https:\/\/agenciainfra.com\/blog\/lula-pede-celeridade-para-programa-gas-para-todos-mme-planeja-lancamento-no-dia-5\/#breadcrumb","itemListElement":[{"@type":"ListItem","position":1,"name":"In\u00edcio","item":"https:\/\/agenciainfra.com\/blog\/"},{"@type":"ListItem","position":2,"name":"Lula pede celeridade para programa G\u00e1s para Todos; MME planeja lan\u00e7amento no dia 5"}]},{"@type":"WebSite","@id":"https:\/\/agenciainfra.com\/blog\/#website","url":"https:\/\/agenciainfra.com\/blog\/","name":"Ag\u00eancia iNFRA","description":"Multiplataforma de informa\u00e7\u00e3o jornal\u00edstica refer\u00eancia na \u00e1rea de infraestrutura no Brasil!","publisher":{"@id":"https:\/\/agenciainfra.com\/blog\/#organization"},"potentialAction":[{"@type":"SearchAction","target":{"@type":"EntryPoint","urlTemplate":"https:\/\/agenciainfra.com\/blog\/?s={search_term_string}"},"query-input":{"@type":"PropertyValueSpecification","valueRequired":true,"valueName":"search_term_string"}}],"inLanguage":"pt-BR"},{"@type":"Organization","@id":"https:\/\/agenciainfra.com\/blog\/#organization","name":"Ag\u00eancia iNFRA","url":"https:\/\/agenciainfra.com\/blog\/","logo":{"@type":"ImageObject","inLanguage":"pt-BR","@id":"https:\/\/agenciainfra.com\/blog\/#\/schema\/logo\/image\/","url":"https:\/\/agenciainfra.com\/blog\/wp-content\/uploads\/2023\/09\/iNFRA_5-e1761735885940.png","contentUrl":"https:\/\/agenciainfra.com\/blog\/wp-content\/uploads\/2023\/09\/iNFRA_5-e1761735885940.png","width":1672,"height":454,"caption":"Ag\u00eancia iNFRA"},"image":{"@id":"https:\/\/agenciainfra.com\/blog\/#\/schema\/logo\/image\/"},"sameAs":["https:\/\/www.facebook.com\/ageninfra","https:\/\/x.com\/agencia_infra","https:\/\/www.linkedin.com\/company\/ag\u00eanciainfra\/","https:\/\/www.instagram.com\/agenciainfra\/"]},{"@type":"Person","@id":"https:\/\/agenciainfra.com\/blog\/#\/schema\/person\/34af08dff6adea4cb22b06612ba7acfa","name":"Ag\u00eancia iNFRA","image":{"@type":"ImageObject","inLanguage":"pt-BR","@id":"https:\/\/agenciainfra.com\/blog\/#\/schema\/person\/image\/","url":"https:\/\/secure.gravatar.com\/avatar\/d189e01678f06d8eb84d4e01f08eb848b3fffe3f8443818d3c356c66892f5be8?s=96&d=mm&r=g","contentUrl":"https:\/\/secure.gravatar.com\/avatar\/d189e01678f06d8eb84d4e01f08eb848b3fffe3f8443818d3c356c66892f5be8?s=96&d=mm&r=g","caption":"Ag\u00eancia iNFRA"},"url":"https:\/\/agenciainfra.com\/blog\/author\/admin\/"}]}},"_links":{"self":[{"href":"https:\/\/agenciainfra.com\/blog\/wp-json\/wp\/v2\/posts\/25437","targetHints":{"allow":["GET"]}}],"collection":[{"href":"https:\/\/agenciainfra.com\/blog\/wp-json\/wp\/v2\/posts"}],"about":[{"href":"https:\/\/agenciainfra.com\/blog\/wp-json\/wp\/v2\/types\/post"}],"author":[{"embeddable":true,"href":"https:\/\/agenciainfra.com\/blog\/wp-json\/wp\/v2\/users\/1"}],"replies":[{"embeddable":true,"href":"https:\/\/agenciainfra.com\/blog\/wp-json\/wp\/v2\/comments?post=25437"}],"version-history":[{"count":1,"href":"https:\/\/agenciainfra.com\/blog\/wp-json\/wp\/v2\/posts\/25437\/revisions"}],"predecessor-version":[{"id":25439,"href":"https:\/\/agenciainfra.com\/blog\/wp-json\/wp\/v2\/posts\/25437\/revisions\/25439"}],"wp:featuredmedia":[{"embeddable":true,"href":"https:\/\/agenciainfra.com\/blog\/wp-json\/wp\/v2\/media\/25438"}],"wp:attachment":[{"href":"https:\/\/agenciainfra.com\/blog\/wp-json\/wp\/v2\/media?parent=25437"}],"wp:term":[{"taxonomy":"category","embeddable":true,"href":"https:\/\/agenciainfra.com\/blog\/wp-json\/wp\/v2\/categories?post=25437"},{"taxonomy":"post_tag","embeddable":true,"href":"https:\/\/agenciainfra.com\/blog\/wp-json\/wp\/v2\/tags?post=25437"}],"curies":[{"name":"wp","href":"https:\/\/api.w.org\/{rel}","templated":true}]}}