{"id":2544,"date":"2018-10-20T05:00:50","date_gmt":"2018-10-20T08:00:50","guid":{"rendered":"http:\/\/www.agenciainfra.com\/blog\/?p=2544"},"modified":"2018-10-19T15:34:43","modified_gmt":"2018-10-19T18:34:43","slug":"o-proximo-governo-nao-vai-comecar-do-zero-diz-secretario-do-ppi","status":"publish","type":"post","link":"https:\/\/agenciainfra.com\/blog\/o-proximo-governo-nao-vai-comecar-do-zero-diz-secretario-do-ppi\/","title":{"rendered":"&#8220;O pr\u00f3ximo governo n\u00e3o vai come\u00e7ar do zero&#8221;, diz secret\u00e1rio do PPI"},"content":{"rendered":"<p>&nbsp;<\/p>\n<div>\n<h5 style=\"text-align: right;\"><strong>Dimmi Amora, da Ag\u00eancia iNFRA<\/strong><\/h5>\n<p>Em evento realizado no TCU (Tribunal de Contas da Uni\u00e3o), o secret\u00e1rio do PPI (Programa de Parceria de Investimentos), Adalberto Vasconcelos, disse que s\u00e3o baixas possibilidades de se realizar os leil\u00f5es de aeroportos e da Ferrovia Norte-Sul este ano, mas que os editais devem ser divulgados e as disputas v\u00e3o ocorrer em 2019.<\/p>\n<p>No total, h\u00e1 88 projetos que est\u00e3o na carteira do PPI e o \u00f3rg\u00e3o trabalha com realizar pelo menos mais 20 concorr\u00eancias em 2018, entre eles as licita\u00e7\u00f5es da RIS (Rodovia de Integra\u00e7\u00e3o do Sul) e a licita\u00e7\u00e3o do PPP do Controle A\u00e9reo. O restante estar\u00e1 pronto para o pr\u00f3ximo governo.<\/p>\n<p>\u201cO que estamos fazendo \u00e9 amadurecer projeto e deixar carteira para o pr\u00f3ximo governo, que vai pegar projetos j\u00e1 est\u00e3o em andamento. N\u00e3o vai come\u00e7ar do zero. Vamos ter leil\u00f5es em mar\u00e7o, junho&#8221;, afirmou Vasconcelos no Di\u00e1logos P\u00fablicos Infraestrutura.<\/p>\n<p>Al\u00e9m de fazer um balan\u00e7o do que o PPI fez em 28 meses, mostrando que foram 103 projetos licitados com previs\u00e3o de investimentos de R$ 228 bilh\u00f5es ao longo dos contratos, Vasconcelos explicou a evolu\u00e7\u00e3o que o PPI levou \u00e0 governan\u00e7a do setor de infraestrutura dentro do governo federal. De acordo com ele, esse ser\u00e1 o maior legado que o programa deixar\u00e1, melhorando a qualidade dos projetos que s\u00e3o encaminhados para a concorr\u00eancia.<\/p>\n<p>&#8220;O PPI n\u00e3o tem caneta. Trabalhamos por convencimento. Fazemos governan\u00e7a&#8221;, disse Vasconcelos.<\/p>\n<p>O evento teve a participa\u00e7\u00e3o de diferentes agentes do setor de infraestrutura e Vasconcelos, que \u00e9 servidor do TCU, lembrou que o \u00f3rg\u00e3o \u00e9 hoje respeitado e conhecido por agentes do setor de infraestrutura em todo o mundo. Segundo ele, o \u00f3rg\u00e3o d\u00e1 mais seguran\u00e7a aos processos de concess\u00e3o mas ele cobrou mais rapidez nas an\u00e1lises, lembrando que a demora em alguns casos leva a desist\u00eancia dos interessados, citando especificamente o caso do Lotex (Loterias da Caixa).<\/p>\n<p>&#8220;O TCU d\u00e1 o ritmo se o pa\u00eds vai mais r\u00e1pido ou n\u00e3o&#8221;, disse o secret\u00e1rio.<\/p>\n<p><strong>Nova Instru\u00e7\u00e3o<\/strong><br \/>\nO secret\u00e1rio de Infraestrutura do Tribunal, Nicola Espinheira, falando depois de Vasconcelos, afirmou que a nova Instru\u00e7\u00e3o Normativa de an\u00e1lise de concess\u00f5es do TCU, que vai vigorar em 2019, tende a tornar as an\u00e1lises mais simplificadas. Oficialmente, o tempo de an\u00e1lise de cada um dos processos ser\u00e1 maior, at\u00e9 150 dias, a depender se o governo cumprir as etapas. Mas, segundo ele, em casos complexos ser\u00e1 poss\u00edvel pedir mais prazo ao relator do processo. A tentativa, de acordo com ele, \u00e9 fazer as an\u00e1lise em prazo menor que o previsto na instru\u00e7\u00e3o.<\/p>\n<p>&#8220;O objetivo n\u00e3o \u00e9 ficar com 100% dos processos com prazo m\u00e1ximo&#8221;, afirmou o secret\u00e1rio que apresentou as principais mudan\u00e7as entre as instru\u00e7\u00f5es normativas antiga e nova.<\/p>\n<p>Segundo ele, outro fator que pode ajudar na velocidade de an\u00e1lise \u00e9 a exig\u00eancia de que o processo de concess\u00e3o comece com um aviso simplificado do governo ao TCU, antes do envio dos documentos finais da concess\u00e3o. Dessa forma, os t\u00e9cnicos do TCU poder\u00e3o fazer um melhor planejamento para a an\u00e1lise dos processos.<\/p>\n<p>A abertura do evento foi feita pelo ministro Benjamin Zymler, que falou sobre a evolu\u00e7\u00e3o do TCU na fiscaliza\u00e7\u00e3o de processos de concess\u00e3o. De acordo com ele, no passado o TCU agiu de maneira mais cogente devido aos problemas estruturais das primeiras concess\u00f5es, muitas delas feitas sem que houvesse sequer ag\u00eancia reguladora para fiscalizar os contratos.<\/p>\n<p>Ele lembra que foi a partir de uma defesa do ex-diretor da ANEEL Jos\u00e9 M\u00e1rio Abdo em processo no tribunal, quando ele reclamou da inger\u00eancia do tribunal sobre as decis\u00f5es regulat\u00f3rias dizendo que abandonaria a ag\u00eancia e deixaria as decis\u00f5es por conta do TCU, que o tribunal passou a respeitar o espa\u00e7o discricion\u00e1rio dos dirigentes. Zymler lembrou ainda que concess\u00f5es s\u00e3o casamentos de longo prazo que necessita de ajustes ao longo do tempo atrav\u00e9s de reequil\u00edbrios e que os estudos de viabilidade n\u00e3o podem ser considerados a panaceia.<\/p>\n<p>&#8220;H\u00e1 exemplos de decis\u00f5es que n\u00e3o seguiram os resultados dos estudos de viabilidade e trouxeram benef\u00edcios enormes ao pa\u00eds. Estudo n\u00e3o s\u00e3o a panaceia e n\u00e3o t\u00eam a capacidade de substituir uma decis\u00e3o pol\u00edtica do agente p\u00fablico escolhido nas urnas&#8221;, afirmou o ministro.<\/p>\n<\/div>\n","protected":false},"excerpt":{"rendered":"<p>&nbsp; Dimmi Amora, da Ag\u00eancia iNFRA Em evento realizado no TCU (Tribunal de Contas da Uni\u00e3o), o secret\u00e1rio do PPI (Programa de Parceria de Investimentos), Adalberto Vasconcelos, disse que s\u00e3o baixas possibilidades de se realizar os leil\u00f5es de aeroportos e da Ferrovia Norte-Sul este ano, mas que os editais devem ser divulgados e as disputas [&hellip;]<\/p>\n","protected":false},"author":1,"featured_media":2366,"comment_status":"closed","ping_status":"open","sticky":false,"template":"","format":"standard","meta":{"_monsterinsights_skip_tracking":false,"_monsterinsights_sitenote_active":false,"_monsterinsights_sitenote_note":"","_monsterinsights_sitenote_category":0,"footnotes":""},"categories":[7],"tags":[581,78,644,34,36,18],"class_list":["post-2544","post","type-post","status-publish","format-standard","has-post-thumbnail","hentry","category-infratransporte","tag-bolsonaro","tag-concessoes","tag-haddad","tag-infraestrutura","tag-ppi","tag-tcu"],"yoast_head":"<!-- This site is optimized with the Yoast SEO Premium plugin v25.4 (Yoast SEO v26.0) - https:\/\/yoast.com\/wordpress\/plugins\/seo\/ -->\n<title>&quot;O pr\u00f3ximo governo n\u00e3o vai come\u00e7ar do zero&quot;, diz secret\u00e1rio do PPI - Ag\u00eancia iNFRA<\/title>\n<meta name=\"robots\" content=\"index, follow, max-snippet:-1, max-image-preview:large, max-video-preview:-1\" \/>\n<link rel=\"canonical\" href=\"https:\/\/agenciainfra.com\/blog\/o-proximo-governo-nao-vai-comecar-do-zero-diz-secretario-do-ppi\/\" \/>\n<meta property=\"og:locale\" content=\"pt_BR\" \/>\n<meta property=\"og:type\" content=\"article\" \/>\n<meta property=\"og:title\" content=\"&quot;O pr\u00f3ximo governo n\u00e3o vai come\u00e7ar do zero&quot;, diz secret\u00e1rio do PPI\" \/>\n<meta property=\"og:description\" content=\"&nbsp; Dimmi Amora, da Ag\u00eancia iNFRA Em evento realizado no TCU (Tribunal de Contas da Uni\u00e3o), o secret\u00e1rio do PPI (Programa de Parceria de Investimentos), Adalberto Vasconcelos, disse que s\u00e3o baixas possibilidades de se realizar os leil\u00f5es de aeroportos e da Ferrovia Norte-Sul este ano, mas que os editais devem ser divulgados e as disputas [&hellip;]\" \/>\n<meta property=\"og:url\" content=\"https:\/\/agenciainfra.com\/blog\/o-proximo-governo-nao-vai-comecar-do-zero-diz-secretario-do-ppi\/\" \/>\n<meta property=\"og:site_name\" content=\"Ag\u00eancia iNFRA\" \/>\n<meta property=\"article:publisher\" content=\"https:\/\/www.facebook.com\/ageninfra\" \/>\n<meta property=\"article:published_time\" content=\"2018-10-20T08:00:50+00:00\" \/>\n<meta property=\"og:image\" content=\"https:\/\/agenciainfra.com\/blog\/wp-content\/uploads\/2018\/08\/planalto_roberto_stukert_filho_pr.jpeg\" \/>\n\t<meta property=\"og:image:width\" content=\"768\" \/>\n\t<meta property=\"og:image:height\" content=\"511\" \/>\n\t<meta property=\"og:image:type\" content=\"image\/jpeg\" \/>\n<meta name=\"author\" content=\"Ag\u00eancia iNFRA\" \/>\n<meta name=\"twitter:card\" content=\"summary_large_image\" \/>\n<meta name=\"twitter:creator\" content=\"@agencia_infra\" \/>\n<meta name=\"twitter:site\" content=\"@agencia_infra\" \/>\n<meta name=\"twitter:label1\" content=\"Escrito por\" \/>\n\t<meta name=\"twitter:data1\" content=\"Ag\u00eancia iNFRA\" \/>\n\t<meta name=\"twitter:label2\" content=\"Est. tempo de leitura\" \/>\n\t<meta name=\"twitter:data2\" content=\"4 minutos\" \/>\n<script type=\"application\/ld+json\" class=\"yoast-schema-graph\">{\"@context\":\"https:\/\/schema.org\",\"@graph\":[{\"@type\":\"Article\",\"@id\":\"https:\/\/agenciainfra.com\/blog\/o-proximo-governo-nao-vai-comecar-do-zero-diz-secretario-do-ppi\/#article\",\"isPartOf\":{\"@id\":\"https:\/\/agenciainfra.com\/blog\/o-proximo-governo-nao-vai-comecar-do-zero-diz-secretario-do-ppi\/\"},\"author\":{\"name\":\"Ag\u00eancia iNFRA\",\"@id\":\"https:\/\/agenciainfra.com\/blog\/#\/schema\/person\/34af08dff6adea4cb22b06612ba7acfa\"},\"headline\":\"&#8220;O pr\u00f3ximo governo n\u00e3o vai come\u00e7ar do zero&#8221;, diz secret\u00e1rio do PPI\",\"datePublished\":\"2018-10-20T08:00:50+00:00\",\"mainEntityOfPage\":{\"@id\":\"https:\/\/agenciainfra.com\/blog\/o-proximo-governo-nao-vai-comecar-do-zero-diz-secretario-do-ppi\/\"},\"wordCount\":781,\"publisher\":{\"@id\":\"https:\/\/agenciainfra.com\/blog\/#organization\"},\"image\":{\"@id\":\"https:\/\/agenciainfra.com\/blog\/o-proximo-governo-nao-vai-comecar-do-zero-diz-secretario-do-ppi\/#primaryimage\"},\"thumbnailUrl\":\"https:\/\/agenciainfra.com\/blog\/wp-content\/uploads\/2018\/08\/planalto_roberto_stukert_filho_pr.jpeg\",\"keywords\":[\"Bolsonaro\",\"concess\u00f5es\",\"Haddad\",\"Infraestrutura\",\"PPI\",\"TCU\"],\"articleSection\":[\"iNFRATransporte\"],\"inLanguage\":\"pt-BR\",\"copyrightYear\":\"2018\",\"copyrightHolder\":{\"@id\":\"https:\/\/agenciainfra.com\/blog\/#organization\"}},{\"@type\":\"WebPage\",\"@id\":\"https:\/\/agenciainfra.com\/blog\/o-proximo-governo-nao-vai-comecar-do-zero-diz-secretario-do-ppi\/\",\"url\":\"https:\/\/agenciainfra.com\/blog\/o-proximo-governo-nao-vai-comecar-do-zero-diz-secretario-do-ppi\/\",\"name\":\"\\\"O pr\u00f3ximo governo n\u00e3o vai come\u00e7ar do zero\\\", diz secret\u00e1rio do PPI - Ag\u00eancia iNFRA\",\"isPartOf\":{\"@id\":\"https:\/\/agenciainfra.com\/blog\/#website\"},\"primaryImageOfPage\":{\"@id\":\"https:\/\/agenciainfra.com\/blog\/o-proximo-governo-nao-vai-comecar-do-zero-diz-secretario-do-ppi\/#primaryimage\"},\"image\":{\"@id\":\"https:\/\/agenciainfra.com\/blog\/o-proximo-governo-nao-vai-comecar-do-zero-diz-secretario-do-ppi\/#primaryimage\"},\"thumbnailUrl\":\"https:\/\/agenciainfra.com\/blog\/wp-content\/uploads\/2018\/08\/planalto_roberto_stukert_filho_pr.jpeg\",\"datePublished\":\"2018-10-20T08:00:50+00:00\",\"breadcrumb\":{\"@id\":\"https:\/\/agenciainfra.com\/blog\/o-proximo-governo-nao-vai-comecar-do-zero-diz-secretario-do-ppi\/#breadcrumb\"},\"inLanguage\":\"pt-BR\",\"potentialAction\":[{\"@type\":\"ReadAction\",\"target\":[\"https:\/\/agenciainfra.com\/blog\/o-proximo-governo-nao-vai-comecar-do-zero-diz-secretario-do-ppi\/\"]}]},{\"@type\":\"ImageObject\",\"inLanguage\":\"pt-BR\",\"@id\":\"https:\/\/agenciainfra.com\/blog\/o-proximo-governo-nao-vai-comecar-do-zero-diz-secretario-do-ppi\/#primaryimage\",\"url\":\"https:\/\/agenciainfra.com\/blog\/wp-content\/uploads\/2018\/08\/planalto_roberto_stukert_filho_pr.jpeg\",\"contentUrl\":\"https:\/\/agenciainfra.com\/blog\/wp-content\/uploads\/2018\/08\/planalto_roberto_stukert_filho_pr.jpeg\",\"width\":768,\"height\":511},{\"@type\":\"BreadcrumbList\",\"@id\":\"https:\/\/agenciainfra.com\/blog\/o-proximo-governo-nao-vai-comecar-do-zero-diz-secretario-do-ppi\/#breadcrumb\",\"itemListElement\":[{\"@type\":\"ListItem\",\"position\":1,\"name\":\"In\u00edcio\",\"item\":\"https:\/\/agenciainfra.com\/blog\/\"},{\"@type\":\"ListItem\",\"position\":2,\"name\":\"&#8220;O pr\u00f3ximo governo n\u00e3o vai come\u00e7ar do zero&#8221;, diz secret\u00e1rio do PPI\"}]},{\"@type\":\"WebSite\",\"@id\":\"https:\/\/agenciainfra.com\/blog\/#website\",\"url\":\"https:\/\/agenciainfra.com\/blog\/\",\"name\":\"Ag\u00eancia iNFRA\",\"description\":\"Multiplataforma de informa\u00e7\u00e3o jornal\u00edstica refer\u00eancia na \u00e1rea de infraestrutura no Brasil!\",\"publisher\":{\"@id\":\"https:\/\/agenciainfra.com\/blog\/#organization\"},\"potentialAction\":[{\"@type\":\"SearchAction\",\"target\":{\"@type\":\"EntryPoint\",\"urlTemplate\":\"https:\/\/agenciainfra.com\/blog\/?s={search_term_string}\"},\"query-input\":{\"@type\":\"PropertyValueSpecification\",\"valueRequired\":true,\"valueName\":\"search_term_string\"}}],\"inLanguage\":\"pt-BR\"},{\"@type\":\"Organization\",\"@id\":\"https:\/\/agenciainfra.com\/blog\/#organization\",\"name\":\"Ag\u00eancia iNFRA\",\"url\":\"https:\/\/agenciainfra.com\/blog\/\",\"logo\":{\"@type\":\"ImageObject\",\"inLanguage\":\"pt-BR\",\"@id\":\"https:\/\/agenciainfra.com\/blog\/#\/schema\/logo\/image\/\",\"url\":\"https:\/\/agenciainfra.com\/blog\/wp-content\/uploads\/2023\/09\/iNFRA_5-e1761735885940.png\",\"contentUrl\":\"https:\/\/agenciainfra.com\/blog\/wp-content\/uploads\/2023\/09\/iNFRA_5-e1761735885940.png\",\"width\":1672,\"height\":454,\"caption\":\"Ag\u00eancia iNFRA\"},\"image\":{\"@id\":\"https:\/\/agenciainfra.com\/blog\/#\/schema\/logo\/image\/\"},\"sameAs\":[\"https:\/\/www.facebook.com\/ageninfra\",\"https:\/\/x.com\/agencia_infra\",\"https:\/\/www.linkedin.com\/company\/ag\u00eanciainfra\/\",\"https:\/\/www.instagram.com\/agenciainfra\/\"]},{\"@type\":\"Person\",\"@id\":\"https:\/\/agenciainfra.com\/blog\/#\/schema\/person\/34af08dff6adea4cb22b06612ba7acfa\",\"name\":\"Ag\u00eancia iNFRA\",\"image\":{\"@type\":\"ImageObject\",\"inLanguage\":\"pt-BR\",\"@id\":\"https:\/\/agenciainfra.com\/blog\/#\/schema\/person\/image\/\",\"url\":\"https:\/\/secure.gravatar.com\/avatar\/d189e01678f06d8eb84d4e01f08eb848b3fffe3f8443818d3c356c66892f5be8?s=96&d=mm&r=g\",\"contentUrl\":\"https:\/\/secure.gravatar.com\/avatar\/d189e01678f06d8eb84d4e01f08eb848b3fffe3f8443818d3c356c66892f5be8?s=96&d=mm&r=g\",\"caption\":\"Ag\u00eancia iNFRA\"},\"url\":\"https:\/\/agenciainfra.com\/blog\/author\/admin\/\"}]}<\/script>\n<!-- \/ Yoast SEO Premium plugin. -->","yoast_head_json":{"title":"\"O pr\u00f3ximo governo n\u00e3o vai come\u00e7ar do zero\", diz secret\u00e1rio do PPI - Ag\u00eancia iNFRA","robots":{"index":"index","follow":"follow","max-snippet":"max-snippet:-1","max-image-preview":"max-image-preview:large","max-video-preview":"max-video-preview:-1"},"canonical":"https:\/\/agenciainfra.com\/blog\/o-proximo-governo-nao-vai-comecar-do-zero-diz-secretario-do-ppi\/","og_locale":"pt_BR","og_type":"article","og_title":"\"O pr\u00f3ximo governo n\u00e3o vai come\u00e7ar do zero\", diz secret\u00e1rio do PPI","og_description":"&nbsp; Dimmi Amora, da Ag\u00eancia iNFRA Em evento realizado no TCU (Tribunal de Contas da Uni\u00e3o), o secret\u00e1rio do PPI (Programa de Parceria de Investimentos), Adalberto Vasconcelos, disse que s\u00e3o baixas possibilidades de se realizar os leil\u00f5es de aeroportos e da Ferrovia Norte-Sul este ano, mas que os editais devem ser divulgados e as disputas [&hellip;]","og_url":"https:\/\/agenciainfra.com\/blog\/o-proximo-governo-nao-vai-comecar-do-zero-diz-secretario-do-ppi\/","og_site_name":"Ag\u00eancia iNFRA","article_publisher":"https:\/\/www.facebook.com\/ageninfra","article_published_time":"2018-10-20T08:00:50+00:00","og_image":[{"width":768,"height":511,"url":"https:\/\/agenciainfra.com\/blog\/wp-content\/uploads\/2018\/08\/planalto_roberto_stukert_filho_pr.jpeg","type":"image\/jpeg"}],"author":"Ag\u00eancia iNFRA","twitter_card":"summary_large_image","twitter_creator":"@agencia_infra","twitter_site":"@agencia_infra","twitter_misc":{"Escrito por":"Ag\u00eancia iNFRA","Est. tempo de leitura":"4 minutos"},"schema":{"@context":"https:\/\/schema.org","@graph":[{"@type":"Article","@id":"https:\/\/agenciainfra.com\/blog\/o-proximo-governo-nao-vai-comecar-do-zero-diz-secretario-do-ppi\/#article","isPartOf":{"@id":"https:\/\/agenciainfra.com\/blog\/o-proximo-governo-nao-vai-comecar-do-zero-diz-secretario-do-ppi\/"},"author":{"name":"Ag\u00eancia iNFRA","@id":"https:\/\/agenciainfra.com\/blog\/#\/schema\/person\/34af08dff6adea4cb22b06612ba7acfa"},"headline":"&#8220;O pr\u00f3ximo governo n\u00e3o vai come\u00e7ar do zero&#8221;, diz secret\u00e1rio do PPI","datePublished":"2018-10-20T08:00:50+00:00","mainEntityOfPage":{"@id":"https:\/\/agenciainfra.com\/blog\/o-proximo-governo-nao-vai-comecar-do-zero-diz-secretario-do-ppi\/"},"wordCount":781,"publisher":{"@id":"https:\/\/agenciainfra.com\/blog\/#organization"},"image":{"@id":"https:\/\/agenciainfra.com\/blog\/o-proximo-governo-nao-vai-comecar-do-zero-diz-secretario-do-ppi\/#primaryimage"},"thumbnailUrl":"https:\/\/agenciainfra.com\/blog\/wp-content\/uploads\/2018\/08\/planalto_roberto_stukert_filho_pr.jpeg","keywords":["Bolsonaro","concess\u00f5es","Haddad","Infraestrutura","PPI","TCU"],"articleSection":["iNFRATransporte"],"inLanguage":"pt-BR","copyrightYear":"2018","copyrightHolder":{"@id":"https:\/\/agenciainfra.com\/blog\/#organization"}},{"@type":"WebPage","@id":"https:\/\/agenciainfra.com\/blog\/o-proximo-governo-nao-vai-comecar-do-zero-diz-secretario-do-ppi\/","url":"https:\/\/agenciainfra.com\/blog\/o-proximo-governo-nao-vai-comecar-do-zero-diz-secretario-do-ppi\/","name":"\"O pr\u00f3ximo governo n\u00e3o vai come\u00e7ar do zero\", diz secret\u00e1rio do PPI - Ag\u00eancia iNFRA","isPartOf":{"@id":"https:\/\/agenciainfra.com\/blog\/#website"},"primaryImageOfPage":{"@id":"https:\/\/agenciainfra.com\/blog\/o-proximo-governo-nao-vai-comecar-do-zero-diz-secretario-do-ppi\/#primaryimage"},"image":{"@id":"https:\/\/agenciainfra.com\/blog\/o-proximo-governo-nao-vai-comecar-do-zero-diz-secretario-do-ppi\/#primaryimage"},"thumbnailUrl":"https:\/\/agenciainfra.com\/blog\/wp-content\/uploads\/2018\/08\/planalto_roberto_stukert_filho_pr.jpeg","datePublished":"2018-10-20T08:00:50+00:00","breadcrumb":{"@id":"https:\/\/agenciainfra.com\/blog\/o-proximo-governo-nao-vai-comecar-do-zero-diz-secretario-do-ppi\/#breadcrumb"},"inLanguage":"pt-BR","potentialAction":[{"@type":"ReadAction","target":["https:\/\/agenciainfra.com\/blog\/o-proximo-governo-nao-vai-comecar-do-zero-diz-secretario-do-ppi\/"]}]},{"@type":"ImageObject","inLanguage":"pt-BR","@id":"https:\/\/agenciainfra.com\/blog\/o-proximo-governo-nao-vai-comecar-do-zero-diz-secretario-do-ppi\/#primaryimage","url":"https:\/\/agenciainfra.com\/blog\/wp-content\/uploads\/2018\/08\/planalto_roberto_stukert_filho_pr.jpeg","contentUrl":"https:\/\/agenciainfra.com\/blog\/wp-content\/uploads\/2018\/08\/planalto_roberto_stukert_filho_pr.jpeg","width":768,"height":511},{"@type":"BreadcrumbList","@id":"https:\/\/agenciainfra.com\/blog\/o-proximo-governo-nao-vai-comecar-do-zero-diz-secretario-do-ppi\/#breadcrumb","itemListElement":[{"@type":"ListItem","position":1,"name":"In\u00edcio","item":"https:\/\/agenciainfra.com\/blog\/"},{"@type":"ListItem","position":2,"name":"&#8220;O pr\u00f3ximo governo n\u00e3o vai come\u00e7ar do zero&#8221;, diz secret\u00e1rio do PPI"}]},{"@type":"WebSite","@id":"https:\/\/agenciainfra.com\/blog\/#website","url":"https:\/\/agenciainfra.com\/blog\/","name":"Ag\u00eancia iNFRA","description":"Multiplataforma de informa\u00e7\u00e3o jornal\u00edstica refer\u00eancia na \u00e1rea de infraestrutura no Brasil!","publisher":{"@id":"https:\/\/agenciainfra.com\/blog\/#organization"},"potentialAction":[{"@type":"SearchAction","target":{"@type":"EntryPoint","urlTemplate":"https:\/\/agenciainfra.com\/blog\/?s={search_term_string}"},"query-input":{"@type":"PropertyValueSpecification","valueRequired":true,"valueName":"search_term_string"}}],"inLanguage":"pt-BR"},{"@type":"Organization","@id":"https:\/\/agenciainfra.com\/blog\/#organization","name":"Ag\u00eancia iNFRA","url":"https:\/\/agenciainfra.com\/blog\/","logo":{"@type":"ImageObject","inLanguage":"pt-BR","@id":"https:\/\/agenciainfra.com\/blog\/#\/schema\/logo\/image\/","url":"https:\/\/agenciainfra.com\/blog\/wp-content\/uploads\/2023\/09\/iNFRA_5-e1761735885940.png","contentUrl":"https:\/\/agenciainfra.com\/blog\/wp-content\/uploads\/2023\/09\/iNFRA_5-e1761735885940.png","width":1672,"height":454,"caption":"Ag\u00eancia iNFRA"},"image":{"@id":"https:\/\/agenciainfra.com\/blog\/#\/schema\/logo\/image\/"},"sameAs":["https:\/\/www.facebook.com\/ageninfra","https:\/\/x.com\/agencia_infra","https:\/\/www.linkedin.com\/company\/ag\u00eanciainfra\/","https:\/\/www.instagram.com\/agenciainfra\/"]},{"@type":"Person","@id":"https:\/\/agenciainfra.com\/blog\/#\/schema\/person\/34af08dff6adea4cb22b06612ba7acfa","name":"Ag\u00eancia iNFRA","image":{"@type":"ImageObject","inLanguage":"pt-BR","@id":"https:\/\/agenciainfra.com\/blog\/#\/schema\/person\/image\/","url":"https:\/\/secure.gravatar.com\/avatar\/d189e01678f06d8eb84d4e01f08eb848b3fffe3f8443818d3c356c66892f5be8?s=96&d=mm&r=g","contentUrl":"https:\/\/secure.gravatar.com\/avatar\/d189e01678f06d8eb84d4e01f08eb848b3fffe3f8443818d3c356c66892f5be8?s=96&d=mm&r=g","caption":"Ag\u00eancia iNFRA"},"url":"https:\/\/agenciainfra.com\/blog\/author\/admin\/"}]}},"_links":{"self":[{"href":"https:\/\/agenciainfra.com\/blog\/wp-json\/wp\/v2\/posts\/2544","targetHints":{"allow":["GET"]}}],"collection":[{"href":"https:\/\/agenciainfra.com\/blog\/wp-json\/wp\/v2\/posts"}],"about":[{"href":"https:\/\/agenciainfra.com\/blog\/wp-json\/wp\/v2\/types\/post"}],"author":[{"embeddable":true,"href":"https:\/\/agenciainfra.com\/blog\/wp-json\/wp\/v2\/users\/1"}],"replies":[{"embeddable":true,"href":"https:\/\/agenciainfra.com\/blog\/wp-json\/wp\/v2\/comments?post=2544"}],"version-history":[{"count":0,"href":"https:\/\/agenciainfra.com\/blog\/wp-json\/wp\/v2\/posts\/2544\/revisions"}],"wp:featuredmedia":[{"embeddable":true,"href":"https:\/\/agenciainfra.com\/blog\/wp-json\/wp\/v2\/media\/2366"}],"wp:attachment":[{"href":"https:\/\/agenciainfra.com\/blog\/wp-json\/wp\/v2\/media?parent=2544"}],"wp:term":[{"taxonomy":"category","embeddable":true,"href":"https:\/\/agenciainfra.com\/blog\/wp-json\/wp\/v2\/categories?post=2544"},{"taxonomy":"post_tag","embeddable":true,"href":"https:\/\/agenciainfra.com\/blog\/wp-json\/wp\/v2\/tags?post=2544"}],"curies":[{"name":"wp","href":"https:\/\/api.w.org\/{rel}","templated":true}]}}