{"id":25441,"date":"2025-07-28T16:17:14","date_gmt":"2025-07-28T19:17:14","guid":{"rendered":"https:\/\/agenciainfra.com\/blog\/?p=25441"},"modified":"2025-07-30T09:31:18","modified_gmt":"2025-07-30T12:31:18","slug":"ibama-nega-pedido-da-petrobras-para-antecipar-reuniao-sobre-simulado-na-margem-equatorial","status":"publish","type":"post","link":"https:\/\/agenciainfra.com\/blog\/ibama-nega-pedido-da-petrobras-para-antecipar-reuniao-sobre-simulado-na-margem-equatorial\/","title":{"rendered":"Ibama nega pedido da Petrobras para antecipar reuni\u00e3o sobre simulado na Margem Equatorial"},"content":{"rendered":"\n<p class=\"has-text-align-right\"><strong>Gabriel Vasconcelos, da Ag\u00eancia iNFRA<\/strong><\/p>\n\n\n\n<p>Em sua mais recente intera\u00e7\u00e3o com a Petrobras, o Ibama negou um pedido da estatal para antecipar em oito dias a data da reuni\u00e3o de planejamento da APO (Avalia\u00e7\u00e3o Pr\u00e9-Operacional) \u2013 \u00faltima etapa do processo do licenciamento ambiental \u2013 no ponto do litoral do Amap\u00e1 onde a empresa planeja perfurar para procurar petr\u00f3leo, dentro da Margem Equatorial. Mais do que isso, o Ibama exige complementos nos protocolos de emerg\u00eancia individual e prote\u00e7\u00e3o de fauna j\u00e1 enviados pela Petrobras e ignora o pedido sobre uma data efetiva para a avalia\u00e7\u00e3o.<\/p>\n\n\n\n<p>O Ibama havia sugerido uma reuni\u00e3o em 12 de agosto entre t\u00e9cnicos da autarquia ambiental e da Petrobras, de forma online. A data acabou mantida em novo of\u00edcio, ap\u00f3s a Petrobras pedir, em carta, que a conversa acontecesse at\u00e9 4 de agosto.<\/p>\n\n\n\n<p>Em reposta \u00e0 carta da Petrobras, na qual a empresa argumenta j\u00e1 ter mobilizado um navio sonda, tr\u00eas helic\u00f3pteros, seis embarca\u00e7\u00f5es de emerg\u00eancia, seis barcos para atendimento \u00e0 fauna e dois centros da atendimento \u00e0 fauna em Oiapoque e Bel\u00e9m com profissionais em cada uma das frentes, o coordenador-geral da diretoria de Licenciamento do Ibama, Itagyba Alvarenga, listou todas as \u00faltimas oito a\u00e7\u00f5es do \u00f3rg\u00e3o dentro do processo, desde o in\u00edcio de junho.<\/p>\n\n\n\n<p>Uma delas, no per\u00edodo entre 7 e 13 de junho, diz sobre as vistorias em 14 estruturas e equipamentos espalhados pelo Par\u00e1 e Amap\u00e1, e feitas por nove analistas do Ibama, que representam 30% do quadro voltado ao licenciamento para explora\u00e7\u00e3o de petr\u00f3leo e g\u00e1s da autarquia. O of\u00edcio do Ibama funciona como um atestado das a\u00e7\u00f5es do \u00f3rg\u00e3o para afastar eventuais acusa\u00e7\u00f5es de morosidade.<\/p>\n\n\n\n<p>&#8220;No presente momento, encontram-se em elabora\u00e7\u00e3o aproximadamente 30 documentos t\u00e9cnicos decorrentes das vistorias realizadas, com previs\u00e3o de conclus\u00e3o nos pr\u00f3ximos 10 dias. Tamb\u00e9m j\u00e1 est\u00e1 programada reuni\u00e3o de planejamento interno para realiza\u00e7\u00e3o da APO para o dia 04\/08. Observa-se, portanto, que o Ibama tem direcionado significativos recursos para andamento c\u00e9lere do processo de licenciamento ambiental em tela, sempre balizado pelo rigor t\u00e9cnico e processual necess\u00e1rio, sobretudo para uma regi\u00e3o com as caracter\u00edsticas ambientais da bacia da Foz do Amazonas&#8221;, escreve o coordenador do Ibama.<\/p>\n\n\n\n<p>Em seguida, no documento, Alvarenga bate o martelo sobre a reuni\u00e3o no dia 12 e faz uma s\u00e9rie de exig\u00eancias adicionais aos planos de emerg\u00eancia e prote\u00e7\u00e3o de fauna oleada j\u00e1 protocolados, como a localiza\u00e7\u00e3o do estoque de dispersantes, produto qu\u00edmico usado para quebrar o \u00f3leo em part\u00edculas menores.<\/p>\n\n\n\n<p>Na carta assinada por seu gerente de Licenciamento de Explora\u00e7\u00e3o de Produ\u00e7\u00e3o, Andr\u00e9 Dias de Oliveira, a Petrobras solicitava, ainda, a autoriza\u00e7\u00e3o da autarquia para conduzir a sonda at\u00e9 a \u00e1rea da loca\u00e7\u00e3o e uma &#8220;janela temporal&#8221; para a efetiva realiza\u00e7\u00e3o do simulado ainda na primeira quinzena de agosto, ambos os pedidos ignorados na resposta do Ibama.<\/p>\n\n\n\n<p><strong>FUP aponta custo de R$ 4 milh\u00f5es por dia<\/strong><br>O coordenador-geral da FUP (Federa\u00e7\u00e3o \u00danica dos Petroleiros), Deyvid Bacelar, disse em nota que a autarquia ambiental &#8220;est\u00e1 retardando o processo de licenciamento&#8221; e impondo custos adicionais ao pa\u00eds superiores a R$ 4 milh\u00f5es por dia com o aluguel de sonda de perfura\u00e7\u00e3o.<\/p>\n\n\n\n<p>&#8220;A FUP n\u00e3o v\u00ea justificativa t\u00e9cnica, por parte do Ibama, para postergar para 12 de agosto reuni\u00e3o sobre planejamento da APO na Margem Equatorial, \u00e1rea do bloco FZA-M-59, no litoral do Amap\u00e1, onde a Petrobr\u00e1s pretende realizar perfura\u00e7\u00e3o explorat\u00f3ria. Por que da protela\u00e7\u00e3o do Ibama?&#8221;, questiona Bacellar. A entidade observa que a Petrobras havia sugerido que a APO acontecesse em julho, ap\u00f3s o dia 14 daquele m\u00eas, e que o cronograma do Ibama frustrou o plano inicial da estatal.<\/p>\n\n\n\n<p>A FUP lembra que o equipamento est\u00e1 parado no litoral do Par\u00e1 h\u00e1 mais de vinte dias aguardando autoriza\u00e7\u00e3o do \u00f3rg\u00e3o ambiental para a realiza\u00e7\u00e3o do simulado preventivo, a APO, na \u00e1rea do bloco FZ-AM-59. Segundo a Petrobras, al\u00e9m da sonda, est\u00e3o mobilizados tr\u00eas helic\u00f3pteros, seis embarca\u00e7\u00f5es de emerg\u00eancia, seis barcos para atendimento \u00e0 fauna e dois centros da atendimento \u00e0 fauna em Oiapoque e Bel\u00e9m com profissionais em cada uma das frentes.<\/p>\n\n\n\n<p>Em resposta \u00e0 Petrobras, o Ibama disse que seus t\u00e9cnicos est\u00e3o elaborando &#8220;aproximadamente 30 documentos t\u00e9cnicos decorrentes de vistorias realizadas&#8221; este m\u00eas com previs\u00e3o de conclus\u00e3o nos pr\u00f3ximos dez dias. Tamb\u00e9m j\u00e1 haveria previs\u00e3o de reuni\u00e3o de planejamento interno do Ibama sobre a APO em 4 de agosto, data limite para a qual a Petrobras tentou antecipar a reuni\u00e3o entre as partes.<\/p>\n","protected":false},"excerpt":{"rendered":"<p>Gabriel Vasconcelos, da Ag\u00eancia iNFRA Em sua mais recente intera\u00e7\u00e3o com a Petrobras, o Ibama negou um pedido da estatal para antecipar em oito dias a data da reuni\u00e3o de planejamento da APO (Avalia\u00e7\u00e3o Pr\u00e9-Operacional) \u2013 \u00faltima etapa do processo do licenciamento ambiental \u2013 no ponto do litoral do Amap\u00e1 onde a empresa planeja perfurar [&hellip;]<\/p>\n","protected":false},"author":1,"featured_media":23920,"comment_status":"closed","ping_status":"closed","sticky":false,"template":"","format":"standard","meta":{"_monsterinsights_skip_tracking":false,"_monsterinsights_sitenote_active":false,"_monsterinsights_sitenote_note":"","_monsterinsights_sitenote_category":0,"footnotes":""},"categories":[7250,1,13271],"tags":[13339,13251,749,223,13269,143],"class_list":["post-25441","post","type-post","status-publish","format-standard","has-post-thumbnail","hentry","category-destaque-lista","category-geral","category-oleo-gas","tag-exploracao-de-petroleo","tag-gabriel-vasconcelos","tag-ibama","tag-licenciamento-ambiental","tag-margem-equatorial","tag-petrobras"],"yoast_head":"<!-- This site is optimized with the Yoast SEO Premium plugin v25.4 (Yoast SEO v26.0) - https:\/\/yoast.com\/wordpress\/plugins\/seo\/ -->\n<title>Ibama nega pedido da Petrobras para antecipar reuni\u00e3o sobre simulado na Margem Equatorial - Ag\u00eancia iNFRA<\/title>\n<meta name=\"robots\" content=\"index, follow, max-snippet:-1, max-image-preview:large, max-video-preview:-1\" \/>\n<link rel=\"canonical\" href=\"https:\/\/agenciainfra.com\/blog\/ibama-nega-pedido-da-petrobras-para-antecipar-reuniao-sobre-simulado-na-margem-equatorial\/\" \/>\n<meta property=\"og:locale\" content=\"pt_BR\" \/>\n<meta property=\"og:type\" content=\"article\" \/>\n<meta property=\"og:title\" content=\"Ibama nega pedido da Petrobras para antecipar reuni\u00e3o sobre simulado na Margem Equatorial\" \/>\n<meta property=\"og:description\" content=\"Gabriel Vasconcelos, da Ag\u00eancia iNFRA Em sua mais recente intera\u00e7\u00e3o com a Petrobras, o Ibama negou um pedido da estatal para antecipar em oito dias a data da reuni\u00e3o de planejamento da APO (Avalia\u00e7\u00e3o Pr\u00e9-Operacional) \u2013 \u00faltima etapa do processo do licenciamento ambiental \u2013 no ponto do litoral do Amap\u00e1 onde a empresa planeja perfurar [&hellip;]\" \/>\n<meta property=\"og:url\" content=\"https:\/\/agenciainfra.com\/blog\/ibama-nega-pedido-da-petrobras-para-antecipar-reuniao-sobre-simulado-na-margem-equatorial\/\" \/>\n<meta property=\"og:site_name\" content=\"Ag\u00eancia iNFRA\" \/>\n<meta property=\"article:publisher\" content=\"https:\/\/www.facebook.com\/ageninfra\" \/>\n<meta property=\"article:published_time\" content=\"2025-07-28T19:17:14+00:00\" \/>\n<meta property=\"article:modified_time\" content=\"2025-07-30T12:31:18+00:00\" \/>\n<meta property=\"og:image\" content=\"https:\/\/agenciainfra.com\/blog\/wp-content\/uploads\/2025\/07\/sonda-ODN-II-Petrobras-foto-divulgacao-foresea.jpg\" \/>\n\t<meta property=\"og:image:width\" content=\"1280\" \/>\n\t<meta property=\"og:image:height\" content=\"720\" \/>\n\t<meta property=\"og:image:type\" content=\"image\/jpeg\" \/>\n<meta name=\"author\" content=\"Ag\u00eancia iNFRA\" \/>\n<meta name=\"twitter:card\" content=\"summary_large_image\" \/>\n<meta name=\"twitter:creator\" content=\"@agencia_infra\" \/>\n<meta name=\"twitter:site\" content=\"@agencia_infra\" \/>\n<meta name=\"twitter:label1\" content=\"Escrito por\" \/>\n\t<meta name=\"twitter:data1\" content=\"Ag\u00eancia iNFRA\" \/>\n\t<meta name=\"twitter:label2\" content=\"Est. tempo de leitura\" \/>\n\t<meta name=\"twitter:data2\" content=\"4 minutos\" \/>\n<script type=\"application\/ld+json\" class=\"yoast-schema-graph\">{\"@context\":\"https:\/\/schema.org\",\"@graph\":[{\"@type\":\"Article\",\"@id\":\"https:\/\/agenciainfra.com\/blog\/ibama-nega-pedido-da-petrobras-para-antecipar-reuniao-sobre-simulado-na-margem-equatorial\/#article\",\"isPartOf\":{\"@id\":\"https:\/\/agenciainfra.com\/blog\/ibama-nega-pedido-da-petrobras-para-antecipar-reuniao-sobre-simulado-na-margem-equatorial\/\"},\"author\":{\"name\":\"Ag\u00eancia iNFRA\",\"@id\":\"https:\/\/agenciainfra.com\/blog\/#\/schema\/person\/34af08dff6adea4cb22b06612ba7acfa\"},\"headline\":\"Ibama nega pedido da Petrobras para antecipar reuni\u00e3o sobre simulado na Margem Equatorial\",\"datePublished\":\"2025-07-28T19:17:14+00:00\",\"dateModified\":\"2025-07-30T12:31:18+00:00\",\"mainEntityOfPage\":{\"@id\":\"https:\/\/agenciainfra.com\/blog\/ibama-nega-pedido-da-petrobras-para-antecipar-reuniao-sobre-simulado-na-margem-equatorial\/\"},\"wordCount\":810,\"publisher\":{\"@id\":\"https:\/\/agenciainfra.com\/blog\/#organization\"},\"image\":{\"@id\":\"https:\/\/agenciainfra.com\/blog\/ibama-nega-pedido-da-petrobras-para-antecipar-reuniao-sobre-simulado-na-margem-equatorial\/#primaryimage\"},\"thumbnailUrl\":\"https:\/\/agenciainfra.com\/blog\/wp-content\/uploads\/2025\/07\/sonda-ODN-II-Petrobras-foto-divulgacao-foresea.jpg\",\"keywords\":[\"explora\u00e7\u00e3o de petr\u00f3leo\",\"Gabriel Vasconcelos\",\"Ibama\",\"Licenciamento ambiental\",\"margem equatorial\",\"Petrobras\"],\"articleSection\":[\"Destaque lista\",\"Geral\",\"\u00d3leo &amp; G\u00e1s\"],\"inLanguage\":\"pt-BR\",\"copyrightYear\":\"2025\",\"copyrightHolder\":{\"@id\":\"https:\/\/agenciainfra.com\/blog\/#organization\"}},{\"@type\":\"WebPage\",\"@id\":\"https:\/\/agenciainfra.com\/blog\/ibama-nega-pedido-da-petrobras-para-antecipar-reuniao-sobre-simulado-na-margem-equatorial\/\",\"url\":\"https:\/\/agenciainfra.com\/blog\/ibama-nega-pedido-da-petrobras-para-antecipar-reuniao-sobre-simulado-na-margem-equatorial\/\",\"name\":\"Ibama nega pedido da Petrobras para antecipar reuni\u00e3o sobre simulado na Margem Equatorial - Ag\u00eancia iNFRA\",\"isPartOf\":{\"@id\":\"https:\/\/agenciainfra.com\/blog\/#website\"},\"primaryImageOfPage\":{\"@id\":\"https:\/\/agenciainfra.com\/blog\/ibama-nega-pedido-da-petrobras-para-antecipar-reuniao-sobre-simulado-na-margem-equatorial\/#primaryimage\"},\"image\":{\"@id\":\"https:\/\/agenciainfra.com\/blog\/ibama-nega-pedido-da-petrobras-para-antecipar-reuniao-sobre-simulado-na-margem-equatorial\/#primaryimage\"},\"thumbnailUrl\":\"https:\/\/agenciainfra.com\/blog\/wp-content\/uploads\/2025\/07\/sonda-ODN-II-Petrobras-foto-divulgacao-foresea.jpg\",\"datePublished\":\"2025-07-28T19:17:14+00:00\",\"dateModified\":\"2025-07-30T12:31:18+00:00\",\"breadcrumb\":{\"@id\":\"https:\/\/agenciainfra.com\/blog\/ibama-nega-pedido-da-petrobras-para-antecipar-reuniao-sobre-simulado-na-margem-equatorial\/#breadcrumb\"},\"inLanguage\":\"pt-BR\",\"potentialAction\":[{\"@type\":\"ReadAction\",\"target\":[\"https:\/\/agenciainfra.com\/blog\/ibama-nega-pedido-da-petrobras-para-antecipar-reuniao-sobre-simulado-na-margem-equatorial\/\"]}]},{\"@type\":\"ImageObject\",\"inLanguage\":\"pt-BR\",\"@id\":\"https:\/\/agenciainfra.com\/blog\/ibama-nega-pedido-da-petrobras-para-antecipar-reuniao-sobre-simulado-na-margem-equatorial\/#primaryimage\",\"url\":\"https:\/\/agenciainfra.com\/blog\/wp-content\/uploads\/2025\/07\/sonda-ODN-II-Petrobras-foto-divulgacao-foresea.jpg\",\"contentUrl\":\"https:\/\/agenciainfra.com\/blog\/wp-content\/uploads\/2025\/07\/sonda-ODN-II-Petrobras-foto-divulgacao-foresea.jpg\",\"width\":1280,\"height\":720,\"caption\":\"Foto: Foresea\/Divulga\u00e7\u00e3o\"},{\"@type\":\"BreadcrumbList\",\"@id\":\"https:\/\/agenciainfra.com\/blog\/ibama-nega-pedido-da-petrobras-para-antecipar-reuniao-sobre-simulado-na-margem-equatorial\/#breadcrumb\",\"itemListElement\":[{\"@type\":\"ListItem\",\"position\":1,\"name\":\"In\u00edcio\",\"item\":\"https:\/\/agenciainfra.com\/blog\/\"},{\"@type\":\"ListItem\",\"position\":2,\"name\":\"Ibama nega pedido da Petrobras para antecipar reuni\u00e3o sobre simulado na Margem Equatorial\"}]},{\"@type\":\"WebSite\",\"@id\":\"https:\/\/agenciainfra.com\/blog\/#website\",\"url\":\"https:\/\/agenciainfra.com\/blog\/\",\"name\":\"Ag\u00eancia iNFRA\",\"description\":\"Multiplataforma de informa\u00e7\u00e3o jornal\u00edstica refer\u00eancia na \u00e1rea de infraestrutura no Brasil!\",\"publisher\":{\"@id\":\"https:\/\/agenciainfra.com\/blog\/#organization\"},\"potentialAction\":[{\"@type\":\"SearchAction\",\"target\":{\"@type\":\"EntryPoint\",\"urlTemplate\":\"https:\/\/agenciainfra.com\/blog\/?s={search_term_string}\"},\"query-input\":{\"@type\":\"PropertyValueSpecification\",\"valueRequired\":true,\"valueName\":\"search_term_string\"}}],\"inLanguage\":\"pt-BR\"},{\"@type\":\"Organization\",\"@id\":\"https:\/\/agenciainfra.com\/blog\/#organization\",\"name\":\"Ag\u00eancia iNFRA\",\"url\":\"https:\/\/agenciainfra.com\/blog\/\",\"logo\":{\"@type\":\"ImageObject\",\"inLanguage\":\"pt-BR\",\"@id\":\"https:\/\/agenciainfra.com\/blog\/#\/schema\/logo\/image\/\",\"url\":\"https:\/\/agenciainfra.com\/blog\/wp-content\/uploads\/2023\/09\/iNFRA_5-e1761735885940.png\",\"contentUrl\":\"https:\/\/agenciainfra.com\/blog\/wp-content\/uploads\/2023\/09\/iNFRA_5-e1761735885940.png\",\"width\":1672,\"height\":454,\"caption\":\"Ag\u00eancia iNFRA\"},\"image\":{\"@id\":\"https:\/\/agenciainfra.com\/blog\/#\/schema\/logo\/image\/\"},\"sameAs\":[\"https:\/\/www.facebook.com\/ageninfra\",\"https:\/\/x.com\/agencia_infra\",\"https:\/\/www.linkedin.com\/company\/ag\u00eanciainfra\/\",\"https:\/\/www.instagram.com\/agenciainfra\/\"]},{\"@type\":\"Person\",\"@id\":\"https:\/\/agenciainfra.com\/blog\/#\/schema\/person\/34af08dff6adea4cb22b06612ba7acfa\",\"name\":\"Ag\u00eancia iNFRA\",\"image\":{\"@type\":\"ImageObject\",\"inLanguage\":\"pt-BR\",\"@id\":\"https:\/\/agenciainfra.com\/blog\/#\/schema\/person\/image\/\",\"url\":\"https:\/\/secure.gravatar.com\/avatar\/d189e01678f06d8eb84d4e01f08eb848b3fffe3f8443818d3c356c66892f5be8?s=96&d=mm&r=g\",\"contentUrl\":\"https:\/\/secure.gravatar.com\/avatar\/d189e01678f06d8eb84d4e01f08eb848b3fffe3f8443818d3c356c66892f5be8?s=96&d=mm&r=g\",\"caption\":\"Ag\u00eancia iNFRA\"},\"url\":\"https:\/\/agenciainfra.com\/blog\/author\/admin\/\"}]}<\/script>\n<!-- \/ Yoast SEO Premium plugin. -->","yoast_head_json":{"title":"Ibama nega pedido da Petrobras para antecipar reuni\u00e3o sobre simulado na Margem Equatorial - Ag\u00eancia iNFRA","robots":{"index":"index","follow":"follow","max-snippet":"max-snippet:-1","max-image-preview":"max-image-preview:large","max-video-preview":"max-video-preview:-1"},"canonical":"https:\/\/agenciainfra.com\/blog\/ibama-nega-pedido-da-petrobras-para-antecipar-reuniao-sobre-simulado-na-margem-equatorial\/","og_locale":"pt_BR","og_type":"article","og_title":"Ibama nega pedido da Petrobras para antecipar reuni\u00e3o sobre simulado na Margem Equatorial","og_description":"Gabriel Vasconcelos, da Ag\u00eancia iNFRA Em sua mais recente intera\u00e7\u00e3o com a Petrobras, o Ibama negou um pedido da estatal para antecipar em oito dias a data da reuni\u00e3o de planejamento da APO (Avalia\u00e7\u00e3o Pr\u00e9-Operacional) \u2013 \u00faltima etapa do processo do licenciamento ambiental \u2013 no ponto do litoral do Amap\u00e1 onde a empresa planeja perfurar [&hellip;]","og_url":"https:\/\/agenciainfra.com\/blog\/ibama-nega-pedido-da-petrobras-para-antecipar-reuniao-sobre-simulado-na-margem-equatorial\/","og_site_name":"Ag\u00eancia iNFRA","article_publisher":"https:\/\/www.facebook.com\/ageninfra","article_published_time":"2025-07-28T19:17:14+00:00","article_modified_time":"2025-07-30T12:31:18+00:00","og_image":[{"width":1280,"height":720,"url":"https:\/\/agenciainfra.com\/blog\/wp-content\/uploads\/2025\/07\/sonda-ODN-II-Petrobras-foto-divulgacao-foresea.jpg","type":"image\/jpeg"}],"author":"Ag\u00eancia iNFRA","twitter_card":"summary_large_image","twitter_creator":"@agencia_infra","twitter_site":"@agencia_infra","twitter_misc":{"Escrito por":"Ag\u00eancia iNFRA","Est. tempo de leitura":"4 minutos"},"schema":{"@context":"https:\/\/schema.org","@graph":[{"@type":"Article","@id":"https:\/\/agenciainfra.com\/blog\/ibama-nega-pedido-da-petrobras-para-antecipar-reuniao-sobre-simulado-na-margem-equatorial\/#article","isPartOf":{"@id":"https:\/\/agenciainfra.com\/blog\/ibama-nega-pedido-da-petrobras-para-antecipar-reuniao-sobre-simulado-na-margem-equatorial\/"},"author":{"name":"Ag\u00eancia iNFRA","@id":"https:\/\/agenciainfra.com\/blog\/#\/schema\/person\/34af08dff6adea4cb22b06612ba7acfa"},"headline":"Ibama nega pedido da Petrobras para antecipar reuni\u00e3o sobre simulado na Margem Equatorial","datePublished":"2025-07-28T19:17:14+00:00","dateModified":"2025-07-30T12:31:18+00:00","mainEntityOfPage":{"@id":"https:\/\/agenciainfra.com\/blog\/ibama-nega-pedido-da-petrobras-para-antecipar-reuniao-sobre-simulado-na-margem-equatorial\/"},"wordCount":810,"publisher":{"@id":"https:\/\/agenciainfra.com\/blog\/#organization"},"image":{"@id":"https:\/\/agenciainfra.com\/blog\/ibama-nega-pedido-da-petrobras-para-antecipar-reuniao-sobre-simulado-na-margem-equatorial\/#primaryimage"},"thumbnailUrl":"https:\/\/agenciainfra.com\/blog\/wp-content\/uploads\/2025\/07\/sonda-ODN-II-Petrobras-foto-divulgacao-foresea.jpg","keywords":["explora\u00e7\u00e3o de petr\u00f3leo","Gabriel Vasconcelos","Ibama","Licenciamento ambiental","margem equatorial","Petrobras"],"articleSection":["Destaque lista","Geral","\u00d3leo &amp; G\u00e1s"],"inLanguage":"pt-BR","copyrightYear":"2025","copyrightHolder":{"@id":"https:\/\/agenciainfra.com\/blog\/#organization"}},{"@type":"WebPage","@id":"https:\/\/agenciainfra.com\/blog\/ibama-nega-pedido-da-petrobras-para-antecipar-reuniao-sobre-simulado-na-margem-equatorial\/","url":"https:\/\/agenciainfra.com\/blog\/ibama-nega-pedido-da-petrobras-para-antecipar-reuniao-sobre-simulado-na-margem-equatorial\/","name":"Ibama nega pedido da Petrobras para antecipar reuni\u00e3o sobre simulado na Margem Equatorial - Ag\u00eancia iNFRA","isPartOf":{"@id":"https:\/\/agenciainfra.com\/blog\/#website"},"primaryImageOfPage":{"@id":"https:\/\/agenciainfra.com\/blog\/ibama-nega-pedido-da-petrobras-para-antecipar-reuniao-sobre-simulado-na-margem-equatorial\/#primaryimage"},"image":{"@id":"https:\/\/agenciainfra.com\/blog\/ibama-nega-pedido-da-petrobras-para-antecipar-reuniao-sobre-simulado-na-margem-equatorial\/#primaryimage"},"thumbnailUrl":"https:\/\/agenciainfra.com\/blog\/wp-content\/uploads\/2025\/07\/sonda-ODN-II-Petrobras-foto-divulgacao-foresea.jpg","datePublished":"2025-07-28T19:17:14+00:00","dateModified":"2025-07-30T12:31:18+00:00","breadcrumb":{"@id":"https:\/\/agenciainfra.com\/blog\/ibama-nega-pedido-da-petrobras-para-antecipar-reuniao-sobre-simulado-na-margem-equatorial\/#breadcrumb"},"inLanguage":"pt-BR","potentialAction":[{"@type":"ReadAction","target":["https:\/\/agenciainfra.com\/blog\/ibama-nega-pedido-da-petrobras-para-antecipar-reuniao-sobre-simulado-na-margem-equatorial\/"]}]},{"@type":"ImageObject","inLanguage":"pt-BR","@id":"https:\/\/agenciainfra.com\/blog\/ibama-nega-pedido-da-petrobras-para-antecipar-reuniao-sobre-simulado-na-margem-equatorial\/#primaryimage","url":"https:\/\/agenciainfra.com\/blog\/wp-content\/uploads\/2025\/07\/sonda-ODN-II-Petrobras-foto-divulgacao-foresea.jpg","contentUrl":"https:\/\/agenciainfra.com\/blog\/wp-content\/uploads\/2025\/07\/sonda-ODN-II-Petrobras-foto-divulgacao-foresea.jpg","width":1280,"height":720,"caption":"Foto: Foresea\/Divulga\u00e7\u00e3o"},{"@type":"BreadcrumbList","@id":"https:\/\/agenciainfra.com\/blog\/ibama-nega-pedido-da-petrobras-para-antecipar-reuniao-sobre-simulado-na-margem-equatorial\/#breadcrumb","itemListElement":[{"@type":"ListItem","position":1,"name":"In\u00edcio","item":"https:\/\/agenciainfra.com\/blog\/"},{"@type":"ListItem","position":2,"name":"Ibama nega pedido da Petrobras para antecipar reuni\u00e3o sobre simulado na Margem Equatorial"}]},{"@type":"WebSite","@id":"https:\/\/agenciainfra.com\/blog\/#website","url":"https:\/\/agenciainfra.com\/blog\/","name":"Ag\u00eancia iNFRA","description":"Multiplataforma de informa\u00e7\u00e3o jornal\u00edstica refer\u00eancia na \u00e1rea de infraestrutura no Brasil!","publisher":{"@id":"https:\/\/agenciainfra.com\/blog\/#organization"},"potentialAction":[{"@type":"SearchAction","target":{"@type":"EntryPoint","urlTemplate":"https:\/\/agenciainfra.com\/blog\/?s={search_term_string}"},"query-input":{"@type":"PropertyValueSpecification","valueRequired":true,"valueName":"search_term_string"}}],"inLanguage":"pt-BR"},{"@type":"Organization","@id":"https:\/\/agenciainfra.com\/blog\/#organization","name":"Ag\u00eancia iNFRA","url":"https:\/\/agenciainfra.com\/blog\/","logo":{"@type":"ImageObject","inLanguage":"pt-BR","@id":"https:\/\/agenciainfra.com\/blog\/#\/schema\/logo\/image\/","url":"https:\/\/agenciainfra.com\/blog\/wp-content\/uploads\/2023\/09\/iNFRA_5-e1761735885940.png","contentUrl":"https:\/\/agenciainfra.com\/blog\/wp-content\/uploads\/2023\/09\/iNFRA_5-e1761735885940.png","width":1672,"height":454,"caption":"Ag\u00eancia iNFRA"},"image":{"@id":"https:\/\/agenciainfra.com\/blog\/#\/schema\/logo\/image\/"},"sameAs":["https:\/\/www.facebook.com\/ageninfra","https:\/\/x.com\/agencia_infra","https:\/\/www.linkedin.com\/company\/ag\u00eanciainfra\/","https:\/\/www.instagram.com\/agenciainfra\/"]},{"@type":"Person","@id":"https:\/\/agenciainfra.com\/blog\/#\/schema\/person\/34af08dff6adea4cb22b06612ba7acfa","name":"Ag\u00eancia iNFRA","image":{"@type":"ImageObject","inLanguage":"pt-BR","@id":"https:\/\/agenciainfra.com\/blog\/#\/schema\/person\/image\/","url":"https:\/\/secure.gravatar.com\/avatar\/d189e01678f06d8eb84d4e01f08eb848b3fffe3f8443818d3c356c66892f5be8?s=96&d=mm&r=g","contentUrl":"https:\/\/secure.gravatar.com\/avatar\/d189e01678f06d8eb84d4e01f08eb848b3fffe3f8443818d3c356c66892f5be8?s=96&d=mm&r=g","caption":"Ag\u00eancia iNFRA"},"url":"https:\/\/agenciainfra.com\/blog\/author\/admin\/"}]}},"_links":{"self":[{"href":"https:\/\/agenciainfra.com\/blog\/wp-json\/wp\/v2\/posts\/25441","targetHints":{"allow":["GET"]}}],"collection":[{"href":"https:\/\/agenciainfra.com\/blog\/wp-json\/wp\/v2\/posts"}],"about":[{"href":"https:\/\/agenciainfra.com\/blog\/wp-json\/wp\/v2\/types\/post"}],"author":[{"embeddable":true,"href":"https:\/\/agenciainfra.com\/blog\/wp-json\/wp\/v2\/users\/1"}],"replies":[{"embeddable":true,"href":"https:\/\/agenciainfra.com\/blog\/wp-json\/wp\/v2\/comments?post=25441"}],"version-history":[{"count":3,"href":"https:\/\/agenciainfra.com\/blog\/wp-json\/wp\/v2\/posts\/25441\/revisions"}],"predecessor-version":[{"id":25479,"href":"https:\/\/agenciainfra.com\/blog\/wp-json\/wp\/v2\/posts\/25441\/revisions\/25479"}],"wp:featuredmedia":[{"embeddable":true,"href":"https:\/\/agenciainfra.com\/blog\/wp-json\/wp\/v2\/media\/23920"}],"wp:attachment":[{"href":"https:\/\/agenciainfra.com\/blog\/wp-json\/wp\/v2\/media?parent=25441"}],"wp:term":[{"taxonomy":"category","embeddable":true,"href":"https:\/\/agenciainfra.com\/blog\/wp-json\/wp\/v2\/categories?post=25441"},{"taxonomy":"post_tag","embeddable":true,"href":"https:\/\/agenciainfra.com\/blog\/wp-json\/wp\/v2\/tags?post=25441"}],"curies":[{"name":"wp","href":"https:\/\/api.w.org\/{rel}","templated":true}]}}