{"id":25512,"date":"2025-07-29T20:01:52","date_gmt":"2025-07-29T23:01:52","guid":{"rendered":"https:\/\/agenciainfra.com\/blog\/?p=25512"},"modified":"2025-07-29T20:19:52","modified_gmt":"2025-07-29T23:19:52","slug":"antt-faz-ficalizacao-e-auditorias-em-ferrovias-de-cinco-estados-em-julho","status":"publish","type":"post","link":"https:\/\/agenciainfra.com\/blog\/antt-faz-ficalizacao-e-auditorias-em-ferrovias-de-cinco-estados-em-julho\/","title":{"rendered":"ANTT faz fiscaliza\u00e7\u00e3o e auditorias em ferrovias de cinco estados em julho"},"content":{"rendered":"\n<p class=\"has-text-align-right\"><strong>da Ag\u00eancia iNFRA<\/strong><\/p>\n\n\n\n<p>A ANTT (Ag\u00eancia Nacional de Transportes Terrestres) realizou de 1\u00ba a 20 de julho uma s\u00e9rie de fiscaliza\u00e7\u00f5es e auditorias ferrovi\u00e1rias em cinco estados. As a\u00e7\u00f5es envolveram auditorias t\u00e9cnicas, avalia\u00e7\u00f5es de infraestrutura, verifica\u00e7\u00e3o de investimentos obrigat\u00f3rios e participa\u00e7\u00e3o em f\u00f3runs estrat\u00e9gicos de preven\u00e7\u00e3o a emerg\u00eancias, em trechos que v\u00e3o do Esp\u00edrito Santo ao Rio de Janeiro, passando por Minas Gerais, Santa Catarina e Rio Grande do Sul.<\/p>\n\n\n\n<p>De 2 a 3 de julho, a equipe da ANTT inspecionou, por via ferrovi\u00e1ria, o trecho entre Capit\u00e3o Eduardo e Costa Lacerda, da Estrada de Ferro Vit\u00f3ria a Minas, para auditoria do Relat\u00f3rio Anual de Atividades. J\u00e1 no trecho entre Piraquea\u00e7u (ES) e Aracruz (ES), foi inspecionado nos dias 9 e 10 de julho.<\/p>\n\n\n\n<p>No munic\u00edpio de S\u00e3o Jo\u00e3o de Meriti (RJ), a ANTT verificou, no dia 1\u00ba de julho, a conclus\u00e3o de obras obrigat\u00f3rias previstas no contrato da MRS Log\u00edstica. As melhorias foram realizadas em pontos cr\u00edticos da Linha Arar\u00e1\u2013Japeri, na Baixada Fluminense \u2013regi\u00e3o marcada por conflitos urbanos que impactam diretamente a seguran\u00e7a da opera\u00e7\u00e3o.<\/p>\n\n\n\n<p>Uma das obras foi realocada do km 26,540 para o km 27,320 por inviabilidade t\u00e9cnica no local original, com entrega dentro do prazo contratual.<\/p>\n\n\n\n<p>De 14 a 17 de julho, a ANTT inspecionou o Trem das Termas, operado pela Associa\u00e7\u00e3o Brasileira de Preserva\u00e7\u00e3o Ferrovi\u00e1ria (ABPF) entre Piratuba (SC) e Marcelino Ramos (RS). O foco da a\u00e7\u00e3o foi garantir que a via permanente, esta\u00e7\u00f5es, vag\u00f5es e a faixa de dom\u00ednio estejam em condi\u00e7\u00f5es seguras, limpas e confort\u00e1veis para os passageiros, que buscam nesse trajeto uma experi\u00eancia hist\u00f3rica e tur\u00edstica.<\/p>\n\n\n\n<p>A opera\u00e7\u00e3o tamb\u00e9m avaliou o cumprimento da legisla\u00e7\u00e3o vigente e as condi\u00e7\u00f5es de acessibilidade e higiene.<\/p>\n","protected":false},"excerpt":{"rendered":"<p>da Ag\u00eancia iNFRA A ANTT (Ag\u00eancia Nacional de Transportes Terrestres) realizou de 1\u00ba a 20 de julho uma s\u00e9rie de fiscaliza\u00e7\u00f5es e auditorias ferrovi\u00e1rias em cinco estados. As a\u00e7\u00f5es envolveram auditorias t\u00e9cnicas, avalia\u00e7\u00f5es de infraestrutura, verifica\u00e7\u00e3o de investimentos obrigat\u00f3rios e participa\u00e7\u00e3o em f\u00f3runs estrat\u00e9gicos de preven\u00e7\u00e3o a emerg\u00eancias, em trechos que v\u00e3o do Esp\u00edrito Santo [&hellip;]<\/p>\n","protected":false},"author":1,"featured_media":9008,"comment_status":"closed","ping_status":"closed","sticky":false,"template":"","format":"standard","meta":{"_monsterinsights_skip_tracking":false,"_monsterinsights_sitenote_active":false,"_monsterinsights_sitenote_note":"","_monsterinsights_sitenote_category":0,"footnotes":""},"categories":[1,13576],"tags":[19,2794,120,380,34],"class_list":["post-25512","post","type-post","status-publish","format-standard","has-post-thumbnail","hentry","category-geral","category-giro-infra","tag-antt","tag-auditoria","tag-ferrovias","tag-fiscalizacao","tag-infraestrutura"],"yoast_head":"<!-- This site is optimized with the Yoast SEO Premium plugin v25.4 (Yoast SEO v26.0) - https:\/\/yoast.com\/wordpress\/plugins\/seo\/ -->\n<title>ANTT faz fiscaliza\u00e7\u00e3o e auditorias em ferrovias de cinco estados em julho - Ag\u00eancia iNFRA<\/title>\n<meta name=\"robots\" content=\"index, follow, max-snippet:-1, max-image-preview:large, max-video-preview:-1\" \/>\n<link rel=\"canonical\" href=\"https:\/\/agenciainfra.com\/blog\/antt-faz-ficalizacao-e-auditorias-em-ferrovias-de-cinco-estados-em-julho\/\" \/>\n<meta property=\"og:locale\" content=\"pt_BR\" \/>\n<meta property=\"og:type\" content=\"article\" \/>\n<meta property=\"og:title\" content=\"ANTT faz fiscaliza\u00e7\u00e3o e auditorias em ferrovias de cinco estados em julho\" \/>\n<meta property=\"og:description\" content=\"da Ag\u00eancia iNFRA A ANTT (Ag\u00eancia Nacional de Transportes Terrestres) realizou de 1\u00ba a 20 de julho uma s\u00e9rie de fiscaliza\u00e7\u00f5es e auditorias ferrovi\u00e1rias em cinco estados. As a\u00e7\u00f5es envolveram auditorias t\u00e9cnicas, avalia\u00e7\u00f5es de infraestrutura, verifica\u00e7\u00e3o de investimentos obrigat\u00f3rios e participa\u00e7\u00e3o em f\u00f3runs estrat\u00e9gicos de preven\u00e7\u00e3o a emerg\u00eancias, em trechos que v\u00e3o do Esp\u00edrito Santo [&hellip;]\" \/>\n<meta property=\"og:url\" content=\"https:\/\/agenciainfra.com\/blog\/antt-faz-ficalizacao-e-auditorias-em-ferrovias-de-cinco-estados-em-julho\/\" \/>\n<meta property=\"og:site_name\" content=\"Ag\u00eancia iNFRA\" \/>\n<meta property=\"article:publisher\" content=\"https:\/\/www.facebook.com\/ageninfra\" \/>\n<meta property=\"article:published_time\" content=\"2025-07-29T23:01:52+00:00\" \/>\n<meta property=\"article:modified_time\" content=\"2025-07-29T23:19:52+00:00\" \/>\n<meta property=\"og:image\" content=\"https:\/\/agenciainfra.com\/blog\/wp-content\/uploads\/2021\/11\/trilhos-ferrovia-foto-vinicius-rosa-minfra.jpeg\" \/>\n\t<meta property=\"og:image:width\" content=\"1280\" \/>\n\t<meta property=\"og:image:height\" content=\"960\" \/>\n\t<meta property=\"og:image:type\" content=\"image\/jpeg\" \/>\n<meta name=\"author\" content=\"Ag\u00eancia iNFRA\" \/>\n<meta name=\"twitter:card\" content=\"summary_large_image\" \/>\n<meta name=\"twitter:creator\" content=\"@agencia_infra\" \/>\n<meta name=\"twitter:site\" content=\"@agencia_infra\" \/>\n<meta name=\"twitter:label1\" content=\"Escrito por\" \/>\n\t<meta name=\"twitter:data1\" content=\"Ag\u00eancia iNFRA\" \/>\n\t<meta name=\"twitter:label2\" content=\"Est. tempo de leitura\" \/>\n\t<meta name=\"twitter:data2\" content=\"2 minutos\" \/>\n<script type=\"application\/ld+json\" class=\"yoast-schema-graph\">{\"@context\":\"https:\/\/schema.org\",\"@graph\":[{\"@type\":\"Article\",\"@id\":\"https:\/\/agenciainfra.com\/blog\/antt-faz-ficalizacao-e-auditorias-em-ferrovias-de-cinco-estados-em-julho\/#article\",\"isPartOf\":{\"@id\":\"https:\/\/agenciainfra.com\/blog\/antt-faz-ficalizacao-e-auditorias-em-ferrovias-de-cinco-estados-em-julho\/\"},\"author\":{\"name\":\"Ag\u00eancia iNFRA\",\"@id\":\"https:\/\/agenciainfra.com\/blog\/#\/schema\/person\/34af08dff6adea4cb22b06612ba7acfa\"},\"headline\":\"ANTT faz fiscaliza\u00e7\u00e3o e auditorias em ferrovias de cinco estados em julho\",\"datePublished\":\"2025-07-29T23:01:52+00:00\",\"dateModified\":\"2025-07-29T23:19:52+00:00\",\"mainEntityOfPage\":{\"@id\":\"https:\/\/agenciainfra.com\/blog\/antt-faz-ficalizacao-e-auditorias-em-ferrovias-de-cinco-estados-em-julho\/\"},\"wordCount\":332,\"publisher\":{\"@id\":\"https:\/\/agenciainfra.com\/blog\/#organization\"},\"image\":{\"@id\":\"https:\/\/agenciainfra.com\/blog\/antt-faz-ficalizacao-e-auditorias-em-ferrovias-de-cinco-estados-em-julho\/#primaryimage\"},\"thumbnailUrl\":\"https:\/\/agenciainfra.com\/blog\/wp-content\/uploads\/2021\/11\/trilhos-ferrovia-foto-vinicius-rosa-minfra.jpeg\",\"keywords\":[\"ANTT\",\"auditoria\",\"Ferrovias\",\"fiscaliza\u00e7\u00e3o\",\"Infraestrutura\"],\"articleSection\":[\"Geral\",\"Giro iNFRA\"],\"inLanguage\":\"pt-BR\",\"copyrightYear\":\"2025\",\"copyrightHolder\":{\"@id\":\"https:\/\/agenciainfra.com\/blog\/#organization\"}},{\"@type\":\"WebPage\",\"@id\":\"https:\/\/agenciainfra.com\/blog\/antt-faz-ficalizacao-e-auditorias-em-ferrovias-de-cinco-estados-em-julho\/\",\"url\":\"https:\/\/agenciainfra.com\/blog\/antt-faz-ficalizacao-e-auditorias-em-ferrovias-de-cinco-estados-em-julho\/\",\"name\":\"ANTT faz fiscaliza\u00e7\u00e3o e auditorias em ferrovias de cinco estados em julho - Ag\u00eancia iNFRA\",\"isPartOf\":{\"@id\":\"https:\/\/agenciainfra.com\/blog\/#website\"},\"primaryImageOfPage\":{\"@id\":\"https:\/\/agenciainfra.com\/blog\/antt-faz-ficalizacao-e-auditorias-em-ferrovias-de-cinco-estados-em-julho\/#primaryimage\"},\"image\":{\"@id\":\"https:\/\/agenciainfra.com\/blog\/antt-faz-ficalizacao-e-auditorias-em-ferrovias-de-cinco-estados-em-julho\/#primaryimage\"},\"thumbnailUrl\":\"https:\/\/agenciainfra.com\/blog\/wp-content\/uploads\/2021\/11\/trilhos-ferrovia-foto-vinicius-rosa-minfra.jpeg\",\"datePublished\":\"2025-07-29T23:01:52+00:00\",\"dateModified\":\"2025-07-29T23:19:52+00:00\",\"breadcrumb\":{\"@id\":\"https:\/\/agenciainfra.com\/blog\/antt-faz-ficalizacao-e-auditorias-em-ferrovias-de-cinco-estados-em-julho\/#breadcrumb\"},\"inLanguage\":\"pt-BR\",\"potentialAction\":[{\"@type\":\"ReadAction\",\"target\":[\"https:\/\/agenciainfra.com\/blog\/antt-faz-ficalizacao-e-auditorias-em-ferrovias-de-cinco-estados-em-julho\/\"]}]},{\"@type\":\"ImageObject\",\"inLanguage\":\"pt-BR\",\"@id\":\"https:\/\/agenciainfra.com\/blog\/antt-faz-ficalizacao-e-auditorias-em-ferrovias-de-cinco-estados-em-julho\/#primaryimage\",\"url\":\"https:\/\/agenciainfra.com\/blog\/wp-content\/uploads\/2021\/11\/trilhos-ferrovia-foto-vinicius-rosa-minfra.jpeg\",\"contentUrl\":\"https:\/\/agenciainfra.com\/blog\/wp-content\/uploads\/2021\/11\/trilhos-ferrovia-foto-vinicius-rosa-minfra.jpeg\",\"width\":1280,\"height\":960,\"caption\":\"Foto: Vinicius Rosa\/MInfra\"},{\"@type\":\"BreadcrumbList\",\"@id\":\"https:\/\/agenciainfra.com\/blog\/antt-faz-ficalizacao-e-auditorias-em-ferrovias-de-cinco-estados-em-julho\/#breadcrumb\",\"itemListElement\":[{\"@type\":\"ListItem\",\"position\":1,\"name\":\"In\u00edcio\",\"item\":\"https:\/\/agenciainfra.com\/blog\/\"},{\"@type\":\"ListItem\",\"position\":2,\"name\":\"ANTT faz fiscaliza\u00e7\u00e3o e auditorias em ferrovias de cinco estados em julho\"}]},{\"@type\":\"WebSite\",\"@id\":\"https:\/\/agenciainfra.com\/blog\/#website\",\"url\":\"https:\/\/agenciainfra.com\/blog\/\",\"name\":\"Ag\u00eancia iNFRA\",\"description\":\"Multiplataforma de informa\u00e7\u00e3o jornal\u00edstica refer\u00eancia na \u00e1rea de infraestrutura no Brasil!\",\"publisher\":{\"@id\":\"https:\/\/agenciainfra.com\/blog\/#organization\"},\"potentialAction\":[{\"@type\":\"SearchAction\",\"target\":{\"@type\":\"EntryPoint\",\"urlTemplate\":\"https:\/\/agenciainfra.com\/blog\/?s={search_term_string}\"},\"query-input\":{\"@type\":\"PropertyValueSpecification\",\"valueRequired\":true,\"valueName\":\"search_term_string\"}}],\"inLanguage\":\"pt-BR\"},{\"@type\":\"Organization\",\"@id\":\"https:\/\/agenciainfra.com\/blog\/#organization\",\"name\":\"Ag\u00eancia iNFRA\",\"url\":\"https:\/\/agenciainfra.com\/blog\/\",\"logo\":{\"@type\":\"ImageObject\",\"inLanguage\":\"pt-BR\",\"@id\":\"https:\/\/agenciainfra.com\/blog\/#\/schema\/logo\/image\/\",\"url\":\"https:\/\/agenciainfra.com\/blog\/wp-content\/uploads\/2023\/09\/iNFRA_5-e1761735885940.png\",\"contentUrl\":\"https:\/\/agenciainfra.com\/blog\/wp-content\/uploads\/2023\/09\/iNFRA_5-e1761735885940.png\",\"width\":1672,\"height\":454,\"caption\":\"Ag\u00eancia iNFRA\"},\"image\":{\"@id\":\"https:\/\/agenciainfra.com\/blog\/#\/schema\/logo\/image\/\"},\"sameAs\":[\"https:\/\/www.facebook.com\/ageninfra\",\"https:\/\/x.com\/agencia_infra\",\"https:\/\/www.linkedin.com\/company\/ag\u00eanciainfra\/\",\"https:\/\/www.instagram.com\/agenciainfra\/\"]},{\"@type\":\"Person\",\"@id\":\"https:\/\/agenciainfra.com\/blog\/#\/schema\/person\/34af08dff6adea4cb22b06612ba7acfa\",\"name\":\"Ag\u00eancia iNFRA\",\"image\":{\"@type\":\"ImageObject\",\"inLanguage\":\"pt-BR\",\"@id\":\"https:\/\/agenciainfra.com\/blog\/#\/schema\/person\/image\/\",\"url\":\"https:\/\/secure.gravatar.com\/avatar\/d189e01678f06d8eb84d4e01f08eb848b3fffe3f8443818d3c356c66892f5be8?s=96&d=mm&r=g\",\"contentUrl\":\"https:\/\/secure.gravatar.com\/avatar\/d189e01678f06d8eb84d4e01f08eb848b3fffe3f8443818d3c356c66892f5be8?s=96&d=mm&r=g\",\"caption\":\"Ag\u00eancia iNFRA\"},\"url\":\"https:\/\/agenciainfra.com\/blog\/author\/admin\/\"}]}<\/script>\n<!-- \/ Yoast SEO Premium plugin. -->","yoast_head_json":{"title":"ANTT faz fiscaliza\u00e7\u00e3o e auditorias em ferrovias de cinco estados em julho - Ag\u00eancia iNFRA","robots":{"index":"index","follow":"follow","max-snippet":"max-snippet:-1","max-image-preview":"max-image-preview:large","max-video-preview":"max-video-preview:-1"},"canonical":"https:\/\/agenciainfra.com\/blog\/antt-faz-ficalizacao-e-auditorias-em-ferrovias-de-cinco-estados-em-julho\/","og_locale":"pt_BR","og_type":"article","og_title":"ANTT faz fiscaliza\u00e7\u00e3o e auditorias em ferrovias de cinco estados em julho","og_description":"da Ag\u00eancia iNFRA A ANTT (Ag\u00eancia Nacional de Transportes Terrestres) realizou de 1\u00ba a 20 de julho uma s\u00e9rie de fiscaliza\u00e7\u00f5es e auditorias ferrovi\u00e1rias em cinco estados. As a\u00e7\u00f5es envolveram auditorias t\u00e9cnicas, avalia\u00e7\u00f5es de infraestrutura, verifica\u00e7\u00e3o de investimentos obrigat\u00f3rios e participa\u00e7\u00e3o em f\u00f3runs estrat\u00e9gicos de preven\u00e7\u00e3o a emerg\u00eancias, em trechos que v\u00e3o do Esp\u00edrito Santo [&hellip;]","og_url":"https:\/\/agenciainfra.com\/blog\/antt-faz-ficalizacao-e-auditorias-em-ferrovias-de-cinco-estados-em-julho\/","og_site_name":"Ag\u00eancia iNFRA","article_publisher":"https:\/\/www.facebook.com\/ageninfra","article_published_time":"2025-07-29T23:01:52+00:00","article_modified_time":"2025-07-29T23:19:52+00:00","og_image":[{"width":1280,"height":960,"url":"https:\/\/agenciainfra.com\/blog\/wp-content\/uploads\/2021\/11\/trilhos-ferrovia-foto-vinicius-rosa-minfra.jpeg","type":"image\/jpeg"}],"author":"Ag\u00eancia iNFRA","twitter_card":"summary_large_image","twitter_creator":"@agencia_infra","twitter_site":"@agencia_infra","twitter_misc":{"Escrito por":"Ag\u00eancia iNFRA","Est. tempo de leitura":"2 minutos"},"schema":{"@context":"https:\/\/schema.org","@graph":[{"@type":"Article","@id":"https:\/\/agenciainfra.com\/blog\/antt-faz-ficalizacao-e-auditorias-em-ferrovias-de-cinco-estados-em-julho\/#article","isPartOf":{"@id":"https:\/\/agenciainfra.com\/blog\/antt-faz-ficalizacao-e-auditorias-em-ferrovias-de-cinco-estados-em-julho\/"},"author":{"name":"Ag\u00eancia iNFRA","@id":"https:\/\/agenciainfra.com\/blog\/#\/schema\/person\/34af08dff6adea4cb22b06612ba7acfa"},"headline":"ANTT faz fiscaliza\u00e7\u00e3o e auditorias em ferrovias de cinco estados em julho","datePublished":"2025-07-29T23:01:52+00:00","dateModified":"2025-07-29T23:19:52+00:00","mainEntityOfPage":{"@id":"https:\/\/agenciainfra.com\/blog\/antt-faz-ficalizacao-e-auditorias-em-ferrovias-de-cinco-estados-em-julho\/"},"wordCount":332,"publisher":{"@id":"https:\/\/agenciainfra.com\/blog\/#organization"},"image":{"@id":"https:\/\/agenciainfra.com\/blog\/antt-faz-ficalizacao-e-auditorias-em-ferrovias-de-cinco-estados-em-julho\/#primaryimage"},"thumbnailUrl":"https:\/\/agenciainfra.com\/blog\/wp-content\/uploads\/2021\/11\/trilhos-ferrovia-foto-vinicius-rosa-minfra.jpeg","keywords":["ANTT","auditoria","Ferrovias","fiscaliza\u00e7\u00e3o","Infraestrutura"],"articleSection":["Geral","Giro iNFRA"],"inLanguage":"pt-BR","copyrightYear":"2025","copyrightHolder":{"@id":"https:\/\/agenciainfra.com\/blog\/#organization"}},{"@type":"WebPage","@id":"https:\/\/agenciainfra.com\/blog\/antt-faz-ficalizacao-e-auditorias-em-ferrovias-de-cinco-estados-em-julho\/","url":"https:\/\/agenciainfra.com\/blog\/antt-faz-ficalizacao-e-auditorias-em-ferrovias-de-cinco-estados-em-julho\/","name":"ANTT faz fiscaliza\u00e7\u00e3o e auditorias em ferrovias de cinco estados em julho - Ag\u00eancia iNFRA","isPartOf":{"@id":"https:\/\/agenciainfra.com\/blog\/#website"},"primaryImageOfPage":{"@id":"https:\/\/agenciainfra.com\/blog\/antt-faz-ficalizacao-e-auditorias-em-ferrovias-de-cinco-estados-em-julho\/#primaryimage"},"image":{"@id":"https:\/\/agenciainfra.com\/blog\/antt-faz-ficalizacao-e-auditorias-em-ferrovias-de-cinco-estados-em-julho\/#primaryimage"},"thumbnailUrl":"https:\/\/agenciainfra.com\/blog\/wp-content\/uploads\/2021\/11\/trilhos-ferrovia-foto-vinicius-rosa-minfra.jpeg","datePublished":"2025-07-29T23:01:52+00:00","dateModified":"2025-07-29T23:19:52+00:00","breadcrumb":{"@id":"https:\/\/agenciainfra.com\/blog\/antt-faz-ficalizacao-e-auditorias-em-ferrovias-de-cinco-estados-em-julho\/#breadcrumb"},"inLanguage":"pt-BR","potentialAction":[{"@type":"ReadAction","target":["https:\/\/agenciainfra.com\/blog\/antt-faz-ficalizacao-e-auditorias-em-ferrovias-de-cinco-estados-em-julho\/"]}]},{"@type":"ImageObject","inLanguage":"pt-BR","@id":"https:\/\/agenciainfra.com\/blog\/antt-faz-ficalizacao-e-auditorias-em-ferrovias-de-cinco-estados-em-julho\/#primaryimage","url":"https:\/\/agenciainfra.com\/blog\/wp-content\/uploads\/2021\/11\/trilhos-ferrovia-foto-vinicius-rosa-minfra.jpeg","contentUrl":"https:\/\/agenciainfra.com\/blog\/wp-content\/uploads\/2021\/11\/trilhos-ferrovia-foto-vinicius-rosa-minfra.jpeg","width":1280,"height":960,"caption":"Foto: Vinicius Rosa\/MInfra"},{"@type":"BreadcrumbList","@id":"https:\/\/agenciainfra.com\/blog\/antt-faz-ficalizacao-e-auditorias-em-ferrovias-de-cinco-estados-em-julho\/#breadcrumb","itemListElement":[{"@type":"ListItem","position":1,"name":"In\u00edcio","item":"https:\/\/agenciainfra.com\/blog\/"},{"@type":"ListItem","position":2,"name":"ANTT faz fiscaliza\u00e7\u00e3o e auditorias em ferrovias de cinco estados em julho"}]},{"@type":"WebSite","@id":"https:\/\/agenciainfra.com\/blog\/#website","url":"https:\/\/agenciainfra.com\/blog\/","name":"Ag\u00eancia iNFRA","description":"Multiplataforma de informa\u00e7\u00e3o jornal\u00edstica refer\u00eancia na \u00e1rea de infraestrutura no Brasil!","publisher":{"@id":"https:\/\/agenciainfra.com\/blog\/#organization"},"potentialAction":[{"@type":"SearchAction","target":{"@type":"EntryPoint","urlTemplate":"https:\/\/agenciainfra.com\/blog\/?s={search_term_string}"},"query-input":{"@type":"PropertyValueSpecification","valueRequired":true,"valueName":"search_term_string"}}],"inLanguage":"pt-BR"},{"@type":"Organization","@id":"https:\/\/agenciainfra.com\/blog\/#organization","name":"Ag\u00eancia iNFRA","url":"https:\/\/agenciainfra.com\/blog\/","logo":{"@type":"ImageObject","inLanguage":"pt-BR","@id":"https:\/\/agenciainfra.com\/blog\/#\/schema\/logo\/image\/","url":"https:\/\/agenciainfra.com\/blog\/wp-content\/uploads\/2023\/09\/iNFRA_5-e1761735885940.png","contentUrl":"https:\/\/agenciainfra.com\/blog\/wp-content\/uploads\/2023\/09\/iNFRA_5-e1761735885940.png","width":1672,"height":454,"caption":"Ag\u00eancia iNFRA"},"image":{"@id":"https:\/\/agenciainfra.com\/blog\/#\/schema\/logo\/image\/"},"sameAs":["https:\/\/www.facebook.com\/ageninfra","https:\/\/x.com\/agencia_infra","https:\/\/www.linkedin.com\/company\/ag\u00eanciainfra\/","https:\/\/www.instagram.com\/agenciainfra\/"]},{"@type":"Person","@id":"https:\/\/agenciainfra.com\/blog\/#\/schema\/person\/34af08dff6adea4cb22b06612ba7acfa","name":"Ag\u00eancia iNFRA","image":{"@type":"ImageObject","inLanguage":"pt-BR","@id":"https:\/\/agenciainfra.com\/blog\/#\/schema\/person\/image\/","url":"https:\/\/secure.gravatar.com\/avatar\/d189e01678f06d8eb84d4e01f08eb848b3fffe3f8443818d3c356c66892f5be8?s=96&d=mm&r=g","contentUrl":"https:\/\/secure.gravatar.com\/avatar\/d189e01678f06d8eb84d4e01f08eb848b3fffe3f8443818d3c356c66892f5be8?s=96&d=mm&r=g","caption":"Ag\u00eancia iNFRA"},"url":"https:\/\/agenciainfra.com\/blog\/author\/admin\/"}]}},"_links":{"self":[{"href":"https:\/\/agenciainfra.com\/blog\/wp-json\/wp\/v2\/posts\/25512","targetHints":{"allow":["GET"]}}],"collection":[{"href":"https:\/\/agenciainfra.com\/blog\/wp-json\/wp\/v2\/posts"}],"about":[{"href":"https:\/\/agenciainfra.com\/blog\/wp-json\/wp\/v2\/types\/post"}],"author":[{"embeddable":true,"href":"https:\/\/agenciainfra.com\/blog\/wp-json\/wp\/v2\/users\/1"}],"replies":[{"embeddable":true,"href":"https:\/\/agenciainfra.com\/blog\/wp-json\/wp\/v2\/comments?post=25512"}],"version-history":[{"count":2,"href":"https:\/\/agenciainfra.com\/blog\/wp-json\/wp\/v2\/posts\/25512\/revisions"}],"predecessor-version":[{"id":25516,"href":"https:\/\/agenciainfra.com\/blog\/wp-json\/wp\/v2\/posts\/25512\/revisions\/25516"}],"wp:featuredmedia":[{"embeddable":true,"href":"https:\/\/agenciainfra.com\/blog\/wp-json\/wp\/v2\/media\/9008"}],"wp:attachment":[{"href":"https:\/\/agenciainfra.com\/blog\/wp-json\/wp\/v2\/media?parent=25512"}],"wp:term":[{"taxonomy":"category","embeddable":true,"href":"https:\/\/agenciainfra.com\/blog\/wp-json\/wp\/v2\/categories?post=25512"},{"taxonomy":"post_tag","embeddable":true,"href":"https:\/\/agenciainfra.com\/blog\/wp-json\/wp\/v2\/tags?post=25512"}],"curies":[{"name":"wp","href":"https:\/\/api.w.org\/{rel}","templated":true}]}}