{"id":25525,"date":"2025-07-30T11:00:00","date_gmt":"2025-07-30T14:00:00","guid":{"rendered":"https:\/\/agenciainfra.com\/blog\/?p=25525"},"modified":"2025-07-31T13:05:38","modified_gmt":"2025-07-31T16:05:38","slug":"cade-diz-que-pode-ajudar-tcu-na-analise-concorrencial-do-tecon-santos-10","status":"publish","type":"post","link":"https:\/\/agenciainfra.com\/blog\/cade-diz-que-pode-ajudar-tcu-na-analise-concorrencial-do-tecon-santos-10\/","title":{"rendered":"Cade diz que pode ajudar TCU na an\u00e1lise concorrencial do Tecon Santos 10, mas tend\u00eancia \u00e9 decis\u00e3o no tribunal sem consulta"},"content":{"rendered":"\n<p class=\"has-text-align-right\"><strong>Mar\u00edlia Sena e Dimmi Amora, da Ag\u00eancia iNFRA<\/strong><\/p>\n\n\n\n<p>O presidente interino do Cade (Conselho Administrativo de Defesa Econ\u00f4mica), Gustavo Augusto de Lima, avalia que restringir a participa\u00e7\u00e3o de empresas no leil\u00e3o do Tecon Santos 10 pode inviabilizar modelos de neg\u00f3cio mais eficientes para o setor e por isso ofereceu apoio ao TCU (Tribunal de Contas da Uni\u00e3o) na an\u00e1lise concorrencial do projeto. A sugest\u00e3o foi feita pelo presidente interino, nesta ter\u00e7a-feira (29), durante debate promovido pela corte sobre a modelagem do leil\u00e3o do megaterminal de cont\u00eaineres. A transmiss\u00e3o pode ser vista\u00a0<a href=\"https:\/\/www.youtube.com\/watch?v=E5IsXunk2Ok\" target=\"_blank\" rel=\"noreferrer noopener\">neste link<\/a>.<br><br>Os estudos para o certame est\u00e3o sob an\u00e1lise do TCU desde o final de maio. A decis\u00e3o da ANTAQ (Ag\u00eancia Nacional de Transportes Aquavi\u00e1rios) de fasear o leil\u00e3o \u2013 impedindo, na primeira etapa, a participa\u00e7\u00e3o de empresas que j\u00e1 operam no porto \u2013 \u00e9 o principal ponto de debate do processo.<br><br>O \u00f3rg\u00e3o de controle, no entanto, n\u00e3o deve solicitar uma avalia\u00e7\u00e3o formal do \u00f3rg\u00e3o da concorr\u00eancia, segundo apura\u00e7\u00e3o da\u00a0<strong>Ag\u00eancia iNFRA<\/strong>. A tend\u00eancia \u00e9 que sejam utilizadas informa\u00e7\u00f5es j\u00e1 dispon\u00edveis sobre o tema como subs\u00eddio para os pareceres t\u00e9cnicos que v\u00e3o subsidiar a decis\u00e3o do plen\u00e1rio, que ser\u00e1 relatada pelo ministro Antonio Anastasia.<br><br>A estimativa \u00e9 que no fim do m\u00eas de agosto\u00a0o parecer t\u00e9cnico da secretaria especializada esteja conclu\u00eddo e ser\u00e1 enviado para avalia\u00e7\u00e3o do Minist\u00e9rio P\u00fablico de Contas, que solicitou participa\u00e7\u00e3o no processo. Ap\u00f3s o prazo para a an\u00e1lise da procuradoria, o processo segue ao relator para levar seu parecer \u00e0 avalia\u00e7\u00e3o colegiada. H\u00e1 expectativa de que o processo possa ir a plen\u00e1rio em setembro.\u00a0<br><br>Durante o painel de refer\u00eancia sobre o arrendamento no Porto de Santos (SP), o presidente do Cade argumentou que existem medidas menos gravosas do que impedir a participa\u00e7\u00e3o de empresas na licita\u00e7\u00e3o. Uma delas seria condicionar a atua\u00e7\u00e3o dos agentes. \u201cPor exemplo, pode-se permitir a participa\u00e7\u00e3o, mas exigir que n\u00e3o haja catividade, que a empresa n\u00e3o possa se recusar a contratar com terceiros, ou at\u00e9 obrig\u00e1-la a vender ativos. Existem uma s\u00e9rie de outros rem\u00e9dios\u201d, afirmou.<br><br>Ele explicou ainda que, se o TCU considerar necess\u00e1rio, o Cade est\u00e1 \u00e0 disposi\u00e7\u00e3o para contribuir com a metodologia de an\u00e1lise vertical, usada como uma \u201cprova dos nove\u201d para avaliar o risco de fechamento de mercado. \u201cTemos uma equipe t\u00e9cnica preparada para apoiar com estudos, inclusive durante a execu\u00e7\u00e3o, caso haja necessidade de um aprofundamento t\u00e9cnico\u201d, afirmou ao relator do processo no TCU, presente durante toda a audi\u00eancia.<br><br>Para Lima, a integra\u00e7\u00e3o vertical na log\u00edstica pode ser ben\u00e9fica por permitir o alinhamento de decis\u00f5es de investimento, embora tenha ponderado que nem toda verticaliza\u00e7\u00e3o \u00e9 benigna.\u00a0\u201cQuando a gente permite a integra\u00e7\u00e3o vertical, n\u00e3o s\u00f3 os lances tendem a ser melhores, como pode surgir um modelo de neg\u00f3cio que outro operador, sem nenhuma integra\u00e7\u00e3o, n\u00e3o seria capaz de desenvolver. E quem tem que arbitrar essa conta \u00e9 o mercado\u201d, afirmou lembrando que preocupa\u00e7\u00e3o do Cade s\u00f3 come\u00e7a quando h\u00e1 concentra\u00e7\u00f5es acima de 30% do mercado.<br><br>A observa\u00e7\u00e3o do Cade vai na mesma linha do que argumentou o corpo t\u00e9cnico da ANTAQ (Ag\u00eancia Nacional de Transportes Aquavi\u00e1rios) durante os estudos sobre o Tecon Santos 10 na ag\u00eancia. L\u00e1, os t\u00e9cnicos apontaram que os efeitos da verticaliza\u00e7\u00e3o no setor portu\u00e1rio n\u00e3o deviam impedir que empresas de navega\u00e7\u00e3o disputassem o Tecon 10, desde que essas companhias n\u00e3o atinjam uma participa\u00e7\u00e3o local no mercado de cont\u00eaineres prejudicial ao ambiente concorrencial.<br><br>A nota t\u00e9cnica\u00a0n\u00e3o recomendava um leil\u00e3o faseado do terminal. Uma das alternativas propostas sugeria que o certame fosse aberto, com a condi\u00e7\u00e3o do ganhador se desfazer de ativos caso j\u00e1 operasse a mesma atividade em Santos \u2013 op\u00e7\u00e3o motivada pelo temor\u00a0de\u00a0concentra\u00e7\u00e3o. A escolha da diretoria, por sua vez, foi de vetar a participa\u00e7\u00e3o dos operadores que j\u00e1 est\u00e3o no porto e s\u00f3 deix\u00e1-los participar somente se na primeira etapa do leil\u00e3o n\u00e3o houver interessados.\u00a0<br><br><strong>Atraso<\/strong><br>Durante a audi\u00eancia p\u00fablica do TCU, o secret\u00e1rio especial de Licita\u00e7\u00f5es da ANTAQ, Ygor de Paula, defendeu a decis\u00e3o e afirmou que a op\u00e7\u00e3o de retornar o processo \u00e0 fase de audi\u00eancia p\u00fablica \u2013 que \u00e9 defendida por parte dos agentes \u2013 pode atrasar ainda mais o leil\u00e3o, que est\u00e1 em discuss\u00e3o desde 2019.<br><br>A posi\u00e7\u00e3o tamb\u00e9m ganhou refor\u00e7os, pela primeira vez, do secret\u00e1rio nacional de Portos do MPor (Minist\u00e9rio de Portos e Aeroportos), Al\u00e9x \u00c1vila. Segundo ele, o debate sobre o Tecon Santos 10 ocorreu em f\u00f3rum adequado e \u201ccom fundamentos cient\u00edficos e t\u00e9cnicos\u201d. \u00c1vila afirmou que a pasta vai cumprir a decis\u00e3o que for tomada pelo TCU, reconheceu que h\u00e1 outras opini\u00f5es e destacou que o minist\u00e9rio as respeita. O secret\u00e1rio tamb\u00e9m ressaltou que a pasta deu prioridade \u00e0 causa do Tecon Santos 10 e \u201ccolocou energia no maior leil\u00e3o da hist\u00f3ria\u201d.<br><br>O presidente da APS (Autoridade Portu\u00e1ria de Santos), Anderson Pomini, tamb\u00e9m indicou apoio \u00e0 decis\u00e3o da ANTAQ. Em recente entrevista \u00e0\u00a0<strong>Ag\u00eancia iNFRA<\/strong>, Pomini havia classificado como \u201crazo\u00e1vel\u201d a op\u00e7\u00e3o de liberar, j\u00e1 na primeira etapa do certame, a participa\u00e7\u00e3o de empresas que j\u00e1 operam no Porto de Santos, desde que se desfizessem de seus ativos atuais. Nesta ter\u00e7a, ele voltou a defender que, para o porto, o melhor seria um maior n\u00famero poss\u00edvel de empresas participando.\u00a0<br><br>Disse, por outro lado, que \u201co que est\u00e1 em jogo\u201d \u00e9 o pre\u00e7o dos produtos e a regula\u00e7\u00e3o do mercado, ao justificar a restri\u00e7\u00e3o. O representante da autoridade portu\u00e1ria tamb\u00e9m solicitou ao TCU a an\u00e1lise sobre a responsabilidade pela constru\u00e7\u00e3o de um \u201ccondom\u00ednio log\u00edstico\u201d de natureza mista, que funcione tanto como edif\u00edcio garagem quanto como alternativa para o escoamento de parte dos caminh\u00f5es que chegar\u00e3o por meio do Tecon 10.<br><br>Outra infraestrutura prevista para a implementa\u00e7\u00e3o do megaterminal de cont\u00eaineres \u00e9 a constru\u00e7\u00e3o de dois viadutos \u00e0s margens do porto, que servir\u00e3o como vias de acesso. No entanto, essas obras ainda est\u00e3o sendo discutidas com o governo de S\u00e3o Paulo. Na audi\u00eancia tamb\u00e9m foi refor\u00e7ada a necessidade de se garantir investimentos ferrovi\u00e1rios dentro do terminal.<br><br><strong>Efeitos concretos<\/strong><br>Representando o governo de S\u00e3o Paulo, a secret\u00e1ria de Meio Ambiente, Infraestrutura e Log\u00edstica, Nat\u00e1lia Resende, afirmou que \u201creduzir a verticaliza\u00e7\u00e3o n\u00e3o elimina o risco de fechamento de mercado e que, necessariamente, ela n\u00e3o \u00e9 um problema\u201d.\u00a0<br><br>Na avalia\u00e7\u00e3o da secret\u00e1ria, a verticaliza\u00e7\u00e3o \u00e9 uma tend\u00eancia mundial que pode resultar na redu\u00e7\u00e3o de custos operacionais e administrativos. Ela tamb\u00e9m pontuou ser importante discutir a concentra\u00e7\u00e3o, mas apenas quando houver impactos concretos \u2013\u00a0e, nesses casos, os efeitos negativos podem ser mitigados por meio de medidas adequadas.<br><br>No in\u00edcio de junho, o governo de Tarc\u00edsio de Freitas enviou\u00a0of\u00edcios para autoridades em Bras\u00edlia em que criticava a restri\u00e7\u00e3o proposta no projeto. No documento, t\u00e9cnicos escreveram que o modelo esvaziaria a ampla competi\u00e7\u00e3o e impediria a participa\u00e7\u00e3o de agentes econ\u00f4micos tecnicamente qualificados.\u00a0<br><br>No evento do TCU, o prefeito de Santos, Rog\u00e9rio Santos (Republicanos-SP), defendeu que o Porto de Santos n\u00e3o deve andar na contram\u00e3o das tend\u00eancias globais. \u201cChega de pa\u00eds do futuro. N\u00f3s precisamos de efici\u00eancia\u201d, afirmou. \u201cQuanto mais restri\u00e7\u00f5es colocamos, mais vulner\u00e1veis ficamos a quest\u00f5es jur\u00eddicas.\u201d Para ele, \u00e9 necess\u00e1rio haver regula\u00e7\u00e3o, mas sem ignorar o chamado custo Brasil.<br><br><strong>Audit\u00f3rio cheio<\/strong><br>O presidente da Corte, ministro Vital do R\u00eago, realizou o discurso de abertura do painel de refer\u00eancia e afirmou que o TCU busca atuar de forma integrada com os \u00f3rg\u00e3os reguladores, planejadores p\u00fablicos, concession\u00e1rias, usu\u00e1rios e a sociedade em geral. J\u00e1 Anastasia, que relata o caso, afirmou que o TCU vai buscar garantir seguran\u00e7a jur\u00eddica ao processo e \u201cpavimentar o caminho de um relacionamento harm\u00f4nico entre o setor privado e o p\u00fablico\u201d.<br><br>O ministro Bruno Dantas tamb\u00e9m participou da abertura do\u00a0evento. O audit\u00f3rio do TCU com cerca de 150 lugares ficou lotado, com representantes de diferentes empresas e associa\u00e7\u00f5es, que defendem posi\u00e7\u00f5es antag\u00f4nicas sobre a quest\u00e3o concorrencial na licita\u00e7\u00e3o do Tecon 10, al\u00e9m de t\u00e9cnicos do governo e do pr\u00f3prio tribunal.<br><br>Nas apresenta\u00e7\u00f5es desses representantes, a grande maioria criticou a restri\u00e7\u00e3o proposta pela ANTAQ. Houve tr\u00eas defesas da decis\u00e3o da diretoria da ag\u00eancia e quase duas dezenas de posi\u00e7\u00f5es contr\u00e1rias. Entre os defensores da decis\u00e3o da ag\u00eancia, foi colocada a preocupa\u00e7\u00e3o com a concentra\u00e7\u00e3o de mercado em Santos em caso de vit\u00f3ria de um dos atuais operadores e a lembran\u00e7a de que essas restri\u00e7\u00f5es j\u00e1 foram utilizadas em leil\u00f5es anteriores, n\u00e3o sendo, portanto, uma novidade.<br><br>A maioria dos representantes que defendem o leil\u00e3o sem restri\u00e7\u00e3o\u00a0se posicionou\u00a0a favor do modelo que foi apresentado pela Superintend\u00eancia de Regula\u00e7\u00e3o da ANTAQ na Nota T\u00e9cnica 51. Nela, o corpo t\u00e9cnico indicou um modelo em que empresas com posi\u00e7\u00e3o em Santos pudessem participar do leil\u00e3o, mas desfazendo-se de ativos se sa\u00edssem vencedoras.<\/p>\n","protected":false},"excerpt":{"rendered":"<p>Mar\u00edlia Sena e Dimmi Amora, da Ag\u00eancia iNFRA O presidente interino do Cade (Conselho Administrativo de Defesa Econ\u00f4mica), Gustavo Augusto de Lima, avalia que restringir a participa\u00e7\u00e3o de empresas no leil\u00e3o do Tecon Santos 10 pode inviabilizar modelos de neg\u00f3cio mais eficientes para o setor e por isso ofereceu apoio ao TCU (Tribunal de Contas [&hellip;]<\/p>\n","protected":false},"author":1,"featured_media":20632,"comment_status":"closed","ping_status":"closed","sticky":false,"template":"","format":"standard","meta":{"_monsterinsights_skip_tracking":false,"_monsterinsights_sitenote_active":false,"_monsterinsights_sitenote_note":"","_monsterinsights_sitenote_category":0,"footnotes":""},"categories":[7250,1,7],"tags":[371,1299,4754,11654,260,310,18,12474,1634],"class_list":["post-25525","post","type-post","status-publish","format-standard","has-post-thumbnail","hentry","category-destaque-lista","category-geral","category-infratransporte","tag-cade","tag-dimmi-amora","tag-leilao-portuario","tag-marilia-sena","tag-porto-de-santos","tag-portos","tag-tcu","tag-tecon-santos-10","tag-terminal-de-conteineres"],"yoast_head":"<!-- This site is optimized with the Yoast SEO Premium plugin v25.4 (Yoast SEO v26.0) - https:\/\/yoast.com\/wordpress\/plugins\/seo\/ -->\n<title>Cade diz que pode ajudar TCU na an\u00e1lise concorrencial do Tecon Santos 10, mas tend\u00eancia \u00e9 decis\u00e3o no tribunal sem consulta - Ag\u00eancia iNFRA<\/title>\n<meta name=\"robots\" content=\"index, follow, max-snippet:-1, max-image-preview:large, max-video-preview:-1\" \/>\n<link rel=\"canonical\" href=\"https:\/\/agenciainfra.com\/blog\/cade-diz-que-pode-ajudar-tcu-na-analise-concorrencial-do-tecon-santos-10\/\" \/>\n<meta property=\"og:locale\" content=\"pt_BR\" \/>\n<meta property=\"og:type\" content=\"article\" \/>\n<meta property=\"og:title\" content=\"Cade diz que pode ajudar TCU na an\u00e1lise concorrencial do Tecon Santos 10, mas tend\u00eancia \u00e9 decis\u00e3o no tribunal sem consulta\" \/>\n<meta property=\"og:description\" content=\"Mar\u00edlia Sena e Dimmi Amora, da Ag\u00eancia iNFRA O presidente interino do Cade (Conselho Administrativo de Defesa Econ\u00f4mica), Gustavo Augusto de Lima, avalia que restringir a participa\u00e7\u00e3o de empresas no leil\u00e3o do Tecon Santos 10 pode inviabilizar modelos de neg\u00f3cio mais eficientes para o setor e por isso ofereceu apoio ao TCU (Tribunal de Contas [&hellip;]\" \/>\n<meta property=\"og:url\" content=\"https:\/\/agenciainfra.com\/blog\/cade-diz-que-pode-ajudar-tcu-na-analise-concorrencial-do-tecon-santos-10\/\" \/>\n<meta property=\"og:site_name\" content=\"Ag\u00eancia iNFRA\" \/>\n<meta property=\"article:publisher\" content=\"https:\/\/www.facebook.com\/ageninfra\" \/>\n<meta property=\"article:published_time\" content=\"2025-07-30T14:00:00+00:00\" \/>\n<meta property=\"article:modified_time\" content=\"2025-07-31T16:05:38+00:00\" \/>\n<meta property=\"og:image\" content=\"https:\/\/agenciainfra.com\/blog\/wp-content\/uploads\/2025\/03\/porto-de-santos-foto-APS-1024x683.jpg\" \/>\n\t<meta property=\"og:image:width\" content=\"1024\" \/>\n\t<meta property=\"og:image:height\" content=\"683\" \/>\n\t<meta property=\"og:image:type\" content=\"image\/jpeg\" \/>\n<meta name=\"author\" content=\"Ag\u00eancia iNFRA\" \/>\n<meta name=\"twitter:card\" content=\"summary_large_image\" \/>\n<meta name=\"twitter:creator\" content=\"@agencia_infra\" \/>\n<meta name=\"twitter:site\" content=\"@agencia_infra\" \/>\n<meta name=\"twitter:label1\" content=\"Escrito por\" \/>\n\t<meta name=\"twitter:data1\" content=\"Ag\u00eancia iNFRA\" \/>\n\t<meta name=\"twitter:label2\" content=\"Est. tempo de leitura\" \/>\n\t<meta name=\"twitter:data2\" content=\"8 minutos\" \/>\n<script type=\"application\/ld+json\" class=\"yoast-schema-graph\">{\"@context\":\"https:\/\/schema.org\",\"@graph\":[{\"@type\":\"Article\",\"@id\":\"https:\/\/agenciainfra.com\/blog\/cade-diz-que-pode-ajudar-tcu-na-analise-concorrencial-do-tecon-santos-10\/#article\",\"isPartOf\":{\"@id\":\"https:\/\/agenciainfra.com\/blog\/cade-diz-que-pode-ajudar-tcu-na-analise-concorrencial-do-tecon-santos-10\/\"},\"author\":{\"name\":\"Ag\u00eancia iNFRA\",\"@id\":\"https:\/\/agenciainfra.com\/blog\/#\/schema\/person\/34af08dff6adea4cb22b06612ba7acfa\"},\"headline\":\"Cade diz que pode ajudar TCU na an\u00e1lise concorrencial do Tecon Santos 10, mas tend\u00eancia \u00e9 decis\u00e3o no tribunal sem consulta\",\"datePublished\":\"2025-07-30T14:00:00+00:00\",\"dateModified\":\"2025-07-31T16:05:38+00:00\",\"mainEntityOfPage\":{\"@id\":\"https:\/\/agenciainfra.com\/blog\/cade-diz-que-pode-ajudar-tcu-na-analise-concorrencial-do-tecon-santos-10\/\"},\"wordCount\":1656,\"publisher\":{\"@id\":\"https:\/\/agenciainfra.com\/blog\/#organization\"},\"image\":{\"@id\":\"https:\/\/agenciainfra.com\/blog\/cade-diz-que-pode-ajudar-tcu-na-analise-concorrencial-do-tecon-santos-10\/#primaryimage\"},\"thumbnailUrl\":\"https:\/\/agenciainfra.com\/blog\/wp-content\/uploads\/2025\/03\/porto-de-santos-foto-APS-e1742479867580.jpg\",\"keywords\":[\"Cade\",\"Dimmi Amora\",\"leil\u00e3o portu\u00e1rio\",\"Mar\u00edlia Sena\",\"Porto de Santos\",\"portos\",\"TCU\",\"Tecon Santos 10\",\"terminal de cont\u00eaineres\"],\"articleSection\":[\"Destaque lista\",\"Geral\",\"iNFRATransporte\"],\"inLanguage\":\"pt-BR\",\"copyrightYear\":\"2025\",\"copyrightHolder\":{\"@id\":\"https:\/\/agenciainfra.com\/blog\/#organization\"}},{\"@type\":\"WebPage\",\"@id\":\"https:\/\/agenciainfra.com\/blog\/cade-diz-que-pode-ajudar-tcu-na-analise-concorrencial-do-tecon-santos-10\/\",\"url\":\"https:\/\/agenciainfra.com\/blog\/cade-diz-que-pode-ajudar-tcu-na-analise-concorrencial-do-tecon-santos-10\/\",\"name\":\"Cade diz que pode ajudar TCU na an\u00e1lise concorrencial do Tecon Santos 10, mas tend\u00eancia \u00e9 decis\u00e3o no tribunal sem consulta - Ag\u00eancia iNFRA\",\"isPartOf\":{\"@id\":\"https:\/\/agenciainfra.com\/blog\/#website\"},\"primaryImageOfPage\":{\"@id\":\"https:\/\/agenciainfra.com\/blog\/cade-diz-que-pode-ajudar-tcu-na-analise-concorrencial-do-tecon-santos-10\/#primaryimage\"},\"image\":{\"@id\":\"https:\/\/agenciainfra.com\/blog\/cade-diz-que-pode-ajudar-tcu-na-analise-concorrencial-do-tecon-santos-10\/#primaryimage\"},\"thumbnailUrl\":\"https:\/\/agenciainfra.com\/blog\/wp-content\/uploads\/2025\/03\/porto-de-santos-foto-APS-e1742479867580.jpg\",\"datePublished\":\"2025-07-30T14:00:00+00:00\",\"dateModified\":\"2025-07-31T16:05:38+00:00\",\"breadcrumb\":{\"@id\":\"https:\/\/agenciainfra.com\/blog\/cade-diz-que-pode-ajudar-tcu-na-analise-concorrencial-do-tecon-santos-10\/#breadcrumb\"},\"inLanguage\":\"pt-BR\",\"potentialAction\":[{\"@type\":\"ReadAction\",\"target\":[\"https:\/\/agenciainfra.com\/blog\/cade-diz-que-pode-ajudar-tcu-na-analise-concorrencial-do-tecon-santos-10\/\"]}]},{\"@type\":\"ImageObject\",\"inLanguage\":\"pt-BR\",\"@id\":\"https:\/\/agenciainfra.com\/blog\/cade-diz-que-pode-ajudar-tcu-na-analise-concorrencial-do-tecon-santos-10\/#primaryimage\",\"url\":\"https:\/\/agenciainfra.com\/blog\/wp-content\/uploads\/2025\/03\/porto-de-santos-foto-APS-e1742479867580.jpg\",\"contentUrl\":\"https:\/\/agenciainfra.com\/blog\/wp-content\/uploads\/2025\/03\/porto-de-santos-foto-APS-e1742479867580.jpg\",\"width\":1280,\"height\":854,\"caption\":\"Foto: Autoridade Portu\u00e1ria de Santos\"},{\"@type\":\"BreadcrumbList\",\"@id\":\"https:\/\/agenciainfra.com\/blog\/cade-diz-que-pode-ajudar-tcu-na-analise-concorrencial-do-tecon-santos-10\/#breadcrumb\",\"itemListElement\":[{\"@type\":\"ListItem\",\"position\":1,\"name\":\"In\u00edcio\",\"item\":\"https:\/\/agenciainfra.com\/blog\/\"},{\"@type\":\"ListItem\",\"position\":2,\"name\":\"Cade diz que pode ajudar TCU na an\u00e1lise concorrencial do Tecon Santos 10, mas tend\u00eancia \u00e9 decis\u00e3o no tribunal sem consulta\"}]},{\"@type\":\"WebSite\",\"@id\":\"https:\/\/agenciainfra.com\/blog\/#website\",\"url\":\"https:\/\/agenciainfra.com\/blog\/\",\"name\":\"Ag\u00eancia iNFRA\",\"description\":\"Multiplataforma de informa\u00e7\u00e3o jornal\u00edstica refer\u00eancia na \u00e1rea de infraestrutura no Brasil!\",\"publisher\":{\"@id\":\"https:\/\/agenciainfra.com\/blog\/#organization\"},\"potentialAction\":[{\"@type\":\"SearchAction\",\"target\":{\"@type\":\"EntryPoint\",\"urlTemplate\":\"https:\/\/agenciainfra.com\/blog\/?s={search_term_string}\"},\"query-input\":{\"@type\":\"PropertyValueSpecification\",\"valueRequired\":true,\"valueName\":\"search_term_string\"}}],\"inLanguage\":\"pt-BR\"},{\"@type\":\"Organization\",\"@id\":\"https:\/\/agenciainfra.com\/blog\/#organization\",\"name\":\"Ag\u00eancia iNFRA\",\"url\":\"https:\/\/agenciainfra.com\/blog\/\",\"logo\":{\"@type\":\"ImageObject\",\"inLanguage\":\"pt-BR\",\"@id\":\"https:\/\/agenciainfra.com\/blog\/#\/schema\/logo\/image\/\",\"url\":\"https:\/\/agenciainfra.com\/blog\/wp-content\/uploads\/2023\/09\/iNFRA_5-e1761735885940.png\",\"contentUrl\":\"https:\/\/agenciainfra.com\/blog\/wp-content\/uploads\/2023\/09\/iNFRA_5-e1761735885940.png\",\"width\":1672,\"height\":454,\"caption\":\"Ag\u00eancia iNFRA\"},\"image\":{\"@id\":\"https:\/\/agenciainfra.com\/blog\/#\/schema\/logo\/image\/\"},\"sameAs\":[\"https:\/\/www.facebook.com\/ageninfra\",\"https:\/\/x.com\/agencia_infra\",\"https:\/\/www.linkedin.com\/company\/ag\u00eanciainfra\/\",\"https:\/\/www.instagram.com\/agenciainfra\/\"]},{\"@type\":\"Person\",\"@id\":\"https:\/\/agenciainfra.com\/blog\/#\/schema\/person\/34af08dff6adea4cb22b06612ba7acfa\",\"name\":\"Ag\u00eancia iNFRA\",\"image\":{\"@type\":\"ImageObject\",\"inLanguage\":\"pt-BR\",\"@id\":\"https:\/\/agenciainfra.com\/blog\/#\/schema\/person\/image\/\",\"url\":\"https:\/\/secure.gravatar.com\/avatar\/d189e01678f06d8eb84d4e01f08eb848b3fffe3f8443818d3c356c66892f5be8?s=96&d=mm&r=g\",\"contentUrl\":\"https:\/\/secure.gravatar.com\/avatar\/d189e01678f06d8eb84d4e01f08eb848b3fffe3f8443818d3c356c66892f5be8?s=96&d=mm&r=g\",\"caption\":\"Ag\u00eancia iNFRA\"},\"url\":\"https:\/\/agenciainfra.com\/blog\/author\/admin\/\"}]}<\/script>\n<!-- \/ Yoast SEO Premium plugin. -->","yoast_head_json":{"title":"Cade diz que pode ajudar TCU na an\u00e1lise concorrencial do Tecon Santos 10, mas tend\u00eancia \u00e9 decis\u00e3o no tribunal sem consulta - Ag\u00eancia iNFRA","robots":{"index":"index","follow":"follow","max-snippet":"max-snippet:-1","max-image-preview":"max-image-preview:large","max-video-preview":"max-video-preview:-1"},"canonical":"https:\/\/agenciainfra.com\/blog\/cade-diz-que-pode-ajudar-tcu-na-analise-concorrencial-do-tecon-santos-10\/","og_locale":"pt_BR","og_type":"article","og_title":"Cade diz que pode ajudar TCU na an\u00e1lise concorrencial do Tecon Santos 10, mas tend\u00eancia \u00e9 decis\u00e3o no tribunal sem consulta","og_description":"Mar\u00edlia Sena e Dimmi Amora, da Ag\u00eancia iNFRA O presidente interino do Cade (Conselho Administrativo de Defesa Econ\u00f4mica), Gustavo Augusto de Lima, avalia que restringir a participa\u00e7\u00e3o de empresas no leil\u00e3o do Tecon Santos 10 pode inviabilizar modelos de neg\u00f3cio mais eficientes para o setor e por isso ofereceu apoio ao TCU (Tribunal de Contas [&hellip;]","og_url":"https:\/\/agenciainfra.com\/blog\/cade-diz-que-pode-ajudar-tcu-na-analise-concorrencial-do-tecon-santos-10\/","og_site_name":"Ag\u00eancia iNFRA","article_publisher":"https:\/\/www.facebook.com\/ageninfra","article_published_time":"2025-07-30T14:00:00+00:00","article_modified_time":"2025-07-31T16:05:38+00:00","og_image":[{"width":1024,"height":683,"url":"https:\/\/agenciainfra.com\/blog\/wp-content\/uploads\/2025\/03\/porto-de-santos-foto-APS-1024x683.jpg","type":"image\/jpeg"}],"author":"Ag\u00eancia iNFRA","twitter_card":"summary_large_image","twitter_creator":"@agencia_infra","twitter_site":"@agencia_infra","twitter_misc":{"Escrito por":"Ag\u00eancia iNFRA","Est. tempo de leitura":"8 minutos"},"schema":{"@context":"https:\/\/schema.org","@graph":[{"@type":"Article","@id":"https:\/\/agenciainfra.com\/blog\/cade-diz-que-pode-ajudar-tcu-na-analise-concorrencial-do-tecon-santos-10\/#article","isPartOf":{"@id":"https:\/\/agenciainfra.com\/blog\/cade-diz-que-pode-ajudar-tcu-na-analise-concorrencial-do-tecon-santos-10\/"},"author":{"name":"Ag\u00eancia iNFRA","@id":"https:\/\/agenciainfra.com\/blog\/#\/schema\/person\/34af08dff6adea4cb22b06612ba7acfa"},"headline":"Cade diz que pode ajudar TCU na an\u00e1lise concorrencial do Tecon Santos 10, mas tend\u00eancia \u00e9 decis\u00e3o no tribunal sem consulta","datePublished":"2025-07-30T14:00:00+00:00","dateModified":"2025-07-31T16:05:38+00:00","mainEntityOfPage":{"@id":"https:\/\/agenciainfra.com\/blog\/cade-diz-que-pode-ajudar-tcu-na-analise-concorrencial-do-tecon-santos-10\/"},"wordCount":1656,"publisher":{"@id":"https:\/\/agenciainfra.com\/blog\/#organization"},"image":{"@id":"https:\/\/agenciainfra.com\/blog\/cade-diz-que-pode-ajudar-tcu-na-analise-concorrencial-do-tecon-santos-10\/#primaryimage"},"thumbnailUrl":"https:\/\/agenciainfra.com\/blog\/wp-content\/uploads\/2025\/03\/porto-de-santos-foto-APS-e1742479867580.jpg","keywords":["Cade","Dimmi Amora","leil\u00e3o portu\u00e1rio","Mar\u00edlia Sena","Porto de Santos","portos","TCU","Tecon Santos 10","terminal de cont\u00eaineres"],"articleSection":["Destaque lista","Geral","iNFRATransporte"],"inLanguage":"pt-BR","copyrightYear":"2025","copyrightHolder":{"@id":"https:\/\/agenciainfra.com\/blog\/#organization"}},{"@type":"WebPage","@id":"https:\/\/agenciainfra.com\/blog\/cade-diz-que-pode-ajudar-tcu-na-analise-concorrencial-do-tecon-santos-10\/","url":"https:\/\/agenciainfra.com\/blog\/cade-diz-que-pode-ajudar-tcu-na-analise-concorrencial-do-tecon-santos-10\/","name":"Cade diz que pode ajudar TCU na an\u00e1lise concorrencial do Tecon Santos 10, mas tend\u00eancia \u00e9 decis\u00e3o no tribunal sem consulta - Ag\u00eancia iNFRA","isPartOf":{"@id":"https:\/\/agenciainfra.com\/blog\/#website"},"primaryImageOfPage":{"@id":"https:\/\/agenciainfra.com\/blog\/cade-diz-que-pode-ajudar-tcu-na-analise-concorrencial-do-tecon-santos-10\/#primaryimage"},"image":{"@id":"https:\/\/agenciainfra.com\/blog\/cade-diz-que-pode-ajudar-tcu-na-analise-concorrencial-do-tecon-santos-10\/#primaryimage"},"thumbnailUrl":"https:\/\/agenciainfra.com\/blog\/wp-content\/uploads\/2025\/03\/porto-de-santos-foto-APS-e1742479867580.jpg","datePublished":"2025-07-30T14:00:00+00:00","dateModified":"2025-07-31T16:05:38+00:00","breadcrumb":{"@id":"https:\/\/agenciainfra.com\/blog\/cade-diz-que-pode-ajudar-tcu-na-analise-concorrencial-do-tecon-santos-10\/#breadcrumb"},"inLanguage":"pt-BR","potentialAction":[{"@type":"ReadAction","target":["https:\/\/agenciainfra.com\/blog\/cade-diz-que-pode-ajudar-tcu-na-analise-concorrencial-do-tecon-santos-10\/"]}]},{"@type":"ImageObject","inLanguage":"pt-BR","@id":"https:\/\/agenciainfra.com\/blog\/cade-diz-que-pode-ajudar-tcu-na-analise-concorrencial-do-tecon-santos-10\/#primaryimage","url":"https:\/\/agenciainfra.com\/blog\/wp-content\/uploads\/2025\/03\/porto-de-santos-foto-APS-e1742479867580.jpg","contentUrl":"https:\/\/agenciainfra.com\/blog\/wp-content\/uploads\/2025\/03\/porto-de-santos-foto-APS-e1742479867580.jpg","width":1280,"height":854,"caption":"Foto: Autoridade Portu\u00e1ria de Santos"},{"@type":"BreadcrumbList","@id":"https:\/\/agenciainfra.com\/blog\/cade-diz-que-pode-ajudar-tcu-na-analise-concorrencial-do-tecon-santos-10\/#breadcrumb","itemListElement":[{"@type":"ListItem","position":1,"name":"In\u00edcio","item":"https:\/\/agenciainfra.com\/blog\/"},{"@type":"ListItem","position":2,"name":"Cade diz que pode ajudar TCU na an\u00e1lise concorrencial do Tecon Santos 10, mas tend\u00eancia \u00e9 decis\u00e3o no tribunal sem consulta"}]},{"@type":"WebSite","@id":"https:\/\/agenciainfra.com\/blog\/#website","url":"https:\/\/agenciainfra.com\/blog\/","name":"Ag\u00eancia iNFRA","description":"Multiplataforma de informa\u00e7\u00e3o jornal\u00edstica refer\u00eancia na \u00e1rea de infraestrutura no Brasil!","publisher":{"@id":"https:\/\/agenciainfra.com\/blog\/#organization"},"potentialAction":[{"@type":"SearchAction","target":{"@type":"EntryPoint","urlTemplate":"https:\/\/agenciainfra.com\/blog\/?s={search_term_string}"},"query-input":{"@type":"PropertyValueSpecification","valueRequired":true,"valueName":"search_term_string"}}],"inLanguage":"pt-BR"},{"@type":"Organization","@id":"https:\/\/agenciainfra.com\/blog\/#organization","name":"Ag\u00eancia iNFRA","url":"https:\/\/agenciainfra.com\/blog\/","logo":{"@type":"ImageObject","inLanguage":"pt-BR","@id":"https:\/\/agenciainfra.com\/blog\/#\/schema\/logo\/image\/","url":"https:\/\/agenciainfra.com\/blog\/wp-content\/uploads\/2023\/09\/iNFRA_5-e1761735885940.png","contentUrl":"https:\/\/agenciainfra.com\/blog\/wp-content\/uploads\/2023\/09\/iNFRA_5-e1761735885940.png","width":1672,"height":454,"caption":"Ag\u00eancia iNFRA"},"image":{"@id":"https:\/\/agenciainfra.com\/blog\/#\/schema\/logo\/image\/"},"sameAs":["https:\/\/www.facebook.com\/ageninfra","https:\/\/x.com\/agencia_infra","https:\/\/www.linkedin.com\/company\/ag\u00eanciainfra\/","https:\/\/www.instagram.com\/agenciainfra\/"]},{"@type":"Person","@id":"https:\/\/agenciainfra.com\/blog\/#\/schema\/person\/34af08dff6adea4cb22b06612ba7acfa","name":"Ag\u00eancia iNFRA","image":{"@type":"ImageObject","inLanguage":"pt-BR","@id":"https:\/\/agenciainfra.com\/blog\/#\/schema\/person\/image\/","url":"https:\/\/secure.gravatar.com\/avatar\/d189e01678f06d8eb84d4e01f08eb848b3fffe3f8443818d3c356c66892f5be8?s=96&d=mm&r=g","contentUrl":"https:\/\/secure.gravatar.com\/avatar\/d189e01678f06d8eb84d4e01f08eb848b3fffe3f8443818d3c356c66892f5be8?s=96&d=mm&r=g","caption":"Ag\u00eancia iNFRA"},"url":"https:\/\/agenciainfra.com\/blog\/author\/admin\/"}]}},"_links":{"self":[{"href":"https:\/\/agenciainfra.com\/blog\/wp-json\/wp\/v2\/posts\/25525","targetHints":{"allow":["GET"]}}],"collection":[{"href":"https:\/\/agenciainfra.com\/blog\/wp-json\/wp\/v2\/posts"}],"about":[{"href":"https:\/\/agenciainfra.com\/blog\/wp-json\/wp\/v2\/types\/post"}],"author":[{"embeddable":true,"href":"https:\/\/agenciainfra.com\/blog\/wp-json\/wp\/v2\/users\/1"}],"replies":[{"embeddable":true,"href":"https:\/\/agenciainfra.com\/blog\/wp-json\/wp\/v2\/comments?post=25525"}],"version-history":[{"count":4,"href":"https:\/\/agenciainfra.com\/blog\/wp-json\/wp\/v2\/posts\/25525\/revisions"}],"predecessor-version":[{"id":25560,"href":"https:\/\/agenciainfra.com\/blog\/wp-json\/wp\/v2\/posts\/25525\/revisions\/25560"}],"wp:featuredmedia":[{"embeddable":true,"href":"https:\/\/agenciainfra.com\/blog\/wp-json\/wp\/v2\/media\/20632"}],"wp:attachment":[{"href":"https:\/\/agenciainfra.com\/blog\/wp-json\/wp\/v2\/media?parent=25525"}],"wp:term":[{"taxonomy":"category","embeddable":true,"href":"https:\/\/agenciainfra.com\/blog\/wp-json\/wp\/v2\/categories?post=25525"},{"taxonomy":"post_tag","embeddable":true,"href":"https:\/\/agenciainfra.com\/blog\/wp-json\/wp\/v2\/tags?post=25525"}],"curies":[{"name":"wp","href":"https:\/\/api.w.org\/{rel}","templated":true}]}}