{"id":25550,"date":"2025-07-30T13:25:22","date_gmt":"2025-07-30T16:25:22","guid":{"rendered":"https:\/\/agenciainfra.com\/blog\/?p=25550"},"modified":"2025-07-31T13:57:26","modified_gmt":"2025-07-31T16:57:26","slug":"licenciamento-ministro-dos-transportes-diz-que-proposta-de-legislacao-adicional-esta-na-mesa","status":"publish","type":"post","link":"https:\/\/agenciainfra.com\/blog\/licenciamento-ministro-dos-transportes-diz-que-proposta-de-legislacao-adicional-esta-na-mesa\/","title":{"rendered":"Licenciamento: ministro dos Transportes diz que proposta de legisla\u00e7\u00e3o adicional est\u00e1 na mesa"},"content":{"rendered":"\n<p class=\"has-text-align-right\"><strong>Sheyla Santos, da Ag\u00eancia iNFRA<\/strong><\/p>\n\n\n\n<p>O ministro dos Transportes, Renan Filho, afirmou nesta quarta-feira (30) que o presidente Luiz In\u00e1cio Lula da Silva vai \u201caprimorar\u201d o PL (projeto de lei) 2.159\/2021, que trata do licenciamento ambiental, podendo vetar partes do texto final aprovado no Congresso ou propor uma legisla\u00e7\u00e3o adicional para \u201cfechar lacunas\u201d. A tramita\u00e7\u00e3o da proposta foi <a href=\"https:\/\/agenciainfra.com\/blog\/com-governo-contra-camara-aprova-pl-do-licenciamento-ambiental\/\">conclu\u00edda<\/a> na C\u00e2mara dos Deputados no \u00faltimo dia 17 e o presidente tem at\u00e9 8 de agosto para sancionar ou vetar integral ou parcialmente o projeto.<br><\/p>\n\n\n\n<p>Apesar desses reparos ao PL, Renan disse ser fundamental a moderniza\u00e7\u00e3o das licen\u00e7as ambientais e afirmou que o Minist\u00e9rio dos Transportes vai defender parcela do projeto para que o pa\u00eds tenha condi\u00e7\u00f5es de licenciar obras importantes. As declara\u00e7\u00f5es foram dadas durante painel da s\u00e9rie de debates \u201cLog\u00edstica no Brasil\u201d, realizado na sede da Fiesp (Federa\u00e7\u00e3o das Ind\u00fastrias do Estado de S\u00e3o Paulo).<\/p>\n\n\n\n<p>Como exemplo, ele citou o licenciamento para o derrocamento do Pedral do Louren\u00e7o, que foi aprovado recentemente e \u00e9 considerado essencial para viabilizar a concess\u00e3o da hidrovia do Rio Tocantins.<\/p>\n\n\n\n<p>Renan disse ainda haver boa oportunidade para o governo fazer um debate profundo sobre o tema, posicionando-se formalmente quanto ao que compreende como correto ao mesmo tempo em que dialoga com o Congresso para verificar se os parlamentares ter\u00e3o condi\u00e7\u00e3o de manter os vetos presidenciais ou optar pela derrubada.<\/p>\n\n\n\n<p>Tamb\u00e9m presente \u00e0 mesa, o ministro de Portos e Aeroportos, Silvio Costa Filho, avaliou que o Congresso avan\u00e7ou na pauta do licenciamento ambiental em um momento importante. \u201cCada minist\u00e9rio est\u00e1 fazendo a sua an\u00e1lise do que foi aprovado pela C\u00e2mara, vai dar as suas sugest\u00f5es ao governo para que o presidente Lula ao lado do ministro Rui Costa, da Casa Civil, e todos os minist\u00e9rios possam fazer uma avalia\u00e7\u00e3o\u201d, disse.<\/p>\n\n\n\n<p>Em outro evento, o subsecret\u00e1rio do Meio Ambiente, Cloves Benevides, afirmou que o projeto representa uma oportunidade para o pa\u00eds. Segundo ele, embora o debate legislativo tenha sido \u00e1rduo e o texto final ainda contenha controv\u00e9rsias \u2013 algo considerado natural no processo \u2013, o resultado reflete o esfor\u00e7o de escutar diferentes setores. Na an\u00e1lise do subsecret\u00e1rio, o projeto estabelece mecanismos de acelera\u00e7\u00e3o do licenciamento, maior previsibilidade ao processo e distribui responsabilidades de forma mais objetiva. Para Benevides, \u00e9 essencial manter uma vigil\u00e2ncia constante para equilibrar o desenvolvimento das atividades econ\u00f4micas com a sustentabilidade ambiental.<\/p>\n\n\n\n<p>O subsecret\u00e1rio tamb\u00e9m afirmou que o governo segue dialogando com os setores interessados at\u00e9 o dia 8. Segundo ele, a pasta j\u00e1 est\u00e1 elaborando textos alternativos e pensando na regulamenta\u00e7\u00e3o da futura lei. Um dos pontos relevantes que o texto aprovado pode proporcionar no futuro \u00e9 a dispensa do EVTEA (Estudo de Viabilidade T\u00e9cnica, Econ\u00f4mica e Ambiental) para determinados empreendimentos, o que pode acelerar a implementa\u00e7\u00e3o de projetos estrat\u00e9gicos.<\/p>\n\n\n\n<p><\/p>\n","protected":false},"excerpt":{"rendered":"<p>Sheyla Santos, da Ag\u00eancia iNFRA O ministro dos Transportes, Renan Filho, afirmou nesta quarta-feira (30) que o presidente Luiz In\u00e1cio Lula da Silva vai \u201caprimorar\u201d o PL (projeto de lei) 2.159\/2021, que trata do licenciamento ambiental, podendo vetar partes do texto final aprovado no Congresso ou propor uma legisla\u00e7\u00e3o adicional para \u201cfechar lacunas\u201d. A tramita\u00e7\u00e3o [&hellip;]<\/p>\n","protected":false},"author":1,"featured_media":25553,"comment_status":"closed","ping_status":"closed","sticky":false,"template":"","format":"standard","meta":{"_monsterinsights_skip_tracking":false,"_monsterinsights_sitenote_active":false,"_monsterinsights_sitenote_note":"","_monsterinsights_sitenote_category":0,"footnotes":""},"categories":[7250,1,7],"tags":[14051,34,223,66,16,6248,8838,7467],"class_list":["post-25550","post","type-post","status-publish","format-standard","has-post-thumbnail","hentry","category-destaque-lista","category-geral","category-infratransporte","tag-hidrovia-do-rio-tocantins","tag-infraestrutura","tag-licenciamento-ambiental","tag-logistica","tag-ministerio-dos-transportes","tag-renan-filho","tag-sheyla-santos","tag-silvio-costa-filho"],"yoast_head":"<!-- This site is optimized with the Yoast SEO Premium plugin v25.4 (Yoast SEO v26.0) - https:\/\/yoast.com\/wordpress\/plugins\/seo\/ -->\n<title>Licenciamento: ministro dos Transportes diz que proposta de legisla\u00e7\u00e3o adicional est\u00e1 na mesa - Ag\u00eancia iNFRA<\/title>\n<meta name=\"robots\" content=\"index, follow, max-snippet:-1, max-image-preview:large, max-video-preview:-1\" \/>\n<link rel=\"canonical\" href=\"https:\/\/agenciainfra.com\/blog\/licenciamento-ministro-dos-transportes-diz-que-proposta-de-legislacao-adicional-esta-na-mesa\/\" \/>\n<meta property=\"og:locale\" content=\"pt_BR\" \/>\n<meta property=\"og:type\" content=\"article\" \/>\n<meta property=\"og:title\" content=\"Licenciamento: ministro dos Transportes diz que proposta de legisla\u00e7\u00e3o adicional est\u00e1 na mesa\" \/>\n<meta property=\"og:description\" content=\"Sheyla Santos, da Ag\u00eancia iNFRA O ministro dos Transportes, Renan Filho, afirmou nesta quarta-feira (30) que o presidente Luiz In\u00e1cio Lula da Silva vai \u201caprimorar\u201d o PL (projeto de lei) 2.159\/2021, que trata do licenciamento ambiental, podendo vetar partes do texto final aprovado no Congresso ou propor uma legisla\u00e7\u00e3o adicional para \u201cfechar lacunas\u201d. A tramita\u00e7\u00e3o [&hellip;]\" \/>\n<meta property=\"og:url\" content=\"https:\/\/agenciainfra.com\/blog\/licenciamento-ministro-dos-transportes-diz-que-proposta-de-legislacao-adicional-esta-na-mesa\/\" \/>\n<meta property=\"og:site_name\" content=\"Ag\u00eancia iNFRA\" \/>\n<meta property=\"article:publisher\" content=\"https:\/\/www.facebook.com\/ageninfra\" \/>\n<meta property=\"article:published_time\" content=\"2025-07-30T16:25:22+00:00\" \/>\n<meta property=\"article:modified_time\" content=\"2025-07-31T16:57:26+00:00\" \/>\n<meta property=\"og:image\" content=\"https:\/\/agenciainfra.com\/blog\/wp-content\/uploads\/2025\/07\/Captura-de-tela_30-7-2025_13246_www.youtube.com_.jpeg\" \/>\n\t<meta property=\"og:image:width\" content=\"683\" \/>\n\t<meta property=\"og:image:height\" content=\"453\" \/>\n\t<meta property=\"og:image:type\" content=\"image\/jpeg\" \/>\n<meta name=\"author\" content=\"Ag\u00eancia iNFRA\" \/>\n<meta name=\"twitter:card\" content=\"summary_large_image\" \/>\n<meta name=\"twitter:creator\" content=\"@agencia_infra\" \/>\n<meta name=\"twitter:site\" content=\"@agencia_infra\" \/>\n<meta name=\"twitter:label1\" content=\"Escrito por\" \/>\n\t<meta name=\"twitter:data1\" content=\"Ag\u00eancia iNFRA\" \/>\n\t<meta name=\"twitter:label2\" content=\"Est. tempo de leitura\" \/>\n\t<meta name=\"twitter:data2\" content=\"2 minutos\" \/>\n<script type=\"application\/ld+json\" class=\"yoast-schema-graph\">{\"@context\":\"https:\/\/schema.org\",\"@graph\":[{\"@type\":\"Article\",\"@id\":\"https:\/\/agenciainfra.com\/blog\/licenciamento-ministro-dos-transportes-diz-que-proposta-de-legislacao-adicional-esta-na-mesa\/#article\",\"isPartOf\":{\"@id\":\"https:\/\/agenciainfra.com\/blog\/licenciamento-ministro-dos-transportes-diz-que-proposta-de-legislacao-adicional-esta-na-mesa\/\"},\"author\":{\"name\":\"Ag\u00eancia iNFRA\",\"@id\":\"https:\/\/agenciainfra.com\/blog\/#\/schema\/person\/34af08dff6adea4cb22b06612ba7acfa\"},\"headline\":\"Licenciamento: ministro dos Transportes diz que proposta de legisla\u00e7\u00e3o adicional est\u00e1 na mesa\",\"datePublished\":\"2025-07-30T16:25:22+00:00\",\"dateModified\":\"2025-07-31T16:57:26+00:00\",\"mainEntityOfPage\":{\"@id\":\"https:\/\/agenciainfra.com\/blog\/licenciamento-ministro-dos-transportes-diz-que-proposta-de-legislacao-adicional-esta-na-mesa\/\"},\"wordCount\":506,\"publisher\":{\"@id\":\"https:\/\/agenciainfra.com\/blog\/#organization\"},\"image\":{\"@id\":\"https:\/\/agenciainfra.com\/blog\/licenciamento-ministro-dos-transportes-diz-que-proposta-de-legislacao-adicional-esta-na-mesa\/#primaryimage\"},\"thumbnailUrl\":\"https:\/\/agenciainfra.com\/blog\/wp-content\/uploads\/2025\/07\/Captura-de-tela_30-7-2025_13246_www.youtube.com_.jpeg\",\"keywords\":[\"hidrovia do rio tocantins\",\"Infraestrutura\",\"Licenciamento ambiental\",\"log\u00edstica\",\"minist\u00e9rio dos transportes\",\"Renan Filho\",\"Sheyla Santos\",\"Silvio Costa Filho\"],\"articleSection\":[\"Destaque lista\",\"Geral\",\"iNFRATransporte\"],\"inLanguage\":\"pt-BR\",\"copyrightYear\":\"2025\",\"copyrightHolder\":{\"@id\":\"https:\/\/agenciainfra.com\/blog\/#organization\"}},{\"@type\":\"WebPage\",\"@id\":\"https:\/\/agenciainfra.com\/blog\/licenciamento-ministro-dos-transportes-diz-que-proposta-de-legislacao-adicional-esta-na-mesa\/\",\"url\":\"https:\/\/agenciainfra.com\/blog\/licenciamento-ministro-dos-transportes-diz-que-proposta-de-legislacao-adicional-esta-na-mesa\/\",\"name\":\"Licenciamento: ministro dos Transportes diz que proposta de legisla\u00e7\u00e3o adicional est\u00e1 na mesa - Ag\u00eancia iNFRA\",\"isPartOf\":{\"@id\":\"https:\/\/agenciainfra.com\/blog\/#website\"},\"primaryImageOfPage\":{\"@id\":\"https:\/\/agenciainfra.com\/blog\/licenciamento-ministro-dos-transportes-diz-que-proposta-de-legislacao-adicional-esta-na-mesa\/#primaryimage\"},\"image\":{\"@id\":\"https:\/\/agenciainfra.com\/blog\/licenciamento-ministro-dos-transportes-diz-que-proposta-de-legislacao-adicional-esta-na-mesa\/#primaryimage\"},\"thumbnailUrl\":\"https:\/\/agenciainfra.com\/blog\/wp-content\/uploads\/2025\/07\/Captura-de-tela_30-7-2025_13246_www.youtube.com_.jpeg\",\"datePublished\":\"2025-07-30T16:25:22+00:00\",\"dateModified\":\"2025-07-31T16:57:26+00:00\",\"breadcrumb\":{\"@id\":\"https:\/\/agenciainfra.com\/blog\/licenciamento-ministro-dos-transportes-diz-que-proposta-de-legislacao-adicional-esta-na-mesa\/#breadcrumb\"},\"inLanguage\":\"pt-BR\",\"potentialAction\":[{\"@type\":\"ReadAction\",\"target\":[\"https:\/\/agenciainfra.com\/blog\/licenciamento-ministro-dos-transportes-diz-que-proposta-de-legislacao-adicional-esta-na-mesa\/\"]}]},{\"@type\":\"ImageObject\",\"inLanguage\":\"pt-BR\",\"@id\":\"https:\/\/agenciainfra.com\/blog\/licenciamento-ministro-dos-transportes-diz-que-proposta-de-legislacao-adicional-esta-na-mesa\/#primaryimage\",\"url\":\"https:\/\/agenciainfra.com\/blog\/wp-content\/uploads\/2025\/07\/Captura-de-tela_30-7-2025_13246_www.youtube.com_.jpeg\",\"contentUrl\":\"https:\/\/agenciainfra.com\/blog\/wp-content\/uploads\/2025\/07\/Captura-de-tela_30-7-2025_13246_www.youtube.com_.jpeg\",\"width\":683,\"height\":453,\"caption\":\"Foto: Divulga\u00e7\u00e3o\"},{\"@type\":\"BreadcrumbList\",\"@id\":\"https:\/\/agenciainfra.com\/blog\/licenciamento-ministro-dos-transportes-diz-que-proposta-de-legislacao-adicional-esta-na-mesa\/#breadcrumb\",\"itemListElement\":[{\"@type\":\"ListItem\",\"position\":1,\"name\":\"In\u00edcio\",\"item\":\"https:\/\/agenciainfra.com\/blog\/\"},{\"@type\":\"ListItem\",\"position\":2,\"name\":\"Licenciamento: ministro dos Transportes diz que proposta de legisla\u00e7\u00e3o adicional est\u00e1 na mesa\"}]},{\"@type\":\"WebSite\",\"@id\":\"https:\/\/agenciainfra.com\/blog\/#website\",\"url\":\"https:\/\/agenciainfra.com\/blog\/\",\"name\":\"Ag\u00eancia iNFRA\",\"description\":\"Multiplataforma de informa\u00e7\u00e3o jornal\u00edstica refer\u00eancia na \u00e1rea de infraestrutura no Brasil!\",\"publisher\":{\"@id\":\"https:\/\/agenciainfra.com\/blog\/#organization\"},\"potentialAction\":[{\"@type\":\"SearchAction\",\"target\":{\"@type\":\"EntryPoint\",\"urlTemplate\":\"https:\/\/agenciainfra.com\/blog\/?s={search_term_string}\"},\"query-input\":{\"@type\":\"PropertyValueSpecification\",\"valueRequired\":true,\"valueName\":\"search_term_string\"}}],\"inLanguage\":\"pt-BR\"},{\"@type\":\"Organization\",\"@id\":\"https:\/\/agenciainfra.com\/blog\/#organization\",\"name\":\"Ag\u00eancia iNFRA\",\"url\":\"https:\/\/agenciainfra.com\/blog\/\",\"logo\":{\"@type\":\"ImageObject\",\"inLanguage\":\"pt-BR\",\"@id\":\"https:\/\/agenciainfra.com\/blog\/#\/schema\/logo\/image\/\",\"url\":\"https:\/\/agenciainfra.com\/blog\/wp-content\/uploads\/2023\/09\/iNFRA_5-e1761735885940.png\",\"contentUrl\":\"https:\/\/agenciainfra.com\/blog\/wp-content\/uploads\/2023\/09\/iNFRA_5-e1761735885940.png\",\"width\":1672,\"height\":454,\"caption\":\"Ag\u00eancia iNFRA\"},\"image\":{\"@id\":\"https:\/\/agenciainfra.com\/blog\/#\/schema\/logo\/image\/\"},\"sameAs\":[\"https:\/\/www.facebook.com\/ageninfra\",\"https:\/\/x.com\/agencia_infra\",\"https:\/\/www.linkedin.com\/company\/ag\u00eanciainfra\/\",\"https:\/\/www.instagram.com\/agenciainfra\/\"]},{\"@type\":\"Person\",\"@id\":\"https:\/\/agenciainfra.com\/blog\/#\/schema\/person\/34af08dff6adea4cb22b06612ba7acfa\",\"name\":\"Ag\u00eancia iNFRA\",\"image\":{\"@type\":\"ImageObject\",\"inLanguage\":\"pt-BR\",\"@id\":\"https:\/\/agenciainfra.com\/blog\/#\/schema\/person\/image\/\",\"url\":\"https:\/\/secure.gravatar.com\/avatar\/d189e01678f06d8eb84d4e01f08eb848b3fffe3f8443818d3c356c66892f5be8?s=96&d=mm&r=g\",\"contentUrl\":\"https:\/\/secure.gravatar.com\/avatar\/d189e01678f06d8eb84d4e01f08eb848b3fffe3f8443818d3c356c66892f5be8?s=96&d=mm&r=g\",\"caption\":\"Ag\u00eancia iNFRA\"},\"url\":\"https:\/\/agenciainfra.com\/blog\/author\/admin\/\"}]}<\/script>\n<!-- \/ Yoast SEO Premium plugin. -->","yoast_head_json":{"title":"Licenciamento: ministro dos Transportes diz que proposta de legisla\u00e7\u00e3o adicional est\u00e1 na mesa - Ag\u00eancia iNFRA","robots":{"index":"index","follow":"follow","max-snippet":"max-snippet:-1","max-image-preview":"max-image-preview:large","max-video-preview":"max-video-preview:-1"},"canonical":"https:\/\/agenciainfra.com\/blog\/licenciamento-ministro-dos-transportes-diz-que-proposta-de-legislacao-adicional-esta-na-mesa\/","og_locale":"pt_BR","og_type":"article","og_title":"Licenciamento: ministro dos Transportes diz que proposta de legisla\u00e7\u00e3o adicional est\u00e1 na mesa","og_description":"Sheyla Santos, da Ag\u00eancia iNFRA O ministro dos Transportes, Renan Filho, afirmou nesta quarta-feira (30) que o presidente Luiz In\u00e1cio Lula da Silva vai \u201caprimorar\u201d o PL (projeto de lei) 2.159\/2021, que trata do licenciamento ambiental, podendo vetar partes do texto final aprovado no Congresso ou propor uma legisla\u00e7\u00e3o adicional para \u201cfechar lacunas\u201d. A tramita\u00e7\u00e3o [&hellip;]","og_url":"https:\/\/agenciainfra.com\/blog\/licenciamento-ministro-dos-transportes-diz-que-proposta-de-legislacao-adicional-esta-na-mesa\/","og_site_name":"Ag\u00eancia iNFRA","article_publisher":"https:\/\/www.facebook.com\/ageninfra","article_published_time":"2025-07-30T16:25:22+00:00","article_modified_time":"2025-07-31T16:57:26+00:00","og_image":[{"width":683,"height":453,"url":"https:\/\/agenciainfra.com\/blog\/wp-content\/uploads\/2025\/07\/Captura-de-tela_30-7-2025_13246_www.youtube.com_.jpeg","type":"image\/jpeg"}],"author":"Ag\u00eancia iNFRA","twitter_card":"summary_large_image","twitter_creator":"@agencia_infra","twitter_site":"@agencia_infra","twitter_misc":{"Escrito por":"Ag\u00eancia iNFRA","Est. tempo de leitura":"2 minutos"},"schema":{"@context":"https:\/\/schema.org","@graph":[{"@type":"Article","@id":"https:\/\/agenciainfra.com\/blog\/licenciamento-ministro-dos-transportes-diz-que-proposta-de-legislacao-adicional-esta-na-mesa\/#article","isPartOf":{"@id":"https:\/\/agenciainfra.com\/blog\/licenciamento-ministro-dos-transportes-diz-que-proposta-de-legislacao-adicional-esta-na-mesa\/"},"author":{"name":"Ag\u00eancia iNFRA","@id":"https:\/\/agenciainfra.com\/blog\/#\/schema\/person\/34af08dff6adea4cb22b06612ba7acfa"},"headline":"Licenciamento: ministro dos Transportes diz que proposta de legisla\u00e7\u00e3o adicional est\u00e1 na mesa","datePublished":"2025-07-30T16:25:22+00:00","dateModified":"2025-07-31T16:57:26+00:00","mainEntityOfPage":{"@id":"https:\/\/agenciainfra.com\/blog\/licenciamento-ministro-dos-transportes-diz-que-proposta-de-legislacao-adicional-esta-na-mesa\/"},"wordCount":506,"publisher":{"@id":"https:\/\/agenciainfra.com\/blog\/#organization"},"image":{"@id":"https:\/\/agenciainfra.com\/blog\/licenciamento-ministro-dos-transportes-diz-que-proposta-de-legislacao-adicional-esta-na-mesa\/#primaryimage"},"thumbnailUrl":"https:\/\/agenciainfra.com\/blog\/wp-content\/uploads\/2025\/07\/Captura-de-tela_30-7-2025_13246_www.youtube.com_.jpeg","keywords":["hidrovia do rio tocantins","Infraestrutura","Licenciamento ambiental","log\u00edstica","minist\u00e9rio dos transportes","Renan Filho","Sheyla Santos","Silvio Costa Filho"],"articleSection":["Destaque lista","Geral","iNFRATransporte"],"inLanguage":"pt-BR","copyrightYear":"2025","copyrightHolder":{"@id":"https:\/\/agenciainfra.com\/blog\/#organization"}},{"@type":"WebPage","@id":"https:\/\/agenciainfra.com\/blog\/licenciamento-ministro-dos-transportes-diz-que-proposta-de-legislacao-adicional-esta-na-mesa\/","url":"https:\/\/agenciainfra.com\/blog\/licenciamento-ministro-dos-transportes-diz-que-proposta-de-legislacao-adicional-esta-na-mesa\/","name":"Licenciamento: ministro dos Transportes diz que proposta de legisla\u00e7\u00e3o adicional est\u00e1 na mesa - Ag\u00eancia iNFRA","isPartOf":{"@id":"https:\/\/agenciainfra.com\/blog\/#website"},"primaryImageOfPage":{"@id":"https:\/\/agenciainfra.com\/blog\/licenciamento-ministro-dos-transportes-diz-que-proposta-de-legislacao-adicional-esta-na-mesa\/#primaryimage"},"image":{"@id":"https:\/\/agenciainfra.com\/blog\/licenciamento-ministro-dos-transportes-diz-que-proposta-de-legislacao-adicional-esta-na-mesa\/#primaryimage"},"thumbnailUrl":"https:\/\/agenciainfra.com\/blog\/wp-content\/uploads\/2025\/07\/Captura-de-tela_30-7-2025_13246_www.youtube.com_.jpeg","datePublished":"2025-07-30T16:25:22+00:00","dateModified":"2025-07-31T16:57:26+00:00","breadcrumb":{"@id":"https:\/\/agenciainfra.com\/blog\/licenciamento-ministro-dos-transportes-diz-que-proposta-de-legislacao-adicional-esta-na-mesa\/#breadcrumb"},"inLanguage":"pt-BR","potentialAction":[{"@type":"ReadAction","target":["https:\/\/agenciainfra.com\/blog\/licenciamento-ministro-dos-transportes-diz-que-proposta-de-legislacao-adicional-esta-na-mesa\/"]}]},{"@type":"ImageObject","inLanguage":"pt-BR","@id":"https:\/\/agenciainfra.com\/blog\/licenciamento-ministro-dos-transportes-diz-que-proposta-de-legislacao-adicional-esta-na-mesa\/#primaryimage","url":"https:\/\/agenciainfra.com\/blog\/wp-content\/uploads\/2025\/07\/Captura-de-tela_30-7-2025_13246_www.youtube.com_.jpeg","contentUrl":"https:\/\/agenciainfra.com\/blog\/wp-content\/uploads\/2025\/07\/Captura-de-tela_30-7-2025_13246_www.youtube.com_.jpeg","width":683,"height":453,"caption":"Foto: Divulga\u00e7\u00e3o"},{"@type":"BreadcrumbList","@id":"https:\/\/agenciainfra.com\/blog\/licenciamento-ministro-dos-transportes-diz-que-proposta-de-legislacao-adicional-esta-na-mesa\/#breadcrumb","itemListElement":[{"@type":"ListItem","position":1,"name":"In\u00edcio","item":"https:\/\/agenciainfra.com\/blog\/"},{"@type":"ListItem","position":2,"name":"Licenciamento: ministro dos Transportes diz que proposta de legisla\u00e7\u00e3o adicional est\u00e1 na mesa"}]},{"@type":"WebSite","@id":"https:\/\/agenciainfra.com\/blog\/#website","url":"https:\/\/agenciainfra.com\/blog\/","name":"Ag\u00eancia iNFRA","description":"Multiplataforma de informa\u00e7\u00e3o jornal\u00edstica refer\u00eancia na \u00e1rea de infraestrutura no Brasil!","publisher":{"@id":"https:\/\/agenciainfra.com\/blog\/#organization"},"potentialAction":[{"@type":"SearchAction","target":{"@type":"EntryPoint","urlTemplate":"https:\/\/agenciainfra.com\/blog\/?s={search_term_string}"},"query-input":{"@type":"PropertyValueSpecification","valueRequired":true,"valueName":"search_term_string"}}],"inLanguage":"pt-BR"},{"@type":"Organization","@id":"https:\/\/agenciainfra.com\/blog\/#organization","name":"Ag\u00eancia iNFRA","url":"https:\/\/agenciainfra.com\/blog\/","logo":{"@type":"ImageObject","inLanguage":"pt-BR","@id":"https:\/\/agenciainfra.com\/blog\/#\/schema\/logo\/image\/","url":"https:\/\/agenciainfra.com\/blog\/wp-content\/uploads\/2023\/09\/iNFRA_5-e1761735885940.png","contentUrl":"https:\/\/agenciainfra.com\/blog\/wp-content\/uploads\/2023\/09\/iNFRA_5-e1761735885940.png","width":1672,"height":454,"caption":"Ag\u00eancia iNFRA"},"image":{"@id":"https:\/\/agenciainfra.com\/blog\/#\/schema\/logo\/image\/"},"sameAs":["https:\/\/www.facebook.com\/ageninfra","https:\/\/x.com\/agencia_infra","https:\/\/www.linkedin.com\/company\/ag\u00eanciainfra\/","https:\/\/www.instagram.com\/agenciainfra\/"]},{"@type":"Person","@id":"https:\/\/agenciainfra.com\/blog\/#\/schema\/person\/34af08dff6adea4cb22b06612ba7acfa","name":"Ag\u00eancia iNFRA","image":{"@type":"ImageObject","inLanguage":"pt-BR","@id":"https:\/\/agenciainfra.com\/blog\/#\/schema\/person\/image\/","url":"https:\/\/secure.gravatar.com\/avatar\/d189e01678f06d8eb84d4e01f08eb848b3fffe3f8443818d3c356c66892f5be8?s=96&d=mm&r=g","contentUrl":"https:\/\/secure.gravatar.com\/avatar\/d189e01678f06d8eb84d4e01f08eb848b3fffe3f8443818d3c356c66892f5be8?s=96&d=mm&r=g","caption":"Ag\u00eancia iNFRA"},"url":"https:\/\/agenciainfra.com\/blog\/author\/admin\/"}]}},"_links":{"self":[{"href":"https:\/\/agenciainfra.com\/blog\/wp-json\/wp\/v2\/posts\/25550","targetHints":{"allow":["GET"]}}],"collection":[{"href":"https:\/\/agenciainfra.com\/blog\/wp-json\/wp\/v2\/posts"}],"about":[{"href":"https:\/\/agenciainfra.com\/blog\/wp-json\/wp\/v2\/types\/post"}],"author":[{"embeddable":true,"href":"https:\/\/agenciainfra.com\/blog\/wp-json\/wp\/v2\/users\/1"}],"replies":[{"embeddable":true,"href":"https:\/\/agenciainfra.com\/blog\/wp-json\/wp\/v2\/comments?post=25550"}],"version-history":[{"count":2,"href":"https:\/\/agenciainfra.com\/blog\/wp-json\/wp\/v2\/posts\/25550\/revisions"}],"predecessor-version":[{"id":25571,"href":"https:\/\/agenciainfra.com\/blog\/wp-json\/wp\/v2\/posts\/25550\/revisions\/25571"}],"wp:featuredmedia":[{"embeddable":true,"href":"https:\/\/agenciainfra.com\/blog\/wp-json\/wp\/v2\/media\/25553"}],"wp:attachment":[{"href":"https:\/\/agenciainfra.com\/blog\/wp-json\/wp\/v2\/media?parent=25550"}],"wp:term":[{"taxonomy":"category","embeddable":true,"href":"https:\/\/agenciainfra.com\/blog\/wp-json\/wp\/v2\/categories?post=25550"},{"taxonomy":"post_tag","embeddable":true,"href":"https:\/\/agenciainfra.com\/blog\/wp-json\/wp\/v2\/tags?post=25550"}],"curies":[{"name":"wp","href":"https:\/\/api.w.org\/{rel}","templated":true}]}}