{"id":25554,"date":"2025-07-30T13:41:42","date_gmt":"2025-07-30T16:41:42","guid":{"rendered":"https:\/\/agenciainfra.com\/blog\/?p=25554"},"modified":"2025-07-31T13:58:05","modified_gmt":"2025-07-31T16:58:05","slug":"governo-defende-saida-da-bamin-ou-negociacao-para-avanco-das-obras-diz-renan","status":"publish","type":"post","link":"https:\/\/agenciainfra.com\/blog\/governo-defende-saida-da-bamin-ou-negociacao-para-avanco-das-obras-diz-renan\/","title":{"rendered":"&#8220;Governo defende sa\u00edda da Bamin ou negocia\u00e7\u00e3o para avan\u00e7o das obras&#8221;, diz Renan"},"content":{"rendered":"\n<p class=\"has-text-align-right\"><strong>Sheyla Santos, da Ag\u00eancia iNFRA<\/strong><\/p>\n\n\n\n<p>O ministro dos Transportes, Renan Filho, afirmou nesta quarta-feira (30) que o governo federal defende que a Bamin saia da concess\u00e3o da Fiol 1 (Ferrovia de Integra\u00e7\u00e3o Oeste-Leste), trecho entre Ilh\u00e9us e Barreiras, na Bahia, ou que haja uma negocia\u00e7\u00e3o para que a obra no tra\u00e7ado possa avan\u00e7ar.<\/p>\n\n\n\n<p>\u201cEu espero que n\u00f3s tenhamos uma solu\u00e7\u00e3o. E com essa solu\u00e7\u00e3o dada, n\u00f3s esperamos fazer no ano de 2026 o leil\u00e3o de concess\u00e3o da Ferrovia Leste-Oeste\u201d, disse o ministro durante painel da s\u00e9rie de debates \u201cLog\u00edstica no Brasil\u201d, realizado na Fiesp (Federa\u00e7\u00e3o das Ind\u00fastrias do Estado de S\u00e3o Paulo).<\/p>\n\n\n\n<p>A concess\u00e3o da Fiol 1 foi licitada em 2021. A Bamin deveria entregar a ferrovia operacional at\u00e9 2026, mas executou um percentual abaixo do previsto no contrato at\u00e9 anunciar em mar\u00e7o a paralisa\u00e7\u00e3o das obras. Como&nbsp;<a href=\"https:\/\/agenciainfra.com\/blog\/com-pedido-oficial-de-reequilibrio-da-bamin-fiol-1-pode-ir-a-secexconsenso-do-tcu-dizem-fontes\/\" target=\"_blank\" rel=\"noreferrer noopener\">mostrou<\/a>&nbsp;a&nbsp;<strong>Ag\u00eancia iNFRA<\/strong>, a empresa&nbsp;apresentou uma proposta de reequil\u00edbrio contratual recentemente.<\/p>\n\n\n\n<p>Entre as solu\u00e7\u00f5es que j\u00e1 foram cogitadas para o contrato est\u00e3o uma negocia\u00e7\u00e3o na&nbsp;SecexConsenso, c\u00e2mara de solu\u00e7\u00e3o consensual do TCU (Tribunal de Contas da Uni\u00e3o), caducidade ou, ainda, uma troca assistida do controle acion\u00e1rio da SPE (Sociedade de Prop\u00f3sito Espec\u00edfico).<\/p>\n\n\n\n<p>No in\u00edcio de julho, o\u00a0Minist\u00e9rio dos Transportes <a href=\"https:\/\/www.in.gov.br\/en\/web\/dou\/-\/portaria-n-480-de-30-de-junho-de-2025-639286138\">publicou<\/a> uma portaria que institui um grupo de trabalho para avaliar, em 30 dias, juntamente com a ANTT (Ag\u00eancia Nacional de Transportes Terrestres) e a Infra S.A., a execu\u00e7\u00e3o da concess\u00e3o.\u00a0<\/p>\n\n\n\n<p>No evento desta quarta-feira, o ministro&nbsp;disse esperar que, a partir da solu\u00e7\u00e3o, o governo possa fazer em 2026 o leil\u00e3o de concess\u00e3o da ferrovia Leste-Oeste, como \u00e9 chamado o corredor Fico-Fiol. A Fiol 1, que n\u00e3o integra esse projeto, \u00e9 o trecho da ferrovia que se conecta ao porto, que tamb\u00e9m depende dos investimentos da Bamin.<\/p>\n\n\n\n<p><\/p>\n","protected":false},"excerpt":{"rendered":"<p>Sheyla Santos, da Ag\u00eancia iNFRA O ministro dos Transportes, Renan Filho, afirmou nesta quarta-feira (30) que o governo federal defende que a Bamin saia da concess\u00e3o da Fiol 1 (Ferrovia de Integra\u00e7\u00e3o Oeste-Leste), trecho entre Ilh\u00e9us e Barreiras, na Bahia, ou que haja uma negocia\u00e7\u00e3o para que a obra no tra\u00e7ado possa avan\u00e7ar. \u201cEu espero [&hellip;]<\/p>\n","protected":false},"author":1,"featured_media":23770,"comment_status":"closed","ping_status":"closed","sticky":false,"template":"","format":"standard","meta":{"_monsterinsights_skip_tracking":false,"_monsterinsights_sitenote_active":false,"_monsterinsights_sitenote_note":"","_monsterinsights_sitenote_category":0,"footnotes":""},"categories":[7250,1,7],"tags":[2904,12788,14647,12405,6248,8838],"class_list":["post-25554","post","type-post","status-publish","format-standard","has-post-thumbnail","hentry","category-destaque-lista","category-geral","category-infratransporte","tag-bamin","tag-concessao-da-fiol-1","tag-ferrovia-leste-oeste","tag-fiol-1","tag-renan-filho","tag-sheyla-santos"],"yoast_head":"<!-- This site is optimized with the Yoast SEO Premium plugin v25.4 (Yoast SEO v26.0) - https:\/\/yoast.com\/wordpress\/plugins\/seo\/ -->\n<title>&quot;Governo defende sa\u00edda da Bamin ou negocia\u00e7\u00e3o para avan\u00e7o das obras&quot;, diz Renan - Ag\u00eancia iNFRA<\/title>\n<meta name=\"robots\" content=\"index, follow, max-snippet:-1, max-image-preview:large, max-video-preview:-1\" \/>\n<link rel=\"canonical\" href=\"https:\/\/agenciainfra.com\/blog\/governo-defende-saida-da-bamin-ou-negociacao-para-avanco-das-obras-diz-renan\/\" \/>\n<meta property=\"og:locale\" content=\"pt_BR\" \/>\n<meta property=\"og:type\" content=\"article\" \/>\n<meta property=\"og:title\" content=\"&quot;Governo defende sa\u00edda da Bamin ou negocia\u00e7\u00e3o para avan\u00e7o das obras&quot;, diz Renan\" \/>\n<meta property=\"og:description\" content=\"Sheyla Santos, da Ag\u00eancia iNFRA O ministro dos Transportes, Renan Filho, afirmou nesta quarta-feira (30) que o governo federal defende que a Bamin saia da concess\u00e3o da Fiol 1 (Ferrovia de Integra\u00e7\u00e3o Oeste-Leste), trecho entre Ilh\u00e9us e Barreiras, na Bahia, ou que haja uma negocia\u00e7\u00e3o para que a obra no tra\u00e7ado possa avan\u00e7ar. \u201cEu espero [&hellip;]\" \/>\n<meta property=\"og:url\" content=\"https:\/\/agenciainfra.com\/blog\/governo-defende-saida-da-bamin-ou-negociacao-para-avanco-das-obras-diz-renan\/\" \/>\n<meta property=\"og:site_name\" content=\"Ag\u00eancia iNFRA\" \/>\n<meta property=\"article:publisher\" content=\"https:\/\/www.facebook.com\/ageninfra\" \/>\n<meta property=\"article:published_time\" content=\"2025-07-30T16:41:42+00:00\" \/>\n<meta property=\"article:modified_time\" content=\"2025-07-31T16:58:05+00:00\" \/>\n<meta property=\"og:image\" content=\"https:\/\/agenciainfra.com\/blog\/wp-content\/uploads\/2025\/06\/mineracao-foto-bamin-divulgacao-1.jpg\" \/>\n\t<meta property=\"og:image:width\" content=\"1280\" \/>\n\t<meta property=\"og:image:height\" content=\"669\" \/>\n\t<meta property=\"og:image:type\" content=\"image\/jpeg\" \/>\n<meta name=\"author\" content=\"Ag\u00eancia iNFRA\" \/>\n<meta name=\"twitter:card\" content=\"summary_large_image\" \/>\n<meta name=\"twitter:creator\" content=\"@agencia_infra\" \/>\n<meta name=\"twitter:site\" content=\"@agencia_infra\" \/>\n<meta name=\"twitter:label1\" content=\"Escrito por\" \/>\n\t<meta name=\"twitter:data1\" content=\"Ag\u00eancia iNFRA\" \/>\n\t<meta name=\"twitter:label2\" content=\"Est. tempo de leitura\" \/>\n\t<meta name=\"twitter:data2\" content=\"2 minutos\" \/>\n<script type=\"application\/ld+json\" class=\"yoast-schema-graph\">{\"@context\":\"https:\/\/schema.org\",\"@graph\":[{\"@type\":\"Article\",\"@id\":\"https:\/\/agenciainfra.com\/blog\/governo-defende-saida-da-bamin-ou-negociacao-para-avanco-das-obras-diz-renan\/#article\",\"isPartOf\":{\"@id\":\"https:\/\/agenciainfra.com\/blog\/governo-defende-saida-da-bamin-ou-negociacao-para-avanco-das-obras-diz-renan\/\"},\"author\":{\"name\":\"Ag\u00eancia iNFRA\",\"@id\":\"https:\/\/agenciainfra.com\/blog\/#\/schema\/person\/34af08dff6adea4cb22b06612ba7acfa\"},\"headline\":\"&#8220;Governo defende sa\u00edda da Bamin ou negocia\u00e7\u00e3o para avan\u00e7o das obras&#8221;, diz Renan\",\"datePublished\":\"2025-07-30T16:41:42+00:00\",\"dateModified\":\"2025-07-31T16:58:05+00:00\",\"mainEntityOfPage\":{\"@id\":\"https:\/\/agenciainfra.com\/blog\/governo-defende-saida-da-bamin-ou-negociacao-para-avanco-das-obras-diz-renan\/\"},\"wordCount\":342,\"publisher\":{\"@id\":\"https:\/\/agenciainfra.com\/blog\/#organization\"},\"image\":{\"@id\":\"https:\/\/agenciainfra.com\/blog\/governo-defende-saida-da-bamin-ou-negociacao-para-avanco-das-obras-diz-renan\/#primaryimage\"},\"thumbnailUrl\":\"https:\/\/agenciainfra.com\/blog\/wp-content\/uploads\/2025\/06\/mineracao-foto-bamin-divulgacao-1.jpg\",\"keywords\":[\"Bamin\",\"concess\u00e3o da Fiol 1\",\"Ferrovia Leste-Oeste\",\"Fiol 1\",\"Renan Filho\",\"Sheyla Santos\"],\"articleSection\":[\"Destaque lista\",\"Geral\",\"iNFRATransporte\"],\"inLanguage\":\"pt-BR\",\"copyrightYear\":\"2025\",\"copyrightHolder\":{\"@id\":\"https:\/\/agenciainfra.com\/blog\/#organization\"}},{\"@type\":\"WebPage\",\"@id\":\"https:\/\/agenciainfra.com\/blog\/governo-defende-saida-da-bamin-ou-negociacao-para-avanco-das-obras-diz-renan\/\",\"url\":\"https:\/\/agenciainfra.com\/blog\/governo-defende-saida-da-bamin-ou-negociacao-para-avanco-das-obras-diz-renan\/\",\"name\":\"\\\"Governo defende sa\u00edda da Bamin ou negocia\u00e7\u00e3o para avan\u00e7o das obras\\\", diz Renan - Ag\u00eancia iNFRA\",\"isPartOf\":{\"@id\":\"https:\/\/agenciainfra.com\/blog\/#website\"},\"primaryImageOfPage\":{\"@id\":\"https:\/\/agenciainfra.com\/blog\/governo-defende-saida-da-bamin-ou-negociacao-para-avanco-das-obras-diz-renan\/#primaryimage\"},\"image\":{\"@id\":\"https:\/\/agenciainfra.com\/blog\/governo-defende-saida-da-bamin-ou-negociacao-para-avanco-das-obras-diz-renan\/#primaryimage\"},\"thumbnailUrl\":\"https:\/\/agenciainfra.com\/blog\/wp-content\/uploads\/2025\/06\/mineracao-foto-bamin-divulgacao-1.jpg\",\"datePublished\":\"2025-07-30T16:41:42+00:00\",\"dateModified\":\"2025-07-31T16:58:05+00:00\",\"breadcrumb\":{\"@id\":\"https:\/\/agenciainfra.com\/blog\/governo-defende-saida-da-bamin-ou-negociacao-para-avanco-das-obras-diz-renan\/#breadcrumb\"},\"inLanguage\":\"pt-BR\",\"potentialAction\":[{\"@type\":\"ReadAction\",\"target\":[\"https:\/\/agenciainfra.com\/blog\/governo-defende-saida-da-bamin-ou-negociacao-para-avanco-das-obras-diz-renan\/\"]}]},{\"@type\":\"ImageObject\",\"inLanguage\":\"pt-BR\",\"@id\":\"https:\/\/agenciainfra.com\/blog\/governo-defende-saida-da-bamin-ou-negociacao-para-avanco-das-obras-diz-renan\/#primaryimage\",\"url\":\"https:\/\/agenciainfra.com\/blog\/wp-content\/uploads\/2025\/06\/mineracao-foto-bamin-divulgacao-1.jpg\",\"contentUrl\":\"https:\/\/agenciainfra.com\/blog\/wp-content\/uploads\/2025\/06\/mineracao-foto-bamin-divulgacao-1.jpg\",\"width\":1280,\"height\":669,\"caption\":\"Foto: Bamin\"},{\"@type\":\"BreadcrumbList\",\"@id\":\"https:\/\/agenciainfra.com\/blog\/governo-defende-saida-da-bamin-ou-negociacao-para-avanco-das-obras-diz-renan\/#breadcrumb\",\"itemListElement\":[{\"@type\":\"ListItem\",\"position\":1,\"name\":\"In\u00edcio\",\"item\":\"https:\/\/agenciainfra.com\/blog\/\"},{\"@type\":\"ListItem\",\"position\":2,\"name\":\"&#8220;Governo defende sa\u00edda da Bamin ou negocia\u00e7\u00e3o para avan\u00e7o das obras&#8221;, diz Renan\"}]},{\"@type\":\"WebSite\",\"@id\":\"https:\/\/agenciainfra.com\/blog\/#website\",\"url\":\"https:\/\/agenciainfra.com\/blog\/\",\"name\":\"Ag\u00eancia iNFRA\",\"description\":\"Multiplataforma de informa\u00e7\u00e3o jornal\u00edstica refer\u00eancia na \u00e1rea de infraestrutura no Brasil!\",\"publisher\":{\"@id\":\"https:\/\/agenciainfra.com\/blog\/#organization\"},\"potentialAction\":[{\"@type\":\"SearchAction\",\"target\":{\"@type\":\"EntryPoint\",\"urlTemplate\":\"https:\/\/agenciainfra.com\/blog\/?s={search_term_string}\"},\"query-input\":{\"@type\":\"PropertyValueSpecification\",\"valueRequired\":true,\"valueName\":\"search_term_string\"}}],\"inLanguage\":\"pt-BR\"},{\"@type\":\"Organization\",\"@id\":\"https:\/\/agenciainfra.com\/blog\/#organization\",\"name\":\"Ag\u00eancia iNFRA\",\"url\":\"https:\/\/agenciainfra.com\/blog\/\",\"logo\":{\"@type\":\"ImageObject\",\"inLanguage\":\"pt-BR\",\"@id\":\"https:\/\/agenciainfra.com\/blog\/#\/schema\/logo\/image\/\",\"url\":\"https:\/\/agenciainfra.com\/blog\/wp-content\/uploads\/2023\/09\/iNFRA_5-e1761735885940.png\",\"contentUrl\":\"https:\/\/agenciainfra.com\/blog\/wp-content\/uploads\/2023\/09\/iNFRA_5-e1761735885940.png\",\"width\":1672,\"height\":454,\"caption\":\"Ag\u00eancia iNFRA\"},\"image\":{\"@id\":\"https:\/\/agenciainfra.com\/blog\/#\/schema\/logo\/image\/\"},\"sameAs\":[\"https:\/\/www.facebook.com\/ageninfra\",\"https:\/\/x.com\/agencia_infra\",\"https:\/\/www.linkedin.com\/company\/ag\u00eanciainfra\/\",\"https:\/\/www.instagram.com\/agenciainfra\/\"]},{\"@type\":\"Person\",\"@id\":\"https:\/\/agenciainfra.com\/blog\/#\/schema\/person\/34af08dff6adea4cb22b06612ba7acfa\",\"name\":\"Ag\u00eancia iNFRA\",\"image\":{\"@type\":\"ImageObject\",\"inLanguage\":\"pt-BR\",\"@id\":\"https:\/\/agenciainfra.com\/blog\/#\/schema\/person\/image\/\",\"url\":\"https:\/\/secure.gravatar.com\/avatar\/d189e01678f06d8eb84d4e01f08eb848b3fffe3f8443818d3c356c66892f5be8?s=96&d=mm&r=g\",\"contentUrl\":\"https:\/\/secure.gravatar.com\/avatar\/d189e01678f06d8eb84d4e01f08eb848b3fffe3f8443818d3c356c66892f5be8?s=96&d=mm&r=g\",\"caption\":\"Ag\u00eancia iNFRA\"},\"url\":\"https:\/\/agenciainfra.com\/blog\/author\/admin\/\"}]}<\/script>\n<!-- \/ Yoast SEO Premium plugin. -->","yoast_head_json":{"title":"\"Governo defende sa\u00edda da Bamin ou negocia\u00e7\u00e3o para avan\u00e7o das obras\", diz Renan - Ag\u00eancia iNFRA","robots":{"index":"index","follow":"follow","max-snippet":"max-snippet:-1","max-image-preview":"max-image-preview:large","max-video-preview":"max-video-preview:-1"},"canonical":"https:\/\/agenciainfra.com\/blog\/governo-defende-saida-da-bamin-ou-negociacao-para-avanco-das-obras-diz-renan\/","og_locale":"pt_BR","og_type":"article","og_title":"\"Governo defende sa\u00edda da Bamin ou negocia\u00e7\u00e3o para avan\u00e7o das obras\", diz Renan","og_description":"Sheyla Santos, da Ag\u00eancia iNFRA O ministro dos Transportes, Renan Filho, afirmou nesta quarta-feira (30) que o governo federal defende que a Bamin saia da concess\u00e3o da Fiol 1 (Ferrovia de Integra\u00e7\u00e3o Oeste-Leste), trecho entre Ilh\u00e9us e Barreiras, na Bahia, ou que haja uma negocia\u00e7\u00e3o para que a obra no tra\u00e7ado possa avan\u00e7ar. \u201cEu espero [&hellip;]","og_url":"https:\/\/agenciainfra.com\/blog\/governo-defende-saida-da-bamin-ou-negociacao-para-avanco-das-obras-diz-renan\/","og_site_name":"Ag\u00eancia iNFRA","article_publisher":"https:\/\/www.facebook.com\/ageninfra","article_published_time":"2025-07-30T16:41:42+00:00","article_modified_time":"2025-07-31T16:58:05+00:00","og_image":[{"width":1280,"height":669,"url":"https:\/\/agenciainfra.com\/blog\/wp-content\/uploads\/2025\/06\/mineracao-foto-bamin-divulgacao-1.jpg","type":"image\/jpeg"}],"author":"Ag\u00eancia iNFRA","twitter_card":"summary_large_image","twitter_creator":"@agencia_infra","twitter_site":"@agencia_infra","twitter_misc":{"Escrito por":"Ag\u00eancia iNFRA","Est. tempo de leitura":"2 minutos"},"schema":{"@context":"https:\/\/schema.org","@graph":[{"@type":"Article","@id":"https:\/\/agenciainfra.com\/blog\/governo-defende-saida-da-bamin-ou-negociacao-para-avanco-das-obras-diz-renan\/#article","isPartOf":{"@id":"https:\/\/agenciainfra.com\/blog\/governo-defende-saida-da-bamin-ou-negociacao-para-avanco-das-obras-diz-renan\/"},"author":{"name":"Ag\u00eancia iNFRA","@id":"https:\/\/agenciainfra.com\/blog\/#\/schema\/person\/34af08dff6adea4cb22b06612ba7acfa"},"headline":"&#8220;Governo defende sa\u00edda da Bamin ou negocia\u00e7\u00e3o para avan\u00e7o das obras&#8221;, diz Renan","datePublished":"2025-07-30T16:41:42+00:00","dateModified":"2025-07-31T16:58:05+00:00","mainEntityOfPage":{"@id":"https:\/\/agenciainfra.com\/blog\/governo-defende-saida-da-bamin-ou-negociacao-para-avanco-das-obras-diz-renan\/"},"wordCount":342,"publisher":{"@id":"https:\/\/agenciainfra.com\/blog\/#organization"},"image":{"@id":"https:\/\/agenciainfra.com\/blog\/governo-defende-saida-da-bamin-ou-negociacao-para-avanco-das-obras-diz-renan\/#primaryimage"},"thumbnailUrl":"https:\/\/agenciainfra.com\/blog\/wp-content\/uploads\/2025\/06\/mineracao-foto-bamin-divulgacao-1.jpg","keywords":["Bamin","concess\u00e3o da Fiol 1","Ferrovia Leste-Oeste","Fiol 1","Renan Filho","Sheyla Santos"],"articleSection":["Destaque lista","Geral","iNFRATransporte"],"inLanguage":"pt-BR","copyrightYear":"2025","copyrightHolder":{"@id":"https:\/\/agenciainfra.com\/blog\/#organization"}},{"@type":"WebPage","@id":"https:\/\/agenciainfra.com\/blog\/governo-defende-saida-da-bamin-ou-negociacao-para-avanco-das-obras-diz-renan\/","url":"https:\/\/agenciainfra.com\/blog\/governo-defende-saida-da-bamin-ou-negociacao-para-avanco-das-obras-diz-renan\/","name":"\"Governo defende sa\u00edda da Bamin ou negocia\u00e7\u00e3o para avan\u00e7o das obras\", diz Renan - Ag\u00eancia iNFRA","isPartOf":{"@id":"https:\/\/agenciainfra.com\/blog\/#website"},"primaryImageOfPage":{"@id":"https:\/\/agenciainfra.com\/blog\/governo-defende-saida-da-bamin-ou-negociacao-para-avanco-das-obras-diz-renan\/#primaryimage"},"image":{"@id":"https:\/\/agenciainfra.com\/blog\/governo-defende-saida-da-bamin-ou-negociacao-para-avanco-das-obras-diz-renan\/#primaryimage"},"thumbnailUrl":"https:\/\/agenciainfra.com\/blog\/wp-content\/uploads\/2025\/06\/mineracao-foto-bamin-divulgacao-1.jpg","datePublished":"2025-07-30T16:41:42+00:00","dateModified":"2025-07-31T16:58:05+00:00","breadcrumb":{"@id":"https:\/\/agenciainfra.com\/blog\/governo-defende-saida-da-bamin-ou-negociacao-para-avanco-das-obras-diz-renan\/#breadcrumb"},"inLanguage":"pt-BR","potentialAction":[{"@type":"ReadAction","target":["https:\/\/agenciainfra.com\/blog\/governo-defende-saida-da-bamin-ou-negociacao-para-avanco-das-obras-diz-renan\/"]}]},{"@type":"ImageObject","inLanguage":"pt-BR","@id":"https:\/\/agenciainfra.com\/blog\/governo-defende-saida-da-bamin-ou-negociacao-para-avanco-das-obras-diz-renan\/#primaryimage","url":"https:\/\/agenciainfra.com\/blog\/wp-content\/uploads\/2025\/06\/mineracao-foto-bamin-divulgacao-1.jpg","contentUrl":"https:\/\/agenciainfra.com\/blog\/wp-content\/uploads\/2025\/06\/mineracao-foto-bamin-divulgacao-1.jpg","width":1280,"height":669,"caption":"Foto: Bamin"},{"@type":"BreadcrumbList","@id":"https:\/\/agenciainfra.com\/blog\/governo-defende-saida-da-bamin-ou-negociacao-para-avanco-das-obras-diz-renan\/#breadcrumb","itemListElement":[{"@type":"ListItem","position":1,"name":"In\u00edcio","item":"https:\/\/agenciainfra.com\/blog\/"},{"@type":"ListItem","position":2,"name":"&#8220;Governo defende sa\u00edda da Bamin ou negocia\u00e7\u00e3o para avan\u00e7o das obras&#8221;, diz Renan"}]},{"@type":"WebSite","@id":"https:\/\/agenciainfra.com\/blog\/#website","url":"https:\/\/agenciainfra.com\/blog\/","name":"Ag\u00eancia iNFRA","description":"Multiplataforma de informa\u00e7\u00e3o jornal\u00edstica refer\u00eancia na \u00e1rea de infraestrutura no Brasil!","publisher":{"@id":"https:\/\/agenciainfra.com\/blog\/#organization"},"potentialAction":[{"@type":"SearchAction","target":{"@type":"EntryPoint","urlTemplate":"https:\/\/agenciainfra.com\/blog\/?s={search_term_string}"},"query-input":{"@type":"PropertyValueSpecification","valueRequired":true,"valueName":"search_term_string"}}],"inLanguage":"pt-BR"},{"@type":"Organization","@id":"https:\/\/agenciainfra.com\/blog\/#organization","name":"Ag\u00eancia iNFRA","url":"https:\/\/agenciainfra.com\/blog\/","logo":{"@type":"ImageObject","inLanguage":"pt-BR","@id":"https:\/\/agenciainfra.com\/blog\/#\/schema\/logo\/image\/","url":"https:\/\/agenciainfra.com\/blog\/wp-content\/uploads\/2023\/09\/iNFRA_5-e1761735885940.png","contentUrl":"https:\/\/agenciainfra.com\/blog\/wp-content\/uploads\/2023\/09\/iNFRA_5-e1761735885940.png","width":1672,"height":454,"caption":"Ag\u00eancia iNFRA"},"image":{"@id":"https:\/\/agenciainfra.com\/blog\/#\/schema\/logo\/image\/"},"sameAs":["https:\/\/www.facebook.com\/ageninfra","https:\/\/x.com\/agencia_infra","https:\/\/www.linkedin.com\/company\/ag\u00eanciainfra\/","https:\/\/www.instagram.com\/agenciainfra\/"]},{"@type":"Person","@id":"https:\/\/agenciainfra.com\/blog\/#\/schema\/person\/34af08dff6adea4cb22b06612ba7acfa","name":"Ag\u00eancia iNFRA","image":{"@type":"ImageObject","inLanguage":"pt-BR","@id":"https:\/\/agenciainfra.com\/blog\/#\/schema\/person\/image\/","url":"https:\/\/secure.gravatar.com\/avatar\/d189e01678f06d8eb84d4e01f08eb848b3fffe3f8443818d3c356c66892f5be8?s=96&d=mm&r=g","contentUrl":"https:\/\/secure.gravatar.com\/avatar\/d189e01678f06d8eb84d4e01f08eb848b3fffe3f8443818d3c356c66892f5be8?s=96&d=mm&r=g","caption":"Ag\u00eancia iNFRA"},"url":"https:\/\/agenciainfra.com\/blog\/author\/admin\/"}]}},"_links":{"self":[{"href":"https:\/\/agenciainfra.com\/blog\/wp-json\/wp\/v2\/posts\/25554","targetHints":{"allow":["GET"]}}],"collection":[{"href":"https:\/\/agenciainfra.com\/blog\/wp-json\/wp\/v2\/posts"}],"about":[{"href":"https:\/\/agenciainfra.com\/blog\/wp-json\/wp\/v2\/types\/post"}],"author":[{"embeddable":true,"href":"https:\/\/agenciainfra.com\/blog\/wp-json\/wp\/v2\/users\/1"}],"replies":[{"embeddable":true,"href":"https:\/\/agenciainfra.com\/blog\/wp-json\/wp\/v2\/comments?post=25554"}],"version-history":[{"count":3,"href":"https:\/\/agenciainfra.com\/blog\/wp-json\/wp\/v2\/posts\/25554\/revisions"}],"predecessor-version":[{"id":25595,"href":"https:\/\/agenciainfra.com\/blog\/wp-json\/wp\/v2\/posts\/25554\/revisions\/25595"}],"wp:featuredmedia":[{"embeddable":true,"href":"https:\/\/agenciainfra.com\/blog\/wp-json\/wp\/v2\/media\/23770"}],"wp:attachment":[{"href":"https:\/\/agenciainfra.com\/blog\/wp-json\/wp\/v2\/media?parent=25554"}],"wp:term":[{"taxonomy":"category","embeddable":true,"href":"https:\/\/agenciainfra.com\/blog\/wp-json\/wp\/v2\/categories?post=25554"},{"taxonomy":"post_tag","embeddable":true,"href":"https:\/\/agenciainfra.com\/blog\/wp-json\/wp\/v2\/tags?post=25554"}],"curies":[{"name":"wp","href":"https:\/\/api.w.org\/{rel}","templated":true}]}}