{"id":25575,"date":"2025-07-30T19:53:45","date_gmt":"2025-07-30T22:53:45","guid":{"rendered":"https:\/\/agenciainfra.com\/blog\/?p=25575"},"modified":"2025-07-30T19:53:47","modified_gmt":"2025-07-30T22:53:47","slug":"antaq-divulga-resultados-da-pesquisa-de-fortalecimento-da-relacao-porto-cidade","status":"publish","type":"post","link":"https:\/\/agenciainfra.com\/blog\/antaq-divulga-resultados-da-pesquisa-de-fortalecimento-da-relacao-porto-cidade\/","title":{"rendered":"ANTAQ divulga resultados da pesquisa de fortalecimento da rela\u00e7\u00e3o porto-cidade"},"content":{"rendered":"\n<p class=\"has-text-align-right\"><strong>da Ag\u00eancia iNFRA<\/strong><\/p>\n\n\n\n<p>A ANTAQ (Ag\u00eancia Nacional de Transportes Aquavi\u00e1rios) divulgou nesta quarta-feira (30) a Pesquisa de Fortalecimento da Rela\u00e7\u00e3o Porto-Cidade para a Promo\u00e7\u00e3o da Resili\u00eancia Clim\u00e1tica e Sustentabilidade. Os <a href=\"https:\/\/www.gov.br\/antaq\/pt-br\/noticias\/2025\/pesquisa-de-fortalecimento-da-relacao-porto-cidade-para-a-promocao-da-resiliencia-climatica-e-sustentabilidade-e-divulgada\">resultados<\/a> apontam que h\u00e1 diversas iniciativas em andamento nos portos nacionais, tanto alinhadas quanto independentes \u00e0 Agenda 2030.<\/p>\n\n\n\n<p>Entre os principais resultados, o estudo indicou que temas como mobilidade urbana e preserva\u00e7\u00e3o do patrim\u00f4nio nas \u00e1reas portu\u00e1rias j\u00e1 fazem parte do planejamento dos portos. Embora o tema das mudan\u00e7as clim\u00e1ticas seja mais recente, os dados demonstram uma postura cada vez mais ativa por parte das administra\u00e7\u00f5es portu\u00e1rias. Por outro lado, o diagn\u00f3stico tamb\u00e9m revela pontos de aten\u00e7\u00e3o, como justi\u00e7a clim\u00e1tica, moradia para comunidades vulner\u00e1veis pr\u00f3ximas aos portos e o estabelecimento de metas mais claras para cumprir a Agenda 2030.<\/p>\n\n\n\n<p>No primeiro bloco da pesquisa, intitulado \u201cMaturidade dos Portos Organizados frente \u00e0 Agenda 2030\u201d, 89,47% dos portos afirmaram ter identificado os ODS (Objetivos de Desenvolvimento Sustent\u00e1vel) mais relevantes para suas opera\u00e7\u00f5es, e 57,9% j\u00e1 estabeleceram metas relacionadas a esses objetivos. Os ODS mais citados pelas autoridades portu\u00e1rias foram: ODS 14 (Vida na \u00e1gua), ODS 11 (Cidades e comunidades sustent\u00e1veis) e ODS 13 (A\u00e7\u00e3o contra a mudan\u00e7a global do clima).<\/p>\n\n\n\n<p>O segundo bloco analisou especificamente os avan\u00e7os em tr\u00eas ODS: 11, 13 e 17 (Cidades e comunidades sustent\u00e1veis; a\u00e7\u00e3o contra a mudan\u00e7a global do clima; e parcerias e meios de implementa\u00e7\u00e3o, respectivamente), escolhidos com base em sua relev\u00e2ncia para a rela\u00e7\u00e3o porto-cidade, a partir da experi\u00eancia do projeto-piloto realizado em 2024 na cidade portu\u00e1ria de Santos.\u00a0<\/p>\n\n\n\n<p>Os dados mostraram que 79% dos portos implementam a\u00e7\u00f5es para integrar o tr\u00e1fego de ve\u00edculos de carga ao fluxo urbano, outros 79% promovem a preserva\u00e7\u00e3o do patrim\u00f4nio natural ou hist\u00f3rico ligado ao porto, e 74% indicaram que suas \u00e1reas de influ\u00eancia n\u00e3o apresentam vulnerabilidade significativa a desastres naturais.<\/p>\n\n\n\n<p><strong>Recomenda\u00e7\u00f5es<\/strong><br>Diante desse panorama, a ANTAQ apresentou seis recomenda\u00e7\u00f5es principais aos portos p\u00fablicos. S\u00e3o elas: fortalecer a governan\u00e7a comunit\u00e1ria portu\u00e1ria; investir em capacita\u00e7\u00e3o com foco em ODS, ESG e mudan\u00e7a do clima; fomentar o engajamento dos diversos p\u00fablicos; integrar temas de resili\u00eancia e sustentabilidade ao planejamento urbano; implementar sistemas de monitoramento com indicadores de desempenho; e estabelecer parcerias estrat\u00e9gicas voltadas \u00e0 resili\u00eancia clim\u00e1tica.<\/p>\n\n\n\n<p><\/p>\n","protected":false},"excerpt":{"rendered":"<p>da Ag\u00eancia iNFRA A ANTAQ (Ag\u00eancia Nacional de Transportes Aquavi\u00e1rios) divulgou nesta quarta-feira (30) a Pesquisa de Fortalecimento da Rela\u00e7\u00e3o Porto-Cidade para a Promo\u00e7\u00e3o da Resili\u00eancia Clim\u00e1tica e Sustentabilidade. Os resultados apontam que h\u00e1 diversas iniciativas em andamento nos portos nacionais, tanto alinhadas quanto independentes \u00e0 Agenda 2030. Entre os principais resultados, o estudo indicou [&hellip;]<\/p>\n","protected":false},"author":1,"featured_media":25576,"comment_status":"closed","ping_status":"closed","sticky":false,"template":"","format":"standard","meta":{"_monsterinsights_skip_tracking":false,"_monsterinsights_sitenote_active":false,"_monsterinsights_sitenote_note":"","_monsterinsights_sitenote_category":0,"footnotes":""},"categories":[1,13576],"tags":[9319,86,1726,9321,14653,310,10312,1573,816],"class_list":["post-25575","post","type-post","status-publish","format-standard","has-post-thumbnail","hentry","category-geral","category-giro-infra","tag-agenda-2030","tag-antaq","tag-infraestrutura-portuaria","tag-ods","tag-porto-cidade","tag-portos","tag-resiliencia-climatica","tag-sustentabilidade","tag-transporte-aquaviario"],"yoast_head":"<!-- This site is optimized with the Yoast SEO Premium plugin v25.4 (Yoast SEO v26.0) - https:\/\/yoast.com\/wordpress\/plugins\/seo\/ -->\n<title>ANTAQ divulga resultados da pesquisa de fortalecimento da rela\u00e7\u00e3o porto-cidade - Ag\u00eancia iNFRA<\/title>\n<meta name=\"robots\" content=\"index, follow, max-snippet:-1, max-image-preview:large, max-video-preview:-1\" \/>\n<link rel=\"canonical\" href=\"https:\/\/agenciainfra.com\/blog\/antaq-divulga-resultados-da-pesquisa-de-fortalecimento-da-relacao-porto-cidade\/\" \/>\n<meta property=\"og:locale\" content=\"pt_BR\" \/>\n<meta property=\"og:type\" content=\"article\" \/>\n<meta property=\"og:title\" content=\"ANTAQ divulga resultados da pesquisa de fortalecimento da rela\u00e7\u00e3o porto-cidade\" \/>\n<meta property=\"og:description\" content=\"da Ag\u00eancia iNFRA A ANTAQ (Ag\u00eancia Nacional de Transportes Aquavi\u00e1rios) divulgou nesta quarta-feira (30) a Pesquisa de Fortalecimento da Rela\u00e7\u00e3o Porto-Cidade para a Promo\u00e7\u00e3o da Resili\u00eancia Clim\u00e1tica e Sustentabilidade. Os resultados apontam que h\u00e1 diversas iniciativas em andamento nos portos nacionais, tanto alinhadas quanto independentes \u00e0 Agenda 2030. Entre os principais resultados, o estudo indicou [&hellip;]\" \/>\n<meta property=\"og:url\" content=\"https:\/\/agenciainfra.com\/blog\/antaq-divulga-resultados-da-pesquisa-de-fortalecimento-da-relacao-porto-cidade\/\" \/>\n<meta property=\"og:site_name\" content=\"Ag\u00eancia iNFRA\" \/>\n<meta property=\"article:publisher\" content=\"https:\/\/www.facebook.com\/ageninfra\" \/>\n<meta property=\"article:published_time\" content=\"2025-07-30T22:53:45+00:00\" \/>\n<meta property=\"article:modified_time\" content=\"2025-07-30T22:53:47+00:00\" \/>\n<meta property=\"og:image\" content=\"https:\/\/agenciainfra.com\/blog\/wp-content\/uploads\/2025\/07\/foto-antaq-1.png\" \/>\n\t<meta property=\"og:image:width\" content=\"768\" \/>\n\t<meta property=\"og:image:height\" content=\"432\" \/>\n\t<meta property=\"og:image:type\" content=\"image\/png\" \/>\n<meta name=\"author\" content=\"Ag\u00eancia iNFRA\" \/>\n<meta name=\"twitter:card\" content=\"summary_large_image\" \/>\n<meta name=\"twitter:creator\" content=\"@agencia_infra\" \/>\n<meta name=\"twitter:site\" content=\"@agencia_infra\" \/>\n<meta name=\"twitter:label1\" content=\"Escrito por\" \/>\n\t<meta name=\"twitter:data1\" content=\"Ag\u00eancia iNFRA\" \/>\n\t<meta name=\"twitter:label2\" content=\"Est. tempo de leitura\" \/>\n\t<meta name=\"twitter:data2\" content=\"2 minutos\" \/>\n<script type=\"application\/ld+json\" class=\"yoast-schema-graph\">{\"@context\":\"https:\/\/schema.org\",\"@graph\":[{\"@type\":\"Article\",\"@id\":\"https:\/\/agenciainfra.com\/blog\/antaq-divulga-resultados-da-pesquisa-de-fortalecimento-da-relacao-porto-cidade\/#article\",\"isPartOf\":{\"@id\":\"https:\/\/agenciainfra.com\/blog\/antaq-divulga-resultados-da-pesquisa-de-fortalecimento-da-relacao-porto-cidade\/\"},\"author\":{\"name\":\"Ag\u00eancia iNFRA\",\"@id\":\"https:\/\/agenciainfra.com\/blog\/#\/schema\/person\/34af08dff6adea4cb22b06612ba7acfa\"},\"headline\":\"ANTAQ divulga resultados da pesquisa de fortalecimento da rela\u00e7\u00e3o porto-cidade\",\"datePublished\":\"2025-07-30T22:53:45+00:00\",\"dateModified\":\"2025-07-30T22:53:47+00:00\",\"mainEntityOfPage\":{\"@id\":\"https:\/\/agenciainfra.com\/blog\/antaq-divulga-resultados-da-pesquisa-de-fortalecimento-da-relacao-porto-cidade\/\"},\"wordCount\":416,\"publisher\":{\"@id\":\"https:\/\/agenciainfra.com\/blog\/#organization\"},\"image\":{\"@id\":\"https:\/\/agenciainfra.com\/blog\/antaq-divulga-resultados-da-pesquisa-de-fortalecimento-da-relacao-porto-cidade\/#primaryimage\"},\"thumbnailUrl\":\"https:\/\/agenciainfra.com\/blog\/wp-content\/uploads\/2025\/07\/foto-antaq-1.png\",\"keywords\":[\"Agenda 2030\",\"ANTAQ\",\"infraestrutura portu\u00e1ria\",\"ODS\",\"porto-cidade\",\"portos\",\"resili\u00eancia clim\u00e1tica\",\"sustentabilidade\",\"transporte aquavi\u00e1rio\"],\"articleSection\":[\"Geral\",\"Giro iNFRA\"],\"inLanguage\":\"pt-BR\",\"copyrightYear\":\"2025\",\"copyrightHolder\":{\"@id\":\"https:\/\/agenciainfra.com\/blog\/#organization\"}},{\"@type\":\"WebPage\",\"@id\":\"https:\/\/agenciainfra.com\/blog\/antaq-divulga-resultados-da-pesquisa-de-fortalecimento-da-relacao-porto-cidade\/\",\"url\":\"https:\/\/agenciainfra.com\/blog\/antaq-divulga-resultados-da-pesquisa-de-fortalecimento-da-relacao-porto-cidade\/\",\"name\":\"ANTAQ divulga resultados da pesquisa de fortalecimento da rela\u00e7\u00e3o porto-cidade - Ag\u00eancia iNFRA\",\"isPartOf\":{\"@id\":\"https:\/\/agenciainfra.com\/blog\/#website\"},\"primaryImageOfPage\":{\"@id\":\"https:\/\/agenciainfra.com\/blog\/antaq-divulga-resultados-da-pesquisa-de-fortalecimento-da-relacao-porto-cidade\/#primaryimage\"},\"image\":{\"@id\":\"https:\/\/agenciainfra.com\/blog\/antaq-divulga-resultados-da-pesquisa-de-fortalecimento-da-relacao-porto-cidade\/#primaryimage\"},\"thumbnailUrl\":\"https:\/\/agenciainfra.com\/blog\/wp-content\/uploads\/2025\/07\/foto-antaq-1.png\",\"datePublished\":\"2025-07-30T22:53:45+00:00\",\"dateModified\":\"2025-07-30T22:53:47+00:00\",\"breadcrumb\":{\"@id\":\"https:\/\/agenciainfra.com\/blog\/antaq-divulga-resultados-da-pesquisa-de-fortalecimento-da-relacao-porto-cidade\/#breadcrumb\"},\"inLanguage\":\"pt-BR\",\"potentialAction\":[{\"@type\":\"ReadAction\",\"target\":[\"https:\/\/agenciainfra.com\/blog\/antaq-divulga-resultados-da-pesquisa-de-fortalecimento-da-relacao-porto-cidade\/\"]}]},{\"@type\":\"ImageObject\",\"inLanguage\":\"pt-BR\",\"@id\":\"https:\/\/agenciainfra.com\/blog\/antaq-divulga-resultados-da-pesquisa-de-fortalecimento-da-relacao-porto-cidade\/#primaryimage\",\"url\":\"https:\/\/agenciainfra.com\/blog\/wp-content\/uploads\/2025\/07\/foto-antaq-1.png\",\"contentUrl\":\"https:\/\/agenciainfra.com\/blog\/wp-content\/uploads\/2025\/07\/foto-antaq-1.png\",\"width\":768,\"height\":432,\"caption\":\"Foto: ANTAQ\/Divulga\u00e7\u00e3o\"},{\"@type\":\"BreadcrumbList\",\"@id\":\"https:\/\/agenciainfra.com\/blog\/antaq-divulga-resultados-da-pesquisa-de-fortalecimento-da-relacao-porto-cidade\/#breadcrumb\",\"itemListElement\":[{\"@type\":\"ListItem\",\"position\":1,\"name\":\"In\u00edcio\",\"item\":\"https:\/\/agenciainfra.com\/blog\/\"},{\"@type\":\"ListItem\",\"position\":2,\"name\":\"ANTAQ divulga resultados da pesquisa de fortalecimento da rela\u00e7\u00e3o porto-cidade\"}]},{\"@type\":\"WebSite\",\"@id\":\"https:\/\/agenciainfra.com\/blog\/#website\",\"url\":\"https:\/\/agenciainfra.com\/blog\/\",\"name\":\"Ag\u00eancia iNFRA\",\"description\":\"Multiplataforma de informa\u00e7\u00e3o jornal\u00edstica refer\u00eancia na \u00e1rea de infraestrutura no Brasil!\",\"publisher\":{\"@id\":\"https:\/\/agenciainfra.com\/blog\/#organization\"},\"potentialAction\":[{\"@type\":\"SearchAction\",\"target\":{\"@type\":\"EntryPoint\",\"urlTemplate\":\"https:\/\/agenciainfra.com\/blog\/?s={search_term_string}\"},\"query-input\":{\"@type\":\"PropertyValueSpecification\",\"valueRequired\":true,\"valueName\":\"search_term_string\"}}],\"inLanguage\":\"pt-BR\"},{\"@type\":\"Organization\",\"@id\":\"https:\/\/agenciainfra.com\/blog\/#organization\",\"name\":\"Ag\u00eancia iNFRA\",\"url\":\"https:\/\/agenciainfra.com\/blog\/\",\"logo\":{\"@type\":\"ImageObject\",\"inLanguage\":\"pt-BR\",\"@id\":\"https:\/\/agenciainfra.com\/blog\/#\/schema\/logo\/image\/\",\"url\":\"https:\/\/agenciainfra.com\/blog\/wp-content\/uploads\/2023\/09\/iNFRA_5-e1761735885940.png\",\"contentUrl\":\"https:\/\/agenciainfra.com\/blog\/wp-content\/uploads\/2023\/09\/iNFRA_5-e1761735885940.png\",\"width\":1672,\"height\":454,\"caption\":\"Ag\u00eancia iNFRA\"},\"image\":{\"@id\":\"https:\/\/agenciainfra.com\/blog\/#\/schema\/logo\/image\/\"},\"sameAs\":[\"https:\/\/www.facebook.com\/ageninfra\",\"https:\/\/x.com\/agencia_infra\",\"https:\/\/www.linkedin.com\/company\/ag\u00eanciainfra\/\",\"https:\/\/www.instagram.com\/agenciainfra\/\"]},{\"@type\":\"Person\",\"@id\":\"https:\/\/agenciainfra.com\/blog\/#\/schema\/person\/34af08dff6adea4cb22b06612ba7acfa\",\"name\":\"Ag\u00eancia iNFRA\",\"image\":{\"@type\":\"ImageObject\",\"inLanguage\":\"pt-BR\",\"@id\":\"https:\/\/agenciainfra.com\/blog\/#\/schema\/person\/image\/\",\"url\":\"https:\/\/secure.gravatar.com\/avatar\/d189e01678f06d8eb84d4e01f08eb848b3fffe3f8443818d3c356c66892f5be8?s=96&d=mm&r=g\",\"contentUrl\":\"https:\/\/secure.gravatar.com\/avatar\/d189e01678f06d8eb84d4e01f08eb848b3fffe3f8443818d3c356c66892f5be8?s=96&d=mm&r=g\",\"caption\":\"Ag\u00eancia iNFRA\"},\"url\":\"https:\/\/agenciainfra.com\/blog\/author\/admin\/\"}]}<\/script>\n<!-- \/ Yoast SEO Premium plugin. -->","yoast_head_json":{"title":"ANTAQ divulga resultados da pesquisa de fortalecimento da rela\u00e7\u00e3o porto-cidade - Ag\u00eancia iNFRA","robots":{"index":"index","follow":"follow","max-snippet":"max-snippet:-1","max-image-preview":"max-image-preview:large","max-video-preview":"max-video-preview:-1"},"canonical":"https:\/\/agenciainfra.com\/blog\/antaq-divulga-resultados-da-pesquisa-de-fortalecimento-da-relacao-porto-cidade\/","og_locale":"pt_BR","og_type":"article","og_title":"ANTAQ divulga resultados da pesquisa de fortalecimento da rela\u00e7\u00e3o porto-cidade","og_description":"da Ag\u00eancia iNFRA A ANTAQ (Ag\u00eancia Nacional de Transportes Aquavi\u00e1rios) divulgou nesta quarta-feira (30) a Pesquisa de Fortalecimento da Rela\u00e7\u00e3o Porto-Cidade para a Promo\u00e7\u00e3o da Resili\u00eancia Clim\u00e1tica e Sustentabilidade. Os resultados apontam que h\u00e1 diversas iniciativas em andamento nos portos nacionais, tanto alinhadas quanto independentes \u00e0 Agenda 2030. Entre os principais resultados, o estudo indicou [&hellip;]","og_url":"https:\/\/agenciainfra.com\/blog\/antaq-divulga-resultados-da-pesquisa-de-fortalecimento-da-relacao-porto-cidade\/","og_site_name":"Ag\u00eancia iNFRA","article_publisher":"https:\/\/www.facebook.com\/ageninfra","article_published_time":"2025-07-30T22:53:45+00:00","article_modified_time":"2025-07-30T22:53:47+00:00","og_image":[{"width":768,"height":432,"url":"https:\/\/agenciainfra.com\/blog\/wp-content\/uploads\/2025\/07\/foto-antaq-1.png","type":"image\/png"}],"author":"Ag\u00eancia iNFRA","twitter_card":"summary_large_image","twitter_creator":"@agencia_infra","twitter_site":"@agencia_infra","twitter_misc":{"Escrito por":"Ag\u00eancia iNFRA","Est. tempo de leitura":"2 minutos"},"schema":{"@context":"https:\/\/schema.org","@graph":[{"@type":"Article","@id":"https:\/\/agenciainfra.com\/blog\/antaq-divulga-resultados-da-pesquisa-de-fortalecimento-da-relacao-porto-cidade\/#article","isPartOf":{"@id":"https:\/\/agenciainfra.com\/blog\/antaq-divulga-resultados-da-pesquisa-de-fortalecimento-da-relacao-porto-cidade\/"},"author":{"name":"Ag\u00eancia iNFRA","@id":"https:\/\/agenciainfra.com\/blog\/#\/schema\/person\/34af08dff6adea4cb22b06612ba7acfa"},"headline":"ANTAQ divulga resultados da pesquisa de fortalecimento da rela\u00e7\u00e3o porto-cidade","datePublished":"2025-07-30T22:53:45+00:00","dateModified":"2025-07-30T22:53:47+00:00","mainEntityOfPage":{"@id":"https:\/\/agenciainfra.com\/blog\/antaq-divulga-resultados-da-pesquisa-de-fortalecimento-da-relacao-porto-cidade\/"},"wordCount":416,"publisher":{"@id":"https:\/\/agenciainfra.com\/blog\/#organization"},"image":{"@id":"https:\/\/agenciainfra.com\/blog\/antaq-divulga-resultados-da-pesquisa-de-fortalecimento-da-relacao-porto-cidade\/#primaryimage"},"thumbnailUrl":"https:\/\/agenciainfra.com\/blog\/wp-content\/uploads\/2025\/07\/foto-antaq-1.png","keywords":["Agenda 2030","ANTAQ","infraestrutura portu\u00e1ria","ODS","porto-cidade","portos","resili\u00eancia clim\u00e1tica","sustentabilidade","transporte aquavi\u00e1rio"],"articleSection":["Geral","Giro iNFRA"],"inLanguage":"pt-BR","copyrightYear":"2025","copyrightHolder":{"@id":"https:\/\/agenciainfra.com\/blog\/#organization"}},{"@type":"WebPage","@id":"https:\/\/agenciainfra.com\/blog\/antaq-divulga-resultados-da-pesquisa-de-fortalecimento-da-relacao-porto-cidade\/","url":"https:\/\/agenciainfra.com\/blog\/antaq-divulga-resultados-da-pesquisa-de-fortalecimento-da-relacao-porto-cidade\/","name":"ANTAQ divulga resultados da pesquisa de fortalecimento da rela\u00e7\u00e3o porto-cidade - Ag\u00eancia iNFRA","isPartOf":{"@id":"https:\/\/agenciainfra.com\/blog\/#website"},"primaryImageOfPage":{"@id":"https:\/\/agenciainfra.com\/blog\/antaq-divulga-resultados-da-pesquisa-de-fortalecimento-da-relacao-porto-cidade\/#primaryimage"},"image":{"@id":"https:\/\/agenciainfra.com\/blog\/antaq-divulga-resultados-da-pesquisa-de-fortalecimento-da-relacao-porto-cidade\/#primaryimage"},"thumbnailUrl":"https:\/\/agenciainfra.com\/blog\/wp-content\/uploads\/2025\/07\/foto-antaq-1.png","datePublished":"2025-07-30T22:53:45+00:00","dateModified":"2025-07-30T22:53:47+00:00","breadcrumb":{"@id":"https:\/\/agenciainfra.com\/blog\/antaq-divulga-resultados-da-pesquisa-de-fortalecimento-da-relacao-porto-cidade\/#breadcrumb"},"inLanguage":"pt-BR","potentialAction":[{"@type":"ReadAction","target":["https:\/\/agenciainfra.com\/blog\/antaq-divulga-resultados-da-pesquisa-de-fortalecimento-da-relacao-porto-cidade\/"]}]},{"@type":"ImageObject","inLanguage":"pt-BR","@id":"https:\/\/agenciainfra.com\/blog\/antaq-divulga-resultados-da-pesquisa-de-fortalecimento-da-relacao-porto-cidade\/#primaryimage","url":"https:\/\/agenciainfra.com\/blog\/wp-content\/uploads\/2025\/07\/foto-antaq-1.png","contentUrl":"https:\/\/agenciainfra.com\/blog\/wp-content\/uploads\/2025\/07\/foto-antaq-1.png","width":768,"height":432,"caption":"Foto: ANTAQ\/Divulga\u00e7\u00e3o"},{"@type":"BreadcrumbList","@id":"https:\/\/agenciainfra.com\/blog\/antaq-divulga-resultados-da-pesquisa-de-fortalecimento-da-relacao-porto-cidade\/#breadcrumb","itemListElement":[{"@type":"ListItem","position":1,"name":"In\u00edcio","item":"https:\/\/agenciainfra.com\/blog\/"},{"@type":"ListItem","position":2,"name":"ANTAQ divulga resultados da pesquisa de fortalecimento da rela\u00e7\u00e3o porto-cidade"}]},{"@type":"WebSite","@id":"https:\/\/agenciainfra.com\/blog\/#website","url":"https:\/\/agenciainfra.com\/blog\/","name":"Ag\u00eancia iNFRA","description":"Multiplataforma de informa\u00e7\u00e3o jornal\u00edstica refer\u00eancia na \u00e1rea de infraestrutura no Brasil!","publisher":{"@id":"https:\/\/agenciainfra.com\/blog\/#organization"},"potentialAction":[{"@type":"SearchAction","target":{"@type":"EntryPoint","urlTemplate":"https:\/\/agenciainfra.com\/blog\/?s={search_term_string}"},"query-input":{"@type":"PropertyValueSpecification","valueRequired":true,"valueName":"search_term_string"}}],"inLanguage":"pt-BR"},{"@type":"Organization","@id":"https:\/\/agenciainfra.com\/blog\/#organization","name":"Ag\u00eancia iNFRA","url":"https:\/\/agenciainfra.com\/blog\/","logo":{"@type":"ImageObject","inLanguage":"pt-BR","@id":"https:\/\/agenciainfra.com\/blog\/#\/schema\/logo\/image\/","url":"https:\/\/agenciainfra.com\/blog\/wp-content\/uploads\/2023\/09\/iNFRA_5-e1761735885940.png","contentUrl":"https:\/\/agenciainfra.com\/blog\/wp-content\/uploads\/2023\/09\/iNFRA_5-e1761735885940.png","width":1672,"height":454,"caption":"Ag\u00eancia iNFRA"},"image":{"@id":"https:\/\/agenciainfra.com\/blog\/#\/schema\/logo\/image\/"},"sameAs":["https:\/\/www.facebook.com\/ageninfra","https:\/\/x.com\/agencia_infra","https:\/\/www.linkedin.com\/company\/ag\u00eanciainfra\/","https:\/\/www.instagram.com\/agenciainfra\/"]},{"@type":"Person","@id":"https:\/\/agenciainfra.com\/blog\/#\/schema\/person\/34af08dff6adea4cb22b06612ba7acfa","name":"Ag\u00eancia iNFRA","image":{"@type":"ImageObject","inLanguage":"pt-BR","@id":"https:\/\/agenciainfra.com\/blog\/#\/schema\/person\/image\/","url":"https:\/\/secure.gravatar.com\/avatar\/d189e01678f06d8eb84d4e01f08eb848b3fffe3f8443818d3c356c66892f5be8?s=96&d=mm&r=g","contentUrl":"https:\/\/secure.gravatar.com\/avatar\/d189e01678f06d8eb84d4e01f08eb848b3fffe3f8443818d3c356c66892f5be8?s=96&d=mm&r=g","caption":"Ag\u00eancia iNFRA"},"url":"https:\/\/agenciainfra.com\/blog\/author\/admin\/"}]}},"_links":{"self":[{"href":"https:\/\/agenciainfra.com\/blog\/wp-json\/wp\/v2\/posts\/25575","targetHints":{"allow":["GET"]}}],"collection":[{"href":"https:\/\/agenciainfra.com\/blog\/wp-json\/wp\/v2\/posts"}],"about":[{"href":"https:\/\/agenciainfra.com\/blog\/wp-json\/wp\/v2\/types\/post"}],"author":[{"embeddable":true,"href":"https:\/\/agenciainfra.com\/blog\/wp-json\/wp\/v2\/users\/1"}],"replies":[{"embeddable":true,"href":"https:\/\/agenciainfra.com\/blog\/wp-json\/wp\/v2\/comments?post=25575"}],"version-history":[{"count":1,"href":"https:\/\/agenciainfra.com\/blog\/wp-json\/wp\/v2\/posts\/25575\/revisions"}],"predecessor-version":[{"id":25577,"href":"https:\/\/agenciainfra.com\/blog\/wp-json\/wp\/v2\/posts\/25575\/revisions\/25577"}],"wp:featuredmedia":[{"embeddable":true,"href":"https:\/\/agenciainfra.com\/blog\/wp-json\/wp\/v2\/media\/25576"}],"wp:attachment":[{"href":"https:\/\/agenciainfra.com\/blog\/wp-json\/wp\/v2\/media?parent=25575"}],"wp:term":[{"taxonomy":"category","embeddable":true,"href":"https:\/\/agenciainfra.com\/blog\/wp-json\/wp\/v2\/categories?post=25575"},{"taxonomy":"post_tag","embeddable":true,"href":"https:\/\/agenciainfra.com\/blog\/wp-json\/wp\/v2\/tags?post=25575"}],"curies":[{"name":"wp","href":"https:\/\/api.w.org\/{rel}","templated":true}]}}