{"id":25596,"date":"2025-07-31T09:00:00","date_gmt":"2025-07-31T12:00:00","guid":{"rendered":"https:\/\/agenciainfra.com\/blog\/?p=25596"},"modified":"2025-08-01T13:53:33","modified_gmt":"2025-08-01T16:53:33","slug":"agentes-acreditam-que-leilao-do-gsf-deve-ser-mantido-nesta-sexta-1o","status":"publish","type":"post","link":"https:\/\/agenciainfra.com\/blog\/agentes-acreditam-que-leilao-do-gsf-deve-ser-mantido-nesta-sexta-1o\/","title":{"rendered":"Agentes acreditam que leil\u00e3o do GSF deve ser mantido nesta sexta (1\u00ba)"},"content":{"rendered":"\n<p class=\"has-text-align-right\"><strong>Geraldo Campos Jr., Marisa Wanzeller e Lais Carregosa, da Ag\u00eancia iNFRA<\/strong><\/p>\n\n\n\n<p>Agentes e associa\u00e7\u00f5es do setor el\u00e9trico t\u00eam avaliado que o leil\u00e3o de passivos do GSF (sigla para risco hidrol\u00f3gico) deve ser mantido para sexta-feira (1\u00ba), relataram fontes \u00e0\u00a0<strong>Ag\u00eancia iNFRA<\/strong>. O certame faz parte do pacote da\u00a0<a href=\"https:\/\/www.in.gov.br\/en\/web\/dou\/-\/medida-provisoria-n-1.300-de-21-de-maio-de-2025-631015922\">MP (Medida Provis\u00f3ria)\u00a01.300\/2025<\/a>. A justificativa \u00e9 que, mesmo que a CCEE (C\u00e2mara de Comercializa\u00e7\u00e3o de Energia) n\u00e3o tenha reiterado a data at\u00e9 o momento, ainda n\u00e3o houve sinaliza\u00e7\u00e3o de adiamento \u00e0s v\u00e9speras do certame.<br><br>Segundo fontes, a falta de confirma\u00e7\u00e3o \u00e9 ruim, mas n\u00e3o impedir\u00e1 a participa\u00e7\u00e3o dos agentes. Diferentes interlocutores afirmam que os interessados no leil\u00e3o continuam se preparando para participar na sexta. Auren, Cemig e Eletrobras s\u00e3o algumas das favoritas para adquirir os passivos do leil\u00e3o, afirmaram fontes.<br><br>Dentro da pr\u00f3pria CCEE, a expectativa \u00e9 de manuten\u00e7\u00e3o do certame, embora interlocutores n\u00e3o descartem que a possibilidade do\u00a0adiamento esteja em discuss\u00e3o. Uma live t\u00e9cnica sobre o funcionamento do mecanismo concorrencial, antes agendada para quarta-feira (30), foi adiada para esta quinta-feira (31).\u00a0<br><br>No governo, contudo, h\u00e1 vers\u00f5es diferentes sobre a realiza\u00e7\u00e3o do leil\u00e3o. H\u00e1 quem acredite que o certame ser\u00e1 mantido e quem j\u00e1 trabalhe com a possibilidade de adiamento. A unanimidade \u00e9 que caber\u00e1 \u00e0 CCEE decidir.<br><br>Para Marisete Dadald, presidente da Abrage (Associa\u00e7\u00e3o Brasileira das Empresas Geradoras de Energia El\u00e9trica) e ex-secret\u00e1ria-executiva do MME (Minist\u00e9rio de Minas e Energia), se o certame fosse\u00a0adiado \u201cj\u00e1 deveria ter sa\u00eddo algo&#8221;. \u201cPela minha experi\u00eancia anterior no MME avalio que est\u00e1 mantido\u201d, disse \u00e0\u00a0<strong>Ag\u00eancia iNFRA<\/strong>.\u00a0<br>\u00a0\u00a0 \u00a0<br>O\u00a0<a href=\"https:\/\/agenciainfra.com\/blog\/duvidas-sobre-leilao-do-gsf-ameacam-realizacao-do-certame-nesta-semana\/\" target=\"_blank\" rel=\"noreferrer noopener\">cen\u00e1rio de incertezas<\/a>\u00a0surgiu na ter\u00e7a, quando a ANEEL (Ag\u00eancia Nacional de Energia El\u00e9trica) levantou d\u00favidas sobre a legalidade da portaria que regulamenta o certame e n\u00e3o deliberou o processo que trata de esclarecimentos dos agentes sobre o leil\u00e3o, diante de um pedido de vista do diretor Fernando Mosna.<br><br>O processo em quest\u00e3o trata de pedidos de esclarecimentos pelos agentes sobre a aplica\u00e7\u00e3o das regras previstas na\u00a0MP 1.300\/2025\u00a0e no certame. Ou seja, a realiza\u00e7\u00e3o do leil\u00e3o n\u00e3o depende da delibera\u00e7\u00e3o do processo, embora, na avalia\u00e7\u00e3o de especialistas, uma decis\u00e3o ajude a dirimir as d\u00favidas.<br><br>Em nota, a ANEEL j\u00e1 declarou que entende que a decis\u00e3o sobre a manuten\u00e7\u00e3o do leil\u00e3o n\u00e3o cabe \u00e0 reguladora, mas \u00e0 CCEE, conforme as regras previstas na MP 1.300\/2025, que estabeleceu o certame.<br><br><strong>Setor aguarda solu\u00e7\u00e3o<\/strong><br>O presidente da Abragel (associa\u00e7\u00e3o que representa as pequenas hidrel\u00e9tricas e as CGHs), Charles Lenzi, disse \u00e0\u00a0<strong>Ag\u00eancia iNFRA<\/strong>\u00a0que v\u00ea o certame com bons olhos para \u201cendere\u00e7ar um ponto importante da repactua\u00e7\u00e3o do GSF para aqueles empreendimentos que n\u00e3o t\u00eam a outorga, que \u00e9 o caso das CGHs [Centrais Geradoras Hidrel\u00e9tricas]&#8221;.<br><br>\u201c\u00c9 uma medida que vem a tratar de um direito que a gente entendia que era j\u00e1 adquirido por esses empreendimentos, mas que n\u00e3o tinham um mecanismo legal para fazer a repactua\u00e7\u00e3o\u201d. Na vis\u00e3o de Lenzi, o leil\u00e3o representar\u00e1 uma situa\u00e7\u00e3o interessante para todos os lados: as CGHs poder\u00e3o vender seus passivos, e as usinas do MRE poder\u00e3o estender suas outorgas, solucionando ainda uma quest\u00e3o que impacta o mercado de curto prazo.\u00a0<br><br>Marisete Dadald, da Abrage, disse estar otimista que o certame ter\u00e1 bom n\u00edvel de competi\u00e7\u00e3o. \u201cEstamos otimistas que haja um grande interesse dos geradores na participa\u00e7\u00e3o. Hoje, com esse R$ 1,1 bilh\u00e3o de inadimpl\u00eancia, todo o mercado de curto prazo est\u00e1 sendo afetado por isso\u201d, afirmou. \u201cResolver isso e ter a oportunidade dos geradores adquirirem os t\u00edtulos das d\u00edvidas em troca em extens\u00e3o de outorga \u00e9 super positivo para o setor.\u201d<br><br><strong>O que est\u00e1 em jogo<\/strong><br>O certame foi institu\u00eddo pela MP 1.300\/2025, da reforma do setor el\u00e9trico, e tem como objetivo encerrar a judicializa\u00e7\u00e3o sobre o GSF, que ainda gera um passivo mensal de R$ 1,1 bilh\u00e3o no MCP (Mercado de Curto Prazo) em fun\u00e7\u00e3o de liminares obtidas por geradores.<br><br>As regras preveem extens\u00e3o de outorga de at\u00e9 sete anos para as usinas que arrematarem os cr\u00e9ditos de passivos do GSF. Esse \u00e9 o terceiro certame do tipo para encerrar as disputas judiciais sobre o tema. Foram realizados outros em 2015 e em 2020.<br><br>Restou basicamente o passivo das usinas menores, as chamadas CGHs, que n\u00e3o puderam participar dos mecanismos anteriores. Pela regra, empreendimentos com liminares que isentam ou limitam o pagamento de valores referentes ao risco hidrol\u00f3gico poder\u00e3o transformar esses montantes em cr\u00e9ditos.<br><br>O leil\u00e3o oferecer\u00e1 os passivos a outros agentes hidrel\u00e9tricos, desde que participantes do MRE (Mecanismo de Realoca\u00e7\u00e3o de Energia), que, ao adquiri-los, ter\u00e3o direito a estender a validade de suas concess\u00f5es de gera\u00e7\u00e3o de energia por at\u00e9 sete anos.<br><br>O \u00e1gio do leil\u00e3o, ou seja, o volume arrecadado que for superior ao passivo, ser\u00e1 revertido para abatimento na CDE (Conta de Desenvolvimento Energ\u00e9tico), que re\u00fane os subs\u00eddios do setor.<\/p>\n","protected":false},"excerpt":{"rendered":"<p>Geraldo Campos Jr., Marisa Wanzeller e Lais Carregosa, da Ag\u00eancia iNFRA Agentes e associa\u00e7\u00f5es do setor el\u00e9trico t\u00eam avaliado que o leil\u00e3o de passivos do GSF (sigla para risco hidrol\u00f3gico) deve ser mantido para sexta-feira (1\u00ba), relataram fontes \u00e0\u00a0Ag\u00eancia iNFRA. O certame faz parte do pacote da\u00a0MP (Medida Provis\u00f3ria)\u00a01.300\/2025. A justificativa \u00e9 que, mesmo que [&hellip;]<\/p>\n","protected":false},"author":1,"featured_media":8985,"comment_status":"closed","ping_status":"closed","sticky":false,"template":"","format":"standard","meta":{"_monsterinsights_skip_tracking":false,"_monsterinsights_sitenote_active":false,"_monsterinsights_sitenote_note":"","_monsterinsights_sitenote_category":0,"footnotes":""},"categories":[1],"tags":[53,13195,7014,11594,348,14623,13132,13851,7366,71,12770,193,14624],"class_list":["post-25596","post","type-post","status-publish","format-standard","has-post-thumbnail","hentry","category-geral","tag-aneel","tag-desconto-no-fio","tag-fernando-mosna","tag-geraldo-campos-jr","tag-gsf","tag-jr","tag-lais-carregosa","tag-leilao-do-gsf","tag-marisa-wanzeller","tag-mme","tag-reuniao-aneel","tag-risco-hidrologico","tag-taxa-de-desconto"],"yoast_head":"<!-- This site is optimized with the Yoast SEO Premium plugin v25.4 (Yoast SEO v26.0) - https:\/\/yoast.com\/wordpress\/plugins\/seo\/ -->\n<title>Agentes acreditam que leil\u00e3o do GSF deve ser mantido nesta sexta (1\u00ba) - Ag\u00eancia iNFRA<\/title>\n<meta name=\"robots\" content=\"index, follow, max-snippet:-1, max-image-preview:large, max-video-preview:-1\" \/>\n<link rel=\"canonical\" href=\"https:\/\/agenciainfra.com\/blog\/agentes-acreditam-que-leilao-do-gsf-deve-ser-mantido-nesta-sexta-1o\/\" \/>\n<meta property=\"og:locale\" content=\"pt_BR\" \/>\n<meta property=\"og:type\" content=\"article\" \/>\n<meta property=\"og:title\" content=\"Agentes acreditam que leil\u00e3o do GSF deve ser mantido nesta sexta (1\u00ba)\" \/>\n<meta property=\"og:description\" content=\"Geraldo Campos Jr., Marisa Wanzeller e Lais Carregosa, da Ag\u00eancia iNFRA Agentes e associa\u00e7\u00f5es do setor el\u00e9trico t\u00eam avaliado que o leil\u00e3o de passivos do GSF (sigla para risco hidrol\u00f3gico) deve ser mantido para sexta-feira (1\u00ba), relataram fontes \u00e0\u00a0Ag\u00eancia iNFRA. O certame faz parte do pacote da\u00a0MP (Medida Provis\u00f3ria)\u00a01.300\/2025. A justificativa \u00e9 que, mesmo que [&hellip;]\" \/>\n<meta property=\"og:url\" content=\"https:\/\/agenciainfra.com\/blog\/agentes-acreditam-que-leilao-do-gsf-deve-ser-mantido-nesta-sexta-1o\/\" \/>\n<meta property=\"og:site_name\" content=\"Ag\u00eancia iNFRA\" \/>\n<meta property=\"article:publisher\" content=\"https:\/\/www.facebook.com\/ageninfra\" \/>\n<meta property=\"article:published_time\" content=\"2025-07-31T12:00:00+00:00\" \/>\n<meta property=\"article:modified_time\" content=\"2025-08-01T16:53:33+00:00\" \/>\n<meta property=\"og:image\" content=\"https:\/\/agenciainfra.com\/blog\/wp-content\/uploads\/2021\/11\/leilao-foto-ricardo-botelho-minfra.jpeg\" \/>\n\t<meta property=\"og:image:width\" content=\"1280\" \/>\n\t<meta property=\"og:image:height\" content=\"853\" \/>\n\t<meta property=\"og:image:type\" content=\"image\/jpeg\" \/>\n<meta name=\"author\" content=\"Ag\u00eancia iNFRA\" \/>\n<meta name=\"twitter:card\" content=\"summary_large_image\" \/>\n<meta name=\"twitter:creator\" content=\"@agencia_infra\" \/>\n<meta name=\"twitter:site\" content=\"@agencia_infra\" \/>\n<meta name=\"twitter:label1\" content=\"Escrito por\" \/>\n\t<meta name=\"twitter:data1\" content=\"Ag\u00eancia iNFRA\" \/>\n\t<meta name=\"twitter:label2\" content=\"Est. tempo de leitura\" \/>\n\t<meta name=\"twitter:data2\" content=\"4 minutos\" \/>\n<script type=\"application\/ld+json\" class=\"yoast-schema-graph\">{\"@context\":\"https:\/\/schema.org\",\"@graph\":[{\"@type\":\"Article\",\"@id\":\"https:\/\/agenciainfra.com\/blog\/agentes-acreditam-que-leilao-do-gsf-deve-ser-mantido-nesta-sexta-1o\/#article\",\"isPartOf\":{\"@id\":\"https:\/\/agenciainfra.com\/blog\/agentes-acreditam-que-leilao-do-gsf-deve-ser-mantido-nesta-sexta-1o\/\"},\"author\":{\"name\":\"Ag\u00eancia iNFRA\",\"@id\":\"https:\/\/agenciainfra.com\/blog\/#\/schema\/person\/34af08dff6adea4cb22b06612ba7acfa\"},\"headline\":\"Agentes acreditam que leil\u00e3o do GSF deve ser mantido nesta sexta (1\u00ba)\",\"datePublished\":\"2025-07-31T12:00:00+00:00\",\"dateModified\":\"2025-08-01T16:53:33+00:00\",\"mainEntityOfPage\":{\"@id\":\"https:\/\/agenciainfra.com\/blog\/agentes-acreditam-que-leilao-do-gsf-deve-ser-mantido-nesta-sexta-1o\/\"},\"wordCount\":875,\"publisher\":{\"@id\":\"https:\/\/agenciainfra.com\/blog\/#organization\"},\"image\":{\"@id\":\"https:\/\/agenciainfra.com\/blog\/agentes-acreditam-que-leilao-do-gsf-deve-ser-mantido-nesta-sexta-1o\/#primaryimage\"},\"thumbnailUrl\":\"https:\/\/agenciainfra.com\/blog\/wp-content\/uploads\/2021\/11\/leilao-foto-ricardo-botelho-minfra.jpeg\",\"keywords\":[\"ANEEL\",\"desconto no fio\",\"Fernando Mosna\",\"Geraldo Campos Jr.\",\"GSF\",\"Jr\",\"Lais Carregosa\",\"leil\u00e3o do GSF\",\"Marisa Wanzeller\",\"MME\",\"reuni\u00e3o aneel\",\"risco hidrol\u00f3gico\",\"taxa de desconto\"],\"articleSection\":[\"Geral\"],\"inLanguage\":\"pt-BR\",\"copyrightYear\":\"2025\",\"copyrightHolder\":{\"@id\":\"https:\/\/agenciainfra.com\/blog\/#organization\"}},{\"@type\":\"WebPage\",\"@id\":\"https:\/\/agenciainfra.com\/blog\/agentes-acreditam-que-leilao-do-gsf-deve-ser-mantido-nesta-sexta-1o\/\",\"url\":\"https:\/\/agenciainfra.com\/blog\/agentes-acreditam-que-leilao-do-gsf-deve-ser-mantido-nesta-sexta-1o\/\",\"name\":\"Agentes acreditam que leil\u00e3o do GSF deve ser mantido nesta sexta (1\u00ba) - Ag\u00eancia iNFRA\",\"isPartOf\":{\"@id\":\"https:\/\/agenciainfra.com\/blog\/#website\"},\"primaryImageOfPage\":{\"@id\":\"https:\/\/agenciainfra.com\/blog\/agentes-acreditam-que-leilao-do-gsf-deve-ser-mantido-nesta-sexta-1o\/#primaryimage\"},\"image\":{\"@id\":\"https:\/\/agenciainfra.com\/blog\/agentes-acreditam-que-leilao-do-gsf-deve-ser-mantido-nesta-sexta-1o\/#primaryimage\"},\"thumbnailUrl\":\"https:\/\/agenciainfra.com\/blog\/wp-content\/uploads\/2021\/11\/leilao-foto-ricardo-botelho-minfra.jpeg\",\"datePublished\":\"2025-07-31T12:00:00+00:00\",\"dateModified\":\"2025-08-01T16:53:33+00:00\",\"breadcrumb\":{\"@id\":\"https:\/\/agenciainfra.com\/blog\/agentes-acreditam-que-leilao-do-gsf-deve-ser-mantido-nesta-sexta-1o\/#breadcrumb\"},\"inLanguage\":\"pt-BR\",\"potentialAction\":[{\"@type\":\"ReadAction\",\"target\":[\"https:\/\/agenciainfra.com\/blog\/agentes-acreditam-que-leilao-do-gsf-deve-ser-mantido-nesta-sexta-1o\/\"]}]},{\"@type\":\"ImageObject\",\"inLanguage\":\"pt-BR\",\"@id\":\"https:\/\/agenciainfra.com\/blog\/agentes-acreditam-que-leilao-do-gsf-deve-ser-mantido-nesta-sexta-1o\/#primaryimage\",\"url\":\"https:\/\/agenciainfra.com\/blog\/wp-content\/uploads\/2021\/11\/leilao-foto-ricardo-botelho-minfra.jpeg\",\"contentUrl\":\"https:\/\/agenciainfra.com\/blog\/wp-content\/uploads\/2021\/11\/leilao-foto-ricardo-botelho-minfra.jpeg\",\"width\":1280,\"height\":853,\"caption\":\"Foto: Ricardo Botelho\/Minfra\"},{\"@type\":\"BreadcrumbList\",\"@id\":\"https:\/\/agenciainfra.com\/blog\/agentes-acreditam-que-leilao-do-gsf-deve-ser-mantido-nesta-sexta-1o\/#breadcrumb\",\"itemListElement\":[{\"@type\":\"ListItem\",\"position\":1,\"name\":\"In\u00edcio\",\"item\":\"https:\/\/agenciainfra.com\/blog\/\"},{\"@type\":\"ListItem\",\"position\":2,\"name\":\"Agentes acreditam que leil\u00e3o do GSF deve ser mantido nesta sexta (1\u00ba)\"}]},{\"@type\":\"WebSite\",\"@id\":\"https:\/\/agenciainfra.com\/blog\/#website\",\"url\":\"https:\/\/agenciainfra.com\/blog\/\",\"name\":\"Ag\u00eancia iNFRA\",\"description\":\"Multiplataforma de informa\u00e7\u00e3o jornal\u00edstica refer\u00eancia na \u00e1rea de infraestrutura no Brasil!\",\"publisher\":{\"@id\":\"https:\/\/agenciainfra.com\/blog\/#organization\"},\"potentialAction\":[{\"@type\":\"SearchAction\",\"target\":{\"@type\":\"EntryPoint\",\"urlTemplate\":\"https:\/\/agenciainfra.com\/blog\/?s={search_term_string}\"},\"query-input\":{\"@type\":\"PropertyValueSpecification\",\"valueRequired\":true,\"valueName\":\"search_term_string\"}}],\"inLanguage\":\"pt-BR\"},{\"@type\":\"Organization\",\"@id\":\"https:\/\/agenciainfra.com\/blog\/#organization\",\"name\":\"Ag\u00eancia iNFRA\",\"url\":\"https:\/\/agenciainfra.com\/blog\/\",\"logo\":{\"@type\":\"ImageObject\",\"inLanguage\":\"pt-BR\",\"@id\":\"https:\/\/agenciainfra.com\/blog\/#\/schema\/logo\/image\/\",\"url\":\"https:\/\/agenciainfra.com\/blog\/wp-content\/uploads\/2023\/09\/iNFRA_5-e1761735885940.png\",\"contentUrl\":\"https:\/\/agenciainfra.com\/blog\/wp-content\/uploads\/2023\/09\/iNFRA_5-e1761735885940.png\",\"width\":1672,\"height\":454,\"caption\":\"Ag\u00eancia iNFRA\"},\"image\":{\"@id\":\"https:\/\/agenciainfra.com\/blog\/#\/schema\/logo\/image\/\"},\"sameAs\":[\"https:\/\/www.facebook.com\/ageninfra\",\"https:\/\/x.com\/agencia_infra\",\"https:\/\/www.linkedin.com\/company\/ag\u00eanciainfra\/\",\"https:\/\/www.instagram.com\/agenciainfra\/\"]},{\"@type\":\"Person\",\"@id\":\"https:\/\/agenciainfra.com\/blog\/#\/schema\/person\/34af08dff6adea4cb22b06612ba7acfa\",\"name\":\"Ag\u00eancia iNFRA\",\"image\":{\"@type\":\"ImageObject\",\"inLanguage\":\"pt-BR\",\"@id\":\"https:\/\/agenciainfra.com\/blog\/#\/schema\/person\/image\/\",\"url\":\"https:\/\/secure.gravatar.com\/avatar\/d189e01678f06d8eb84d4e01f08eb848b3fffe3f8443818d3c356c66892f5be8?s=96&d=mm&r=g\",\"contentUrl\":\"https:\/\/secure.gravatar.com\/avatar\/d189e01678f06d8eb84d4e01f08eb848b3fffe3f8443818d3c356c66892f5be8?s=96&d=mm&r=g\",\"caption\":\"Ag\u00eancia iNFRA\"},\"url\":\"https:\/\/agenciainfra.com\/blog\/author\/admin\/\"}]}<\/script>\n<!-- \/ Yoast SEO Premium plugin. -->","yoast_head_json":{"title":"Agentes acreditam que leil\u00e3o do GSF deve ser mantido nesta sexta (1\u00ba) - Ag\u00eancia iNFRA","robots":{"index":"index","follow":"follow","max-snippet":"max-snippet:-1","max-image-preview":"max-image-preview:large","max-video-preview":"max-video-preview:-1"},"canonical":"https:\/\/agenciainfra.com\/blog\/agentes-acreditam-que-leilao-do-gsf-deve-ser-mantido-nesta-sexta-1o\/","og_locale":"pt_BR","og_type":"article","og_title":"Agentes acreditam que leil\u00e3o do GSF deve ser mantido nesta sexta (1\u00ba)","og_description":"Geraldo Campos Jr., Marisa Wanzeller e Lais Carregosa, da Ag\u00eancia iNFRA Agentes e associa\u00e7\u00f5es do setor el\u00e9trico t\u00eam avaliado que o leil\u00e3o de passivos do GSF (sigla para risco hidrol\u00f3gico) deve ser mantido para sexta-feira (1\u00ba), relataram fontes \u00e0\u00a0Ag\u00eancia iNFRA. O certame faz parte do pacote da\u00a0MP (Medida Provis\u00f3ria)\u00a01.300\/2025. A justificativa \u00e9 que, mesmo que [&hellip;]","og_url":"https:\/\/agenciainfra.com\/blog\/agentes-acreditam-que-leilao-do-gsf-deve-ser-mantido-nesta-sexta-1o\/","og_site_name":"Ag\u00eancia iNFRA","article_publisher":"https:\/\/www.facebook.com\/ageninfra","article_published_time":"2025-07-31T12:00:00+00:00","article_modified_time":"2025-08-01T16:53:33+00:00","og_image":[{"width":1280,"height":853,"url":"https:\/\/agenciainfra.com\/blog\/wp-content\/uploads\/2021\/11\/leilao-foto-ricardo-botelho-minfra.jpeg","type":"image\/jpeg"}],"author":"Ag\u00eancia iNFRA","twitter_card":"summary_large_image","twitter_creator":"@agencia_infra","twitter_site":"@agencia_infra","twitter_misc":{"Escrito por":"Ag\u00eancia iNFRA","Est. tempo de leitura":"4 minutos"},"schema":{"@context":"https:\/\/schema.org","@graph":[{"@type":"Article","@id":"https:\/\/agenciainfra.com\/blog\/agentes-acreditam-que-leilao-do-gsf-deve-ser-mantido-nesta-sexta-1o\/#article","isPartOf":{"@id":"https:\/\/agenciainfra.com\/blog\/agentes-acreditam-que-leilao-do-gsf-deve-ser-mantido-nesta-sexta-1o\/"},"author":{"name":"Ag\u00eancia iNFRA","@id":"https:\/\/agenciainfra.com\/blog\/#\/schema\/person\/34af08dff6adea4cb22b06612ba7acfa"},"headline":"Agentes acreditam que leil\u00e3o do GSF deve ser mantido nesta sexta (1\u00ba)","datePublished":"2025-07-31T12:00:00+00:00","dateModified":"2025-08-01T16:53:33+00:00","mainEntityOfPage":{"@id":"https:\/\/agenciainfra.com\/blog\/agentes-acreditam-que-leilao-do-gsf-deve-ser-mantido-nesta-sexta-1o\/"},"wordCount":875,"publisher":{"@id":"https:\/\/agenciainfra.com\/blog\/#organization"},"image":{"@id":"https:\/\/agenciainfra.com\/blog\/agentes-acreditam-que-leilao-do-gsf-deve-ser-mantido-nesta-sexta-1o\/#primaryimage"},"thumbnailUrl":"https:\/\/agenciainfra.com\/blog\/wp-content\/uploads\/2021\/11\/leilao-foto-ricardo-botelho-minfra.jpeg","keywords":["ANEEL","desconto no fio","Fernando Mosna","Geraldo Campos Jr.","GSF","Jr","Lais Carregosa","leil\u00e3o do GSF","Marisa Wanzeller","MME","reuni\u00e3o aneel","risco hidrol\u00f3gico","taxa de desconto"],"articleSection":["Geral"],"inLanguage":"pt-BR","copyrightYear":"2025","copyrightHolder":{"@id":"https:\/\/agenciainfra.com\/blog\/#organization"}},{"@type":"WebPage","@id":"https:\/\/agenciainfra.com\/blog\/agentes-acreditam-que-leilao-do-gsf-deve-ser-mantido-nesta-sexta-1o\/","url":"https:\/\/agenciainfra.com\/blog\/agentes-acreditam-que-leilao-do-gsf-deve-ser-mantido-nesta-sexta-1o\/","name":"Agentes acreditam que leil\u00e3o do GSF deve ser mantido nesta sexta (1\u00ba) - Ag\u00eancia iNFRA","isPartOf":{"@id":"https:\/\/agenciainfra.com\/blog\/#website"},"primaryImageOfPage":{"@id":"https:\/\/agenciainfra.com\/blog\/agentes-acreditam-que-leilao-do-gsf-deve-ser-mantido-nesta-sexta-1o\/#primaryimage"},"image":{"@id":"https:\/\/agenciainfra.com\/blog\/agentes-acreditam-que-leilao-do-gsf-deve-ser-mantido-nesta-sexta-1o\/#primaryimage"},"thumbnailUrl":"https:\/\/agenciainfra.com\/blog\/wp-content\/uploads\/2021\/11\/leilao-foto-ricardo-botelho-minfra.jpeg","datePublished":"2025-07-31T12:00:00+00:00","dateModified":"2025-08-01T16:53:33+00:00","breadcrumb":{"@id":"https:\/\/agenciainfra.com\/blog\/agentes-acreditam-que-leilao-do-gsf-deve-ser-mantido-nesta-sexta-1o\/#breadcrumb"},"inLanguage":"pt-BR","potentialAction":[{"@type":"ReadAction","target":["https:\/\/agenciainfra.com\/blog\/agentes-acreditam-que-leilao-do-gsf-deve-ser-mantido-nesta-sexta-1o\/"]}]},{"@type":"ImageObject","inLanguage":"pt-BR","@id":"https:\/\/agenciainfra.com\/blog\/agentes-acreditam-que-leilao-do-gsf-deve-ser-mantido-nesta-sexta-1o\/#primaryimage","url":"https:\/\/agenciainfra.com\/blog\/wp-content\/uploads\/2021\/11\/leilao-foto-ricardo-botelho-minfra.jpeg","contentUrl":"https:\/\/agenciainfra.com\/blog\/wp-content\/uploads\/2021\/11\/leilao-foto-ricardo-botelho-minfra.jpeg","width":1280,"height":853,"caption":"Foto: Ricardo Botelho\/Minfra"},{"@type":"BreadcrumbList","@id":"https:\/\/agenciainfra.com\/blog\/agentes-acreditam-que-leilao-do-gsf-deve-ser-mantido-nesta-sexta-1o\/#breadcrumb","itemListElement":[{"@type":"ListItem","position":1,"name":"In\u00edcio","item":"https:\/\/agenciainfra.com\/blog\/"},{"@type":"ListItem","position":2,"name":"Agentes acreditam que leil\u00e3o do GSF deve ser mantido nesta sexta (1\u00ba)"}]},{"@type":"WebSite","@id":"https:\/\/agenciainfra.com\/blog\/#website","url":"https:\/\/agenciainfra.com\/blog\/","name":"Ag\u00eancia iNFRA","description":"Multiplataforma de informa\u00e7\u00e3o jornal\u00edstica refer\u00eancia na \u00e1rea de infraestrutura no Brasil!","publisher":{"@id":"https:\/\/agenciainfra.com\/blog\/#organization"},"potentialAction":[{"@type":"SearchAction","target":{"@type":"EntryPoint","urlTemplate":"https:\/\/agenciainfra.com\/blog\/?s={search_term_string}"},"query-input":{"@type":"PropertyValueSpecification","valueRequired":true,"valueName":"search_term_string"}}],"inLanguage":"pt-BR"},{"@type":"Organization","@id":"https:\/\/agenciainfra.com\/blog\/#organization","name":"Ag\u00eancia iNFRA","url":"https:\/\/agenciainfra.com\/blog\/","logo":{"@type":"ImageObject","inLanguage":"pt-BR","@id":"https:\/\/agenciainfra.com\/blog\/#\/schema\/logo\/image\/","url":"https:\/\/agenciainfra.com\/blog\/wp-content\/uploads\/2023\/09\/iNFRA_5-e1761735885940.png","contentUrl":"https:\/\/agenciainfra.com\/blog\/wp-content\/uploads\/2023\/09\/iNFRA_5-e1761735885940.png","width":1672,"height":454,"caption":"Ag\u00eancia iNFRA"},"image":{"@id":"https:\/\/agenciainfra.com\/blog\/#\/schema\/logo\/image\/"},"sameAs":["https:\/\/www.facebook.com\/ageninfra","https:\/\/x.com\/agencia_infra","https:\/\/www.linkedin.com\/company\/ag\u00eanciainfra\/","https:\/\/www.instagram.com\/agenciainfra\/"]},{"@type":"Person","@id":"https:\/\/agenciainfra.com\/blog\/#\/schema\/person\/34af08dff6adea4cb22b06612ba7acfa","name":"Ag\u00eancia iNFRA","image":{"@type":"ImageObject","inLanguage":"pt-BR","@id":"https:\/\/agenciainfra.com\/blog\/#\/schema\/person\/image\/","url":"https:\/\/secure.gravatar.com\/avatar\/d189e01678f06d8eb84d4e01f08eb848b3fffe3f8443818d3c356c66892f5be8?s=96&d=mm&r=g","contentUrl":"https:\/\/secure.gravatar.com\/avatar\/d189e01678f06d8eb84d4e01f08eb848b3fffe3f8443818d3c356c66892f5be8?s=96&d=mm&r=g","caption":"Ag\u00eancia iNFRA"},"url":"https:\/\/agenciainfra.com\/blog\/author\/admin\/"}]}},"_links":{"self":[{"href":"https:\/\/agenciainfra.com\/blog\/wp-json\/wp\/v2\/posts\/25596","targetHints":{"allow":["GET"]}}],"collection":[{"href":"https:\/\/agenciainfra.com\/blog\/wp-json\/wp\/v2\/posts"}],"about":[{"href":"https:\/\/agenciainfra.com\/blog\/wp-json\/wp\/v2\/types\/post"}],"author":[{"embeddable":true,"href":"https:\/\/agenciainfra.com\/blog\/wp-json\/wp\/v2\/users\/1"}],"replies":[{"embeddable":true,"href":"https:\/\/agenciainfra.com\/blog\/wp-json\/wp\/v2\/comments?post=25596"}],"version-history":[{"count":1,"href":"https:\/\/agenciainfra.com\/blog\/wp-json\/wp\/v2\/posts\/25596\/revisions"}],"predecessor-version":[{"id":25597,"href":"https:\/\/agenciainfra.com\/blog\/wp-json\/wp\/v2\/posts\/25596\/revisions\/25597"}],"wp:featuredmedia":[{"embeddable":true,"href":"https:\/\/agenciainfra.com\/blog\/wp-json\/wp\/v2\/media\/8985"}],"wp:attachment":[{"href":"https:\/\/agenciainfra.com\/blog\/wp-json\/wp\/v2\/media?parent=25596"}],"wp:term":[{"taxonomy":"category","embeddable":true,"href":"https:\/\/agenciainfra.com\/blog\/wp-json\/wp\/v2\/categories?post=25596"},{"taxonomy":"post_tag","embeddable":true,"href":"https:\/\/agenciainfra.com\/blog\/wp-json\/wp\/v2\/tags?post=25596"}],"curies":[{"name":"wp","href":"https:\/\/api.w.org\/{rel}","templated":true}]}}