{"id":2560,"date":"2018-10-29T05:00:55","date_gmt":"2018-10-29T08:00:55","guid":{"rendered":"http:\/\/www.agenciainfra.com\/blog\/?p=2560"},"modified":"2018-10-23T17:50:08","modified_gmt":"2018-10-23T20:50:08","slug":"transbrasiliana-ganha-liminar-na-justica-para-realizar-obras-na-concessao-da-br-153-sp","status":"publish","type":"post","link":"https:\/\/agenciainfra.com\/blog\/transbrasiliana-ganha-liminar-na-justica-para-realizar-obras-na-concessao-da-br-153-sp\/","title":{"rendered":"Transbrasiliana ganha liminar na Justi\u00e7a para realizar obras na concess\u00e3o da BR-153\/SP"},"content":{"rendered":"<div>\n<h5 style=\"text-align: right;\"><strong>Lucas Santin, da Ag\u00eancia iNFRA<\/strong><\/h5>\n<p>A Transbrasiliana, concession\u00e1ria da BR-153\/SP\u00a0ganhou uma liminar na Justi\u00e7a que determina \u00e0 ANTT (Ag\u00eancia Nacional de Transportes Terrestres) o prazo de 15 dias para a autoriza\u00e7\u00e3o e in\u00edcio imediato das obras de duplica\u00e7\u00e3o dos lotes 1 e 3 da rodovia. O reequil\u00edbrio contratual, por meio de revis\u00e3o de tarifas de ped\u00e1gio no local, \u00e9 outra decis\u00e3o do documento.<\/p>\n<p>O contrato foi firmado entre a Transbrasiliana, que pertence ao grupo Triunfo,\u00a0e a Uni\u00e3o. De acordo com a liminar, obtida na Justi\u00e7a Federal em S\u00e3o Paulo no processo 1007988-79.2017.4.01.3400,\u00a0\u00e9 da contratante o dever de tomar provid\u00eancias necess\u00e1rias para garantir o bom funcionamento da rodovia e a fluidez do tr\u00e1fego, \u201cinclusive por meio de obras de expans\u00e3o de capacidade da rodovia\u201d. No entanto, a BR-153 tem desempenho muito abaixo do necess\u00e1rio, uma vez que o fluxo de ve\u00edculos se mostra excessivo para o n\u00famero de faixas.<\/p>\n<p>Segundo afirma o documento da Justi\u00e7a, j\u00e1 foram realizados todos os procedimentos e estudos para que as obras sejam autorizadas. O reequil\u00edbrio contratual foi autorizado pelo Minist\u00e9rio da Fazenda, que publicou uma portaria, em outubro de 2016, autorizando a medida e a revis\u00e3o da tarifa de ped\u00e1gio.<\/p>\n<p>Entretanto, a justificativa da ag\u00eancia para a n\u00e3o autoriza\u00e7\u00e3o das obras \u00e9 que foi instaurada uma representa\u00e7\u00e3o no TCU (Tribunal de Contas da Uni\u00e3o), para uma auditoria do investimento\u00a0em quest\u00e3o. Mesmo sem um posicionamento do tribunal, as obras n\u00e3o foram liberadas at\u00e9 o momento.<\/p>\n<p>Ainda segundo a liminar, a necessidade da duplica\u00e7\u00e3o \u00e9 urgente. A rodovia est\u00e1 sobrecarregada e carrega a alcunha de \u201crodovia da morte\u201d, com alto n\u00famero de acidentes e \u201cn\u00edveis absurdos de congestionamento\u201d em alguns trechos.<\/p>\n<p>Devido \u00e0 incerteza quanto ao in\u00edcio das obras, em junho do ano passado a concession\u00e1ria enviou \u00e0 ag\u00eancia reguladora um pedido de an\u00e1lise da problem\u00e1tica no prazo de 30 dias, mas n\u00e3o obteve resposta.<\/p>\n<p>&#8220;\u00e9 inconceb\u00edvel se admitir que uma rodovia na qual h\u00e1 o fluxo intenso de ve\u00edculos seja de m\u00e3o \u00fanica e que seja impedida, por quest\u00f5es burocr\u00e1ticas, a duplica\u00e7\u00e3o, quanto mais quando a vida e a seguran\u00e7a dos cidad\u00e3os est\u00e3o em jogo&#8221;, escreve a ju\u00edza Solange Salgado em sua decis\u00e3o.<\/p>\n<p>Questionada a respeito da liminar, a ANTT informou, por meio da assessoria de imprensa, que ir\u00e1 se manifestar no prazo estabelecido pela Justi\u00e7a.<\/p>\n<\/div>\n","protected":false},"excerpt":{"rendered":"<p>Lucas Santin, da Ag\u00eancia iNFRA A Transbrasiliana, concession\u00e1ria da BR-153\/SP\u00a0ganhou uma liminar na Justi\u00e7a que determina \u00e0 ANTT (Ag\u00eancia Nacional de Transportes Terrestres) o prazo de 15 dias para a autoriza\u00e7\u00e3o e in\u00edcio imediato das obras de duplica\u00e7\u00e3o dos lotes 1 e 3 da rodovia. O reequil\u00edbrio contratual, por meio de revis\u00e3o de tarifas de [&hellip;]<\/p>\n","protected":false},"author":1,"featured_media":2282,"comment_status":"closed","ping_status":"open","sticky":false,"template":"","format":"standard","meta":{"_monsterinsights_skip_tracking":false,"_monsterinsights_sitenote_active":false,"_monsterinsights_sitenote_note":"","_monsterinsights_sitenote_category":0,"footnotes":""},"categories":[7],"tags":[19,22,653,21,652],"class_list":["post-2560","post","type-post","status-publish","format-standard","has-post-thumbnail","hentry","category-infratransporte","tag-antt","tag-concessao","tag-liminar","tag-rodovia","tag-transbrasiliana"],"yoast_head":"<!-- This site is optimized with the Yoast SEO Premium plugin v25.4 (Yoast SEO v26.0) - https:\/\/yoast.com\/wordpress\/plugins\/seo\/ -->\n<title>Transbrasiliana ganha liminar na Justi\u00e7a para realizar obras na concess\u00e3o da BR-153\/SP - Ag\u00eancia iNFRA<\/title>\n<meta name=\"robots\" content=\"index, follow, max-snippet:-1, max-image-preview:large, max-video-preview:-1\" \/>\n<link rel=\"canonical\" href=\"https:\/\/agenciainfra.com\/blog\/transbrasiliana-ganha-liminar-na-justica-para-realizar-obras-na-concessao-da-br-153-sp\/\" \/>\n<meta property=\"og:locale\" content=\"pt_BR\" \/>\n<meta property=\"og:type\" content=\"article\" \/>\n<meta property=\"og:title\" content=\"Transbrasiliana ganha liminar na Justi\u00e7a para realizar obras na concess\u00e3o da BR-153\/SP\" \/>\n<meta property=\"og:description\" content=\"Lucas Santin, da Ag\u00eancia iNFRA A Transbrasiliana, concession\u00e1ria da BR-153\/SP\u00a0ganhou uma liminar na Justi\u00e7a que determina \u00e0 ANTT (Ag\u00eancia Nacional de Transportes Terrestres) o prazo de 15 dias para a autoriza\u00e7\u00e3o e in\u00edcio imediato das obras de duplica\u00e7\u00e3o dos lotes 1 e 3 da rodovia. O reequil\u00edbrio contratual, por meio de revis\u00e3o de tarifas de [&hellip;]\" \/>\n<meta property=\"og:url\" content=\"https:\/\/agenciainfra.com\/blog\/transbrasiliana-ganha-liminar-na-justica-para-realizar-obras-na-concessao-da-br-153-sp\/\" \/>\n<meta property=\"og:site_name\" content=\"Ag\u00eancia iNFRA\" \/>\n<meta property=\"article:publisher\" content=\"https:\/\/www.facebook.com\/ageninfra\" \/>\n<meta property=\"article:published_time\" content=\"2018-10-29T08:00:55+00:00\" \/>\n<meta property=\"og:image\" content=\"https:\/\/agenciainfra.com\/blog\/wp-content\/uploads\/2018\/08\/br290_divulgacao_concepa3.png\" \/>\n\t<meta property=\"og:image:width\" content=\"992\" \/>\n\t<meta property=\"og:image:height\" content=\"558\" \/>\n\t<meta property=\"og:image:type\" content=\"image\/png\" \/>\n<meta name=\"author\" content=\"Ag\u00eancia iNFRA\" \/>\n<meta name=\"twitter:card\" content=\"summary_large_image\" \/>\n<meta name=\"twitter:creator\" content=\"@agencia_infra\" \/>\n<meta name=\"twitter:site\" content=\"@agencia_infra\" \/>\n<meta name=\"twitter:label1\" content=\"Escrito por\" \/>\n\t<meta name=\"twitter:data1\" content=\"Ag\u00eancia iNFRA\" \/>\n\t<meta name=\"twitter:label2\" content=\"Est. tempo de leitura\" \/>\n\t<meta name=\"twitter:data2\" content=\"2 minutos\" \/>\n<script type=\"application\/ld+json\" class=\"yoast-schema-graph\">{\"@context\":\"https:\/\/schema.org\",\"@graph\":[{\"@type\":\"Article\",\"@id\":\"https:\/\/agenciainfra.com\/blog\/transbrasiliana-ganha-liminar-na-justica-para-realizar-obras-na-concessao-da-br-153-sp\/#article\",\"isPartOf\":{\"@id\":\"https:\/\/agenciainfra.com\/blog\/transbrasiliana-ganha-liminar-na-justica-para-realizar-obras-na-concessao-da-br-153-sp\/\"},\"author\":{\"name\":\"Ag\u00eancia iNFRA\",\"@id\":\"https:\/\/agenciainfra.com\/blog\/#\/schema\/person\/34af08dff6adea4cb22b06612ba7acfa\"},\"headline\":\"Transbrasiliana ganha liminar na Justi\u00e7a para realizar obras na concess\u00e3o da BR-153\/SP\",\"datePublished\":\"2018-10-29T08:00:55+00:00\",\"mainEntityOfPage\":{\"@id\":\"https:\/\/agenciainfra.com\/blog\/transbrasiliana-ganha-liminar-na-justica-para-realizar-obras-na-concessao-da-br-153-sp\/\"},\"wordCount\":441,\"publisher\":{\"@id\":\"https:\/\/agenciainfra.com\/blog\/#organization\"},\"image\":{\"@id\":\"https:\/\/agenciainfra.com\/blog\/transbrasiliana-ganha-liminar-na-justica-para-realizar-obras-na-concessao-da-br-153-sp\/#primaryimage\"},\"thumbnailUrl\":\"https:\/\/agenciainfra.com\/blog\/wp-content\/uploads\/2018\/08\/br290_divulgacao_concepa3.png\",\"keywords\":[\"ANTT\",\"Concess\u00e3o\",\"Liminar\",\"Rodovia\",\"Transbrasiliana\"],\"articleSection\":[\"iNFRATransporte\"],\"inLanguage\":\"pt-BR\",\"copyrightYear\":\"2018\",\"copyrightHolder\":{\"@id\":\"https:\/\/agenciainfra.com\/blog\/#organization\"}},{\"@type\":\"WebPage\",\"@id\":\"https:\/\/agenciainfra.com\/blog\/transbrasiliana-ganha-liminar-na-justica-para-realizar-obras-na-concessao-da-br-153-sp\/\",\"url\":\"https:\/\/agenciainfra.com\/blog\/transbrasiliana-ganha-liminar-na-justica-para-realizar-obras-na-concessao-da-br-153-sp\/\",\"name\":\"Transbrasiliana ganha liminar na Justi\u00e7a para realizar obras na concess\u00e3o da BR-153\/SP - Ag\u00eancia iNFRA\",\"isPartOf\":{\"@id\":\"https:\/\/agenciainfra.com\/blog\/#website\"},\"primaryImageOfPage\":{\"@id\":\"https:\/\/agenciainfra.com\/blog\/transbrasiliana-ganha-liminar-na-justica-para-realizar-obras-na-concessao-da-br-153-sp\/#primaryimage\"},\"image\":{\"@id\":\"https:\/\/agenciainfra.com\/blog\/transbrasiliana-ganha-liminar-na-justica-para-realizar-obras-na-concessao-da-br-153-sp\/#primaryimage\"},\"thumbnailUrl\":\"https:\/\/agenciainfra.com\/blog\/wp-content\/uploads\/2018\/08\/br290_divulgacao_concepa3.png\",\"datePublished\":\"2018-10-29T08:00:55+00:00\",\"breadcrumb\":{\"@id\":\"https:\/\/agenciainfra.com\/blog\/transbrasiliana-ganha-liminar-na-justica-para-realizar-obras-na-concessao-da-br-153-sp\/#breadcrumb\"},\"inLanguage\":\"pt-BR\",\"potentialAction\":[{\"@type\":\"ReadAction\",\"target\":[\"https:\/\/agenciainfra.com\/blog\/transbrasiliana-ganha-liminar-na-justica-para-realizar-obras-na-concessao-da-br-153-sp\/\"]}]},{\"@type\":\"ImageObject\",\"inLanguage\":\"pt-BR\",\"@id\":\"https:\/\/agenciainfra.com\/blog\/transbrasiliana-ganha-liminar-na-justica-para-realizar-obras-na-concessao-da-br-153-sp\/#primaryimage\",\"url\":\"https:\/\/agenciainfra.com\/blog\/wp-content\/uploads\/2018\/08\/br290_divulgacao_concepa3.png\",\"contentUrl\":\"https:\/\/agenciainfra.com\/blog\/wp-content\/uploads\/2018\/08\/br290_divulgacao_concepa3.png\",\"width\":992,\"height\":558},{\"@type\":\"BreadcrumbList\",\"@id\":\"https:\/\/agenciainfra.com\/blog\/transbrasiliana-ganha-liminar-na-justica-para-realizar-obras-na-concessao-da-br-153-sp\/#breadcrumb\",\"itemListElement\":[{\"@type\":\"ListItem\",\"position\":1,\"name\":\"In\u00edcio\",\"item\":\"https:\/\/agenciainfra.com\/blog\/\"},{\"@type\":\"ListItem\",\"position\":2,\"name\":\"Transbrasiliana ganha liminar na Justi\u00e7a para realizar obras na concess\u00e3o da BR-153\/SP\"}]},{\"@type\":\"WebSite\",\"@id\":\"https:\/\/agenciainfra.com\/blog\/#website\",\"url\":\"https:\/\/agenciainfra.com\/blog\/\",\"name\":\"Ag\u00eancia iNFRA\",\"description\":\"Multiplataforma de informa\u00e7\u00e3o jornal\u00edstica refer\u00eancia na \u00e1rea de infraestrutura no Brasil!\",\"publisher\":{\"@id\":\"https:\/\/agenciainfra.com\/blog\/#organization\"},\"potentialAction\":[{\"@type\":\"SearchAction\",\"target\":{\"@type\":\"EntryPoint\",\"urlTemplate\":\"https:\/\/agenciainfra.com\/blog\/?s={search_term_string}\"},\"query-input\":{\"@type\":\"PropertyValueSpecification\",\"valueRequired\":true,\"valueName\":\"search_term_string\"}}],\"inLanguage\":\"pt-BR\"},{\"@type\":\"Organization\",\"@id\":\"https:\/\/agenciainfra.com\/blog\/#organization\",\"name\":\"Ag\u00eancia iNFRA\",\"url\":\"https:\/\/agenciainfra.com\/blog\/\",\"logo\":{\"@type\":\"ImageObject\",\"inLanguage\":\"pt-BR\",\"@id\":\"https:\/\/agenciainfra.com\/blog\/#\/schema\/logo\/image\/\",\"url\":\"https:\/\/agenciainfra.com\/blog\/wp-content\/uploads\/2023\/09\/iNFRA_5-e1761735885940.png\",\"contentUrl\":\"https:\/\/agenciainfra.com\/blog\/wp-content\/uploads\/2023\/09\/iNFRA_5-e1761735885940.png\",\"width\":1672,\"height\":454,\"caption\":\"Ag\u00eancia iNFRA\"},\"image\":{\"@id\":\"https:\/\/agenciainfra.com\/blog\/#\/schema\/logo\/image\/\"},\"sameAs\":[\"https:\/\/www.facebook.com\/ageninfra\",\"https:\/\/x.com\/agencia_infra\",\"https:\/\/www.linkedin.com\/company\/ag\u00eanciainfra\/\",\"https:\/\/www.instagram.com\/agenciainfra\/\"]},{\"@type\":\"Person\",\"@id\":\"https:\/\/agenciainfra.com\/blog\/#\/schema\/person\/34af08dff6adea4cb22b06612ba7acfa\",\"name\":\"Ag\u00eancia iNFRA\",\"image\":{\"@type\":\"ImageObject\",\"inLanguage\":\"pt-BR\",\"@id\":\"https:\/\/agenciainfra.com\/blog\/#\/schema\/person\/image\/\",\"url\":\"https:\/\/secure.gravatar.com\/avatar\/d189e01678f06d8eb84d4e01f08eb848b3fffe3f8443818d3c356c66892f5be8?s=96&d=mm&r=g\",\"contentUrl\":\"https:\/\/secure.gravatar.com\/avatar\/d189e01678f06d8eb84d4e01f08eb848b3fffe3f8443818d3c356c66892f5be8?s=96&d=mm&r=g\",\"caption\":\"Ag\u00eancia iNFRA\"},\"url\":\"https:\/\/agenciainfra.com\/blog\/author\/admin\/\"}]}<\/script>\n<!-- \/ Yoast SEO Premium plugin. -->","yoast_head_json":{"title":"Transbrasiliana ganha liminar na Justi\u00e7a para realizar obras na concess\u00e3o da BR-153\/SP - Ag\u00eancia iNFRA","robots":{"index":"index","follow":"follow","max-snippet":"max-snippet:-1","max-image-preview":"max-image-preview:large","max-video-preview":"max-video-preview:-1"},"canonical":"https:\/\/agenciainfra.com\/blog\/transbrasiliana-ganha-liminar-na-justica-para-realizar-obras-na-concessao-da-br-153-sp\/","og_locale":"pt_BR","og_type":"article","og_title":"Transbrasiliana ganha liminar na Justi\u00e7a para realizar obras na concess\u00e3o da BR-153\/SP","og_description":"Lucas Santin, da Ag\u00eancia iNFRA A Transbrasiliana, concession\u00e1ria da BR-153\/SP\u00a0ganhou uma liminar na Justi\u00e7a que determina \u00e0 ANTT (Ag\u00eancia Nacional de Transportes Terrestres) o prazo de 15 dias para a autoriza\u00e7\u00e3o e in\u00edcio imediato das obras de duplica\u00e7\u00e3o dos lotes 1 e 3 da rodovia. O reequil\u00edbrio contratual, por meio de revis\u00e3o de tarifas de [&hellip;]","og_url":"https:\/\/agenciainfra.com\/blog\/transbrasiliana-ganha-liminar-na-justica-para-realizar-obras-na-concessao-da-br-153-sp\/","og_site_name":"Ag\u00eancia iNFRA","article_publisher":"https:\/\/www.facebook.com\/ageninfra","article_published_time":"2018-10-29T08:00:55+00:00","og_image":[{"width":992,"height":558,"url":"https:\/\/agenciainfra.com\/blog\/wp-content\/uploads\/2018\/08\/br290_divulgacao_concepa3.png","type":"image\/png"}],"author":"Ag\u00eancia iNFRA","twitter_card":"summary_large_image","twitter_creator":"@agencia_infra","twitter_site":"@agencia_infra","twitter_misc":{"Escrito por":"Ag\u00eancia iNFRA","Est. tempo de leitura":"2 minutos"},"schema":{"@context":"https:\/\/schema.org","@graph":[{"@type":"Article","@id":"https:\/\/agenciainfra.com\/blog\/transbrasiliana-ganha-liminar-na-justica-para-realizar-obras-na-concessao-da-br-153-sp\/#article","isPartOf":{"@id":"https:\/\/agenciainfra.com\/blog\/transbrasiliana-ganha-liminar-na-justica-para-realizar-obras-na-concessao-da-br-153-sp\/"},"author":{"name":"Ag\u00eancia iNFRA","@id":"https:\/\/agenciainfra.com\/blog\/#\/schema\/person\/34af08dff6adea4cb22b06612ba7acfa"},"headline":"Transbrasiliana ganha liminar na Justi\u00e7a para realizar obras na concess\u00e3o da BR-153\/SP","datePublished":"2018-10-29T08:00:55+00:00","mainEntityOfPage":{"@id":"https:\/\/agenciainfra.com\/blog\/transbrasiliana-ganha-liminar-na-justica-para-realizar-obras-na-concessao-da-br-153-sp\/"},"wordCount":441,"publisher":{"@id":"https:\/\/agenciainfra.com\/blog\/#organization"},"image":{"@id":"https:\/\/agenciainfra.com\/blog\/transbrasiliana-ganha-liminar-na-justica-para-realizar-obras-na-concessao-da-br-153-sp\/#primaryimage"},"thumbnailUrl":"https:\/\/agenciainfra.com\/blog\/wp-content\/uploads\/2018\/08\/br290_divulgacao_concepa3.png","keywords":["ANTT","Concess\u00e3o","Liminar","Rodovia","Transbrasiliana"],"articleSection":["iNFRATransporte"],"inLanguage":"pt-BR","copyrightYear":"2018","copyrightHolder":{"@id":"https:\/\/agenciainfra.com\/blog\/#organization"}},{"@type":"WebPage","@id":"https:\/\/agenciainfra.com\/blog\/transbrasiliana-ganha-liminar-na-justica-para-realizar-obras-na-concessao-da-br-153-sp\/","url":"https:\/\/agenciainfra.com\/blog\/transbrasiliana-ganha-liminar-na-justica-para-realizar-obras-na-concessao-da-br-153-sp\/","name":"Transbrasiliana ganha liminar na Justi\u00e7a para realizar obras na concess\u00e3o da BR-153\/SP - Ag\u00eancia iNFRA","isPartOf":{"@id":"https:\/\/agenciainfra.com\/blog\/#website"},"primaryImageOfPage":{"@id":"https:\/\/agenciainfra.com\/blog\/transbrasiliana-ganha-liminar-na-justica-para-realizar-obras-na-concessao-da-br-153-sp\/#primaryimage"},"image":{"@id":"https:\/\/agenciainfra.com\/blog\/transbrasiliana-ganha-liminar-na-justica-para-realizar-obras-na-concessao-da-br-153-sp\/#primaryimage"},"thumbnailUrl":"https:\/\/agenciainfra.com\/blog\/wp-content\/uploads\/2018\/08\/br290_divulgacao_concepa3.png","datePublished":"2018-10-29T08:00:55+00:00","breadcrumb":{"@id":"https:\/\/agenciainfra.com\/blog\/transbrasiliana-ganha-liminar-na-justica-para-realizar-obras-na-concessao-da-br-153-sp\/#breadcrumb"},"inLanguage":"pt-BR","potentialAction":[{"@type":"ReadAction","target":["https:\/\/agenciainfra.com\/blog\/transbrasiliana-ganha-liminar-na-justica-para-realizar-obras-na-concessao-da-br-153-sp\/"]}]},{"@type":"ImageObject","inLanguage":"pt-BR","@id":"https:\/\/agenciainfra.com\/blog\/transbrasiliana-ganha-liminar-na-justica-para-realizar-obras-na-concessao-da-br-153-sp\/#primaryimage","url":"https:\/\/agenciainfra.com\/blog\/wp-content\/uploads\/2018\/08\/br290_divulgacao_concepa3.png","contentUrl":"https:\/\/agenciainfra.com\/blog\/wp-content\/uploads\/2018\/08\/br290_divulgacao_concepa3.png","width":992,"height":558},{"@type":"BreadcrumbList","@id":"https:\/\/agenciainfra.com\/blog\/transbrasiliana-ganha-liminar-na-justica-para-realizar-obras-na-concessao-da-br-153-sp\/#breadcrumb","itemListElement":[{"@type":"ListItem","position":1,"name":"In\u00edcio","item":"https:\/\/agenciainfra.com\/blog\/"},{"@type":"ListItem","position":2,"name":"Transbrasiliana ganha liminar na Justi\u00e7a para realizar obras na concess\u00e3o da BR-153\/SP"}]},{"@type":"WebSite","@id":"https:\/\/agenciainfra.com\/blog\/#website","url":"https:\/\/agenciainfra.com\/blog\/","name":"Ag\u00eancia iNFRA","description":"Multiplataforma de informa\u00e7\u00e3o jornal\u00edstica refer\u00eancia na \u00e1rea de infraestrutura no Brasil!","publisher":{"@id":"https:\/\/agenciainfra.com\/blog\/#organization"},"potentialAction":[{"@type":"SearchAction","target":{"@type":"EntryPoint","urlTemplate":"https:\/\/agenciainfra.com\/blog\/?s={search_term_string}"},"query-input":{"@type":"PropertyValueSpecification","valueRequired":true,"valueName":"search_term_string"}}],"inLanguage":"pt-BR"},{"@type":"Organization","@id":"https:\/\/agenciainfra.com\/blog\/#organization","name":"Ag\u00eancia iNFRA","url":"https:\/\/agenciainfra.com\/blog\/","logo":{"@type":"ImageObject","inLanguage":"pt-BR","@id":"https:\/\/agenciainfra.com\/blog\/#\/schema\/logo\/image\/","url":"https:\/\/agenciainfra.com\/blog\/wp-content\/uploads\/2023\/09\/iNFRA_5-e1761735885940.png","contentUrl":"https:\/\/agenciainfra.com\/blog\/wp-content\/uploads\/2023\/09\/iNFRA_5-e1761735885940.png","width":1672,"height":454,"caption":"Ag\u00eancia iNFRA"},"image":{"@id":"https:\/\/agenciainfra.com\/blog\/#\/schema\/logo\/image\/"},"sameAs":["https:\/\/www.facebook.com\/ageninfra","https:\/\/x.com\/agencia_infra","https:\/\/www.linkedin.com\/company\/ag\u00eanciainfra\/","https:\/\/www.instagram.com\/agenciainfra\/"]},{"@type":"Person","@id":"https:\/\/agenciainfra.com\/blog\/#\/schema\/person\/34af08dff6adea4cb22b06612ba7acfa","name":"Ag\u00eancia iNFRA","image":{"@type":"ImageObject","inLanguage":"pt-BR","@id":"https:\/\/agenciainfra.com\/blog\/#\/schema\/person\/image\/","url":"https:\/\/secure.gravatar.com\/avatar\/d189e01678f06d8eb84d4e01f08eb848b3fffe3f8443818d3c356c66892f5be8?s=96&d=mm&r=g","contentUrl":"https:\/\/secure.gravatar.com\/avatar\/d189e01678f06d8eb84d4e01f08eb848b3fffe3f8443818d3c356c66892f5be8?s=96&d=mm&r=g","caption":"Ag\u00eancia iNFRA"},"url":"https:\/\/agenciainfra.com\/blog\/author\/admin\/"}]}},"_links":{"self":[{"href":"https:\/\/agenciainfra.com\/blog\/wp-json\/wp\/v2\/posts\/2560","targetHints":{"allow":["GET"]}}],"collection":[{"href":"https:\/\/agenciainfra.com\/blog\/wp-json\/wp\/v2\/posts"}],"about":[{"href":"https:\/\/agenciainfra.com\/blog\/wp-json\/wp\/v2\/types\/post"}],"author":[{"embeddable":true,"href":"https:\/\/agenciainfra.com\/blog\/wp-json\/wp\/v2\/users\/1"}],"replies":[{"embeddable":true,"href":"https:\/\/agenciainfra.com\/blog\/wp-json\/wp\/v2\/comments?post=2560"}],"version-history":[{"count":0,"href":"https:\/\/agenciainfra.com\/blog\/wp-json\/wp\/v2\/posts\/2560\/revisions"}],"wp:featuredmedia":[{"embeddable":true,"href":"https:\/\/agenciainfra.com\/blog\/wp-json\/wp\/v2\/media\/2282"}],"wp:attachment":[{"href":"https:\/\/agenciainfra.com\/blog\/wp-json\/wp\/v2\/media?parent=2560"}],"wp:term":[{"taxonomy":"category","embeddable":true,"href":"https:\/\/agenciainfra.com\/blog\/wp-json\/wp\/v2\/categories?post=2560"},{"taxonomy":"post_tag","embeddable":true,"href":"https:\/\/agenciainfra.com\/blog\/wp-json\/wp\/v2\/tags?post=2560"}],"curies":[{"name":"wp","href":"https:\/\/api.w.org\/{rel}","templated":true}]}}