{"id":25624,"date":"2025-07-31T13:33:17","date_gmt":"2025-07-31T16:33:17","guid":{"rendered":"https:\/\/agenciainfra.com\/blog\/?p=25624"},"modified":"2025-08-01T10:27:27","modified_gmt":"2025-08-01T13:27:27","slug":"aneel-pauta-processo-sobre-leilao-do-gsf-para-proxima-terca-feira-5","status":"publish","type":"post","link":"https:\/\/agenciainfra.com\/blog\/aneel-pauta-processo-sobre-leilao-do-gsf-para-proxima-terca-feira-5\/","title":{"rendered":"ANEEL pauta processo sobre leil\u00e3o do GSF para pr\u00f3xima ter\u00e7a-feira (5)"},"content":{"rendered":"\n<p class=\"has-text-align-right\"><strong>da Ag\u00eancia iNFRA<\/strong><\/p>\n\n\n\n<p>O processo que trata do leil\u00e3o do GSF (sigla para risco hidrol\u00f3gico) entrou na <a href=\"https:\/\/www2.aneel.gov.br\/aplicacoes_liferay\/noticias_area\/dsp_detalheNoticia.cfm?idNoticia=14621&amp;idAreaNoticia=425\">pauta<\/a> da reuni\u00e3o de diretoria da ANEEL (Ag\u00eancia Nacional de Energia El\u00e9trica) da pr\u00f3xima ter\u00e7a-feira (5). O item, que visa tirar d\u00favidas de agentes sobre o mecanismo, est\u00e1 sob pedido de vista do diretor Fernando Mosna, que questionou a legalidade da portaria que estabelece a taxa de desconto (WACC) do certame. O leil\u00e3o, no entanto, est\u00e1 previsto para esta sexta-feira (1\u00ba). <\/p>\n\n\n\n<p>O certame foi institu\u00eddo pela <a href=\"https:\/\/www.planalto.gov.br\/ccivil_03\/_Ato2023-2026\/2025\/Mpv\/mpv1300.htm\">MP (Medida Provis\u00f3ria) 1.300\/2025<\/a>, da reforma do setor el\u00e9trico, e tem como objetivo encerrar a judicializa\u00e7\u00e3o sobre o GSF, que ainda gera um passivo mensal de R$ 1,1 bilh\u00e3o no MCP (Mercado de Curto Prazo) em fun\u00e7\u00e3o de liminares obtidas por geradores.<\/p>\n\n\n\n<p>As regras preveem extens\u00e3o de outorga de at\u00e9 sete anos para as usinas que arrematarem os cr\u00e9ditos de passivos do GSF. Esse \u00e9 o terceiro certame do tipo para encerrar as disputas judiciais sobre o tema. Foram realizados outros em 2015 e em 2020.<\/p>\n\n\n\n<p>Restou basicamente o passivo das usinas menores, as chamadas CGHs, que n\u00e3o puderam participar dos mecanismos anteriores. Pela regra, empreendimentos com liminares que isentam ou limitam o pagamento de valores referentes ao risco hidrol\u00f3gico poder\u00e3o transformar esses montantes em cr\u00e9ditos.<\/p>\n\n\n\n<p>O leil\u00e3o oferecer\u00e1 os passivos a outros agentes hidrel\u00e9tricos, desde que participantes do MRE (Mecanismo de Realoca\u00e7\u00e3o de Energia), que, ao adquiri-los, ter\u00e3o direito a estender a validade de suas concess\u00f5es de gera\u00e7\u00e3o de energia por at\u00e9 sete anos.<\/p>\n\n\n\n<p>O \u00e1gio do leil\u00e3o, ou seja, o volume arrecadado que for superior ao passivo, ser\u00e1 revertido para abatimento na CDE (Conta de Desenvolvimento Energ\u00e9tico), que re\u00fane os subs\u00eddios do setor.<\/p>\n","protected":false},"excerpt":{"rendered":"<p>da Ag\u00eancia iNFRA O processo que trata do leil\u00e3o do GSF (sigla para risco hidrol\u00f3gico) entrou na pauta da reuni\u00e3o de diretoria da ANEEL (Ag\u00eancia Nacional de Energia El\u00e9trica) da pr\u00f3xima ter\u00e7a-feira (5). O item, que visa tirar d\u00favidas de agentes sobre o mecanismo, est\u00e1 sob pedido de vista do diretor Fernando Mosna, que questionou [&hellip;]<\/p>\n","protected":false},"author":1,"featured_media":10310,"comment_status":"closed","ping_status":"closed","sticky":false,"template":"","format":"standard","meta":{"_monsterinsights_skip_tracking":false,"_monsterinsights_sitenote_active":false,"_monsterinsights_sitenote_note":"","_monsterinsights_sitenote_category":0,"footnotes":""},"categories":[7250,1,10],"tags":[53,348,13851,14671],"class_list":["post-25624","post","type-post","status-publish","format-standard","has-post-thumbnail","hentry","category-destaque-lista","category-geral","category-infraenergia","tag-aneel","tag-gsf","tag-leilao-do-gsf","tag-reuniao-de-diretoria-da-aneel"],"yoast_head":"<!-- This site is optimized with the Yoast SEO Premium plugin v25.4 (Yoast SEO v26.0) - https:\/\/yoast.com\/wordpress\/plugins\/seo\/ -->\n<title>ANEEL pauta processo sobre leil\u00e3o do GSF para pr\u00f3xima ter\u00e7a-feira (5) - Ag\u00eancia iNFRA<\/title>\n<meta name=\"robots\" content=\"index, follow, max-snippet:-1, max-image-preview:large, max-video-preview:-1\" \/>\n<link rel=\"canonical\" href=\"https:\/\/agenciainfra.com\/blog\/aneel-pauta-processo-sobre-leilao-do-gsf-para-proxima-terca-feira-5\/\" \/>\n<meta property=\"og:locale\" content=\"pt_BR\" \/>\n<meta property=\"og:type\" content=\"article\" \/>\n<meta property=\"og:title\" content=\"ANEEL pauta processo sobre leil\u00e3o do GSF para pr\u00f3xima ter\u00e7a-feira (5)\" \/>\n<meta property=\"og:description\" content=\"da Ag\u00eancia iNFRA O processo que trata do leil\u00e3o do GSF (sigla para risco hidrol\u00f3gico) entrou na pauta da reuni\u00e3o de diretoria da ANEEL (Ag\u00eancia Nacional de Energia El\u00e9trica) da pr\u00f3xima ter\u00e7a-feira (5). O item, que visa tirar d\u00favidas de agentes sobre o mecanismo, est\u00e1 sob pedido de vista do diretor Fernando Mosna, que questionou [&hellip;]\" \/>\n<meta property=\"og:url\" content=\"https:\/\/agenciainfra.com\/blog\/aneel-pauta-processo-sobre-leilao-do-gsf-para-proxima-terca-feira-5\/\" \/>\n<meta property=\"og:site_name\" content=\"Ag\u00eancia iNFRA\" \/>\n<meta property=\"article:publisher\" content=\"https:\/\/www.facebook.com\/ageninfra\" \/>\n<meta property=\"article:published_time\" content=\"2025-07-31T16:33:17+00:00\" \/>\n<meta property=\"article:modified_time\" content=\"2025-08-01T13:27:27+00:00\" \/>\n<meta property=\"og:image\" content=\"https:\/\/agenciainfra.com\/blog\/wp-content\/uploads\/2022\/05\/aneel-foto-aneel-e1747939008656.jpg\" \/>\n\t<meta property=\"og:image:width\" content=\"1299\" \/>\n\t<meta property=\"og:image:height\" content=\"764\" \/>\n\t<meta property=\"og:image:type\" content=\"image\/jpeg\" \/>\n<meta name=\"author\" content=\"Ag\u00eancia iNFRA\" \/>\n<meta name=\"twitter:card\" content=\"summary_large_image\" \/>\n<meta name=\"twitter:creator\" content=\"@agencia_infra\" \/>\n<meta name=\"twitter:site\" content=\"@agencia_infra\" \/>\n<meta name=\"twitter:label1\" content=\"Escrito por\" \/>\n\t<meta name=\"twitter:data1\" content=\"Ag\u00eancia iNFRA\" \/>\n\t<meta name=\"twitter:label2\" content=\"Est. tempo de leitura\" \/>\n\t<meta name=\"twitter:data2\" content=\"2 minutos\" \/>\n<script type=\"application\/ld+json\" class=\"yoast-schema-graph\">{\"@context\":\"https:\/\/schema.org\",\"@graph\":[{\"@type\":\"Article\",\"@id\":\"https:\/\/agenciainfra.com\/blog\/aneel-pauta-processo-sobre-leilao-do-gsf-para-proxima-terca-feira-5\/#article\",\"isPartOf\":{\"@id\":\"https:\/\/agenciainfra.com\/blog\/aneel-pauta-processo-sobre-leilao-do-gsf-para-proxima-terca-feira-5\/\"},\"author\":{\"name\":\"Ag\u00eancia iNFRA\",\"@id\":\"https:\/\/agenciainfra.com\/blog\/#\/schema\/person\/34af08dff6adea4cb22b06612ba7acfa\"},\"headline\":\"ANEEL pauta processo sobre leil\u00e3o do GSF para pr\u00f3xima ter\u00e7a-feira (5)\",\"datePublished\":\"2025-07-31T16:33:17+00:00\",\"dateModified\":\"2025-08-01T13:27:27+00:00\",\"mainEntityOfPage\":{\"@id\":\"https:\/\/agenciainfra.com\/blog\/aneel-pauta-processo-sobre-leilao-do-gsf-para-proxima-terca-feira-5\/\"},\"wordCount\":316,\"publisher\":{\"@id\":\"https:\/\/agenciainfra.com\/blog\/#organization\"},\"image\":{\"@id\":\"https:\/\/agenciainfra.com\/blog\/aneel-pauta-processo-sobre-leilao-do-gsf-para-proxima-terca-feira-5\/#primaryimage\"},\"thumbnailUrl\":\"https:\/\/agenciainfra.com\/blog\/wp-content\/uploads\/2022\/05\/aneel-foto-aneel-e1764788022595.jpg\",\"keywords\":[\"ANEEL\",\"GSF\",\"leil\u00e3o do GSF\",\"reuni\u00e3o de diretoria da ANEEL\"],\"articleSection\":[\"Destaque lista\",\"Geral\",\"iNFRAEnergia\"],\"inLanguage\":\"pt-BR\",\"copyrightYear\":\"2025\",\"copyrightHolder\":{\"@id\":\"https:\/\/agenciainfra.com\/blog\/#organization\"}},{\"@type\":\"WebPage\",\"@id\":\"https:\/\/agenciainfra.com\/blog\/aneel-pauta-processo-sobre-leilao-do-gsf-para-proxima-terca-feira-5\/\",\"url\":\"https:\/\/agenciainfra.com\/blog\/aneel-pauta-processo-sobre-leilao-do-gsf-para-proxima-terca-feira-5\/\",\"name\":\"ANEEL pauta processo sobre leil\u00e3o do GSF para pr\u00f3xima ter\u00e7a-feira (5) - Ag\u00eancia iNFRA\",\"isPartOf\":{\"@id\":\"https:\/\/agenciainfra.com\/blog\/#website\"},\"primaryImageOfPage\":{\"@id\":\"https:\/\/agenciainfra.com\/blog\/aneel-pauta-processo-sobre-leilao-do-gsf-para-proxima-terca-feira-5\/#primaryimage\"},\"image\":{\"@id\":\"https:\/\/agenciainfra.com\/blog\/aneel-pauta-processo-sobre-leilao-do-gsf-para-proxima-terca-feira-5\/#primaryimage\"},\"thumbnailUrl\":\"https:\/\/agenciainfra.com\/blog\/wp-content\/uploads\/2022\/05\/aneel-foto-aneel-e1764788022595.jpg\",\"datePublished\":\"2025-07-31T16:33:17+00:00\",\"dateModified\":\"2025-08-01T13:27:27+00:00\",\"breadcrumb\":{\"@id\":\"https:\/\/agenciainfra.com\/blog\/aneel-pauta-processo-sobre-leilao-do-gsf-para-proxima-terca-feira-5\/#breadcrumb\"},\"inLanguage\":\"pt-BR\",\"potentialAction\":[{\"@type\":\"ReadAction\",\"target\":[\"https:\/\/agenciainfra.com\/blog\/aneel-pauta-processo-sobre-leilao-do-gsf-para-proxima-terca-feira-5\/\"]}]},{\"@type\":\"ImageObject\",\"inLanguage\":\"pt-BR\",\"@id\":\"https:\/\/agenciainfra.com\/blog\/aneel-pauta-processo-sobre-leilao-do-gsf-para-proxima-terca-feira-5\/#primaryimage\",\"url\":\"https:\/\/agenciainfra.com\/blog\/wp-content\/uploads\/2022\/05\/aneel-foto-aneel-e1764788022595.jpg\",\"contentUrl\":\"https:\/\/agenciainfra.com\/blog\/wp-content\/uploads\/2022\/05\/aneel-foto-aneel-e1764788022595.jpg\",\"width\":1280,\"height\":753,\"caption\":\"Foto: ANEEL\"},{\"@type\":\"BreadcrumbList\",\"@id\":\"https:\/\/agenciainfra.com\/blog\/aneel-pauta-processo-sobre-leilao-do-gsf-para-proxima-terca-feira-5\/#breadcrumb\",\"itemListElement\":[{\"@type\":\"ListItem\",\"position\":1,\"name\":\"In\u00edcio\",\"item\":\"https:\/\/agenciainfra.com\/blog\/\"},{\"@type\":\"ListItem\",\"position\":2,\"name\":\"ANEEL pauta processo sobre leil\u00e3o do GSF para pr\u00f3xima ter\u00e7a-feira (5)\"}]},{\"@type\":\"WebSite\",\"@id\":\"https:\/\/agenciainfra.com\/blog\/#website\",\"url\":\"https:\/\/agenciainfra.com\/blog\/\",\"name\":\"Ag\u00eancia iNFRA\",\"description\":\"Multiplataforma de informa\u00e7\u00e3o jornal\u00edstica refer\u00eancia na \u00e1rea de infraestrutura no Brasil!\",\"publisher\":{\"@id\":\"https:\/\/agenciainfra.com\/blog\/#organization\"},\"potentialAction\":[{\"@type\":\"SearchAction\",\"target\":{\"@type\":\"EntryPoint\",\"urlTemplate\":\"https:\/\/agenciainfra.com\/blog\/?s={search_term_string}\"},\"query-input\":{\"@type\":\"PropertyValueSpecification\",\"valueRequired\":true,\"valueName\":\"search_term_string\"}}],\"inLanguage\":\"pt-BR\"},{\"@type\":\"Organization\",\"@id\":\"https:\/\/agenciainfra.com\/blog\/#organization\",\"name\":\"Ag\u00eancia iNFRA\",\"url\":\"https:\/\/agenciainfra.com\/blog\/\",\"logo\":{\"@type\":\"ImageObject\",\"inLanguage\":\"pt-BR\",\"@id\":\"https:\/\/agenciainfra.com\/blog\/#\/schema\/logo\/image\/\",\"url\":\"https:\/\/agenciainfra.com\/blog\/wp-content\/uploads\/2023\/09\/iNFRA_5-e1761735885940.png\",\"contentUrl\":\"https:\/\/agenciainfra.com\/blog\/wp-content\/uploads\/2023\/09\/iNFRA_5-e1761735885940.png\",\"width\":1672,\"height\":454,\"caption\":\"Ag\u00eancia iNFRA\"},\"image\":{\"@id\":\"https:\/\/agenciainfra.com\/blog\/#\/schema\/logo\/image\/\"},\"sameAs\":[\"https:\/\/www.facebook.com\/ageninfra\",\"https:\/\/x.com\/agencia_infra\",\"https:\/\/www.linkedin.com\/company\/ag\u00eanciainfra\/\",\"https:\/\/www.instagram.com\/agenciainfra\/\"]},{\"@type\":\"Person\",\"@id\":\"https:\/\/agenciainfra.com\/blog\/#\/schema\/person\/34af08dff6adea4cb22b06612ba7acfa\",\"name\":\"Ag\u00eancia iNFRA\",\"image\":{\"@type\":\"ImageObject\",\"inLanguage\":\"pt-BR\",\"@id\":\"https:\/\/agenciainfra.com\/blog\/#\/schema\/person\/image\/\",\"url\":\"https:\/\/secure.gravatar.com\/avatar\/d189e01678f06d8eb84d4e01f08eb848b3fffe3f8443818d3c356c66892f5be8?s=96&d=mm&r=g\",\"contentUrl\":\"https:\/\/secure.gravatar.com\/avatar\/d189e01678f06d8eb84d4e01f08eb848b3fffe3f8443818d3c356c66892f5be8?s=96&d=mm&r=g\",\"caption\":\"Ag\u00eancia iNFRA\"},\"url\":\"https:\/\/agenciainfra.com\/blog\/author\/admin\/\"}]}<\/script>\n<!-- \/ Yoast SEO Premium plugin. -->","yoast_head_json":{"title":"ANEEL pauta processo sobre leil\u00e3o do GSF para pr\u00f3xima ter\u00e7a-feira (5) - Ag\u00eancia iNFRA","robots":{"index":"index","follow":"follow","max-snippet":"max-snippet:-1","max-image-preview":"max-image-preview:large","max-video-preview":"max-video-preview:-1"},"canonical":"https:\/\/agenciainfra.com\/blog\/aneel-pauta-processo-sobre-leilao-do-gsf-para-proxima-terca-feira-5\/","og_locale":"pt_BR","og_type":"article","og_title":"ANEEL pauta processo sobre leil\u00e3o do GSF para pr\u00f3xima ter\u00e7a-feira (5)","og_description":"da Ag\u00eancia iNFRA O processo que trata do leil\u00e3o do GSF (sigla para risco hidrol\u00f3gico) entrou na pauta da reuni\u00e3o de diretoria da ANEEL (Ag\u00eancia Nacional de Energia El\u00e9trica) da pr\u00f3xima ter\u00e7a-feira (5). O item, que visa tirar d\u00favidas de agentes sobre o mecanismo, est\u00e1 sob pedido de vista do diretor Fernando Mosna, que questionou [&hellip;]","og_url":"https:\/\/agenciainfra.com\/blog\/aneel-pauta-processo-sobre-leilao-do-gsf-para-proxima-terca-feira-5\/","og_site_name":"Ag\u00eancia iNFRA","article_publisher":"https:\/\/www.facebook.com\/ageninfra","article_published_time":"2025-07-31T16:33:17+00:00","article_modified_time":"2025-08-01T13:27:27+00:00","og_image":[{"width":1299,"height":764,"url":"https:\/\/agenciainfra.com\/blog\/wp-content\/uploads\/2022\/05\/aneel-foto-aneel-e1747939008656.jpg","type":"image\/jpeg"}],"author":"Ag\u00eancia iNFRA","twitter_card":"summary_large_image","twitter_creator":"@agencia_infra","twitter_site":"@agencia_infra","twitter_misc":{"Escrito por":"Ag\u00eancia iNFRA","Est. tempo de leitura":"2 minutos"},"schema":{"@context":"https:\/\/schema.org","@graph":[{"@type":"Article","@id":"https:\/\/agenciainfra.com\/blog\/aneel-pauta-processo-sobre-leilao-do-gsf-para-proxima-terca-feira-5\/#article","isPartOf":{"@id":"https:\/\/agenciainfra.com\/blog\/aneel-pauta-processo-sobre-leilao-do-gsf-para-proxima-terca-feira-5\/"},"author":{"name":"Ag\u00eancia iNFRA","@id":"https:\/\/agenciainfra.com\/blog\/#\/schema\/person\/34af08dff6adea4cb22b06612ba7acfa"},"headline":"ANEEL pauta processo sobre leil\u00e3o do GSF para pr\u00f3xima ter\u00e7a-feira (5)","datePublished":"2025-07-31T16:33:17+00:00","dateModified":"2025-08-01T13:27:27+00:00","mainEntityOfPage":{"@id":"https:\/\/agenciainfra.com\/blog\/aneel-pauta-processo-sobre-leilao-do-gsf-para-proxima-terca-feira-5\/"},"wordCount":316,"publisher":{"@id":"https:\/\/agenciainfra.com\/blog\/#organization"},"image":{"@id":"https:\/\/agenciainfra.com\/blog\/aneel-pauta-processo-sobre-leilao-do-gsf-para-proxima-terca-feira-5\/#primaryimage"},"thumbnailUrl":"https:\/\/agenciainfra.com\/blog\/wp-content\/uploads\/2022\/05\/aneel-foto-aneel-e1764788022595.jpg","keywords":["ANEEL","GSF","leil\u00e3o do GSF","reuni\u00e3o de diretoria da ANEEL"],"articleSection":["Destaque lista","Geral","iNFRAEnergia"],"inLanguage":"pt-BR","copyrightYear":"2025","copyrightHolder":{"@id":"https:\/\/agenciainfra.com\/blog\/#organization"}},{"@type":"WebPage","@id":"https:\/\/agenciainfra.com\/blog\/aneel-pauta-processo-sobre-leilao-do-gsf-para-proxima-terca-feira-5\/","url":"https:\/\/agenciainfra.com\/blog\/aneel-pauta-processo-sobre-leilao-do-gsf-para-proxima-terca-feira-5\/","name":"ANEEL pauta processo sobre leil\u00e3o do GSF para pr\u00f3xima ter\u00e7a-feira (5) - Ag\u00eancia iNFRA","isPartOf":{"@id":"https:\/\/agenciainfra.com\/blog\/#website"},"primaryImageOfPage":{"@id":"https:\/\/agenciainfra.com\/blog\/aneel-pauta-processo-sobre-leilao-do-gsf-para-proxima-terca-feira-5\/#primaryimage"},"image":{"@id":"https:\/\/agenciainfra.com\/blog\/aneel-pauta-processo-sobre-leilao-do-gsf-para-proxima-terca-feira-5\/#primaryimage"},"thumbnailUrl":"https:\/\/agenciainfra.com\/blog\/wp-content\/uploads\/2022\/05\/aneel-foto-aneel-e1764788022595.jpg","datePublished":"2025-07-31T16:33:17+00:00","dateModified":"2025-08-01T13:27:27+00:00","breadcrumb":{"@id":"https:\/\/agenciainfra.com\/blog\/aneel-pauta-processo-sobre-leilao-do-gsf-para-proxima-terca-feira-5\/#breadcrumb"},"inLanguage":"pt-BR","potentialAction":[{"@type":"ReadAction","target":["https:\/\/agenciainfra.com\/blog\/aneel-pauta-processo-sobre-leilao-do-gsf-para-proxima-terca-feira-5\/"]}]},{"@type":"ImageObject","inLanguage":"pt-BR","@id":"https:\/\/agenciainfra.com\/blog\/aneel-pauta-processo-sobre-leilao-do-gsf-para-proxima-terca-feira-5\/#primaryimage","url":"https:\/\/agenciainfra.com\/blog\/wp-content\/uploads\/2022\/05\/aneel-foto-aneel-e1764788022595.jpg","contentUrl":"https:\/\/agenciainfra.com\/blog\/wp-content\/uploads\/2022\/05\/aneel-foto-aneel-e1764788022595.jpg","width":1280,"height":753,"caption":"Foto: ANEEL"},{"@type":"BreadcrumbList","@id":"https:\/\/agenciainfra.com\/blog\/aneel-pauta-processo-sobre-leilao-do-gsf-para-proxima-terca-feira-5\/#breadcrumb","itemListElement":[{"@type":"ListItem","position":1,"name":"In\u00edcio","item":"https:\/\/agenciainfra.com\/blog\/"},{"@type":"ListItem","position":2,"name":"ANEEL pauta processo sobre leil\u00e3o do GSF para pr\u00f3xima ter\u00e7a-feira (5)"}]},{"@type":"WebSite","@id":"https:\/\/agenciainfra.com\/blog\/#website","url":"https:\/\/agenciainfra.com\/blog\/","name":"Ag\u00eancia iNFRA","description":"Multiplataforma de informa\u00e7\u00e3o jornal\u00edstica refer\u00eancia na \u00e1rea de infraestrutura no Brasil!","publisher":{"@id":"https:\/\/agenciainfra.com\/blog\/#organization"},"potentialAction":[{"@type":"SearchAction","target":{"@type":"EntryPoint","urlTemplate":"https:\/\/agenciainfra.com\/blog\/?s={search_term_string}"},"query-input":{"@type":"PropertyValueSpecification","valueRequired":true,"valueName":"search_term_string"}}],"inLanguage":"pt-BR"},{"@type":"Organization","@id":"https:\/\/agenciainfra.com\/blog\/#organization","name":"Ag\u00eancia iNFRA","url":"https:\/\/agenciainfra.com\/blog\/","logo":{"@type":"ImageObject","inLanguage":"pt-BR","@id":"https:\/\/agenciainfra.com\/blog\/#\/schema\/logo\/image\/","url":"https:\/\/agenciainfra.com\/blog\/wp-content\/uploads\/2023\/09\/iNFRA_5-e1761735885940.png","contentUrl":"https:\/\/agenciainfra.com\/blog\/wp-content\/uploads\/2023\/09\/iNFRA_5-e1761735885940.png","width":1672,"height":454,"caption":"Ag\u00eancia iNFRA"},"image":{"@id":"https:\/\/agenciainfra.com\/blog\/#\/schema\/logo\/image\/"},"sameAs":["https:\/\/www.facebook.com\/ageninfra","https:\/\/x.com\/agencia_infra","https:\/\/www.linkedin.com\/company\/ag\u00eanciainfra\/","https:\/\/www.instagram.com\/agenciainfra\/"]},{"@type":"Person","@id":"https:\/\/agenciainfra.com\/blog\/#\/schema\/person\/34af08dff6adea4cb22b06612ba7acfa","name":"Ag\u00eancia iNFRA","image":{"@type":"ImageObject","inLanguage":"pt-BR","@id":"https:\/\/agenciainfra.com\/blog\/#\/schema\/person\/image\/","url":"https:\/\/secure.gravatar.com\/avatar\/d189e01678f06d8eb84d4e01f08eb848b3fffe3f8443818d3c356c66892f5be8?s=96&d=mm&r=g","contentUrl":"https:\/\/secure.gravatar.com\/avatar\/d189e01678f06d8eb84d4e01f08eb848b3fffe3f8443818d3c356c66892f5be8?s=96&d=mm&r=g","caption":"Ag\u00eancia iNFRA"},"url":"https:\/\/agenciainfra.com\/blog\/author\/admin\/"}]}},"_links":{"self":[{"href":"https:\/\/agenciainfra.com\/blog\/wp-json\/wp\/v2\/posts\/25624","targetHints":{"allow":["GET"]}}],"collection":[{"href":"https:\/\/agenciainfra.com\/blog\/wp-json\/wp\/v2\/posts"}],"about":[{"href":"https:\/\/agenciainfra.com\/blog\/wp-json\/wp\/v2\/types\/post"}],"author":[{"embeddable":true,"href":"https:\/\/agenciainfra.com\/blog\/wp-json\/wp\/v2\/users\/1"}],"replies":[{"embeddable":true,"href":"https:\/\/agenciainfra.com\/blog\/wp-json\/wp\/v2\/comments?post=25624"}],"version-history":[{"count":1,"href":"https:\/\/agenciainfra.com\/blog\/wp-json\/wp\/v2\/posts\/25624\/revisions"}],"predecessor-version":[{"id":25625,"href":"https:\/\/agenciainfra.com\/blog\/wp-json\/wp\/v2\/posts\/25624\/revisions\/25625"}],"wp:featuredmedia":[{"embeddable":true,"href":"https:\/\/agenciainfra.com\/blog\/wp-json\/wp\/v2\/media\/10310"}],"wp:attachment":[{"href":"https:\/\/agenciainfra.com\/blog\/wp-json\/wp\/v2\/media?parent=25624"}],"wp:term":[{"taxonomy":"category","embeddable":true,"href":"https:\/\/agenciainfra.com\/blog\/wp-json\/wp\/v2\/categories?post=25624"},{"taxonomy":"post_tag","embeddable":true,"href":"https:\/\/agenciainfra.com\/blog\/wp-json\/wp\/v2\/tags?post=25624"}],"curies":[{"name":"wp","href":"https:\/\/api.w.org\/{rel}","templated":true}]}}