{"id":25626,"date":"2025-07-31T13:46:58","date_gmt":"2025-07-31T16:46:58","guid":{"rendered":"https:\/\/agenciainfra.com\/blog\/?p=25626"},"modified":"2025-08-01T12:30:51","modified_gmt":"2025-08-01T15:30:51","slug":"mme-sustenta-projecao-de-queda-na-gasolina-com-e30-e-fala-em-aumento-de-r-02-no-diesel-com-b15-ante-fim-de-julho","status":"publish","type":"post","link":"https:\/\/agenciainfra.com\/blog\/mme-sustenta-projecao-de-queda-na-gasolina-com-e30-e-fala-em-aumento-de-r-02-no-diesel-com-b15-ante-fim-de-julho\/","title":{"rendered":"MME sustenta proje\u00e7\u00e3o de queda na gasolina com E30 e fala em aumento de R$ 0,2 no diesel com B15 ante fim de julho"},"content":{"rendered":"\n<p class=\"has-text-align-right\"><strong>Gabriel Vasconcelos, da Ag\u00eancia iNFRA<\/strong><\/p>\n\n\n\n<p>O MME (Minist\u00e9rio de Minas e Energia) reiterou nesta quinta-feira (31), em nota, a proje\u00e7\u00e3o de queda no pre\u00e7o da gasolina C, vendida aos consumidores, com o novo percentual obrigat\u00f3rio de 30% de etanol anidro na mistura, o E30, que entra em vigor nesta sexta-feira (1\u00b0). Segundo a pasta, o litro do combust\u00edvel deve ficar 12 centavos mais barato que o pre\u00e7o m\u00e9dio nacional verificado na semana entre 20 e 26 de julho (R$ 6,20), a uma m\u00e9dia de R$ 6,08. A previs\u00e3o \u00e9 contestada pelo mercado, que espera queda menor, entre 1 e 2 centavos.<\/p>\n\n\n\n<p>No caso do novo mandato de 15% do biodiesel no diesel B, o B15, o MME projeta alta de 2 centavos por litro, comparado com os valores do fim de julho, saindo de uma m\u00e9dia de R$ 5,97\/L e chegando a R$ 5,99\/L. A proje\u00e7\u00e3o de pre\u00e7o final feita no fim de junho, que usava os pre\u00e7os de maio como refer\u00eancia, era de redu\u00e7\u00e3o de 1 centavo por litro. A proje\u00e7\u00e3o atual, de alta leve, est\u00e1 mais pr\u00f3xima da feita por agentes privados <a href=\"https:\/\/agenciainfra.com\/blog\/novos-mandatos-de-biocombustiveis-nao-devem-aliviar-os-precos-na-bomba\/\">ouvidos<\/a> pela <strong>Ag\u00eancia iNFRA<\/strong>.<\/p>\n\n\n\n<p>&#8220;Em 31 de maio, o pre\u00e7o m\u00e9dio do diesel B no Brasil, segundo dados da ANP, era de exatos R$ 6,00\/l. Portanto, mesmo com o B15, o pre\u00e7o projetado para agosto permanece R$ 0,01\/L abaixo do verificado no final de maio&#8221;, afirma o MME em nota.<\/p>\n\n\n\n<p>A pasta acrescenta, ainda, que &#8220;todo o esfor\u00e7o da pol\u00edtica energ\u00e9tica s\u00f3 chega ao consumidor se n\u00e3o houver captura de margem pela revenda e pela distribui\u00e7\u00e3o&#8221;. O minist\u00e9rio e o pr\u00f3prio presidente Lula t\u00eam reclamado da falta de repasses das redu\u00e7\u00f5es de pre\u00e7o da Petrobras ao consumidor final por outros agentes da cadeia, como distribuidores e postos de combust\u00edveis. O MME tem oficiado o CADE (Conselho Administrativo de Defesa Econ\u00f4mica), que recentemente tornou o assunto priorit\u00e1rio para o bi\u00eanio 2025-2026.<\/p>\n\n\n\n<p>&#8220;Ressalte-se que em Bras\u00edlia, por exemplo, houve postos que aumentaram sem justificativa R$ 0.50 por litro a sua pr\u00f3pria margem ao inv\u00e9s de reduzir o pre\u00e7o ao consumidor final&#8221;, disse a pasta em nota.<\/p>\n","protected":false},"excerpt":{"rendered":"<p>Gabriel Vasconcelos, da Ag\u00eancia iNFRA O MME (Minist\u00e9rio de Minas e Energia) reiterou nesta quinta-feira (31), em nota, a proje\u00e7\u00e3o de queda no pre\u00e7o da gasolina C, vendida aos consumidores, com o novo percentual obrigat\u00f3rio de 30% de etanol anidro na mistura, o E30, que entra em vigor nesta sexta-feira (1\u00b0). Segundo a pasta, o [&hellip;]<\/p>\n","protected":false},"author":1,"featured_media":7212,"comment_status":"closed","ping_status":"closed","sticky":false,"template":"","format":"standard","meta":{"_monsterinsights_skip_tracking":false,"_monsterinsights_sitenote_active":false,"_monsterinsights_sitenote_note":"","_monsterinsights_sitenote_category":0,"footnotes":""},"categories":[7250,1,13271],"tags":[2474,11576,13251,3365,71,5163],"class_list":["post-25626","post","type-post","status-publish","format-standard","has-post-thumbnail","hentry","category-destaque-lista","category-geral","category-oleo-gas","tag-biocombustiveis","tag-biodiesel-no-diesel","tag-gabriel-vasconcelos","tag-gasolina","tag-mme","tag-preco-dos-combustiveis"],"yoast_head":"<!-- This site is optimized with the Yoast SEO Premium plugin v25.4 (Yoast SEO v26.0) - https:\/\/yoast.com\/wordpress\/plugins\/seo\/ -->\n<title>MME sustenta proje\u00e7\u00e3o de queda na gasolina com E30 e fala em aumento de R$ 0,2 no diesel com B15 ante fim de julho - Ag\u00eancia iNFRA<\/title>\n<meta name=\"robots\" content=\"index, follow, max-snippet:-1, max-image-preview:large, max-video-preview:-1\" \/>\n<link rel=\"canonical\" href=\"https:\/\/agenciainfra.com\/blog\/mme-sustenta-projecao-de-queda-na-gasolina-com-e30-e-fala-em-aumento-de-r-02-no-diesel-com-b15-ante-fim-de-julho\/\" \/>\n<meta property=\"og:locale\" content=\"pt_BR\" \/>\n<meta property=\"og:type\" content=\"article\" \/>\n<meta property=\"og:title\" content=\"MME sustenta proje\u00e7\u00e3o de queda na gasolina com E30 e fala em aumento de R$ 0,2 no diesel com B15 ante fim de julho\" \/>\n<meta property=\"og:description\" content=\"Gabriel Vasconcelos, da Ag\u00eancia iNFRA O MME (Minist\u00e9rio de Minas e Energia) reiterou nesta quinta-feira (31), em nota, a proje\u00e7\u00e3o de queda no pre\u00e7o da gasolina C, vendida aos consumidores, com o novo percentual obrigat\u00f3rio de 30% de etanol anidro na mistura, o E30, que entra em vigor nesta sexta-feira (1\u00b0). Segundo a pasta, o [&hellip;]\" \/>\n<meta property=\"og:url\" content=\"https:\/\/agenciainfra.com\/blog\/mme-sustenta-projecao-de-queda-na-gasolina-com-e30-e-fala-em-aumento-de-r-02-no-diesel-com-b15-ante-fim-de-julho\/\" \/>\n<meta property=\"og:site_name\" content=\"Ag\u00eancia iNFRA\" \/>\n<meta property=\"article:publisher\" content=\"https:\/\/www.facebook.com\/ageninfra\" \/>\n<meta property=\"article:published_time\" content=\"2025-07-31T16:46:58+00:00\" \/>\n<meta property=\"article:modified_time\" content=\"2025-08-01T15:30:51+00:00\" \/>\n<meta property=\"og:image\" content=\"https:\/\/agenciainfra.com\/blog\/wp-content\/uploads\/2021\/05\/gasolina-foto-marcelo-camargo-agencia-brasil.jpeg\" \/>\n\t<meta property=\"og:image:width\" content=\"1280\" \/>\n\t<meta property=\"og:image:height\" content=\"715\" \/>\n\t<meta property=\"og:image:type\" content=\"image\/jpeg\" \/>\n<meta name=\"author\" content=\"Ag\u00eancia iNFRA\" \/>\n<meta name=\"twitter:card\" content=\"summary_large_image\" \/>\n<meta name=\"twitter:creator\" content=\"@agencia_infra\" \/>\n<meta name=\"twitter:site\" content=\"@agencia_infra\" \/>\n<meta name=\"twitter:label1\" content=\"Escrito por\" \/>\n\t<meta name=\"twitter:data1\" content=\"Ag\u00eancia iNFRA\" \/>\n\t<meta name=\"twitter:label2\" content=\"Est. tempo de leitura\" \/>\n\t<meta name=\"twitter:data2\" content=\"2 minutos\" \/>\n<script type=\"application\/ld+json\" class=\"yoast-schema-graph\">{\"@context\":\"https:\/\/schema.org\",\"@graph\":[{\"@type\":\"Article\",\"@id\":\"https:\/\/agenciainfra.com\/blog\/mme-sustenta-projecao-de-queda-na-gasolina-com-e30-e-fala-em-aumento-de-r-02-no-diesel-com-b15-ante-fim-de-julho\/#article\",\"isPartOf\":{\"@id\":\"https:\/\/agenciainfra.com\/blog\/mme-sustenta-projecao-de-queda-na-gasolina-com-e30-e-fala-em-aumento-de-r-02-no-diesel-com-b15-ante-fim-de-julho\/\"},\"author\":{\"name\":\"Ag\u00eancia iNFRA\",\"@id\":\"https:\/\/agenciainfra.com\/blog\/#\/schema\/person\/34af08dff6adea4cb22b06612ba7acfa\"},\"headline\":\"MME sustenta proje\u00e7\u00e3o de queda na gasolina com E30 e fala em aumento de R$ 0,2 no diesel com B15 ante fim de julho\",\"datePublished\":\"2025-07-31T16:46:58+00:00\",\"dateModified\":\"2025-08-01T15:30:51+00:00\",\"mainEntityOfPage\":{\"@id\":\"https:\/\/agenciainfra.com\/blog\/mme-sustenta-projecao-de-queda-na-gasolina-com-e30-e-fala-em-aumento-de-r-02-no-diesel-com-b15-ante-fim-de-julho\/\"},\"wordCount\":396,\"publisher\":{\"@id\":\"https:\/\/agenciainfra.com\/blog\/#organization\"},\"image\":{\"@id\":\"https:\/\/agenciainfra.com\/blog\/mme-sustenta-projecao-de-queda-na-gasolina-com-e30-e-fala-em-aumento-de-r-02-no-diesel-com-b15-ante-fim-de-julho\/#primaryimage\"},\"thumbnailUrl\":\"https:\/\/agenciainfra.com\/blog\/wp-content\/uploads\/2021\/05\/gasolina-foto-marcelo-camargo-agencia-brasil.jpeg\",\"keywords\":[\"biocombust\u00edveis\",\"biodiesel no diesel\",\"Gabriel Vasconcelos\",\"gasolina\",\"MME\",\"pre\u00e7o dos combust\u00edveis\"],\"articleSection\":[\"Destaque lista\",\"Geral\",\"\u00d3leo &amp; G\u00e1s\"],\"inLanguage\":\"pt-BR\",\"copyrightYear\":\"2025\",\"copyrightHolder\":{\"@id\":\"https:\/\/agenciainfra.com\/blog\/#organization\"}},{\"@type\":\"WebPage\",\"@id\":\"https:\/\/agenciainfra.com\/blog\/mme-sustenta-projecao-de-queda-na-gasolina-com-e30-e-fala-em-aumento-de-r-02-no-diesel-com-b15-ante-fim-de-julho\/\",\"url\":\"https:\/\/agenciainfra.com\/blog\/mme-sustenta-projecao-de-queda-na-gasolina-com-e30-e-fala-em-aumento-de-r-02-no-diesel-com-b15-ante-fim-de-julho\/\",\"name\":\"MME sustenta proje\u00e7\u00e3o de queda na gasolina com E30 e fala em aumento de R$ 0,2 no diesel com B15 ante fim de julho - Ag\u00eancia iNFRA\",\"isPartOf\":{\"@id\":\"https:\/\/agenciainfra.com\/blog\/#website\"},\"primaryImageOfPage\":{\"@id\":\"https:\/\/agenciainfra.com\/blog\/mme-sustenta-projecao-de-queda-na-gasolina-com-e30-e-fala-em-aumento-de-r-02-no-diesel-com-b15-ante-fim-de-julho\/#primaryimage\"},\"image\":{\"@id\":\"https:\/\/agenciainfra.com\/blog\/mme-sustenta-projecao-de-queda-na-gasolina-com-e30-e-fala-em-aumento-de-r-02-no-diesel-com-b15-ante-fim-de-julho\/#primaryimage\"},\"thumbnailUrl\":\"https:\/\/agenciainfra.com\/blog\/wp-content\/uploads\/2021\/05\/gasolina-foto-marcelo-camargo-agencia-brasil.jpeg\",\"datePublished\":\"2025-07-31T16:46:58+00:00\",\"dateModified\":\"2025-08-01T15:30:51+00:00\",\"breadcrumb\":{\"@id\":\"https:\/\/agenciainfra.com\/blog\/mme-sustenta-projecao-de-queda-na-gasolina-com-e30-e-fala-em-aumento-de-r-02-no-diesel-com-b15-ante-fim-de-julho\/#breadcrumb\"},\"inLanguage\":\"pt-BR\",\"potentialAction\":[{\"@type\":\"ReadAction\",\"target\":[\"https:\/\/agenciainfra.com\/blog\/mme-sustenta-projecao-de-queda-na-gasolina-com-e30-e-fala-em-aumento-de-r-02-no-diesel-com-b15-ante-fim-de-julho\/\"]}]},{\"@type\":\"ImageObject\",\"inLanguage\":\"pt-BR\",\"@id\":\"https:\/\/agenciainfra.com\/blog\/mme-sustenta-projecao-de-queda-na-gasolina-com-e30-e-fala-em-aumento-de-r-02-no-diesel-com-b15-ante-fim-de-julho\/#primaryimage\",\"url\":\"https:\/\/agenciainfra.com\/blog\/wp-content\/uploads\/2021\/05\/gasolina-foto-marcelo-camargo-agencia-brasil.jpeg\",\"contentUrl\":\"https:\/\/agenciainfra.com\/blog\/wp-content\/uploads\/2021\/05\/gasolina-foto-marcelo-camargo-agencia-brasil.jpeg\",\"width\":1280,\"height\":715,\"caption\":\"Foto: Marcelo Camargo\/Ag\u00eancia Brasil\"},{\"@type\":\"BreadcrumbList\",\"@id\":\"https:\/\/agenciainfra.com\/blog\/mme-sustenta-projecao-de-queda-na-gasolina-com-e30-e-fala-em-aumento-de-r-02-no-diesel-com-b15-ante-fim-de-julho\/#breadcrumb\",\"itemListElement\":[{\"@type\":\"ListItem\",\"position\":1,\"name\":\"In\u00edcio\",\"item\":\"https:\/\/agenciainfra.com\/blog\/\"},{\"@type\":\"ListItem\",\"position\":2,\"name\":\"MME sustenta proje\u00e7\u00e3o de queda na gasolina com E30 e fala em aumento de R$ 0,2 no diesel com B15 ante fim de julho\"}]},{\"@type\":\"WebSite\",\"@id\":\"https:\/\/agenciainfra.com\/blog\/#website\",\"url\":\"https:\/\/agenciainfra.com\/blog\/\",\"name\":\"Ag\u00eancia iNFRA\",\"description\":\"Multiplataforma de informa\u00e7\u00e3o jornal\u00edstica refer\u00eancia na \u00e1rea de infraestrutura no Brasil!\",\"publisher\":{\"@id\":\"https:\/\/agenciainfra.com\/blog\/#organization\"},\"potentialAction\":[{\"@type\":\"SearchAction\",\"target\":{\"@type\":\"EntryPoint\",\"urlTemplate\":\"https:\/\/agenciainfra.com\/blog\/?s={search_term_string}\"},\"query-input\":{\"@type\":\"PropertyValueSpecification\",\"valueRequired\":true,\"valueName\":\"search_term_string\"}}],\"inLanguage\":\"pt-BR\"},{\"@type\":\"Organization\",\"@id\":\"https:\/\/agenciainfra.com\/blog\/#organization\",\"name\":\"Ag\u00eancia iNFRA\",\"url\":\"https:\/\/agenciainfra.com\/blog\/\",\"logo\":{\"@type\":\"ImageObject\",\"inLanguage\":\"pt-BR\",\"@id\":\"https:\/\/agenciainfra.com\/blog\/#\/schema\/logo\/image\/\",\"url\":\"https:\/\/agenciainfra.com\/blog\/wp-content\/uploads\/2023\/09\/iNFRA_5-e1761735885940.png\",\"contentUrl\":\"https:\/\/agenciainfra.com\/blog\/wp-content\/uploads\/2023\/09\/iNFRA_5-e1761735885940.png\",\"width\":1672,\"height\":454,\"caption\":\"Ag\u00eancia iNFRA\"},\"image\":{\"@id\":\"https:\/\/agenciainfra.com\/blog\/#\/schema\/logo\/image\/\"},\"sameAs\":[\"https:\/\/www.facebook.com\/ageninfra\",\"https:\/\/x.com\/agencia_infra\",\"https:\/\/www.linkedin.com\/company\/ag\u00eanciainfra\/\",\"https:\/\/www.instagram.com\/agenciainfra\/\"]},{\"@type\":\"Person\",\"@id\":\"https:\/\/agenciainfra.com\/blog\/#\/schema\/person\/34af08dff6adea4cb22b06612ba7acfa\",\"name\":\"Ag\u00eancia iNFRA\",\"image\":{\"@type\":\"ImageObject\",\"inLanguage\":\"pt-BR\",\"@id\":\"https:\/\/agenciainfra.com\/blog\/#\/schema\/person\/image\/\",\"url\":\"https:\/\/secure.gravatar.com\/avatar\/d189e01678f06d8eb84d4e01f08eb848b3fffe3f8443818d3c356c66892f5be8?s=96&d=mm&r=g\",\"contentUrl\":\"https:\/\/secure.gravatar.com\/avatar\/d189e01678f06d8eb84d4e01f08eb848b3fffe3f8443818d3c356c66892f5be8?s=96&d=mm&r=g\",\"caption\":\"Ag\u00eancia iNFRA\"},\"url\":\"https:\/\/agenciainfra.com\/blog\/author\/admin\/\"}]}<\/script>\n<!-- \/ Yoast SEO Premium plugin. -->","yoast_head_json":{"title":"MME sustenta proje\u00e7\u00e3o de queda na gasolina com E30 e fala em aumento de R$ 0,2 no diesel com B15 ante fim de julho - Ag\u00eancia iNFRA","robots":{"index":"index","follow":"follow","max-snippet":"max-snippet:-1","max-image-preview":"max-image-preview:large","max-video-preview":"max-video-preview:-1"},"canonical":"https:\/\/agenciainfra.com\/blog\/mme-sustenta-projecao-de-queda-na-gasolina-com-e30-e-fala-em-aumento-de-r-02-no-diesel-com-b15-ante-fim-de-julho\/","og_locale":"pt_BR","og_type":"article","og_title":"MME sustenta proje\u00e7\u00e3o de queda na gasolina com E30 e fala em aumento de R$ 0,2 no diesel com B15 ante fim de julho","og_description":"Gabriel Vasconcelos, da Ag\u00eancia iNFRA O MME (Minist\u00e9rio de Minas e Energia) reiterou nesta quinta-feira (31), em nota, a proje\u00e7\u00e3o de queda no pre\u00e7o da gasolina C, vendida aos consumidores, com o novo percentual obrigat\u00f3rio de 30% de etanol anidro na mistura, o E30, que entra em vigor nesta sexta-feira (1\u00b0). Segundo a pasta, o [&hellip;]","og_url":"https:\/\/agenciainfra.com\/blog\/mme-sustenta-projecao-de-queda-na-gasolina-com-e30-e-fala-em-aumento-de-r-02-no-diesel-com-b15-ante-fim-de-julho\/","og_site_name":"Ag\u00eancia iNFRA","article_publisher":"https:\/\/www.facebook.com\/ageninfra","article_published_time":"2025-07-31T16:46:58+00:00","article_modified_time":"2025-08-01T15:30:51+00:00","og_image":[{"width":1280,"height":715,"url":"https:\/\/agenciainfra.com\/blog\/wp-content\/uploads\/2021\/05\/gasolina-foto-marcelo-camargo-agencia-brasil.jpeg","type":"image\/jpeg"}],"author":"Ag\u00eancia iNFRA","twitter_card":"summary_large_image","twitter_creator":"@agencia_infra","twitter_site":"@agencia_infra","twitter_misc":{"Escrito por":"Ag\u00eancia iNFRA","Est. tempo de leitura":"2 minutos"},"schema":{"@context":"https:\/\/schema.org","@graph":[{"@type":"Article","@id":"https:\/\/agenciainfra.com\/blog\/mme-sustenta-projecao-de-queda-na-gasolina-com-e30-e-fala-em-aumento-de-r-02-no-diesel-com-b15-ante-fim-de-julho\/#article","isPartOf":{"@id":"https:\/\/agenciainfra.com\/blog\/mme-sustenta-projecao-de-queda-na-gasolina-com-e30-e-fala-em-aumento-de-r-02-no-diesel-com-b15-ante-fim-de-julho\/"},"author":{"name":"Ag\u00eancia iNFRA","@id":"https:\/\/agenciainfra.com\/blog\/#\/schema\/person\/34af08dff6adea4cb22b06612ba7acfa"},"headline":"MME sustenta proje\u00e7\u00e3o de queda na gasolina com E30 e fala em aumento de R$ 0,2 no diesel com B15 ante fim de julho","datePublished":"2025-07-31T16:46:58+00:00","dateModified":"2025-08-01T15:30:51+00:00","mainEntityOfPage":{"@id":"https:\/\/agenciainfra.com\/blog\/mme-sustenta-projecao-de-queda-na-gasolina-com-e30-e-fala-em-aumento-de-r-02-no-diesel-com-b15-ante-fim-de-julho\/"},"wordCount":396,"publisher":{"@id":"https:\/\/agenciainfra.com\/blog\/#organization"},"image":{"@id":"https:\/\/agenciainfra.com\/blog\/mme-sustenta-projecao-de-queda-na-gasolina-com-e30-e-fala-em-aumento-de-r-02-no-diesel-com-b15-ante-fim-de-julho\/#primaryimage"},"thumbnailUrl":"https:\/\/agenciainfra.com\/blog\/wp-content\/uploads\/2021\/05\/gasolina-foto-marcelo-camargo-agencia-brasil.jpeg","keywords":["biocombust\u00edveis","biodiesel no diesel","Gabriel Vasconcelos","gasolina","MME","pre\u00e7o dos combust\u00edveis"],"articleSection":["Destaque lista","Geral","\u00d3leo &amp; G\u00e1s"],"inLanguage":"pt-BR","copyrightYear":"2025","copyrightHolder":{"@id":"https:\/\/agenciainfra.com\/blog\/#organization"}},{"@type":"WebPage","@id":"https:\/\/agenciainfra.com\/blog\/mme-sustenta-projecao-de-queda-na-gasolina-com-e30-e-fala-em-aumento-de-r-02-no-diesel-com-b15-ante-fim-de-julho\/","url":"https:\/\/agenciainfra.com\/blog\/mme-sustenta-projecao-de-queda-na-gasolina-com-e30-e-fala-em-aumento-de-r-02-no-diesel-com-b15-ante-fim-de-julho\/","name":"MME sustenta proje\u00e7\u00e3o de queda na gasolina com E30 e fala em aumento de R$ 0,2 no diesel com B15 ante fim de julho - Ag\u00eancia iNFRA","isPartOf":{"@id":"https:\/\/agenciainfra.com\/blog\/#website"},"primaryImageOfPage":{"@id":"https:\/\/agenciainfra.com\/blog\/mme-sustenta-projecao-de-queda-na-gasolina-com-e30-e-fala-em-aumento-de-r-02-no-diesel-com-b15-ante-fim-de-julho\/#primaryimage"},"image":{"@id":"https:\/\/agenciainfra.com\/blog\/mme-sustenta-projecao-de-queda-na-gasolina-com-e30-e-fala-em-aumento-de-r-02-no-diesel-com-b15-ante-fim-de-julho\/#primaryimage"},"thumbnailUrl":"https:\/\/agenciainfra.com\/blog\/wp-content\/uploads\/2021\/05\/gasolina-foto-marcelo-camargo-agencia-brasil.jpeg","datePublished":"2025-07-31T16:46:58+00:00","dateModified":"2025-08-01T15:30:51+00:00","breadcrumb":{"@id":"https:\/\/agenciainfra.com\/blog\/mme-sustenta-projecao-de-queda-na-gasolina-com-e30-e-fala-em-aumento-de-r-02-no-diesel-com-b15-ante-fim-de-julho\/#breadcrumb"},"inLanguage":"pt-BR","potentialAction":[{"@type":"ReadAction","target":["https:\/\/agenciainfra.com\/blog\/mme-sustenta-projecao-de-queda-na-gasolina-com-e30-e-fala-em-aumento-de-r-02-no-diesel-com-b15-ante-fim-de-julho\/"]}]},{"@type":"ImageObject","inLanguage":"pt-BR","@id":"https:\/\/agenciainfra.com\/blog\/mme-sustenta-projecao-de-queda-na-gasolina-com-e30-e-fala-em-aumento-de-r-02-no-diesel-com-b15-ante-fim-de-julho\/#primaryimage","url":"https:\/\/agenciainfra.com\/blog\/wp-content\/uploads\/2021\/05\/gasolina-foto-marcelo-camargo-agencia-brasil.jpeg","contentUrl":"https:\/\/agenciainfra.com\/blog\/wp-content\/uploads\/2021\/05\/gasolina-foto-marcelo-camargo-agencia-brasil.jpeg","width":1280,"height":715,"caption":"Foto: Marcelo Camargo\/Ag\u00eancia Brasil"},{"@type":"BreadcrumbList","@id":"https:\/\/agenciainfra.com\/blog\/mme-sustenta-projecao-de-queda-na-gasolina-com-e30-e-fala-em-aumento-de-r-02-no-diesel-com-b15-ante-fim-de-julho\/#breadcrumb","itemListElement":[{"@type":"ListItem","position":1,"name":"In\u00edcio","item":"https:\/\/agenciainfra.com\/blog\/"},{"@type":"ListItem","position":2,"name":"MME sustenta proje\u00e7\u00e3o de queda na gasolina com E30 e fala em aumento de R$ 0,2 no diesel com B15 ante fim de julho"}]},{"@type":"WebSite","@id":"https:\/\/agenciainfra.com\/blog\/#website","url":"https:\/\/agenciainfra.com\/blog\/","name":"Ag\u00eancia iNFRA","description":"Multiplataforma de informa\u00e7\u00e3o jornal\u00edstica refer\u00eancia na \u00e1rea de infraestrutura no Brasil!","publisher":{"@id":"https:\/\/agenciainfra.com\/blog\/#organization"},"potentialAction":[{"@type":"SearchAction","target":{"@type":"EntryPoint","urlTemplate":"https:\/\/agenciainfra.com\/blog\/?s={search_term_string}"},"query-input":{"@type":"PropertyValueSpecification","valueRequired":true,"valueName":"search_term_string"}}],"inLanguage":"pt-BR"},{"@type":"Organization","@id":"https:\/\/agenciainfra.com\/blog\/#organization","name":"Ag\u00eancia iNFRA","url":"https:\/\/agenciainfra.com\/blog\/","logo":{"@type":"ImageObject","inLanguage":"pt-BR","@id":"https:\/\/agenciainfra.com\/blog\/#\/schema\/logo\/image\/","url":"https:\/\/agenciainfra.com\/blog\/wp-content\/uploads\/2023\/09\/iNFRA_5-e1761735885940.png","contentUrl":"https:\/\/agenciainfra.com\/blog\/wp-content\/uploads\/2023\/09\/iNFRA_5-e1761735885940.png","width":1672,"height":454,"caption":"Ag\u00eancia iNFRA"},"image":{"@id":"https:\/\/agenciainfra.com\/blog\/#\/schema\/logo\/image\/"},"sameAs":["https:\/\/www.facebook.com\/ageninfra","https:\/\/x.com\/agencia_infra","https:\/\/www.linkedin.com\/company\/ag\u00eanciainfra\/","https:\/\/www.instagram.com\/agenciainfra\/"]},{"@type":"Person","@id":"https:\/\/agenciainfra.com\/blog\/#\/schema\/person\/34af08dff6adea4cb22b06612ba7acfa","name":"Ag\u00eancia iNFRA","image":{"@type":"ImageObject","inLanguage":"pt-BR","@id":"https:\/\/agenciainfra.com\/blog\/#\/schema\/person\/image\/","url":"https:\/\/secure.gravatar.com\/avatar\/d189e01678f06d8eb84d4e01f08eb848b3fffe3f8443818d3c356c66892f5be8?s=96&d=mm&r=g","contentUrl":"https:\/\/secure.gravatar.com\/avatar\/d189e01678f06d8eb84d4e01f08eb848b3fffe3f8443818d3c356c66892f5be8?s=96&d=mm&r=g","caption":"Ag\u00eancia iNFRA"},"url":"https:\/\/agenciainfra.com\/blog\/author\/admin\/"}]}},"_links":{"self":[{"href":"https:\/\/agenciainfra.com\/blog\/wp-json\/wp\/v2\/posts\/25626","targetHints":{"allow":["GET"]}}],"collection":[{"href":"https:\/\/agenciainfra.com\/blog\/wp-json\/wp\/v2\/posts"}],"about":[{"href":"https:\/\/agenciainfra.com\/blog\/wp-json\/wp\/v2\/types\/post"}],"author":[{"embeddable":true,"href":"https:\/\/agenciainfra.com\/blog\/wp-json\/wp\/v2\/users\/1"}],"replies":[{"embeddable":true,"href":"https:\/\/agenciainfra.com\/blog\/wp-json\/wp\/v2\/comments?post=25626"}],"version-history":[{"count":3,"href":"https:\/\/agenciainfra.com\/blog\/wp-json\/wp\/v2\/posts\/25626\/revisions"}],"predecessor-version":[{"id":25675,"href":"https:\/\/agenciainfra.com\/blog\/wp-json\/wp\/v2\/posts\/25626\/revisions\/25675"}],"wp:featuredmedia":[{"embeddable":true,"href":"https:\/\/agenciainfra.com\/blog\/wp-json\/wp\/v2\/media\/7212"}],"wp:attachment":[{"href":"https:\/\/agenciainfra.com\/blog\/wp-json\/wp\/v2\/media?parent=25626"}],"wp:term":[{"taxonomy":"category","embeddable":true,"href":"https:\/\/agenciainfra.com\/blog\/wp-json\/wp\/v2\/categories?post=25626"},{"taxonomy":"post_tag","embeddable":true,"href":"https:\/\/agenciainfra.com\/blog\/wp-json\/wp\/v2\/tags?post=25626"}],"curies":[{"name":"wp","href":"https:\/\/api.w.org\/{rel}","templated":true}]}}