{"id":25631,"date":"2025-07-31T14:14:54","date_gmt":"2025-07-31T17:14:54","guid":{"rendered":"https:\/\/agenciainfra.com\/blog\/?p=25631"},"modified":"2025-08-01T12:30:59","modified_gmt":"2025-08-01T15:30:59","slug":"diretoria-da-anm-confirma-retomada-de-area-apos-reduzir-lance-vencedor-em-10-vezes","status":"publish","type":"post","link":"https:\/\/agenciainfra.com\/blog\/diretoria-da-anm-confirma-retomada-de-area-apos-reduzir-lance-vencedor-em-10-vezes\/","title":{"rendered":"Diretoria da ANM confirma retomada de \u00e1rea ap\u00f3s reduzir lance vencedor em 10 vezes"},"content":{"rendered":"\n<p class=\"has-text-align-right\"><strong>Rafael Bitencourt, da Ag\u00eancia iNFRA<\/strong><\/p>\n\n\n\n<p>A diretoria da ANM (Ag\u00eancia Nacional de Minera\u00e7\u00e3o) referendou nesta quinta-feira (31) a decis\u00e3o de retomar \u00e1rea arrematada pela 3D Minerals Ltda na 8\u00aa Rodada de Disponibilidade de \u00c1reas, ap\u00f3s aceitar o pedido para reduzir o valor do lance vencedor em dez vezes.<\/p>\n\n\n\n<p>A mudan\u00e7a de posi\u00e7\u00e3o da ANM veio ap\u00f3s despacho do TCU (Tribunal de Contas da Uni\u00e3o) com a recomenda\u00e7\u00e3o de suspender o resultado do certame at\u00e9 que o \u00f3rg\u00e3o de controle julgue o m\u00e9rito do processo, diante de irregularidades apontadas.<\/p>\n\n\n\n<p>A suspens\u00e3o foi tomada pelo diretor Caio Trivellato e publicada no DOU (Di\u00e1rio Oficial da Uni\u00e3o) na semana passada. Faltava a confirma\u00e7\u00e3o pela diretoria colegiada, que veio nesta quinta-feira (31) por unanimidade dos diretores presentes.<\/p>\n\n\n\n<p>O alerta do TCU tamb\u00e9m foi feito para outro caso semelhante, envolvendo a empresa Zeus Minera\u00e7\u00e3o. Ap\u00f3s a fase de lances e abertura do sigilo das propostas, as empresas vencedoras reduziram o valor dos lances em 90%.<\/p>\n\n\n\n<p>No caso da 3D Minerals, a cifra apresentada caiu de R$ 37,57 milh\u00f5es para R$ 3,75 milh\u00f5es.<\/p>\n","protected":false},"excerpt":{"rendered":"<p>Rafael Bitencourt, da Ag\u00eancia iNFRA A diretoria da ANM (Ag\u00eancia Nacional de Minera\u00e7\u00e3o) referendou nesta quinta-feira (31) a decis\u00e3o de retomar \u00e1rea arrematada pela 3D Minerals Ltda na 8\u00aa Rodada de Disponibilidade de \u00c1reas, ap\u00f3s aceitar o pedido para reduzir o valor do lance vencedor em dez vezes. A mudan\u00e7a de posi\u00e7\u00e3o da ANM veio [&hellip;]<\/p>\n","protected":false},"author":1,"featured_media":22905,"comment_status":"closed","ping_status":"closed","sticky":false,"template":"","format":"standard","meta":{"_monsterinsights_skip_tracking":false,"_monsterinsights_sitenote_active":false,"_monsterinsights_sitenote_note":"","_monsterinsights_sitenote_category":0,"footnotes":""},"categories":[7250,1,13239],"tags":[14673,840,14672,13813,18,14674],"class_list":["post-25631","post","type-post","status-publish","format-standard","has-post-thumbnail","hentry","category-destaque-lista","category-geral","category-mineracao","tag-3d-minerals-ltda","tag-agencia-nacional-de-mineracao","tag-diretoria-da-anm","tag-rafael-bitencourt","tag-tcu","tag-zeus-mineracao"],"yoast_head":"<!-- This site is optimized with the Yoast SEO Premium plugin v25.4 (Yoast SEO v26.0) - https:\/\/yoast.com\/wordpress\/plugins\/seo\/ -->\n<title>Diretoria da ANM confirma retomada de \u00e1rea ap\u00f3s reduzir lance vencedor em 10 vezes - Ag\u00eancia iNFRA<\/title>\n<meta name=\"robots\" content=\"index, follow, max-snippet:-1, max-image-preview:large, max-video-preview:-1\" \/>\n<link rel=\"canonical\" href=\"https:\/\/agenciainfra.com\/blog\/diretoria-da-anm-confirma-retomada-de-area-apos-reduzir-lance-vencedor-em-10-vezes\/\" \/>\n<meta property=\"og:locale\" content=\"pt_BR\" \/>\n<meta property=\"og:type\" content=\"article\" \/>\n<meta property=\"og:title\" content=\"Diretoria da ANM confirma retomada de \u00e1rea ap\u00f3s reduzir lance vencedor em 10 vezes\" \/>\n<meta property=\"og:description\" content=\"Rafael Bitencourt, da Ag\u00eancia iNFRA A diretoria da ANM (Ag\u00eancia Nacional de Minera\u00e7\u00e3o) referendou nesta quinta-feira (31) a decis\u00e3o de retomar \u00e1rea arrematada pela 3D Minerals Ltda na 8\u00aa Rodada de Disponibilidade de \u00c1reas, ap\u00f3s aceitar o pedido para reduzir o valor do lance vencedor em dez vezes. A mudan\u00e7a de posi\u00e7\u00e3o da ANM veio [&hellip;]\" \/>\n<meta property=\"og:url\" content=\"https:\/\/agenciainfra.com\/blog\/diretoria-da-anm-confirma-retomada-de-area-apos-reduzir-lance-vencedor-em-10-vezes\/\" \/>\n<meta property=\"og:site_name\" content=\"Ag\u00eancia iNFRA\" \/>\n<meta property=\"article:publisher\" content=\"https:\/\/www.facebook.com\/ageninfra\" \/>\n<meta property=\"article:published_time\" content=\"2025-07-31T17:14:54+00:00\" \/>\n<meta property=\"article:modified_time\" content=\"2025-08-01T15:30:59+00:00\" \/>\n<meta property=\"og:image\" content=\"https:\/\/agenciainfra.com\/blog\/wp-content\/uploads\/2025\/06\/fachada-anm-foto-divulgacao.png\" \/>\n\t<meta property=\"og:image:width\" content=\"1280\" \/>\n\t<meta property=\"og:image:height\" content=\"735\" \/>\n\t<meta property=\"og:image:type\" content=\"image\/png\" \/>\n<meta name=\"author\" content=\"Ag\u00eancia iNFRA\" \/>\n<meta name=\"twitter:card\" content=\"summary_large_image\" \/>\n<meta name=\"twitter:creator\" content=\"@agencia_infra\" \/>\n<meta name=\"twitter:site\" content=\"@agencia_infra\" \/>\n<meta name=\"twitter:label1\" content=\"Escrito por\" \/>\n\t<meta name=\"twitter:data1\" content=\"Ag\u00eancia iNFRA\" \/>\n\t<meta name=\"twitter:label2\" content=\"Est. tempo de leitura\" \/>\n\t<meta name=\"twitter:data2\" content=\"1 minuto\" \/>\n<script type=\"application\/ld+json\" class=\"yoast-schema-graph\">{\"@context\":\"https:\/\/schema.org\",\"@graph\":[{\"@type\":\"Article\",\"@id\":\"https:\/\/agenciainfra.com\/blog\/diretoria-da-anm-confirma-retomada-de-area-apos-reduzir-lance-vencedor-em-10-vezes\/#article\",\"isPartOf\":{\"@id\":\"https:\/\/agenciainfra.com\/blog\/diretoria-da-anm-confirma-retomada-de-area-apos-reduzir-lance-vencedor-em-10-vezes\/\"},\"author\":{\"name\":\"Ag\u00eancia iNFRA\",\"@id\":\"https:\/\/agenciainfra.com\/blog\/#\/schema\/person\/34af08dff6adea4cb22b06612ba7acfa\"},\"headline\":\"Diretoria da ANM confirma retomada de \u00e1rea ap\u00f3s reduzir lance vencedor em 10 vezes\",\"datePublished\":\"2025-07-31T17:14:54+00:00\",\"dateModified\":\"2025-08-01T15:30:59+00:00\",\"mainEntityOfPage\":{\"@id\":\"https:\/\/agenciainfra.com\/blog\/diretoria-da-anm-confirma-retomada-de-area-apos-reduzir-lance-vencedor-em-10-vezes\/\"},\"wordCount\":206,\"publisher\":{\"@id\":\"https:\/\/agenciainfra.com\/blog\/#organization\"},\"image\":{\"@id\":\"https:\/\/agenciainfra.com\/blog\/diretoria-da-anm-confirma-retomada-de-area-apos-reduzir-lance-vencedor-em-10-vezes\/#primaryimage\"},\"thumbnailUrl\":\"https:\/\/agenciainfra.com\/blog\/wp-content\/uploads\/2025\/06\/fachada-anm-foto-divulgacao.png\",\"keywords\":[\"3D Minerals Ltda\",\"Ag\u00eancia Nacional de Minera\u00e7\u00e3o\",\"diretoria da ANM\",\"Rafael Bitencourt\",\"TCU\",\"Zeus Minera\u00e7\u00e3o\"],\"articleSection\":[\"Destaque lista\",\"Geral\",\"Minera\u00e7\u00e3o\"],\"inLanguage\":\"pt-BR\",\"copyrightYear\":\"2025\",\"copyrightHolder\":{\"@id\":\"https:\/\/agenciainfra.com\/blog\/#organization\"}},{\"@type\":\"WebPage\",\"@id\":\"https:\/\/agenciainfra.com\/blog\/diretoria-da-anm-confirma-retomada-de-area-apos-reduzir-lance-vencedor-em-10-vezes\/\",\"url\":\"https:\/\/agenciainfra.com\/blog\/diretoria-da-anm-confirma-retomada-de-area-apos-reduzir-lance-vencedor-em-10-vezes\/\",\"name\":\"Diretoria da ANM confirma retomada de \u00e1rea ap\u00f3s reduzir lance vencedor em 10 vezes - Ag\u00eancia iNFRA\",\"isPartOf\":{\"@id\":\"https:\/\/agenciainfra.com\/blog\/#website\"},\"primaryImageOfPage\":{\"@id\":\"https:\/\/agenciainfra.com\/blog\/diretoria-da-anm-confirma-retomada-de-area-apos-reduzir-lance-vencedor-em-10-vezes\/#primaryimage\"},\"image\":{\"@id\":\"https:\/\/agenciainfra.com\/blog\/diretoria-da-anm-confirma-retomada-de-area-apos-reduzir-lance-vencedor-em-10-vezes\/#primaryimage\"},\"thumbnailUrl\":\"https:\/\/agenciainfra.com\/blog\/wp-content\/uploads\/2025\/06\/fachada-anm-foto-divulgacao.png\",\"datePublished\":\"2025-07-31T17:14:54+00:00\",\"dateModified\":\"2025-08-01T15:30:59+00:00\",\"breadcrumb\":{\"@id\":\"https:\/\/agenciainfra.com\/blog\/diretoria-da-anm-confirma-retomada-de-area-apos-reduzir-lance-vencedor-em-10-vezes\/#breadcrumb\"},\"inLanguage\":\"pt-BR\",\"potentialAction\":[{\"@type\":\"ReadAction\",\"target\":[\"https:\/\/agenciainfra.com\/blog\/diretoria-da-anm-confirma-retomada-de-area-apos-reduzir-lance-vencedor-em-10-vezes\/\"]}]},{\"@type\":\"ImageObject\",\"inLanguage\":\"pt-BR\",\"@id\":\"https:\/\/agenciainfra.com\/blog\/diretoria-da-anm-confirma-retomada-de-area-apos-reduzir-lance-vencedor-em-10-vezes\/#primaryimage\",\"url\":\"https:\/\/agenciainfra.com\/blog\/wp-content\/uploads\/2025\/06\/fachada-anm-foto-divulgacao.png\",\"contentUrl\":\"https:\/\/agenciainfra.com\/blog\/wp-content\/uploads\/2025\/06\/fachada-anm-foto-divulgacao.png\",\"width\":1280,\"height\":735,\"caption\":\"Foto: ANM\/Divulga\u00e7\u00e3o\"},{\"@type\":\"BreadcrumbList\",\"@id\":\"https:\/\/agenciainfra.com\/blog\/diretoria-da-anm-confirma-retomada-de-area-apos-reduzir-lance-vencedor-em-10-vezes\/#breadcrumb\",\"itemListElement\":[{\"@type\":\"ListItem\",\"position\":1,\"name\":\"In\u00edcio\",\"item\":\"https:\/\/agenciainfra.com\/blog\/\"},{\"@type\":\"ListItem\",\"position\":2,\"name\":\"Diretoria da ANM confirma retomada de \u00e1rea ap\u00f3s reduzir lance vencedor em 10 vezes\"}]},{\"@type\":\"WebSite\",\"@id\":\"https:\/\/agenciainfra.com\/blog\/#website\",\"url\":\"https:\/\/agenciainfra.com\/blog\/\",\"name\":\"Ag\u00eancia iNFRA\",\"description\":\"Multiplataforma de informa\u00e7\u00e3o jornal\u00edstica refer\u00eancia na \u00e1rea de infraestrutura no Brasil!\",\"publisher\":{\"@id\":\"https:\/\/agenciainfra.com\/blog\/#organization\"},\"potentialAction\":[{\"@type\":\"SearchAction\",\"target\":{\"@type\":\"EntryPoint\",\"urlTemplate\":\"https:\/\/agenciainfra.com\/blog\/?s={search_term_string}\"},\"query-input\":{\"@type\":\"PropertyValueSpecification\",\"valueRequired\":true,\"valueName\":\"search_term_string\"}}],\"inLanguage\":\"pt-BR\"},{\"@type\":\"Organization\",\"@id\":\"https:\/\/agenciainfra.com\/blog\/#organization\",\"name\":\"Ag\u00eancia iNFRA\",\"url\":\"https:\/\/agenciainfra.com\/blog\/\",\"logo\":{\"@type\":\"ImageObject\",\"inLanguage\":\"pt-BR\",\"@id\":\"https:\/\/agenciainfra.com\/blog\/#\/schema\/logo\/image\/\",\"url\":\"https:\/\/agenciainfra.com\/blog\/wp-content\/uploads\/2023\/09\/iNFRA_5-e1761735885940.png\",\"contentUrl\":\"https:\/\/agenciainfra.com\/blog\/wp-content\/uploads\/2023\/09\/iNFRA_5-e1761735885940.png\",\"width\":1672,\"height\":454,\"caption\":\"Ag\u00eancia iNFRA\"},\"image\":{\"@id\":\"https:\/\/agenciainfra.com\/blog\/#\/schema\/logo\/image\/\"},\"sameAs\":[\"https:\/\/www.facebook.com\/ageninfra\",\"https:\/\/x.com\/agencia_infra\",\"https:\/\/www.linkedin.com\/company\/ag\u00eanciainfra\/\",\"https:\/\/www.instagram.com\/agenciainfra\/\"]},{\"@type\":\"Person\",\"@id\":\"https:\/\/agenciainfra.com\/blog\/#\/schema\/person\/34af08dff6adea4cb22b06612ba7acfa\",\"name\":\"Ag\u00eancia iNFRA\",\"image\":{\"@type\":\"ImageObject\",\"inLanguage\":\"pt-BR\",\"@id\":\"https:\/\/agenciainfra.com\/blog\/#\/schema\/person\/image\/\",\"url\":\"https:\/\/secure.gravatar.com\/avatar\/d189e01678f06d8eb84d4e01f08eb848b3fffe3f8443818d3c356c66892f5be8?s=96&d=mm&r=g\",\"contentUrl\":\"https:\/\/secure.gravatar.com\/avatar\/d189e01678f06d8eb84d4e01f08eb848b3fffe3f8443818d3c356c66892f5be8?s=96&d=mm&r=g\",\"caption\":\"Ag\u00eancia iNFRA\"},\"url\":\"https:\/\/agenciainfra.com\/blog\/author\/admin\/\"}]}<\/script>\n<!-- \/ Yoast SEO Premium plugin. -->","yoast_head_json":{"title":"Diretoria da ANM confirma retomada de \u00e1rea ap\u00f3s reduzir lance vencedor em 10 vezes - Ag\u00eancia iNFRA","robots":{"index":"index","follow":"follow","max-snippet":"max-snippet:-1","max-image-preview":"max-image-preview:large","max-video-preview":"max-video-preview:-1"},"canonical":"https:\/\/agenciainfra.com\/blog\/diretoria-da-anm-confirma-retomada-de-area-apos-reduzir-lance-vencedor-em-10-vezes\/","og_locale":"pt_BR","og_type":"article","og_title":"Diretoria da ANM confirma retomada de \u00e1rea ap\u00f3s reduzir lance vencedor em 10 vezes","og_description":"Rafael Bitencourt, da Ag\u00eancia iNFRA A diretoria da ANM (Ag\u00eancia Nacional de Minera\u00e7\u00e3o) referendou nesta quinta-feira (31) a decis\u00e3o de retomar \u00e1rea arrematada pela 3D Minerals Ltda na 8\u00aa Rodada de Disponibilidade de \u00c1reas, ap\u00f3s aceitar o pedido para reduzir o valor do lance vencedor em dez vezes. A mudan\u00e7a de posi\u00e7\u00e3o da ANM veio [&hellip;]","og_url":"https:\/\/agenciainfra.com\/blog\/diretoria-da-anm-confirma-retomada-de-area-apos-reduzir-lance-vencedor-em-10-vezes\/","og_site_name":"Ag\u00eancia iNFRA","article_publisher":"https:\/\/www.facebook.com\/ageninfra","article_published_time":"2025-07-31T17:14:54+00:00","article_modified_time":"2025-08-01T15:30:59+00:00","og_image":[{"width":1280,"height":735,"url":"https:\/\/agenciainfra.com\/blog\/wp-content\/uploads\/2025\/06\/fachada-anm-foto-divulgacao.png","type":"image\/png"}],"author":"Ag\u00eancia iNFRA","twitter_card":"summary_large_image","twitter_creator":"@agencia_infra","twitter_site":"@agencia_infra","twitter_misc":{"Escrito por":"Ag\u00eancia iNFRA","Est. tempo de leitura":"1 minuto"},"schema":{"@context":"https:\/\/schema.org","@graph":[{"@type":"Article","@id":"https:\/\/agenciainfra.com\/blog\/diretoria-da-anm-confirma-retomada-de-area-apos-reduzir-lance-vencedor-em-10-vezes\/#article","isPartOf":{"@id":"https:\/\/agenciainfra.com\/blog\/diretoria-da-anm-confirma-retomada-de-area-apos-reduzir-lance-vencedor-em-10-vezes\/"},"author":{"name":"Ag\u00eancia iNFRA","@id":"https:\/\/agenciainfra.com\/blog\/#\/schema\/person\/34af08dff6adea4cb22b06612ba7acfa"},"headline":"Diretoria da ANM confirma retomada de \u00e1rea ap\u00f3s reduzir lance vencedor em 10 vezes","datePublished":"2025-07-31T17:14:54+00:00","dateModified":"2025-08-01T15:30:59+00:00","mainEntityOfPage":{"@id":"https:\/\/agenciainfra.com\/blog\/diretoria-da-anm-confirma-retomada-de-area-apos-reduzir-lance-vencedor-em-10-vezes\/"},"wordCount":206,"publisher":{"@id":"https:\/\/agenciainfra.com\/blog\/#organization"},"image":{"@id":"https:\/\/agenciainfra.com\/blog\/diretoria-da-anm-confirma-retomada-de-area-apos-reduzir-lance-vencedor-em-10-vezes\/#primaryimage"},"thumbnailUrl":"https:\/\/agenciainfra.com\/blog\/wp-content\/uploads\/2025\/06\/fachada-anm-foto-divulgacao.png","keywords":["3D Minerals Ltda","Ag\u00eancia Nacional de Minera\u00e7\u00e3o","diretoria da ANM","Rafael Bitencourt","TCU","Zeus Minera\u00e7\u00e3o"],"articleSection":["Destaque lista","Geral","Minera\u00e7\u00e3o"],"inLanguage":"pt-BR","copyrightYear":"2025","copyrightHolder":{"@id":"https:\/\/agenciainfra.com\/blog\/#organization"}},{"@type":"WebPage","@id":"https:\/\/agenciainfra.com\/blog\/diretoria-da-anm-confirma-retomada-de-area-apos-reduzir-lance-vencedor-em-10-vezes\/","url":"https:\/\/agenciainfra.com\/blog\/diretoria-da-anm-confirma-retomada-de-area-apos-reduzir-lance-vencedor-em-10-vezes\/","name":"Diretoria da ANM confirma retomada de \u00e1rea ap\u00f3s reduzir lance vencedor em 10 vezes - Ag\u00eancia iNFRA","isPartOf":{"@id":"https:\/\/agenciainfra.com\/blog\/#website"},"primaryImageOfPage":{"@id":"https:\/\/agenciainfra.com\/blog\/diretoria-da-anm-confirma-retomada-de-area-apos-reduzir-lance-vencedor-em-10-vezes\/#primaryimage"},"image":{"@id":"https:\/\/agenciainfra.com\/blog\/diretoria-da-anm-confirma-retomada-de-area-apos-reduzir-lance-vencedor-em-10-vezes\/#primaryimage"},"thumbnailUrl":"https:\/\/agenciainfra.com\/blog\/wp-content\/uploads\/2025\/06\/fachada-anm-foto-divulgacao.png","datePublished":"2025-07-31T17:14:54+00:00","dateModified":"2025-08-01T15:30:59+00:00","breadcrumb":{"@id":"https:\/\/agenciainfra.com\/blog\/diretoria-da-anm-confirma-retomada-de-area-apos-reduzir-lance-vencedor-em-10-vezes\/#breadcrumb"},"inLanguage":"pt-BR","potentialAction":[{"@type":"ReadAction","target":["https:\/\/agenciainfra.com\/blog\/diretoria-da-anm-confirma-retomada-de-area-apos-reduzir-lance-vencedor-em-10-vezes\/"]}]},{"@type":"ImageObject","inLanguage":"pt-BR","@id":"https:\/\/agenciainfra.com\/blog\/diretoria-da-anm-confirma-retomada-de-area-apos-reduzir-lance-vencedor-em-10-vezes\/#primaryimage","url":"https:\/\/agenciainfra.com\/blog\/wp-content\/uploads\/2025\/06\/fachada-anm-foto-divulgacao.png","contentUrl":"https:\/\/agenciainfra.com\/blog\/wp-content\/uploads\/2025\/06\/fachada-anm-foto-divulgacao.png","width":1280,"height":735,"caption":"Foto: ANM\/Divulga\u00e7\u00e3o"},{"@type":"BreadcrumbList","@id":"https:\/\/agenciainfra.com\/blog\/diretoria-da-anm-confirma-retomada-de-area-apos-reduzir-lance-vencedor-em-10-vezes\/#breadcrumb","itemListElement":[{"@type":"ListItem","position":1,"name":"In\u00edcio","item":"https:\/\/agenciainfra.com\/blog\/"},{"@type":"ListItem","position":2,"name":"Diretoria da ANM confirma retomada de \u00e1rea ap\u00f3s reduzir lance vencedor em 10 vezes"}]},{"@type":"WebSite","@id":"https:\/\/agenciainfra.com\/blog\/#website","url":"https:\/\/agenciainfra.com\/blog\/","name":"Ag\u00eancia iNFRA","description":"Multiplataforma de informa\u00e7\u00e3o jornal\u00edstica refer\u00eancia na \u00e1rea de infraestrutura no Brasil!","publisher":{"@id":"https:\/\/agenciainfra.com\/blog\/#organization"},"potentialAction":[{"@type":"SearchAction","target":{"@type":"EntryPoint","urlTemplate":"https:\/\/agenciainfra.com\/blog\/?s={search_term_string}"},"query-input":{"@type":"PropertyValueSpecification","valueRequired":true,"valueName":"search_term_string"}}],"inLanguage":"pt-BR"},{"@type":"Organization","@id":"https:\/\/agenciainfra.com\/blog\/#organization","name":"Ag\u00eancia iNFRA","url":"https:\/\/agenciainfra.com\/blog\/","logo":{"@type":"ImageObject","inLanguage":"pt-BR","@id":"https:\/\/agenciainfra.com\/blog\/#\/schema\/logo\/image\/","url":"https:\/\/agenciainfra.com\/blog\/wp-content\/uploads\/2023\/09\/iNFRA_5-e1761735885940.png","contentUrl":"https:\/\/agenciainfra.com\/blog\/wp-content\/uploads\/2023\/09\/iNFRA_5-e1761735885940.png","width":1672,"height":454,"caption":"Ag\u00eancia iNFRA"},"image":{"@id":"https:\/\/agenciainfra.com\/blog\/#\/schema\/logo\/image\/"},"sameAs":["https:\/\/www.facebook.com\/ageninfra","https:\/\/x.com\/agencia_infra","https:\/\/www.linkedin.com\/company\/ag\u00eanciainfra\/","https:\/\/www.instagram.com\/agenciainfra\/"]},{"@type":"Person","@id":"https:\/\/agenciainfra.com\/blog\/#\/schema\/person\/34af08dff6adea4cb22b06612ba7acfa","name":"Ag\u00eancia iNFRA","image":{"@type":"ImageObject","inLanguage":"pt-BR","@id":"https:\/\/agenciainfra.com\/blog\/#\/schema\/person\/image\/","url":"https:\/\/secure.gravatar.com\/avatar\/d189e01678f06d8eb84d4e01f08eb848b3fffe3f8443818d3c356c66892f5be8?s=96&d=mm&r=g","contentUrl":"https:\/\/secure.gravatar.com\/avatar\/d189e01678f06d8eb84d4e01f08eb848b3fffe3f8443818d3c356c66892f5be8?s=96&d=mm&r=g","caption":"Ag\u00eancia iNFRA"},"url":"https:\/\/agenciainfra.com\/blog\/author\/admin\/"}]}},"_links":{"self":[{"href":"https:\/\/agenciainfra.com\/blog\/wp-json\/wp\/v2\/posts\/25631","targetHints":{"allow":["GET"]}}],"collection":[{"href":"https:\/\/agenciainfra.com\/blog\/wp-json\/wp\/v2\/posts"}],"about":[{"href":"https:\/\/agenciainfra.com\/blog\/wp-json\/wp\/v2\/types\/post"}],"author":[{"embeddable":true,"href":"https:\/\/agenciainfra.com\/blog\/wp-json\/wp\/v2\/users\/1"}],"replies":[{"embeddable":true,"href":"https:\/\/agenciainfra.com\/blog\/wp-json\/wp\/v2\/comments?post=25631"}],"version-history":[{"count":1,"href":"https:\/\/agenciainfra.com\/blog\/wp-json\/wp\/v2\/posts\/25631\/revisions"}],"predecessor-version":[{"id":25632,"href":"https:\/\/agenciainfra.com\/blog\/wp-json\/wp\/v2\/posts\/25631\/revisions\/25632"}],"wp:featuredmedia":[{"embeddable":true,"href":"https:\/\/agenciainfra.com\/blog\/wp-json\/wp\/v2\/media\/22905"}],"wp:attachment":[{"href":"https:\/\/agenciainfra.com\/blog\/wp-json\/wp\/v2\/media?parent=25631"}],"wp:term":[{"taxonomy":"category","embeddable":true,"href":"https:\/\/agenciainfra.com\/blog\/wp-json\/wp\/v2\/categories?post=25631"},{"taxonomy":"post_tag","embeddable":true,"href":"https:\/\/agenciainfra.com\/blog\/wp-json\/wp\/v2\/tags?post=25631"}],"curies":[{"name":"wp","href":"https:\/\/api.w.org\/{rel}","templated":true}]}}