{"id":25633,"date":"2025-07-31T15:05:02","date_gmt":"2025-07-31T18:05:02","guid":{"rendered":"https:\/\/agenciainfra.com\/blog\/?p=25633"},"modified":"2025-08-01T15:53:18","modified_gmt":"2025-08-01T18:53:18","slug":"anp-vai-retomar-monitoramento-de-combustiveis-apos-desbloqueio-orcamentario","status":"publish","type":"post","link":"https:\/\/agenciainfra.com\/blog\/anp-vai-retomar-monitoramento-de-combustiveis-apos-desbloqueio-orcamentario\/","title":{"rendered":"ANP vai retomar monitoramento de combust\u00edveis ap\u00f3s desbloqueio or\u00e7ament\u00e1rio"},"content":{"rendered":"\n<p class=\"has-text-align-right\"><strong>Gabriel Vasconcelos, da Ag\u00eancia iNFRA<\/strong><\/p>\n\n\n\n<p>A ANP (Ag\u00eancia Nacional do Petr\u00f3leo, G\u00e1s Natural e Biocombust\u00edveis) anunciou nesta quinta-feira (31) que vai retomar, em agosto, o PQMC (Programa de Monitoramento da Qualidade dos Combust\u00edveis), que n\u00e3o aconteceu em julho devido aos bloqueios or\u00e7ament\u00e1rios sofridos pela ag\u00eancia.<\/p>\n\n\n\n<p>&#8220;A retomada ser\u00e1 poss\u00edvel devido ao descontingenciamento de parte do or\u00e7amento das ag\u00eancias reguladoras federais, incluindo a ANP&#8221;, informou a ag\u00eancia. Na quarta-feira (30), por meio de decreto, o governo reduziu o bloqueio or\u00e7ament\u00e1rio da ANP de R$ 34,9 milh\u00f5es para R$ 7,2 milh\u00f5es. A redu\u00e7\u00e3o do corte veio em linha com as outras ag\u00eancias do MME (Minist\u00e9rio de Minas e Energia), que caiu de 24,8% para 5,1% do or\u00e7amento previsto, de R$ 140,6 milh\u00f5es.<\/p>\n\n\n\n<p>Com car\u00e1ter de acompanhamento do mercado (n\u00e3o de fiscaliza\u00e7\u00e3o) o PMQC conta com 13 laborat\u00f3rios contratados pela ANP, boa parte de universidades de diferentes unidades da federa\u00e7\u00e3o, respons\u00e1veis pela coleta e realiza\u00e7\u00e3o de an\u00e1lises f\u00edsico-qu\u00edmicas em amostras de gasolina C, \u00f3leo diesel B e etanol hidratado combust\u00edvel.<\/p>\n","protected":false},"excerpt":{"rendered":"<p>Gabriel Vasconcelos, da Ag\u00eancia iNFRA A ANP (Ag\u00eancia Nacional do Petr\u00f3leo, G\u00e1s Natural e Biocombust\u00edveis) anunciou nesta quinta-feira (31) que vai retomar, em agosto, o PQMC (Programa de Monitoramento da Qualidade dos Combust\u00edveis), que n\u00e3o aconteceu em julho devido aos bloqueios or\u00e7ament\u00e1rios sofridos pela ag\u00eancia. &#8220;A retomada ser\u00e1 poss\u00edvel devido ao descontingenciamento de parte do [&hellip;]<\/p>\n","protected":false},"author":1,"featured_media":22530,"comment_status":"closed","ping_status":"closed","sticky":false,"template":"","format":"standard","meta":{"_monsterinsights_skip_tracking":false,"_monsterinsights_sitenote_active":false,"_monsterinsights_sitenote_note":"","_monsterinsights_sitenote_category":0,"footnotes":""},"categories":[7250,1,13271],"tags":[1101,314,14660,380,12936,14675,14676],"class_list":["post-25633","post","type-post","status-publish","format-standard","has-post-thumbnail","hentry","category-destaque-lista","category-geral","category-oleo-gas","tag-anp","tag-combustiveis","tag-descontingenciamento","tag-fiscalizacao","tag-orcamento-das-agencias","tag-pmqc","tag-qualidade-de-combustiveis"],"yoast_head":"<!-- This site is optimized with the Yoast SEO Premium plugin v25.4 (Yoast SEO v26.0) - https:\/\/yoast.com\/wordpress\/plugins\/seo\/ -->\n<title>ANP vai retomar monitoramento de combust\u00edveis ap\u00f3s desbloqueio or\u00e7ament\u00e1rio - Ag\u00eancia iNFRA<\/title>\n<meta name=\"robots\" content=\"index, follow, max-snippet:-1, max-image-preview:large, max-video-preview:-1\" \/>\n<link rel=\"canonical\" href=\"https:\/\/agenciainfra.com\/blog\/anp-vai-retomar-monitoramento-de-combustiveis-apos-desbloqueio-orcamentario\/\" \/>\n<meta property=\"og:locale\" content=\"pt_BR\" \/>\n<meta property=\"og:type\" content=\"article\" \/>\n<meta property=\"og:title\" content=\"ANP vai retomar monitoramento de combust\u00edveis ap\u00f3s desbloqueio or\u00e7ament\u00e1rio\" \/>\n<meta property=\"og:description\" content=\"Gabriel Vasconcelos, da Ag\u00eancia iNFRA A ANP (Ag\u00eancia Nacional do Petr\u00f3leo, G\u00e1s Natural e Biocombust\u00edveis) anunciou nesta quinta-feira (31) que vai retomar, em agosto, o PQMC (Programa de Monitoramento da Qualidade dos Combust\u00edveis), que n\u00e3o aconteceu em julho devido aos bloqueios or\u00e7ament\u00e1rios sofridos pela ag\u00eancia. &#8220;A retomada ser\u00e1 poss\u00edvel devido ao descontingenciamento de parte do [&hellip;]\" \/>\n<meta property=\"og:url\" content=\"https:\/\/agenciainfra.com\/blog\/anp-vai-retomar-monitoramento-de-combustiveis-apos-desbloqueio-orcamentario\/\" \/>\n<meta property=\"og:site_name\" content=\"Ag\u00eancia iNFRA\" \/>\n<meta property=\"article:publisher\" content=\"https:\/\/www.facebook.com\/ageninfra\" \/>\n<meta property=\"article:published_time\" content=\"2025-07-31T18:05:02+00:00\" \/>\n<meta property=\"article:modified_time\" content=\"2025-08-01T18:53:18+00:00\" \/>\n<meta property=\"og:image\" content=\"https:\/\/agenciainfra.com\/blog\/wp-content\/uploads\/2025\/06\/biometano-anp-foto-marcello-camargo-agencia-brasil.png\" \/>\n\t<meta property=\"og:image:width\" content=\"1280\" \/>\n\t<meta property=\"og:image:height\" content=\"764\" \/>\n\t<meta property=\"og:image:type\" content=\"image\/png\" \/>\n<meta name=\"author\" content=\"Ag\u00eancia iNFRA\" \/>\n<meta name=\"twitter:card\" content=\"summary_large_image\" \/>\n<meta name=\"twitter:creator\" content=\"@agencia_infra\" \/>\n<meta name=\"twitter:site\" content=\"@agencia_infra\" \/>\n<meta name=\"twitter:label1\" content=\"Escrito por\" \/>\n\t<meta name=\"twitter:data1\" content=\"Ag\u00eancia iNFRA\" \/>\n\t<meta name=\"twitter:label2\" content=\"Est. tempo de leitura\" \/>\n\t<meta name=\"twitter:data2\" content=\"1 minuto\" \/>\n<script type=\"application\/ld+json\" class=\"yoast-schema-graph\">{\"@context\":\"https:\/\/schema.org\",\"@graph\":[{\"@type\":\"Article\",\"@id\":\"https:\/\/agenciainfra.com\/blog\/anp-vai-retomar-monitoramento-de-combustiveis-apos-desbloqueio-orcamentario\/#article\",\"isPartOf\":{\"@id\":\"https:\/\/agenciainfra.com\/blog\/anp-vai-retomar-monitoramento-de-combustiveis-apos-desbloqueio-orcamentario\/\"},\"author\":{\"name\":\"Ag\u00eancia iNFRA\",\"@id\":\"https:\/\/agenciainfra.com\/blog\/#\/schema\/person\/34af08dff6adea4cb22b06612ba7acfa\"},\"headline\":\"ANP vai retomar monitoramento de combust\u00edveis ap\u00f3s desbloqueio or\u00e7ament\u00e1rio\",\"datePublished\":\"2025-07-31T18:05:02+00:00\",\"dateModified\":\"2025-08-01T18:53:18+00:00\",\"mainEntityOfPage\":{\"@id\":\"https:\/\/agenciainfra.com\/blog\/anp-vai-retomar-monitoramento-de-combustiveis-apos-desbloqueio-orcamentario\/\"},\"wordCount\":206,\"publisher\":{\"@id\":\"https:\/\/agenciainfra.com\/blog\/#organization\"},\"image\":{\"@id\":\"https:\/\/agenciainfra.com\/blog\/anp-vai-retomar-monitoramento-de-combustiveis-apos-desbloqueio-orcamentario\/#primaryimage\"},\"thumbnailUrl\":\"https:\/\/agenciainfra.com\/blog\/wp-content\/uploads\/2025\/06\/biometano-anp-foto-marcello-camargo-agencia-brasil.png\",\"keywords\":[\"ANP\",\"combust\u00edveis\",\"descontingenciamento\",\"fiscaliza\u00e7\u00e3o\",\"or\u00e7amento das ag\u00eancias\",\"PMQC\",\"qualidade de combust\u00edveis\"],\"articleSection\":[\"Destaque lista\",\"Geral\",\"\u00d3leo &amp; G\u00e1s\"],\"inLanguage\":\"pt-BR\",\"copyrightYear\":\"2025\",\"copyrightHolder\":{\"@id\":\"https:\/\/agenciainfra.com\/blog\/#organization\"}},{\"@type\":\"WebPage\",\"@id\":\"https:\/\/agenciainfra.com\/blog\/anp-vai-retomar-monitoramento-de-combustiveis-apos-desbloqueio-orcamentario\/\",\"url\":\"https:\/\/agenciainfra.com\/blog\/anp-vai-retomar-monitoramento-de-combustiveis-apos-desbloqueio-orcamentario\/\",\"name\":\"ANP vai retomar monitoramento de combust\u00edveis ap\u00f3s desbloqueio or\u00e7ament\u00e1rio - Ag\u00eancia iNFRA\",\"isPartOf\":{\"@id\":\"https:\/\/agenciainfra.com\/blog\/#website\"},\"primaryImageOfPage\":{\"@id\":\"https:\/\/agenciainfra.com\/blog\/anp-vai-retomar-monitoramento-de-combustiveis-apos-desbloqueio-orcamentario\/#primaryimage\"},\"image\":{\"@id\":\"https:\/\/agenciainfra.com\/blog\/anp-vai-retomar-monitoramento-de-combustiveis-apos-desbloqueio-orcamentario\/#primaryimage\"},\"thumbnailUrl\":\"https:\/\/agenciainfra.com\/blog\/wp-content\/uploads\/2025\/06\/biometano-anp-foto-marcello-camargo-agencia-brasil.png\",\"datePublished\":\"2025-07-31T18:05:02+00:00\",\"dateModified\":\"2025-08-01T18:53:18+00:00\",\"breadcrumb\":{\"@id\":\"https:\/\/agenciainfra.com\/blog\/anp-vai-retomar-monitoramento-de-combustiveis-apos-desbloqueio-orcamentario\/#breadcrumb\"},\"inLanguage\":\"pt-BR\",\"potentialAction\":[{\"@type\":\"ReadAction\",\"target\":[\"https:\/\/agenciainfra.com\/blog\/anp-vai-retomar-monitoramento-de-combustiveis-apos-desbloqueio-orcamentario\/\"]}]},{\"@type\":\"ImageObject\",\"inLanguage\":\"pt-BR\",\"@id\":\"https:\/\/agenciainfra.com\/blog\/anp-vai-retomar-monitoramento-de-combustiveis-apos-desbloqueio-orcamentario\/#primaryimage\",\"url\":\"https:\/\/agenciainfra.com\/blog\/wp-content\/uploads\/2025\/06\/biometano-anp-foto-marcello-camargo-agencia-brasil.png\",\"contentUrl\":\"https:\/\/agenciainfra.com\/blog\/wp-content\/uploads\/2025\/06\/biometano-anp-foto-marcello-camargo-agencia-brasil.png\",\"width\":1280,\"height\":764,\"caption\":\"Foto: Marcello Camargo\/Ag\u00eancia Brasil\"},{\"@type\":\"BreadcrumbList\",\"@id\":\"https:\/\/agenciainfra.com\/blog\/anp-vai-retomar-monitoramento-de-combustiveis-apos-desbloqueio-orcamentario\/#breadcrumb\",\"itemListElement\":[{\"@type\":\"ListItem\",\"position\":1,\"name\":\"In\u00edcio\",\"item\":\"https:\/\/agenciainfra.com\/blog\/\"},{\"@type\":\"ListItem\",\"position\":2,\"name\":\"ANP vai retomar monitoramento de combust\u00edveis ap\u00f3s desbloqueio or\u00e7ament\u00e1rio\"}]},{\"@type\":\"WebSite\",\"@id\":\"https:\/\/agenciainfra.com\/blog\/#website\",\"url\":\"https:\/\/agenciainfra.com\/blog\/\",\"name\":\"Ag\u00eancia iNFRA\",\"description\":\"Multiplataforma de informa\u00e7\u00e3o jornal\u00edstica refer\u00eancia na \u00e1rea de infraestrutura no Brasil!\",\"publisher\":{\"@id\":\"https:\/\/agenciainfra.com\/blog\/#organization\"},\"potentialAction\":[{\"@type\":\"SearchAction\",\"target\":{\"@type\":\"EntryPoint\",\"urlTemplate\":\"https:\/\/agenciainfra.com\/blog\/?s={search_term_string}\"},\"query-input\":{\"@type\":\"PropertyValueSpecification\",\"valueRequired\":true,\"valueName\":\"search_term_string\"}}],\"inLanguage\":\"pt-BR\"},{\"@type\":\"Organization\",\"@id\":\"https:\/\/agenciainfra.com\/blog\/#organization\",\"name\":\"Ag\u00eancia iNFRA\",\"url\":\"https:\/\/agenciainfra.com\/blog\/\",\"logo\":{\"@type\":\"ImageObject\",\"inLanguage\":\"pt-BR\",\"@id\":\"https:\/\/agenciainfra.com\/blog\/#\/schema\/logo\/image\/\",\"url\":\"https:\/\/agenciainfra.com\/blog\/wp-content\/uploads\/2023\/09\/iNFRA_5-e1761735885940.png\",\"contentUrl\":\"https:\/\/agenciainfra.com\/blog\/wp-content\/uploads\/2023\/09\/iNFRA_5-e1761735885940.png\",\"width\":1672,\"height\":454,\"caption\":\"Ag\u00eancia iNFRA\"},\"image\":{\"@id\":\"https:\/\/agenciainfra.com\/blog\/#\/schema\/logo\/image\/\"},\"sameAs\":[\"https:\/\/www.facebook.com\/ageninfra\",\"https:\/\/x.com\/agencia_infra\",\"https:\/\/www.linkedin.com\/company\/ag\u00eanciainfra\/\",\"https:\/\/www.instagram.com\/agenciainfra\/\"]},{\"@type\":\"Person\",\"@id\":\"https:\/\/agenciainfra.com\/blog\/#\/schema\/person\/34af08dff6adea4cb22b06612ba7acfa\",\"name\":\"Ag\u00eancia iNFRA\",\"image\":{\"@type\":\"ImageObject\",\"inLanguage\":\"pt-BR\",\"@id\":\"https:\/\/agenciainfra.com\/blog\/#\/schema\/person\/image\/\",\"url\":\"https:\/\/secure.gravatar.com\/avatar\/d189e01678f06d8eb84d4e01f08eb848b3fffe3f8443818d3c356c66892f5be8?s=96&d=mm&r=g\",\"contentUrl\":\"https:\/\/secure.gravatar.com\/avatar\/d189e01678f06d8eb84d4e01f08eb848b3fffe3f8443818d3c356c66892f5be8?s=96&d=mm&r=g\",\"caption\":\"Ag\u00eancia iNFRA\"},\"url\":\"https:\/\/agenciainfra.com\/blog\/author\/admin\/\"}]}<\/script>\n<!-- \/ Yoast SEO Premium plugin. -->","yoast_head_json":{"title":"ANP vai retomar monitoramento de combust\u00edveis ap\u00f3s desbloqueio or\u00e7ament\u00e1rio - Ag\u00eancia iNFRA","robots":{"index":"index","follow":"follow","max-snippet":"max-snippet:-1","max-image-preview":"max-image-preview:large","max-video-preview":"max-video-preview:-1"},"canonical":"https:\/\/agenciainfra.com\/blog\/anp-vai-retomar-monitoramento-de-combustiveis-apos-desbloqueio-orcamentario\/","og_locale":"pt_BR","og_type":"article","og_title":"ANP vai retomar monitoramento de combust\u00edveis ap\u00f3s desbloqueio or\u00e7ament\u00e1rio","og_description":"Gabriel Vasconcelos, da Ag\u00eancia iNFRA A ANP (Ag\u00eancia Nacional do Petr\u00f3leo, G\u00e1s Natural e Biocombust\u00edveis) anunciou nesta quinta-feira (31) que vai retomar, em agosto, o PQMC (Programa de Monitoramento da Qualidade dos Combust\u00edveis), que n\u00e3o aconteceu em julho devido aos bloqueios or\u00e7ament\u00e1rios sofridos pela ag\u00eancia. &#8220;A retomada ser\u00e1 poss\u00edvel devido ao descontingenciamento de parte do [&hellip;]","og_url":"https:\/\/agenciainfra.com\/blog\/anp-vai-retomar-monitoramento-de-combustiveis-apos-desbloqueio-orcamentario\/","og_site_name":"Ag\u00eancia iNFRA","article_publisher":"https:\/\/www.facebook.com\/ageninfra","article_published_time":"2025-07-31T18:05:02+00:00","article_modified_time":"2025-08-01T18:53:18+00:00","og_image":[{"width":1280,"height":764,"url":"https:\/\/agenciainfra.com\/blog\/wp-content\/uploads\/2025\/06\/biometano-anp-foto-marcello-camargo-agencia-brasil.png","type":"image\/png"}],"author":"Ag\u00eancia iNFRA","twitter_card":"summary_large_image","twitter_creator":"@agencia_infra","twitter_site":"@agencia_infra","twitter_misc":{"Escrito por":"Ag\u00eancia iNFRA","Est. tempo de leitura":"1 minuto"},"schema":{"@context":"https:\/\/schema.org","@graph":[{"@type":"Article","@id":"https:\/\/agenciainfra.com\/blog\/anp-vai-retomar-monitoramento-de-combustiveis-apos-desbloqueio-orcamentario\/#article","isPartOf":{"@id":"https:\/\/agenciainfra.com\/blog\/anp-vai-retomar-monitoramento-de-combustiveis-apos-desbloqueio-orcamentario\/"},"author":{"name":"Ag\u00eancia iNFRA","@id":"https:\/\/agenciainfra.com\/blog\/#\/schema\/person\/34af08dff6adea4cb22b06612ba7acfa"},"headline":"ANP vai retomar monitoramento de combust\u00edveis ap\u00f3s desbloqueio or\u00e7ament\u00e1rio","datePublished":"2025-07-31T18:05:02+00:00","dateModified":"2025-08-01T18:53:18+00:00","mainEntityOfPage":{"@id":"https:\/\/agenciainfra.com\/blog\/anp-vai-retomar-monitoramento-de-combustiveis-apos-desbloqueio-orcamentario\/"},"wordCount":206,"publisher":{"@id":"https:\/\/agenciainfra.com\/blog\/#organization"},"image":{"@id":"https:\/\/agenciainfra.com\/blog\/anp-vai-retomar-monitoramento-de-combustiveis-apos-desbloqueio-orcamentario\/#primaryimage"},"thumbnailUrl":"https:\/\/agenciainfra.com\/blog\/wp-content\/uploads\/2025\/06\/biometano-anp-foto-marcello-camargo-agencia-brasil.png","keywords":["ANP","combust\u00edveis","descontingenciamento","fiscaliza\u00e7\u00e3o","or\u00e7amento das ag\u00eancias","PMQC","qualidade de combust\u00edveis"],"articleSection":["Destaque lista","Geral","\u00d3leo &amp; G\u00e1s"],"inLanguage":"pt-BR","copyrightYear":"2025","copyrightHolder":{"@id":"https:\/\/agenciainfra.com\/blog\/#organization"}},{"@type":"WebPage","@id":"https:\/\/agenciainfra.com\/blog\/anp-vai-retomar-monitoramento-de-combustiveis-apos-desbloqueio-orcamentario\/","url":"https:\/\/agenciainfra.com\/blog\/anp-vai-retomar-monitoramento-de-combustiveis-apos-desbloqueio-orcamentario\/","name":"ANP vai retomar monitoramento de combust\u00edveis ap\u00f3s desbloqueio or\u00e7ament\u00e1rio - Ag\u00eancia iNFRA","isPartOf":{"@id":"https:\/\/agenciainfra.com\/blog\/#website"},"primaryImageOfPage":{"@id":"https:\/\/agenciainfra.com\/blog\/anp-vai-retomar-monitoramento-de-combustiveis-apos-desbloqueio-orcamentario\/#primaryimage"},"image":{"@id":"https:\/\/agenciainfra.com\/blog\/anp-vai-retomar-monitoramento-de-combustiveis-apos-desbloqueio-orcamentario\/#primaryimage"},"thumbnailUrl":"https:\/\/agenciainfra.com\/blog\/wp-content\/uploads\/2025\/06\/biometano-anp-foto-marcello-camargo-agencia-brasil.png","datePublished":"2025-07-31T18:05:02+00:00","dateModified":"2025-08-01T18:53:18+00:00","breadcrumb":{"@id":"https:\/\/agenciainfra.com\/blog\/anp-vai-retomar-monitoramento-de-combustiveis-apos-desbloqueio-orcamentario\/#breadcrumb"},"inLanguage":"pt-BR","potentialAction":[{"@type":"ReadAction","target":["https:\/\/agenciainfra.com\/blog\/anp-vai-retomar-monitoramento-de-combustiveis-apos-desbloqueio-orcamentario\/"]}]},{"@type":"ImageObject","inLanguage":"pt-BR","@id":"https:\/\/agenciainfra.com\/blog\/anp-vai-retomar-monitoramento-de-combustiveis-apos-desbloqueio-orcamentario\/#primaryimage","url":"https:\/\/agenciainfra.com\/blog\/wp-content\/uploads\/2025\/06\/biometano-anp-foto-marcello-camargo-agencia-brasil.png","contentUrl":"https:\/\/agenciainfra.com\/blog\/wp-content\/uploads\/2025\/06\/biometano-anp-foto-marcello-camargo-agencia-brasil.png","width":1280,"height":764,"caption":"Foto: Marcello Camargo\/Ag\u00eancia Brasil"},{"@type":"BreadcrumbList","@id":"https:\/\/agenciainfra.com\/blog\/anp-vai-retomar-monitoramento-de-combustiveis-apos-desbloqueio-orcamentario\/#breadcrumb","itemListElement":[{"@type":"ListItem","position":1,"name":"In\u00edcio","item":"https:\/\/agenciainfra.com\/blog\/"},{"@type":"ListItem","position":2,"name":"ANP vai retomar monitoramento de combust\u00edveis ap\u00f3s desbloqueio or\u00e7ament\u00e1rio"}]},{"@type":"WebSite","@id":"https:\/\/agenciainfra.com\/blog\/#website","url":"https:\/\/agenciainfra.com\/blog\/","name":"Ag\u00eancia iNFRA","description":"Multiplataforma de informa\u00e7\u00e3o jornal\u00edstica refer\u00eancia na \u00e1rea de infraestrutura no Brasil!","publisher":{"@id":"https:\/\/agenciainfra.com\/blog\/#organization"},"potentialAction":[{"@type":"SearchAction","target":{"@type":"EntryPoint","urlTemplate":"https:\/\/agenciainfra.com\/blog\/?s={search_term_string}"},"query-input":{"@type":"PropertyValueSpecification","valueRequired":true,"valueName":"search_term_string"}}],"inLanguage":"pt-BR"},{"@type":"Organization","@id":"https:\/\/agenciainfra.com\/blog\/#organization","name":"Ag\u00eancia iNFRA","url":"https:\/\/agenciainfra.com\/blog\/","logo":{"@type":"ImageObject","inLanguage":"pt-BR","@id":"https:\/\/agenciainfra.com\/blog\/#\/schema\/logo\/image\/","url":"https:\/\/agenciainfra.com\/blog\/wp-content\/uploads\/2023\/09\/iNFRA_5-e1761735885940.png","contentUrl":"https:\/\/agenciainfra.com\/blog\/wp-content\/uploads\/2023\/09\/iNFRA_5-e1761735885940.png","width":1672,"height":454,"caption":"Ag\u00eancia iNFRA"},"image":{"@id":"https:\/\/agenciainfra.com\/blog\/#\/schema\/logo\/image\/"},"sameAs":["https:\/\/www.facebook.com\/ageninfra","https:\/\/x.com\/agencia_infra","https:\/\/www.linkedin.com\/company\/ag\u00eanciainfra\/","https:\/\/www.instagram.com\/agenciainfra\/"]},{"@type":"Person","@id":"https:\/\/agenciainfra.com\/blog\/#\/schema\/person\/34af08dff6adea4cb22b06612ba7acfa","name":"Ag\u00eancia iNFRA","image":{"@type":"ImageObject","inLanguage":"pt-BR","@id":"https:\/\/agenciainfra.com\/blog\/#\/schema\/person\/image\/","url":"https:\/\/secure.gravatar.com\/avatar\/d189e01678f06d8eb84d4e01f08eb848b3fffe3f8443818d3c356c66892f5be8?s=96&d=mm&r=g","contentUrl":"https:\/\/secure.gravatar.com\/avatar\/d189e01678f06d8eb84d4e01f08eb848b3fffe3f8443818d3c356c66892f5be8?s=96&d=mm&r=g","caption":"Ag\u00eancia iNFRA"},"url":"https:\/\/agenciainfra.com\/blog\/author\/admin\/"}]}},"_links":{"self":[{"href":"https:\/\/agenciainfra.com\/blog\/wp-json\/wp\/v2\/posts\/25633","targetHints":{"allow":["GET"]}}],"collection":[{"href":"https:\/\/agenciainfra.com\/blog\/wp-json\/wp\/v2\/posts"}],"about":[{"href":"https:\/\/agenciainfra.com\/blog\/wp-json\/wp\/v2\/types\/post"}],"author":[{"embeddable":true,"href":"https:\/\/agenciainfra.com\/blog\/wp-json\/wp\/v2\/users\/1"}],"replies":[{"embeddable":true,"href":"https:\/\/agenciainfra.com\/blog\/wp-json\/wp\/v2\/comments?post=25633"}],"version-history":[{"count":2,"href":"https:\/\/agenciainfra.com\/blog\/wp-json\/wp\/v2\/posts\/25633\/revisions"}],"predecessor-version":[{"id":25636,"href":"https:\/\/agenciainfra.com\/blog\/wp-json\/wp\/v2\/posts\/25633\/revisions\/25636"}],"wp:featuredmedia":[{"embeddable":true,"href":"https:\/\/agenciainfra.com\/blog\/wp-json\/wp\/v2\/media\/22530"}],"wp:attachment":[{"href":"https:\/\/agenciainfra.com\/blog\/wp-json\/wp\/v2\/media?parent=25633"}],"wp:term":[{"taxonomy":"category","embeddable":true,"href":"https:\/\/agenciainfra.com\/blog\/wp-json\/wp\/v2\/categories?post=25633"},{"taxonomy":"post_tag","embeddable":true,"href":"https:\/\/agenciainfra.com\/blog\/wp-json\/wp\/v2\/tags?post=25633"}],"curies":[{"name":"wp","href":"https:\/\/api.w.org\/{rel}","templated":true}]}}