{"id":25639,"date":"2025-07-31T17:20:46","date_gmt":"2025-07-31T20:20:46","guid":{"rendered":"https:\/\/agenciainfra.com\/blog\/?p=25639"},"modified":"2025-08-01T16:35:39","modified_gmt":"2025-08-01T19:35:39","slug":"ministro-diz-que-buscara-entendimento-sobre-viracopos-com-ajuda-do-tcu-nos-proximos-60-dias","status":"publish","type":"post","link":"https:\/\/agenciainfra.com\/blog\/ministro-diz-que-buscara-entendimento-sobre-viracopos-com-ajuda-do-tcu-nos-proximos-60-dias\/","title":{"rendered":"Ministro diz que buscar\u00e1 entendimento sobre Viracopos com ajuda do TCU nos pr\u00f3ximos 60 dias"},"content":{"rendered":"\n<p class=\"has-text-align-right\"><strong>da Ag\u00eancia iNFRA<\/strong><\/p>\n\n\n\n<p>O ministro de Portos e Aeroportos, Silvio Costa Filho, disse nesta quinta-feira (31) que vai trabalhar por um entendimento nos pr\u00f3ximos 60 dias sobre o futuro do Aeroporto de Viracopos (SP) com o aux\u00edlio do TCU (Tribunal de Contas da Uni\u00e3o). Nos \u00faltimos tempos, Costa Filho tem indicado sua prefer\u00eancia em manter a ABV (Aeroportos Brasil Viracopos) na administra\u00e7\u00e3o do terminal em Campinas, em alternativa ao processo de caducidade que poderia retirar a empresa do aeroporto.<\/p>\n\n\n\n<p>Em entrevista \u00e0 CNN Money, ele contou que tratou do assunto recentemente com o ministro Bruno Dantas, que relatou o caso de Viracopos no TCU, e citou tamb\u00e9m a nova composi\u00e7\u00e3o esperada para a ANAC (Ag\u00eancia Nacional de Avia\u00e7\u00e3o Civil), cujas indica\u00e7\u00f5es aguardam vota\u00e7\u00e3o no Senado.<\/p>\n\n\n\n<p>\u201cN\u00e3o podemos antecipar nada, mas devemos ter reuni\u00e3o nos pr\u00f3ximos dez dias sobre Viracopos, e a partir disso tentar exercitar um entendimento e uma proposta que possa ser constru\u00edda sob lideran\u00e7a de Bruno Dantas&#8221;, disse o ministro, para quem um \u201cposs\u00edvel entendimento\u201d ser\u00e1 constru\u00eddo no segundo semestre com a disposi\u00e7\u00e3o do MPor e da ANAC.<\/p>\n\n\n\n<p>Costa Filho afirmou ter conversado com Dantas para explicar sua avalia\u00e7\u00e3o de que seria \u201cmuito ruim\u201d ao Brasil um n\u00e3o entendimento sobre a concess\u00e3o de Viracopos, pelo risco de judicializa\u00e7\u00e3o. \u201cN\u00e3o houve acordo com SecexConsenso, mas acho poss\u00edvel o relator poder capitanear entendimento, que esse entendimento quem ganha \u00e9 o Brasil&#8221;, afirmou.<\/p>\n\n\n\n<p>A <strong>Ag\u00eancia iNFRA<\/strong> <a href=\"https:\/\/agenciainfra.com\/blog\/mpor-busca-alternativas-para-manter-abv-em-viracopos-enquanto-tcu-nao-ve-repescagem-em-secexconsenso\/\">mostrou<\/a> recentemente, que na Corte, ministros n\u00e3o veem espa\u00e7o para que uma eventual nova negocia\u00e7\u00e3o ocorra mais uma vez no \u00e2mbito da SecexConsenso (Secretaria de Controle Externo de Solu\u00e7\u00e3o Consensual e Preven\u00e7\u00e3o de Conflitos), onde uma tentativa de acordo entre a concession\u00e1ria e a ANAC saiu frustrada no ano passado.<\/p>\n\n\n\n<p>No in\u00edcio de julho, o plen\u00e1rio do TCU rejeitou o pedido da ANAC para que o processo de relicita\u00e7\u00e3o fosse retomado. A solicita\u00e7\u00e3o do \u00f3rg\u00e3o foi feita em recurso contra decis\u00e3o de Dantas, que em junho reconheceu o fim do prazo de relicita\u00e7\u00e3o do terminal em 2 de junho e determinou que a ANAC explicasse o descumprimento da data.<\/p>\n\n\n\n<p>No recurso, a ANAC defendeu que a relicita\u00e7\u00e3o atenderia o interesse p\u00fablico e a seguran\u00e7a jur\u00eddica. Sem que o processo possa avan\u00e7ar, argumentou a ag\u00eancia, a ABV ser\u00e1 beneficiada, apesar do que classificou como \u201cembara\u00e7os e perturba\u00e7\u00f5es\u201d causados pela empresa \u00e0 relicita\u00e7\u00e3o.<\/p>\n","protected":false},"excerpt":{"rendered":"<p>da Ag\u00eancia iNFRA O ministro de Portos e Aeroportos, Silvio Costa Filho, disse nesta quinta-feira (31) que vai trabalhar por um entendimento nos pr\u00f3ximos 60 dias sobre o futuro do Aeroporto de Viracopos (SP) com o aux\u00edlio do TCU (Tribunal de Contas da Uni\u00e3o). Nos \u00faltimos tempos, Costa Filho tem indicado sua prefer\u00eancia em manter [&hellip;]<\/p>\n","protected":false},"author":1,"featured_media":6110,"comment_status":"closed","ping_status":"closed","sticky":false,"template":"","format":"standard","meta":{"_monsterinsights_skip_tracking":false,"_monsterinsights_sitenote_active":false,"_monsterinsights_sitenote_note":"","_monsterinsights_sitenote_category":0,"footnotes":""},"categories":[7250,1,7],"tags":[6231,862,242,396,14678,6257,7467,8489],"class_list":["post-25639","post","type-post","status-publish","format-standard","has-post-thumbnail","hentry","category-destaque-lista","category-geral","category-infratransporte","tag-abv","tag-aeroporto-de-viracopos","tag-anac","tag-bruno-dantas","tag-concessao-de-viracopos","tag-ministerio-de-portos-e-aeroportos","tag-silvio-costa-filho","tag-tcu-tribunal-de-contas-da-uniao"],"yoast_head":"<!-- This site is optimized with the Yoast SEO Premium plugin v25.4 (Yoast SEO v26.0) - https:\/\/yoast.com\/wordpress\/plugins\/seo\/ -->\n<title>Ministro diz que buscar\u00e1 entendimento sobre Viracopos com ajuda do TCU nos pr\u00f3ximos 60 dias - Ag\u00eancia iNFRA<\/title>\n<meta name=\"robots\" content=\"index, follow, max-snippet:-1, max-image-preview:large, max-video-preview:-1\" \/>\n<link rel=\"canonical\" href=\"https:\/\/agenciainfra.com\/blog\/ministro-diz-que-buscara-entendimento-sobre-viracopos-com-ajuda-do-tcu-nos-proximos-60-dias\/\" \/>\n<meta property=\"og:locale\" content=\"pt_BR\" \/>\n<meta property=\"og:type\" content=\"article\" \/>\n<meta property=\"og:title\" content=\"Ministro diz que buscar\u00e1 entendimento sobre Viracopos com ajuda do TCU nos pr\u00f3ximos 60 dias\" \/>\n<meta property=\"og:description\" content=\"da Ag\u00eancia iNFRA O ministro de Portos e Aeroportos, Silvio Costa Filho, disse nesta quinta-feira (31) que vai trabalhar por um entendimento nos pr\u00f3ximos 60 dias sobre o futuro do Aeroporto de Viracopos (SP) com o aux\u00edlio do TCU (Tribunal de Contas da Uni\u00e3o). Nos \u00faltimos tempos, Costa Filho tem indicado sua prefer\u00eancia em manter [&hellip;]\" \/>\n<meta property=\"og:url\" content=\"https:\/\/agenciainfra.com\/blog\/ministro-diz-que-buscara-entendimento-sobre-viracopos-com-ajuda-do-tcu-nos-proximos-60-dias\/\" \/>\n<meta property=\"og:site_name\" content=\"Ag\u00eancia iNFRA\" \/>\n<meta property=\"article:publisher\" content=\"https:\/\/www.facebook.com\/ageninfra\" \/>\n<meta property=\"article:published_time\" content=\"2025-07-31T20:20:46+00:00\" \/>\n<meta property=\"article:modified_time\" content=\"2025-08-01T19:35:39+00:00\" \/>\n<meta property=\"og:image\" content=\"https:\/\/agenciainfra.com\/blog\/wp-content\/uploads\/2020\/10\/viracopos-foto-viracopos-e1748428428193.jpg\" \/>\n\t<meta property=\"og:image:width\" content=\"1280\" \/>\n\t<meta property=\"og:image:height\" content=\"753\" \/>\n\t<meta property=\"og:image:type\" content=\"image\/jpeg\" \/>\n<meta name=\"author\" content=\"Ag\u00eancia iNFRA\" \/>\n<meta name=\"twitter:card\" content=\"summary_large_image\" \/>\n<meta name=\"twitter:creator\" content=\"@agencia_infra\" \/>\n<meta name=\"twitter:site\" content=\"@agencia_infra\" \/>\n<meta name=\"twitter:label1\" content=\"Escrito por\" \/>\n\t<meta name=\"twitter:data1\" content=\"Ag\u00eancia iNFRA\" \/>\n\t<meta name=\"twitter:label2\" content=\"Est. tempo de leitura\" \/>\n\t<meta name=\"twitter:data2\" content=\"2 minutos\" \/>\n<script type=\"application\/ld+json\" class=\"yoast-schema-graph\">{\"@context\":\"https:\/\/schema.org\",\"@graph\":[{\"@type\":\"Article\",\"@id\":\"https:\/\/agenciainfra.com\/blog\/ministro-diz-que-buscara-entendimento-sobre-viracopos-com-ajuda-do-tcu-nos-proximos-60-dias\/#article\",\"isPartOf\":{\"@id\":\"https:\/\/agenciainfra.com\/blog\/ministro-diz-que-buscara-entendimento-sobre-viracopos-com-ajuda-do-tcu-nos-proximos-60-dias\/\"},\"author\":{\"name\":\"Ag\u00eancia iNFRA\",\"@id\":\"https:\/\/agenciainfra.com\/blog\/#\/schema\/person\/34af08dff6adea4cb22b06612ba7acfa\"},\"headline\":\"Ministro diz que buscar\u00e1 entendimento sobre Viracopos com ajuda do TCU nos pr\u00f3ximos 60 dias\",\"datePublished\":\"2025-07-31T20:20:46+00:00\",\"dateModified\":\"2025-08-01T19:35:39+00:00\",\"mainEntityOfPage\":{\"@id\":\"https:\/\/agenciainfra.com\/blog\/ministro-diz-que-buscara-entendimento-sobre-viracopos-com-ajuda-do-tcu-nos-proximos-60-dias\/\"},\"wordCount\":444,\"publisher\":{\"@id\":\"https:\/\/agenciainfra.com\/blog\/#organization\"},\"image\":{\"@id\":\"https:\/\/agenciainfra.com\/blog\/ministro-diz-que-buscara-entendimento-sobre-viracopos-com-ajuda-do-tcu-nos-proximos-60-dias\/#primaryimage\"},\"thumbnailUrl\":\"https:\/\/agenciainfra.com\/blog\/wp-content\/uploads\/2020\/10\/viracopos-foto-viracopos-e1748428428193.jpg\",\"keywords\":[\"ABV\",\"Aeroporto de Viracopos\",\"ANAC\",\"Bruno Dantas\",\"concess\u00e3o de Viracopos\",\"Minist\u00e9rio de Portos e Aeroportos\",\"Silvio Costa Filho\",\"TCU (Tribunal de Contas da Uni\u00e3o)\"],\"articleSection\":[\"Destaque lista\",\"Geral\",\"iNFRATransporte\"],\"inLanguage\":\"pt-BR\",\"copyrightYear\":\"2025\",\"copyrightHolder\":{\"@id\":\"https:\/\/agenciainfra.com\/blog\/#organization\"}},{\"@type\":\"WebPage\",\"@id\":\"https:\/\/agenciainfra.com\/blog\/ministro-diz-que-buscara-entendimento-sobre-viracopos-com-ajuda-do-tcu-nos-proximos-60-dias\/\",\"url\":\"https:\/\/agenciainfra.com\/blog\/ministro-diz-que-buscara-entendimento-sobre-viracopos-com-ajuda-do-tcu-nos-proximos-60-dias\/\",\"name\":\"Ministro diz que buscar\u00e1 entendimento sobre Viracopos com ajuda do TCU nos pr\u00f3ximos 60 dias - Ag\u00eancia iNFRA\",\"isPartOf\":{\"@id\":\"https:\/\/agenciainfra.com\/blog\/#website\"},\"primaryImageOfPage\":{\"@id\":\"https:\/\/agenciainfra.com\/blog\/ministro-diz-que-buscara-entendimento-sobre-viracopos-com-ajuda-do-tcu-nos-proximos-60-dias\/#primaryimage\"},\"image\":{\"@id\":\"https:\/\/agenciainfra.com\/blog\/ministro-diz-que-buscara-entendimento-sobre-viracopos-com-ajuda-do-tcu-nos-proximos-60-dias\/#primaryimage\"},\"thumbnailUrl\":\"https:\/\/agenciainfra.com\/blog\/wp-content\/uploads\/2020\/10\/viracopos-foto-viracopos-e1748428428193.jpg\",\"datePublished\":\"2025-07-31T20:20:46+00:00\",\"dateModified\":\"2025-08-01T19:35:39+00:00\",\"breadcrumb\":{\"@id\":\"https:\/\/agenciainfra.com\/blog\/ministro-diz-que-buscara-entendimento-sobre-viracopos-com-ajuda-do-tcu-nos-proximos-60-dias\/#breadcrumb\"},\"inLanguage\":\"pt-BR\",\"potentialAction\":[{\"@type\":\"ReadAction\",\"target\":[\"https:\/\/agenciainfra.com\/blog\/ministro-diz-que-buscara-entendimento-sobre-viracopos-com-ajuda-do-tcu-nos-proximos-60-dias\/\"]}]},{\"@type\":\"ImageObject\",\"inLanguage\":\"pt-BR\",\"@id\":\"https:\/\/agenciainfra.com\/blog\/ministro-diz-que-buscara-entendimento-sobre-viracopos-com-ajuda-do-tcu-nos-proximos-60-dias\/#primaryimage\",\"url\":\"https:\/\/agenciainfra.com\/blog\/wp-content\/uploads\/2020\/10\/viracopos-foto-viracopos-e1748428428193.jpg\",\"contentUrl\":\"https:\/\/agenciainfra.com\/blog\/wp-content\/uploads\/2020\/10\/viracopos-foto-viracopos-e1748428428193.jpg\",\"width\":1280,\"height\":753,\"caption\":\"Foto: Aeroportos Brasil Viracopos\"},{\"@type\":\"BreadcrumbList\",\"@id\":\"https:\/\/agenciainfra.com\/blog\/ministro-diz-que-buscara-entendimento-sobre-viracopos-com-ajuda-do-tcu-nos-proximos-60-dias\/#breadcrumb\",\"itemListElement\":[{\"@type\":\"ListItem\",\"position\":1,\"name\":\"In\u00edcio\",\"item\":\"https:\/\/agenciainfra.com\/blog\/\"},{\"@type\":\"ListItem\",\"position\":2,\"name\":\"Ministro diz que buscar\u00e1 entendimento sobre Viracopos com ajuda do TCU nos pr\u00f3ximos 60 dias\"}]},{\"@type\":\"WebSite\",\"@id\":\"https:\/\/agenciainfra.com\/blog\/#website\",\"url\":\"https:\/\/agenciainfra.com\/blog\/\",\"name\":\"Ag\u00eancia iNFRA\",\"description\":\"Multiplataforma de informa\u00e7\u00e3o jornal\u00edstica refer\u00eancia na \u00e1rea de infraestrutura no Brasil!\",\"publisher\":{\"@id\":\"https:\/\/agenciainfra.com\/blog\/#organization\"},\"potentialAction\":[{\"@type\":\"SearchAction\",\"target\":{\"@type\":\"EntryPoint\",\"urlTemplate\":\"https:\/\/agenciainfra.com\/blog\/?s={search_term_string}\"},\"query-input\":{\"@type\":\"PropertyValueSpecification\",\"valueRequired\":true,\"valueName\":\"search_term_string\"}}],\"inLanguage\":\"pt-BR\"},{\"@type\":\"Organization\",\"@id\":\"https:\/\/agenciainfra.com\/blog\/#organization\",\"name\":\"Ag\u00eancia iNFRA\",\"url\":\"https:\/\/agenciainfra.com\/blog\/\",\"logo\":{\"@type\":\"ImageObject\",\"inLanguage\":\"pt-BR\",\"@id\":\"https:\/\/agenciainfra.com\/blog\/#\/schema\/logo\/image\/\",\"url\":\"https:\/\/agenciainfra.com\/blog\/wp-content\/uploads\/2023\/09\/iNFRA_5-e1761735885940.png\",\"contentUrl\":\"https:\/\/agenciainfra.com\/blog\/wp-content\/uploads\/2023\/09\/iNFRA_5-e1761735885940.png\",\"width\":1672,\"height\":454,\"caption\":\"Ag\u00eancia iNFRA\"},\"image\":{\"@id\":\"https:\/\/agenciainfra.com\/blog\/#\/schema\/logo\/image\/\"},\"sameAs\":[\"https:\/\/www.facebook.com\/ageninfra\",\"https:\/\/x.com\/agencia_infra\",\"https:\/\/www.linkedin.com\/company\/ag\u00eanciainfra\/\",\"https:\/\/www.instagram.com\/agenciainfra\/\"]},{\"@type\":\"Person\",\"@id\":\"https:\/\/agenciainfra.com\/blog\/#\/schema\/person\/34af08dff6adea4cb22b06612ba7acfa\",\"name\":\"Ag\u00eancia iNFRA\",\"image\":{\"@type\":\"ImageObject\",\"inLanguage\":\"pt-BR\",\"@id\":\"https:\/\/agenciainfra.com\/blog\/#\/schema\/person\/image\/\",\"url\":\"https:\/\/secure.gravatar.com\/avatar\/d189e01678f06d8eb84d4e01f08eb848b3fffe3f8443818d3c356c66892f5be8?s=96&d=mm&r=g\",\"contentUrl\":\"https:\/\/secure.gravatar.com\/avatar\/d189e01678f06d8eb84d4e01f08eb848b3fffe3f8443818d3c356c66892f5be8?s=96&d=mm&r=g\",\"caption\":\"Ag\u00eancia iNFRA\"},\"url\":\"https:\/\/agenciainfra.com\/blog\/author\/admin\/\"}]}<\/script>\n<!-- \/ Yoast SEO Premium plugin. -->","yoast_head_json":{"title":"Ministro diz que buscar\u00e1 entendimento sobre Viracopos com ajuda do TCU nos pr\u00f3ximos 60 dias - Ag\u00eancia iNFRA","robots":{"index":"index","follow":"follow","max-snippet":"max-snippet:-1","max-image-preview":"max-image-preview:large","max-video-preview":"max-video-preview:-1"},"canonical":"https:\/\/agenciainfra.com\/blog\/ministro-diz-que-buscara-entendimento-sobre-viracopos-com-ajuda-do-tcu-nos-proximos-60-dias\/","og_locale":"pt_BR","og_type":"article","og_title":"Ministro diz que buscar\u00e1 entendimento sobre Viracopos com ajuda do TCU nos pr\u00f3ximos 60 dias","og_description":"da Ag\u00eancia iNFRA O ministro de Portos e Aeroportos, Silvio Costa Filho, disse nesta quinta-feira (31) que vai trabalhar por um entendimento nos pr\u00f3ximos 60 dias sobre o futuro do Aeroporto de Viracopos (SP) com o aux\u00edlio do TCU (Tribunal de Contas da Uni\u00e3o). Nos \u00faltimos tempos, Costa Filho tem indicado sua prefer\u00eancia em manter [&hellip;]","og_url":"https:\/\/agenciainfra.com\/blog\/ministro-diz-que-buscara-entendimento-sobre-viracopos-com-ajuda-do-tcu-nos-proximos-60-dias\/","og_site_name":"Ag\u00eancia iNFRA","article_publisher":"https:\/\/www.facebook.com\/ageninfra","article_published_time":"2025-07-31T20:20:46+00:00","article_modified_time":"2025-08-01T19:35:39+00:00","og_image":[{"width":1280,"height":753,"url":"https:\/\/agenciainfra.com\/blog\/wp-content\/uploads\/2020\/10\/viracopos-foto-viracopos-e1748428428193.jpg","type":"image\/jpeg"}],"author":"Ag\u00eancia iNFRA","twitter_card":"summary_large_image","twitter_creator":"@agencia_infra","twitter_site":"@agencia_infra","twitter_misc":{"Escrito por":"Ag\u00eancia iNFRA","Est. tempo de leitura":"2 minutos"},"schema":{"@context":"https:\/\/schema.org","@graph":[{"@type":"Article","@id":"https:\/\/agenciainfra.com\/blog\/ministro-diz-que-buscara-entendimento-sobre-viracopos-com-ajuda-do-tcu-nos-proximos-60-dias\/#article","isPartOf":{"@id":"https:\/\/agenciainfra.com\/blog\/ministro-diz-que-buscara-entendimento-sobre-viracopos-com-ajuda-do-tcu-nos-proximos-60-dias\/"},"author":{"name":"Ag\u00eancia iNFRA","@id":"https:\/\/agenciainfra.com\/blog\/#\/schema\/person\/34af08dff6adea4cb22b06612ba7acfa"},"headline":"Ministro diz que buscar\u00e1 entendimento sobre Viracopos com ajuda do TCU nos pr\u00f3ximos 60 dias","datePublished":"2025-07-31T20:20:46+00:00","dateModified":"2025-08-01T19:35:39+00:00","mainEntityOfPage":{"@id":"https:\/\/agenciainfra.com\/blog\/ministro-diz-que-buscara-entendimento-sobre-viracopos-com-ajuda-do-tcu-nos-proximos-60-dias\/"},"wordCount":444,"publisher":{"@id":"https:\/\/agenciainfra.com\/blog\/#organization"},"image":{"@id":"https:\/\/agenciainfra.com\/blog\/ministro-diz-que-buscara-entendimento-sobre-viracopos-com-ajuda-do-tcu-nos-proximos-60-dias\/#primaryimage"},"thumbnailUrl":"https:\/\/agenciainfra.com\/blog\/wp-content\/uploads\/2020\/10\/viracopos-foto-viracopos-e1748428428193.jpg","keywords":["ABV","Aeroporto de Viracopos","ANAC","Bruno Dantas","concess\u00e3o de Viracopos","Minist\u00e9rio de Portos e Aeroportos","Silvio Costa Filho","TCU (Tribunal de Contas da Uni\u00e3o)"],"articleSection":["Destaque lista","Geral","iNFRATransporte"],"inLanguage":"pt-BR","copyrightYear":"2025","copyrightHolder":{"@id":"https:\/\/agenciainfra.com\/blog\/#organization"}},{"@type":"WebPage","@id":"https:\/\/agenciainfra.com\/blog\/ministro-diz-que-buscara-entendimento-sobre-viracopos-com-ajuda-do-tcu-nos-proximos-60-dias\/","url":"https:\/\/agenciainfra.com\/blog\/ministro-diz-que-buscara-entendimento-sobre-viracopos-com-ajuda-do-tcu-nos-proximos-60-dias\/","name":"Ministro diz que buscar\u00e1 entendimento sobre Viracopos com ajuda do TCU nos pr\u00f3ximos 60 dias - Ag\u00eancia iNFRA","isPartOf":{"@id":"https:\/\/agenciainfra.com\/blog\/#website"},"primaryImageOfPage":{"@id":"https:\/\/agenciainfra.com\/blog\/ministro-diz-que-buscara-entendimento-sobre-viracopos-com-ajuda-do-tcu-nos-proximos-60-dias\/#primaryimage"},"image":{"@id":"https:\/\/agenciainfra.com\/blog\/ministro-diz-que-buscara-entendimento-sobre-viracopos-com-ajuda-do-tcu-nos-proximos-60-dias\/#primaryimage"},"thumbnailUrl":"https:\/\/agenciainfra.com\/blog\/wp-content\/uploads\/2020\/10\/viracopos-foto-viracopos-e1748428428193.jpg","datePublished":"2025-07-31T20:20:46+00:00","dateModified":"2025-08-01T19:35:39+00:00","breadcrumb":{"@id":"https:\/\/agenciainfra.com\/blog\/ministro-diz-que-buscara-entendimento-sobre-viracopos-com-ajuda-do-tcu-nos-proximos-60-dias\/#breadcrumb"},"inLanguage":"pt-BR","potentialAction":[{"@type":"ReadAction","target":["https:\/\/agenciainfra.com\/blog\/ministro-diz-que-buscara-entendimento-sobre-viracopos-com-ajuda-do-tcu-nos-proximos-60-dias\/"]}]},{"@type":"ImageObject","inLanguage":"pt-BR","@id":"https:\/\/agenciainfra.com\/blog\/ministro-diz-que-buscara-entendimento-sobre-viracopos-com-ajuda-do-tcu-nos-proximos-60-dias\/#primaryimage","url":"https:\/\/agenciainfra.com\/blog\/wp-content\/uploads\/2020\/10\/viracopos-foto-viracopos-e1748428428193.jpg","contentUrl":"https:\/\/agenciainfra.com\/blog\/wp-content\/uploads\/2020\/10\/viracopos-foto-viracopos-e1748428428193.jpg","width":1280,"height":753,"caption":"Foto: Aeroportos Brasil Viracopos"},{"@type":"BreadcrumbList","@id":"https:\/\/agenciainfra.com\/blog\/ministro-diz-que-buscara-entendimento-sobre-viracopos-com-ajuda-do-tcu-nos-proximos-60-dias\/#breadcrumb","itemListElement":[{"@type":"ListItem","position":1,"name":"In\u00edcio","item":"https:\/\/agenciainfra.com\/blog\/"},{"@type":"ListItem","position":2,"name":"Ministro diz que buscar\u00e1 entendimento sobre Viracopos com ajuda do TCU nos pr\u00f3ximos 60 dias"}]},{"@type":"WebSite","@id":"https:\/\/agenciainfra.com\/blog\/#website","url":"https:\/\/agenciainfra.com\/blog\/","name":"Ag\u00eancia iNFRA","description":"Multiplataforma de informa\u00e7\u00e3o jornal\u00edstica refer\u00eancia na \u00e1rea de infraestrutura no Brasil!","publisher":{"@id":"https:\/\/agenciainfra.com\/blog\/#organization"},"potentialAction":[{"@type":"SearchAction","target":{"@type":"EntryPoint","urlTemplate":"https:\/\/agenciainfra.com\/blog\/?s={search_term_string}"},"query-input":{"@type":"PropertyValueSpecification","valueRequired":true,"valueName":"search_term_string"}}],"inLanguage":"pt-BR"},{"@type":"Organization","@id":"https:\/\/agenciainfra.com\/blog\/#organization","name":"Ag\u00eancia iNFRA","url":"https:\/\/agenciainfra.com\/blog\/","logo":{"@type":"ImageObject","inLanguage":"pt-BR","@id":"https:\/\/agenciainfra.com\/blog\/#\/schema\/logo\/image\/","url":"https:\/\/agenciainfra.com\/blog\/wp-content\/uploads\/2023\/09\/iNFRA_5-e1761735885940.png","contentUrl":"https:\/\/agenciainfra.com\/blog\/wp-content\/uploads\/2023\/09\/iNFRA_5-e1761735885940.png","width":1672,"height":454,"caption":"Ag\u00eancia iNFRA"},"image":{"@id":"https:\/\/agenciainfra.com\/blog\/#\/schema\/logo\/image\/"},"sameAs":["https:\/\/www.facebook.com\/ageninfra","https:\/\/x.com\/agencia_infra","https:\/\/www.linkedin.com\/company\/ag\u00eanciainfra\/","https:\/\/www.instagram.com\/agenciainfra\/"]},{"@type":"Person","@id":"https:\/\/agenciainfra.com\/blog\/#\/schema\/person\/34af08dff6adea4cb22b06612ba7acfa","name":"Ag\u00eancia iNFRA","image":{"@type":"ImageObject","inLanguage":"pt-BR","@id":"https:\/\/agenciainfra.com\/blog\/#\/schema\/person\/image\/","url":"https:\/\/secure.gravatar.com\/avatar\/d189e01678f06d8eb84d4e01f08eb848b3fffe3f8443818d3c356c66892f5be8?s=96&d=mm&r=g","contentUrl":"https:\/\/secure.gravatar.com\/avatar\/d189e01678f06d8eb84d4e01f08eb848b3fffe3f8443818d3c356c66892f5be8?s=96&d=mm&r=g","caption":"Ag\u00eancia iNFRA"},"url":"https:\/\/agenciainfra.com\/blog\/author\/admin\/"}]}},"_links":{"self":[{"href":"https:\/\/agenciainfra.com\/blog\/wp-json\/wp\/v2\/posts\/25639","targetHints":{"allow":["GET"]}}],"collection":[{"href":"https:\/\/agenciainfra.com\/blog\/wp-json\/wp\/v2\/posts"}],"about":[{"href":"https:\/\/agenciainfra.com\/blog\/wp-json\/wp\/v2\/types\/post"}],"author":[{"embeddable":true,"href":"https:\/\/agenciainfra.com\/blog\/wp-json\/wp\/v2\/users\/1"}],"replies":[{"embeddable":true,"href":"https:\/\/agenciainfra.com\/blog\/wp-json\/wp\/v2\/comments?post=25639"}],"version-history":[{"count":1,"href":"https:\/\/agenciainfra.com\/blog\/wp-json\/wp\/v2\/posts\/25639\/revisions"}],"predecessor-version":[{"id":25640,"href":"https:\/\/agenciainfra.com\/blog\/wp-json\/wp\/v2\/posts\/25639\/revisions\/25640"}],"wp:featuredmedia":[{"embeddable":true,"href":"https:\/\/agenciainfra.com\/blog\/wp-json\/wp\/v2\/media\/6110"}],"wp:attachment":[{"href":"https:\/\/agenciainfra.com\/blog\/wp-json\/wp\/v2\/media?parent=25639"}],"wp:term":[{"taxonomy":"category","embeddable":true,"href":"https:\/\/agenciainfra.com\/blog\/wp-json\/wp\/v2\/categories?post=25639"},{"taxonomy":"post_tag","embeddable":true,"href":"https:\/\/agenciainfra.com\/blog\/wp-json\/wp\/v2\/tags?post=25639"}],"curies":[{"name":"wp","href":"https:\/\/api.w.org\/{rel}","templated":true}]}}