{"id":25641,"date":"2025-07-31T17:28:48","date_gmt":"2025-07-31T20:28:48","guid":{"rendered":"https:\/\/agenciainfra.com\/blog\/?p=25641"},"modified":"2025-08-01T16:39:28","modified_gmt":"2025-08-01T19:39:28","slug":"tecon-10-defendo-que-mais-players-participem-desde-que-nao-haja-concentracao-de-mercado-diz-costa-filho","status":"publish","type":"post","link":"https:\/\/agenciainfra.com\/blog\/tecon-10-defendo-que-mais-players-participem-desde-que-nao-haja-concentracao-de-mercado-diz-costa-filho\/","title":{"rendered":"Tecon 10: &#8220;Defendo que mais players participem desde que n\u00e3o haja concentra\u00e7\u00e3o de mercado&#8221;, diz Costa Filho"},"content":{"rendered":"\n<p class=\"has-text-align-right\"><strong>da Ag\u00eancia iNFRA<\/strong><\/p>\n\n\n\n<p>O ministro de Portos e Aeroportos, Silvio Costa Filho, reafirmou nesta quinta-feira (31) que a pasta aguardar\u00e1 a decis\u00e3o do TCU (Tribunal de Contas da Uni\u00e3o) sobre o faseamento do leil\u00e3o do megaterminal de cont\u00eaineres no Porto de Santos, o Tecon Santos 10. Ele defendeu o entendimento do colegiado da ANTAQ (Ag\u00eancia Nacional de Transportes Aquavi\u00e1rios) e afirmou que a decis\u00e3o, tomada por unanimidade pelos diretores da ag\u00eancia, deve ser respeitada.<\/p>\n\n\n\n<p>Para o ministro, a tese da autarquia sobre os riscos de concentra\u00e7\u00e3o no mercado \u00e9 v\u00e1lida. No entanto, caso o TCU conclua que n\u00e3o h\u00e1, o governo ir\u00e1 \u201csentar \u00e0 mesa e pensar em alternativas\u201d. \u201cEu defendo que mais players internacionais participem, desde que n\u00e3o haja claramente uma concentra\u00e7\u00e3o de mercado que, ao final, que prejudica\u201d, afirmou Costa Filho em entrevista \u00e0 CNN Money.<\/p>\n\n\n\n<p>O ministro tem mantido essa posi\u00e7\u00e3o desde que parte do mercado come\u00e7ou a questionar o entendimento da ANTAQ, que restringe, na primeira fase do leil\u00e3o, a participa\u00e7\u00e3o de empresas que j\u00e1 possuem ativos no Porto de Santos. A justificativa da ag\u00eancia \u00e9 que a medida visa mitigar a concentra\u00e7\u00e3o da opera\u00e7\u00e3o de cont\u00eaineres no maior complexo portu\u00e1rio da Am\u00e9rica Latina.<\/p>\n\n\n\n<p>A meta do governo \u00e9 realizar o leil\u00e3o do Tecon Santos 10 ainda neste ano, entre os meses de novembro e dezembro. O ministro destacou que o MPor s\u00f3 ir\u00e1 se pronunciar ap\u00f3s o parecer do ministro Antonio Anastasia, relator do caso no TCU. \u201cNossa decis\u00e3o futura depende disso. Fizemos quest\u00e3o de ouvir a ANTAQ e vamos ouvir o TCU&#8221;, disse.<\/p>\n\n\n\n<p>&#8220;O relator \u00e9 um excelente quadro, e queremos, ao final, tomar uma decis\u00e3o ainda mais embasada tecnicamente. N\u00e3o faremos nenhum movimento at\u00e9 l\u00e1, em respeito ao relator Anastasia, para que possamos decidir com base em estudos t\u00e9cnicos e an\u00e1lises criteriosas\u201d, completou.<\/p>\n","protected":false},"excerpt":{"rendered":"<p>da Ag\u00eancia iNFRA O ministro de Portos e Aeroportos, Silvio Costa Filho, reafirmou nesta quinta-feira (31) que a pasta aguardar\u00e1 a decis\u00e3o do TCU (Tribunal de Contas da Uni\u00e3o) sobre o faseamento do leil\u00e3o do megaterminal de cont\u00eaineres no Porto de Santos, o Tecon Santos 10. Ele defendeu o entendimento do colegiado da ANTAQ (Ag\u00eancia [&hellip;]<\/p>\n","protected":false},"author":1,"featured_media":22209,"comment_status":"closed","ping_status":"closed","sticky":false,"template":"","format":"standard","meta":{"_monsterinsights_skip_tracking":false,"_monsterinsights_sitenote_active":false,"_monsterinsights_sitenote_note":"","_monsterinsights_sitenote_category":0,"footnotes":""},"categories":[7250,1,7],"tags":[86,1726,12830,12350,6257,260,7467,8489,12474,816],"class_list":["post-25641","post","type-post","status-publish","format-standard","has-post-thumbnail","hentry","category-destaque-lista","category-geral","category-infratransporte","tag-antaq","tag-infraestrutura-portuaria","tag-leilao-do-tecon-10","tag-megaterminal-de-conteineres","tag-ministerio-de-portos-e-aeroportos","tag-porto-de-santos","tag-silvio-costa-filho","tag-tcu-tribunal-de-contas-da-uniao","tag-tecon-santos-10","tag-transporte-aquaviario"],"yoast_head":"<!-- This site is optimized with the Yoast SEO Premium plugin v25.4 (Yoast SEO v26.0) - https:\/\/yoast.com\/wordpress\/plugins\/seo\/ -->\n<title>Tecon 10: &quot;Defendo que mais players participem desde que n\u00e3o haja concentra\u00e7\u00e3o de mercado&quot;, diz Costa Filho - Ag\u00eancia iNFRA<\/title>\n<meta name=\"robots\" content=\"index, follow, max-snippet:-1, max-image-preview:large, max-video-preview:-1\" \/>\n<link rel=\"canonical\" href=\"https:\/\/agenciainfra.com\/blog\/tecon-10-defendo-que-mais-players-participem-desde-que-nao-haja-concentracao-de-mercado-diz-costa-filho\/\" \/>\n<meta property=\"og:locale\" content=\"pt_BR\" \/>\n<meta property=\"og:type\" content=\"article\" \/>\n<meta property=\"og:title\" content=\"Tecon 10: &quot;Defendo que mais players participem desde que n\u00e3o haja concentra\u00e7\u00e3o de mercado&quot;, diz Costa Filho\" \/>\n<meta property=\"og:description\" content=\"da Ag\u00eancia iNFRA O ministro de Portos e Aeroportos, Silvio Costa Filho, reafirmou nesta quinta-feira (31) que a pasta aguardar\u00e1 a decis\u00e3o do TCU (Tribunal de Contas da Uni\u00e3o) sobre o faseamento do leil\u00e3o do megaterminal de cont\u00eaineres no Porto de Santos, o Tecon Santos 10. Ele defendeu o entendimento do colegiado da ANTAQ (Ag\u00eancia [&hellip;]\" \/>\n<meta property=\"og:url\" content=\"https:\/\/agenciainfra.com\/blog\/tecon-10-defendo-que-mais-players-participem-desde-que-nao-haja-concentracao-de-mercado-diz-costa-filho\/\" \/>\n<meta property=\"og:site_name\" content=\"Ag\u00eancia iNFRA\" \/>\n<meta property=\"article:publisher\" content=\"https:\/\/www.facebook.com\/ageninfra\" \/>\n<meta property=\"article:published_time\" content=\"2025-07-31T20:28:48+00:00\" \/>\n<meta property=\"article:modified_time\" content=\"2025-08-01T19:39:28+00:00\" \/>\n<meta property=\"og:image\" content=\"https:\/\/agenciainfra.com\/blog\/wp-content\/uploads\/2025\/05\/porto-de-santos-foto-porto-de-santos-1024x767-1.jpeg\" \/>\n\t<meta property=\"og:image:width\" content=\"1024\" \/>\n\t<meta property=\"og:image:height\" content=\"767\" \/>\n\t<meta property=\"og:image:type\" content=\"image\/jpeg\" \/>\n<meta name=\"author\" content=\"Ag\u00eancia iNFRA\" \/>\n<meta name=\"twitter:card\" content=\"summary_large_image\" \/>\n<meta name=\"twitter:creator\" content=\"@agencia_infra\" \/>\n<meta name=\"twitter:site\" content=\"@agencia_infra\" \/>\n<meta name=\"twitter:label1\" content=\"Escrito por\" \/>\n\t<meta name=\"twitter:data1\" content=\"Ag\u00eancia iNFRA\" \/>\n\t<meta name=\"twitter:label2\" content=\"Est. tempo de leitura\" \/>\n\t<meta name=\"twitter:data2\" content=\"2 minutos\" \/>\n<script type=\"application\/ld+json\" class=\"yoast-schema-graph\">{\"@context\":\"https:\/\/schema.org\",\"@graph\":[{\"@type\":\"Article\",\"@id\":\"https:\/\/agenciainfra.com\/blog\/tecon-10-defendo-que-mais-players-participem-desde-que-nao-haja-concentracao-de-mercado-diz-costa-filho\/#article\",\"isPartOf\":{\"@id\":\"https:\/\/agenciainfra.com\/blog\/tecon-10-defendo-que-mais-players-participem-desde-que-nao-haja-concentracao-de-mercado-diz-costa-filho\/\"},\"author\":{\"name\":\"Ag\u00eancia iNFRA\",\"@id\":\"https:\/\/agenciainfra.com\/blog\/#\/schema\/person\/34af08dff6adea4cb22b06612ba7acfa\"},\"headline\":\"Tecon 10: &#8220;Defendo que mais players participem desde que n\u00e3o haja concentra\u00e7\u00e3o de mercado&#8221;, diz Costa Filho\",\"datePublished\":\"2025-07-31T20:28:48+00:00\",\"dateModified\":\"2025-08-01T19:39:28+00:00\",\"mainEntityOfPage\":{\"@id\":\"https:\/\/agenciainfra.com\/blog\/tecon-10-defendo-que-mais-players-participem-desde-que-nao-haja-concentracao-de-mercado-diz-costa-filho\/\"},\"wordCount\":341,\"publisher\":{\"@id\":\"https:\/\/agenciainfra.com\/blog\/#organization\"},\"image\":{\"@id\":\"https:\/\/agenciainfra.com\/blog\/tecon-10-defendo-que-mais-players-participem-desde-que-nao-haja-concentracao-de-mercado-diz-costa-filho\/#primaryimage\"},\"thumbnailUrl\":\"https:\/\/agenciainfra.com\/blog\/wp-content\/uploads\/2025\/05\/porto-de-santos-foto-porto-de-santos-1024x767-1.jpeg\",\"keywords\":[\"ANTAQ\",\"infraestrutura portu\u00e1ria\",\"leil\u00e3o do tecon 10\",\"Megaterminal de cont\u00eaineres\",\"Minist\u00e9rio de Portos e Aeroportos\",\"Porto de Santos\",\"Silvio Costa Filho\",\"TCU (Tribunal de Contas da Uni\u00e3o)\",\"Tecon Santos 10\",\"transporte aquavi\u00e1rio\"],\"articleSection\":[\"Destaque lista\",\"Geral\",\"iNFRATransporte\"],\"inLanguage\":\"pt-BR\",\"copyrightYear\":\"2025\",\"copyrightHolder\":{\"@id\":\"https:\/\/agenciainfra.com\/blog\/#organization\"}},{\"@type\":\"WebPage\",\"@id\":\"https:\/\/agenciainfra.com\/blog\/tecon-10-defendo-que-mais-players-participem-desde-que-nao-haja-concentracao-de-mercado-diz-costa-filho\/\",\"url\":\"https:\/\/agenciainfra.com\/blog\/tecon-10-defendo-que-mais-players-participem-desde-que-nao-haja-concentracao-de-mercado-diz-costa-filho\/\",\"name\":\"Tecon 10: \\\"Defendo que mais players participem desde que n\u00e3o haja concentra\u00e7\u00e3o de mercado\\\", diz Costa Filho - Ag\u00eancia iNFRA\",\"isPartOf\":{\"@id\":\"https:\/\/agenciainfra.com\/blog\/#website\"},\"primaryImageOfPage\":{\"@id\":\"https:\/\/agenciainfra.com\/blog\/tecon-10-defendo-que-mais-players-participem-desde-que-nao-haja-concentracao-de-mercado-diz-costa-filho\/#primaryimage\"},\"image\":{\"@id\":\"https:\/\/agenciainfra.com\/blog\/tecon-10-defendo-que-mais-players-participem-desde-que-nao-haja-concentracao-de-mercado-diz-costa-filho\/#primaryimage\"},\"thumbnailUrl\":\"https:\/\/agenciainfra.com\/blog\/wp-content\/uploads\/2025\/05\/porto-de-santos-foto-porto-de-santos-1024x767-1.jpeg\",\"datePublished\":\"2025-07-31T20:28:48+00:00\",\"dateModified\":\"2025-08-01T19:39:28+00:00\",\"breadcrumb\":{\"@id\":\"https:\/\/agenciainfra.com\/blog\/tecon-10-defendo-que-mais-players-participem-desde-que-nao-haja-concentracao-de-mercado-diz-costa-filho\/#breadcrumb\"},\"inLanguage\":\"pt-BR\",\"potentialAction\":[{\"@type\":\"ReadAction\",\"target\":[\"https:\/\/agenciainfra.com\/blog\/tecon-10-defendo-que-mais-players-participem-desde-que-nao-haja-concentracao-de-mercado-diz-costa-filho\/\"]}]},{\"@type\":\"ImageObject\",\"inLanguage\":\"pt-BR\",\"@id\":\"https:\/\/agenciainfra.com\/blog\/tecon-10-defendo-que-mais-players-participem-desde-que-nao-haja-concentracao-de-mercado-diz-costa-filho\/#primaryimage\",\"url\":\"https:\/\/agenciainfra.com\/blog\/wp-content\/uploads\/2025\/05\/porto-de-santos-foto-porto-de-santos-1024x767-1.jpeg\",\"contentUrl\":\"https:\/\/agenciainfra.com\/blog\/wp-content\/uploads\/2025\/05\/porto-de-santos-foto-porto-de-santos-1024x767-1.jpeg\",\"width\":1024,\"height\":767,\"caption\":\"Foto: Porto de Santos\"},{\"@type\":\"BreadcrumbList\",\"@id\":\"https:\/\/agenciainfra.com\/blog\/tecon-10-defendo-que-mais-players-participem-desde-que-nao-haja-concentracao-de-mercado-diz-costa-filho\/#breadcrumb\",\"itemListElement\":[{\"@type\":\"ListItem\",\"position\":1,\"name\":\"In\u00edcio\",\"item\":\"https:\/\/agenciainfra.com\/blog\/\"},{\"@type\":\"ListItem\",\"position\":2,\"name\":\"Tecon 10: &#8220;Defendo que mais players participem desde que n\u00e3o haja concentra\u00e7\u00e3o de mercado&#8221;, diz Costa Filho\"}]},{\"@type\":\"WebSite\",\"@id\":\"https:\/\/agenciainfra.com\/blog\/#website\",\"url\":\"https:\/\/agenciainfra.com\/blog\/\",\"name\":\"Ag\u00eancia iNFRA\",\"description\":\"Multiplataforma de informa\u00e7\u00e3o jornal\u00edstica refer\u00eancia na \u00e1rea de infraestrutura no Brasil!\",\"publisher\":{\"@id\":\"https:\/\/agenciainfra.com\/blog\/#organization\"},\"potentialAction\":[{\"@type\":\"SearchAction\",\"target\":{\"@type\":\"EntryPoint\",\"urlTemplate\":\"https:\/\/agenciainfra.com\/blog\/?s={search_term_string}\"},\"query-input\":{\"@type\":\"PropertyValueSpecification\",\"valueRequired\":true,\"valueName\":\"search_term_string\"}}],\"inLanguage\":\"pt-BR\"},{\"@type\":\"Organization\",\"@id\":\"https:\/\/agenciainfra.com\/blog\/#organization\",\"name\":\"Ag\u00eancia iNFRA\",\"url\":\"https:\/\/agenciainfra.com\/blog\/\",\"logo\":{\"@type\":\"ImageObject\",\"inLanguage\":\"pt-BR\",\"@id\":\"https:\/\/agenciainfra.com\/blog\/#\/schema\/logo\/image\/\",\"url\":\"https:\/\/agenciainfra.com\/blog\/wp-content\/uploads\/2023\/09\/iNFRA_5-e1761735885940.png\",\"contentUrl\":\"https:\/\/agenciainfra.com\/blog\/wp-content\/uploads\/2023\/09\/iNFRA_5-e1761735885940.png\",\"width\":1672,\"height\":454,\"caption\":\"Ag\u00eancia iNFRA\"},\"image\":{\"@id\":\"https:\/\/agenciainfra.com\/blog\/#\/schema\/logo\/image\/\"},\"sameAs\":[\"https:\/\/www.facebook.com\/ageninfra\",\"https:\/\/x.com\/agencia_infra\",\"https:\/\/www.linkedin.com\/company\/ag\u00eanciainfra\/\",\"https:\/\/www.instagram.com\/agenciainfra\/\"]},{\"@type\":\"Person\",\"@id\":\"https:\/\/agenciainfra.com\/blog\/#\/schema\/person\/34af08dff6adea4cb22b06612ba7acfa\",\"name\":\"Ag\u00eancia iNFRA\",\"image\":{\"@type\":\"ImageObject\",\"inLanguage\":\"pt-BR\",\"@id\":\"https:\/\/agenciainfra.com\/blog\/#\/schema\/person\/image\/\",\"url\":\"https:\/\/secure.gravatar.com\/avatar\/d189e01678f06d8eb84d4e01f08eb848b3fffe3f8443818d3c356c66892f5be8?s=96&d=mm&r=g\",\"contentUrl\":\"https:\/\/secure.gravatar.com\/avatar\/d189e01678f06d8eb84d4e01f08eb848b3fffe3f8443818d3c356c66892f5be8?s=96&d=mm&r=g\",\"caption\":\"Ag\u00eancia iNFRA\"},\"url\":\"https:\/\/agenciainfra.com\/blog\/author\/admin\/\"}]}<\/script>\n<!-- \/ Yoast SEO Premium plugin. -->","yoast_head_json":{"title":"Tecon 10: \"Defendo que mais players participem desde que n\u00e3o haja concentra\u00e7\u00e3o de mercado\", diz Costa Filho - Ag\u00eancia iNFRA","robots":{"index":"index","follow":"follow","max-snippet":"max-snippet:-1","max-image-preview":"max-image-preview:large","max-video-preview":"max-video-preview:-1"},"canonical":"https:\/\/agenciainfra.com\/blog\/tecon-10-defendo-que-mais-players-participem-desde-que-nao-haja-concentracao-de-mercado-diz-costa-filho\/","og_locale":"pt_BR","og_type":"article","og_title":"Tecon 10: \"Defendo que mais players participem desde que n\u00e3o haja concentra\u00e7\u00e3o de mercado\", diz Costa Filho","og_description":"da Ag\u00eancia iNFRA O ministro de Portos e Aeroportos, Silvio Costa Filho, reafirmou nesta quinta-feira (31) que a pasta aguardar\u00e1 a decis\u00e3o do TCU (Tribunal de Contas da Uni\u00e3o) sobre o faseamento do leil\u00e3o do megaterminal de cont\u00eaineres no Porto de Santos, o Tecon Santos 10. Ele defendeu o entendimento do colegiado da ANTAQ (Ag\u00eancia [&hellip;]","og_url":"https:\/\/agenciainfra.com\/blog\/tecon-10-defendo-que-mais-players-participem-desde-que-nao-haja-concentracao-de-mercado-diz-costa-filho\/","og_site_name":"Ag\u00eancia iNFRA","article_publisher":"https:\/\/www.facebook.com\/ageninfra","article_published_time":"2025-07-31T20:28:48+00:00","article_modified_time":"2025-08-01T19:39:28+00:00","og_image":[{"width":1024,"height":767,"url":"https:\/\/agenciainfra.com\/blog\/wp-content\/uploads\/2025\/05\/porto-de-santos-foto-porto-de-santos-1024x767-1.jpeg","type":"image\/jpeg"}],"author":"Ag\u00eancia iNFRA","twitter_card":"summary_large_image","twitter_creator":"@agencia_infra","twitter_site":"@agencia_infra","twitter_misc":{"Escrito por":"Ag\u00eancia iNFRA","Est. tempo de leitura":"2 minutos"},"schema":{"@context":"https:\/\/schema.org","@graph":[{"@type":"Article","@id":"https:\/\/agenciainfra.com\/blog\/tecon-10-defendo-que-mais-players-participem-desde-que-nao-haja-concentracao-de-mercado-diz-costa-filho\/#article","isPartOf":{"@id":"https:\/\/agenciainfra.com\/blog\/tecon-10-defendo-que-mais-players-participem-desde-que-nao-haja-concentracao-de-mercado-diz-costa-filho\/"},"author":{"name":"Ag\u00eancia iNFRA","@id":"https:\/\/agenciainfra.com\/blog\/#\/schema\/person\/34af08dff6adea4cb22b06612ba7acfa"},"headline":"Tecon 10: &#8220;Defendo que mais players participem desde que n\u00e3o haja concentra\u00e7\u00e3o de mercado&#8221;, diz Costa Filho","datePublished":"2025-07-31T20:28:48+00:00","dateModified":"2025-08-01T19:39:28+00:00","mainEntityOfPage":{"@id":"https:\/\/agenciainfra.com\/blog\/tecon-10-defendo-que-mais-players-participem-desde-que-nao-haja-concentracao-de-mercado-diz-costa-filho\/"},"wordCount":341,"publisher":{"@id":"https:\/\/agenciainfra.com\/blog\/#organization"},"image":{"@id":"https:\/\/agenciainfra.com\/blog\/tecon-10-defendo-que-mais-players-participem-desde-que-nao-haja-concentracao-de-mercado-diz-costa-filho\/#primaryimage"},"thumbnailUrl":"https:\/\/agenciainfra.com\/blog\/wp-content\/uploads\/2025\/05\/porto-de-santos-foto-porto-de-santos-1024x767-1.jpeg","keywords":["ANTAQ","infraestrutura portu\u00e1ria","leil\u00e3o do tecon 10","Megaterminal de cont\u00eaineres","Minist\u00e9rio de Portos e Aeroportos","Porto de Santos","Silvio Costa Filho","TCU (Tribunal de Contas da Uni\u00e3o)","Tecon Santos 10","transporte aquavi\u00e1rio"],"articleSection":["Destaque lista","Geral","iNFRATransporte"],"inLanguage":"pt-BR","copyrightYear":"2025","copyrightHolder":{"@id":"https:\/\/agenciainfra.com\/blog\/#organization"}},{"@type":"WebPage","@id":"https:\/\/agenciainfra.com\/blog\/tecon-10-defendo-que-mais-players-participem-desde-que-nao-haja-concentracao-de-mercado-diz-costa-filho\/","url":"https:\/\/agenciainfra.com\/blog\/tecon-10-defendo-que-mais-players-participem-desde-que-nao-haja-concentracao-de-mercado-diz-costa-filho\/","name":"Tecon 10: \"Defendo que mais players participem desde que n\u00e3o haja concentra\u00e7\u00e3o de mercado\", diz Costa Filho - Ag\u00eancia iNFRA","isPartOf":{"@id":"https:\/\/agenciainfra.com\/blog\/#website"},"primaryImageOfPage":{"@id":"https:\/\/agenciainfra.com\/blog\/tecon-10-defendo-que-mais-players-participem-desde-que-nao-haja-concentracao-de-mercado-diz-costa-filho\/#primaryimage"},"image":{"@id":"https:\/\/agenciainfra.com\/blog\/tecon-10-defendo-que-mais-players-participem-desde-que-nao-haja-concentracao-de-mercado-diz-costa-filho\/#primaryimage"},"thumbnailUrl":"https:\/\/agenciainfra.com\/blog\/wp-content\/uploads\/2025\/05\/porto-de-santos-foto-porto-de-santos-1024x767-1.jpeg","datePublished":"2025-07-31T20:28:48+00:00","dateModified":"2025-08-01T19:39:28+00:00","breadcrumb":{"@id":"https:\/\/agenciainfra.com\/blog\/tecon-10-defendo-que-mais-players-participem-desde-que-nao-haja-concentracao-de-mercado-diz-costa-filho\/#breadcrumb"},"inLanguage":"pt-BR","potentialAction":[{"@type":"ReadAction","target":["https:\/\/agenciainfra.com\/blog\/tecon-10-defendo-que-mais-players-participem-desde-que-nao-haja-concentracao-de-mercado-diz-costa-filho\/"]}]},{"@type":"ImageObject","inLanguage":"pt-BR","@id":"https:\/\/agenciainfra.com\/blog\/tecon-10-defendo-que-mais-players-participem-desde-que-nao-haja-concentracao-de-mercado-diz-costa-filho\/#primaryimage","url":"https:\/\/agenciainfra.com\/blog\/wp-content\/uploads\/2025\/05\/porto-de-santos-foto-porto-de-santos-1024x767-1.jpeg","contentUrl":"https:\/\/agenciainfra.com\/blog\/wp-content\/uploads\/2025\/05\/porto-de-santos-foto-porto-de-santos-1024x767-1.jpeg","width":1024,"height":767,"caption":"Foto: Porto de Santos"},{"@type":"BreadcrumbList","@id":"https:\/\/agenciainfra.com\/blog\/tecon-10-defendo-que-mais-players-participem-desde-que-nao-haja-concentracao-de-mercado-diz-costa-filho\/#breadcrumb","itemListElement":[{"@type":"ListItem","position":1,"name":"In\u00edcio","item":"https:\/\/agenciainfra.com\/blog\/"},{"@type":"ListItem","position":2,"name":"Tecon 10: &#8220;Defendo que mais players participem desde que n\u00e3o haja concentra\u00e7\u00e3o de mercado&#8221;, diz Costa Filho"}]},{"@type":"WebSite","@id":"https:\/\/agenciainfra.com\/blog\/#website","url":"https:\/\/agenciainfra.com\/blog\/","name":"Ag\u00eancia iNFRA","description":"Multiplataforma de informa\u00e7\u00e3o jornal\u00edstica refer\u00eancia na \u00e1rea de infraestrutura no Brasil!","publisher":{"@id":"https:\/\/agenciainfra.com\/blog\/#organization"},"potentialAction":[{"@type":"SearchAction","target":{"@type":"EntryPoint","urlTemplate":"https:\/\/agenciainfra.com\/blog\/?s={search_term_string}"},"query-input":{"@type":"PropertyValueSpecification","valueRequired":true,"valueName":"search_term_string"}}],"inLanguage":"pt-BR"},{"@type":"Organization","@id":"https:\/\/agenciainfra.com\/blog\/#organization","name":"Ag\u00eancia iNFRA","url":"https:\/\/agenciainfra.com\/blog\/","logo":{"@type":"ImageObject","inLanguage":"pt-BR","@id":"https:\/\/agenciainfra.com\/blog\/#\/schema\/logo\/image\/","url":"https:\/\/agenciainfra.com\/blog\/wp-content\/uploads\/2023\/09\/iNFRA_5-e1761735885940.png","contentUrl":"https:\/\/agenciainfra.com\/blog\/wp-content\/uploads\/2023\/09\/iNFRA_5-e1761735885940.png","width":1672,"height":454,"caption":"Ag\u00eancia iNFRA"},"image":{"@id":"https:\/\/agenciainfra.com\/blog\/#\/schema\/logo\/image\/"},"sameAs":["https:\/\/www.facebook.com\/ageninfra","https:\/\/x.com\/agencia_infra","https:\/\/www.linkedin.com\/company\/ag\u00eanciainfra\/","https:\/\/www.instagram.com\/agenciainfra\/"]},{"@type":"Person","@id":"https:\/\/agenciainfra.com\/blog\/#\/schema\/person\/34af08dff6adea4cb22b06612ba7acfa","name":"Ag\u00eancia iNFRA","image":{"@type":"ImageObject","inLanguage":"pt-BR","@id":"https:\/\/agenciainfra.com\/blog\/#\/schema\/person\/image\/","url":"https:\/\/secure.gravatar.com\/avatar\/d189e01678f06d8eb84d4e01f08eb848b3fffe3f8443818d3c356c66892f5be8?s=96&d=mm&r=g","contentUrl":"https:\/\/secure.gravatar.com\/avatar\/d189e01678f06d8eb84d4e01f08eb848b3fffe3f8443818d3c356c66892f5be8?s=96&d=mm&r=g","caption":"Ag\u00eancia iNFRA"},"url":"https:\/\/agenciainfra.com\/blog\/author\/admin\/"}]}},"_links":{"self":[{"href":"https:\/\/agenciainfra.com\/blog\/wp-json\/wp\/v2\/posts\/25641","targetHints":{"allow":["GET"]}}],"collection":[{"href":"https:\/\/agenciainfra.com\/blog\/wp-json\/wp\/v2\/posts"}],"about":[{"href":"https:\/\/agenciainfra.com\/blog\/wp-json\/wp\/v2\/types\/post"}],"author":[{"embeddable":true,"href":"https:\/\/agenciainfra.com\/blog\/wp-json\/wp\/v2\/users\/1"}],"replies":[{"embeddable":true,"href":"https:\/\/agenciainfra.com\/blog\/wp-json\/wp\/v2\/comments?post=25641"}],"version-history":[{"count":3,"href":"https:\/\/agenciainfra.com\/blog\/wp-json\/wp\/v2\/posts\/25641\/revisions"}],"predecessor-version":[{"id":25700,"href":"https:\/\/agenciainfra.com\/blog\/wp-json\/wp\/v2\/posts\/25641\/revisions\/25700"}],"wp:featuredmedia":[{"embeddable":true,"href":"https:\/\/agenciainfra.com\/blog\/wp-json\/wp\/v2\/media\/22209"}],"wp:attachment":[{"href":"https:\/\/agenciainfra.com\/blog\/wp-json\/wp\/v2\/media?parent=25641"}],"wp:term":[{"taxonomy":"category","embeddable":true,"href":"https:\/\/agenciainfra.com\/blog\/wp-json\/wp\/v2\/categories?post=25641"},{"taxonomy":"post_tag","embeddable":true,"href":"https:\/\/agenciainfra.com\/blog\/wp-json\/wp\/v2\/tags?post=25641"}],"curies":[{"name":"wp","href":"https:\/\/api.w.org\/{rel}","templated":true}]}}