{"id":25676,"date":"2025-08-01T09:00:00","date_gmt":"2025-08-01T12:00:00","guid":{"rendered":"https:\/\/agenciainfra.com\/blog\/?p=25676"},"modified":"2025-08-01T18:32:01","modified_gmt":"2025-08-01T21:32:01","slug":"leilao-do-gsf-aneel-pode-mudar-taxa-de-desconto-apos-certame-avaliam-agentes","status":"publish","type":"post","link":"https:\/\/agenciainfra.com\/blog\/leilao-do-gsf-aneel-pode-mudar-taxa-de-desconto-apos-certame-avaliam-agentes\/","title":{"rendered":"Leil\u00e3o do GSF: ANEEL pode mudar taxa de desconto ap\u00f3s certame, avaliam agentes"},"content":{"rendered":"\n<p class=\"has-text-align-right\"><strong>Lais Carregosa, Marisa Wanzeller e Geraldo Campos Jr., da Ag\u00eancia iNFRA<\/strong><\/p>\n\n\n\n<p>Existe no mercado o receio de que a ANEEL (Ag\u00eancia Nacional de Energia El\u00e9trica) mude a taxa de desconto do leil\u00e3o de passivos do GSF (sigla para risco hidrol\u00f3gico) ap\u00f3s a realiza\u00e7\u00e3o do certame nesta sexta-feira (1\u00ba), disseram fontes \u00e0<strong>\u00a0Ag\u00eancia iNFRA<\/strong>. A reguladora s\u00f3 ir\u00e1 retomar o processo que levantou d\u00favidas sobre o par\u00e2metro na <a href=\"https:\/\/agenciainfra.com\/blog\/aneel-pauta-processo-sobre-leilao-do-gsf-para-proxima-terca-feira-5\/\">pr\u00f3xima ter\u00e7a-feira<\/a> (5).<br><br>A taxa de desconto, ou WACC, \u00e9 considerada um par\u00e2metro importante para o certame porque altera o valor que, ao final do processo, ser\u00e1 convertido na extens\u00e3o da outorga do comprador do passivo \u2013 limitada a sete anos. Ou seja, afeta o interesse dos agentes pelo leil\u00e3o, que visa a transformar \u201ct\u00edtulos podres\u201d de CGHs (Centrais Geradoras Hidrel\u00e9tricas) em ativos regulat\u00f3rios, segundo fontes.<br><br>Est\u00e1 em discuss\u00e3o na ANEEL se o leil\u00e3o do GSF deveria ter o WACC de 10,94% \u2013 valor definido em portaria do MME (Minist\u00e9rio de Minas e Energia) e mais atrativo para os agentes. A reguladora, motivada por um\u00a0<a href=\"https:\/\/agenciainfra.com\/blog\/aneel-adia-processo-sobre-leilao-do-gsf-apos-divergencia-sobre-suspensao-do-certame-marcado-para-sexta\/\" target=\"_blank\" rel=\"noreferrer noopener\">questionamento do diretor Fernando Mosna<\/a>\u00a0em reuni\u00e3o na \u00faltima ter\u00e7a-feira (29), pode reduzir\u00a0para 9,63%.<br><br>Segundo interlocutores, a diferen\u00e7a entre a taxa de desconto de 9,63% e de 10,94% pode aumentar em at\u00e9 dois anos o prazo de outorga das usinas compradoras, dependendo de cada usina. O benef\u00edcio \u00e9 maior para aquelas que possuem outorgas maiores (em anos) e aumenta com a taxa de 10,94%.<br><br>\u201cAo fazer o procedimento simplificado com 10,94%, e o entendimento da ANEEL l\u00e1 na frente for por 9,63%, significa que a empresa pode ter reconhecido menos dias na convers\u00e3o da d\u00edvida por extens\u00e3o de outorga&#8221;, disse uma fonte especialista no tema.<br><br><strong>Comportamento de agentes<\/strong><br>\u00c0\u00a0<strong>Ag\u00eancia iNFRA<\/strong>, agentes do setor avaliaram que os compradores podem apresentar lances levando em conta o WACC de 10,94%, como consta na portaria do MME e no edital, mas tamb\u00e9m considerando uma aplica\u00e7\u00e3o posterior de 9,63%, antecipando-se a uma eventual decis\u00e3o da ANEEL na pr\u00f3xima semana.\u00a0<br><br>Outra possibilidade levantada por pessoas a par do certame \u00e9 de\u00a0os agentes evitarem pagar imediatamente os valores ofertados no leil\u00e3o e decidirem aguardar o c\u00e1lculo de extens\u00e3o da outorga da CCEE (C\u00e2mara de Comercializa\u00e7\u00e3o de Energia), a ser enviado \u00e0 ANEEL.<br><br>Sob anonimato, um agente do setor tamb\u00e9m afirma que a diferen\u00e7a entre uma taxa e outra, se alterada posteriormente pela ANEEL, pode reduzir o \u00e1gio (valor superior ao lance m\u00ednimo estabelecido pela CCEE) a ser repassado para abatimento da CDE (Conta de Desenvolvimento Energ\u00e9tico), conforme o texto da MP (Medida Provis\u00f3ria) 1.300\/2025, que criou o leil\u00e3o. O lance m\u00ednimo estabelecido pela c\u00e2mara \u00e9 de R$ 10 mil para cada t\u00edtulo.\u00a0<br><br>Os interessados no certame tamb\u00e9m falam sobre a possibilidade de judicializa\u00e7\u00e3o. Segundo fontes, antes mesmo da reuni\u00e3o da ANEEL da \u00faltima ter\u00e7a-feira (29), j\u00e1 havia flancos de judicializa\u00e7\u00e3o mapeados. Com a reuni\u00e3o, algumas d\u00favidas foram sanadas e outras agravadas, como \u00e9 o caso da taxa de desconto.<br><br>Para essas fontes, tem pesado a possibilidade de altera\u00e7\u00e3o do par\u00e2metro ap\u00f3s a realiza\u00e7\u00e3o do certame, quando os agentes j\u00e1 teriam aportado garantias financeiras, o que dificultaria a desist\u00eancia.<br><br>A incerteza sobre a taxa de desconto que prevalecer\u00e1 deve guiar os lances a serem dados nesta sexta, disseram. Na avalia\u00e7\u00e3o de fontes, algumas empresas podem ser mais conservadoras, mas, em compensa\u00e7\u00e3o, outros agentes podem ver a situa\u00e7\u00e3o como uma oportunidade e arriscar mais.<br><br><strong>Entenda o certame<\/strong><br>O certame tem como objetivo encerrar um passivo judicial\u00a0sobre o GSF de\u00a0R$ 1,1 bilh\u00e3o no MCP (Mercado de Curto Prazo) em fun\u00e7\u00e3o de liminares obtidas por geradores. Esse valor\u00a0se refere ao passivo das usinas menores, as chamadas CGHs.<br><br>Pelas regras, essas usinas vender\u00e3o pelo maior valor (\u00e1gio) a d\u00edvida judicializada no leil\u00e3o mediante a ren\u00fancia dessas\u00a0a\u00e7\u00f5es judiciais, que ser\u00e1 transformada em ativo regul\u00e1tio. Esse cr\u00e9dito gerado ser\u00e1 oferecido a usinas participantes do MRE (Mecanismo de Realoca\u00e7\u00e3o de Energia), que, ao adquiri-los, ter\u00e3o direito a estender a validade de suas concess\u00f5es de gera\u00e7\u00e3o de energia por at\u00e9 sete anos.<br><br>Esse \u00e9 o terceiro certame do tipo para encerrar as disputas judiciais sobre o GSF. Outros foram autorizados por leis em 2015 (voltado \u00e0s grandes usinas do mercado regulado) e em 2020 (para as grandes usinas do mercado livre). Nesses casos, as hidrel\u00e9tricas renunciaram \u00e0s a\u00e7\u00f5es e pagaram o valor devido mediante a extens\u00e3o da pr\u00f3pria outorga.<br><br>As CGHs ficaram de fora dos dois leil\u00f5es anteriores porque n\u00e3o se encaixavam nessas regras. Ocorre que esse tipo de usina n\u00e3o tem um prazo de outorga definido, sendo uma esp\u00e9cie de autoriza\u00e7\u00e3o vital\u00edcia. Desta forma, a MP 1.300\/2025 permitiu que esses agentes vendam a d\u00edvida para usinas outorgadas do MRE, que ter\u00e3o a extens\u00e3o dos seus contratos ao fazer a compra.<\/p>\n","protected":false},"excerpt":{"rendered":"<p>Lais Carregosa, Marisa Wanzeller e Geraldo Campos Jr., da Ag\u00eancia iNFRA Existe no mercado o receio de que a ANEEL (Ag\u00eancia Nacional de Energia El\u00e9trica) mude a taxa de desconto do leil\u00e3o de passivos do GSF (sigla para risco hidrol\u00f3gico) ap\u00f3s a realiza\u00e7\u00e3o do certame nesta sexta-feira (1\u00ba), disseram fontes \u00e0\u00a0Ag\u00eancia iNFRA. A reguladora s\u00f3 [&hellip;]<\/p>\n","protected":false},"author":1,"featured_media":7459,"comment_status":"closed","ping_status":"closed","sticky":false,"template":"","format":"standard","meta":{"_monsterinsights_skip_tracking":false,"_monsterinsights_sitenote_active":false,"_monsterinsights_sitenote_note":"","_monsterinsights_sitenote_category":0,"footnotes":""},"categories":[7250,1,10],"tags":[53,14,13195,7014,11594,348,14623,13132,13851,7366,71,12770,193,14624],"class_list":["post-25676","post","type-post","status-publish","format-standard","has-post-thumbnail","hentry","category-destaque-lista","category-geral","category-infraenergia","tag-aneel","tag-ccee","tag-desconto-no-fio","tag-fernando-mosna","tag-geraldo-campos-jr","tag-gsf","tag-jr","tag-lais-carregosa","tag-leilao-do-gsf","tag-marisa-wanzeller","tag-mme","tag-reuniao-aneel","tag-risco-hidrologico","tag-taxa-de-desconto"],"yoast_head":"<!-- This site is optimized with the Yoast SEO Premium plugin v25.4 (Yoast SEO v26.0) - https:\/\/yoast.com\/wordpress\/plugins\/seo\/ -->\n<title>Leil\u00e3o do GSF: ANEEL pode mudar taxa de desconto ap\u00f3s certame, avaliam agentes - Ag\u00eancia iNFRA<\/title>\n<meta name=\"robots\" content=\"index, follow, max-snippet:-1, max-image-preview:large, max-video-preview:-1\" \/>\n<link rel=\"canonical\" href=\"https:\/\/agenciainfra.com\/blog\/leilao-do-gsf-aneel-pode-mudar-taxa-de-desconto-apos-certame-avaliam-agentes\/\" \/>\n<meta property=\"og:locale\" content=\"pt_BR\" \/>\n<meta property=\"og:type\" content=\"article\" \/>\n<meta property=\"og:title\" content=\"Leil\u00e3o do GSF: ANEEL pode mudar taxa de desconto ap\u00f3s certame, avaliam agentes\" \/>\n<meta property=\"og:description\" content=\"Lais Carregosa, Marisa Wanzeller e Geraldo Campos Jr., da Ag\u00eancia iNFRA Existe no mercado o receio de que a ANEEL (Ag\u00eancia Nacional de Energia El\u00e9trica) mude a taxa de desconto do leil\u00e3o de passivos do GSF (sigla para risco hidrol\u00f3gico) ap\u00f3s a realiza\u00e7\u00e3o do certame nesta sexta-feira (1\u00ba), disseram fontes \u00e0\u00a0Ag\u00eancia iNFRA. A reguladora s\u00f3 [&hellip;]\" \/>\n<meta property=\"og:url\" content=\"https:\/\/agenciainfra.com\/blog\/leilao-do-gsf-aneel-pode-mudar-taxa-de-desconto-apos-certame-avaliam-agentes\/\" \/>\n<meta property=\"og:site_name\" content=\"Ag\u00eancia iNFRA\" \/>\n<meta property=\"article:publisher\" content=\"https:\/\/www.facebook.com\/ageninfra\" \/>\n<meta property=\"article:published_time\" content=\"2025-08-01T12:00:00+00:00\" \/>\n<meta property=\"article:modified_time\" content=\"2025-08-01T21:32:01+00:00\" \/>\n<meta property=\"og:image\" content=\"https:\/\/agenciainfra.com\/blog\/wp-content\/uploads\/2021\/06\/hidreletrica-foto-cope-divulgacao-e1750264164468.png\" \/>\n\t<meta property=\"og:image:width\" content=\"1280\" \/>\n\t<meta property=\"og:image:height\" content=\"768\" \/>\n\t<meta property=\"og:image:type\" content=\"image\/png\" \/>\n<meta name=\"author\" content=\"Ag\u00eancia iNFRA\" \/>\n<meta name=\"twitter:card\" content=\"summary_large_image\" \/>\n<meta name=\"twitter:creator\" content=\"@agencia_infra\" \/>\n<meta name=\"twitter:site\" content=\"@agencia_infra\" \/>\n<meta name=\"twitter:label1\" content=\"Escrito por\" \/>\n\t<meta name=\"twitter:data1\" content=\"Ag\u00eancia iNFRA\" \/>\n\t<meta name=\"twitter:label2\" content=\"Est. tempo de leitura\" \/>\n\t<meta name=\"twitter:data2\" content=\"4 minutos\" \/>\n<script type=\"application\/ld+json\" class=\"yoast-schema-graph\">{\"@context\":\"https:\/\/schema.org\",\"@graph\":[{\"@type\":\"Article\",\"@id\":\"https:\/\/agenciainfra.com\/blog\/leilao-do-gsf-aneel-pode-mudar-taxa-de-desconto-apos-certame-avaliam-agentes\/#article\",\"isPartOf\":{\"@id\":\"https:\/\/agenciainfra.com\/blog\/leilao-do-gsf-aneel-pode-mudar-taxa-de-desconto-apos-certame-avaliam-agentes\/\"},\"author\":{\"name\":\"Ag\u00eancia iNFRA\",\"@id\":\"https:\/\/agenciainfra.com\/blog\/#\/schema\/person\/34af08dff6adea4cb22b06612ba7acfa\"},\"headline\":\"Leil\u00e3o do GSF: ANEEL pode mudar taxa de desconto ap\u00f3s certame, avaliam agentes\",\"datePublished\":\"2025-08-01T12:00:00+00:00\",\"dateModified\":\"2025-08-01T21:32:01+00:00\",\"mainEntityOfPage\":{\"@id\":\"https:\/\/agenciainfra.com\/blog\/leilao-do-gsf-aneel-pode-mudar-taxa-de-desconto-apos-certame-avaliam-agentes\/\"},\"wordCount\":857,\"publisher\":{\"@id\":\"https:\/\/agenciainfra.com\/blog\/#organization\"},\"image\":{\"@id\":\"https:\/\/agenciainfra.com\/blog\/leilao-do-gsf-aneel-pode-mudar-taxa-de-desconto-apos-certame-avaliam-agentes\/#primaryimage\"},\"thumbnailUrl\":\"https:\/\/agenciainfra.com\/blog\/wp-content\/uploads\/2021\/06\/hidreletrica-foto-cope-divulgacao-e1750264164468.png\",\"keywords\":[\"ANEEL\",\"ccee\",\"desconto no fio\",\"Fernando Mosna\",\"Geraldo Campos Jr.\",\"GSF\",\"Jr\",\"Lais Carregosa\",\"leil\u00e3o do GSF\",\"Marisa Wanzeller\",\"MME\",\"reuni\u00e3o aneel\",\"risco hidrol\u00f3gico\",\"taxa de desconto\"],\"articleSection\":[\"Destaque lista\",\"Geral\",\"iNFRAEnergia\"],\"inLanguage\":\"pt-BR\",\"copyrightYear\":\"2025\",\"copyrightHolder\":{\"@id\":\"https:\/\/agenciainfra.com\/blog\/#organization\"}},{\"@type\":\"WebPage\",\"@id\":\"https:\/\/agenciainfra.com\/blog\/leilao-do-gsf-aneel-pode-mudar-taxa-de-desconto-apos-certame-avaliam-agentes\/\",\"url\":\"https:\/\/agenciainfra.com\/blog\/leilao-do-gsf-aneel-pode-mudar-taxa-de-desconto-apos-certame-avaliam-agentes\/\",\"name\":\"Leil\u00e3o do GSF: ANEEL pode mudar taxa de desconto ap\u00f3s certame, avaliam agentes - Ag\u00eancia iNFRA\",\"isPartOf\":{\"@id\":\"https:\/\/agenciainfra.com\/blog\/#website\"},\"primaryImageOfPage\":{\"@id\":\"https:\/\/agenciainfra.com\/blog\/leilao-do-gsf-aneel-pode-mudar-taxa-de-desconto-apos-certame-avaliam-agentes\/#primaryimage\"},\"image\":{\"@id\":\"https:\/\/agenciainfra.com\/blog\/leilao-do-gsf-aneel-pode-mudar-taxa-de-desconto-apos-certame-avaliam-agentes\/#primaryimage\"},\"thumbnailUrl\":\"https:\/\/agenciainfra.com\/blog\/wp-content\/uploads\/2021\/06\/hidreletrica-foto-cope-divulgacao-e1750264164468.png\",\"datePublished\":\"2025-08-01T12:00:00+00:00\",\"dateModified\":\"2025-08-01T21:32:01+00:00\",\"breadcrumb\":{\"@id\":\"https:\/\/agenciainfra.com\/blog\/leilao-do-gsf-aneel-pode-mudar-taxa-de-desconto-apos-certame-avaliam-agentes\/#breadcrumb\"},\"inLanguage\":\"pt-BR\",\"potentialAction\":[{\"@type\":\"ReadAction\",\"target\":[\"https:\/\/agenciainfra.com\/blog\/leilao-do-gsf-aneel-pode-mudar-taxa-de-desconto-apos-certame-avaliam-agentes\/\"]}]},{\"@type\":\"ImageObject\",\"inLanguage\":\"pt-BR\",\"@id\":\"https:\/\/agenciainfra.com\/blog\/leilao-do-gsf-aneel-pode-mudar-taxa-de-desconto-apos-certame-avaliam-agentes\/#primaryimage\",\"url\":\"https:\/\/agenciainfra.com\/blog\/wp-content\/uploads\/2021\/06\/hidreletrica-foto-cope-divulgacao-e1750264164468.png\",\"contentUrl\":\"https:\/\/agenciainfra.com\/blog\/wp-content\/uploads\/2021\/06\/hidreletrica-foto-cope-divulgacao-e1750264164468.png\",\"width\":1280,\"height\":768,\"caption\":\"Foto: Cope\/Divulga\u00e7\u00e3o\"},{\"@type\":\"BreadcrumbList\",\"@id\":\"https:\/\/agenciainfra.com\/blog\/leilao-do-gsf-aneel-pode-mudar-taxa-de-desconto-apos-certame-avaliam-agentes\/#breadcrumb\",\"itemListElement\":[{\"@type\":\"ListItem\",\"position\":1,\"name\":\"In\u00edcio\",\"item\":\"https:\/\/agenciainfra.com\/blog\/\"},{\"@type\":\"ListItem\",\"position\":2,\"name\":\"Leil\u00e3o do GSF: ANEEL pode mudar taxa de desconto ap\u00f3s certame, avaliam agentes\"}]},{\"@type\":\"WebSite\",\"@id\":\"https:\/\/agenciainfra.com\/blog\/#website\",\"url\":\"https:\/\/agenciainfra.com\/blog\/\",\"name\":\"Ag\u00eancia iNFRA\",\"description\":\"Multiplataforma de informa\u00e7\u00e3o jornal\u00edstica refer\u00eancia na \u00e1rea de infraestrutura no Brasil!\",\"publisher\":{\"@id\":\"https:\/\/agenciainfra.com\/blog\/#organization\"},\"potentialAction\":[{\"@type\":\"SearchAction\",\"target\":{\"@type\":\"EntryPoint\",\"urlTemplate\":\"https:\/\/agenciainfra.com\/blog\/?s={search_term_string}\"},\"query-input\":{\"@type\":\"PropertyValueSpecification\",\"valueRequired\":true,\"valueName\":\"search_term_string\"}}],\"inLanguage\":\"pt-BR\"},{\"@type\":\"Organization\",\"@id\":\"https:\/\/agenciainfra.com\/blog\/#organization\",\"name\":\"Ag\u00eancia iNFRA\",\"url\":\"https:\/\/agenciainfra.com\/blog\/\",\"logo\":{\"@type\":\"ImageObject\",\"inLanguage\":\"pt-BR\",\"@id\":\"https:\/\/agenciainfra.com\/blog\/#\/schema\/logo\/image\/\",\"url\":\"https:\/\/agenciainfra.com\/blog\/wp-content\/uploads\/2023\/09\/iNFRA_5-e1761735885940.png\",\"contentUrl\":\"https:\/\/agenciainfra.com\/blog\/wp-content\/uploads\/2023\/09\/iNFRA_5-e1761735885940.png\",\"width\":1672,\"height\":454,\"caption\":\"Ag\u00eancia iNFRA\"},\"image\":{\"@id\":\"https:\/\/agenciainfra.com\/blog\/#\/schema\/logo\/image\/\"},\"sameAs\":[\"https:\/\/www.facebook.com\/ageninfra\",\"https:\/\/x.com\/agencia_infra\",\"https:\/\/www.linkedin.com\/company\/ag\u00eanciainfra\/\",\"https:\/\/www.instagram.com\/agenciainfra\/\"]},{\"@type\":\"Person\",\"@id\":\"https:\/\/agenciainfra.com\/blog\/#\/schema\/person\/34af08dff6adea4cb22b06612ba7acfa\",\"name\":\"Ag\u00eancia iNFRA\",\"image\":{\"@type\":\"ImageObject\",\"inLanguage\":\"pt-BR\",\"@id\":\"https:\/\/agenciainfra.com\/blog\/#\/schema\/person\/image\/\",\"url\":\"https:\/\/secure.gravatar.com\/avatar\/d189e01678f06d8eb84d4e01f08eb848b3fffe3f8443818d3c356c66892f5be8?s=96&d=mm&r=g\",\"contentUrl\":\"https:\/\/secure.gravatar.com\/avatar\/d189e01678f06d8eb84d4e01f08eb848b3fffe3f8443818d3c356c66892f5be8?s=96&d=mm&r=g\",\"caption\":\"Ag\u00eancia iNFRA\"},\"url\":\"https:\/\/agenciainfra.com\/blog\/author\/admin\/\"}]}<\/script>\n<!-- \/ Yoast SEO Premium plugin. -->","yoast_head_json":{"title":"Leil\u00e3o do GSF: ANEEL pode mudar taxa de desconto ap\u00f3s certame, avaliam agentes - Ag\u00eancia iNFRA","robots":{"index":"index","follow":"follow","max-snippet":"max-snippet:-1","max-image-preview":"max-image-preview:large","max-video-preview":"max-video-preview:-1"},"canonical":"https:\/\/agenciainfra.com\/blog\/leilao-do-gsf-aneel-pode-mudar-taxa-de-desconto-apos-certame-avaliam-agentes\/","og_locale":"pt_BR","og_type":"article","og_title":"Leil\u00e3o do GSF: ANEEL pode mudar taxa de desconto ap\u00f3s certame, avaliam agentes","og_description":"Lais Carregosa, Marisa Wanzeller e Geraldo Campos Jr., da Ag\u00eancia iNFRA Existe no mercado o receio de que a ANEEL (Ag\u00eancia Nacional de Energia El\u00e9trica) mude a taxa de desconto do leil\u00e3o de passivos do GSF (sigla para risco hidrol\u00f3gico) ap\u00f3s a realiza\u00e7\u00e3o do certame nesta sexta-feira (1\u00ba), disseram fontes \u00e0\u00a0Ag\u00eancia iNFRA. A reguladora s\u00f3 [&hellip;]","og_url":"https:\/\/agenciainfra.com\/blog\/leilao-do-gsf-aneel-pode-mudar-taxa-de-desconto-apos-certame-avaliam-agentes\/","og_site_name":"Ag\u00eancia iNFRA","article_publisher":"https:\/\/www.facebook.com\/ageninfra","article_published_time":"2025-08-01T12:00:00+00:00","article_modified_time":"2025-08-01T21:32:01+00:00","og_image":[{"width":1280,"height":768,"url":"https:\/\/agenciainfra.com\/blog\/wp-content\/uploads\/2021\/06\/hidreletrica-foto-cope-divulgacao-e1750264164468.png","type":"image\/png"}],"author":"Ag\u00eancia iNFRA","twitter_card":"summary_large_image","twitter_creator":"@agencia_infra","twitter_site":"@agencia_infra","twitter_misc":{"Escrito por":"Ag\u00eancia iNFRA","Est. tempo de leitura":"4 minutos"},"schema":{"@context":"https:\/\/schema.org","@graph":[{"@type":"Article","@id":"https:\/\/agenciainfra.com\/blog\/leilao-do-gsf-aneel-pode-mudar-taxa-de-desconto-apos-certame-avaliam-agentes\/#article","isPartOf":{"@id":"https:\/\/agenciainfra.com\/blog\/leilao-do-gsf-aneel-pode-mudar-taxa-de-desconto-apos-certame-avaliam-agentes\/"},"author":{"name":"Ag\u00eancia iNFRA","@id":"https:\/\/agenciainfra.com\/blog\/#\/schema\/person\/34af08dff6adea4cb22b06612ba7acfa"},"headline":"Leil\u00e3o do GSF: ANEEL pode mudar taxa de desconto ap\u00f3s certame, avaliam agentes","datePublished":"2025-08-01T12:00:00+00:00","dateModified":"2025-08-01T21:32:01+00:00","mainEntityOfPage":{"@id":"https:\/\/agenciainfra.com\/blog\/leilao-do-gsf-aneel-pode-mudar-taxa-de-desconto-apos-certame-avaliam-agentes\/"},"wordCount":857,"publisher":{"@id":"https:\/\/agenciainfra.com\/blog\/#organization"},"image":{"@id":"https:\/\/agenciainfra.com\/blog\/leilao-do-gsf-aneel-pode-mudar-taxa-de-desconto-apos-certame-avaliam-agentes\/#primaryimage"},"thumbnailUrl":"https:\/\/agenciainfra.com\/blog\/wp-content\/uploads\/2021\/06\/hidreletrica-foto-cope-divulgacao-e1750264164468.png","keywords":["ANEEL","ccee","desconto no fio","Fernando Mosna","Geraldo Campos Jr.","GSF","Jr","Lais Carregosa","leil\u00e3o do GSF","Marisa Wanzeller","MME","reuni\u00e3o aneel","risco hidrol\u00f3gico","taxa de desconto"],"articleSection":["Destaque lista","Geral","iNFRAEnergia"],"inLanguage":"pt-BR","copyrightYear":"2025","copyrightHolder":{"@id":"https:\/\/agenciainfra.com\/blog\/#organization"}},{"@type":"WebPage","@id":"https:\/\/agenciainfra.com\/blog\/leilao-do-gsf-aneel-pode-mudar-taxa-de-desconto-apos-certame-avaliam-agentes\/","url":"https:\/\/agenciainfra.com\/blog\/leilao-do-gsf-aneel-pode-mudar-taxa-de-desconto-apos-certame-avaliam-agentes\/","name":"Leil\u00e3o do GSF: ANEEL pode mudar taxa de desconto ap\u00f3s certame, avaliam agentes - Ag\u00eancia iNFRA","isPartOf":{"@id":"https:\/\/agenciainfra.com\/blog\/#website"},"primaryImageOfPage":{"@id":"https:\/\/agenciainfra.com\/blog\/leilao-do-gsf-aneel-pode-mudar-taxa-de-desconto-apos-certame-avaliam-agentes\/#primaryimage"},"image":{"@id":"https:\/\/agenciainfra.com\/blog\/leilao-do-gsf-aneel-pode-mudar-taxa-de-desconto-apos-certame-avaliam-agentes\/#primaryimage"},"thumbnailUrl":"https:\/\/agenciainfra.com\/blog\/wp-content\/uploads\/2021\/06\/hidreletrica-foto-cope-divulgacao-e1750264164468.png","datePublished":"2025-08-01T12:00:00+00:00","dateModified":"2025-08-01T21:32:01+00:00","breadcrumb":{"@id":"https:\/\/agenciainfra.com\/blog\/leilao-do-gsf-aneel-pode-mudar-taxa-de-desconto-apos-certame-avaliam-agentes\/#breadcrumb"},"inLanguage":"pt-BR","potentialAction":[{"@type":"ReadAction","target":["https:\/\/agenciainfra.com\/blog\/leilao-do-gsf-aneel-pode-mudar-taxa-de-desconto-apos-certame-avaliam-agentes\/"]}]},{"@type":"ImageObject","inLanguage":"pt-BR","@id":"https:\/\/agenciainfra.com\/blog\/leilao-do-gsf-aneel-pode-mudar-taxa-de-desconto-apos-certame-avaliam-agentes\/#primaryimage","url":"https:\/\/agenciainfra.com\/blog\/wp-content\/uploads\/2021\/06\/hidreletrica-foto-cope-divulgacao-e1750264164468.png","contentUrl":"https:\/\/agenciainfra.com\/blog\/wp-content\/uploads\/2021\/06\/hidreletrica-foto-cope-divulgacao-e1750264164468.png","width":1280,"height":768,"caption":"Foto: Cope\/Divulga\u00e7\u00e3o"},{"@type":"BreadcrumbList","@id":"https:\/\/agenciainfra.com\/blog\/leilao-do-gsf-aneel-pode-mudar-taxa-de-desconto-apos-certame-avaliam-agentes\/#breadcrumb","itemListElement":[{"@type":"ListItem","position":1,"name":"In\u00edcio","item":"https:\/\/agenciainfra.com\/blog\/"},{"@type":"ListItem","position":2,"name":"Leil\u00e3o do GSF: ANEEL pode mudar taxa de desconto ap\u00f3s certame, avaliam agentes"}]},{"@type":"WebSite","@id":"https:\/\/agenciainfra.com\/blog\/#website","url":"https:\/\/agenciainfra.com\/blog\/","name":"Ag\u00eancia iNFRA","description":"Multiplataforma de informa\u00e7\u00e3o jornal\u00edstica refer\u00eancia na \u00e1rea de infraestrutura no Brasil!","publisher":{"@id":"https:\/\/agenciainfra.com\/blog\/#organization"},"potentialAction":[{"@type":"SearchAction","target":{"@type":"EntryPoint","urlTemplate":"https:\/\/agenciainfra.com\/blog\/?s={search_term_string}"},"query-input":{"@type":"PropertyValueSpecification","valueRequired":true,"valueName":"search_term_string"}}],"inLanguage":"pt-BR"},{"@type":"Organization","@id":"https:\/\/agenciainfra.com\/blog\/#organization","name":"Ag\u00eancia iNFRA","url":"https:\/\/agenciainfra.com\/blog\/","logo":{"@type":"ImageObject","inLanguage":"pt-BR","@id":"https:\/\/agenciainfra.com\/blog\/#\/schema\/logo\/image\/","url":"https:\/\/agenciainfra.com\/blog\/wp-content\/uploads\/2023\/09\/iNFRA_5-e1761735885940.png","contentUrl":"https:\/\/agenciainfra.com\/blog\/wp-content\/uploads\/2023\/09\/iNFRA_5-e1761735885940.png","width":1672,"height":454,"caption":"Ag\u00eancia iNFRA"},"image":{"@id":"https:\/\/agenciainfra.com\/blog\/#\/schema\/logo\/image\/"},"sameAs":["https:\/\/www.facebook.com\/ageninfra","https:\/\/x.com\/agencia_infra","https:\/\/www.linkedin.com\/company\/ag\u00eanciainfra\/","https:\/\/www.instagram.com\/agenciainfra\/"]},{"@type":"Person","@id":"https:\/\/agenciainfra.com\/blog\/#\/schema\/person\/34af08dff6adea4cb22b06612ba7acfa","name":"Ag\u00eancia iNFRA","image":{"@type":"ImageObject","inLanguage":"pt-BR","@id":"https:\/\/agenciainfra.com\/blog\/#\/schema\/person\/image\/","url":"https:\/\/secure.gravatar.com\/avatar\/d189e01678f06d8eb84d4e01f08eb848b3fffe3f8443818d3c356c66892f5be8?s=96&d=mm&r=g","contentUrl":"https:\/\/secure.gravatar.com\/avatar\/d189e01678f06d8eb84d4e01f08eb848b3fffe3f8443818d3c356c66892f5be8?s=96&d=mm&r=g","caption":"Ag\u00eancia iNFRA"},"url":"https:\/\/agenciainfra.com\/blog\/author\/admin\/"}]}},"_links":{"self":[{"href":"https:\/\/agenciainfra.com\/blog\/wp-json\/wp\/v2\/posts\/25676","targetHints":{"allow":["GET"]}}],"collection":[{"href":"https:\/\/agenciainfra.com\/blog\/wp-json\/wp\/v2\/posts"}],"about":[{"href":"https:\/\/agenciainfra.com\/blog\/wp-json\/wp\/v2\/types\/post"}],"author":[{"embeddable":true,"href":"https:\/\/agenciainfra.com\/blog\/wp-json\/wp\/v2\/users\/1"}],"replies":[{"embeddable":true,"href":"https:\/\/agenciainfra.com\/blog\/wp-json\/wp\/v2\/comments?post=25676"}],"version-history":[{"count":1,"href":"https:\/\/agenciainfra.com\/blog\/wp-json\/wp\/v2\/posts\/25676\/revisions"}],"predecessor-version":[{"id":25677,"href":"https:\/\/agenciainfra.com\/blog\/wp-json\/wp\/v2\/posts\/25676\/revisions\/25677"}],"wp:featuredmedia":[{"embeddable":true,"href":"https:\/\/agenciainfra.com\/blog\/wp-json\/wp\/v2\/media\/7459"}],"wp:attachment":[{"href":"https:\/\/agenciainfra.com\/blog\/wp-json\/wp\/v2\/media?parent=25676"}],"wp:term":[{"taxonomy":"category","embeddable":true,"href":"https:\/\/agenciainfra.com\/blog\/wp-json\/wp\/v2\/categories?post=25676"},{"taxonomy":"post_tag","embeddable":true,"href":"https:\/\/agenciainfra.com\/blog\/wp-json\/wp\/v2\/tags?post=25676"}],"curies":[{"name":"wp","href":"https:\/\/api.w.org\/{rel}","templated":true}]}}